{"id":37761,"date":"2026-04-30T12:09:08","date_gmt":"2026-04-30T10:09:08","guid":{"rendered":"https:\/\/www.railbaltica.org\/news\/installation-of-facade-and-roof-glazing-has-begun-at-the-new-riga-central-station\/"},"modified":"2026-04-30T13:54:09","modified_gmt":"2026-04-30T11:54:09","slug":"installation-of-facade-and-roof-glazing-has-begun-at-the-new-riga-central-station","status":"publish","type":"news","link":"https:\/\/www.railbaltica.org\/lv\/jaunumi\/installation-of-facade-and-roof-glazing-has-begun-at-the-new-riga-central-station\/","title":{"rendered":"Jaunaj\u0101 R\u012bgas Centr\u0101laj\u0101 stacij\u0101 s\u0101kta\u0113kas fas\u0101des un jumta stiklojuma izb\u016bve"},"content":{"rendered":"<section\n    class=\"align wp-block-hero-page-block relative flex overflow-hidden z-10 mt-20 md:mt-52\"\n>\n            <div\n            class=\"container md:!px-14\"\n        >\n            <div\n                class=\"bg-dark text-white rounded p-4 md:p-10\"\n            >\n                                <div\n    class=\"flex justify-between border-t pt-2.5 my-5 text-sm\"\n>\n    <span>Dalies ar jaunumiem\n<\/span>\n    <ul\n        class=\"flex items-center gap-5\"\n    >\n        <li>\n            <a\n                href=\"https:\/\/www.facebook.com\/sharer\/sharer.php?u=https%3A%2F%2Fwww.railbaltica.org%2Flv%2Fjaunumi%2Finstallation-of-facade-and-roof-glazing-has-begun-at-the-new-riga-central-station%2F\"\n                target=\"_blank\"\n                rel=\"noopener noreferrer\"\n                aria-label=\"Share on Facebook\"\n                class=\"transition-opacity hover:opacity-75\"\n            >\n                <svg\n                    width=\"20\"\n                    height=\"20\"\n                    viewBox=\"0 0 20 20\"\n                    fill=\"none\"\n                    xmlns=\"http:\/\/www.w3.org\/2000\/svg\"\n                >\n                    <path\n                        d=\"M7.5 6.66667H5V10H7.5V20H11.6667V10H14.7017L15 6.66667H11.6667V5.2775C11.6667 4.48167 11.8267 4.16667 12.5958 4.16667H15V0H11.8267C8.83 0 7.5 1.31917 7.5 3.84583V6.66667Z\"\n                        fill=\"white\"\n                    \/>\n                <\/svg>\n            <\/a>\n        <\/li>\n        <li>\n            <a\n                href=\"https:\/\/twitter.com\/intent\/tweet?url=https%3A%2F%2Fwww.railbaltica.org%2Flv%2Fjaunumi%2Finstallation-of-facade-and-roof-glazing-has-begun-at-the-new-riga-central-station%2F&amp;text=Jaunaj%C4%81+R%C4%ABgas+Centr%C4%81laj%C4%81+stacij%C4%81+s%C4%81kta%C4%93kas+fas%C4%81des+un+jumta+stiklojuma+izb%C5%ABve\"\n                target=\"_blank\"\n                rel=\"noopener noreferrer\"\n                aria-label=\"Share on Twitter\"\n                class=\"transition-opacity hover:opacity-75\"\n            >\n                <svg\n                    width=\"20\"\n                    height=\"20\"\n                    viewBox=\"0 0 20 20\"\n                    fill=\"none\"\n                    xmlns=\"http:\/\/www.w3.org\/2000\/svg\"\n                >\n                    <path\n                        d=\"M14.7313 2.68748H17.238L11.763 8.88248L18.2038 17.3125H13.1597L9.20966 12.2L4.68966 17.3125H2.18299L8.03883 10.6866L1.86133 2.68665H7.03216L10.603 7.35998L14.7322 2.68665L14.7313 2.68748ZM13.8522 15.8275H15.2405L6.27716 4.09415H4.78716L13.8522 15.8275Z\"\n                        fill=\"white\"\n                    \/>\n                <\/svg>\n            <\/a>\n        <\/li>\n        <li>\n            <a\n                href=\"https:\/\/www.linkedin.com\/sharing\/share-offsite\/?url=https%3A%2F%2Fwww.railbaltica.org%2Flv%2Fjaunumi%2Finstallation-of-facade-and-roof-glazing-has-begun-at-the-new-riga-central-station%2F\"\n                target=\"_blank\"\n                rel=\"noopener noreferrer\"\n                aria-label=\"Share on LinkedIn\"\n                class=\"transition-opacity hover:opacity-75\"\n            >\n                <svg\n                    width=\"20\"\n                    height=\"20\"\n                    viewBox=\"0 0 20 20\"\n                    fill=\"none\"\n                    xmlns=\"http:\/\/www.w3.org\/2000\/svg\"\n                >\n                    <path\n                        d=\"M18.4097 0.000139829H1.46998C1.27956 -0.00250476 1.09049 0.0323869 0.913553 0.102822C0.73662 0.173257 0.575295 0.277857 0.438791 0.410646C0.302287 0.543436 0.193279 0.701814 0.11799 0.876737C0.0427018 1.05166 0.00260836 1.2397 0 1.43012V18.5699C0.00260836 18.7603 0.0427018 18.9483 0.11799 19.1233C0.193279 19.2982 0.302287 19.4566 0.438791 19.5894C0.575295 19.7221 0.73662 19.8267 0.913553 19.8972C1.09049 19.9676 1.27956 20.0025 1.46998 19.9999H18.4097C18.6002 20.0025 18.7892 19.9676 18.9662 19.8972C19.1431 19.8267 19.3044 19.7221 19.4409 19.5894C19.5774 19.4566 19.6864 19.2982 19.7617 19.1233C19.837 18.9483 19.8771 18.7603 19.8797 18.5699V1.43012C19.8771 1.2397 19.837 1.05166 19.7617 0.876737C19.6864 0.701814 19.5774 0.543436 19.4409 0.410646C19.3044 0.277857 19.1431 0.173257 18.9662 0.102822C18.7892 0.0323869 18.6002 -0.00250476 18.4097 0.000139829ZM6.02992 16.7399H3.02996V7.74003H6.02992V16.7399ZM4.52994 6.48005C4.1162 6.48005 3.71942 6.31569 3.42687 6.02314C3.13431 5.73059 2.96996 5.3338 2.96996 4.92007C2.96996 4.50634 3.13431 4.10955 3.42687 3.817C3.71942 3.52445 4.1162 3.36009 4.52994 3.36009C4.74963 3.33518 4.97211 3.35695 5.1828 3.42398C5.3935 3.491 5.58766 3.60178 5.75258 3.74905C5.91749 3.89632 6.04944 4.07676 6.13979 4.27856C6.23013 4.48036 6.27683 4.69897 6.27683 4.92007C6.27683 5.14117 6.23013 5.35978 6.13979 5.56158C6.04944 5.76338 5.91749 5.94382 5.75258 6.09109C5.58766 6.23836 5.3935 6.34914 5.1828 6.41617C4.97211 6.48319 4.74963 6.50496 4.52994 6.48005ZM16.8498 16.7399H13.8498V11.91C13.8498 10.7 13.4198 9.91 12.3298 9.91C11.9925 9.91247 11.664 10.0183 11.3887 10.2132C11.1133 10.4081 10.9043 10.6827 10.7899 11C10.7116 11.235 10.6777 11.4826 10.6899 11.73V16.7299H7.68989V7.73003H10.6899V9.00001C10.9624 8.52713 11.3587 8.13755 11.8363 7.87323C12.3138 7.60892 12.8544 7.47989 13.3998 7.50003C15.3998 7.50003 16.8498 8.79002 16.8498 11.56V16.7399Z\"\n                        fill=\"white\"\n                    \/>\n                <\/svg>\n            <\/a>\n        <\/li>\n        <li>\n            <button\n                type=\"button\"\n                class=\"copy-url-btn relative my-auto flex transition-opacity hover:opacity-75\"\n                data-url=\"https:\/\/www.railbaltica.org\/lv\/jaunumi\/installation-of-facade-and-roof-glazing-has-begun-at-the-new-riga-central-station\/\"\n            >\n                <svg\n                    width=\"21\"\n                    height=\"21\"\n                    viewBox=\"0 0 21 21\"\n                    fill=\"none\"\n                    xmlns=\"http:\/\/www.w3.org\/2000\/svg\"\n                >\n                    <path\n                        d=\"M10.5205 20C15.7661 20 20 15.7455 20 10.4795C20 5.23392 15.7661 1 10.5205 1M10.5205 20C5.25446 20 1 15.7455 1 10.4795C1 5.23392 5.25446 1 10.5205 1M10.5205 20V1M18.7429 5.75H2.26324M18.7958 15.1345H2.21035M1.05135 10.5H19.9486M10.5103 20C13.1333 20 15.25 15.7455 15.25 10.4795C15.25 5.23392 13.1333 1 10.5103 1C7.87697 1 5.75 5.23392 5.75 10.4795C5.75 15.7455 7.87697 20 10.5103 20Z\"\n                        stroke=\"white\"\n                        stroke-linecap=\"round\"\n                        stroke-linejoin=\"round\"\n                    \/>\n                <\/svg>\n                <span\n                    class=\"absolute hidden translate-x-[-10px] translate-y-[30px]\"\n                >Copied!<\/span>\n            <\/button>\n        <\/li>\n    <\/ul>\n<\/div>\n\n                                    <time\n                        datetime=\"\"\n                        class=\"mb-2.5 flex text-xl text-blue\"\n                    >\n                        30.04.2026\n                    <\/time>\n                \n                                    <h1 class='h1 max-w-198'>\n            Jaunaj\u0101 R\u012bgas Centr\u0101laj\u0101 stacij\u0101 s\u0101kta \u0113kas fas\u0101des un jumta stiklojuma izb\u016bve\n        <\/h1>\n                \n                                    <div\n                        class=\"js-gallery-item relative mt-5\"\n                        data-media='[{&quot;description&quot;:&quot;&quot;,&quot;gallery&quot;:&quot;gallery-69f360342a05a&quot;,&quot;id&quot;:37746,&quot;href&quot;:&quot;https:\\\/\\\/www.railbaltica.org\\\/wp-content\\\/uploads\\\/2026\\\/04\\\/Rail-Baltica-RCS-jumta-stiklojuma-izbuve-1.jpg&quot;,&quot;type&quot;:&quot;image&quot;,&quot;alt&quot;:&quot;&quot;},{&quot;description&quot;:&quot;&quot;,&quot;gallery&quot;:&quot;gallery-69f360342a05a&quot;,&quot;id&quot;:37750,&quot;href&quot;:&quot;https:\\\/\\\/www.railbaltica.org\\\/wp-content\\\/uploads\\\/2026\\\/04\\\/Rail-Baltica-RCS-jumta-stiklojuma-izbuve-2.jpg&quot;,&quot;type&quot;:&quot;image&quot;,&quot;alt&quot;:&quot;&quot;},{&quot;description&quot;:&quot;&quot;,&quot;gallery&quot;:&quot;gallery-69f360342a05a&quot;,&quot;id&quot;:37754,&quot;href&quot;:&quot;https:\\\/\\\/www.railbaltica.org\\\/wp-content\\\/uploads\\\/2026\\\/04\\\/Rail-Baltica-RCS-jumta-stiklojuma-izbuve-3.jpg&quot;,&quot;type&quot;:&quot;image&quot;,&quot;alt&quot;:&quot;&quot;}]'\n                        data-gallery=\"gallery-69f360342a05a\"\n                    >\n                                                    <span\n                                class=\"absolute right-1 bottom-1 p-1 bg-dark\/75 text-4xl  rounded z-20 pointer-events-none sm:right-0 sm:bottom-0 sm:p-3 sm:text-5xl\"\n                            >\n                                +3\n                            <\/span>\n                                                <div\n                            class=\"grid gap-5 max-sm:[&#038;_*:not(:first-child)]:hidden sm:grid-cols-2\"\n                        >\n                                                                                                <div\n                                        class=\"group relative z-10 overflow-hidden rounded pb-[70%]\"\n                                        data-index=\"0\"\n                                    >\n                                        <img decoding=\"async\"\n        src=\"https:\/\/www.railbaltica.org\/wp-content\/uploads\/2026\/04\/Rail-Baltica-RCS-jumta-stiklojuma-izbuve-1.jpg\"\n        alt=\"Rail Baltica RCS jumta stiklojuma izb\u016bve 1\"\n         title=\"Rail Baltica RCS jumta stiklojuma izb\u016bve 1\"         class=\"block img-cover duration-300 group-hover:scale-[1.05] cursor-pointer\"\n        loading=\"lazy\"\n    \/>\n                                    <\/div>\n                                                                                                                                <div\n                                        class=\"group relative z-10 overflow-hidden rounded pb-[70%]\"\n                                        data-index=\"1\"\n                                    >\n                                        <img decoding=\"async\"\n        src=\"https:\/\/www.railbaltica.org\/wp-content\/uploads\/2026\/04\/Rail-Baltica-RCS-jumta-stiklojuma-izbuve-2.jpg\"\n        alt=\"Rail Baltica RCS jumta stiklojuma izb\u016bve 2\"\n         title=\"Rail Baltica RCS jumta stiklojuma izb\u016bve 2\"         class=\"block img-cover duration-300 group-hover:scale-[1.05] cursor-pointer\"\n        loading=\"lazy\"\n    \/>\n                                    <\/div>\n                                                                                    <\/div>\n                    <\/div>\n                            <\/div>\n        <\/div>\n    <\/section>\n\n\n<section\n    class=\"overflow-hidden py-5 md:pt-10 md:pb-5 align wp-block-excerpt-block !pb-[0]\"\n>\n    <div\n        class=\"container relative flex flex-col items-start z-10 md:text-xl lg:!px-4\"\n    >\n                    <div\n                class=\"textual w-full text-dark text-xl lg:px-12 md:mx-auto md:max-w-222 md:text-xl\"\n            >\n                <p><strong>Jaunaj\u0101 R\u012bgas Centr\u0101l\u0101s stacijas \u0113kas dienvidu da\u013c\u0101 s\u0101kta fas\u0101des un jumta stiklojuma izb\u016bve. T\u0101pat uzs\u0101kti nosl\u0113dzo\u0161ie stikla da\u013cu mont\u0101\u017eas darbi pasa\u017eieru nojum\u0113s virs platform\u0101m. Pl\u0101nots, ka stiklojuma izb\u016bves darbi ilgs aptuveni 3\u20134 m\u0113ne\u0161us, atkar\u012bb\u0101 no laikapst\u0101k\u013ciem. Rezult\u0101t\u0101 stacijas \u0113ka arvien vair\u0101k ieg\u016bs t\u0101s iecer\u0113to arhitektonisko veidolu, k\u0101ds l\u012bdz \u0161im redz\u0113ts tikai vizualiz\u0101cij\u0101s. Kop\u0113jais jaun\u0101s stacijas \u0113kas stiklojuma apjoms ir 1500 m\u00b2.<\/strong><\/p>\n\n            <\/div>\n            <\/div>\n<\/section>\n\n\n<section\n    class=\"py-5 md:py-10 align wp-block-textual-block\"\n>\n    <div\n        class=\"container\"\n    >\n        <div\n            class=\"textual w-full text-xl text-dark break-words [&#038;_span]:!text-dark [&#038;_a]:!text-dark\"\n        >\n                            <p>\u201cRail Baltica R\u012bgas centr\u0101l\u0101s stacijas \u0113kas dienvidu da\u013c\u0101 tas ir noz\u012bm\u012bgs b\u016bvniec\u012bbas posms, kas b\u016btiski main\u012bs stacijas vizu\u0101lo identit\u0101ti un iez\u012bm\u0113s t\u0101s p\u0101rtap\u0161anu par m\u016bsdien\u012bgu, Eiropas l\u012bme\u0146a transporta mezglu. Pilna dzelzce\u013ca sist\u0113mu izb\u016bve v\u0113l turpin\u0101sies ar\u012b n\u0101kamajos gados.\u00a0 Pl\u0101nots, ka vilcienu satiksme pilnv\u0113rt\u012bgi var\u0113s izmantot stacijas dienvidu da\u013cu no 2028. gada vasaras, savuk\u0101rt savienojums ar Rail Baltica staciju pie lidostas paredz\u0113ts 2029. gada nogal\u0113,\u201d\u00a0 Rail Baltica nacion\u0101l\u0101 ievies\u0113ja, SIA \u201cEiropas Dzelzce\u013ca l\u012bnijas\u201d valdes loceklis <strong>J\u0101nis Naglis<\/strong>.<\/p>\n<p>B\u016bvdarbi jaun\u0101s R\u012bgas Centr\u0101l\u0101s stacijas dienvidu da\u013c\u0101 \u0161obr\u012bd notiek atbilsto\u0161i Rail Baltica nacion\u0101l\u0101 ievies\u0113ja Latvij\u0101, SIA \u201cEiropas Dzelzce\u013ca l\u012bnijas\u201d (EDzL) nosl\u0113gt\u0101 l\u012bguma ar Centr\u0101lo finan\u0161u un l\u012bgumu a\u0123ent\u016bru (CFLA) par projekta Nr. 1.1.1.1.i.2\/2\/25\/I\/CFLA\/001 \u201eUzlabot pasa\u017eieru infrastrukt\u016bru, izb\u016bv\u0113jot R\u012bgas Centr\u0101l\u0101s dzelzce\u013ca stacijas dienvidu da\u013cu\u201d \u012bsteno\u0161anu. Kop\u0113j\u0101s \u0161\u012bs finans\u0113juma l\u012bguma izmaksas pl\u0101notas 138 699 855.80 EUR apm\u0113r\u0101, t.sk. Atvese\u013co\u0161anas fonda finans\u0113jums 114 627\u00a0980.00 EUR, valsts bud\u017eeta finans\u0113jums 24 071 875.80 EUR. L\u012bgums tika parakst\u012bts 2025. gada novembr\u012b, un tas paredz, ka projekta \u012bsteno\u0161anas gait\u0101 b\u016btiskie darbi, proti, jumta iekl\u0101\u0161ana, fas\u0101des b\u016bvniec\u012bbas, platformu nojumes b\u016bvniec\u012bba, apdares darbi, pasa\u017eieru piek\u013cuves infrastrukt\u016bras b\u016bvniec\u012bba, t\u0101pat meh\u0101niskie, elektr\u012bbas un santehnikas darbi tiek pabeigti l\u012bdz 2026. gada 31. augustam, par ko tiks izdots b\u016btisko darbu pabeig\u0161anas apliecin\u0101jums.<\/p>\n<p>B\u016bvdarbus objekt\u0101 veic b\u016bvnieku pilnsabiedr\u012bba BERERIX.<\/p>\n<p>\u201c\u0160obr\u012bd b\u016bvdarbi turpin\u0101s saska\u0146\u0101 ar pl\u0101nu, lai \u0161\u012b gada otraj\u0101 pus\u0113 nodotu pas\u016bt\u012bt\u0101jam stacijas \u0113kas dienvidu da\u013cu, t.sk. platformas, \u0113ka inform\u0101cijas sist\u0113mas un nepiecie\u0161amo infrastrukt\u016bru. Eiropas Atvese\u013co\u0161an\u0101s fonda pie\u0161\u0137irt\u0101 finans\u0113juma izmanto\u0161anas viens no nosac\u012bjumiem bija \u013coti \u012bss b\u016bvniec\u012bbas laiks. Tas mums k\u0101 b\u016bvniekam pras\u012bja \u013coti augstu darba resursu mobiliz\u0101ciju, lai saska\u0146otu pasaules ra\u017eot\u0101ju un pieg\u0101d\u0101t\u0101ju grafiku ar b\u016bvdarbu grafiku Latvij\u0101 un m\u016bsu ziemu. Es uzskatu, ka BERERIX \u0161o veic godam un projekts no m\u016bsu puses tiks nodots laik\u0101 un atbilsto\u0161i pras\u012bb\u0101m,\u201d uzsver <strong>Guntis \u0100bolti\u0146\u0161-\u0100boli\u0146\u0161<\/strong>,\u00a0 pilnsabiedr\u012bbas BERERIX izpilddirektors.<\/p>\n<p>2026 gada s\u0101kum\u0101 BERERIX veiksm\u012bgi pabeidza jaun\u0101s R\u012bgas Centr\u0101l\u0101s stacijas jumta neso\u0161o met\u0101la konstrukciju izb\u016bvi, un turpina ar jumta izol\u0101cijas sl\u0101\u0146u izb\u016bvi un met\u0101la arhitektonisko pl\u0101k\u0161\u0146u instal\u0113\u0161anu. T\u0101pat ir pabeigtas pasa\u017eieru nojumju neso\u0161\u0101s konstrukcijas, kas veido vienotu l\u012bniju vis\u0101 platformu garum\u0101 \u2013 no jaun\u0101s stacijas \u0113kas l\u012bdz liftu ieej\u0101m, uz trim jaunuzb\u016bv\u0113taj\u0101m platform\u0101m.<\/p>\n<p>FIDIC In\u017eeniera, b\u016bvuzraudz\u012bbas un b\u016bvekspert\u012bzes pien\u0101kumus objekt\u0101 veic Sabiedr\u012bba ar ierobe\u017eotu atbild\u012bbu \u201cFORMA 2\u201d.<\/p>\n<p>L\u012bgums paredz, ka projekta \u012bsteno\u0161an\u0101 k\u0101 partneris iesaist\u0101s valsts akciju sabiedr\u012bba \u201cLatvijas dzelzce\u013c\u0161\u201d (LDz). LDz k\u0101 potenci\u0101lais infrastrukt\u016bras p\u0101rvald\u012bt\u0101js akt\u012bvi piedal\u0101s RCS b\u016bves nodo\u0161anas un p\u0101rvald\u012b\u0161anas jaut\u0101jumu risin\u0101\u0161an\u0101, lai savlaic\u012bgi nodro\u0161in\u0101tu p\u0101rvaldnieka funkciju izpildei nepiecie\u0161amo inform\u0101ciju un tehnisko gatav\u012bbu.<\/p>\n<p>R\u012bgas Centr\u0101l\u0101s dzelzce\u013ca stacijas \u0113kas dienvidu da\u013ca k\u0101 pilnv\u0113rt\u012bga pasa\u017eieru stacija savas funkcijas var\u0113s pild\u012bt p\u0113c 1520 mm slie\u017eu infrastrukt\u016bras izb\u016bves darbu pabeig\u0161anas. Gala nodo\u0161ana ekspluat\u0101cij\u0101 piln\u0101 apjom\u0101 ir saist\u012bta ar 1520 mm dzelzce\u013ca infrastrukt\u016bras pabeig\u0161anu dienvidu da\u013c\u0101, kas \u0161obr\u012bd pl\u0101nota 2028. gada vid\u016b.<\/p>\n\n                    <\/div>\n    <\/div>\n<\/section>\n\n\n<section\n    class=\"overflow-hidden py-5 md:pt-5 md:pb-10 align wp-block-button-cta-block !pt-[0]\"\n>\n    <div\n        class=\"container w-full relative flex flex-col items-start z-10\"\n    >\n        <div\n            class=\"w-full border-t border-dark pt-5 mt-4 md:mt-5 md:pt-10\"\n        >\n        <\/div>\n\n                    <a\n        href=\"\/news\/\"\n                class=\"btn-outline-dark mx-auto\"\n    >\n        \n        Return to all news\n        \n        \n    <\/a>\n            <\/div>\n<\/section>\n","protected":false},"excerpt":{"rendered":"<p>Jaunaj\u0101 R\u012bgas Centr\u0101l\u0101s stacijas \u0113kas dienvidu da\u013c\u0101 s\u0101kta fas\u0101des un jumta stiklojuma izb\u016bve. T\u0101pat uzs\u0101kti nosl\u0113dzo\u0161ie stikla da\u013cu mont\u0101\u017eas darbi pasa\u017eieru nojum\u0113s virs platform\u0101m. Pl\u0101nots, ka stiklojuma izb\u016bves darbi ilgs aptuveni 3\u20134 m\u0113ne\u0161us, atkar\u012bb\u0101 no laikapst\u0101k\u013ciem. Rezult\u0101t\u0101 stacijas \u0113ka arvien vair\u0101k ieg\u016bs t\u0101s iecer\u0113to arhitektonisko veidolu, k\u0101ds l\u012bdz \u0161im redz\u0113ts tikai vizualiz\u0101cij\u0101s. Kop\u0113jais jaun\u0101s stacijas \u0113kas stiklojuma apjoms ir 1500 m\u00b2.<\/p>\n","protected":false},"featured_media":37758,"template":"","news_category":[714],"class_list":["post-37761","news","type-news","status-publish","has-post-thumbnail","hentry","news_category-edzl-2-lv"],"acf":[],"yoast_head":"<!-- This site is optimized with the Yoast SEO plugin v27.5 - https:\/\/yoast.com\/product\/yoast-seo-wordpress\/ -->\n<title>Jaunaj\u0101 R\u012bgas Centr\u0101laj\u0101 stacij\u0101 s\u0101kta\u0113kas fas\u0101des un jumta stiklojuma izb\u016bve - RB<\/title>\n<meta name=\"robots\" content=\"index, follow, max-snippet:-1, max-image-preview:large, max-video-preview:-1\" \/>\n<link rel=\"canonical\" href=\"https:\/\/www.railbaltica.org\/lv\/jaunumi\/installation-of-facade-and-roof-glazing-has-begun-at-the-new-riga-central-station\/\" \/>\n<meta property=\"og:locale\" content=\"lv_LV\" \/>\n<meta property=\"og:type\" content=\"article\" \/>\n<meta property=\"og:title\" content=\"Jaunaj\u0101 R\u012bgas Centr\u0101laj\u0101 stacij\u0101 s\u0101kta\u0113kas fas\u0101des un jumta stiklojuma izb\u016bve - RB\" \/>\n<meta property=\"og:description\" content=\"Jaunaj\u0101 R\u012bgas Centr\u0101l\u0101s stacijas \u0113kas dienvidu da\u013c\u0101 s\u0101kta fas\u0101des un jumta stiklojuma izb\u016bve. T\u0101pat uzs\u0101kti nosl\u0113dzo\u0161ie stikla da\u013cu mont\u0101\u017eas darbi pasa\u017eieru nojum\u0113s virs platform\u0101m. Pl\u0101nots, ka stiklojuma izb\u016bves darbi ilgs aptuveni 3\u20134 m\u0113ne\u0161us, atkar\u012bb\u0101 no laikapst\u0101k\u013ciem. Rezult\u0101t\u0101 stacijas \u0113ka arvien vair\u0101k ieg\u016bs t\u0101s iecer\u0113to arhitektonisko veidolu, k\u0101ds l\u012bdz \u0161im redz\u0113ts tikai vizualiz\u0101cij\u0101s. Kop\u0113jais jaun\u0101s stacijas \u0113kas stiklojuma apjoms ir 1500 m\u00b2.\" \/>\n<meta property=\"og:url\" content=\"https:\/\/www.railbaltica.org\/lv\/jaunumi\/installation-of-facade-and-roof-glazing-has-begun-at-the-new-riga-central-station\/\" \/>\n<meta property=\"og:site_name\" content=\"RB\" \/>\n<meta property=\"article:modified_time\" content=\"2026-04-30T11:54:09+00:00\" \/>\n<meta property=\"og:image\" content=\"https:\/\/www.railbaltica.org\/wp-content\/uploads\/2026\/04\/Rail-Baltica-RCS-jumta-stiklojuma-izbuve-1-1.jpg\" \/>\n\t<meta property=\"og:image:width\" content=\"1731\" \/>\n\t<meta property=\"og:image:height\" content=\"1154\" \/>\n\t<meta property=\"og:image:type\" content=\"image\/jpeg\" \/>\n<meta name=\"twitter:card\" content=\"summary_large_image\" \/>\n<meta name=\"twitter:label1\" content=\"Est. reading time\" \/>\n\t<meta name=\"twitter:data1\" content=\"1 minute\" \/>\n<script type=\"application\/ld+json\" class=\"yoast-schema-graph\">{\"@context\":\"https:\\\/\\\/schema.org\",\"@graph\":[{\"@type\":\"WebPage\",\"@id\":\"https:\\\/\\\/www.railbaltica.org\\\/lv\\\/jaunumi\\\/installation-of-facade-and-roof-glazing-has-begun-at-the-new-riga-central-station\\\/\",\"url\":\"https:\\\/\\\/www.railbaltica.org\\\/lv\\\/jaunumi\\\/installation-of-facade-and-roof-glazing-has-begun-at-the-new-riga-central-station\\\/\",\"name\":\"Jaunaj\u0101 R\u012bgas Centr\u0101laj\u0101 stacij\u0101 s\u0101kta\u0113kas fas\u0101des un jumta stiklojuma izb\u016bve - RB\",\"isPartOf\":{\"@id\":\"https:\\\/\\\/www.railbaltica.org\\\/#website\"},\"primaryImageOfPage\":{\"@id\":\"https:\\\/\\\/www.railbaltica.org\\\/lv\\\/jaunumi\\\/installation-of-facade-and-roof-glazing-has-begun-at-the-new-riga-central-station\\\/#primaryimage\"},\"image\":{\"@id\":\"https:\\\/\\\/www.railbaltica.org\\\/lv\\\/jaunumi\\\/installation-of-facade-and-roof-glazing-has-begun-at-the-new-riga-central-station\\\/#primaryimage\"},\"thumbnailUrl\":\"https:\\\/\\\/www.railbaltica.org\\\/wp-content\\\/uploads\\\/2026\\\/04\\\/Rail-Baltica-RCS-jumta-stiklojuma-izbuve-1-1.jpg\",\"datePublished\":\"2026-04-30T10:09:08+00:00\",\"dateModified\":\"2026-04-30T11:54:09+00:00\",\"breadcrumb\":{\"@id\":\"https:\\\/\\\/www.railbaltica.org\\\/lv\\\/jaunumi\\\/installation-of-facade-and-roof-glazing-has-begun-at-the-new-riga-central-station\\\/#breadcrumb\"},\"inLanguage\":\"lv-LV\",\"potentialAction\":[{\"@type\":\"ReadAction\",\"target\":[\"https:\\\/\\\/www.railbaltica.org\\\/lv\\\/jaunumi\\\/installation-of-facade-and-roof-glazing-has-begun-at-the-new-riga-central-station\\\/\"]}]},{\"@type\":\"ImageObject\",\"inLanguage\":\"lv-LV\",\"@id\":\"https:\\\/\\\/www.railbaltica.org\\\/lv\\\/jaunumi\\\/installation-of-facade-and-roof-glazing-has-begun-at-the-new-riga-central-station\\\/#primaryimage\",\"url\":\"https:\\\/\\\/www.railbaltica.org\\\/wp-content\\\/uploads\\\/2026\\\/04\\\/Rail-Baltica-RCS-jumta-stiklojuma-izbuve-1-1.jpg\",\"contentUrl\":\"https:\\\/\\\/www.railbaltica.org\\\/wp-content\\\/uploads\\\/2026\\\/04\\\/Rail-Baltica-RCS-jumta-stiklojuma-izbuve-1-1.jpg\",\"width\":1731,\"height\":1154},{\"@type\":\"BreadcrumbList\",\"@id\":\"https:\\\/\\\/www.railbaltica.org\\\/lv\\\/jaunumi\\\/installation-of-facade-and-roof-glazing-has-begun-at-the-new-riga-central-station\\\/#breadcrumb\",\"itemListElement\":[{\"@type\":\"ListItem\",\"position\":1,\"name\":\"Home\",\"item\":\"https:\\\/\\\/www.railbaltica.org\\\/lv\\\/\"},{\"@type\":\"ListItem\",\"position\":2,\"name\":\"Jaunaj\u0101 R\u012bgas Centr\u0101laj\u0101 stacij\u0101 s\u0101kta\u0113kas fas\u0101des un jumta stiklojuma izb\u016bve\"}]},{\"@type\":\"WebSite\",\"@id\":\"https:\\\/\\\/www.railbaltica.org\\\/#website\",\"url\":\"https:\\\/\\\/www.railbaltica.org\\\/\",\"name\":\"RB\",\"description\":\"\",\"potentialAction\":[{\"@type\":\"SearchAction\",\"target\":{\"@type\":\"EntryPoint\",\"urlTemplate\":\"https:\\\/\\\/www.railbaltica.org\\\/?s={search_term_string}\"},\"query-input\":{\"@type\":\"PropertyValueSpecification\",\"valueRequired\":true,\"valueName\":\"search_term_string\"}}],\"inLanguage\":\"lv-LV\"}]}<\/script>\n<!-- \/ Yoast SEO plugin. -->","yoast_head_json":{"title":"Jaunaj\u0101 R\u012bgas Centr\u0101laj\u0101 stacij\u0101 s\u0101kta\u0113kas fas\u0101des un jumta stiklojuma izb\u016bve - RB","robots":{"index":"index","follow":"follow","max-snippet":"max-snippet:-1","max-image-preview":"max-image-preview:large","max-video-preview":"max-video-preview:-1"},"canonical":"https:\/\/www.railbaltica.org\/lv\/jaunumi\/installation-of-facade-and-roof-glazing-has-begun-at-the-new-riga-central-station\/","og_locale":"lv_LV","og_type":"article","og_title":"Jaunaj\u0101 R\u012bgas Centr\u0101laj\u0101 stacij\u0101 s\u0101kta\u0113kas fas\u0101des un jumta stiklojuma izb\u016bve - RB","og_description":"Jaunaj\u0101 R\u012bgas Centr\u0101l\u0101s stacijas \u0113kas dienvidu da\u013c\u0101 s\u0101kta fas\u0101des un jumta stiklojuma izb\u016bve. T\u0101pat uzs\u0101kti nosl\u0113dzo\u0161ie stikla da\u013cu mont\u0101\u017eas darbi pasa\u017eieru nojum\u0113s virs platform\u0101m. Pl\u0101nots, ka stiklojuma izb\u016bves darbi ilgs aptuveni 3\u20134 m\u0113ne\u0161us, atkar\u012bb\u0101 no laikapst\u0101k\u013ciem. Rezult\u0101t\u0101 stacijas \u0113ka arvien vair\u0101k ieg\u016bs t\u0101s iecer\u0113to arhitektonisko veidolu, k\u0101ds l\u012bdz \u0161im redz\u0113ts tikai vizualiz\u0101cij\u0101s. Kop\u0113jais jaun\u0101s stacijas \u0113kas stiklojuma apjoms ir 1500 m\u00b2.","og_url":"https:\/\/www.railbaltica.org\/lv\/jaunumi\/installation-of-facade-and-roof-glazing-has-begun-at-the-new-riga-central-station\/","og_site_name":"RB","article_modified_time":"2026-04-30T11:54:09+00:00","og_image":[{"width":1731,"height":1154,"url":"https:\/\/www.railbaltica.org\/wp-content\/uploads\/2026\/04\/Rail-Baltica-RCS-jumta-stiklojuma-izbuve-1-1.jpg","type":"image\/jpeg"}],"twitter_card":"summary_large_image","twitter_misc":{"Est. reading time":"1 minute"},"schema":{"@context":"https:\/\/schema.org","@graph":[{"@type":"WebPage","@id":"https:\/\/www.railbaltica.org\/lv\/jaunumi\/installation-of-facade-and-roof-glazing-has-begun-at-the-new-riga-central-station\/","url":"https:\/\/www.railbaltica.org\/lv\/jaunumi\/installation-of-facade-and-roof-glazing-has-begun-at-the-new-riga-central-station\/","name":"Jaunaj\u0101 R\u012bgas Centr\u0101laj\u0101 stacij\u0101 s\u0101kta\u0113kas fas\u0101des un jumta stiklojuma izb\u016bve - RB","isPartOf":{"@id":"https:\/\/www.railbaltica.org\/#website"},"primaryImageOfPage":{"@id":"https:\/\/www.railbaltica.org\/lv\/jaunumi\/installation-of-facade-and-roof-glazing-has-begun-at-the-new-riga-central-station\/#primaryimage"},"image":{"@id":"https:\/\/www.railbaltica.org\/lv\/jaunumi\/installation-of-facade-and-roof-glazing-has-begun-at-the-new-riga-central-station\/#primaryimage"},"thumbnailUrl":"https:\/\/www.railbaltica.org\/wp-content\/uploads\/2026\/04\/Rail-Baltica-RCS-jumta-stiklojuma-izbuve-1-1.jpg","datePublished":"2026-04-30T10:09:08+00:00","dateModified":"2026-04-30T11:54:09+00:00","breadcrumb":{"@id":"https:\/\/www.railbaltica.org\/lv\/jaunumi\/installation-of-facade-and-roof-glazing-has-begun-at-the-new-riga-central-station\/#breadcrumb"},"inLanguage":"lv-LV","potentialAction":[{"@type":"ReadAction","target":["https:\/\/www.railbaltica.org\/lv\/jaunumi\/installation-of-facade-and-roof-glazing-has-begun-at-the-new-riga-central-station\/"]}]},{"@type":"ImageObject","inLanguage":"lv-LV","@id":"https:\/\/www.railbaltica.org\/lv\/jaunumi\/installation-of-facade-and-roof-glazing-has-begun-at-the-new-riga-central-station\/#primaryimage","url":"https:\/\/www.railbaltica.org\/wp-content\/uploads\/2026\/04\/Rail-Baltica-RCS-jumta-stiklojuma-izbuve-1-1.jpg","contentUrl":"https:\/\/www.railbaltica.org\/wp-content\/uploads\/2026\/04\/Rail-Baltica-RCS-jumta-stiklojuma-izbuve-1-1.jpg","width":1731,"height":1154},{"@type":"BreadcrumbList","@id":"https:\/\/www.railbaltica.org\/lv\/jaunumi\/installation-of-facade-and-roof-glazing-has-begun-at-the-new-riga-central-station\/#breadcrumb","itemListElement":[{"@type":"ListItem","position":1,"name":"Home","item":"https:\/\/www.railbaltica.org\/lv\/"},{"@type":"ListItem","position":2,"name":"Jaunaj\u0101 R\u012bgas Centr\u0101laj\u0101 stacij\u0101 s\u0101kta\u0113kas fas\u0101des un jumta stiklojuma izb\u016bve"}]},{"@type":"WebSite","@id":"https:\/\/www.railbaltica.org\/#website","url":"https:\/\/www.railbaltica.org\/","name":"RB","description":"","potentialAction":[{"@type":"SearchAction","target":{"@type":"EntryPoint","urlTemplate":"https:\/\/www.railbaltica.org\/?s={search_term_string}"},"query-input":{"@type":"PropertyValueSpecification","valueRequired":true,"valueName":"search_term_string"}}],"inLanguage":"lv-LV"}]}},"_links":{"self":[{"href":"https:\/\/www.railbaltica.org\/lv\/wp-json\/wp\/v2\/news\/37761","targetHints":{"allow":["GET"]}}],"collection":[{"href":"https:\/\/www.railbaltica.org\/lv\/wp-json\/wp\/v2\/news"}],"about":[{"href":"https:\/\/www.railbaltica.org\/lv\/wp-json\/wp\/v2\/types\/news"}],"wp:featuredmedia":[{"embeddable":true,"href":"https:\/\/www.railbaltica.org\/lv\/wp-json\/wp\/v2\/media\/37758"}],"wp:attachment":[{"href":"https:\/\/www.railbaltica.org\/lv\/wp-json\/wp\/v2\/media?parent=37761"}],"wp:term":[{"taxonomy":"news_category","embeddable":true,"href":"https:\/\/www.railbaltica.org\/lv\/wp-json\/wp\/v2\/news_category?post=37761"}],"curies":[{"name":"wp","href":"https:\/\/api.w.org\/{rel}","templated":true}]}}