{"id":36336,"date":"2026-01-23T15:34:40","date_gmt":"2026-01-23T13:34:40","guid":{"rendered":"https:\/\/www.railbaltica.org\/news\/european-commission-representatives-visit-latvia-for-european-semester-consultations\/"},"modified":"2026-01-23T16:33:38","modified_gmt":"2026-01-23T14:33:38","slug":"european-commission-representatives-visit-latvia-for-european-semester-consultations","status":"publish","type":"news","link":"https:\/\/www.railbaltica.org\/lv\/jaunumi\/european-commission-representatives-visit-latvia-for-european-semester-consultations\/","title":{"rendered":"Atvese\u013co\u0161anas fonda ieguld\u012bjums \u013c\u0101vis k\u0101pin\u0101t Rail Baltica R\u012bgas Centr\u0101l\u0101s stacijas b\u016bvniec\u012bbas tempu \u2013 p\u0101rliecin\u0101s Eiropas Komisijas p\u0101rst\u0101vji"},"content":{"rendered":"<section\n    class=\"align wp-block-hero-page-block relative flex overflow-hidden z-10 mt-20 md:mt-52\"\n>\n            <div\n            class=\"container md:!px-14\"\n        >\n            <div\n                class=\"bg-dark text-white rounded p-4 md:p-10\"\n            >\n                                <div\n    class=\"flex justify-between border-t pt-2.5 my-5 text-sm\"\n>\n    <span>Dalies ar jaunumiem\n<\/span>\n    <ul\n        class=\"flex items-center gap-5\"\n    >\n        <li>\n            <a\n                href=\"https:\/\/www.facebook.com\/sharer\/sharer.php?u=https%3A%2F%2Fwww.railbaltica.org%2Flv%2Fjaunumi%2Feuropean-commission-representatives-visit-latvia-for-european-semester-consultations%2F\"\n                target=\"_blank\"\n                rel=\"noopener noreferrer\"\n                aria-label=\"Share on Facebook\"\n                class=\"transition-opacity hover:opacity-75\"\n            >\n                <svg\n                    width=\"20\"\n                    height=\"20\"\n                    viewBox=\"0 0 20 20\"\n                    fill=\"none\"\n                    xmlns=\"http:\/\/www.w3.org\/2000\/svg\"\n                >\n                    <path\n                        d=\"M7.5 6.66667H5V10H7.5V20H11.6667V10H14.7017L15 6.66667H11.6667V5.2775C11.6667 4.48167 11.8267 4.16667 12.5958 4.16667H15V0H11.8267C8.83 0 7.5 1.31917 7.5 3.84583V6.66667Z\"\n                        fill=\"white\"\n                    \/>\n                <\/svg>\n            <\/a>\n        <\/li>\n        <li>\n            <a\n                href=\"https:\/\/twitter.com\/intent\/tweet?url=https%3A%2F%2Fwww.railbaltica.org%2Flv%2Fjaunumi%2Feuropean-commission-representatives-visit-latvia-for-european-semester-consultations%2F&amp;text=Atvese%C4%BCo%C5%A1anas+fonda+ieguld%C4%ABjums+%C4%BC%C4%81vis+k%C4%81pin%C4%81t+Rail+Baltica+R%C4%ABgas+Centr%C4%81l%C4%81s+stacijas+b%C5%ABvniec%C4%ABbas+tempu+%E2%80%93+p%C4%81rliecin%C4%81s+Eiropas+Komisijas+p%C4%81rst%C4%81vji\"\n                target=\"_blank\"\n                rel=\"noopener noreferrer\"\n                aria-label=\"Share on Twitter\"\n                class=\"transition-opacity hover:opacity-75\"\n            >\n                <svg\n                    width=\"20\"\n                    height=\"20\"\n                    viewBox=\"0 0 20 20\"\n                    fill=\"none\"\n                    xmlns=\"http:\/\/www.w3.org\/2000\/svg\"\n                >\n                    <path\n                        d=\"M14.7313 2.68748H17.238L11.763 8.88248L18.2038 17.3125H13.1597L9.20966 12.2L4.68966 17.3125H2.18299L8.03883 10.6866L1.86133 2.68665H7.03216L10.603 7.35998L14.7322 2.68665L14.7313 2.68748ZM13.8522 15.8275H15.2405L6.27716 4.09415H4.78716L13.8522 15.8275Z\"\n                        fill=\"white\"\n                    \/>\n                <\/svg>\n            <\/a>\n        <\/li>\n        <li>\n            <a\n                href=\"https:\/\/www.linkedin.com\/sharing\/share-offsite\/?url=https%3A%2F%2Fwww.railbaltica.org%2Flv%2Fjaunumi%2Feuropean-commission-representatives-visit-latvia-for-european-semester-consultations%2F\"\n                target=\"_blank\"\n                rel=\"noopener noreferrer\"\n                aria-label=\"Share on LinkedIn\"\n                class=\"transition-opacity hover:opacity-75\"\n            >\n                <svg\n                    width=\"20\"\n                    height=\"20\"\n                    viewBox=\"0 0 20 20\"\n                    fill=\"none\"\n                    xmlns=\"http:\/\/www.w3.org\/2000\/svg\"\n                >\n                    <path\n                        d=\"M18.4097 0.000139829H1.46998C1.27956 -0.00250476 1.09049 0.0323869 0.913553 0.102822C0.73662 0.173257 0.575295 0.277857 0.438791 0.410646C0.302287 0.543436 0.193279 0.701814 0.11799 0.876737C0.0427018 1.05166 0.00260836 1.2397 0 1.43012V18.5699C0.00260836 18.7603 0.0427018 18.9483 0.11799 19.1233C0.193279 19.2982 0.302287 19.4566 0.438791 19.5894C0.575295 19.7221 0.73662 19.8267 0.913553 19.8972C1.09049 19.9676 1.27956 20.0025 1.46998 19.9999H18.4097C18.6002 20.0025 18.7892 19.9676 18.9662 19.8972C19.1431 19.8267 19.3044 19.7221 19.4409 19.5894C19.5774 19.4566 19.6864 19.2982 19.7617 19.1233C19.837 18.9483 19.8771 18.7603 19.8797 18.5699V1.43012C19.8771 1.2397 19.837 1.05166 19.7617 0.876737C19.6864 0.701814 19.5774 0.543436 19.4409 0.410646C19.3044 0.277857 19.1431 0.173257 18.9662 0.102822C18.7892 0.0323869 18.6002 -0.00250476 18.4097 0.000139829ZM6.02992 16.7399H3.02996V7.74003H6.02992V16.7399ZM4.52994 6.48005C4.1162 6.48005 3.71942 6.31569 3.42687 6.02314C3.13431 5.73059 2.96996 5.3338 2.96996 4.92007C2.96996 4.50634 3.13431 4.10955 3.42687 3.817C3.71942 3.52445 4.1162 3.36009 4.52994 3.36009C4.74963 3.33518 4.97211 3.35695 5.1828 3.42398C5.3935 3.491 5.58766 3.60178 5.75258 3.74905C5.91749 3.89632 6.04944 4.07676 6.13979 4.27856C6.23013 4.48036 6.27683 4.69897 6.27683 4.92007C6.27683 5.14117 6.23013 5.35978 6.13979 5.56158C6.04944 5.76338 5.91749 5.94382 5.75258 6.09109C5.58766 6.23836 5.3935 6.34914 5.1828 6.41617C4.97211 6.48319 4.74963 6.50496 4.52994 6.48005ZM16.8498 16.7399H13.8498V11.91C13.8498 10.7 13.4198 9.91 12.3298 9.91C11.9925 9.91247 11.664 10.0183 11.3887 10.2132C11.1133 10.4081 10.9043 10.6827 10.7899 11C10.7116 11.235 10.6777 11.4826 10.6899 11.73V16.7299H7.68989V7.73003H10.6899V9.00001C10.9624 8.52713 11.3587 8.13755 11.8363 7.87323C12.3138 7.60892 12.8544 7.47989 13.3998 7.50003C15.3998 7.50003 16.8498 8.79002 16.8498 11.56V16.7399Z\"\n                        fill=\"white\"\n                    \/>\n                <\/svg>\n            <\/a>\n        <\/li>\n        <li>\n            <button\n                type=\"button\"\n                class=\"copy-url-btn relative my-auto flex transition-opacity hover:opacity-75\"\n                data-url=\"https:\/\/www.railbaltica.org\/lv\/jaunumi\/european-commission-representatives-visit-latvia-for-european-semester-consultations\/\"\n            >\n                <svg\n                    width=\"21\"\n                    height=\"21\"\n                    viewBox=\"0 0 21 21\"\n                    fill=\"none\"\n                    xmlns=\"http:\/\/www.w3.org\/2000\/svg\"\n                >\n                    <path\n                        d=\"M10.5205 20C15.7661 20 20 15.7455 20 10.4795C20 5.23392 15.7661 1 10.5205 1M10.5205 20C5.25446 20 1 15.7455 1 10.4795C1 5.23392 5.25446 1 10.5205 1M10.5205 20V1M18.7429 5.75H2.26324M18.7958 15.1345H2.21035M1.05135 10.5H19.9486M10.5103 20C13.1333 20 15.25 15.7455 15.25 10.4795C15.25 5.23392 13.1333 1 10.5103 1C7.87697 1 5.75 5.23392 5.75 10.4795C5.75 15.7455 7.87697 20 10.5103 20Z\"\n                        stroke=\"white\"\n                        stroke-linecap=\"round\"\n                        stroke-linejoin=\"round\"\n                    \/>\n                <\/svg>\n                <span\n                    class=\"absolute hidden translate-x-[-10px] translate-y-[30px]\"\n                >Copied!<\/span>\n            <\/button>\n        <\/li>\n    <\/ul>\n<\/div>\n\n                                    <time\n                        datetime=\"\"\n                        class=\"mb-2.5 flex text-xl text-blue\"\n                    >\n                        23.01.2026\n                    <\/time>\n                \n                                    <h1 class='h1 max-w-198'>\n            Atvese\u013co\u0161anas fonda ieguld\u012bjums \u013c\u0101vis k\u0101pin\u0101t Rail Baltica R\u012bgas Centr\u0101l\u0101s stacijas b\u016bvniec\u012bbas tempu \u2013 p\u0101rliecin\u0101s Eiropas Komisijas p\u0101rst\u0101vji\n        <\/h1>\n                \n                                    <div\n                        class=\"js-gallery-item relative mt-5\"\n                        data-media='[{&quot;description&quot;:&quot;&quot;,&quot;gallery&quot;:&quot;gallery-69f2c0317091b&quot;,&quot;id&quot;:36326,&quot;href&quot;:&quot;https:\\\/\\\/www.railbaltica.org\\\/wp-content\\\/uploads\\\/2026\\\/01\\\/20260121_191228-scaled.jpg&quot;,&quot;type&quot;:&quot;image&quot;,&quot;alt&quot;:&quot;&quot;},{&quot;description&quot;:&quot;&quot;,&quot;gallery&quot;:&quot;gallery-69f2c0317091b&quot;,&quot;id&quot;:36334,&quot;href&quot;:&quot;https:\\\/\\\/www.railbaltica.org\\\/wp-content\\\/uploads\\\/2026\\\/01\\\/20260121_180028-scaled.jpg&quot;,&quot;type&quot;:&quot;image&quot;,&quot;alt&quot;:&quot;&quot;},{&quot;description&quot;:&quot;&quot;,&quot;gallery&quot;:&quot;gallery-69f2c0317091b&quot;,&quot;id&quot;:36330,&quot;href&quot;:&quot;https:\\\/\\\/www.railbaltica.org\\\/wp-content\\\/uploads\\\/2026\\\/01\\\/IMG-20260121-WA0013.jpg&quot;,&quot;type&quot;:&quot;image&quot;,&quot;alt&quot;:&quot;&quot;},{&quot;description&quot;:&quot;&quot;,&quot;gallery&quot;:&quot;gallery-69f2c0317091b&quot;,&quot;id&quot;:36322,&quot;href&quot;:&quot;https:\\\/\\\/www.railbaltica.org\\\/wp-content\\\/uploads\\\/2026\\\/01\\\/20260121_183541-scaled.jpg&quot;,&quot;type&quot;:&quot;image&quot;,&quot;alt&quot;:&quot;&quot;},{&quot;description&quot;:&quot;&quot;,&quot;gallery&quot;:&quot;gallery-69f2c0317091b&quot;,&quot;id&quot;:36318,&quot;href&quot;:&quot;https:\\\/\\\/www.railbaltica.org\\\/wp-content\\\/uploads\\\/2026\\\/01\\\/20260121_190507-scaled.jpg&quot;,&quot;type&quot;:&quot;image&quot;,&quot;alt&quot;:&quot;&quot;}]'\n                        data-gallery=\"gallery-69f2c0317091b\"\n                    >\n                                                    <span\n                                class=\"absolute right-1 bottom-1 p-1 bg-dark\/75 text-4xl  rounded z-20 pointer-events-none sm:right-0 sm:bottom-0 sm:p-3 sm:text-5xl\"\n                            >\n                                +5\n                            <\/span>\n                                                <div\n                            class=\"grid gap-5 max-sm:[&#038;_*:not(:first-child)]:hidden sm:grid-cols-2\"\n                        >\n                                                                                                <div\n                                        class=\"group relative z-10 overflow-hidden rounded pb-[70%]\"\n                                        data-index=\"0\"\n                                    >\n                                        <img decoding=\"async\"\n        src=\"https:\/\/www.railbaltica.org\/wp-content\/uploads\/2026\/01\/20260121_191228-scaled.jpg\"\n        alt=\"20260121_191228\"\n         title=\"20260121_191228\"         class=\"block img-cover duration-300 group-hover:scale-[1.05] cursor-pointer\"\n        loading=\"lazy\"\n    \/>\n                                    <\/div>\n                                                                                                                                <div\n                                        class=\"group relative z-10 overflow-hidden rounded pb-[70%]\"\n                                        data-index=\"1\"\n                                    >\n                                        <img decoding=\"async\"\n        src=\"https:\/\/www.railbaltica.org\/wp-content\/uploads\/2026\/01\/20260121_180028-scaled.jpg\"\n        alt=\"20260121_180028\"\n         title=\"20260121_180028\"         class=\"block img-cover duration-300 group-hover:scale-[1.05] cursor-pointer\"\n        loading=\"lazy\"\n    \/>\n                                    <\/div>\n                                                                                    <\/div>\n                    <\/div>\n                            <\/div>\n        <\/div>\n    <\/section>\n\n\n<section\n    class=\"overflow-hidden py-5 md:pt-10 md:pb-5 align wp-block-excerpt-block !pb-[0]\"\n>\n    <div\n        class=\"container relative flex flex-col items-start z-10 md:text-xl lg:!px-4\"\n    >\n                    <div\n                class=\"textual w-full text-dark text-xl lg:px-12 md:mx-auto md:max-w-222 md:text-xl\"\n            >\n                <p><strong>R\u012bg\u0101 20.-22. janv\u0101r\u012b norisin\u0101j\u0101s\u00a0Eiropas\u00a0Komisijas\u00a0konsult\u0101cijas ar Valsts p\u0101rvaldi, k\u0101 ar\u012b ar nevalstisk\u0101 sektora p\u0101rst\u0101vjiem Eiropas\u00a0pusgada\u00a0procesa kontekst\u0101. <\/strong><\/p>\n\n            <\/div>\n            <\/div>\n<\/section>\n\n\n<section\n    class=\"py-5 md:py-10 align wp-block-textual-block\"\n>\n    <div\n        class=\"container\"\n    >\n        <div\n            class=\"textual w-full text-xl text-dark break-words [&#038;_span]:!text-dark [&#038;_a]:!text-dark\"\n        >\n                            <p><span data-teams=\"true\">\u0160o konsult\u0101ciju m\u0113r\u0137is ir da\u017e\u0101du \u0123ener\u0101ldirektor\u0101tu kol\u0113\u0123iem pal\u012bdz\u0113t lab\u0101k izzin\u0101t aktualit\u0101tes Latvij\u0101 un identific\u0113t jaut\u0101jumus un t\u0113mas, kas var\u0113tu tikt iek\u013cautas 2026. gada Eiropas Komisijas zi\u0146ojum\u0101 par valsti un Latvijai adres\u0113tajos ieteikumos, ko Eiropas Komisija pl\u0101no public\u0113t j\u016bnij\u0101 un kam b\u016bs noz\u012bme ar\u012b t\u0101l\u0101k\u0101 ES fondu programm\u0113\u0161anas kontekst\u0101. <strong>\u0160\u012bs viz\u012btes laik\u0101 Latvij\u0101 viesoj\u0101s vair\u0101k nek\u0101 20\u00a0Eiropas\u00a0Komisijas p\u0101rst\u0101vju \u2013 liel\u0101k\u0101 da\u013ca no tiem bija no\u00a0<\/strong>Reformu un invest\u012bciju darba grupas (SG.REFORM) un Ekonomikas un finan\u0161u lietu \u0123ener\u0101ldirektor\u0101ta<strong>\u00a0<\/strong>(ECFIN<strong>), kas atbild par Atvese\u013co\u0161anas fonda ievie\u0161anu Latvij\u0101.<\/strong><\/span><\/p>\n<p><span data-teams=\"true\">Projekta koordinatora <i>RB Rail<\/i> AS finan\u0161u direktors <strong>Oj\u0101rs Daugavietis<\/strong> un ES fondu departamenta vad\u012bt\u0101js <strong>Dainis Bo\u0161s<\/strong> bija sagatavoju\u0161i p\u0101rskatu par <i>Rail Baltica<\/i> glob\u0101lo projektu, uzsverot: <i>Rail Baltica<\/i> ir jauns savienojums ar Eiropu, kas sniedz ne tikai ekonomiskos ieguvumus un stiprina milit\u0101ro mobilit\u0101ti projekta koridor\u0101, bet ar\u012b ir da\u013ca no diviem kritiski svar\u012bgiem Eiropas transporta t\u012bkla koridoriem: projekts iek\u013caujas Zieme\u013cj\u016bras-Baltijas TEN-T pamatt\u012bkl\u0101 un ir ar\u012b\u00a0da\u013ca no Baltijas j\u016bras\u2013Meln\u0101s j\u016bras\u2013Egejas j\u016bras koridora. Speci\u0101listi skaidroja, ka projekts tiek dal\u012bts ievie\u0161anas posmos, un \u0161obr\u012bd galven\u0101 uzman\u012bba v\u0113rsta uz to, lai izveidotu funkcion\u0113jo\u0161u p\u0101rrobe\u017eu koridoru, kas savieno Igauniju, Latviju un Lietuvu ar Poliju, \u0146emot v\u0113r\u0101 ar\u012b projekta milit\u0101r\u0101s mobilit\u0101tes aspektu. Pieskaroties <i>Rail Baltica<\/i> finans\u0113\u0161anas t\u0113mai, EK p\u0101rst\u0101vjiem atg\u0101din\u0101ja, ka projekts s\u0101kotn\u0113ji finans\u0113ts ar Eiropas infrastrukt\u016bras savieno\u0161anas instrumenta (CEF) l\u012bdzek\u013ciem, bet p\u0113d\u0113jos gados ir piesaist\u012bti ar\u012b citi finans\u0113juma avoti, piem\u0113ram, no Milit\u0101ras mobilit\u0101tes, Koh\u0113zijas un Atvese\u013co\u0161anas fonda. \u201eStabils ES finans\u0113jums n\u0101kamaj\u0101 daudzgadu finan\u0161u sh\u0113m\u0101 ir kritiski svar\u012bgs, un nep\u0101rtraukts atbalsts, izmantojot Eiropas infrastrukt\u016bras savieno\u0161anas instrumenta (CEF) l\u012bdzek\u013cus, ir b\u016btisks, lai sasniegtu <i>Rail Baltica<\/i> strat\u0113\u0123iskos TEN-T un dro\u0161\u012bbas m\u0113r\u0137us,\u201d nor\u0101d\u012bja <strong>O. Daugavietis<\/strong>.<\/span><\/p>\n\n                    <\/div>\n    <\/div>\n<\/section>\n\n\n<section\n    class=\"overflow-hidden py-5 md:pt-5 md:pb-10 align wp-block-button-cta-block !pt-[0]\"\n>\n    <div\n        class=\"container w-full relative flex flex-col items-start z-10\"\n    >\n        <div\n            class=\"w-full border-t border-dark pt-5 mt-4 md:mt-5 md:pt-10\"\n        >\n        <\/div>\n\n                    <a\n        href=\"\/news\/\"\n                class=\"btn-outline-dark mx-auto\"\n    >\n        \n        Return to all news\n        \n        \n    <\/a>\n            <\/div>\n<\/section>\n","protected":false},"excerpt":{"rendered":"<p>R\u012bg\u0101 20.-22. janv\u0101r\u012b norisin\u0101j\u0101s\u00a0Eiropas\u00a0Komisijas\u00a0konsult\u0101cijas ar Valsts p\u0101rvaldi, k\u0101 ar\u012b ar nevalstisk\u0101 sektora p\u0101rst\u0101vjiem Eiropas\u00a0pusgada\u00a0procesa kontekst\u0101.<\/p>\n","protected":false},"featured_media":36326,"template":"","news_category":[],"class_list":["post-36336","news","type-news","status-publish","has-post-thumbnail","hentry"],"acf":[],"yoast_head":"<!-- This site is optimized with the Yoast SEO plugin v27.5 - https:\/\/yoast.com\/product\/yoast-seo-wordpress\/ -->\n<title>Atvese\u013co\u0161anas fonda ieguld\u012bjums \u013c\u0101vis k\u0101pin\u0101t Rail Baltica R\u012bgas Centr\u0101l\u0101s stacijas b\u016bvniec\u012bbas tempu \u2013 p\u0101rliecin\u0101s Eiropas Komisijas p\u0101rst\u0101vji - RB<\/title>\n<meta name=\"robots\" content=\"index, follow, max-snippet:-1, max-image-preview:large, max-video-preview:-1\" \/>\n<link rel=\"canonical\" href=\"https:\/\/www.railbaltica.org\/lv\/jaunumi\/european-commission-representatives-visit-latvia-for-european-semester-consultations\/\" \/>\n<meta property=\"og:locale\" content=\"lv_LV\" \/>\n<meta property=\"og:type\" content=\"article\" \/>\n<meta property=\"og:title\" content=\"Atvese\u013co\u0161anas fonda ieguld\u012bjums \u013c\u0101vis k\u0101pin\u0101t Rail Baltica R\u012bgas Centr\u0101l\u0101s stacijas b\u016bvniec\u012bbas tempu \u2013 p\u0101rliecin\u0101s Eiropas Komisijas p\u0101rst\u0101vji - RB\" \/>\n<meta property=\"og:description\" content=\"R\u012bg\u0101 20.-22. janv\u0101r\u012b norisin\u0101j\u0101s\u00a0Eiropas\u00a0Komisijas\u00a0konsult\u0101cijas ar Valsts p\u0101rvaldi, k\u0101 ar\u012b ar nevalstisk\u0101 sektora p\u0101rst\u0101vjiem Eiropas\u00a0pusgada\u00a0procesa kontekst\u0101.\" \/>\n<meta property=\"og:url\" content=\"https:\/\/www.railbaltica.org\/lv\/jaunumi\/european-commission-representatives-visit-latvia-for-european-semester-consultations\/\" \/>\n<meta property=\"og:site_name\" content=\"RB\" \/>\n<meta property=\"article:modified_time\" content=\"2026-01-23T14:33:38+00:00\" \/>\n<meta property=\"og:image\" content=\"https:\/\/www.railbaltica.org\/wp-content\/uploads\/2026\/01\/20260121_191228-scaled.jpg\" \/>\n\t<meta property=\"og:image:width\" content=\"2560\" \/>\n\t<meta property=\"og:image:height\" content=\"1920\" \/>\n\t<meta property=\"og:image:type\" content=\"image\/jpeg\" \/>\n<meta name=\"twitter:card\" content=\"summary_large_image\" \/>\n<meta name=\"twitter:label1\" content=\"Est. reading time\" \/>\n\t<meta name=\"twitter:data1\" content=\"1 minute\" \/>\n<script type=\"application\/ld+json\" class=\"yoast-schema-graph\">{\"@context\":\"https:\\\/\\\/schema.org\",\"@graph\":[{\"@type\":\"WebPage\",\"@id\":\"https:\\\/\\\/www.railbaltica.org\\\/lv\\\/jaunumi\\\/european-commission-representatives-visit-latvia-for-european-semester-consultations\\\/\",\"url\":\"https:\\\/\\\/www.railbaltica.org\\\/lv\\\/jaunumi\\\/european-commission-representatives-visit-latvia-for-european-semester-consultations\\\/\",\"name\":\"Atvese\u013co\u0161anas fonda ieguld\u012bjums \u013c\u0101vis k\u0101pin\u0101t Rail Baltica R\u012bgas Centr\u0101l\u0101s stacijas b\u016bvniec\u012bbas tempu \u2013 p\u0101rliecin\u0101s Eiropas Komisijas p\u0101rst\u0101vji - RB\",\"isPartOf\":{\"@id\":\"https:\\\/\\\/www.railbaltica.org\\\/#website\"},\"primaryImageOfPage\":{\"@id\":\"https:\\\/\\\/www.railbaltica.org\\\/lv\\\/jaunumi\\\/european-commission-representatives-visit-latvia-for-european-semester-consultations\\\/#primaryimage\"},\"image\":{\"@id\":\"https:\\\/\\\/www.railbaltica.org\\\/lv\\\/jaunumi\\\/european-commission-representatives-visit-latvia-for-european-semester-consultations\\\/#primaryimage\"},\"thumbnailUrl\":\"https:\\\/\\\/www.railbaltica.org\\\/wp-content\\\/uploads\\\/2026\\\/01\\\/20260121_191228-scaled.jpg\",\"datePublished\":\"2026-01-23T13:34:40+00:00\",\"dateModified\":\"2026-01-23T14:33:38+00:00\",\"breadcrumb\":{\"@id\":\"https:\\\/\\\/www.railbaltica.org\\\/lv\\\/jaunumi\\\/european-commission-representatives-visit-latvia-for-european-semester-consultations\\\/#breadcrumb\"},\"inLanguage\":\"lv-LV\",\"potentialAction\":[{\"@type\":\"ReadAction\",\"target\":[\"https:\\\/\\\/www.railbaltica.org\\\/lv\\\/jaunumi\\\/european-commission-representatives-visit-latvia-for-european-semester-consultations\\\/\"]}]},{\"@type\":\"ImageObject\",\"inLanguage\":\"lv-LV\",\"@id\":\"https:\\\/\\\/www.railbaltica.org\\\/lv\\\/jaunumi\\\/european-commission-representatives-visit-latvia-for-european-semester-consultations\\\/#primaryimage\",\"url\":\"https:\\\/\\\/www.railbaltica.org\\\/wp-content\\\/uploads\\\/2026\\\/01\\\/20260121_191228-scaled.jpg\",\"contentUrl\":\"https:\\\/\\\/www.railbaltica.org\\\/wp-content\\\/uploads\\\/2026\\\/01\\\/20260121_191228-scaled.jpg\",\"width\":2560,\"height\":1920},{\"@type\":\"BreadcrumbList\",\"@id\":\"https:\\\/\\\/www.railbaltica.org\\\/lv\\\/jaunumi\\\/european-commission-representatives-visit-latvia-for-european-semester-consultations\\\/#breadcrumb\",\"itemListElement\":[{\"@type\":\"ListItem\",\"position\":1,\"name\":\"Home\",\"item\":\"https:\\\/\\\/www.railbaltica.org\\\/lv\\\/\"},{\"@type\":\"ListItem\",\"position\":2,\"name\":\"Atvese\u013co\u0161anas fonda ieguld\u012bjums \u013c\u0101vis k\u0101pin\u0101t Rail Baltica R\u012bgas Centr\u0101l\u0101s stacijas b\u016bvniec\u012bbas tempu \u2013 p\u0101rliecin\u0101s Eiropas Komisijas p\u0101rst\u0101vji\"}]},{\"@type\":\"WebSite\",\"@id\":\"https:\\\/\\\/www.railbaltica.org\\\/#website\",\"url\":\"https:\\\/\\\/www.railbaltica.org\\\/\",\"name\":\"RB\",\"description\":\"\",\"potentialAction\":[{\"@type\":\"SearchAction\",\"target\":{\"@type\":\"EntryPoint\",\"urlTemplate\":\"https:\\\/\\\/www.railbaltica.org\\\/?s={search_term_string}\"},\"query-input\":{\"@type\":\"PropertyValueSpecification\",\"valueRequired\":true,\"valueName\":\"search_term_string\"}}],\"inLanguage\":\"lv-LV\"}]}<\/script>\n<!-- \/ Yoast SEO plugin. -->","yoast_head_json":{"title":"Atvese\u013co\u0161anas fonda ieguld\u012bjums \u013c\u0101vis k\u0101pin\u0101t Rail Baltica R\u012bgas Centr\u0101l\u0101s stacijas b\u016bvniec\u012bbas tempu \u2013 p\u0101rliecin\u0101s Eiropas Komisijas p\u0101rst\u0101vji - RB","robots":{"index":"index","follow":"follow","max-snippet":"max-snippet:-1","max-image-preview":"max-image-preview:large","max-video-preview":"max-video-preview:-1"},"canonical":"https:\/\/www.railbaltica.org\/lv\/jaunumi\/european-commission-representatives-visit-latvia-for-european-semester-consultations\/","og_locale":"lv_LV","og_type":"article","og_title":"Atvese\u013co\u0161anas fonda ieguld\u012bjums \u013c\u0101vis k\u0101pin\u0101t Rail Baltica R\u012bgas Centr\u0101l\u0101s stacijas b\u016bvniec\u012bbas tempu \u2013 p\u0101rliecin\u0101s Eiropas Komisijas p\u0101rst\u0101vji - RB","og_description":"R\u012bg\u0101 20.-22. janv\u0101r\u012b norisin\u0101j\u0101s\u00a0Eiropas\u00a0Komisijas\u00a0konsult\u0101cijas ar Valsts p\u0101rvaldi, k\u0101 ar\u012b ar nevalstisk\u0101 sektora p\u0101rst\u0101vjiem Eiropas\u00a0pusgada\u00a0procesa kontekst\u0101.","og_url":"https:\/\/www.railbaltica.org\/lv\/jaunumi\/european-commission-representatives-visit-latvia-for-european-semester-consultations\/","og_site_name":"RB","article_modified_time":"2026-01-23T14:33:38+00:00","og_image":[{"width":2560,"height":1920,"url":"https:\/\/www.railbaltica.org\/wp-content\/uploads\/2026\/01\/20260121_191228-scaled.jpg","type":"image\/jpeg"}],"twitter_card":"summary_large_image","twitter_misc":{"Est. reading time":"1 minute"},"schema":{"@context":"https:\/\/schema.org","@graph":[{"@type":"WebPage","@id":"https:\/\/www.railbaltica.org\/lv\/jaunumi\/european-commission-representatives-visit-latvia-for-european-semester-consultations\/","url":"https:\/\/www.railbaltica.org\/lv\/jaunumi\/european-commission-representatives-visit-latvia-for-european-semester-consultations\/","name":"Atvese\u013co\u0161anas fonda ieguld\u012bjums \u013c\u0101vis k\u0101pin\u0101t Rail Baltica R\u012bgas Centr\u0101l\u0101s stacijas b\u016bvniec\u012bbas tempu \u2013 p\u0101rliecin\u0101s Eiropas Komisijas p\u0101rst\u0101vji - RB","isPartOf":{"@id":"https:\/\/www.railbaltica.org\/#website"},"primaryImageOfPage":{"@id":"https:\/\/www.railbaltica.org\/lv\/jaunumi\/european-commission-representatives-visit-latvia-for-european-semester-consultations\/#primaryimage"},"image":{"@id":"https:\/\/www.railbaltica.org\/lv\/jaunumi\/european-commission-representatives-visit-latvia-for-european-semester-consultations\/#primaryimage"},"thumbnailUrl":"https:\/\/www.railbaltica.org\/wp-content\/uploads\/2026\/01\/20260121_191228-scaled.jpg","datePublished":"2026-01-23T13:34:40+00:00","dateModified":"2026-01-23T14:33:38+00:00","breadcrumb":{"@id":"https:\/\/www.railbaltica.org\/lv\/jaunumi\/european-commission-representatives-visit-latvia-for-european-semester-consultations\/#breadcrumb"},"inLanguage":"lv-LV","potentialAction":[{"@type":"ReadAction","target":["https:\/\/www.railbaltica.org\/lv\/jaunumi\/european-commission-representatives-visit-latvia-for-european-semester-consultations\/"]}]},{"@type":"ImageObject","inLanguage":"lv-LV","@id":"https:\/\/www.railbaltica.org\/lv\/jaunumi\/european-commission-representatives-visit-latvia-for-european-semester-consultations\/#primaryimage","url":"https:\/\/www.railbaltica.org\/wp-content\/uploads\/2026\/01\/20260121_191228-scaled.jpg","contentUrl":"https:\/\/www.railbaltica.org\/wp-content\/uploads\/2026\/01\/20260121_191228-scaled.jpg","width":2560,"height":1920},{"@type":"BreadcrumbList","@id":"https:\/\/www.railbaltica.org\/lv\/jaunumi\/european-commission-representatives-visit-latvia-for-european-semester-consultations\/#breadcrumb","itemListElement":[{"@type":"ListItem","position":1,"name":"Home","item":"https:\/\/www.railbaltica.org\/lv\/"},{"@type":"ListItem","position":2,"name":"Atvese\u013co\u0161anas fonda ieguld\u012bjums \u013c\u0101vis k\u0101pin\u0101t Rail Baltica R\u012bgas Centr\u0101l\u0101s stacijas b\u016bvniec\u012bbas tempu \u2013 p\u0101rliecin\u0101s Eiropas Komisijas p\u0101rst\u0101vji"}]},{"@type":"WebSite","@id":"https:\/\/www.railbaltica.org\/#website","url":"https:\/\/www.railbaltica.org\/","name":"RB","description":"","potentialAction":[{"@type":"SearchAction","target":{"@type":"EntryPoint","urlTemplate":"https:\/\/www.railbaltica.org\/?s={search_term_string}"},"query-input":{"@type":"PropertyValueSpecification","valueRequired":true,"valueName":"search_term_string"}}],"inLanguage":"lv-LV"}]}},"_links":{"self":[{"href":"https:\/\/www.railbaltica.org\/lv\/wp-json\/wp\/v2\/news\/36336","targetHints":{"allow":["GET"]}}],"collection":[{"href":"https:\/\/www.railbaltica.org\/lv\/wp-json\/wp\/v2\/news"}],"about":[{"href":"https:\/\/www.railbaltica.org\/lv\/wp-json\/wp\/v2\/types\/news"}],"wp:featuredmedia":[{"embeddable":true,"href":"https:\/\/www.railbaltica.org\/lv\/wp-json\/wp\/v2\/media\/36326"}],"wp:attachment":[{"href":"https:\/\/www.railbaltica.org\/lv\/wp-json\/wp\/v2\/media?parent=36336"}],"wp:term":[{"taxonomy":"news_category","embeddable":true,"href":"https:\/\/www.railbaltica.org\/lv\/wp-json\/wp\/v2\/news_category?post=36336"}],"curies":[{"name":"wp","href":"https:\/\/api.w.org\/{rel}","templated":true}]}}