{"id":34438,"date":"2025-09-01T13:16:52","date_gmt":"2025-09-01T13:16:52","guid":{"rendered":"https:\/\/www.railbaltica.org\/news\/changes-in-rb-rails-management-board\/"},"modified":"2025-09-03T08:39:28","modified_gmt":"2025-09-03T08:39:28","slug":"izmainas-rb-rail-valde-finansu-direktora-amata-pievienojas-ojars-daugavietis","status":"publish","type":"news","link":"https:\/\/www.railbaltica.org\/lv\/jaunumi\/izmainas-rb-rail-valde-finansu-direktora-amata-pievienojas-ojars-daugavietis\/","title":{"rendered":"Izmai\u0146as RB Rail vald\u0113; finan\u0161u direktora amat\u0101 pievienojas Oj\u0101rs Daugavietis"},"content":{"rendered":"<section\n    class=\"align wp-block-hero-page-block relative flex overflow-hidden z-10 mt-20 md:mt-52\"\n>\n            <div\n            class=\"container md:!px-14\"\n        >\n            <div\n                class=\"bg-dark text-white rounded p-4 md:p-10\"\n            >\n                                <div\n    class=\"flex justify-between border-t pt-2.5 my-5 text-sm\"\n>\n    <span>Dalies ar jaunumiem\n<\/span>\n    <ul\n        class=\"flex items-center gap-5\"\n    >\n        <li>\n            <a\n                href=\"https:\/\/www.facebook.com\/sharer\/sharer.php?u=https%3A%2F%2Fwww.railbaltica.org%2Flv%2Fjaunumi%2Fizmainas-rb-rail-valde-finansu-direktora-amata-pievienojas-ojars-daugavietis%2F\"\n                target=\"_blank\"\n                rel=\"noopener noreferrer\"\n                aria-label=\"Share on Facebook\"\n                class=\"transition-opacity hover:opacity-75\"\n            >\n                <svg\n                    width=\"20\"\n                    height=\"20\"\n                    viewBox=\"0 0 20 20\"\n                    fill=\"none\"\n                    xmlns=\"http:\/\/www.w3.org\/2000\/svg\"\n                >\n                    <path\n                        d=\"M7.5 6.66667H5V10H7.5V20H11.6667V10H14.7017L15 6.66667H11.6667V5.2775C11.6667 4.48167 11.8267 4.16667 12.5958 4.16667H15V0H11.8267C8.83 0 7.5 1.31917 7.5 3.84583V6.66667Z\"\n                        fill=\"white\"\n                    \/>\n                <\/svg>\n            <\/a>\n        <\/li>\n        <li>\n            <a\n                href=\"https:\/\/twitter.com\/intent\/tweet?url=https%3A%2F%2Fwww.railbaltica.org%2Flv%2Fjaunumi%2Fizmainas-rb-rail-valde-finansu-direktora-amata-pievienojas-ojars-daugavietis%2F&amp;text=Izmai%C5%86as+RB+Rail+vald%C4%93%3B+finan%C5%A1u+direktora+amat%C4%81+pievienojas+Oj%C4%81rs+Daugavietis\"\n                target=\"_blank\"\n                rel=\"noopener noreferrer\"\n                aria-label=\"Share on Twitter\"\n                class=\"transition-opacity hover:opacity-75\"\n            >\n                <svg\n                    width=\"20\"\n                    height=\"20\"\n                    viewBox=\"0 0 20 20\"\n                    fill=\"none\"\n                    xmlns=\"http:\/\/www.w3.org\/2000\/svg\"\n                >\n                    <path\n                        d=\"M14.7313 2.68748H17.238L11.763 8.88248L18.2038 17.3125H13.1597L9.20966 12.2L4.68966 17.3125H2.18299L8.03883 10.6866L1.86133 2.68665H7.03216L10.603 7.35998L14.7322 2.68665L14.7313 2.68748ZM13.8522 15.8275H15.2405L6.27716 4.09415H4.78716L13.8522 15.8275Z\"\n                        fill=\"white\"\n                    \/>\n                <\/svg>\n            <\/a>\n        <\/li>\n        <li>\n            <a\n                href=\"https:\/\/www.linkedin.com\/sharing\/share-offsite\/?url=https%3A%2F%2Fwww.railbaltica.org%2Flv%2Fjaunumi%2Fizmainas-rb-rail-valde-finansu-direktora-amata-pievienojas-ojars-daugavietis%2F\"\n                target=\"_blank\"\n                rel=\"noopener noreferrer\"\n                aria-label=\"Share on LinkedIn\"\n                class=\"transition-opacity hover:opacity-75\"\n            >\n                <svg\n                    width=\"20\"\n                    height=\"20\"\n                    viewBox=\"0 0 20 20\"\n                    fill=\"none\"\n                    xmlns=\"http:\/\/www.w3.org\/2000\/svg\"\n                >\n                    <path\n                        d=\"M18.4097 0.000139829H1.46998C1.27956 -0.00250476 1.09049 0.0323869 0.913553 0.102822C0.73662 0.173257 0.575295 0.277857 0.438791 0.410646C0.302287 0.543436 0.193279 0.701814 0.11799 0.876737C0.0427018 1.05166 0.00260836 1.2397 0 1.43012V18.5699C0.00260836 18.7603 0.0427018 18.9483 0.11799 19.1233C0.193279 19.2982 0.302287 19.4566 0.438791 19.5894C0.575295 19.7221 0.73662 19.8267 0.913553 19.8972C1.09049 19.9676 1.27956 20.0025 1.46998 19.9999H18.4097C18.6002 20.0025 18.7892 19.9676 18.9662 19.8972C19.1431 19.8267 19.3044 19.7221 19.4409 19.5894C19.5774 19.4566 19.6864 19.2982 19.7617 19.1233C19.837 18.9483 19.8771 18.7603 19.8797 18.5699V1.43012C19.8771 1.2397 19.837 1.05166 19.7617 0.876737C19.6864 0.701814 19.5774 0.543436 19.4409 0.410646C19.3044 0.277857 19.1431 0.173257 18.9662 0.102822C18.7892 0.0323869 18.6002 -0.00250476 18.4097 0.000139829ZM6.02992 16.7399H3.02996V7.74003H6.02992V16.7399ZM4.52994 6.48005C4.1162 6.48005 3.71942 6.31569 3.42687 6.02314C3.13431 5.73059 2.96996 5.3338 2.96996 4.92007C2.96996 4.50634 3.13431 4.10955 3.42687 3.817C3.71942 3.52445 4.1162 3.36009 4.52994 3.36009C4.74963 3.33518 4.97211 3.35695 5.1828 3.42398C5.3935 3.491 5.58766 3.60178 5.75258 3.74905C5.91749 3.89632 6.04944 4.07676 6.13979 4.27856C6.23013 4.48036 6.27683 4.69897 6.27683 4.92007C6.27683 5.14117 6.23013 5.35978 6.13979 5.56158C6.04944 5.76338 5.91749 5.94382 5.75258 6.09109C5.58766 6.23836 5.3935 6.34914 5.1828 6.41617C4.97211 6.48319 4.74963 6.50496 4.52994 6.48005ZM16.8498 16.7399H13.8498V11.91C13.8498 10.7 13.4198 9.91 12.3298 9.91C11.9925 9.91247 11.664 10.0183 11.3887 10.2132C11.1133 10.4081 10.9043 10.6827 10.7899 11C10.7116 11.235 10.6777 11.4826 10.6899 11.73V16.7299H7.68989V7.73003H10.6899V9.00001C10.9624 8.52713 11.3587 8.13755 11.8363 7.87323C12.3138 7.60892 12.8544 7.47989 13.3998 7.50003C15.3998 7.50003 16.8498 8.79002 16.8498 11.56V16.7399Z\"\n                        fill=\"white\"\n                    \/>\n                <\/svg>\n            <\/a>\n        <\/li>\n        <li>\n            <button\n                type=\"button\"\n                class=\"copy-url-btn relative my-auto flex transition-opacity hover:opacity-75\"\n                data-url=\"https:\/\/www.railbaltica.org\/lv\/jaunumi\/izmainas-rb-rail-valde-finansu-direktora-amata-pievienojas-ojars-daugavietis\/\"\n            >\n                <svg\n                    width=\"21\"\n                    height=\"21\"\n                    viewBox=\"0 0 21 21\"\n                    fill=\"none\"\n                    xmlns=\"http:\/\/www.w3.org\/2000\/svg\"\n                >\n                    <path\n                        d=\"M10.5205 20C15.7661 20 20 15.7455 20 10.4795C20 5.23392 15.7661 1 10.5205 1M10.5205 20C5.25446 20 1 15.7455 1 10.4795C1 5.23392 5.25446 1 10.5205 1M10.5205 20V1M18.7429 5.75H2.26324M18.7958 15.1345H2.21035M1.05135 10.5H19.9486M10.5103 20C13.1333 20 15.25 15.7455 15.25 10.4795C15.25 5.23392 13.1333 1 10.5103 1C7.87697 1 5.75 5.23392 5.75 10.4795C5.75 15.7455 7.87697 20 10.5103 20Z\"\n                        stroke=\"white\"\n                        stroke-linecap=\"round\"\n                        stroke-linejoin=\"round\"\n                    \/>\n                <\/svg>\n                <span\n                    class=\"absolute hidden translate-x-[-10px] translate-y-[30px]\"\n                >Copied!<\/span>\n            <\/button>\n        <\/li>\n    <\/ul>\n<\/div>\n\n                                    <time\n                        datetime=\"\"\n                        class=\"mb-2.5 flex text-xl text-blue\"\n                    >\n                        01.09.2025\n                    <\/time>\n                \n                                    <h1 class='h1 max-w-198'>\n            Izmai\u0146as RB Rail vald\u0113; finan\u0161u direktora amat\u0101 pievienojas Oj\u0101rs Daugavietis\n        <\/h1>\n                \n                            <\/div>\n        <\/div>\n    <\/section>\n\n\n<section\n    class=\"overflow-hidden py-5 md:pt-10 md:pb-5 align wp-block-image-block !pb-[0]\"\n>\n    <div\n        class=\"container relative flex flex-col items-start z-10\"\n    >\n        <div\n            class=\"w-full text-lg text-dark\"\n        >\n                            <img decoding=\"async\"\n        src=\"https:\/\/www.railbaltica.org\/wp-content\/uploads\/2025\/09\/Ojars-Daugavietis.jpg\"\n        alt=\"Oj\u0101rs Daugavietis\"\n         title=\"Oj\u0101rs Daugavietis\"         class=\"block w-auto h-auto max-w-full max-h-[600px]\"\n        loading=\"lazy\"\n    \/>\n                                <\/div>\n    <\/div>\n<\/section>\n\n\n<section\n    class=\"overflow-hidden py-5 md:pt-10 md:pb-5 align wp-block-excerpt-block\"\n>\n    <div\n        class=\"container relative flex flex-col items-start z-10 md:text-xl lg:!px-4\"\n    >\n                    <div\n                class=\"textual w-full text-dark text-xl lg:px-12 md:mx-auto md:max-w-222 md:text-xl\"\n            >\n                <p><strong>Kopuz\u0146\u0113mums RB Rail AS, kas atbild par Rail Baltica glob\u0101l\u0101 projekta koordin\u0113\u0161anu un \u012bsteno\u0161anu tr\u012bs Baltijas valst\u012bs, pazi\u0146o par valdes pilnvaru termi\u0146u pagarin\u0101jumu\u00a0 un jauna valdes locek\u013ca iecel\u0161anu. No 2025. gada 1. septembra vald\u0113 darbu turpin\u0101s Marko Kivila (valdes priek\u0161s\u0113d\u0113t\u0101js un izpilddirektors), Marjus Narmonts (operat\u012bvais direktors), Emilj\u0113ns Dangs (tehniskais direktors), Tjeri Busijons (programmas vad\u012bbas direktors) un Oj\u0101rs Daugavietis, kur\u0161 kopuz\u0146\u0113muma valdei pievienosies finan\u0161u direktora amat\u0101. RB Rail valde nodro\u0161ina uz\u0146\u0113muma strat\u0113\u0123isko vad\u012bbu un Rail Baltica projekta \u012bsteno\u0161anas koordin\u0101ciju vis\u0101s trij\u0101s Baltijas valst\u012bs.<\/p>\n<p><\/strong><\/p>\n\n            <\/div>\n            <\/div>\n<\/section>\n\n\n<section\n    class=\"py-5 md:py-10 align wp-block-textual-block\"\n>\n    <div\n        class=\"container\"\n    >\n        <div\n            class=\"textual w-full text-xl text-dark break-words [&#038;_span]:!text-dark [&#038;_a]:!text-dark\"\n        >\n                            <p>RB Rail AS padomes priek\u0161s\u0113d\u0113t\u0101js Ar\u0113nijs Jackus nor\u0101d\u012bja, ka p\u0113d\u0113jo divu gadu laik\u0101 Rail Baltica projekts un kopuz\u0146\u0113mums kopum\u0101 ir piedz\u012bvoju\u0161i b\u016btiskas p\u0101rmai\u0146as, ko ietekm\u0113ju\u0161i \u0101r\u0113jie izaicin\u0101jumi, k\u0101 ar\u012b \u0123eopolitiskais un ekonomiskais konteksts. Tas pras\u012bjis korekcijas projekta pl\u0101no\u0161an\u0101, tehniskajos risin\u0101jumos un kopuz\u0146\u0113muma darb\u012bb\u0101, projekta koordin\u0101cijas strukt\u016bras optimiz\u0101ciju, k\u0101 ar\u012b risku vad\u012bbas un sadarb\u012bbas ar ieinteres\u0113taj\u0101m pus\u0113m stiprin\u0101\u0161anu.<\/p>\n<p>\u201eM\u0113r\u0137is paliek nemain\u012bgs \u2013 izb\u016bv\u0113t tr\u016bksto\u0161o Eiropas standarta platuma dzelzce\u013ca posmu Baltijas valst\u012bs, savienojot m\u016bsu re\u0123ionu ar Poliju un p\u0101r\u0113jo Eiropu. Kopuz\u0146\u0113mumam, kas vien\u0101d\u0101s da\u013c\u0101s pieder vis\u0101m trim Baltijas valst\u012bm, ir nepiecie\u0161ama stabila vad\u012bba, t\u0101d\u0113\u013c valdes pilnvaru termi\u0146\u0161 ir pagarin\u0101ts uz pieciem gadiem, to pieska\u0146ojot pirmajai projekta ievie\u0161anas k\u0101rtai,\u201d uzsver Ar\u0113nijs Jackus.<\/p>\n<p>\u201eEsmu pateic\u012bgs padomei par uztic\u012bbu \u2013 t\u0101 apliecina akcion\u0101rvalstu stingro ap\u0146em\u0161anos \u012bstenot \u0161o noz\u012bm\u012bgo projektu. Rail Baltica pan\u0101kumiem svar\u012bgi ir skaidri m\u0113r\u0137i, savlaic\u012bgi l\u0113mumi un atkl\u0101t\u012bba ar\u012b sare\u017e\u0123\u012btos jaut\u0101jumos. Tie\u0161i \u0161\u0101da pieeja \u013cauj projektam virz\u012bties uz priek\u0161u un stiprina m\u016bsu koordin\u0101cijas lomu k\u0101 kopuz\u0146\u0113muma galveno uzdevumu,\u201d sac\u012bja Marko Kivila, kopuz\u0146\u0113muma valdes priek\u0161s\u0113d\u0113t\u0101js un izpilddirektors.<\/p>\n<p>Oj\u0101rs Daugavietis pievienojas RB Rail AS valdei ar vair\u0101k nek\u0101 15 gadu pieredzi ES fondu piesaist\u0113, korporat\u012bvaj\u0101s finans\u0113s un strat\u0113\u0123iskaj\u0101 finan\u0161u vad\u012bb\u0101. L\u012bdz \u0161im vi\u0146\u0161 vad\u012bja RB Rail AS Finan\u0161u un ekonomikas departamentu, kur bija atbild\u012bgs par uz\u0146\u0113muma finan\u0161u strat\u0113\u0123iju un t\u0101s \u012bsteno\u0161anu. Vi\u0146a profesion\u0101l\u0101 pieredze ietver vado\u0161us amatus Latvijas Republikas Finan\u0161u ministrij\u0101, k\u0101 ar\u012b pla\u0161u praksi starptautisku projektu finans\u0113\u0161an\u0101, \u012bpa\u0161u uzman\u012bbu piev\u0113r\u0161ot finan\u0161u p\u0101rvald\u012bbai, risku vad\u012bbai un normat\u012bv\u0101s atbilst\u012bbas nodro\u0161in\u0101\u0161anai. Paral\u0113li profesion\u0101lajai darb\u012bbai vi\u0146\u0161 stud\u0113 R\u012bgas Biznesa skol\u0101, kur apg\u016bst Executive MBA programmu.<\/p>\n<p>\u201eRail Baltica l\u012bdz\u0161in\u0113jais finans\u0113jums liel\u0101 m\u0113r\u0101 balst\u012bjies uz Eiropas Savien\u012bbas pie\u0161\u0137irtajiem grantiem no Eiropas infrastrukt\u016bras savieno\u0161anas instrumenta (Connecting Europe Facility \u2013 CEF), kas Baltijas re\u0123ionam piesaist\u012bti nepieredz\u0113tos apjomos. N\u0101kotn\u0113 b\u016btiski b\u016bs turpin\u0101t cie\u0161u sadarb\u012bbu ne tikai ar Baltijas valstu vald\u012bb\u0101m, bet ar\u012b ar ES instit\u016bcij\u0101m, lai n\u0101kamaj\u0101 daudzgadu bud\u017eeta period\u0101 nodro\u0161in\u0101tu nepiecie\u0161amo finans\u0113jumu \u0161ai strat\u0113\u0123iski noz\u012bm\u012bgajai p\u0101rrobe\u017eu infrastrukt\u016brai. Vienlaikus svar\u012bgi b\u016bs \u0146emt v\u0113r\u0101 main\u012bgo ekonomisko un \u0123eopolitisko kontekstu un r\u016bp\u012bgi izv\u0113rt\u0113t papildu finan\u0161u instrumentus, kas var\u0113tu papildin\u0101t ES atbalstu,\u201d nor\u0101d\u012bja Oj\u0101rs Daugavietis.<\/p>\n\n                    <\/div>\n    <\/div>\n<\/section>\n\n\n<section\n    class=\"overflow-hidden py-5 md:pt-5 md:pb-10 align wp-block-button-cta-block !pt-[0]\"\n>\n    <div\n        class=\"container w-full relative flex flex-col items-start z-10\"\n    >\n        <div\n            class=\"w-full border-t border-dark pt-5 mt-4 md:mt-5 md:pt-10\"\n        >\n        <\/div>\n\n                    <a\n        href=\"https:\/\/www.railbaltica.org\/lv\/zinas\/\"\n                class=\"btn-outline-dark mx-auto\"\n    >\n        \n         Atpaka\u013c zi\u0146\u0101m\n        \n        \n    <\/a>\n            <\/div>\n<\/section>\n","protected":false},"excerpt":{"rendered":"<p>Kopuz\u0146\u0113mums RB Rail AS, kas atbild par Rail Baltica glob\u0101l\u0101 projekta koordin\u0113\u0161anu un \u012bsteno\u0161anu tr\u012bs Baltijas valst\u012bs, pazi\u0146o par valdes pilnvaru termi\u0146u pagarin\u0101jumu\u00a0 un jauna valdes locek\u013ca iecel\u0161anu. No 2025. gada 1. septembra vald\u0113 darbu turpin\u0101s Marko Kivila (valdes priek\u0161s\u0113d\u0113t\u0101js un izpilddirektors), Marjus N<\/p>\n","protected":false},"featured_media":34433,"template":"","news_category":[],"class_list":["post-34438","news","type-news","status-publish","has-post-thumbnail","hentry"],"acf":[],"yoast_head":"<!-- This site is optimized with the Yoast SEO plugin v27.5 - https:\/\/yoast.com\/product\/yoast-seo-wordpress\/ -->\n<title>Izmai\u0146as RB Rail vald\u0113; finan\u0161u direktora amat\u0101 pievienojas Oj\u0101rs Daugavietis - RB<\/title>\n<meta name=\"robots\" content=\"index, follow, max-snippet:-1, max-image-preview:large, max-video-preview:-1\" \/>\n<link rel=\"canonical\" href=\"https:\/\/www.railbaltica.org\/lv\/jaunumi\/izmainas-rb-rail-valde-finansu-direktora-amata-pievienojas-ojars-daugavietis\/\" \/>\n<meta property=\"og:locale\" content=\"lv_LV\" \/>\n<meta property=\"og:type\" content=\"article\" \/>\n<meta property=\"og:title\" content=\"Izmai\u0146as RB Rail vald\u0113; finan\u0161u direktora amat\u0101 pievienojas Oj\u0101rs Daugavietis - RB\" \/>\n<meta property=\"og:description\" content=\"Kopuz\u0146\u0113mums RB Rail AS, kas atbild par Rail Baltica glob\u0101l\u0101 projekta koordin\u0113\u0161anu un \u012bsteno\u0161anu tr\u012bs Baltijas valst\u012bs, pazi\u0146o par valdes pilnvaru termi\u0146u pagarin\u0101jumu\u00a0 un jauna valdes locek\u013ca iecel\u0161anu. No 2025. gada 1. septembra vald\u0113 darbu turpin\u0101s Marko Kivila (valdes priek\u0161s\u0113d\u0113t\u0101js un izpilddirektors), Marjus N\" \/>\n<meta property=\"og:url\" content=\"https:\/\/www.railbaltica.org\/lv\/jaunumi\/izmainas-rb-rail-valde-finansu-direktora-amata-pievienojas-ojars-daugavietis\/\" \/>\n<meta property=\"og:site_name\" content=\"RB\" \/>\n<meta property=\"article:modified_time\" content=\"2025-09-03T08:39:28+00:00\" \/>\n<meta property=\"og:image\" content=\"https:\/\/www.railbaltica.org\/wp-content\/uploads\/2025\/09\/Ojars-Daugavietis-e1756887933518.webp\" \/>\n\t<meta property=\"og:image:width\" content=\"1500\" \/>\n\t<meta property=\"og:image:height\" content=\"1000\" \/>\n\t<meta property=\"og:image:type\" content=\"image\/webp\" \/>\n<meta name=\"twitter:card\" content=\"summary_large_image\" \/>\n<meta name=\"twitter:label1\" content=\"Est. reading time\" \/>\n\t<meta name=\"twitter:data1\" content=\"1 minute\" \/>\n<script type=\"application\/ld+json\" class=\"yoast-schema-graph\">{\"@context\":\"https:\\\/\\\/schema.org\",\"@graph\":[{\"@type\":\"WebPage\",\"@id\":\"https:\\\/\\\/www.railbaltica.org\\\/lv\\\/jaunumi\\\/izmainas-rb-rail-valde-finansu-direktora-amata-pievienojas-ojars-daugavietis\\\/\",\"url\":\"https:\\\/\\\/www.railbaltica.org\\\/lv\\\/jaunumi\\\/izmainas-rb-rail-valde-finansu-direktora-amata-pievienojas-ojars-daugavietis\\\/\",\"name\":\"Izmai\u0146as RB Rail vald\u0113; finan\u0161u direktora amat\u0101 pievienojas Oj\u0101rs Daugavietis - RB\",\"isPartOf\":{\"@id\":\"https:\\\/\\\/www.railbaltica.org\\\/#website\"},\"primaryImageOfPage\":{\"@id\":\"https:\\\/\\\/www.railbaltica.org\\\/lv\\\/jaunumi\\\/izmainas-rb-rail-valde-finansu-direktora-amata-pievienojas-ojars-daugavietis\\\/#primaryimage\"},\"image\":{\"@id\":\"https:\\\/\\\/www.railbaltica.org\\\/lv\\\/jaunumi\\\/izmainas-rb-rail-valde-finansu-direktora-amata-pievienojas-ojars-daugavietis\\\/#primaryimage\"},\"thumbnailUrl\":\"https:\\\/\\\/www.railbaltica.org\\\/wp-content\\\/uploads\\\/2025\\\/09\\\/Ojars-Daugavietis-e1756887933518.webp\",\"datePublished\":\"2025-09-01T13:16:52+00:00\",\"dateModified\":\"2025-09-03T08:39:28+00:00\",\"breadcrumb\":{\"@id\":\"https:\\\/\\\/www.railbaltica.org\\\/lv\\\/jaunumi\\\/izmainas-rb-rail-valde-finansu-direktora-amata-pievienojas-ojars-daugavietis\\\/#breadcrumb\"},\"inLanguage\":\"lv-LV\",\"potentialAction\":[{\"@type\":\"ReadAction\",\"target\":[\"https:\\\/\\\/www.railbaltica.org\\\/lv\\\/jaunumi\\\/izmainas-rb-rail-valde-finansu-direktora-amata-pievienojas-ojars-daugavietis\\\/\"]}]},{\"@type\":\"ImageObject\",\"inLanguage\":\"lv-LV\",\"@id\":\"https:\\\/\\\/www.railbaltica.org\\\/lv\\\/jaunumi\\\/izmainas-rb-rail-valde-finansu-direktora-amata-pievienojas-ojars-daugavietis\\\/#primaryimage\",\"url\":\"https:\\\/\\\/www.railbaltica.org\\\/wp-content\\\/uploads\\\/2025\\\/09\\\/Ojars-Daugavietis-e1756887933518.webp\",\"contentUrl\":\"https:\\\/\\\/www.railbaltica.org\\\/wp-content\\\/uploads\\\/2025\\\/09\\\/Ojars-Daugavietis-e1756887933518.webp\",\"width\":1500,\"height\":1000},{\"@type\":\"BreadcrumbList\",\"@id\":\"https:\\\/\\\/www.railbaltica.org\\\/lv\\\/jaunumi\\\/izmainas-rb-rail-valde-finansu-direktora-amata-pievienojas-ojars-daugavietis\\\/#breadcrumb\",\"itemListElement\":[{\"@type\":\"ListItem\",\"position\":1,\"name\":\"Home\",\"item\":\"https:\\\/\\\/www.railbaltica.org\\\/lv\\\/\"},{\"@type\":\"ListItem\",\"position\":2,\"name\":\"Izmai\u0146as RB Rail vald\u0113; finan\u0161u direktora amat\u0101 pievienojas Oj\u0101rs Daugavietis\"}]},{\"@type\":\"WebSite\",\"@id\":\"https:\\\/\\\/www.railbaltica.org\\\/#website\",\"url\":\"https:\\\/\\\/www.railbaltica.org\\\/\",\"name\":\"RB\",\"description\":\"\",\"potentialAction\":[{\"@type\":\"SearchAction\",\"target\":{\"@type\":\"EntryPoint\",\"urlTemplate\":\"https:\\\/\\\/www.railbaltica.org\\\/?s={search_term_string}\"},\"query-input\":{\"@type\":\"PropertyValueSpecification\",\"valueRequired\":true,\"valueName\":\"search_term_string\"}}],\"inLanguage\":\"lv-LV\"}]}<\/script>\n<!-- \/ Yoast SEO plugin. -->","yoast_head_json":{"title":"Izmai\u0146as RB Rail vald\u0113; finan\u0161u direktora amat\u0101 pievienojas Oj\u0101rs Daugavietis - RB","robots":{"index":"index","follow":"follow","max-snippet":"max-snippet:-1","max-image-preview":"max-image-preview:large","max-video-preview":"max-video-preview:-1"},"canonical":"https:\/\/www.railbaltica.org\/lv\/jaunumi\/izmainas-rb-rail-valde-finansu-direktora-amata-pievienojas-ojars-daugavietis\/","og_locale":"lv_LV","og_type":"article","og_title":"Izmai\u0146as RB Rail vald\u0113; finan\u0161u direktora amat\u0101 pievienojas Oj\u0101rs Daugavietis - RB","og_description":"Kopuz\u0146\u0113mums RB Rail AS, kas atbild par Rail Baltica glob\u0101l\u0101 projekta koordin\u0113\u0161anu un \u012bsteno\u0161anu tr\u012bs Baltijas valst\u012bs, pazi\u0146o par valdes pilnvaru termi\u0146u pagarin\u0101jumu\u00a0 un jauna valdes locek\u013ca iecel\u0161anu. No 2025. gada 1. septembra vald\u0113 darbu turpin\u0101s Marko Kivila (valdes priek\u0161s\u0113d\u0113t\u0101js un izpilddirektors), Marjus N","og_url":"https:\/\/www.railbaltica.org\/lv\/jaunumi\/izmainas-rb-rail-valde-finansu-direktora-amata-pievienojas-ojars-daugavietis\/","og_site_name":"RB","article_modified_time":"2025-09-03T08:39:28+00:00","og_image":[{"width":1500,"height":1000,"url":"https:\/\/www.railbaltica.org\/wp-content\/uploads\/2025\/09\/Ojars-Daugavietis-e1756887933518.webp","type":"image\/webp"}],"twitter_card":"summary_large_image","twitter_misc":{"Est. reading time":"1 minute"},"schema":{"@context":"https:\/\/schema.org","@graph":[{"@type":"WebPage","@id":"https:\/\/www.railbaltica.org\/lv\/jaunumi\/izmainas-rb-rail-valde-finansu-direktora-amata-pievienojas-ojars-daugavietis\/","url":"https:\/\/www.railbaltica.org\/lv\/jaunumi\/izmainas-rb-rail-valde-finansu-direktora-amata-pievienojas-ojars-daugavietis\/","name":"Izmai\u0146as RB Rail vald\u0113; finan\u0161u direktora amat\u0101 pievienojas Oj\u0101rs Daugavietis - RB","isPartOf":{"@id":"https:\/\/www.railbaltica.org\/#website"},"primaryImageOfPage":{"@id":"https:\/\/www.railbaltica.org\/lv\/jaunumi\/izmainas-rb-rail-valde-finansu-direktora-amata-pievienojas-ojars-daugavietis\/#primaryimage"},"image":{"@id":"https:\/\/www.railbaltica.org\/lv\/jaunumi\/izmainas-rb-rail-valde-finansu-direktora-amata-pievienojas-ojars-daugavietis\/#primaryimage"},"thumbnailUrl":"https:\/\/www.railbaltica.org\/wp-content\/uploads\/2025\/09\/Ojars-Daugavietis-e1756887933518.webp","datePublished":"2025-09-01T13:16:52+00:00","dateModified":"2025-09-03T08:39:28+00:00","breadcrumb":{"@id":"https:\/\/www.railbaltica.org\/lv\/jaunumi\/izmainas-rb-rail-valde-finansu-direktora-amata-pievienojas-ojars-daugavietis\/#breadcrumb"},"inLanguage":"lv-LV","potentialAction":[{"@type":"ReadAction","target":["https:\/\/www.railbaltica.org\/lv\/jaunumi\/izmainas-rb-rail-valde-finansu-direktora-amata-pievienojas-ojars-daugavietis\/"]}]},{"@type":"ImageObject","inLanguage":"lv-LV","@id":"https:\/\/www.railbaltica.org\/lv\/jaunumi\/izmainas-rb-rail-valde-finansu-direktora-amata-pievienojas-ojars-daugavietis\/#primaryimage","url":"https:\/\/www.railbaltica.org\/wp-content\/uploads\/2025\/09\/Ojars-Daugavietis-e1756887933518.webp","contentUrl":"https:\/\/www.railbaltica.org\/wp-content\/uploads\/2025\/09\/Ojars-Daugavietis-e1756887933518.webp","width":1500,"height":1000},{"@type":"BreadcrumbList","@id":"https:\/\/www.railbaltica.org\/lv\/jaunumi\/izmainas-rb-rail-valde-finansu-direktora-amata-pievienojas-ojars-daugavietis\/#breadcrumb","itemListElement":[{"@type":"ListItem","position":1,"name":"Home","item":"https:\/\/www.railbaltica.org\/lv\/"},{"@type":"ListItem","position":2,"name":"Izmai\u0146as RB Rail vald\u0113; finan\u0161u direktora amat\u0101 pievienojas Oj\u0101rs Daugavietis"}]},{"@type":"WebSite","@id":"https:\/\/www.railbaltica.org\/#website","url":"https:\/\/www.railbaltica.org\/","name":"RB","description":"","potentialAction":[{"@type":"SearchAction","target":{"@type":"EntryPoint","urlTemplate":"https:\/\/www.railbaltica.org\/?s={search_term_string}"},"query-input":{"@type":"PropertyValueSpecification","valueRequired":true,"valueName":"search_term_string"}}],"inLanguage":"lv-LV"}]}},"_links":{"self":[{"href":"https:\/\/www.railbaltica.org\/lv\/wp-json\/wp\/v2\/news\/34438","targetHints":{"allow":["GET"]}}],"collection":[{"href":"https:\/\/www.railbaltica.org\/lv\/wp-json\/wp\/v2\/news"}],"about":[{"href":"https:\/\/www.railbaltica.org\/lv\/wp-json\/wp\/v2\/types\/news"}],"wp:featuredmedia":[{"embeddable":true,"href":"https:\/\/www.railbaltica.org\/lv\/wp-json\/wp\/v2\/media\/34433"}],"wp:attachment":[{"href":"https:\/\/www.railbaltica.org\/lv\/wp-json\/wp\/v2\/media?parent=34438"}],"wp:term":[{"taxonomy":"news_category","embeddable":true,"href":"https:\/\/www.railbaltica.org\/lv\/wp-json\/wp\/v2\/news_category?post=34438"}],"curies":[{"name":"wp","href":"https:\/\/api.w.org\/{rel}","templated":true}]}}