{"id":15266,"date":"2025-04-02T13:43:39","date_gmt":"2025-04-02T13:43:39","guid":{"rendered":"https:\/\/www.railbaltica.org\/news\/igaunija-sper-nakamo-nozimigo-soli-rail-baltica-projekta-apstiprinats-marsruta-plans-pernavas-aprinka-posmam\/"},"modified":"2025-08-21T15:45:12","modified_gmt":"2025-08-21T15:45:12","slug":"igaunija-sper-nakamo-nozimigo-soli-rail-baltica-projekta-apstiprinats-marsruta-plans-pernavas-aprinka-posmam","status":"publish","type":"news","link":"https:\/\/www.railbaltica.org\/lv\/jaunumi\/igaunija-sper-nakamo-nozimigo-soli-rail-baltica-projekta-apstiprinats-marsruta-plans-pernavas-aprinka-posmam\/","title":{"rendered":"Igaunija sper n\u0101kamo noz\u012bm\u012bgo soli Rail Baltica projekt\u0101: apstiprin\u0101ts mar\u0161ruta pl\u0101ns P\u0113rnavas apri\u0146\u0137a posmam"},"content":{"rendered":"<section\n    class=\"align wp-block-hero-page-block relative flex overflow-hidden z-10 mt-20 md:mt-52\"\n>\n            <div\n            class=\"container md:!px-14\"\n        >\n            <div\n                class=\"bg-dark text-white rounded p-4 md:p-10\"\n            >\n                                <div\n    class=\"flex justify-between border-t pt-2.5 my-5 text-sm\"\n>\n    <span>Dalies ar jaunumiem\n<\/span>\n    <ul\n        class=\"flex items-center gap-5\"\n    >\n        <li>\n            <a\n                href=\"https:\/\/www.facebook.com\/sharer\/sharer.php?u=https%3A%2F%2Fwww.railbaltica.org%2Flv%2Fjaunumi%2Figaunija-sper-nakamo-nozimigo-soli-rail-baltica-projekta-apstiprinats-marsruta-plans-pernavas-aprinka-posmam%2F\"\n                target=\"_blank\"\n                rel=\"noopener noreferrer\"\n                aria-label=\"Share on Facebook\"\n                class=\"transition-opacity hover:opacity-75\"\n            >\n                <svg\n                    width=\"20\"\n                    height=\"20\"\n                    viewBox=\"0 0 20 20\"\n                    fill=\"none\"\n                    xmlns=\"http:\/\/www.w3.org\/2000\/svg\"\n                >\n                    <path\n                        d=\"M7.5 6.66667H5V10H7.5V20H11.6667V10H14.7017L15 6.66667H11.6667V5.2775C11.6667 4.48167 11.8267 4.16667 12.5958 4.16667H15V0H11.8267C8.83 0 7.5 1.31917 7.5 3.84583V6.66667Z\"\n                        fill=\"white\"\n                    \/>\n                <\/svg>\n            <\/a>\n        <\/li>\n        <li>\n            <a\n                href=\"https:\/\/twitter.com\/intent\/tweet?url=https%3A%2F%2Fwww.railbaltica.org%2Flv%2Fjaunumi%2Figaunija-sper-nakamo-nozimigo-soli-rail-baltica-projekta-apstiprinats-marsruta-plans-pernavas-aprinka-posmam%2F&amp;text=Igaunija+sper+n%C4%81kamo+noz%C4%ABm%C4%ABgo+soli+Rail+Baltica+projekt%C4%81%3A+apstiprin%C4%81ts+mar%C5%A1ruta+pl%C4%81ns+P%C4%93rnavas+apri%C5%86%C4%B7a+posmam\"\n                target=\"_blank\"\n                rel=\"noopener noreferrer\"\n                aria-label=\"Share on Twitter\"\n                class=\"transition-opacity hover:opacity-75\"\n            >\n                <svg\n                    width=\"20\"\n                    height=\"20\"\n                    viewBox=\"0 0 20 20\"\n                    fill=\"none\"\n                    xmlns=\"http:\/\/www.w3.org\/2000\/svg\"\n                >\n                    <path\n                        d=\"M14.7313 2.68748H17.238L11.763 8.88248L18.2038 17.3125H13.1597L9.20966 12.2L4.68966 17.3125H2.18299L8.03883 10.6866L1.86133 2.68665H7.03216L10.603 7.35998L14.7322 2.68665L14.7313 2.68748ZM13.8522 15.8275H15.2405L6.27716 4.09415H4.78716L13.8522 15.8275Z\"\n                        fill=\"white\"\n                    \/>\n                <\/svg>\n            <\/a>\n        <\/li>\n        <li>\n            <a\n                href=\"https:\/\/www.linkedin.com\/sharing\/share-offsite\/?url=https%3A%2F%2Fwww.railbaltica.org%2Flv%2Fjaunumi%2Figaunija-sper-nakamo-nozimigo-soli-rail-baltica-projekta-apstiprinats-marsruta-plans-pernavas-aprinka-posmam%2F\"\n                target=\"_blank\"\n                rel=\"noopener noreferrer\"\n                aria-label=\"Share on LinkedIn\"\n                class=\"transition-opacity hover:opacity-75\"\n            >\n                <svg\n                    width=\"20\"\n                    height=\"20\"\n                    viewBox=\"0 0 20 20\"\n                    fill=\"none\"\n                    xmlns=\"http:\/\/www.w3.org\/2000\/svg\"\n                >\n                    <path\n                        d=\"M18.4097 0.000139829H1.46998C1.27956 -0.00250476 1.09049 0.0323869 0.913553 0.102822C0.73662 0.173257 0.575295 0.277857 0.438791 0.410646C0.302287 0.543436 0.193279 0.701814 0.11799 0.876737C0.0427018 1.05166 0.00260836 1.2397 0 1.43012V18.5699C0.00260836 18.7603 0.0427018 18.9483 0.11799 19.1233C0.193279 19.2982 0.302287 19.4566 0.438791 19.5894C0.575295 19.7221 0.73662 19.8267 0.913553 19.8972C1.09049 19.9676 1.27956 20.0025 1.46998 19.9999H18.4097C18.6002 20.0025 18.7892 19.9676 18.9662 19.8972C19.1431 19.8267 19.3044 19.7221 19.4409 19.5894C19.5774 19.4566 19.6864 19.2982 19.7617 19.1233C19.837 18.9483 19.8771 18.7603 19.8797 18.5699V1.43012C19.8771 1.2397 19.837 1.05166 19.7617 0.876737C19.6864 0.701814 19.5774 0.543436 19.4409 0.410646C19.3044 0.277857 19.1431 0.173257 18.9662 0.102822C18.7892 0.0323869 18.6002 -0.00250476 18.4097 0.000139829ZM6.02992 16.7399H3.02996V7.74003H6.02992V16.7399ZM4.52994 6.48005C4.1162 6.48005 3.71942 6.31569 3.42687 6.02314C3.13431 5.73059 2.96996 5.3338 2.96996 4.92007C2.96996 4.50634 3.13431 4.10955 3.42687 3.817C3.71942 3.52445 4.1162 3.36009 4.52994 3.36009C4.74963 3.33518 4.97211 3.35695 5.1828 3.42398C5.3935 3.491 5.58766 3.60178 5.75258 3.74905C5.91749 3.89632 6.04944 4.07676 6.13979 4.27856C6.23013 4.48036 6.27683 4.69897 6.27683 4.92007C6.27683 5.14117 6.23013 5.35978 6.13979 5.56158C6.04944 5.76338 5.91749 5.94382 5.75258 6.09109C5.58766 6.23836 5.3935 6.34914 5.1828 6.41617C4.97211 6.48319 4.74963 6.50496 4.52994 6.48005ZM16.8498 16.7399H13.8498V11.91C13.8498 10.7 13.4198 9.91 12.3298 9.91C11.9925 9.91247 11.664 10.0183 11.3887 10.2132C11.1133 10.4081 10.9043 10.6827 10.7899 11C10.7116 11.235 10.6777 11.4826 10.6899 11.73V16.7299H7.68989V7.73003H10.6899V9.00001C10.9624 8.52713 11.3587 8.13755 11.8363 7.87323C12.3138 7.60892 12.8544 7.47989 13.3998 7.50003C15.3998 7.50003 16.8498 8.79002 16.8498 11.56V16.7399Z\"\n                        fill=\"white\"\n                    \/>\n                <\/svg>\n            <\/a>\n        <\/li>\n        <li>\n            <button\n                type=\"button\"\n                class=\"copy-url-btn relative my-auto flex transition-opacity hover:opacity-75\"\n                data-url=\"https:\/\/www.railbaltica.org\/lv\/jaunumi\/igaunija-sper-nakamo-nozimigo-soli-rail-baltica-projekta-apstiprinats-marsruta-plans-pernavas-aprinka-posmam\/\"\n            >\n                <svg\n                    width=\"21\"\n                    height=\"21\"\n                    viewBox=\"0 0 21 21\"\n                    fill=\"none\"\n                    xmlns=\"http:\/\/www.w3.org\/2000\/svg\"\n                >\n                    <path\n                        d=\"M10.5205 20C15.7661 20 20 15.7455 20 10.4795C20 5.23392 15.7661 1 10.5205 1M10.5205 20C5.25446 20 1 15.7455 1 10.4795C1 5.23392 5.25446 1 10.5205 1M10.5205 20V1M18.7429 5.75H2.26324M18.7958 15.1345H2.21035M1.05135 10.5H19.9486M10.5103 20C13.1333 20 15.25 15.7455 15.25 10.4795C15.25 5.23392 13.1333 1 10.5103 1C7.87697 1 5.75 5.23392 5.75 10.4795C5.75 15.7455 7.87697 20 10.5103 20Z\"\n                        stroke=\"white\"\n                        stroke-linecap=\"round\"\n                        stroke-linejoin=\"round\"\n                    \/>\n                <\/svg>\n                <span\n                    class=\"absolute hidden translate-x-[-10px] translate-y-[30px]\"\n                >Copied!<\/span>\n            <\/button>\n        <\/li>\n    <\/ul>\n<\/div>\n\n                                    <time\n                        datetime=\"\"\n                        class=\"mb-2.5 flex text-xl text-blue\"\n                    >\n                        02.04.2025\n                    <\/time>\n                \n                                    <h1 class='h1 max-w-198'>\n            Igaunija sper n\u0101kamo noz\u012bm\u012bgo soli Rail Baltica projekt\u0101: apstiprin\u0101ts mar\u0161ruta pl\u0101ns P\u0113rnavas apri\u0146\u0137a posmam\n        <\/h1>\n                \n                            <\/div>\n        <\/div>\n    <\/section>\n\n<section\n    class=\"overflow-hidden py-5 md:pt-10 md:pb-5 align wp-block-excerpt-block\"\n>\n    <div\n        class=\"container relative flex flex-col items-start z-10 md:text-xl lg:!px-4\"\n    >\n                    <div\n                class=\"textual w-full text-dark text-xl lg:px-12 md:mx-auto md:max-w-222 md:text-xl\"\n            >\n                \u0160oned\u0113\u013c Igaunijas Ekonomikas un komunik\u0101ciju ministrija pazi\u0146oja par n\u0101kamo svar\u012bgo soli Rail Baltica b\u016bvniec\u012bb\u0101 Igaunij\u0101. Ekonomikas un r\u016bpniec\u012bbas ministrs Erkki Keldo ir parakst\u012bjis r\u012bkojumu, kas apstiprina P\u0113rnavas apri\u0146\u0137a posma mar\u0161ruta pl\u0101nu, t\u0101d\u0113j\u0101di \u013caujot s\u0101kt b\u016bvniec\u012bbu re\u0123ion\u0101, kur progress bija apst\u0101jies p\u0113c tam, kad Igaunijas Augst\u0101k\u0101 tiesa 2020. gad\u0101 da\u013c\u0113ji atc\u0113la iepriek\u0161\u0113jo pl\u0101nu.\n            <\/div>\n            <\/div>\n<\/section>\n\n\n<section\n    class=\"py-5 md:py-10 align wp-block-textual-block\"\n>\n    <div\n        class=\"container\"\n    >\n        <div\n            class=\"textual w-full text-xl text-dark break-words [&#038;_span]:!text-dark [&#038;_a]:!text-dark\"\n        >\n                            <p><strong>\u0160oned\u0113\u013c Igaunijas Ekonomikas un komunik<\/strong><strong>\u0101<\/strong><strong>ciju ministrija pazi<\/strong><strong>\u0146<\/strong><strong><\/strong><strong>\u016b<\/strong><strong>pniec<\/strong><strong>\u012b<\/strong><strong>bas ministrs Erkki Keldo ir parakst<\/strong><strong>\u012b<\/strong><strong>jis r<\/strong><strong>\u012b<\/strong><strong>kojumu, kas apstiprina P<\/strong><strong>\u0113<\/strong><strong>rnavas apri<\/strong><strong>\u0146\u0137<\/strong><strong>a posma mar\u0161ruta pl<\/strong><strong>\u0101<\/strong><strong>nu, t<\/strong><strong>\u0101<\/strong><strong>d<\/strong><strong>\u0113<\/strong><strong>j<\/strong><strong>\u0101<\/strong><strong>di <\/strong><strong>\u013c<\/strong><strong>aujot s<\/strong><strong>\u0101<\/strong><strong>kt b<\/strong><strong>\u016b<\/strong><strong>vniec<\/strong><strong>\u012b<\/strong><strong>bu re<\/strong><strong>\u0123<\/strong><strong>ion<\/strong><strong>\u0101<\/strong><strong>, kur progress bija apst<\/strong><strong>\u0101<\/strong><strong>jies p<\/strong><strong>\u0113<\/strong><strong>c tam, kad Igaunijas Augst<\/strong><strong>\u0101<\/strong><strong>k<\/strong><strong>\u0101<\/strong><strong> tiesa 2020. gad<\/strong><strong>\u0101<\/strong><strong> da<\/strong><strong>\u013c\u0113<\/strong><strong>ji atc<\/strong><strong>\u0113<\/strong><strong>la iepriek\u0161<\/strong><strong>\u0113<\/strong><strong>jo pl<\/strong><strong>\u0101<\/strong><strong>nu.<\/strong><\/p>\n<p>\u201cRail Baltica ir strat\u0113\u0123iski noz\u012bm\u012bgs infrastrukt\u016bras projekts gan Igaunijai, gan visam Baltijas re\u0123ionam. Tas nodro\u0161in\u0101s m\u016bsdien\u012bgu un videi draudz\u012bgu transporta savienojumu ar Eiropas dzelzce\u013ca t\u012bklu, samazin\u0101s satiksmes intensit\u0101ti uz autoce\u013ciem un veicin\u0101s re\u0123iona ekonomisko att\u012bst\u012bbu. Vienlaikus tas kalpos ar\u012b k\u0101 b\u016btisks atbalsts NATO austrumu flanga milit\u0101rajai mobilit\u0101tei,\u201d uzsv\u0113ra ministrs <strong>Keldo<\/strong>.<\/p>\n<p>B\u016bvniec\u012bbas sagatavo\u0161anas darbi norit piln\u0101 spar\u0101, un \u0161obr\u012bd tiek nosl\u0113gti l\u012bgumi ar starptautiskiem b\u016bvniec\u012bbas konsorcijiem. Rail Baltic Estonia izpilddirektors <strong>Anvars Salomets<\/strong> apstiprin\u0101jis, ka b\u016bvniec\u012bbas l\u012bgumi teju visam Igaunijas pamattrases posmam tiks parakst\u012bti l\u012bdz maijam ar m\u0113r\u0137i l\u012bdz 2030. gadam uzs\u0101kt \u0101trgaitas vilcienu satiksmi starp Tallinu un Var\u0161avu.<\/p>\n<p>RB Rail AS izpilddirektors <strong>Marko Kivila<\/strong>, kura vad\u012btais kopuz\u0146\u0113mums ir atbild\u012bgs par Rail Baltica projekta visp\u0101r\u0113jo koordin\u0101ciju, uzsv\u0113ra Igaunijas progresa noz\u012bmi pla\u0161\u0101k\u0101 kontekst\u0101: \u201cKatrs nacion\u0101la l\u012bme\u0146a l\u0113mums ir solis pret\u012b kop\u0113j\u0101 Rail Baltica dzelzce\u013ca koridora izb\u016bvei. P\u0113rnavas apri\u0146\u0137a mar\u0161ruta pl\u0101na apstiprin\u0101\u0161ana ir viens no p\u0113d\u0113jiem posmiem, kas nepiecie\u0161ams, lai b\u016bvniec\u012bba vis\u0101 Igaunijas pamattras\u0113 var\u0113tu notikt piln\u0101 apm\u0113r\u0101.\u201d<\/p>\n<p>Apstiprin\u0101tais pl\u0101nojums paredz 350 metru pla\u0161u dzelzce\u013ca koridoru. T\u0101 ietvaros tiks izb\u016bv\u0113ta 66 metrus plata dzelzce\u013ca josla, kas tiks norobe\u017eota 35 metru platum\u0101 un ietvers visu nepiecie\u0161amo infrastrukt\u016bru \u2013 sliedes, elektrol\u012bnijas, dren\u0101\u017eas sist\u0113mas un apkalpes ce\u013cus. Viet\u0113jiem iedz\u012bvot\u0101jiem b\u016bs pieejamas jaunas mobilit\u0101tes iesp\u0113jas, tostarp divas re\u0123ion\u0101l\u0101s stacijas Surju un Urissaare. T\u0101pat tiek pl\u0101nots izb\u016bv\u0113t atbalsta ce\u013cu t\u012bklu, lai b\u016bvniec\u012bbas un ekspluat\u0101cijas laik\u0101 nodro\u0161in\u0101tu piek\u013cuvi dz\u012bvojamaj\u0101m teritorij\u0101m, lauksaimniec\u012bbas zem\u0113m un me\u017eiem.<\/p>\n<p>Vides aizsardz\u012bba ir b\u016btisks aspekts, kuram Rail Baltica projekta ievie\u0161an\u0101 tiek piev\u0113rsta \u012bpa\u0161a uzman\u012bba. Ekolo\u0123isk\u0101s p\u0101rejas (ekodukti) un aizsardz\u012bbas zonas nodro\u0161in\u0101s dz\u012bvot\u0146u savienojam\u012bbu un savva\u013cas dz\u012bvnieku p\u0101rvieto\u0161an\u0101s iesp\u0113jas, \u012bpa\u0161i jut\u012bgaj\u0101s dabas teritorij\u0101s. Projekt\u0113\u0161anas posm\u0101 tiks identific\u0113tas trok\u0161\u0146u samazin\u0101\u0161anas zonas, lai aizsarg\u0101tu gan iedz\u012bvot\u0101jus, gan vidi. Papildus tiks ieviesti visaptvero\u0161i kompens\u0101cijas un ietekmes mazin\u0101\u0161anas pas\u0101kumi, lai samazin\u0101tu iesp\u0113jamo negat\u012bvo ietekmi uz vidi, tostarp uz Luitem\u0101 teritoriju, kas veidota putnu sugu aizsardz\u012bbai, un t\u0101s med\u0146u popul\u0101ciju.<\/p>\n\n                    <\/div>\n    <\/div>\n<\/section>\n\n\n<section\n    class=\"overflow-hidden py-5 md:pt-5 md:pb-10 align wp-block-button-cta-block !pt-[0]\"\n>\n    <div\n        class=\"container w-full relative flex flex-col items-start z-10\"\n    >\n        <div\n            class=\"w-full border-t border-dark pt-5 mt-4 md:mt-5 md:pt-10\"\n        >\n        <\/div>\n\n                    <a\n        href=\"\/lv\/zinas\/\"\n                class=\"btn-outline-dark mx-auto\"\n    >\n        \n        Atpaka\u013c zi\u0146\u0101m\n        \n        \n    <\/a>\n            <\/div>\n<\/section>\n","protected":false},"excerpt":{"rendered":"<p>\u0160oned\u0113\u013c Igaunijas Ekonomikas un komunik\u0101ciju ministrija pazi\u0146oja par n\u0101kamo svar\u012bgo soli Rail Baltica b\u016bvniec\u012bb\u0101 Igaunij\u0101. Ekonomikas un r\u016bpniec\u012bbas ministrs Erkki Keldo ir parakst\u012bjis r\u012bkojumu, kas apstiprina P\u0113rnavas apri\u0146\u0137a posma mar\u0161ruta pl\u0101nu, t\u0101d\u0113j\u0101di \u013caujot s\u0101kt b\u016bvniec\u012bbu re\u0123ion\u0101, kur progress bija apst\u0101jies p\u0113c tam, kad Igaunijas Augst\u0101k\u0101 tiesa 2020. gad\u0101 da\u013c\u0113ji atc\u0113la iepriek\u0161\u0113jo pl\u0101nu.<\/p>\n","protected":false},"featured_media":1041,"template":"","news_category":[],"class_list":["post-15266","news","type-news","status-publish","has-post-thumbnail","hentry"],"acf":[],"yoast_head":"<!-- This site is optimized with the Yoast SEO plugin v27.5 - https:\/\/yoast.com\/product\/yoast-seo-wordpress\/ -->\n<title>Igaunija sper n\u0101kamo noz\u012bm\u012bgo soli Rail Baltica projekt\u0101: apstiprin\u0101ts mar\u0161ruta pl\u0101ns P\u0113rnavas apri\u0146\u0137a posmam - RB<\/title>\n<meta name=\"robots\" content=\"index, follow, max-snippet:-1, max-image-preview:large, max-video-preview:-1\" \/>\n<link rel=\"canonical\" href=\"https:\/\/www.railbaltica.org\/lv\/jaunumi\/igaunija-sper-nakamo-nozimigo-soli-rail-baltica-projekta-apstiprinats-marsruta-plans-pernavas-aprinka-posmam\/\" \/>\n<meta property=\"og:locale\" content=\"lv_LV\" \/>\n<meta property=\"og:type\" content=\"article\" \/>\n<meta property=\"og:title\" content=\"Igaunija sper n\u0101kamo noz\u012bm\u012bgo soli Rail Baltica projekt\u0101: apstiprin\u0101ts mar\u0161ruta pl\u0101ns P\u0113rnavas apri\u0146\u0137a posmam - RB\" \/>\n<meta property=\"og:description\" content=\"\u0160oned\u0113\u013c Igaunijas Ekonomikas un komunik\u0101ciju ministrija pazi\u0146oja par n\u0101kamo svar\u012bgo soli Rail Baltica b\u016bvniec\u012bb\u0101 Igaunij\u0101. Ekonomikas un r\u016bpniec\u012bbas ministrs Erkki Keldo ir parakst\u012bjis r\u012bkojumu, kas apstiprina P\u0113rnavas apri\u0146\u0137a posma mar\u0161ruta pl\u0101nu, t\u0101d\u0113j\u0101di \u013caujot s\u0101kt b\u016bvniec\u012bbu re\u0123ion\u0101, kur progress bija apst\u0101jies p\u0113c tam, kad Igaunijas Augst\u0101k\u0101 tiesa 2020. gad\u0101 da\u013c\u0113ji atc\u0113la iepriek\u0161\u0113jo pl\u0101nu.\" \/>\n<meta property=\"og:url\" content=\"https:\/\/www.railbaltica.org\/lv\/jaunumi\/igaunija-sper-nakamo-nozimigo-soli-rail-baltica-projekta-apstiprinats-marsruta-plans-pernavas-aprinka-posmam\/\" \/>\n<meta property=\"og:site_name\" content=\"RB\" \/>\n<meta property=\"article:modified_time\" content=\"2025-08-21T15:45:12+00:00\" \/>\n<meta property=\"og:image\" content=\"https:\/\/www.railbaltica.org\/wp-content\/uploads\/2025\/07\/Rail_Baltica_visualisation.jpg\" \/>\n\t<meta property=\"og:image:width\" content=\"1000\" \/>\n\t<meta property=\"og:image:height\" content=\"516\" \/>\n\t<meta property=\"og:image:type\" content=\"image\/jpeg\" \/>\n<meta name=\"twitter:card\" content=\"summary_large_image\" \/>\n<script type=\"application\/ld+json\" class=\"yoast-schema-graph\">{\"@context\":\"https:\\\/\\\/schema.org\",\"@graph\":[{\"@type\":\"WebPage\",\"@id\":\"https:\\\/\\\/www.railbaltica.org\\\/lv\\\/jaunumi\\\/igaunija-sper-nakamo-nozimigo-soli-rail-baltica-projekta-apstiprinats-marsruta-plans-pernavas-aprinka-posmam\\\/\",\"url\":\"https:\\\/\\\/www.railbaltica.org\\\/lv\\\/jaunumi\\\/igaunija-sper-nakamo-nozimigo-soli-rail-baltica-projekta-apstiprinats-marsruta-plans-pernavas-aprinka-posmam\\\/\",\"name\":\"Igaunija sper n\u0101kamo noz\u012bm\u012bgo soli Rail Baltica projekt\u0101: apstiprin\u0101ts mar\u0161ruta pl\u0101ns P\u0113rnavas apri\u0146\u0137a posmam - RB\",\"isPartOf\":{\"@id\":\"https:\\\/\\\/www.railbaltica.org\\\/#website\"},\"primaryImageOfPage\":{\"@id\":\"https:\\\/\\\/www.railbaltica.org\\\/lv\\\/jaunumi\\\/igaunija-sper-nakamo-nozimigo-soli-rail-baltica-projekta-apstiprinats-marsruta-plans-pernavas-aprinka-posmam\\\/#primaryimage\"},\"image\":{\"@id\":\"https:\\\/\\\/www.railbaltica.org\\\/lv\\\/jaunumi\\\/igaunija-sper-nakamo-nozimigo-soli-rail-baltica-projekta-apstiprinats-marsruta-plans-pernavas-aprinka-posmam\\\/#primaryimage\"},\"thumbnailUrl\":\"https:\\\/\\\/www.railbaltica.org\\\/wp-content\\\/uploads\\\/2025\\\/07\\\/Rail_Baltica_visualisation.jpg\",\"datePublished\":\"2025-04-02T13:43:39+00:00\",\"dateModified\":\"2025-08-21T15:45:12+00:00\",\"breadcrumb\":{\"@id\":\"https:\\\/\\\/www.railbaltica.org\\\/lv\\\/jaunumi\\\/igaunija-sper-nakamo-nozimigo-soli-rail-baltica-projekta-apstiprinats-marsruta-plans-pernavas-aprinka-posmam\\\/#breadcrumb\"},\"inLanguage\":\"lv-LV\",\"potentialAction\":[{\"@type\":\"ReadAction\",\"target\":[\"https:\\\/\\\/www.railbaltica.org\\\/lv\\\/jaunumi\\\/igaunija-sper-nakamo-nozimigo-soli-rail-baltica-projekta-apstiprinats-marsruta-plans-pernavas-aprinka-posmam\\\/\"]}]},{\"@type\":\"ImageObject\",\"inLanguage\":\"lv-LV\",\"@id\":\"https:\\\/\\\/www.railbaltica.org\\\/lv\\\/jaunumi\\\/igaunija-sper-nakamo-nozimigo-soli-rail-baltica-projekta-apstiprinats-marsruta-plans-pernavas-aprinka-posmam\\\/#primaryimage\",\"url\":\"https:\\\/\\\/www.railbaltica.org\\\/wp-content\\\/uploads\\\/2025\\\/07\\\/Rail_Baltica_visualisation.jpg\",\"contentUrl\":\"https:\\\/\\\/www.railbaltica.org\\\/wp-content\\\/uploads\\\/2025\\\/07\\\/Rail_Baltica_visualisation.jpg\",\"width\":1000,\"height\":516},{\"@type\":\"BreadcrumbList\",\"@id\":\"https:\\\/\\\/www.railbaltica.org\\\/lv\\\/jaunumi\\\/igaunija-sper-nakamo-nozimigo-soli-rail-baltica-projekta-apstiprinats-marsruta-plans-pernavas-aprinka-posmam\\\/#breadcrumb\",\"itemListElement\":[{\"@type\":\"ListItem\",\"position\":1,\"name\":\"Home\",\"item\":\"https:\\\/\\\/www.railbaltica.org\\\/lv\\\/\"},{\"@type\":\"ListItem\",\"position\":2,\"name\":\"Igaunija sper n\u0101kamo noz\u012bm\u012bgo soli Rail Baltica projekt\u0101: apstiprin\u0101ts mar\u0161ruta pl\u0101ns P\u0113rnavas apri\u0146\u0137a posmam\"}]},{\"@type\":\"WebSite\",\"@id\":\"https:\\\/\\\/www.railbaltica.org\\\/#website\",\"url\":\"https:\\\/\\\/www.railbaltica.org\\\/\",\"name\":\"RB\",\"description\":\"\",\"potentialAction\":[{\"@type\":\"SearchAction\",\"target\":{\"@type\":\"EntryPoint\",\"urlTemplate\":\"https:\\\/\\\/www.railbaltica.org\\\/?s={search_term_string}\"},\"query-input\":{\"@type\":\"PropertyValueSpecification\",\"valueRequired\":true,\"valueName\":\"search_term_string\"}}],\"inLanguage\":\"lv-LV\"}]}<\/script>\n<!-- \/ Yoast SEO plugin. -->","yoast_head_json":{"title":"Igaunija sper n\u0101kamo noz\u012bm\u012bgo soli Rail Baltica projekt\u0101: apstiprin\u0101ts mar\u0161ruta pl\u0101ns P\u0113rnavas apri\u0146\u0137a posmam - RB","robots":{"index":"index","follow":"follow","max-snippet":"max-snippet:-1","max-image-preview":"max-image-preview:large","max-video-preview":"max-video-preview:-1"},"canonical":"https:\/\/www.railbaltica.org\/lv\/jaunumi\/igaunija-sper-nakamo-nozimigo-soli-rail-baltica-projekta-apstiprinats-marsruta-plans-pernavas-aprinka-posmam\/","og_locale":"lv_LV","og_type":"article","og_title":"Igaunija sper n\u0101kamo noz\u012bm\u012bgo soli Rail Baltica projekt\u0101: apstiprin\u0101ts mar\u0161ruta pl\u0101ns P\u0113rnavas apri\u0146\u0137a posmam - RB","og_description":"\u0160oned\u0113\u013c Igaunijas Ekonomikas un komunik\u0101ciju ministrija pazi\u0146oja par n\u0101kamo svar\u012bgo soli Rail Baltica b\u016bvniec\u012bb\u0101 Igaunij\u0101. Ekonomikas un r\u016bpniec\u012bbas ministrs Erkki Keldo ir parakst\u012bjis r\u012bkojumu, kas apstiprina P\u0113rnavas apri\u0146\u0137a posma mar\u0161ruta pl\u0101nu, t\u0101d\u0113j\u0101di \u013caujot s\u0101kt b\u016bvniec\u012bbu re\u0123ion\u0101, kur progress bija apst\u0101jies p\u0113c tam, kad Igaunijas Augst\u0101k\u0101 tiesa 2020. gad\u0101 da\u013c\u0113ji atc\u0113la iepriek\u0161\u0113jo pl\u0101nu.","og_url":"https:\/\/www.railbaltica.org\/lv\/jaunumi\/igaunija-sper-nakamo-nozimigo-soli-rail-baltica-projekta-apstiprinats-marsruta-plans-pernavas-aprinka-posmam\/","og_site_name":"RB","article_modified_time":"2025-08-21T15:45:12+00:00","og_image":[{"width":1000,"height":516,"url":"https:\/\/www.railbaltica.org\/wp-content\/uploads\/2025\/07\/Rail_Baltica_visualisation.jpg","type":"image\/jpeg"}],"twitter_card":"summary_large_image","schema":{"@context":"https:\/\/schema.org","@graph":[{"@type":"WebPage","@id":"https:\/\/www.railbaltica.org\/lv\/jaunumi\/igaunija-sper-nakamo-nozimigo-soli-rail-baltica-projekta-apstiprinats-marsruta-plans-pernavas-aprinka-posmam\/","url":"https:\/\/www.railbaltica.org\/lv\/jaunumi\/igaunija-sper-nakamo-nozimigo-soli-rail-baltica-projekta-apstiprinats-marsruta-plans-pernavas-aprinka-posmam\/","name":"Igaunija sper n\u0101kamo noz\u012bm\u012bgo soli Rail Baltica projekt\u0101: apstiprin\u0101ts mar\u0161ruta pl\u0101ns P\u0113rnavas apri\u0146\u0137a posmam - RB","isPartOf":{"@id":"https:\/\/www.railbaltica.org\/#website"},"primaryImageOfPage":{"@id":"https:\/\/www.railbaltica.org\/lv\/jaunumi\/igaunija-sper-nakamo-nozimigo-soli-rail-baltica-projekta-apstiprinats-marsruta-plans-pernavas-aprinka-posmam\/#primaryimage"},"image":{"@id":"https:\/\/www.railbaltica.org\/lv\/jaunumi\/igaunija-sper-nakamo-nozimigo-soli-rail-baltica-projekta-apstiprinats-marsruta-plans-pernavas-aprinka-posmam\/#primaryimage"},"thumbnailUrl":"https:\/\/www.railbaltica.org\/wp-content\/uploads\/2025\/07\/Rail_Baltica_visualisation.jpg","datePublished":"2025-04-02T13:43:39+00:00","dateModified":"2025-08-21T15:45:12+00:00","breadcrumb":{"@id":"https:\/\/www.railbaltica.org\/lv\/jaunumi\/igaunija-sper-nakamo-nozimigo-soli-rail-baltica-projekta-apstiprinats-marsruta-plans-pernavas-aprinka-posmam\/#breadcrumb"},"inLanguage":"lv-LV","potentialAction":[{"@type":"ReadAction","target":["https:\/\/www.railbaltica.org\/lv\/jaunumi\/igaunija-sper-nakamo-nozimigo-soli-rail-baltica-projekta-apstiprinats-marsruta-plans-pernavas-aprinka-posmam\/"]}]},{"@type":"ImageObject","inLanguage":"lv-LV","@id":"https:\/\/www.railbaltica.org\/lv\/jaunumi\/igaunija-sper-nakamo-nozimigo-soli-rail-baltica-projekta-apstiprinats-marsruta-plans-pernavas-aprinka-posmam\/#primaryimage","url":"https:\/\/www.railbaltica.org\/wp-content\/uploads\/2025\/07\/Rail_Baltica_visualisation.jpg","contentUrl":"https:\/\/www.railbaltica.org\/wp-content\/uploads\/2025\/07\/Rail_Baltica_visualisation.jpg","width":1000,"height":516},{"@type":"BreadcrumbList","@id":"https:\/\/www.railbaltica.org\/lv\/jaunumi\/igaunija-sper-nakamo-nozimigo-soli-rail-baltica-projekta-apstiprinats-marsruta-plans-pernavas-aprinka-posmam\/#breadcrumb","itemListElement":[{"@type":"ListItem","position":1,"name":"Home","item":"https:\/\/www.railbaltica.org\/lv\/"},{"@type":"ListItem","position":2,"name":"Igaunija sper n\u0101kamo noz\u012bm\u012bgo soli Rail Baltica projekt\u0101: apstiprin\u0101ts mar\u0161ruta pl\u0101ns P\u0113rnavas apri\u0146\u0137a posmam"}]},{"@type":"WebSite","@id":"https:\/\/www.railbaltica.org\/#website","url":"https:\/\/www.railbaltica.org\/","name":"RB","description":"","potentialAction":[{"@type":"SearchAction","target":{"@type":"EntryPoint","urlTemplate":"https:\/\/www.railbaltica.org\/?s={search_term_string}"},"query-input":{"@type":"PropertyValueSpecification","valueRequired":true,"valueName":"search_term_string"}}],"inLanguage":"lv-LV"}]}},"_links":{"self":[{"href":"https:\/\/www.railbaltica.org\/lv\/wp-json\/wp\/v2\/news\/15266","targetHints":{"allow":["GET"]}}],"collection":[{"href":"https:\/\/www.railbaltica.org\/lv\/wp-json\/wp\/v2\/news"}],"about":[{"href":"https:\/\/www.railbaltica.org\/lv\/wp-json\/wp\/v2\/types\/news"}],"wp:featuredmedia":[{"embeddable":true,"href":"https:\/\/www.railbaltica.org\/lv\/wp-json\/wp\/v2\/media\/1041"}],"wp:attachment":[{"href":"https:\/\/www.railbaltica.org\/lv\/wp-json\/wp\/v2\/media?parent=15266"}],"wp:term":[{"taxonomy":"news_category","embeddable":true,"href":"https:\/\/www.railbaltica.org\/lv\/wp-json\/wp\/v2\/news_category?post=15266"}],"curies":[{"name":"wp","href":"https:\/\/api.w.org\/{rel}","templated":true}]}}