{"id":15235,"date":"2025-03-07T14:18:20","date_gmt":"2025-03-07T14:18:20","guid":{"rendered":"https:\/\/www.railbaltica.org\/news\/igaunija-noslegti-buvniecibas-ligumi-jau-par-pusi-no-rail-baltica-pamattrases\/"},"modified":"2025-08-20T07:15:32","modified_gmt":"2025-08-20T07:15:32","slug":"igaunija-noslegti-buvniecibas-ligumi-jau-par-pusi-no-rail-baltica-pamattrases","status":"publish","type":"news","link":"https:\/\/www.railbaltica.org\/lv\/jaunumi\/igaunija-noslegti-buvniecibas-ligumi-jau-par-pusi-no-rail-baltica-pamattrases\/","title":{"rendered":"Igaunij\u0101 nosl\u0113gti b\u016bvniec\u012bbas l\u012bgumi jau par pusi no Rail Baltica pamattrases"},"content":{"rendered":"<section\n    class=\"align wp-block-hero-page-block relative flex overflow-hidden z-10 mt-20 md:mt-52\"\n>\n            <div\n            class=\"container md:!px-14\"\n        >\n            <div\n                class=\"bg-dark text-white rounded p-4 md:p-10\"\n            >\n                                <div\n    class=\"flex justify-between border-t pt-2.5 my-5 text-sm\"\n>\n    <span>Dalies ar jaunumiem\n<\/span>\n    <ul\n        class=\"flex items-center gap-5\"\n    >\n        <li>\n            <a\n                href=\"https:\/\/www.facebook.com\/sharer\/sharer.php?u=https%3A%2F%2Fwww.railbaltica.org%2Flv%2Fjaunumi%2Figaunija-noslegti-buvniecibas-ligumi-jau-par-pusi-no-rail-baltica-pamattrases%2F\"\n                target=\"_blank\"\n                rel=\"noopener noreferrer\"\n                aria-label=\"Share on Facebook\"\n                class=\"transition-opacity hover:opacity-75\"\n            >\n                <svg\n                    width=\"20\"\n                    height=\"20\"\n                    viewBox=\"0 0 20 20\"\n                    fill=\"none\"\n                    xmlns=\"http:\/\/www.w3.org\/2000\/svg\"\n                >\n                    <path\n                        d=\"M7.5 6.66667H5V10H7.5V20H11.6667V10H14.7017L15 6.66667H11.6667V5.2775C11.6667 4.48167 11.8267 4.16667 12.5958 4.16667H15V0H11.8267C8.83 0 7.5 1.31917 7.5 3.84583V6.66667Z\"\n                        fill=\"white\"\n                    \/>\n                <\/svg>\n            <\/a>\n        <\/li>\n        <li>\n            <a\n                href=\"https:\/\/twitter.com\/intent\/tweet?url=https%3A%2F%2Fwww.railbaltica.org%2Flv%2Fjaunumi%2Figaunija-noslegti-buvniecibas-ligumi-jau-par-pusi-no-rail-baltica-pamattrases%2F&amp;text=Igaunij%C4%81+nosl%C4%93gti+b%C5%ABvniec%C4%ABbas+l%C4%ABgumi+jau+par+pusi+no+Rail+Baltica+pamattrases\"\n                target=\"_blank\"\n                rel=\"noopener noreferrer\"\n                aria-label=\"Share on Twitter\"\n                class=\"transition-opacity hover:opacity-75\"\n            >\n                <svg\n                    width=\"20\"\n                    height=\"20\"\n                    viewBox=\"0 0 20 20\"\n                    fill=\"none\"\n                    xmlns=\"http:\/\/www.w3.org\/2000\/svg\"\n                >\n                    <path\n                        d=\"M14.7313 2.68748H17.238L11.763 8.88248L18.2038 17.3125H13.1597L9.20966 12.2L4.68966 17.3125H2.18299L8.03883 10.6866L1.86133 2.68665H7.03216L10.603 7.35998L14.7322 2.68665L14.7313 2.68748ZM13.8522 15.8275H15.2405L6.27716 4.09415H4.78716L13.8522 15.8275Z\"\n                        fill=\"white\"\n                    \/>\n                <\/svg>\n            <\/a>\n        <\/li>\n        <li>\n            <a\n                href=\"https:\/\/www.linkedin.com\/sharing\/share-offsite\/?url=https%3A%2F%2Fwww.railbaltica.org%2Flv%2Fjaunumi%2Figaunija-noslegti-buvniecibas-ligumi-jau-par-pusi-no-rail-baltica-pamattrases%2F\"\n                target=\"_blank\"\n                rel=\"noopener noreferrer\"\n                aria-label=\"Share on LinkedIn\"\n                class=\"transition-opacity hover:opacity-75\"\n            >\n                <svg\n                    width=\"20\"\n                    height=\"20\"\n                    viewBox=\"0 0 20 20\"\n                    fill=\"none\"\n                    xmlns=\"http:\/\/www.w3.org\/2000\/svg\"\n                >\n                    <path\n                        d=\"M18.4097 0.000139829H1.46998C1.27956 -0.00250476 1.09049 0.0323869 0.913553 0.102822C0.73662 0.173257 0.575295 0.277857 0.438791 0.410646C0.302287 0.543436 0.193279 0.701814 0.11799 0.876737C0.0427018 1.05166 0.00260836 1.2397 0 1.43012V18.5699C0.00260836 18.7603 0.0427018 18.9483 0.11799 19.1233C0.193279 19.2982 0.302287 19.4566 0.438791 19.5894C0.575295 19.7221 0.73662 19.8267 0.913553 19.8972C1.09049 19.9676 1.27956 20.0025 1.46998 19.9999H18.4097C18.6002 20.0025 18.7892 19.9676 18.9662 19.8972C19.1431 19.8267 19.3044 19.7221 19.4409 19.5894C19.5774 19.4566 19.6864 19.2982 19.7617 19.1233C19.837 18.9483 19.8771 18.7603 19.8797 18.5699V1.43012C19.8771 1.2397 19.837 1.05166 19.7617 0.876737C19.6864 0.701814 19.5774 0.543436 19.4409 0.410646C19.3044 0.277857 19.1431 0.173257 18.9662 0.102822C18.7892 0.0323869 18.6002 -0.00250476 18.4097 0.000139829ZM6.02992 16.7399H3.02996V7.74003H6.02992V16.7399ZM4.52994 6.48005C4.1162 6.48005 3.71942 6.31569 3.42687 6.02314C3.13431 5.73059 2.96996 5.3338 2.96996 4.92007C2.96996 4.50634 3.13431 4.10955 3.42687 3.817C3.71942 3.52445 4.1162 3.36009 4.52994 3.36009C4.74963 3.33518 4.97211 3.35695 5.1828 3.42398C5.3935 3.491 5.58766 3.60178 5.75258 3.74905C5.91749 3.89632 6.04944 4.07676 6.13979 4.27856C6.23013 4.48036 6.27683 4.69897 6.27683 4.92007C6.27683 5.14117 6.23013 5.35978 6.13979 5.56158C6.04944 5.76338 5.91749 5.94382 5.75258 6.09109C5.58766 6.23836 5.3935 6.34914 5.1828 6.41617C4.97211 6.48319 4.74963 6.50496 4.52994 6.48005ZM16.8498 16.7399H13.8498V11.91C13.8498 10.7 13.4198 9.91 12.3298 9.91C11.9925 9.91247 11.664 10.0183 11.3887 10.2132C11.1133 10.4081 10.9043 10.6827 10.7899 11C10.7116 11.235 10.6777 11.4826 10.6899 11.73V16.7299H7.68989V7.73003H10.6899V9.00001C10.9624 8.52713 11.3587 8.13755 11.8363 7.87323C12.3138 7.60892 12.8544 7.47989 13.3998 7.50003C15.3998 7.50003 16.8498 8.79002 16.8498 11.56V16.7399Z\"\n                        fill=\"white\"\n                    \/>\n                <\/svg>\n            <\/a>\n        <\/li>\n        <li>\n            <button\n                type=\"button\"\n                class=\"copy-url-btn relative my-auto flex transition-opacity hover:opacity-75\"\n                data-url=\"https:\/\/www.railbaltica.org\/lv\/jaunumi\/igaunija-noslegti-buvniecibas-ligumi-jau-par-pusi-no-rail-baltica-pamattrases\/\"\n            >\n                <svg\n                    width=\"21\"\n                    height=\"21\"\n                    viewBox=\"0 0 21 21\"\n                    fill=\"none\"\n                    xmlns=\"http:\/\/www.w3.org\/2000\/svg\"\n                >\n                    <path\n                        d=\"M10.5205 20C15.7661 20 20 15.7455 20 10.4795C20 5.23392 15.7661 1 10.5205 1M10.5205 20C5.25446 20 1 15.7455 1 10.4795C1 5.23392 5.25446 1 10.5205 1M10.5205 20V1M18.7429 5.75H2.26324M18.7958 15.1345H2.21035M1.05135 10.5H19.9486M10.5103 20C13.1333 20 15.25 15.7455 15.25 10.4795C15.25 5.23392 13.1333 1 10.5103 1C7.87697 1 5.75 5.23392 5.75 10.4795C5.75 15.7455 7.87697 20 10.5103 20Z\"\n                        stroke=\"white\"\n                        stroke-linecap=\"round\"\n                        stroke-linejoin=\"round\"\n                    \/>\n                <\/svg>\n                <span\n                    class=\"absolute hidden translate-x-[-10px] translate-y-[30px]\"\n                >Copied!<\/span>\n            <\/button>\n        <\/li>\n    <\/ul>\n<\/div>\n\n                                    <time\n                        datetime=\"\"\n                        class=\"mb-2.5 flex text-xl text-blue\"\n                    >\n                        07.03.2025\n                    <\/time>\n                \n                                    <h1 class='h1 max-w-198'>\n            Igaunij\u0101 nosl\u0113gti b\u016bvniec\u012bbas l\u012bgumi jau par pusi no Rail Baltica pamattrases\n        <\/h1>\n                \n                            <\/div>\n        <\/div>\n    <\/section>\n\n<section\n    class=\"overflow-hidden py-5 md:pt-10 md:pb-5 align wp-block-excerpt-block\"\n>\n    <div\n        class=\"container relative flex flex-col items-start z-10 md:text-xl lg:!px-4\"\n    >\n                    <div\n                class=\"textual w-full text-dark text-xl lg:px-12 md:mx-auto md:max-w-222 md:text-xl\"\n            >\n                Rail Baltica b\u016bvniec\u012bba Igaunij\u0101 ir sasniegusi noz\u012bm\u012bgu atskaites punktu \u2013 b\u016bvniec\u012bbas l\u012bgumi tagad aptver pusi no pamattrases, kas stiepjas no \u012alemistes stacijas l\u012bdz Tootsi P\u0113rnavas apri\u0146\u0137\u012b.\n            <\/div>\n            <\/div>\n<\/section>\n<section\n    class=\"py-5 md:py-10 align wp-block-textual-block\"\n>\n    <div\n        class=\"container\"\n    >\n        <div\n            class=\"textual w-full text-xl text-dark break-words [&#038;_span]:!text-dark [&#038;_a]:!text-dark\"\n        >\n                            <p><strong><\/strong><\/p>\n\n                    <\/div>\n    <\/div>\n<\/section>\n\n\n<section\n    class=\"overflow-hidden py-5 md:pt-10 md:pb-5 align wp-block-image-block !pt-[0] !pb-[0]\"\n>\n    <div\n        class=\"container relative flex flex-col items-start z-10\"\n    >\n        <div\n            class=\"w-full text-lg text-dark\"\n        >\n                            <img decoding=\"async\"\n        src=\"https:\/\/www.railbaltica.org\/wp-content\/uploads\/2025\/07\/54370914764_427641d9fd_k-1.jpg\"\n        alt=\"54370914764_427641d9fd_k\"\n         title=\"54370914764_427641d9fd_k\"         class=\"block w-auto h-auto max-w-full max-h-[600px]\"\n        loading=\"lazy\"\n    \/>\n                                <\/div>\n    <\/div>\n<\/section>\n\n\n<section\n    class=\"py-5 md:py-10 align wp-block-textual-block\"\n>\n    <div\n        class=\"container\"\n    >\n        <div\n            class=\"textual w-full text-xl text-dark break-words [&#038;_span]:!text-dark [&#038;_a]:!text-dark\"\n        >\n                            <p>Piektdien J\u00e4rvakandi, Raplas apri\u0146\u0137\u012b, Rail Baltica nacion\u0101lais ievies\u0113js Rail Baltic Estonia\u00a0 parakst\u012bja l\u012bgumu ar AS TREV-2 Grupp par projekt\u0113\u0161anas un b\u016bvniec\u012bbas darbiem v\u0113l 14 kilometru garum\u0101, kas aptver posmu K\u00e4rpla-Selja Raplas apri\u0146\u0137\u012b.<\/p>\n<p>\u201cRail Baltica nav tikai jauns transporta koridors, kas savienos Igauniju, Latviju un Lietuvu ar p\u0101r\u0113jo Eiropu, tas ir b\u016btisks ieguld\u012bjums m\u016bsu ekonomik\u0101 un dro\u0161\u012bb\u0101,\u201d sac\u012bja Rail Baltic Estonia izpilddirektors <strong>Anvars Salomets <\/strong><em>(Anvar Salomets)<\/em>. \u201cRail Baltica ir strat\u0113\u0123iskas noz\u012bmes projekts, kas atver jaunus tirgus Igaunijas uz\u0146\u0113mumiem un stiprina re\u0123ion\u0101lo dro\u0161\u012bbu.\u201d<\/p>\n<p>TREV-2 Grupp veiks gan projekt\u0113\u0161anas, gan b\u016bvniec\u012bbas darbus da\u017e\u0101diem infrastrukt\u016bras elementiem \u0161aj\u0101 posm\u0101. Tas ietver Ahek\u00f5nnu un N\u00f5lva viaduktus, kas nodro\u0161in\u0101s viet\u0113jos transporta savienojumus ar jauno dzelzce\u013ca koridoru, k\u0101 ar\u012b K\u00e4rpla ekoduktu un Kootja za\u013co tiltu, lai savva\u013cas dz\u012bvnieki var\u0113tu dro\u0161i p\u0101rvietoties. T\u0101pat l\u012bgums paredz dzelzce\u013ca tiltu izb\u016bvi p\u0101r Velises un Nurtu up\u0113m, k\u0101 ar\u012b Lihuveski dz\u012bvnieku tuneli, mazinot dzelzce\u013ca ietekmi uz vidi. \u0160\u012bs b\u016bves tiks \u012bstenotas k\u0101 da\u013ca no pamattrases projekt\u0113\u0161anas un b\u016bvniec\u012bbas darbiem, nodro\u0161inot Rail Baltica atbilst\u012bbu gan tehniskajiem, gan vides standartiem.<\/p>\n<p>\u201cTREV-2 Grupp jau ir pla\u0161a pieredze un cie\u0161a sadarb\u012bba ar pas\u016bt\u012bt\u0101ju da\u017e\u0101du Rail Baltica trases posmu un ar tiem saist\u012bt\u0101s infrastrukt\u016bras b\u016bvniec\u012bb\u0101,\u201d uzsv\u0113ra TREV-2 Grupp izpilddirektors <strong>Svens P\u0113rtens <\/strong><em>(Sven Pertens)<\/em>. \u201c\u0145emot v\u0113r\u0101 \u0161\u012b projekta m\u0113rogu, Rail Baltica b\u016bvniec\u012bba ir b\u016btiska Igaunijas ekonomikai un infrastrukt\u016bras nozarei, pa\u0161reiz\u0113j\u0101 ekonomiskaj\u0101 situ\u0101cij\u0101 nodro\u0161inot b\u016bvniec\u012bbas sektoram ilgtermi\u0146a pl\u0101no\u0161anas iesp\u0113jas.\u201d<\/p>\n<p>K\u00e4rpla-Selja posma projekt\u0113\u0161anas un b\u016bvniec\u012bbas l\u012bguma v\u0113rt\u012bba ir 67,6 miljoni eiro (bez PVN). Darbi turpin\u0101sies l\u012bdz 2028. gada beig\u0101m, un l\u012bdz 2027. gadam pl\u0101nots pabeigt vismaz asto\u0146us kilometrus pamattrases uzb\u0113ruma.<\/p>\n<p>B\u016bvniec\u012bbas l\u012bgums tiek finans\u0113ts no Eiropas infrastrukt\u016bras savieno\u0161anas instrumenta (<em>EISI<\/em>) un Igaunijas valsts bud\u017eeta.<\/p>\n\n                    <\/div>\n    <\/div>\n<\/section>\n\n\n\n<section\n    class=\"overflow-hidden py-5 md:pt-5 md:pb-10 align wp-block-button-cta-block !pt-[0]\"\n>\n    <div\n        class=\"container w-full relative flex flex-col items-start z-10\"\n    >\n        <div\n            class=\"w-full border-t border-dark pt-5 mt-4 md:mt-5 md:pt-10\"\n        >\n        <\/div>\n\n                    <a\n        href=\"\/lv\/zinas\/\"\n                class=\"btn-outline-dark mx-auto\"\n    >\n        \n        Atpaka\u013c zi\u0146\u0101m\n        \n        \n    <\/a>\n            <\/div>\n<\/section>\n","protected":false},"excerpt":{"rendered":"<p>Rail Baltica b\u016bvniec\u012bba Igaunij\u0101 ir sasniegusi noz\u012bm\u012bgu atskaites punktu \u2013 b\u016bvniec\u012bbas l\u012bgumi tagad aptver pusi no pamattrases, kas stiepjas no \u012alemistes stacijas l\u012bdz Tootsi P\u0113rnavas apri\u0146\u0137\u012b.<\/p>\n","protected":false},"featured_media":15227,"template":"","news_category":[],"class_list":["post-15235","news","type-news","status-publish","has-post-thumbnail","hentry"],"acf":[],"yoast_head":"<!-- This site is optimized with the Yoast SEO plugin v27.5 - https:\/\/yoast.com\/product\/yoast-seo-wordpress\/ -->\n<title>Igaunij\u0101 nosl\u0113gti b\u016bvniec\u012bbas l\u012bgumi jau par pusi no Rail Baltica pamattrases - RB<\/title>\n<meta name=\"robots\" content=\"index, follow, max-snippet:-1, max-image-preview:large, max-video-preview:-1\" \/>\n<link rel=\"canonical\" href=\"https:\/\/www.railbaltica.org\/lv\/jaunumi\/igaunija-noslegti-buvniecibas-ligumi-jau-par-pusi-no-rail-baltica-pamattrases\/\" \/>\n<meta property=\"og:locale\" content=\"lv_LV\" \/>\n<meta property=\"og:type\" content=\"article\" \/>\n<meta property=\"og:title\" content=\"Igaunij\u0101 nosl\u0113gti b\u016bvniec\u012bbas l\u012bgumi jau par pusi no Rail Baltica pamattrases - RB\" \/>\n<meta property=\"og:description\" content=\"Rail Baltica b\u016bvniec\u012bba Igaunij\u0101 ir sasniegusi noz\u012bm\u012bgu atskaites punktu \u2013 b\u016bvniec\u012bbas l\u012bgumi tagad aptver pusi no pamattrases, kas stiepjas no \u012alemistes stacijas l\u012bdz Tootsi P\u0113rnavas apri\u0146\u0137\u012b.\" \/>\n<meta property=\"og:url\" content=\"https:\/\/www.railbaltica.org\/lv\/jaunumi\/igaunija-noslegti-buvniecibas-ligumi-jau-par-pusi-no-rail-baltica-pamattrases\/\" \/>\n<meta property=\"og:site_name\" content=\"RB\" \/>\n<meta property=\"article:modified_time\" content=\"2025-08-20T07:15:32+00:00\" \/>\n<meta property=\"og:image\" content=\"https:\/\/www.railbaltica.org\/wp-content\/uploads\/2025\/07\/54370914764_427641d9fd_k-1.jpg\" \/>\n\t<meta property=\"og:image:width\" content=\"2047\" \/>\n\t<meta property=\"og:image:height\" content=\"1365\" \/>\n\t<meta property=\"og:image:type\" content=\"image\/jpeg\" \/>\n<meta name=\"twitter:card\" content=\"summary_large_image\" \/>\n<script type=\"application\/ld+json\" class=\"yoast-schema-graph\">{\"@context\":\"https:\\\/\\\/schema.org\",\"@graph\":[{\"@type\":\"WebPage\",\"@id\":\"https:\\\/\\\/www.railbaltica.org\\\/lv\\\/jaunumi\\\/igaunija-noslegti-buvniecibas-ligumi-jau-par-pusi-no-rail-baltica-pamattrases\\\/\",\"url\":\"https:\\\/\\\/www.railbaltica.org\\\/lv\\\/jaunumi\\\/igaunija-noslegti-buvniecibas-ligumi-jau-par-pusi-no-rail-baltica-pamattrases\\\/\",\"name\":\"Igaunij\u0101 nosl\u0113gti b\u016bvniec\u012bbas l\u012bgumi jau par pusi no Rail Baltica pamattrases - RB\",\"isPartOf\":{\"@id\":\"https:\\\/\\\/www.railbaltica.org\\\/#website\"},\"primaryImageOfPage\":{\"@id\":\"https:\\\/\\\/www.railbaltica.org\\\/lv\\\/jaunumi\\\/igaunija-noslegti-buvniecibas-ligumi-jau-par-pusi-no-rail-baltica-pamattrases\\\/#primaryimage\"},\"image\":{\"@id\":\"https:\\\/\\\/www.railbaltica.org\\\/lv\\\/jaunumi\\\/igaunija-noslegti-buvniecibas-ligumi-jau-par-pusi-no-rail-baltica-pamattrases\\\/#primaryimage\"},\"thumbnailUrl\":\"https:\\\/\\\/www.railbaltica.org\\\/wp-content\\\/uploads\\\/2025\\\/07\\\/54370914764_427641d9fd_k-1.jpg\",\"datePublished\":\"2025-03-07T14:18:20+00:00\",\"dateModified\":\"2025-08-20T07:15:32+00:00\",\"breadcrumb\":{\"@id\":\"https:\\\/\\\/www.railbaltica.org\\\/lv\\\/jaunumi\\\/igaunija-noslegti-buvniecibas-ligumi-jau-par-pusi-no-rail-baltica-pamattrases\\\/#breadcrumb\"},\"inLanguage\":\"lv-LV\",\"potentialAction\":[{\"@type\":\"ReadAction\",\"target\":[\"https:\\\/\\\/www.railbaltica.org\\\/lv\\\/jaunumi\\\/igaunija-noslegti-buvniecibas-ligumi-jau-par-pusi-no-rail-baltica-pamattrases\\\/\"]}]},{\"@type\":\"ImageObject\",\"inLanguage\":\"lv-LV\",\"@id\":\"https:\\\/\\\/www.railbaltica.org\\\/lv\\\/jaunumi\\\/igaunija-noslegti-buvniecibas-ligumi-jau-par-pusi-no-rail-baltica-pamattrases\\\/#primaryimage\",\"url\":\"https:\\\/\\\/www.railbaltica.org\\\/wp-content\\\/uploads\\\/2025\\\/07\\\/54370914764_427641d9fd_k-1.jpg\",\"contentUrl\":\"https:\\\/\\\/www.railbaltica.org\\\/wp-content\\\/uploads\\\/2025\\\/07\\\/54370914764_427641d9fd_k-1.jpg\",\"width\":2047,\"height\":1365},{\"@type\":\"BreadcrumbList\",\"@id\":\"https:\\\/\\\/www.railbaltica.org\\\/lv\\\/jaunumi\\\/igaunija-noslegti-buvniecibas-ligumi-jau-par-pusi-no-rail-baltica-pamattrases\\\/#breadcrumb\",\"itemListElement\":[{\"@type\":\"ListItem\",\"position\":1,\"name\":\"Home\",\"item\":\"https:\\\/\\\/www.railbaltica.org\\\/lv\\\/\"},{\"@type\":\"ListItem\",\"position\":2,\"name\":\"Igaunij\u0101 nosl\u0113gti b\u016bvniec\u012bbas l\u012bgumi jau par pusi no Rail Baltica pamattrases\"}]},{\"@type\":\"WebSite\",\"@id\":\"https:\\\/\\\/www.railbaltica.org\\\/#website\",\"url\":\"https:\\\/\\\/www.railbaltica.org\\\/\",\"name\":\"RB\",\"description\":\"\",\"potentialAction\":[{\"@type\":\"SearchAction\",\"target\":{\"@type\":\"EntryPoint\",\"urlTemplate\":\"https:\\\/\\\/www.railbaltica.org\\\/?s={search_term_string}\"},\"query-input\":{\"@type\":\"PropertyValueSpecification\",\"valueRequired\":true,\"valueName\":\"search_term_string\"}}],\"inLanguage\":\"lv-LV\"}]}<\/script>\n<!-- \/ Yoast SEO plugin. -->","yoast_head_json":{"title":"Igaunij\u0101 nosl\u0113gti b\u016bvniec\u012bbas l\u012bgumi jau par pusi no Rail Baltica pamattrases - RB","robots":{"index":"index","follow":"follow","max-snippet":"max-snippet:-1","max-image-preview":"max-image-preview:large","max-video-preview":"max-video-preview:-1"},"canonical":"https:\/\/www.railbaltica.org\/lv\/jaunumi\/igaunija-noslegti-buvniecibas-ligumi-jau-par-pusi-no-rail-baltica-pamattrases\/","og_locale":"lv_LV","og_type":"article","og_title":"Igaunij\u0101 nosl\u0113gti b\u016bvniec\u012bbas l\u012bgumi jau par pusi no Rail Baltica pamattrases - RB","og_description":"Rail Baltica b\u016bvniec\u012bba Igaunij\u0101 ir sasniegusi noz\u012bm\u012bgu atskaites punktu \u2013 b\u016bvniec\u012bbas l\u012bgumi tagad aptver pusi no pamattrases, kas stiepjas no \u012alemistes stacijas l\u012bdz Tootsi P\u0113rnavas apri\u0146\u0137\u012b.","og_url":"https:\/\/www.railbaltica.org\/lv\/jaunumi\/igaunija-noslegti-buvniecibas-ligumi-jau-par-pusi-no-rail-baltica-pamattrases\/","og_site_name":"RB","article_modified_time":"2025-08-20T07:15:32+00:00","og_image":[{"width":2047,"height":1365,"url":"https:\/\/www.railbaltica.org\/wp-content\/uploads\/2025\/07\/54370914764_427641d9fd_k-1.jpg","type":"image\/jpeg"}],"twitter_card":"summary_large_image","schema":{"@context":"https:\/\/schema.org","@graph":[{"@type":"WebPage","@id":"https:\/\/www.railbaltica.org\/lv\/jaunumi\/igaunija-noslegti-buvniecibas-ligumi-jau-par-pusi-no-rail-baltica-pamattrases\/","url":"https:\/\/www.railbaltica.org\/lv\/jaunumi\/igaunija-noslegti-buvniecibas-ligumi-jau-par-pusi-no-rail-baltica-pamattrases\/","name":"Igaunij\u0101 nosl\u0113gti b\u016bvniec\u012bbas l\u012bgumi jau par pusi no Rail Baltica pamattrases - RB","isPartOf":{"@id":"https:\/\/www.railbaltica.org\/#website"},"primaryImageOfPage":{"@id":"https:\/\/www.railbaltica.org\/lv\/jaunumi\/igaunija-noslegti-buvniecibas-ligumi-jau-par-pusi-no-rail-baltica-pamattrases\/#primaryimage"},"image":{"@id":"https:\/\/www.railbaltica.org\/lv\/jaunumi\/igaunija-noslegti-buvniecibas-ligumi-jau-par-pusi-no-rail-baltica-pamattrases\/#primaryimage"},"thumbnailUrl":"https:\/\/www.railbaltica.org\/wp-content\/uploads\/2025\/07\/54370914764_427641d9fd_k-1.jpg","datePublished":"2025-03-07T14:18:20+00:00","dateModified":"2025-08-20T07:15:32+00:00","breadcrumb":{"@id":"https:\/\/www.railbaltica.org\/lv\/jaunumi\/igaunija-noslegti-buvniecibas-ligumi-jau-par-pusi-no-rail-baltica-pamattrases\/#breadcrumb"},"inLanguage":"lv-LV","potentialAction":[{"@type":"ReadAction","target":["https:\/\/www.railbaltica.org\/lv\/jaunumi\/igaunija-noslegti-buvniecibas-ligumi-jau-par-pusi-no-rail-baltica-pamattrases\/"]}]},{"@type":"ImageObject","inLanguage":"lv-LV","@id":"https:\/\/www.railbaltica.org\/lv\/jaunumi\/igaunija-noslegti-buvniecibas-ligumi-jau-par-pusi-no-rail-baltica-pamattrases\/#primaryimage","url":"https:\/\/www.railbaltica.org\/wp-content\/uploads\/2025\/07\/54370914764_427641d9fd_k-1.jpg","contentUrl":"https:\/\/www.railbaltica.org\/wp-content\/uploads\/2025\/07\/54370914764_427641d9fd_k-1.jpg","width":2047,"height":1365},{"@type":"BreadcrumbList","@id":"https:\/\/www.railbaltica.org\/lv\/jaunumi\/igaunija-noslegti-buvniecibas-ligumi-jau-par-pusi-no-rail-baltica-pamattrases\/#breadcrumb","itemListElement":[{"@type":"ListItem","position":1,"name":"Home","item":"https:\/\/www.railbaltica.org\/lv\/"},{"@type":"ListItem","position":2,"name":"Igaunij\u0101 nosl\u0113gti b\u016bvniec\u012bbas l\u012bgumi jau par pusi no Rail Baltica pamattrases"}]},{"@type":"WebSite","@id":"https:\/\/www.railbaltica.org\/#website","url":"https:\/\/www.railbaltica.org\/","name":"RB","description":"","potentialAction":[{"@type":"SearchAction","target":{"@type":"EntryPoint","urlTemplate":"https:\/\/www.railbaltica.org\/?s={search_term_string}"},"query-input":{"@type":"PropertyValueSpecification","valueRequired":true,"valueName":"search_term_string"}}],"inLanguage":"lv-LV"}]}},"_links":{"self":[{"href":"https:\/\/www.railbaltica.org\/lv\/wp-json\/wp\/v2\/news\/15235","targetHints":{"allow":["GET"]}}],"collection":[{"href":"https:\/\/www.railbaltica.org\/lv\/wp-json\/wp\/v2\/news"}],"about":[{"href":"https:\/\/www.railbaltica.org\/lv\/wp-json\/wp\/v2\/types\/news"}],"wp:featuredmedia":[{"embeddable":true,"href":"https:\/\/www.railbaltica.org\/lv\/wp-json\/wp\/v2\/media\/15227"}],"wp:attachment":[{"href":"https:\/\/www.railbaltica.org\/lv\/wp-json\/wp\/v2\/media?parent=15235"}],"wp:term":[{"taxonomy":"news_category","embeddable":true,"href":"https:\/\/www.railbaltica.org\/lv\/wp-json\/wp\/v2\/news_category?post=15235"}],"curies":[{"name":"wp","href":"https:\/\/api.w.org\/{rel}","templated":true}]}}