{"id":15222,"date":"2025-03-07T08:02:00","date_gmt":"2025-03-07T08:02:00","guid":{"rendered":"https:\/\/www.railbaltica.org\/news\/rail-baltica-buvnieciba-sasniedz-pernavas-aprinki-2\/"},"modified":"2025-08-20T07:15:33","modified_gmt":"2025-08-20T07:15:33","slug":"rail-baltica-buvnieciba-sasniedz-pernavas-aprinki-2","status":"publish","type":"news","link":"https:\/\/www.railbaltica.org\/lv\/jaunumi\/rail-baltica-buvnieciba-sasniedz-pernavas-aprinki-2\/","title":{"rendered":"Rail Baltica b\u016bvniec\u012bba sasniedz P\u0113rnavas apri\u0146\u0137i"},"content":{"rendered":"<section\n    class=\"align wp-block-hero-page-block relative flex overflow-hidden z-10 mt-20 md:mt-52\"\n>\n            <div\n            class=\"container md:!px-14\"\n        >\n            <div\n                class=\"bg-dark text-white rounded p-4 md:p-10\"\n            >\n                                <div\n    class=\"flex justify-between border-t pt-2.5 my-5 text-sm\"\n>\n    <span>Dalies ar jaunumiem\n<\/span>\n    <ul\n        class=\"flex items-center gap-5\"\n    >\n        <li>\n            <a\n                href=\"https:\/\/www.facebook.com\/sharer\/sharer.php?u=https%3A%2F%2Fwww.railbaltica.org%2Flv%2Fjaunumi%2Frail-baltica-buvnieciba-sasniedz-pernavas-aprinki-2%2F\"\n                target=\"_blank\"\n                rel=\"noopener noreferrer\"\n                aria-label=\"Share on Facebook\"\n                class=\"transition-opacity hover:opacity-75\"\n            >\n                <svg\n                    width=\"20\"\n                    height=\"20\"\n                    viewBox=\"0 0 20 20\"\n                    fill=\"none\"\n                    xmlns=\"http:\/\/www.w3.org\/2000\/svg\"\n                >\n                    <path\n                        d=\"M7.5 6.66667H5V10H7.5V20H11.6667V10H14.7017L15 6.66667H11.6667V5.2775C11.6667 4.48167 11.8267 4.16667 12.5958 4.16667H15V0H11.8267C8.83 0 7.5 1.31917 7.5 3.84583V6.66667Z\"\n                        fill=\"white\"\n                    \/>\n                <\/svg>\n            <\/a>\n        <\/li>\n        <li>\n            <a\n                href=\"https:\/\/twitter.com\/intent\/tweet?url=https%3A%2F%2Fwww.railbaltica.org%2Flv%2Fjaunumi%2Frail-baltica-buvnieciba-sasniedz-pernavas-aprinki-2%2F&amp;text=Rail+Baltica+b%C5%ABvniec%C4%ABba+sasniedz+P%C4%93rnavas+apri%C5%86%C4%B7i\"\n                target=\"_blank\"\n                rel=\"noopener noreferrer\"\n                aria-label=\"Share on Twitter\"\n                class=\"transition-opacity hover:opacity-75\"\n            >\n                <svg\n                    width=\"20\"\n                    height=\"20\"\n                    viewBox=\"0 0 20 20\"\n                    fill=\"none\"\n                    xmlns=\"http:\/\/www.w3.org\/2000\/svg\"\n                >\n                    <path\n                        d=\"M14.7313 2.68748H17.238L11.763 8.88248L18.2038 17.3125H13.1597L9.20966 12.2L4.68966 17.3125H2.18299L8.03883 10.6866L1.86133 2.68665H7.03216L10.603 7.35998L14.7322 2.68665L14.7313 2.68748ZM13.8522 15.8275H15.2405L6.27716 4.09415H4.78716L13.8522 15.8275Z\"\n                        fill=\"white\"\n                    \/>\n                <\/svg>\n            <\/a>\n        <\/li>\n        <li>\n            <a\n                href=\"https:\/\/www.linkedin.com\/sharing\/share-offsite\/?url=https%3A%2F%2Fwww.railbaltica.org%2Flv%2Fjaunumi%2Frail-baltica-buvnieciba-sasniedz-pernavas-aprinki-2%2F\"\n                target=\"_blank\"\n                rel=\"noopener noreferrer\"\n                aria-label=\"Share on LinkedIn\"\n                class=\"transition-opacity hover:opacity-75\"\n            >\n                <svg\n                    width=\"20\"\n                    height=\"20\"\n                    viewBox=\"0 0 20 20\"\n                    fill=\"none\"\n                    xmlns=\"http:\/\/www.w3.org\/2000\/svg\"\n                >\n                    <path\n                        d=\"M18.4097 0.000139829H1.46998C1.27956 -0.00250476 1.09049 0.0323869 0.913553 0.102822C0.73662 0.173257 0.575295 0.277857 0.438791 0.410646C0.302287 0.543436 0.193279 0.701814 0.11799 0.876737C0.0427018 1.05166 0.00260836 1.2397 0 1.43012V18.5699C0.00260836 18.7603 0.0427018 18.9483 0.11799 19.1233C0.193279 19.2982 0.302287 19.4566 0.438791 19.5894C0.575295 19.7221 0.73662 19.8267 0.913553 19.8972C1.09049 19.9676 1.27956 20.0025 1.46998 19.9999H18.4097C18.6002 20.0025 18.7892 19.9676 18.9662 19.8972C19.1431 19.8267 19.3044 19.7221 19.4409 19.5894C19.5774 19.4566 19.6864 19.2982 19.7617 19.1233C19.837 18.9483 19.8771 18.7603 19.8797 18.5699V1.43012C19.8771 1.2397 19.837 1.05166 19.7617 0.876737C19.6864 0.701814 19.5774 0.543436 19.4409 0.410646C19.3044 0.277857 19.1431 0.173257 18.9662 0.102822C18.7892 0.0323869 18.6002 -0.00250476 18.4097 0.000139829ZM6.02992 16.7399H3.02996V7.74003H6.02992V16.7399ZM4.52994 6.48005C4.1162 6.48005 3.71942 6.31569 3.42687 6.02314C3.13431 5.73059 2.96996 5.3338 2.96996 4.92007C2.96996 4.50634 3.13431 4.10955 3.42687 3.817C3.71942 3.52445 4.1162 3.36009 4.52994 3.36009C4.74963 3.33518 4.97211 3.35695 5.1828 3.42398C5.3935 3.491 5.58766 3.60178 5.75258 3.74905C5.91749 3.89632 6.04944 4.07676 6.13979 4.27856C6.23013 4.48036 6.27683 4.69897 6.27683 4.92007C6.27683 5.14117 6.23013 5.35978 6.13979 5.56158C6.04944 5.76338 5.91749 5.94382 5.75258 6.09109C5.58766 6.23836 5.3935 6.34914 5.1828 6.41617C4.97211 6.48319 4.74963 6.50496 4.52994 6.48005ZM16.8498 16.7399H13.8498V11.91C13.8498 10.7 13.4198 9.91 12.3298 9.91C11.9925 9.91247 11.664 10.0183 11.3887 10.2132C11.1133 10.4081 10.9043 10.6827 10.7899 11C10.7116 11.235 10.6777 11.4826 10.6899 11.73V16.7299H7.68989V7.73003H10.6899V9.00001C10.9624 8.52713 11.3587 8.13755 11.8363 7.87323C12.3138 7.60892 12.8544 7.47989 13.3998 7.50003C15.3998 7.50003 16.8498 8.79002 16.8498 11.56V16.7399Z\"\n                        fill=\"white\"\n                    \/>\n                <\/svg>\n            <\/a>\n        <\/li>\n        <li>\n            <button\n                type=\"button\"\n                class=\"copy-url-btn relative my-auto flex transition-opacity hover:opacity-75\"\n                data-url=\"https:\/\/www.railbaltica.org\/lv\/jaunumi\/rail-baltica-buvnieciba-sasniedz-pernavas-aprinki-2\/\"\n            >\n                <svg\n                    width=\"21\"\n                    height=\"21\"\n                    viewBox=\"0 0 21 21\"\n                    fill=\"none\"\n                    xmlns=\"http:\/\/www.w3.org\/2000\/svg\"\n                >\n                    <path\n                        d=\"M10.5205 20C15.7661 20 20 15.7455 20 10.4795C20 5.23392 15.7661 1 10.5205 1M10.5205 20C5.25446 20 1 15.7455 1 10.4795C1 5.23392 5.25446 1 10.5205 1M10.5205 20V1M18.7429 5.75H2.26324M18.7958 15.1345H2.21035M1.05135 10.5H19.9486M10.5103 20C13.1333 20 15.25 15.7455 15.25 10.4795C15.25 5.23392 13.1333 1 10.5103 1C7.87697 1 5.75 5.23392 5.75 10.4795C5.75 15.7455 7.87697 20 10.5103 20Z\"\n                        stroke=\"white\"\n                        stroke-linecap=\"round\"\n                        stroke-linejoin=\"round\"\n                    \/>\n                <\/svg>\n                <span\n                    class=\"absolute hidden translate-x-[-10px] translate-y-[30px]\"\n                >Copied!<\/span>\n            <\/button>\n        <\/li>\n    <\/ul>\n<\/div>\n\n                                    <time\n                        datetime=\"\"\n                        class=\"mb-2.5 flex text-xl text-blue\"\n                    >\n                        07.03.2025\n                    <\/time>\n                \n                                    <h1 class='h1 max-w-198'>\n            Rail Baltica b\u016bvniec\u012bba sasniedz P\u0113rnavas apri\u0146\u0137i\n        <\/h1>\n                \n                            <\/div>\n        <\/div>\n    <\/section>\n\n<section\n    class=\"overflow-hidden py-5 md:pt-10 md:pb-5 align wp-block-excerpt-block\"\n>\n    <div\n        class=\"container relative flex flex-col items-start z-10 md:text-xl lg:!px-4\"\n    >\n                    <div\n                class=\"textual w-full text-dark text-xl lg:px-12 md:mx-auto md:max-w-222 md:text-xl\"\n            >\n                Rail Baltica b\u016bvniec\u012bba Igaunij\u0101 sasniegusi noz\u012bm\u012bgu pagrieziena punktu \u2013 \u0161or\u012bt projekta nacion\u0101lais ievies\u0113js Rail Baltic Estonia un AS Tariston parakst\u012bja l\u012bgumu par pirm\u0101 pamattrases posma b\u016bvniec\u012bbu P\u0113rnavas apri\u0146\u0137\u012b, Selja-Tootsi posm\u0101. \u0160is 15,8 kilometrus garais posms iez\u012bm\u0113 pirmo reizi, kad Rail Baltica \u0101trgaitas dzelzce\u013ca projekts ien\u0101k P\u0113rnavas apri\u0146\u0137\u012b, kas ir b\u016btisks lo\u0123istikas mezgls gan Igaunijai, gan visam Baltijas re\u0123ionam.\n            <\/div>\n            <\/div>\n<\/section>\n<section\n    class=\"py-5 md:py-10 align wp-block-textual-block\"\n>\n    <div\n        class=\"container\"\n    >\n        <div\n            class=\"textual w-full text-xl text-dark break-words [&#038;_span]:!text-dark [&#038;_a]:!text-dark\"\n        >\n                            <p><strong><\/strong><\/p>\n<p>\u201cRail Baltica ir strat\u0113\u0123iska invest\u012bcija Igaunijas un visas Baltijas n\u0101kotn\u0113. Tas izveido piln\u012bgi jaunu ekonomisko asi, savienojot m\u016bs ar Rietumeiropas transporta t\u012bklu un paverot jaunas iesp\u0113jas pasa\u017eieru p\u0101rvad\u0101jumiem un tirdzniec\u012bbai,\u201d uzsver Rail Baltic Estonia valdes priek\u0161s\u0113d\u0113t\u0101js <strong>Anvars Salomets<\/strong>. \u201cRail Baltica veicin\u0101s re\u0123ion\u0101lo att\u012bst\u012bbu un uz\u0146\u0113m\u0113jdarb\u012bbu, k\u0101 ar\u012b papla\u0161in\u0101s lo\u0123istikas iesp\u0113jas.\u201d<\/p>\n<p>Papildus \u0101trgaitas dzelzce\u013ca infrastrukt\u016brai \u0161aj\u0101 Rail Baltica posm\u0101 tiks iek\u013cauti ar\u012b vides aizsardz\u012bbas elementi, piem\u0113ram, K\u00f5nnu un Viluvere ekodukti, kas nodro\u0161in\u0101s b\u016btiskus savva\u013cas dz\u012bvnieku p\u0101rejas punktus. Projekts ietver ar\u012b viaduktus un g\u0101j\u0113ju tune\u013cus, lai uzlabotu viet\u0113jo savienojam\u012bbu un integr\u0113tu teritoriju vienot\u0101 transporta sist\u0113m\u0101. Paral\u0113li pamattrases s\u0101ksies ar\u012b Kaisma stacijas b\u016bvniec\u012bba. \u0160is projekts ilgs divus gadus, p\u0113c kuriem stacijas teritorija tiks nodota n\u0101kamajam b\u016bvniec\u012bbas posma izpild\u012bt\u0101jam papildu infrastrukt\u016bras izb\u016bvei.<\/p>\n<p>\u201cTas ir aizraujo\u0161s un atbild\u012bgs projekts, kur\u0101 varam izmantot savu iepriek\u0161\u0113jo pieredzi Rail Baltica b\u016bvniec\u012bb\u0101 un sniegt ieguld\u012bjumu viena no svar\u012bg\u0101kajiem Igaunijas transporta koridoriem att\u012bst\u012bb\u0101. Esam gandar\u012bti turpin\u0101t sadarb\u012bbu ar pas\u016bt\u012bt\u0101ju, ar kuru esam izveidoju\u0161i konstrukt\u012bvas un uzticamas attiec\u012bbas. \u0160is posms ir tehniski daudzveid\u012bgs, kas \u013cauj piln\u012bb\u0101 izmantot m\u016bsu komandas kompetenci,\u201d saka AS Tariston valdes loceklis <strong>Argo Kotsars<\/strong>.<\/p>\n<p>Rail Baltica noz\u012bme sniedzas t\u0101l\u0101k par \u0101trgaitas transporta savienojumu \u2013 tas ir ar\u012b b\u016btisks dro\u0161\u012bbas projekts, kas uzlabo re\u0123ion\u0101l\u0101s aizsardz\u012bbas sp\u0113jas un milit\u0101ro mobilit\u0101ti.<\/p>\n<p>\u201cRail Baltica, liel\u0101kais infrastrukt\u016bras projekts Igaunijas v\u0113stur\u0113, tagad sasniedz P\u0113rnavas apri\u0146\u0137i. Main\u012bgaj\u0101 dro\u0161\u012bbas situ\u0101cij\u0101 mums j\u0101nodro\u0161ina, ka Igaunija saglab\u0101 sp\u0113c\u012bgas saiknes ar p\u0101r\u0113jo Eiropu. N\u0101kamajos gados ir svar\u012bgi ne tikai ieguld\u012bt 2+2 galveno automa\u0123istr\u0101\u013cu att\u012bst\u012bb\u0101, bet ar\u012b veidot jaunu dzelzce\u013ca infrastrukt\u016bru,\u201d uzsv\u0113ra infrastrukt\u016bras ministrs <strong>Vladimirs Svets<\/strong>.<\/p>\n<p>L\u012bguma v\u0113rt\u012bba ir 62,3 miljoni eiro (bez PVN), un b\u016bvniec\u012bba turpin\u0101sies l\u012bdz 2028. gada beig\u0101m. L\u012bdz 2026. gadam j\u0101b\u016bt pabeigtiem vismaz 10 kilometriem dzelzce\u013ca uzb\u0113ruma, bet viss posms tiks piln\u012bb\u0101 izb\u016bv\u0113ts l\u012bdz 2028. gadam.<\/p>\n\n                    <\/div>\n    <\/div>\n<\/section>\n\n\n<section\n    class=\"overflow-hidden py-5 align wp-block-image-grid-block !pt-[0] !pb-[0]\"\n>\n    <div\n        class=\"container relative flex flex-col items-start z-10\"\n    >\n        <div\n            class=\"grid w-full gap-3 md:grid-cols-2 md:gap-5 md:grid-cols-3 lg:px-12\"\n        >\n                                                <div\n                        class=\"relative z-10 flex h-full w-full flex-col text-center\"\n                    >\n                        <img decoding=\"async\"\n        src=\"https:\/\/www.railbaltica.org\/wp-content\/uploads\/2025\/07\/Rail-Baltic-Estonia-valdes-priekssedetajs-Anvars-Salomets.jpg\"\n        alt=\"Rail-Baltic-Estonia-valdes-priekssedetajs-Anvars-Salomets\"\n         title=\"Rail-Baltic-Estonia-valdes-priekssedetajs-Anvars-Salomets\"         class=\"block z-20 !relative h-80 object-cover\"\n        loading=\"lazy\"\n    \/>\n                                            <\/div>\n                                                                <div\n                        class=\"relative z-10 flex h-full w-full flex-col text-center\"\n                    >\n                        <img decoding=\"async\"\n        src=\"https:\/\/www.railbaltica.org\/wp-content\/uploads\/2025\/07\/Liguma-parakstisana-2.jpg\"\n        alt=\"Liguma-parakstisana-2\"\n         title=\"Liguma-parakstisana-2\"         class=\"block z-20 !relative h-80 object-cover\"\n        loading=\"lazy\"\n    \/>\n                                            <\/div>\n                                                                <div\n                        class=\"relative z-10 flex h-full w-full flex-col text-center\"\n                    >\n                        <img decoding=\"async\"\n        src=\"https:\/\/www.railbaltica.org\/wp-content\/uploads\/2025\/07\/Liguma-parakstisana-1.jpg\"\n        alt=\"Liguma-parakstisana-1\"\n         title=\"Liguma-parakstisana-1\"         class=\"block z-20 !relative h-80 object-cover\"\n        loading=\"lazy\"\n    \/>\n                                            <\/div>\n                                                                <div\n                        class=\"relative z-10 flex h-full w-full flex-col text-center\"\n                    >\n                        <img decoding=\"async\"\n        src=\"https:\/\/www.railbaltica.org\/wp-content\/uploads\/2025\/07\/54356017198_c83ae64cfb_o.jpg\"\n        alt=\"54356017198_c83ae64cfb_o\"\n         title=\"54356017198_c83ae64cfb_o\"         class=\"block z-20 !relative h-80 object-cover\"\n        loading=\"lazy\"\n    \/>\n                                            <\/div>\n                                    <\/div>\n    <\/div>\n<\/section>\n\n\n<section\n    class=\"py-5 md:py-10 align wp-block-textual-block\"\n>\n    <div\n        class=\"container\"\n    >\n        <div\n            class=\"textual w-full text-xl text-dark break-words [&#038;_span]:!text-dark [&#038;_a]:!text-dark\"\n        >\n                            <p><strong>AS Tariston<\/strong><\/p>\n<p>AS Tariston ir viena no vado\u0161aj\u0101m Igaunijas infrastrukt\u016bras b\u016bvniec\u012bbas komp\u0101nij\u0101m, kas specializ\u0113jas ce\u013cu, tiltu, dzelzce\u013ca infrastrukt\u016bras b\u016bvniec\u012bb\u0101 un valsts ma\u0123istr\u0101lo ce\u013cu uztur\u0113\u0161an\u0101 visa gada garum\u0101. Uz\u0146\u0113mums darbojas kop\u0161 2002. gada un piln\u012bb\u0101 pieder Nordecon AS grupai.<\/p>\n<p>Uz\u0146\u0113mumam ir pla\u0161a pieredze lielapjoma infrastrukt\u016bras projektos, tostarp asfalta ra\u017eo\u0161an\u0101 un iekl\u0101\u0161an\u0101, zemes uzlabo\u0161anas darbos un satiksmes organiz\u0113\u0161anas risin\u0101jumos. Ar vair\u0101k nek\u0101 160 augsti kvalific\u0113tiem speci\u0101listiem un 80 modernas tehnikas vien\u012bb\u0101m Tariston efekt\u012bvi un ilgtsp\u0113j\u012bgi \u012bsteno pat sare\u017e\u0123\u012bt\u0101kos projektus.<\/p>\n\n                    <\/div>\n    <\/div>\n<\/section>\n\n\n\n<section\n    class=\"overflow-hidden py-5 md:pt-5 md:pb-10 align wp-block-button-cta-block !pt-[0]\"\n>\n    <div\n        class=\"container w-full relative flex flex-col items-start z-10\"\n    >\n        <div\n            class=\"w-full border-t border-dark pt-5 mt-4 md:mt-5 md:pt-10\"\n        >\n        <\/div>\n\n                    <a\n        href=\"\/lv\/zinas\/\"\n                class=\"btn-outline-dark mx-auto\"\n    >\n        \n        Atpaka\u013c zi\u0146\u0101m\n        \n        \n    <\/a>\n            <\/div>\n<\/section>\n","protected":false},"excerpt":{"rendered":"<p>Rail Baltica b\u016bvniec\u012bba Igaunij\u0101 sasniegusi noz\u012bm\u012bgu pagrieziena punktu \u2013 \u0161or\u012bt projekta nacion\u0101lais ievies\u0113js Rail Baltic Estonia un AS Tariston parakst\u012bja l\u012bgumu par pirm\u0101 pamattrases posma b\u016bvniec\u012bbu P\u0113rnavas apri\u0146\u0137\u012b, Selja-Tootsi posm\u0101. \u0160is 15,8 kilometrus garais posms iez\u012bm\u0113 pirmo reizi, kad Rail Baltica \u0101trgaitas dzelzce\u013ca projekts ien\u0101k P\u0113rnavas apri\u0146\u0137\u012b, kas ir b\u016btisks lo\u0123istikas mezgls gan Igaunijai, gan visam Baltijas re\u0123ionam.<\/p>\n","protected":false},"featured_media":15219,"template":"","news_category":[412,439],"class_list":["post-15222","news","type-news","status-publish","has-post-thumbnail","hentry","news_category-ceftransport-lv","news_category-ceftransport-lv-2"],"acf":[],"yoast_head":"<!-- This site is optimized with the Yoast SEO plugin v27.5 - https:\/\/yoast.com\/product\/yoast-seo-wordpress\/ -->\n<title>Rail Baltica b\u016bvniec\u012bba sasniedz P\u0113rnavas apri\u0146\u0137i - RB<\/title>\n<meta name=\"robots\" content=\"index, follow, max-snippet:-1, max-image-preview:large, max-video-preview:-1\" \/>\n<link rel=\"canonical\" href=\"https:\/\/www.railbaltica.org\/lv\/jaunumi\/rail-baltica-buvnieciba-sasniedz-pernavas-aprinki-2\/\" \/>\n<meta property=\"og:locale\" content=\"lv_LV\" \/>\n<meta property=\"og:type\" content=\"article\" \/>\n<meta property=\"og:title\" content=\"Rail Baltica b\u016bvniec\u012bba sasniedz P\u0113rnavas apri\u0146\u0137i - RB\" \/>\n<meta property=\"og:description\" content=\"Rail Baltica b\u016bvniec\u012bba Igaunij\u0101 sasniegusi noz\u012bm\u012bgu pagrieziena punktu \u2013 \u0161or\u012bt projekta nacion\u0101lais ievies\u0113js Rail Baltic Estonia un AS Tariston parakst\u012bja l\u012bgumu par pirm\u0101 pamattrases posma b\u016bvniec\u012bbu P\u0113rnavas apri\u0146\u0137\u012b, Selja-Tootsi posm\u0101. \u0160is 15,8 kilometrus garais posms iez\u012bm\u0113 pirmo reizi, kad Rail Baltica \u0101trgaitas dzelzce\u013ca projekts ien\u0101k P\u0113rnavas apri\u0146\u0137\u012b, kas ir b\u016btisks lo\u0123istikas mezgls gan Igaunijai, gan visam Baltijas re\u0123ionam.\" \/>\n<meta property=\"og:url\" content=\"https:\/\/www.railbaltica.org\/lv\/jaunumi\/rail-baltica-buvnieciba-sasniedz-pernavas-aprinki-2\/\" \/>\n<meta property=\"og:site_name\" content=\"RB\" \/>\n<meta property=\"article:modified_time\" content=\"2025-08-20T07:15:33+00:00\" \/>\n<meta property=\"og:image\" content=\"https:\/\/www.railbaltica.org\/wp-content\/uploads\/2025\/07\/54356017363_f388f253ff_o-1-1024x683.jpg\" \/>\n\t<meta property=\"og:image:width\" content=\"1024\" \/>\n\t<meta property=\"og:image:height\" content=\"683\" \/>\n\t<meta property=\"og:image:type\" content=\"image\/jpeg\" \/>\n<meta name=\"twitter:card\" content=\"summary_large_image\" \/>\n<script type=\"application\/ld+json\" class=\"yoast-schema-graph\">{\"@context\":\"https:\\\/\\\/schema.org\",\"@graph\":[{\"@type\":\"WebPage\",\"@id\":\"https:\\\/\\\/www.railbaltica.org\\\/lv\\\/jaunumi\\\/rail-baltica-buvnieciba-sasniedz-pernavas-aprinki-2\\\/\",\"url\":\"https:\\\/\\\/www.railbaltica.org\\\/lv\\\/jaunumi\\\/rail-baltica-buvnieciba-sasniedz-pernavas-aprinki-2\\\/\",\"name\":\"Rail Baltica b\u016bvniec\u012bba sasniedz P\u0113rnavas apri\u0146\u0137i - RB\",\"isPartOf\":{\"@id\":\"https:\\\/\\\/www.railbaltica.org\\\/#website\"},\"primaryImageOfPage\":{\"@id\":\"https:\\\/\\\/www.railbaltica.org\\\/lv\\\/jaunumi\\\/rail-baltica-buvnieciba-sasniedz-pernavas-aprinki-2\\\/#primaryimage\"},\"image\":{\"@id\":\"https:\\\/\\\/www.railbaltica.org\\\/lv\\\/jaunumi\\\/rail-baltica-buvnieciba-sasniedz-pernavas-aprinki-2\\\/#primaryimage\"},\"thumbnailUrl\":\"https:\\\/\\\/www.railbaltica.org\\\/wp-content\\\/uploads\\\/2025\\\/07\\\/54356017363_f388f253ff_o-1.jpg\",\"datePublished\":\"2025-03-07T08:02:00+00:00\",\"dateModified\":\"2025-08-20T07:15:33+00:00\",\"breadcrumb\":{\"@id\":\"https:\\\/\\\/www.railbaltica.org\\\/lv\\\/jaunumi\\\/rail-baltica-buvnieciba-sasniedz-pernavas-aprinki-2\\\/#breadcrumb\"},\"inLanguage\":\"lv-LV\",\"potentialAction\":[{\"@type\":\"ReadAction\",\"target\":[\"https:\\\/\\\/www.railbaltica.org\\\/lv\\\/jaunumi\\\/rail-baltica-buvnieciba-sasniedz-pernavas-aprinki-2\\\/\"]}]},{\"@type\":\"ImageObject\",\"inLanguage\":\"lv-LV\",\"@id\":\"https:\\\/\\\/www.railbaltica.org\\\/lv\\\/jaunumi\\\/rail-baltica-buvnieciba-sasniedz-pernavas-aprinki-2\\\/#primaryimage\",\"url\":\"https:\\\/\\\/www.railbaltica.org\\\/wp-content\\\/uploads\\\/2025\\\/07\\\/54356017363_f388f253ff_o-1.jpg\",\"contentUrl\":\"https:\\\/\\\/www.railbaltica.org\\\/wp-content\\\/uploads\\\/2025\\\/07\\\/54356017363_f388f253ff_o-1.jpg\",\"width\":2560,\"height\":1707},{\"@type\":\"BreadcrumbList\",\"@id\":\"https:\\\/\\\/www.railbaltica.org\\\/lv\\\/jaunumi\\\/rail-baltica-buvnieciba-sasniedz-pernavas-aprinki-2\\\/#breadcrumb\",\"itemListElement\":[{\"@type\":\"ListItem\",\"position\":1,\"name\":\"Home\",\"item\":\"https:\\\/\\\/www.railbaltica.org\\\/lv\\\/\"},{\"@type\":\"ListItem\",\"position\":2,\"name\":\"Rail Baltica b\u016bvniec\u012bba sasniedz P\u0113rnavas apri\u0146\u0137i\"}]},{\"@type\":\"WebSite\",\"@id\":\"https:\\\/\\\/www.railbaltica.org\\\/#website\",\"url\":\"https:\\\/\\\/www.railbaltica.org\\\/\",\"name\":\"RB\",\"description\":\"\",\"potentialAction\":[{\"@type\":\"SearchAction\",\"target\":{\"@type\":\"EntryPoint\",\"urlTemplate\":\"https:\\\/\\\/www.railbaltica.org\\\/?s={search_term_string}\"},\"query-input\":{\"@type\":\"PropertyValueSpecification\",\"valueRequired\":true,\"valueName\":\"search_term_string\"}}],\"inLanguage\":\"lv-LV\"}]}<\/script>\n<!-- \/ Yoast SEO plugin. -->","yoast_head_json":{"title":"Rail Baltica b\u016bvniec\u012bba sasniedz P\u0113rnavas apri\u0146\u0137i - RB","robots":{"index":"index","follow":"follow","max-snippet":"max-snippet:-1","max-image-preview":"max-image-preview:large","max-video-preview":"max-video-preview:-1"},"canonical":"https:\/\/www.railbaltica.org\/lv\/jaunumi\/rail-baltica-buvnieciba-sasniedz-pernavas-aprinki-2\/","og_locale":"lv_LV","og_type":"article","og_title":"Rail Baltica b\u016bvniec\u012bba sasniedz P\u0113rnavas apri\u0146\u0137i - RB","og_description":"Rail Baltica b\u016bvniec\u012bba Igaunij\u0101 sasniegusi noz\u012bm\u012bgu pagrieziena punktu \u2013 \u0161or\u012bt projekta nacion\u0101lais ievies\u0113js Rail Baltic Estonia un AS Tariston parakst\u012bja l\u012bgumu par pirm\u0101 pamattrases posma b\u016bvniec\u012bbu P\u0113rnavas apri\u0146\u0137\u012b, Selja-Tootsi posm\u0101. \u0160is 15,8 kilometrus garais posms iez\u012bm\u0113 pirmo reizi, kad Rail Baltica \u0101trgaitas dzelzce\u013ca projekts ien\u0101k P\u0113rnavas apri\u0146\u0137\u012b, kas ir b\u016btisks lo\u0123istikas mezgls gan Igaunijai, gan visam Baltijas re\u0123ionam.","og_url":"https:\/\/www.railbaltica.org\/lv\/jaunumi\/rail-baltica-buvnieciba-sasniedz-pernavas-aprinki-2\/","og_site_name":"RB","article_modified_time":"2025-08-20T07:15:33+00:00","og_image":[{"width":1024,"height":683,"url":"https:\/\/www.railbaltica.org\/wp-content\/uploads\/2025\/07\/54356017363_f388f253ff_o-1-1024x683.jpg","type":"image\/jpeg"}],"twitter_card":"summary_large_image","schema":{"@context":"https:\/\/schema.org","@graph":[{"@type":"WebPage","@id":"https:\/\/www.railbaltica.org\/lv\/jaunumi\/rail-baltica-buvnieciba-sasniedz-pernavas-aprinki-2\/","url":"https:\/\/www.railbaltica.org\/lv\/jaunumi\/rail-baltica-buvnieciba-sasniedz-pernavas-aprinki-2\/","name":"Rail Baltica b\u016bvniec\u012bba sasniedz P\u0113rnavas apri\u0146\u0137i - RB","isPartOf":{"@id":"https:\/\/www.railbaltica.org\/#website"},"primaryImageOfPage":{"@id":"https:\/\/www.railbaltica.org\/lv\/jaunumi\/rail-baltica-buvnieciba-sasniedz-pernavas-aprinki-2\/#primaryimage"},"image":{"@id":"https:\/\/www.railbaltica.org\/lv\/jaunumi\/rail-baltica-buvnieciba-sasniedz-pernavas-aprinki-2\/#primaryimage"},"thumbnailUrl":"https:\/\/www.railbaltica.org\/wp-content\/uploads\/2025\/07\/54356017363_f388f253ff_o-1.jpg","datePublished":"2025-03-07T08:02:00+00:00","dateModified":"2025-08-20T07:15:33+00:00","breadcrumb":{"@id":"https:\/\/www.railbaltica.org\/lv\/jaunumi\/rail-baltica-buvnieciba-sasniedz-pernavas-aprinki-2\/#breadcrumb"},"inLanguage":"lv-LV","potentialAction":[{"@type":"ReadAction","target":["https:\/\/www.railbaltica.org\/lv\/jaunumi\/rail-baltica-buvnieciba-sasniedz-pernavas-aprinki-2\/"]}]},{"@type":"ImageObject","inLanguage":"lv-LV","@id":"https:\/\/www.railbaltica.org\/lv\/jaunumi\/rail-baltica-buvnieciba-sasniedz-pernavas-aprinki-2\/#primaryimage","url":"https:\/\/www.railbaltica.org\/wp-content\/uploads\/2025\/07\/54356017363_f388f253ff_o-1.jpg","contentUrl":"https:\/\/www.railbaltica.org\/wp-content\/uploads\/2025\/07\/54356017363_f388f253ff_o-1.jpg","width":2560,"height":1707},{"@type":"BreadcrumbList","@id":"https:\/\/www.railbaltica.org\/lv\/jaunumi\/rail-baltica-buvnieciba-sasniedz-pernavas-aprinki-2\/#breadcrumb","itemListElement":[{"@type":"ListItem","position":1,"name":"Home","item":"https:\/\/www.railbaltica.org\/lv\/"},{"@type":"ListItem","position":2,"name":"Rail Baltica b\u016bvniec\u012bba sasniedz P\u0113rnavas apri\u0146\u0137i"}]},{"@type":"WebSite","@id":"https:\/\/www.railbaltica.org\/#website","url":"https:\/\/www.railbaltica.org\/","name":"RB","description":"","potentialAction":[{"@type":"SearchAction","target":{"@type":"EntryPoint","urlTemplate":"https:\/\/www.railbaltica.org\/?s={search_term_string}"},"query-input":{"@type":"PropertyValueSpecification","valueRequired":true,"valueName":"search_term_string"}}],"inLanguage":"lv-LV"}]}},"_links":{"self":[{"href":"https:\/\/www.railbaltica.org\/lv\/wp-json\/wp\/v2\/news\/15222","targetHints":{"allow":["GET"]}}],"collection":[{"href":"https:\/\/www.railbaltica.org\/lv\/wp-json\/wp\/v2\/news"}],"about":[{"href":"https:\/\/www.railbaltica.org\/lv\/wp-json\/wp\/v2\/types\/news"}],"wp:featuredmedia":[{"embeddable":true,"href":"https:\/\/www.railbaltica.org\/lv\/wp-json\/wp\/v2\/media\/15219"}],"wp:attachment":[{"href":"https:\/\/www.railbaltica.org\/lv\/wp-json\/wp\/v2\/media?parent=15222"}],"wp:term":[{"taxonomy":"news_category","embeddable":true,"href":"https:\/\/www.railbaltica.org\/lv\/wp-json\/wp\/v2\/news_category?post=15222"}],"curies":[{"name":"wp","href":"https:\/\/api.w.org\/{rel}","templated":true}]}}