{"id":15142,"date":"2024-12-12T07:26:01","date_gmt":"2024-12-12T07:26:01","guid":{"rendered":"https:\/\/www.railbaltica.org\/news\/atklaj-rail-baltica-pamattrases-buvniecibai-veltitas-informativas-dienas\/"},"modified":"2025-08-20T07:15:39","modified_gmt":"2025-08-20T07:15:39","slug":"atklaj-rail-baltica-pamattrases-buvniecibai-veltitas-informativas-dienas","status":"publish","type":"news","link":"https:\/\/www.railbaltica.org\/lv\/jaunumi\/atklaj-rail-baltica-pamattrases-buvniecibai-veltitas-informativas-dienas\/","title":{"rendered":"Atkl\u0101j Rail Baltica pamattrases b\u016bvniec\u012bbai velt\u012bt\u0101s informat\u012bv\u0101s dienas"},"content":{"rendered":"<section\n    class=\"align wp-block-hero-page-block relative flex overflow-hidden z-10 mt-20 md:mt-52\"\n>\n            <div\n            class=\"container md:!px-14\"\n        >\n            <div\n                class=\"bg-dark text-white rounded p-4 md:p-10\"\n            >\n                                <div\n    class=\"flex justify-between border-t pt-2.5 my-5 text-sm\"\n>\n    <span>Dalies ar jaunumiem\n<\/span>\n    <ul\n        class=\"flex items-center gap-5\"\n    >\n        <li>\n            <a\n                href=\"https:\/\/www.facebook.com\/sharer\/sharer.php?u=https%3A%2F%2Fwww.railbaltica.org%2Flv%2Fjaunumi%2Fatklaj-rail-baltica-pamattrases-buvniecibai-veltitas-informativas-dienas%2F\"\n                target=\"_blank\"\n                rel=\"noopener noreferrer\"\n                aria-label=\"Share on Facebook\"\n                class=\"transition-opacity hover:opacity-75\"\n            >\n                <svg\n                    width=\"20\"\n                    height=\"20\"\n                    viewBox=\"0 0 20 20\"\n                    fill=\"none\"\n                    xmlns=\"http:\/\/www.w3.org\/2000\/svg\"\n                >\n                    <path\n                        d=\"M7.5 6.66667H5V10H7.5V20H11.6667V10H14.7017L15 6.66667H11.6667V5.2775C11.6667 4.48167 11.8267 4.16667 12.5958 4.16667H15V0H11.8267C8.83 0 7.5 1.31917 7.5 3.84583V6.66667Z\"\n                        fill=\"white\"\n                    \/>\n                <\/svg>\n            <\/a>\n        <\/li>\n        <li>\n            <a\n                href=\"https:\/\/twitter.com\/intent\/tweet?url=https%3A%2F%2Fwww.railbaltica.org%2Flv%2Fjaunumi%2Fatklaj-rail-baltica-pamattrases-buvniecibai-veltitas-informativas-dienas%2F&amp;text=Atkl%C4%81j+Rail+Baltica+pamattrases+b%C5%ABvniec%C4%ABbai+velt%C4%ABt%C4%81s+informat%C4%ABv%C4%81s+dienas\"\n                target=\"_blank\"\n                rel=\"noopener noreferrer\"\n                aria-label=\"Share on Twitter\"\n                class=\"transition-opacity hover:opacity-75\"\n            >\n                <svg\n                    width=\"20\"\n                    height=\"20\"\n                    viewBox=\"0 0 20 20\"\n                    fill=\"none\"\n                    xmlns=\"http:\/\/www.w3.org\/2000\/svg\"\n                >\n                    <path\n                        d=\"M14.7313 2.68748H17.238L11.763 8.88248L18.2038 17.3125H13.1597L9.20966 12.2L4.68966 17.3125H2.18299L8.03883 10.6866L1.86133 2.68665H7.03216L10.603 7.35998L14.7322 2.68665L14.7313 2.68748ZM13.8522 15.8275H15.2405L6.27716 4.09415H4.78716L13.8522 15.8275Z\"\n                        fill=\"white\"\n                    \/>\n                <\/svg>\n            <\/a>\n        <\/li>\n        <li>\n            <a\n                href=\"https:\/\/www.linkedin.com\/sharing\/share-offsite\/?url=https%3A%2F%2Fwww.railbaltica.org%2Flv%2Fjaunumi%2Fatklaj-rail-baltica-pamattrases-buvniecibai-veltitas-informativas-dienas%2F\"\n                target=\"_blank\"\n                rel=\"noopener noreferrer\"\n                aria-label=\"Share on LinkedIn\"\n                class=\"transition-opacity hover:opacity-75\"\n            >\n                <svg\n                    width=\"20\"\n                    height=\"20\"\n                    viewBox=\"0 0 20 20\"\n                    fill=\"none\"\n                    xmlns=\"http:\/\/www.w3.org\/2000\/svg\"\n                >\n                    <path\n                        d=\"M18.4097 0.000139829H1.46998C1.27956 -0.00250476 1.09049 0.0323869 0.913553 0.102822C0.73662 0.173257 0.575295 0.277857 0.438791 0.410646C0.302287 0.543436 0.193279 0.701814 0.11799 0.876737C0.0427018 1.05166 0.00260836 1.2397 0 1.43012V18.5699C0.00260836 18.7603 0.0427018 18.9483 0.11799 19.1233C0.193279 19.2982 0.302287 19.4566 0.438791 19.5894C0.575295 19.7221 0.73662 19.8267 0.913553 19.8972C1.09049 19.9676 1.27956 20.0025 1.46998 19.9999H18.4097C18.6002 20.0025 18.7892 19.9676 18.9662 19.8972C19.1431 19.8267 19.3044 19.7221 19.4409 19.5894C19.5774 19.4566 19.6864 19.2982 19.7617 19.1233C19.837 18.9483 19.8771 18.7603 19.8797 18.5699V1.43012C19.8771 1.2397 19.837 1.05166 19.7617 0.876737C19.6864 0.701814 19.5774 0.543436 19.4409 0.410646C19.3044 0.277857 19.1431 0.173257 18.9662 0.102822C18.7892 0.0323869 18.6002 -0.00250476 18.4097 0.000139829ZM6.02992 16.7399H3.02996V7.74003H6.02992V16.7399ZM4.52994 6.48005C4.1162 6.48005 3.71942 6.31569 3.42687 6.02314C3.13431 5.73059 2.96996 5.3338 2.96996 4.92007C2.96996 4.50634 3.13431 4.10955 3.42687 3.817C3.71942 3.52445 4.1162 3.36009 4.52994 3.36009C4.74963 3.33518 4.97211 3.35695 5.1828 3.42398C5.3935 3.491 5.58766 3.60178 5.75258 3.74905C5.91749 3.89632 6.04944 4.07676 6.13979 4.27856C6.23013 4.48036 6.27683 4.69897 6.27683 4.92007C6.27683 5.14117 6.23013 5.35978 6.13979 5.56158C6.04944 5.76338 5.91749 5.94382 5.75258 6.09109C5.58766 6.23836 5.3935 6.34914 5.1828 6.41617C4.97211 6.48319 4.74963 6.50496 4.52994 6.48005ZM16.8498 16.7399H13.8498V11.91C13.8498 10.7 13.4198 9.91 12.3298 9.91C11.9925 9.91247 11.664 10.0183 11.3887 10.2132C11.1133 10.4081 10.9043 10.6827 10.7899 11C10.7116 11.235 10.6777 11.4826 10.6899 11.73V16.7299H7.68989V7.73003H10.6899V9.00001C10.9624 8.52713 11.3587 8.13755 11.8363 7.87323C12.3138 7.60892 12.8544 7.47989 13.3998 7.50003C15.3998 7.50003 16.8498 8.79002 16.8498 11.56V16.7399Z\"\n                        fill=\"white\"\n                    \/>\n                <\/svg>\n            <\/a>\n        <\/li>\n        <li>\n            <button\n                type=\"button\"\n                class=\"copy-url-btn relative my-auto flex transition-opacity hover:opacity-75\"\n                data-url=\"https:\/\/www.railbaltica.org\/lv\/jaunumi\/atklaj-rail-baltica-pamattrases-buvniecibai-veltitas-informativas-dienas\/\"\n            >\n                <svg\n                    width=\"21\"\n                    height=\"21\"\n                    viewBox=\"0 0 21 21\"\n                    fill=\"none\"\n                    xmlns=\"http:\/\/www.w3.org\/2000\/svg\"\n                >\n                    <path\n                        d=\"M10.5205 20C15.7661 20 20 15.7455 20 10.4795C20 5.23392 15.7661 1 10.5205 1M10.5205 20C5.25446 20 1 15.7455 1 10.4795C1 5.23392 5.25446 1 10.5205 1M10.5205 20V1M18.7429 5.75H2.26324M18.7958 15.1345H2.21035M1.05135 10.5H19.9486M10.5103 20C13.1333 20 15.25 15.7455 15.25 10.4795C15.25 5.23392 13.1333 1 10.5103 1C7.87697 1 5.75 5.23392 5.75 10.4795C5.75 15.7455 7.87697 20 10.5103 20Z\"\n                        stroke=\"white\"\n                        stroke-linecap=\"round\"\n                        stroke-linejoin=\"round\"\n                    \/>\n                <\/svg>\n                <span\n                    class=\"absolute hidden translate-x-[-10px] translate-y-[30px]\"\n                >Copied!<\/span>\n            <\/button>\n        <\/li>\n    <\/ul>\n<\/div>\n\n                                    <time\n                        datetime=\"\"\n                        class=\"mb-2.5 flex text-xl text-blue\"\n                    >\n                        12.12.2024\n                    <\/time>\n                \n                                    <h1 class='h1 max-w-198'>\n            Atkl\u0101j Rail Baltica pamattrases b\u016bvniec\u012bbai velt\u012bt\u0101s informat\u012bv\u0101s dienas\n        <\/h1>\n                \n                            <\/div>\n        <\/div>\n    <\/section>\n\n<section\n    class=\"overflow-hidden py-5 md:pt-10 md:pb-5 align wp-block-excerpt-block\"\n>\n    <div\n        class=\"container relative flex flex-col items-start z-10 md:text-xl lg:!px-4\"\n    >\n                    <div\n                class=\"textual w-full text-dark text-xl lg:px-12 md:mx-auto md:max-w-222 md:text-xl\"\n            >\n                Gatavojoties Rail Baltica pamattrases b\u016bvniec\u012bbas s\u0101k\u0161anai Bauskas novad\u0101 pie Iecavas, tre\u0161dien, 11. decembr\u012b, Iecavas kult\u016bras nam\u0101 Rail Baltica projekta \u012bstenot\u0101js Latvij\u0101 \u2013 uz\u0146\u0113mums Eiropas Dzelzce\u013ca l\u012bnijas \u2013\u00a0kop\u0101 ar \u0123ener\u0101luz\u0146\u0113m\u0113ju E.R.B. Rail atkl\u0101ja pamattrases b\u016bvniec\u012bbas informat\u012bv\u0101s dienas.\n            <\/div>\n            <\/div>\n<\/section>\n<section\n    class=\"py-5 md:py-10 align wp-block-textual-block\"\n>\n    <div\n        class=\"container\"\n    >\n        <div\n            class=\"textual w-full text-xl text-dark break-words [&#038;_span]:!text-dark [&#038;_a]:!text-dark\"\n        >\n                            <p><strong><\/strong><\/p>\n<p>Projekta \u012bstenot\u0101ji kop\u0101 ar Satiksmes ministriju, Iecavas apvien\u012bbas p\u0101rvaldi un Bauskas novada domi sniedza inform\u0101ciju sadarb\u012bbas organiz\u0101cij\u0101m par Iecavas pus\u0113 gaid\u0101majiem pamattrases darbiem \u0161ogad un 2025. gad\u0101, k\u0101 ar\u012b iepaz\u012bstin\u0101ja ar b\u016bvniec\u012bbas komandu.<\/p>\n<p>Bauskas novada pa\u0161vald\u012bbas vad\u012bt\u0101js <strong>Aivars Okmanis<\/strong> atzina, ka Rail Baltica projekta aktualit\u0101tes no R\u012bgas un Pier\u012bgas nu p\u0101rce\u013cas uz s\u0101kumpunktu \u2013 Iecavas pagastu, kur notiks pa\u0161as dzelzce\u013ca trases izb\u016bve, bet <strong>Aivars Ma\u010deks<\/strong>, Bauskas novada domes priek\u0161s\u0113d\u0113t\u0101ja vietnieks, izteica cer\u012bbu, ka projekta b\u016bvniec\u012bba b\u016bs ar j\u016btamu pienesumu novadam un viet\u0113jai kopienai, piem\u0113ram, jaunu darba vietu zi\u0146\u0101.<\/p>\n<p>Satiksmes ministrijas valsts sekret\u0101ra vietniece Rail Baltica jaut\u0101jumos <strong>Krist\u012bne Malna\u010da<\/strong> akcent\u0113ja, ka ar vald\u012bbas 10. decembra l\u0113mumu par Rail Baltica pirm\u0101s k\u0101rtas ievie\u0161anu un \u201enodro\u0161in\u0101tu finans\u0113jumu pirmajiem 40 kilometriem pamattrases izb\u016bvei dienvidu posm\u0101 esam sasniegu\u0161i punktu, kad vairs nav ce\u013ca atpaka\u013c \u2013 ir tikai j\u0101iet uz priek\u0161u, lai l\u012bdz 2030. gadam izveidotu funkcion\u0101lu dzelzce\u013ca savienojumu ar Eiropu\u201d.<\/p>\n\n                    <\/div>\n    <\/div>\n<\/section>\n\n\n<section\n    class=\"overflow-hidden py-5 align wp-block-image-grid-block !pt-[0] !pb-[0]\"\n>\n    <div\n        class=\"container relative flex flex-col items-start z-10\"\n    >\n        <div\n            class=\"grid w-full gap-3 md:grid-cols-2 md:gap-5 md:grid-cols-3 lg:px-12\"\n        >\n                                                <div\n                        class=\"relative z-10 flex h-full w-full flex-col text-center\"\n                    >\n                        <img decoding=\"async\"\n        src=\"https:\/\/www.railbaltica.org\/wp-content\/uploads\/2025\/07\/buvtafele-pie-trases.jpg\"\n        alt=\"buvtafele-pie-trases\"\n         title=\"buvtafele-pie-trases\"         class=\"block z-20 !relative h-80 object-cover\"\n        loading=\"lazy\"\n    \/>\n                                            <\/div>\n                                                                <div\n                        class=\"relative z-10 flex h-full w-full flex-col text-center\"\n                    >\n                        <img decoding=\"async\"\n        src=\"https:\/\/www.railbaltica.org\/wp-content\/uploads\/2025\/07\/Dilevs.jpg\"\n        alt=\"Dilevs\"\n         title=\"Dilevs\"         class=\"block z-20 !relative h-80 object-cover\"\n        loading=\"lazy\"\n    \/>\n                                            <\/div>\n                                                                <div\n                        class=\"relative z-10 flex h-full w-full flex-col text-center\"\n                    >\n                        <img decoding=\"async\"\n        src=\"https:\/\/www.railbaltica.org\/wp-content\/uploads\/2025\/07\/Kirbijs.jpg\"\n        alt=\"Kirbijs\"\n         title=\"Kirbijs\"         class=\"block z-20 !relative h-80 object-cover\"\n        loading=\"lazy\"\n    \/>\n                                            <\/div>\n                                                                <div\n                        class=\"relative z-10 flex h-full w-full flex-col text-center\"\n                    >\n                        <img decoding=\"async\"\n        src=\"https:\/\/www.railbaltica.org\/wp-content\/uploads\/2025\/07\/kopskats.jpg\"\n        alt=\"kopskats\"\n         title=\"kopskats\"         class=\"block z-20 !relative h-80 object-cover\"\n        loading=\"lazy\"\n    \/>\n                                            <\/div>\n                                                                <div\n                        class=\"relative z-10 flex h-full w-full flex-col text-center\"\n                    >\n                        <img decoding=\"async\"\n        src=\"https:\/\/www.railbaltica.org\/wp-content\/uploads\/2025\/07\/Maceks.jpg\"\n        alt=\"Maceks\"\n         title=\"Maceks\"         class=\"block z-20 !relative h-80 object-cover\"\n        loading=\"lazy\"\n    \/>\n                                            <\/div>\n                                                                <div\n                        class=\"relative z-10 flex h-full w-full flex-col text-center\"\n                    >\n                        <img decoding=\"async\"\n        src=\"https:\/\/www.railbaltica.org\/wp-content\/uploads\/2025\/07\/Malnaca.jpg\"\n        alt=\"Malnaca\"\n         title=\"Malnaca\"         class=\"block z-20 !relative h-80 object-cover\"\n        loading=\"lazy\"\n    \/>\n                                            <\/div>\n                                                                <div\n                        class=\"relative z-10 flex h-full w-full flex-col text-center\"\n                    >\n                        <img decoding=\"async\"\n        src=\"https:\/\/www.railbaltica.org\/wp-content\/uploads\/2025\/07\/OKmanis.jpg\"\n        alt=\"OKmanis\"\n         title=\"OKmanis\"         class=\"block z-20 !relative h-80 object-cover\"\n        loading=\"lazy\"\n    \/>\n                                            <\/div>\n                                                                <div\n                        class=\"relative z-10 flex h-full w-full flex-col text-center\"\n                    >\n                        <img decoding=\"async\"\n        src=\"https:\/\/www.railbaltica.org\/wp-content\/uploads\/2025\/07\/Saukans.jpg\"\n        alt=\"Saukans\"\n         title=\"Saukans\"         class=\"block z-20 !relative h-80 object-cover\"\n        loading=\"lazy\"\n    \/>\n                                            <\/div>\n                                                                <div\n                        class=\"relative z-10 flex h-full w-full flex-col text-center\"\n                    >\n                        <img decoding=\"async\"\n        src=\"https:\/\/www.railbaltica.org\/wp-content\/uploads\/2025\/07\/Svifts.jpg\"\n        alt=\"Svifts\"\n         title=\"Svifts\"         class=\"block z-20 !relative h-80 object-cover\"\n        loading=\"lazy\"\n    \/>\n                                            <\/div>\n                                                                <div\n                        class=\"relative z-10 flex h-full w-full flex-col text-center\"\n                    >\n                        <img decoding=\"async\"\n        src=\"https:\/\/www.railbaltica.org\/wp-content\/uploads\/2025\/07\/uzdod-jautajumus.jpg\"\n        alt=\"uzdod-jautajumus\"\n         title=\"uzdod-jautajumus\"         class=\"block z-20 !relative h-80 object-cover\"\n        loading=\"lazy\"\n    \/>\n                                            <\/div>\n                                    <\/div>\n    <\/div>\n<\/section>\n\n\n<section\n    class=\"py-5 md:py-10 align wp-block-textual-block\"\n>\n    <div\n        class=\"container\"\n    >\n        <div\n            class=\"textual w-full text-xl text-dark break-words [&#038;_span]:!text-dark [&#038;_a]:!text-dark\"\n        >\n                            <p>Eiropas Dzelzce\u013ca l\u012bnijas\u00a0valdes priek\u0161s\u0113d\u0113t\u0101js <strong>\u0112riks Di\u013cevs<\/strong> teica, ka jau n\u0101kamgad var\u0113s redz\u0113t trases izb\u016bves dinamiku, kad notiks liela apjoma b\u016bvdarbi, un tam ir visi priek\u0161nosac\u012bjumi: saska\u0146oti b\u016bvprojekti, atsavin\u0101ti nepiecie\u0161amie \u012bpa\u0161umi, pieejams finans\u0113jums un nosl\u0113gti b\u016bvdarbu un b\u016bvuzraudz\u012bbas l\u012bgumi.\u00a0<\/p>\n<p>B\u016bvnieka E.R.B. Rail projektu vad\u012bbas direktors <strong>Endijs Svifts<\/strong> (<em>Andy Swift<\/em>) kl\u0101teso\u0161os iepaz\u012bstin\u0101ja ar kopuz\u0146\u0113mumu, kuru veido\u00a0pieredz\u0113ju\u0161i uz\u0146\u0113mumi strat\u0113\u0123isk\u0101s noz\u012bmes objektu b\u016bvniec\u012bb\u0101 Eirop\u0101 \u2013 Eiffage G\u00e9nie Civil SAS\u00a0(Francija),\u00a0Budimex S.A.\u00a0(Polija) un\u00a0Rizzani de Eccher S.p.A\u00a0(It\u0101lija) \u2013, un re\u0123ion\u0101lo b\u016bvniec\u012bbas komandu, sakot, ka b\u016bvnieks ir gatavs akt\u012bvi sadarboties ar viet\u0113jo kopienu \u0161\u012b projekta \u012bsteno\u0161an\u0101. Savuk\u0101rt E.R.B. Rail vides un dro\u0161\u012bbas eskperts <strong>Dens Kirbijs<\/strong> (<em>Dan Kirby<\/em>) uzsv\u0113ra, ka vides un dro\u0161\u012bbas jaut\u0101jumi ir uz\u0146\u0113muma galven\u0101 priorit\u0101te, kas attiecin\u0101ma gan uz pa\u0161u uz\u0146\u0113mumu, gan uz apak\u0161uz\u0146\u0113m\u0113jiem.<\/p>\n<p>E.R.B. Rail Ieinteres\u0113to pu\u0161u vad\u012bt\u0101js <strong>M\u0101ris Sauk\u0101ns<\/strong> st\u0101st\u012bja par dr\u012bzum\u0101 paredz\u0113tajiem darbiem: b\u016bvlaukuma mobiliz\u0101ciju, pievedce\u013ca izb\u016bvi no V9 autoce\u013ca, past\u0101v\u012bgu re\u0123ion\u0101la b\u016bvniec\u012bbas biroja izveidi un b\u016bvlaukuma pamatnes izb\u016bvi. Vi\u0146\u0161 ar\u012b min\u0113ja dienvidu posma Misa-Latvijas\/Lietuvas robe\u017ea izb\u016bves apjomu, kura kopgarum\u0101 paredz\u0113ts izb\u016bv\u0113t tr\u012bs dzelzce\u013ca tiltus, piecus dzelzce\u013ca p\u0101rvadus, 10 autoce\u013cu p\u0101rvadus, tr\u012bs kombin\u0113tos ce\u013ca p\u0101rvadus, divas g\u0101j\u0113ju p\u0101rejas, divus dz\u012bvnieku ce\u013cus un Iecavas infarstrukt\u016bras apkopes punktu, kur\u0161 b\u016bvdarbu laik\u0101 tiks izmantots k\u0101 b\u016bvniec\u012bbas b\u0101ze. Vi\u0146\u0161 ar\u012b aicin\u0101ja viet\u0113jos uz\u0146\u0113m\u0113jus un pieg\u0101d\u0101t\u0101jus piedal\u012bties Rail Baltica b\u016bvniec\u012bb\u0101, piesakoties \u012bpa\u0161\u0101 vietn\u0113 \u2013 pieg\u0101d\u0101t\u0101ju sist\u0113m\u0101\u00a0<strong><a href=\"https:\/\/erbrail.com\/lv\/piegades-kede\/\" target=\"_blank\" rel=\"noopener\">https:\/\/erbrail.com\/lv\/piegades-kede\/<\/a><\/strong> , k\u0101 ar\u012b rakst\u012bt interes\u0113jo\u0161us jaut\u0101jumus uz epastu <a href=\"mailto:raksti@erbrail.com\">raksti@erbrail.com<\/a><a href=\"mailto:raksti@erbrail.com\">raksti@erbrail.com<\/a><a href=\"mailto:raksti@erbrail.com\">raksti@erbrail.com<\/a>.<\/p>\n<p>P\u0113c iepaz\u012b\u0161an\u0101s ar projekta \u012bstenot\u0101jiem un pl\u0101noto trases izb\u016bves gaitu, kl\u0101teso\u0161ie akt\u012bvi uzdeva jaut\u0101jumus. Piem\u0113ram, interes\u0113ja, vai \u0161ai posm\u0101 paredz\u0113tas ar\u012b re\u0123ion\u0101l\u0101s stacijas, cik jaunu darba vietu b\u016bs Iecavas infrastrukt\u016bras apkopes punkt\u0101, vai viet\u0113jiem uz\u0146\u0113m\u0113jiem nepietr\u016bks materi\u0101lu, ja trases b\u016bvniec\u012bb\u0101 izmantos izejvielas no viet\u0113jiem karjeriem utt. \u00a0Rail Baltica projekta komandas p\u0101rst\u0101vji atbild\u0113ja, ka vald\u012bbas pie\u0146emtaj\u0101 pirm\u0101s k\u0101rtas izb\u016bves pl\u0101n\u0101 ir saglab\u0101ta iesp\u0113ja veidot re\u0123ion\u0101l\u0101s stacijas dienvidu posm\u0101, t.sk Iecav\u0101, ka infrastrukt\u016bras apkopes punkt\u0101 b\u016bs vair\u0101k nek\u0101 200 jaunu darba vietu, ka viet\u0113jo izejmateri\u0101lu izmanto\u0161anas apjoms tiek r\u016bp\u012bgi kalkul\u0113ts, lai nenoplicin\u0101tu ieguves iesp\u0113jas, k\u0101 ar\u012b dom\u0101, lai materi\u0101lu pieg\u0101des neietekm\u0113tu nedz ce\u013cu st\u0101vokli, nedz satiksmes intensit\u0101ti.<\/p>\n<p>Informat\u012bv\u0101s dienas Iecavas kult\u016bras nam\u0101 turpin\u0101sies ar\u012b ceturtdien, 12. decembr\u012b, un piektdien, 13. decembr\u012b, kad uz tik\u0161anos ar Eiropas Dzelzce\u013ca\u00a0l\u012bniju\u00a0un\u00a0E.R.B. Rail\u00a0ekspertiem aicin\u0101ti novada iedz\u012bvot\u0101ji, lai iepaz\u012btos ar pamattrases b\u016bvniec\u012bbas informat\u012bvajiem materi\u0101liem un uzdotu sev interes\u0113jo\u0161us jaut\u0101jumus. Jaut\u0101jumus jau iepriek\u0161 var ies\u016bt\u012bt uz e-pastu:\u00a0<a href=\"mailto:raksti@erbrail.com\">raksti@erbrail.com<\/a>.<\/p>\n<p><strong>Tik\u0161an\u0101s ar iedz\u012bvot\u0101jiem 12. decembr\u012b paredz\u0113ta no plkst. 12.00 l\u012bdz 15.00, savuk\u0101rt 13. decembr\u012b \u2013 no plkst. 16.00 l\u012bdz 19.00<\/strong>. Inform\u0101cija par informat\u012bvaj\u0101m dien\u0101m viet\u0113jiem iedz\u012bvot\u0101jiem tiks sniegta ar\u012b\u00a0Bauskas Novada V\u0113stnes\u012b.<\/p>\n<p>Pamattrases b\u016bvdarbi ietver Rail Baltica\u00a0izb\u016bvi \u0101rpus R\u012bgas pils\u0113tas robe\u017e\u0101m, un pirmie b\u016bvdarbi notiks trases priorit\u0101raj\u0101 dienvidu posm\u0101. B\u016bvniekam j\u0101nodro\u0161ina\u00a0Rail Baltica\u00a0dzelzce\u013ca l\u012bnijas pamattrases infrastrukt\u016bras b\u016bvniec\u012bba kopum\u0101 aptuveni 230 kilometru garum\u0101\u00a0 \u2013 slie\u017eu ce\u013cu apak\u0161b\u016bvju un virsb\u016bvju izb\u016bve, tai skait\u0101 zemes sagatavo\u0161ana, uzb\u0113rumu, dzelzce\u013ca tiltu, ce\u013cu, ce\u013ca pazemes p\u0101reju, p\u0101rvadu izb\u016bve, in\u017eeniertehnisko t\u012bklu p\u0101rvieto\u0161ana, slie\u017eu un balasta uzst\u0101d\u012b\u0161ana.<\/p>\n\n                    <\/div>\n    <\/div>\n<\/section>\n\n\n\n<section\n    class=\"overflow-hidden py-5 md:pt-5 md:pb-10 align wp-block-button-cta-block !pt-[0]\"\n>\n    <div\n        class=\"container w-full relative flex flex-col items-start z-10\"\n    >\n        <div\n            class=\"w-full border-t border-dark pt-5 mt-4 md:mt-5 md:pt-10\"\n        >\n        <\/div>\n\n                    <a\n        href=\"\/lv\/zinas\/\"\n                class=\"btn-outline-dark mx-auto\"\n    >\n        \n        Atpaka\u013c zi\u0146\u0101m\n        \n        \n    <\/a>\n            <\/div>\n<\/section>\n","protected":false},"excerpt":{"rendered":"<p>Gatavojoties Rail Baltica pamattrases b\u016bvniec\u012bbas s\u0101k\u0161anai Bauskas novad\u0101 pie Iecavas, tre\u0161dien, 11. decembr\u012b, Iecavas kult\u016bras nam\u0101 Rail Baltica projekta \u012bstenot\u0101js Latvij\u0101 \u2013 uz\u0146\u0113mums Eiropas Dzelzce\u013ca l\u012bnijas \u2013\u00a0kop\u0101 ar \u0123ener\u0101luz\u0146\u0113m\u0113ju E.R.B. Rail atkl\u0101ja pamattrases b\u016bvniec\u012bbas informat\u012bv\u0101s dienas.<\/p>\n","protected":false},"featured_media":15194,"template":"","news_category":[],"class_list":["post-15142","news","type-news","status-publish","has-post-thumbnail","hentry"],"acf":[],"yoast_head":"<!-- This site is optimized with the Yoast SEO plugin v27.5 - https:\/\/yoast.com\/product\/yoast-seo-wordpress\/ -->\n<title>Atkl\u0101j Rail Baltica pamattrases b\u016bvniec\u012bbai velt\u012bt\u0101s informat\u012bv\u0101s dienas - RB<\/title>\n<meta name=\"robots\" content=\"index, follow, max-snippet:-1, max-image-preview:large, max-video-preview:-1\" \/>\n<link rel=\"canonical\" href=\"https:\/\/www.railbaltica.org\/lv\/jaunumi\/atklaj-rail-baltica-pamattrases-buvniecibai-veltitas-informativas-dienas\/\" \/>\n<meta property=\"og:locale\" content=\"lv_LV\" \/>\n<meta property=\"og:type\" content=\"article\" \/>\n<meta property=\"og:title\" content=\"Atkl\u0101j Rail Baltica pamattrases b\u016bvniec\u012bbai velt\u012bt\u0101s informat\u012bv\u0101s dienas - RB\" \/>\n<meta property=\"og:description\" content=\"Gatavojoties Rail Baltica pamattrases b\u016bvniec\u012bbas s\u0101k\u0161anai Bauskas novad\u0101 pie Iecavas, tre\u0161dien, 11. decembr\u012b, Iecavas kult\u016bras nam\u0101 Rail Baltica projekta \u012bstenot\u0101js Latvij\u0101 \u2013 uz\u0146\u0113mums Eiropas Dzelzce\u013ca l\u012bnijas \u2013\u00a0kop\u0101 ar \u0123ener\u0101luz\u0146\u0113m\u0113ju E.R.B. Rail atkl\u0101ja pamattrases b\u016bvniec\u012bbas informat\u012bv\u0101s dienas.\" \/>\n<meta property=\"og:url\" content=\"https:\/\/www.railbaltica.org\/lv\/jaunumi\/atklaj-rail-baltica-pamattrases-buvniecibai-veltitas-informativas-dienas\/\" \/>\n<meta property=\"og:site_name\" content=\"RB\" \/>\n<meta property=\"article:modified_time\" content=\"2025-08-20T07:15:39+00:00\" \/>\n<meta property=\"og:image\" content=\"https:\/\/www.railbaltica.org\/wp-content\/uploads\/2025\/07\/Iecava-Baldone-Daugmale-1-scaled.jpg\" \/>\n\t<meta property=\"og:image:width\" content=\"2560\" \/>\n\t<meta property=\"og:image:height\" content=\"1440\" \/>\n\t<meta property=\"og:image:type\" content=\"image\/jpeg\" \/>\n<meta name=\"twitter:card\" content=\"summary_large_image\" \/>\n<script type=\"application\/ld+json\" class=\"yoast-schema-graph\">{\"@context\":\"https:\\\/\\\/schema.org\",\"@graph\":[{\"@type\":\"WebPage\",\"@id\":\"https:\\\/\\\/www.railbaltica.org\\\/lv\\\/jaunumi\\\/atklaj-rail-baltica-pamattrases-buvniecibai-veltitas-informativas-dienas\\\/\",\"url\":\"https:\\\/\\\/www.railbaltica.org\\\/lv\\\/jaunumi\\\/atklaj-rail-baltica-pamattrases-buvniecibai-veltitas-informativas-dienas\\\/\",\"name\":\"Atkl\u0101j Rail Baltica pamattrases b\u016bvniec\u012bbai velt\u012bt\u0101s informat\u012bv\u0101s dienas - RB\",\"isPartOf\":{\"@id\":\"https:\\\/\\\/www.railbaltica.org\\\/#website\"},\"primaryImageOfPage\":{\"@id\":\"https:\\\/\\\/www.railbaltica.org\\\/lv\\\/jaunumi\\\/atklaj-rail-baltica-pamattrases-buvniecibai-veltitas-informativas-dienas\\\/#primaryimage\"},\"image\":{\"@id\":\"https:\\\/\\\/www.railbaltica.org\\\/lv\\\/jaunumi\\\/atklaj-rail-baltica-pamattrases-buvniecibai-veltitas-informativas-dienas\\\/#primaryimage\"},\"thumbnailUrl\":\"https:\\\/\\\/www.railbaltica.org\\\/wp-content\\\/uploads\\\/2025\\\/07\\\/Iecava-Baldone-Daugmale-1-scaled.jpg\",\"datePublished\":\"2024-12-12T07:26:01+00:00\",\"dateModified\":\"2025-08-20T07:15:39+00:00\",\"breadcrumb\":{\"@id\":\"https:\\\/\\\/www.railbaltica.org\\\/lv\\\/jaunumi\\\/atklaj-rail-baltica-pamattrases-buvniecibai-veltitas-informativas-dienas\\\/#breadcrumb\"},\"inLanguage\":\"lv-LV\",\"potentialAction\":[{\"@type\":\"ReadAction\",\"target\":[\"https:\\\/\\\/www.railbaltica.org\\\/lv\\\/jaunumi\\\/atklaj-rail-baltica-pamattrases-buvniecibai-veltitas-informativas-dienas\\\/\"]}]},{\"@type\":\"ImageObject\",\"inLanguage\":\"lv-LV\",\"@id\":\"https:\\\/\\\/www.railbaltica.org\\\/lv\\\/jaunumi\\\/atklaj-rail-baltica-pamattrases-buvniecibai-veltitas-informativas-dienas\\\/#primaryimage\",\"url\":\"https:\\\/\\\/www.railbaltica.org\\\/wp-content\\\/uploads\\\/2025\\\/07\\\/Iecava-Baldone-Daugmale-1-scaled.jpg\",\"contentUrl\":\"https:\\\/\\\/www.railbaltica.org\\\/wp-content\\\/uploads\\\/2025\\\/07\\\/Iecava-Baldone-Daugmale-1-scaled.jpg\",\"width\":2560,\"height\":1440},{\"@type\":\"BreadcrumbList\",\"@id\":\"https:\\\/\\\/www.railbaltica.org\\\/lv\\\/jaunumi\\\/atklaj-rail-baltica-pamattrases-buvniecibai-veltitas-informativas-dienas\\\/#breadcrumb\",\"itemListElement\":[{\"@type\":\"ListItem\",\"position\":1,\"name\":\"Home\",\"item\":\"https:\\\/\\\/www.railbaltica.org\\\/lv\\\/\"},{\"@type\":\"ListItem\",\"position\":2,\"name\":\"Atkl\u0101j Rail Baltica pamattrases b\u016bvniec\u012bbai velt\u012bt\u0101s informat\u012bv\u0101s dienas\"}]},{\"@type\":\"WebSite\",\"@id\":\"https:\\\/\\\/www.railbaltica.org\\\/#website\",\"url\":\"https:\\\/\\\/www.railbaltica.org\\\/\",\"name\":\"RB\",\"description\":\"\",\"potentialAction\":[{\"@type\":\"SearchAction\",\"target\":{\"@type\":\"EntryPoint\",\"urlTemplate\":\"https:\\\/\\\/www.railbaltica.org\\\/?s={search_term_string}\"},\"query-input\":{\"@type\":\"PropertyValueSpecification\",\"valueRequired\":true,\"valueName\":\"search_term_string\"}}],\"inLanguage\":\"lv-LV\"}]}<\/script>\n<!-- \/ Yoast SEO plugin. -->","yoast_head_json":{"title":"Atkl\u0101j Rail Baltica pamattrases b\u016bvniec\u012bbai velt\u012bt\u0101s informat\u012bv\u0101s dienas - RB","robots":{"index":"index","follow":"follow","max-snippet":"max-snippet:-1","max-image-preview":"max-image-preview:large","max-video-preview":"max-video-preview:-1"},"canonical":"https:\/\/www.railbaltica.org\/lv\/jaunumi\/atklaj-rail-baltica-pamattrases-buvniecibai-veltitas-informativas-dienas\/","og_locale":"lv_LV","og_type":"article","og_title":"Atkl\u0101j Rail Baltica pamattrases b\u016bvniec\u012bbai velt\u012bt\u0101s informat\u012bv\u0101s dienas - RB","og_description":"Gatavojoties Rail Baltica pamattrases b\u016bvniec\u012bbas s\u0101k\u0161anai Bauskas novad\u0101 pie Iecavas, tre\u0161dien, 11. decembr\u012b, Iecavas kult\u016bras nam\u0101 Rail Baltica projekta \u012bstenot\u0101js Latvij\u0101 \u2013 uz\u0146\u0113mums Eiropas Dzelzce\u013ca l\u012bnijas \u2013\u00a0kop\u0101 ar \u0123ener\u0101luz\u0146\u0113m\u0113ju E.R.B. Rail atkl\u0101ja pamattrases b\u016bvniec\u012bbas informat\u012bv\u0101s dienas.","og_url":"https:\/\/www.railbaltica.org\/lv\/jaunumi\/atklaj-rail-baltica-pamattrases-buvniecibai-veltitas-informativas-dienas\/","og_site_name":"RB","article_modified_time":"2025-08-20T07:15:39+00:00","og_image":[{"width":2560,"height":1440,"url":"https:\/\/www.railbaltica.org\/wp-content\/uploads\/2025\/07\/Iecava-Baldone-Daugmale-1-scaled.jpg","type":"image\/jpeg"}],"twitter_card":"summary_large_image","schema":{"@context":"https:\/\/schema.org","@graph":[{"@type":"WebPage","@id":"https:\/\/www.railbaltica.org\/lv\/jaunumi\/atklaj-rail-baltica-pamattrases-buvniecibai-veltitas-informativas-dienas\/","url":"https:\/\/www.railbaltica.org\/lv\/jaunumi\/atklaj-rail-baltica-pamattrases-buvniecibai-veltitas-informativas-dienas\/","name":"Atkl\u0101j Rail Baltica pamattrases b\u016bvniec\u012bbai velt\u012bt\u0101s informat\u012bv\u0101s dienas - RB","isPartOf":{"@id":"https:\/\/www.railbaltica.org\/#website"},"primaryImageOfPage":{"@id":"https:\/\/www.railbaltica.org\/lv\/jaunumi\/atklaj-rail-baltica-pamattrases-buvniecibai-veltitas-informativas-dienas\/#primaryimage"},"image":{"@id":"https:\/\/www.railbaltica.org\/lv\/jaunumi\/atklaj-rail-baltica-pamattrases-buvniecibai-veltitas-informativas-dienas\/#primaryimage"},"thumbnailUrl":"https:\/\/www.railbaltica.org\/wp-content\/uploads\/2025\/07\/Iecava-Baldone-Daugmale-1-scaled.jpg","datePublished":"2024-12-12T07:26:01+00:00","dateModified":"2025-08-20T07:15:39+00:00","breadcrumb":{"@id":"https:\/\/www.railbaltica.org\/lv\/jaunumi\/atklaj-rail-baltica-pamattrases-buvniecibai-veltitas-informativas-dienas\/#breadcrumb"},"inLanguage":"lv-LV","potentialAction":[{"@type":"ReadAction","target":["https:\/\/www.railbaltica.org\/lv\/jaunumi\/atklaj-rail-baltica-pamattrases-buvniecibai-veltitas-informativas-dienas\/"]}]},{"@type":"ImageObject","inLanguage":"lv-LV","@id":"https:\/\/www.railbaltica.org\/lv\/jaunumi\/atklaj-rail-baltica-pamattrases-buvniecibai-veltitas-informativas-dienas\/#primaryimage","url":"https:\/\/www.railbaltica.org\/wp-content\/uploads\/2025\/07\/Iecava-Baldone-Daugmale-1-scaled.jpg","contentUrl":"https:\/\/www.railbaltica.org\/wp-content\/uploads\/2025\/07\/Iecava-Baldone-Daugmale-1-scaled.jpg","width":2560,"height":1440},{"@type":"BreadcrumbList","@id":"https:\/\/www.railbaltica.org\/lv\/jaunumi\/atklaj-rail-baltica-pamattrases-buvniecibai-veltitas-informativas-dienas\/#breadcrumb","itemListElement":[{"@type":"ListItem","position":1,"name":"Home","item":"https:\/\/www.railbaltica.org\/lv\/"},{"@type":"ListItem","position":2,"name":"Atkl\u0101j Rail Baltica pamattrases b\u016bvniec\u012bbai velt\u012bt\u0101s informat\u012bv\u0101s dienas"}]},{"@type":"WebSite","@id":"https:\/\/www.railbaltica.org\/#website","url":"https:\/\/www.railbaltica.org\/","name":"RB","description":"","potentialAction":[{"@type":"SearchAction","target":{"@type":"EntryPoint","urlTemplate":"https:\/\/www.railbaltica.org\/?s={search_term_string}"},"query-input":{"@type":"PropertyValueSpecification","valueRequired":true,"valueName":"search_term_string"}}],"inLanguage":"lv-LV"}]}},"_links":{"self":[{"href":"https:\/\/www.railbaltica.org\/lv\/wp-json\/wp\/v2\/news\/15142","targetHints":{"allow":["GET"]}}],"collection":[{"href":"https:\/\/www.railbaltica.org\/lv\/wp-json\/wp\/v2\/news"}],"about":[{"href":"https:\/\/www.railbaltica.org\/lv\/wp-json\/wp\/v2\/types\/news"}],"wp:featuredmedia":[{"embeddable":true,"href":"https:\/\/www.railbaltica.org\/lv\/wp-json\/wp\/v2\/media\/15194"}],"wp:attachment":[{"href":"https:\/\/www.railbaltica.org\/lv\/wp-json\/wp\/v2\/media?parent=15142"}],"wp:term":[{"taxonomy":"news_category","embeddable":true,"href":"https:\/\/www.railbaltica.org\/lv\/wp-json\/wp\/v2\/news_category?post=15142"}],"curies":[{"name":"wp","href":"https:\/\/api.w.org\/{rel}","templated":true}]}}