{"id":15073,"date":"2024-11-08T10:22:11","date_gmt":"2024-11-08T10:22:11","guid":{"rendered":"https:\/\/www.railbaltica.org\/news\/eiropas-komisijas-parstave-ar-valdibas-ministriem-parruna-rail-baltica-projekta-ieviesanu-latvija\/"},"modified":"2025-08-20T07:15:44","modified_gmt":"2025-08-20T07:15:44","slug":"eiropas-komisijas-parstave-ar-valdibas-ministriem-parruna-rail-baltica-projekta-ieviesanu-latvija","status":"publish","type":"news","link":"https:\/\/www.railbaltica.org\/lv\/jaunumi\/eiropas-komisijas-parstave-ar-valdibas-ministriem-parruna-rail-baltica-projekta-ieviesanu-latvija\/","title":{"rendered":"Eiropas Komisijas p\u0101rst\u0101ve ar vald\u012bbas ministriem p\u0101rrun\u0101 Rail Baltica projekta ievie\u0161anu Latvij\u0101"},"content":{"rendered":"<section\n    class=\"align wp-block-hero-page-block relative flex overflow-hidden z-10 mt-20 md:mt-52\"\n>\n            <div\n            class=\"container md:!px-14\"\n        >\n            <div\n                class=\"bg-dark text-white rounded p-4 md:p-10\"\n            >\n                                <div\n    class=\"flex justify-between border-t pt-2.5 my-5 text-sm\"\n>\n    <span>Dalies ar jaunumiem\n<\/span>\n    <ul\n        class=\"flex items-center gap-5\"\n    >\n        <li>\n            <a\n                href=\"https:\/\/www.facebook.com\/sharer\/sharer.php?u=https%3A%2F%2Fwww.railbaltica.org%2Flv%2Fjaunumi%2Feiropas-komisijas-parstave-ar-valdibas-ministriem-parruna-rail-baltica-projekta-ieviesanu-latvija%2F\"\n                target=\"_blank\"\n                rel=\"noopener noreferrer\"\n                aria-label=\"Share on Facebook\"\n                class=\"transition-opacity hover:opacity-75\"\n            >\n                <svg\n                    width=\"20\"\n                    height=\"20\"\n                    viewBox=\"0 0 20 20\"\n                    fill=\"none\"\n                    xmlns=\"http:\/\/www.w3.org\/2000\/svg\"\n                >\n                    <path\n                        d=\"M7.5 6.66667H5V10H7.5V20H11.6667V10H14.7017L15 6.66667H11.6667V5.2775C11.6667 4.48167 11.8267 4.16667 12.5958 4.16667H15V0H11.8267C8.83 0 7.5 1.31917 7.5 3.84583V6.66667Z\"\n                        fill=\"white\"\n                    \/>\n                <\/svg>\n            <\/a>\n        <\/li>\n        <li>\n            <a\n                href=\"https:\/\/twitter.com\/intent\/tweet?url=https%3A%2F%2Fwww.railbaltica.org%2Flv%2Fjaunumi%2Feiropas-komisijas-parstave-ar-valdibas-ministriem-parruna-rail-baltica-projekta-ieviesanu-latvija%2F&amp;text=Eiropas+Komisijas+p%C4%81rst%C4%81ve+ar+vald%C4%ABbas+ministriem+p%C4%81rrun%C4%81+Rail+Baltica+projekta+ievie%C5%A1anu+Latvij%C4%81\"\n                target=\"_blank\"\n                rel=\"noopener noreferrer\"\n                aria-label=\"Share on Twitter\"\n                class=\"transition-opacity hover:opacity-75\"\n            >\n                <svg\n                    width=\"20\"\n                    height=\"20\"\n                    viewBox=\"0 0 20 20\"\n                    fill=\"none\"\n                    xmlns=\"http:\/\/www.w3.org\/2000\/svg\"\n                >\n                    <path\n                        d=\"M14.7313 2.68748H17.238L11.763 8.88248L18.2038 17.3125H13.1597L9.20966 12.2L4.68966 17.3125H2.18299L8.03883 10.6866L1.86133 2.68665H7.03216L10.603 7.35998L14.7322 2.68665L14.7313 2.68748ZM13.8522 15.8275H15.2405L6.27716 4.09415H4.78716L13.8522 15.8275Z\"\n                        fill=\"white\"\n                    \/>\n                <\/svg>\n            <\/a>\n        <\/li>\n        <li>\n            <a\n                href=\"https:\/\/www.linkedin.com\/sharing\/share-offsite\/?url=https%3A%2F%2Fwww.railbaltica.org%2Flv%2Fjaunumi%2Feiropas-komisijas-parstave-ar-valdibas-ministriem-parruna-rail-baltica-projekta-ieviesanu-latvija%2F\"\n                target=\"_blank\"\n                rel=\"noopener noreferrer\"\n                aria-label=\"Share on LinkedIn\"\n                class=\"transition-opacity hover:opacity-75\"\n            >\n                <svg\n                    width=\"20\"\n                    height=\"20\"\n                    viewBox=\"0 0 20 20\"\n                    fill=\"none\"\n                    xmlns=\"http:\/\/www.w3.org\/2000\/svg\"\n                >\n                    <path\n                        d=\"M18.4097 0.000139829H1.46998C1.27956 -0.00250476 1.09049 0.0323869 0.913553 0.102822C0.73662 0.173257 0.575295 0.277857 0.438791 0.410646C0.302287 0.543436 0.193279 0.701814 0.11799 0.876737C0.0427018 1.05166 0.00260836 1.2397 0 1.43012V18.5699C0.00260836 18.7603 0.0427018 18.9483 0.11799 19.1233C0.193279 19.2982 0.302287 19.4566 0.438791 19.5894C0.575295 19.7221 0.73662 19.8267 0.913553 19.8972C1.09049 19.9676 1.27956 20.0025 1.46998 19.9999H18.4097C18.6002 20.0025 18.7892 19.9676 18.9662 19.8972C19.1431 19.8267 19.3044 19.7221 19.4409 19.5894C19.5774 19.4566 19.6864 19.2982 19.7617 19.1233C19.837 18.9483 19.8771 18.7603 19.8797 18.5699V1.43012C19.8771 1.2397 19.837 1.05166 19.7617 0.876737C19.6864 0.701814 19.5774 0.543436 19.4409 0.410646C19.3044 0.277857 19.1431 0.173257 18.9662 0.102822C18.7892 0.0323869 18.6002 -0.00250476 18.4097 0.000139829ZM6.02992 16.7399H3.02996V7.74003H6.02992V16.7399ZM4.52994 6.48005C4.1162 6.48005 3.71942 6.31569 3.42687 6.02314C3.13431 5.73059 2.96996 5.3338 2.96996 4.92007C2.96996 4.50634 3.13431 4.10955 3.42687 3.817C3.71942 3.52445 4.1162 3.36009 4.52994 3.36009C4.74963 3.33518 4.97211 3.35695 5.1828 3.42398C5.3935 3.491 5.58766 3.60178 5.75258 3.74905C5.91749 3.89632 6.04944 4.07676 6.13979 4.27856C6.23013 4.48036 6.27683 4.69897 6.27683 4.92007C6.27683 5.14117 6.23013 5.35978 6.13979 5.56158C6.04944 5.76338 5.91749 5.94382 5.75258 6.09109C5.58766 6.23836 5.3935 6.34914 5.1828 6.41617C4.97211 6.48319 4.74963 6.50496 4.52994 6.48005ZM16.8498 16.7399H13.8498V11.91C13.8498 10.7 13.4198 9.91 12.3298 9.91C11.9925 9.91247 11.664 10.0183 11.3887 10.2132C11.1133 10.4081 10.9043 10.6827 10.7899 11C10.7116 11.235 10.6777 11.4826 10.6899 11.73V16.7299H7.68989V7.73003H10.6899V9.00001C10.9624 8.52713 11.3587 8.13755 11.8363 7.87323C12.3138 7.60892 12.8544 7.47989 13.3998 7.50003C15.3998 7.50003 16.8498 8.79002 16.8498 11.56V16.7399Z\"\n                        fill=\"white\"\n                    \/>\n                <\/svg>\n            <\/a>\n        <\/li>\n        <li>\n            <button\n                type=\"button\"\n                class=\"copy-url-btn relative my-auto flex transition-opacity hover:opacity-75\"\n                data-url=\"https:\/\/www.railbaltica.org\/lv\/jaunumi\/eiropas-komisijas-parstave-ar-valdibas-ministriem-parruna-rail-baltica-projekta-ieviesanu-latvija\/\"\n            >\n                <svg\n                    width=\"21\"\n                    height=\"21\"\n                    viewBox=\"0 0 21 21\"\n                    fill=\"none\"\n                    xmlns=\"http:\/\/www.w3.org\/2000\/svg\"\n                >\n                    <path\n                        d=\"M10.5205 20C15.7661 20 20 15.7455 20 10.4795C20 5.23392 15.7661 1 10.5205 1M10.5205 20C5.25446 20 1 15.7455 1 10.4795C1 5.23392 5.25446 1 10.5205 1M10.5205 20V1M18.7429 5.75H2.26324M18.7958 15.1345H2.21035M1.05135 10.5H19.9486M10.5103 20C13.1333 20 15.25 15.7455 15.25 10.4795C15.25 5.23392 13.1333 1 10.5103 1C7.87697 1 5.75 5.23392 5.75 10.4795C5.75 15.7455 7.87697 20 10.5103 20Z\"\n                        stroke=\"white\"\n                        stroke-linecap=\"round\"\n                        stroke-linejoin=\"round\"\n                    \/>\n                <\/svg>\n                <span\n                    class=\"absolute hidden translate-x-[-10px] translate-y-[30px]\"\n                >Copied!<\/span>\n            <\/button>\n        <\/li>\n    <\/ul>\n<\/div>\n\n                                    <time\n                        datetime=\"\"\n                        class=\"mb-2.5 flex text-xl text-blue\"\n                    >\n                        08.11.2024\n                    <\/time>\n                \n                                    <h1 class='h1 max-w-198'>\n            Eiropas Komisijas p\u0101rst\u0101ve ar vald\u012bbas ministriem p\u0101rrun\u0101 Rail Baltica projekta ievie\u0161anu Latvij\u0101\n        <\/h1>\n                \n                            <\/div>\n        <\/div>\n    <\/section>\n\n<section\n    class=\"overflow-hidden py-5 md:pt-10 md:pb-5 align wp-block-excerpt-block\"\n>\n    <div\n        class=\"container relative flex flex-col items-start z-10 md:text-xl lg:!px-4\"\n    >\n                    <div\n                class=\"textual w-full text-dark text-xl lg:px-12 md:mx-auto md:max-w-222 md:text-xl\"\n            >\n                2024. gada 7. novembr\u012b darba viz\u012bt\u0113 R\u012bg\u0101 uzturas Eiropas Komisijas (EK) Mobilit\u0101tes un transporta \u0123ener\u0101ldirektor\u0101ta Zieme\u013cj\u016bras-Baltijas transporta koridora koordinatore Katr\u012bna Trautmane (Catherine Trautmann). Viz\u012btes m\u0113r\u0137is ir apspriest Rail Baltica projekta ievie\u0161anas scen\u0101riju Latvij\u0101, t.sk. p\u0101rrobe\u017eu savienojuma izveidi pirmaj\u0101 k\u0101rt\u0101.\n            <\/div>\n            <\/div>\n<\/section>\n<section\n    class=\"py-5 md:py-10 align wp-block-textual-block\"\n>\n    <div\n        class=\"container\"\n    >\n        <div\n            class=\"textual w-full text-xl text-dark break-words [&#038;_span]:!text-dark [&#038;_a]:!text-dark\"\n        >\n                            <p><strong><\/strong><\/p>\n<p><strong><\/strong><\/p>\n\n                    <\/div>\n    <\/div>\n<\/section>\n\n\n<section\n    class=\"overflow-hidden py-5 md:pt-10 md:pb-5 align wp-block-image-block !pt-[0] !pb-[0]\"\n>\n    <div\n        class=\"container relative flex flex-col items-start z-10\"\n    >\n        <div\n            class=\"w-full text-lg text-dark\"\n        >\n                            <img decoding=\"async\"\n        src=\"https:\/\/www.railbaltica.org\/wp-content\/uploads\/2025\/07\/Trautmann-meeeting_0711-1.jpeg\"\n        alt=\"Trautmann-meeeting_0711\"\n         title=\"Trautmann-meeeting_0711\"         class=\"block w-auto h-auto max-w-full max-h-[600px]\"\n        loading=\"lazy\"\n    \/>\n                                <\/div>\n    <\/div>\n<\/section>\n\n\n<section\n    class=\"py-5 md:py-10 align wp-block-textual-block\"\n>\n    <div\n        class=\"container\"\n    >\n        <div\n            class=\"textual w-full text-xl text-dark break-words [&#038;_span]:!text-dark [&#038;_a]:!text-dark\"\n        >\n                            <p><\/strong>Tik\u0161an\u0101s laik\u0101 ar Latvijas vald\u012bbas ministriem un ministriju p\u0101rst\u0101vjiem K. Trautmane uzsv\u0113ra, ka Rail Baltica projekts ir bijis \u013coti sekm\u012bgs Eiropas Savien\u012bbas finans\u0113juma piesaist\u0113. P\u0113d\u0113j\u0101 2023. gada Eiropas infrastrukt\u016bras savieno\u0161anas instrumenta (EISI) projektu pieteikumu uzsaukum\u0101 Rail Baltica projekta \u012bsteno\u0161anai un b\u016bvniec\u012bbai piesaist\u012bti papildu aptuveni 1,43 miljardi eiro, no kuriem aptuveni 1,16 miljardi eiro ir EISI finans\u0113jums un 261 miljoni eiro Baltijas valstu l\u012bdzfinans\u0113jums. Rail Baltica projekts ir sa\u0146\u0113mis vair\u0101k finans\u0113juma nek\u0101 jebkur\u0161 cits Eiropas infrastrukt\u016bras projekts un \u0161is l\u0113mums apstiprina Eiropas Komisijas nemain\u012bgu atbalstu projektam.<\/p>\n<p>Vienlaikus Eiropas koordinatore uzsv\u0113ra Rail Baltica p\u0101rrobe\u017eu savienojuma noz\u012bmi, kura m\u0113r\u0137is ir integr\u0113t Somiju, Igauniju, Latviju, Lietuvu un Poliju Eiropas vienotaj\u0101 dzelzce\u013ca t\u012bkl\u0101. Kaimi\u0146valstis Igaunija, Lietuva un Polija ir atk\u0101rtoti apstiprin\u0101ju\u0161as savu ap\u0146em\u0161anos \u012bstenot \u0161o projektu un cie\u0161i seko l\u012bdzi notieko\u0161aj\u0101m diskusij\u0101m Latvij\u0101 par projekta Latvijas posma ievie\u0161anas scen\u0101riju. \u201cPriorit\u0101te ir l\u012bdz 2030. gadam savienot tr\u012bs Baltijas valstis ar Eiropas dzelzce\u013ca t\u012bklu. T\u0101 ir strat\u0113\u0123iska nepiecie\u0161am\u012bba, un mums j\u0101koncentr\u0113jas uz \u0161o m\u0113r\u0137i,\u201d atz\u012bm\u0113ja <strong>Katr\u012bna Trautmane,<\/strong> piebilstot, ka \u201cir skaidrs, ka projekts tiks uzskat\u012bts par pabeigtu tad, kad ar Eiropas dzelzce\u013ca t\u012bklu piln\u012bb\u0101 b\u016bs savienotas ar\u012b Baltijas galvaspils\u0113tas, tostarp R\u012bga. Lai \u0161is uzdevums tiktu izpild\u012bts, \u0161aj\u0101 posm\u0101 mums j\u0101par\u0101da progress pamatl\u012bnijas b\u016bvniec\u012bb\u0101. V\u0113l jo vair\u0101k, progress lielapjoma darbos \u013caus ar\u012b lab\u0101k piesaist\u012bt alternat\u012bvo finans\u0113jumu, t\u0101d\u0113j\u0101di nodro\u0161inot iesp\u0113ju papla\u0161in\u0101t pirmaj\u0101 k\u0101rt\u0101 veicamo darbu apjomu.\u201d<\/p>\n<p>T\u0101pat <strong>K. Trautmane<\/strong> uzsv\u0113ra: \u201c\u0160is ir nacion\u0101las noz\u012bmes projekts, un visiem ministriem ir j\u0101str\u0101d\u0101 kop\u0101, lai nodro\u0161in\u0101tu t\u0101 \u012bsteno\u0161anu. T\u0101 ir kop\u012bga atbild\u012bba \u2013 gan visas Latvijas vald\u012bbas, gan Latvijas atbild\u012bba pret saviem partneriem. B\u016b\u0161u gandar\u012bta par jau tuv\u0101ko ned\u0113\u013cu laik\u0101 gaid\u0101mo vald\u012bbas l\u0113mumu, k\u0101 ar\u012b vieno\u0161anos Baltijas valstu starp\u0101 v\u0113l l\u012bdz \u0161\u012b gada beig\u0101m.\u201d<\/p>\n<p>Uzsverot sadarb\u012bbas ar Eiropas Komisiju noz\u012bm\u012bgumu, Satiksmes ministrs <strong>Kaspars Bri\u0161kens<\/strong> nor\u0101da, ka \u201clai nodro\u0161in\u0101tu Latvijas nacion\u0101lo ekonomikas un dro\u0161\u012bbas intere\u0161u iev\u0113ro\u0161anu un starptautisko saist\u012bbu izpildi, projekta pirmaj\u0101 k\u0101rt\u0101 augst\u0101k\u0101 priorit\u0101te ir p\u0101rrobe\u017eu savienojuma izveidei. T\u0101pat j\u0101izveido Eiropas slie\u017eu platuma savienojums ar vismaz vienu no R\u012bgas div\u0101m starptautiskaj\u0101m Rail Baltica stacij\u0101m, kas ir kritiski svar\u012bgi, lai nodro\u0161in\u0101tu liel\u0101ku pasa\u017eieru pl\u016bsmu un ekonomiskos ieguvumus jau s\u0101kotn\u0113j\u0101 projekta ekspluat\u0101cijas f\u0101z\u0113. Gaid\u0101m\u0101s Eiropas Savien\u012bbas (ES) daudzgadu bud\u017eeta sarunas b\u016bs iz\u0161\u0137iro\u0161as un noteiks, cik liels ES finans\u0113juma apjoms b\u016bs pieejams Rail Baltica projektam un k\u0101d\u0101 laika period\u0101 var\u0113sim \u012bstenot projekta pirmo k\u0101rtu.\u201d<\/p>\n<p>Eiropas koordinatore K. Trautmane darbojas Eiropas Komisijas uzdevum\u0101, lai pal\u012bdz\u0113tu dal\u012bbvalst\u012bm sasniegt Zieme\u013cj\u016bras-Baltijas transporta koridora galvenos uzst\u0101d\u012bjumus, \u012bpa\u0161u uzman\u012bbu piev\u0113r\u0161ot p\u0101rrobe\u017eu transporta infrastrukt\u016bras projektiem, kuri \u2013 sal\u012bdzin\u0101jum\u0101 ar projektiem vienas valsts ietvaros \u2013 vienm\u0113r ir daudz sare\u017e\u0123\u012bt\u0101ki un izaicin\u0101jumiem pilni. \u0160aj\u0101 kontekst\u0101 Rail Baltica projekts ir \u012bpa\u0161i noz\u012bm\u012bgs, jo taj\u0101 piedal\u0101s ne tikai divas, bet piecas ES valstis \u2013 Baltijas valstis, Polija un Somija, turkl\u0101t no \u0161\u012b gada j\u016blija atbilsto\u0161i jaunajai TEN-T regulai Rail Baltica iek\u013caujas ar\u012b Baltijas j\u016bras\u2013Meln\u0101s j\u016bras\u2013Egejas j\u016bras transporta koridor\u0101.<\/p>\n\n                    <\/div>\n    <\/div>\n<\/section>\n\n\n\n<section\n    class=\"overflow-hidden py-5 md:pt-5 md:pb-10 align wp-block-button-cta-block !pt-[0]\"\n>\n    <div\n        class=\"container w-full relative flex flex-col items-start z-10\"\n    >\n        <div\n            class=\"w-full border-t border-dark pt-5 mt-4 md:mt-5 md:pt-10\"\n        >\n        <\/div>\n\n                    <a\n        href=\"\/lv\/zinas\/\"\n                class=\"btn-outline-dark mx-auto\"\n    >\n        \n        Atpaka\u013c zi\u0146\u0101m\n        \n        \n    <\/a>\n            <\/div>\n<\/section>\n","protected":false},"excerpt":{"rendered":"<p>2024. gada 7. novembr\u012b darba viz\u012bt\u0113 R\u012bg\u0101 uzturas Eiropas Komisijas (EK) Mobilit\u0101tes un transporta \u0123ener\u0101ldirektor\u0101ta Zieme\u013cj\u016bras-Baltijas transporta koridora koordinatore Katr\u012bna Trautmane (Catherine Trautmann). Viz\u012btes m\u0113r\u0137is ir apspriest Rail Baltica projekta ievie\u0161anas scen\u0101riju Latvij\u0101, t.sk. p\u0101rrobe\u017eu savienojuma izveidi pirmaj\u0101 k\u0101rt\u0101.<\/p>\n","protected":false},"featured_media":15077,"template":"","news_category":[],"class_list":["post-15073","news","type-news","status-publish","has-post-thumbnail","hentry"],"acf":[],"yoast_head":"<!-- This site is optimized with the Yoast SEO plugin v27.5 - https:\/\/yoast.com\/product\/yoast-seo-wordpress\/ -->\n<title>Eiropas Komisijas p\u0101rst\u0101ve ar vald\u012bbas ministriem p\u0101rrun\u0101 Rail Baltica projekta ievie\u0161anu Latvij\u0101 - RB<\/title>\n<meta name=\"robots\" content=\"index, follow, max-snippet:-1, max-image-preview:large, max-video-preview:-1\" \/>\n<link rel=\"canonical\" href=\"https:\/\/www.railbaltica.org\/jaunumi\/the-european-coordinator-mme-catherine-trautmann-is-meeting-with-latvian-government-ministers-to-discuss-the-implementation-of-the-rail-baltica-project\/\" \/>\n<meta property=\"og:locale\" content=\"lv_LV\" \/>\n<meta property=\"og:type\" content=\"article\" \/>\n<meta property=\"og:title\" content=\"Eiropas Komisijas p\u0101rst\u0101ve ar vald\u012bbas ministriem p\u0101rrun\u0101 Rail Baltica projekta ievie\u0161anu Latvij\u0101 - RB\" \/>\n<meta property=\"og:description\" content=\"2024. gada 7. novembr\u012b darba viz\u012bt\u0113 R\u012bg\u0101 uzturas Eiropas Komisijas (EK) Mobilit\u0101tes un transporta \u0123ener\u0101ldirektor\u0101ta Zieme\u013cj\u016bras-Baltijas transporta koridora koordinatore Katr\u012bna Trautmane (Catherine Trautmann). Viz\u012btes m\u0113r\u0137is ir apspriest Rail Baltica projekta ievie\u0161anas scen\u0101riju Latvij\u0101, t.sk. p\u0101rrobe\u017eu savienojuma izveidi pirmaj\u0101 k\u0101rt\u0101.\" \/>\n<meta property=\"og:url\" content=\"https:\/\/www.railbaltica.org\/jaunumi\/the-european-coordinator-mme-catherine-trautmann-is-meeting-with-latvian-government-ministers-to-discuss-the-implementation-of-the-rail-baltica-project\/\" \/>\n<meta property=\"og:site_name\" content=\"RB\" \/>\n<meta property=\"article:modified_time\" content=\"2025-08-20T07:15:44+00:00\" \/>\n<meta property=\"og:image\" content=\"https:\/\/www.railbaltica.org\/wp-content\/uploads\/2025\/07\/Trautmann-meeeting_0711-1.jpeg\" \/>\n\t<meta property=\"og:image:width\" content=\"2048\" \/>\n\t<meta property=\"og:image:height\" content=\"2048\" \/>\n\t<meta property=\"og:image:type\" content=\"image\/jpeg\" \/>\n<meta name=\"twitter:card\" content=\"summary_large_image\" \/>\n<script type=\"application\/ld+json\" class=\"yoast-schema-graph\">{\"@context\":\"https:\\\/\\\/schema.org\",\"@graph\":[{\"@type\":\"WebPage\",\"@id\":\"https:\\\/\\\/www.railbaltica.org\\\/jaunumi\\\/the-european-coordinator-mme-catherine-trautmann-is-meeting-with-latvian-government-ministers-to-discuss-the-implementation-of-the-rail-baltica-project\\\/\",\"url\":\"https:\\\/\\\/www.railbaltica.org\\\/jaunumi\\\/the-european-coordinator-mme-catherine-trautmann-is-meeting-with-latvian-government-ministers-to-discuss-the-implementation-of-the-rail-baltica-project\\\/\",\"name\":\"Eiropas Komisijas p\u0101rst\u0101ve ar vald\u012bbas ministriem p\u0101rrun\u0101 Rail Baltica projekta ievie\u0161anu Latvij\u0101 - RB\",\"isPartOf\":{\"@id\":\"https:\\\/\\\/www.railbaltica.org\\\/#website\"},\"primaryImageOfPage\":{\"@id\":\"https:\\\/\\\/www.railbaltica.org\\\/jaunumi\\\/the-european-coordinator-mme-catherine-trautmann-is-meeting-with-latvian-government-ministers-to-discuss-the-implementation-of-the-rail-baltica-project\\\/#primaryimage\"},\"image\":{\"@id\":\"https:\\\/\\\/www.railbaltica.org\\\/jaunumi\\\/the-european-coordinator-mme-catherine-trautmann-is-meeting-with-latvian-government-ministers-to-discuss-the-implementation-of-the-rail-baltica-project\\\/#primaryimage\"},\"thumbnailUrl\":\"https:\\\/\\\/www.railbaltica.org\\\/wp-content\\\/uploads\\\/2025\\\/07\\\/Trautmann-meeeting_0711-1.jpeg\",\"datePublished\":\"2024-11-08T10:22:11+00:00\",\"dateModified\":\"2025-08-20T07:15:44+00:00\",\"breadcrumb\":{\"@id\":\"https:\\\/\\\/www.railbaltica.org\\\/jaunumi\\\/the-european-coordinator-mme-catherine-trautmann-is-meeting-with-latvian-government-ministers-to-discuss-the-implementation-of-the-rail-baltica-project\\\/#breadcrumb\"},\"inLanguage\":\"lv-LV\",\"potentialAction\":[{\"@type\":\"ReadAction\",\"target\":[\"https:\\\/\\\/www.railbaltica.org\\\/jaunumi\\\/the-european-coordinator-mme-catherine-trautmann-is-meeting-with-latvian-government-ministers-to-discuss-the-implementation-of-the-rail-baltica-project\\\/\"]}]},{\"@type\":\"ImageObject\",\"inLanguage\":\"lv-LV\",\"@id\":\"https:\\\/\\\/www.railbaltica.org\\\/jaunumi\\\/the-european-coordinator-mme-catherine-trautmann-is-meeting-with-latvian-government-ministers-to-discuss-the-implementation-of-the-rail-baltica-project\\\/#primaryimage\",\"url\":\"https:\\\/\\\/www.railbaltica.org\\\/wp-content\\\/uploads\\\/2025\\\/07\\\/Trautmann-meeeting_0711-1.jpeg\",\"contentUrl\":\"https:\\\/\\\/www.railbaltica.org\\\/wp-content\\\/uploads\\\/2025\\\/07\\\/Trautmann-meeeting_0711-1.jpeg\",\"width\":2048,\"height\":2048},{\"@type\":\"BreadcrumbList\",\"@id\":\"https:\\\/\\\/www.railbaltica.org\\\/jaunumi\\\/the-european-coordinator-mme-catherine-trautmann-is-meeting-with-latvian-government-ministers-to-discuss-the-implementation-of-the-rail-baltica-project\\\/#breadcrumb\",\"itemListElement\":[{\"@type\":\"ListItem\",\"position\":1,\"name\":\"Home\",\"item\":\"https:\\\/\\\/www.railbaltica.org\\\/lv\\\/\"},{\"@type\":\"ListItem\",\"position\":2,\"name\":\"Eiropas Komisijas p\u0101rst\u0101ve ar vald\u012bbas ministriem p\u0101rrun\u0101 Rail Baltica projekta ievie\u0161anu Latvij\u0101\"}]},{\"@type\":\"WebSite\",\"@id\":\"https:\\\/\\\/www.railbaltica.org\\\/#website\",\"url\":\"https:\\\/\\\/www.railbaltica.org\\\/\",\"name\":\"RB\",\"description\":\"\",\"potentialAction\":[{\"@type\":\"SearchAction\",\"target\":{\"@type\":\"EntryPoint\",\"urlTemplate\":\"https:\\\/\\\/www.railbaltica.org\\\/?s={search_term_string}\"},\"query-input\":{\"@type\":\"PropertyValueSpecification\",\"valueRequired\":true,\"valueName\":\"search_term_string\"}}],\"inLanguage\":\"lv-LV\"}]}<\/script>\n<!-- \/ Yoast SEO plugin. -->","yoast_head_json":{"title":"Eiropas Komisijas p\u0101rst\u0101ve ar vald\u012bbas ministriem p\u0101rrun\u0101 Rail Baltica projekta ievie\u0161anu Latvij\u0101 - RB","robots":{"index":"index","follow":"follow","max-snippet":"max-snippet:-1","max-image-preview":"max-image-preview:large","max-video-preview":"max-video-preview:-1"},"canonical":"https:\/\/www.railbaltica.org\/jaunumi\/the-european-coordinator-mme-catherine-trautmann-is-meeting-with-latvian-government-ministers-to-discuss-the-implementation-of-the-rail-baltica-project\/","og_locale":"lv_LV","og_type":"article","og_title":"Eiropas Komisijas p\u0101rst\u0101ve ar vald\u012bbas ministriem p\u0101rrun\u0101 Rail Baltica projekta ievie\u0161anu Latvij\u0101 - RB","og_description":"2024. gada 7. novembr\u012b darba viz\u012bt\u0113 R\u012bg\u0101 uzturas Eiropas Komisijas (EK) Mobilit\u0101tes un transporta \u0123ener\u0101ldirektor\u0101ta Zieme\u013cj\u016bras-Baltijas transporta koridora koordinatore Katr\u012bna Trautmane (Catherine Trautmann). Viz\u012btes m\u0113r\u0137is ir apspriest Rail Baltica projekta ievie\u0161anas scen\u0101riju Latvij\u0101, t.sk. p\u0101rrobe\u017eu savienojuma izveidi pirmaj\u0101 k\u0101rt\u0101.","og_url":"https:\/\/www.railbaltica.org\/jaunumi\/the-european-coordinator-mme-catherine-trautmann-is-meeting-with-latvian-government-ministers-to-discuss-the-implementation-of-the-rail-baltica-project\/","og_site_name":"RB","article_modified_time":"2025-08-20T07:15:44+00:00","og_image":[{"width":2048,"height":2048,"url":"https:\/\/www.railbaltica.org\/wp-content\/uploads\/2025\/07\/Trautmann-meeeting_0711-1.jpeg","type":"image\/jpeg"}],"twitter_card":"summary_large_image","schema":{"@context":"https:\/\/schema.org","@graph":[{"@type":"WebPage","@id":"https:\/\/www.railbaltica.org\/jaunumi\/the-european-coordinator-mme-catherine-trautmann-is-meeting-with-latvian-government-ministers-to-discuss-the-implementation-of-the-rail-baltica-project\/","url":"https:\/\/www.railbaltica.org\/jaunumi\/the-european-coordinator-mme-catherine-trautmann-is-meeting-with-latvian-government-ministers-to-discuss-the-implementation-of-the-rail-baltica-project\/","name":"Eiropas Komisijas p\u0101rst\u0101ve ar vald\u012bbas ministriem p\u0101rrun\u0101 Rail Baltica projekta ievie\u0161anu Latvij\u0101 - RB","isPartOf":{"@id":"https:\/\/www.railbaltica.org\/#website"},"primaryImageOfPage":{"@id":"https:\/\/www.railbaltica.org\/jaunumi\/the-european-coordinator-mme-catherine-trautmann-is-meeting-with-latvian-government-ministers-to-discuss-the-implementation-of-the-rail-baltica-project\/#primaryimage"},"image":{"@id":"https:\/\/www.railbaltica.org\/jaunumi\/the-european-coordinator-mme-catherine-trautmann-is-meeting-with-latvian-government-ministers-to-discuss-the-implementation-of-the-rail-baltica-project\/#primaryimage"},"thumbnailUrl":"https:\/\/www.railbaltica.org\/wp-content\/uploads\/2025\/07\/Trautmann-meeeting_0711-1.jpeg","datePublished":"2024-11-08T10:22:11+00:00","dateModified":"2025-08-20T07:15:44+00:00","breadcrumb":{"@id":"https:\/\/www.railbaltica.org\/jaunumi\/the-european-coordinator-mme-catherine-trautmann-is-meeting-with-latvian-government-ministers-to-discuss-the-implementation-of-the-rail-baltica-project\/#breadcrumb"},"inLanguage":"lv-LV","potentialAction":[{"@type":"ReadAction","target":["https:\/\/www.railbaltica.org\/jaunumi\/the-european-coordinator-mme-catherine-trautmann-is-meeting-with-latvian-government-ministers-to-discuss-the-implementation-of-the-rail-baltica-project\/"]}]},{"@type":"ImageObject","inLanguage":"lv-LV","@id":"https:\/\/www.railbaltica.org\/jaunumi\/the-european-coordinator-mme-catherine-trautmann-is-meeting-with-latvian-government-ministers-to-discuss-the-implementation-of-the-rail-baltica-project\/#primaryimage","url":"https:\/\/www.railbaltica.org\/wp-content\/uploads\/2025\/07\/Trautmann-meeeting_0711-1.jpeg","contentUrl":"https:\/\/www.railbaltica.org\/wp-content\/uploads\/2025\/07\/Trautmann-meeeting_0711-1.jpeg","width":2048,"height":2048},{"@type":"BreadcrumbList","@id":"https:\/\/www.railbaltica.org\/jaunumi\/the-european-coordinator-mme-catherine-trautmann-is-meeting-with-latvian-government-ministers-to-discuss-the-implementation-of-the-rail-baltica-project\/#breadcrumb","itemListElement":[{"@type":"ListItem","position":1,"name":"Home","item":"https:\/\/www.railbaltica.org\/lv\/"},{"@type":"ListItem","position":2,"name":"Eiropas Komisijas p\u0101rst\u0101ve ar vald\u012bbas ministriem p\u0101rrun\u0101 Rail Baltica projekta ievie\u0161anu Latvij\u0101"}]},{"@type":"WebSite","@id":"https:\/\/www.railbaltica.org\/#website","url":"https:\/\/www.railbaltica.org\/","name":"RB","description":"","potentialAction":[{"@type":"SearchAction","target":{"@type":"EntryPoint","urlTemplate":"https:\/\/www.railbaltica.org\/?s={search_term_string}"},"query-input":{"@type":"PropertyValueSpecification","valueRequired":true,"valueName":"search_term_string"}}],"inLanguage":"lv-LV"}]}},"_links":{"self":[{"href":"https:\/\/www.railbaltica.org\/lv\/wp-json\/wp\/v2\/news\/15073","targetHints":{"allow":["GET"]}}],"collection":[{"href":"https:\/\/www.railbaltica.org\/lv\/wp-json\/wp\/v2\/news"}],"about":[{"href":"https:\/\/www.railbaltica.org\/lv\/wp-json\/wp\/v2\/types\/news"}],"wp:featuredmedia":[{"embeddable":true,"href":"https:\/\/www.railbaltica.org\/lv\/wp-json\/wp\/v2\/media\/15077"}],"wp:attachment":[{"href":"https:\/\/www.railbaltica.org\/lv\/wp-json\/wp\/v2\/media?parent=15073"}],"wp:term":[{"taxonomy":"news_category","embeddable":true,"href":"https:\/\/www.railbaltica.org\/lv\/wp-json\/wp\/v2\/news_category?post=15073"}],"curies":[{"name":"wp","href":"https:\/\/api.w.org\/{rel}","templated":true}]}}