{"id":14632,"date":"2024-02-29T14:28:13","date_gmt":"2024-02-29T14:28:13","guid":{"rendered":"https:\/\/www.railbaltica.org\/news\/spanijas-dzelzcela-nozares-uznemeji-noverte-sadarbibu-rail-baltica-projekta\/"},"modified":"2025-08-20T07:18:53","modified_gmt":"2025-08-20T07:18:53","slug":"spanijas-dzelzcela-nozares-uznemeji-noverte-sadarbibu-rail-baltica-projekta","status":"publish","type":"news","link":"https:\/\/www.railbaltica.org\/lv\/jaunumi\/spanijas-dzelzcela-nozares-uznemeji-noverte-sadarbibu-rail-baltica-projekta\/","title":{"rendered":"Sp\u0101nijas dzelzce\u013ca nozares uz\u0146\u0113m\u0113ji nov\u0113rt\u0113 sadarb\u012bbu Rail Baltica projekt\u0101"},"content":{"rendered":"<section\n    class=\"align wp-block-hero-page-block relative flex overflow-hidden z-10 mt-20 md:mt-52\"\n>\n            <div\n            class=\"container md:!px-14\"\n        >\n            <div\n                class=\"bg-dark text-white rounded p-4 md:p-10\"\n            >\n                                <div\n    class=\"flex justify-between border-t pt-2.5 my-5 text-sm\"\n>\n    <span>Dalies ar jaunumiem\n<\/span>\n    <ul\n        class=\"flex items-center gap-5\"\n    >\n        <li>\n            <a\n                href=\"https:\/\/www.facebook.com\/sharer\/sharer.php?u=https%3A%2F%2Fwww.railbaltica.org%2Flv%2Fjaunumi%2Fspanijas-dzelzcela-nozares-uznemeji-noverte-sadarbibu-rail-baltica-projekta%2F\"\n                target=\"_blank\"\n                rel=\"noopener noreferrer\"\n                aria-label=\"Share on Facebook\"\n                class=\"transition-opacity hover:opacity-75\"\n            >\n                <svg\n                    width=\"20\"\n                    height=\"20\"\n                    viewBox=\"0 0 20 20\"\n                    fill=\"none\"\n                    xmlns=\"http:\/\/www.w3.org\/2000\/svg\"\n                >\n                    <path\n                        d=\"M7.5 6.66667H5V10H7.5V20H11.6667V10H14.7017L15 6.66667H11.6667V5.2775C11.6667 4.48167 11.8267 4.16667 12.5958 4.16667H15V0H11.8267C8.83 0 7.5 1.31917 7.5 3.84583V6.66667Z\"\n                        fill=\"white\"\n                    \/>\n                <\/svg>\n            <\/a>\n        <\/li>\n        <li>\n            <a\n                href=\"https:\/\/twitter.com\/intent\/tweet?url=https%3A%2F%2Fwww.railbaltica.org%2Flv%2Fjaunumi%2Fspanijas-dzelzcela-nozares-uznemeji-noverte-sadarbibu-rail-baltica-projekta%2F&amp;text=Sp%C4%81nijas+dzelzce%C4%BCa+nozares+uz%C5%86%C4%93m%C4%93ji+nov%C4%93rt%C4%93+sadarb%C4%ABbu+Rail+Baltica+projekt%C4%81\"\n                target=\"_blank\"\n                rel=\"noopener noreferrer\"\n                aria-label=\"Share on Twitter\"\n                class=\"transition-opacity hover:opacity-75\"\n            >\n                <svg\n                    width=\"20\"\n                    height=\"20\"\n                    viewBox=\"0 0 20 20\"\n                    fill=\"none\"\n                    xmlns=\"http:\/\/www.w3.org\/2000\/svg\"\n                >\n                    <path\n                        d=\"M14.7313 2.68748H17.238L11.763 8.88248L18.2038 17.3125H13.1597L9.20966 12.2L4.68966 17.3125H2.18299L8.03883 10.6866L1.86133 2.68665H7.03216L10.603 7.35998L14.7322 2.68665L14.7313 2.68748ZM13.8522 15.8275H15.2405L6.27716 4.09415H4.78716L13.8522 15.8275Z\"\n                        fill=\"white\"\n                    \/>\n                <\/svg>\n            <\/a>\n        <\/li>\n        <li>\n            <a\n                href=\"https:\/\/www.linkedin.com\/sharing\/share-offsite\/?url=https%3A%2F%2Fwww.railbaltica.org%2Flv%2Fjaunumi%2Fspanijas-dzelzcela-nozares-uznemeji-noverte-sadarbibu-rail-baltica-projekta%2F\"\n                target=\"_blank\"\n                rel=\"noopener noreferrer\"\n                aria-label=\"Share on LinkedIn\"\n                class=\"transition-opacity hover:opacity-75\"\n            >\n                <svg\n                    width=\"20\"\n                    height=\"20\"\n                    viewBox=\"0 0 20 20\"\n                    fill=\"none\"\n                    xmlns=\"http:\/\/www.w3.org\/2000\/svg\"\n                >\n                    <path\n                        d=\"M18.4097 0.000139829H1.46998C1.27956 -0.00250476 1.09049 0.0323869 0.913553 0.102822C0.73662 0.173257 0.575295 0.277857 0.438791 0.410646C0.302287 0.543436 0.193279 0.701814 0.11799 0.876737C0.0427018 1.05166 0.00260836 1.2397 0 1.43012V18.5699C0.00260836 18.7603 0.0427018 18.9483 0.11799 19.1233C0.193279 19.2982 0.302287 19.4566 0.438791 19.5894C0.575295 19.7221 0.73662 19.8267 0.913553 19.8972C1.09049 19.9676 1.27956 20.0025 1.46998 19.9999H18.4097C18.6002 20.0025 18.7892 19.9676 18.9662 19.8972C19.1431 19.8267 19.3044 19.7221 19.4409 19.5894C19.5774 19.4566 19.6864 19.2982 19.7617 19.1233C19.837 18.9483 19.8771 18.7603 19.8797 18.5699V1.43012C19.8771 1.2397 19.837 1.05166 19.7617 0.876737C19.6864 0.701814 19.5774 0.543436 19.4409 0.410646C19.3044 0.277857 19.1431 0.173257 18.9662 0.102822C18.7892 0.0323869 18.6002 -0.00250476 18.4097 0.000139829ZM6.02992 16.7399H3.02996V7.74003H6.02992V16.7399ZM4.52994 6.48005C4.1162 6.48005 3.71942 6.31569 3.42687 6.02314C3.13431 5.73059 2.96996 5.3338 2.96996 4.92007C2.96996 4.50634 3.13431 4.10955 3.42687 3.817C3.71942 3.52445 4.1162 3.36009 4.52994 3.36009C4.74963 3.33518 4.97211 3.35695 5.1828 3.42398C5.3935 3.491 5.58766 3.60178 5.75258 3.74905C5.91749 3.89632 6.04944 4.07676 6.13979 4.27856C6.23013 4.48036 6.27683 4.69897 6.27683 4.92007C6.27683 5.14117 6.23013 5.35978 6.13979 5.56158C6.04944 5.76338 5.91749 5.94382 5.75258 6.09109C5.58766 6.23836 5.3935 6.34914 5.1828 6.41617C4.97211 6.48319 4.74963 6.50496 4.52994 6.48005ZM16.8498 16.7399H13.8498V11.91C13.8498 10.7 13.4198 9.91 12.3298 9.91C11.9925 9.91247 11.664 10.0183 11.3887 10.2132C11.1133 10.4081 10.9043 10.6827 10.7899 11C10.7116 11.235 10.6777 11.4826 10.6899 11.73V16.7299H7.68989V7.73003H10.6899V9.00001C10.9624 8.52713 11.3587 8.13755 11.8363 7.87323C12.3138 7.60892 12.8544 7.47989 13.3998 7.50003C15.3998 7.50003 16.8498 8.79002 16.8498 11.56V16.7399Z\"\n                        fill=\"white\"\n                    \/>\n                <\/svg>\n            <\/a>\n        <\/li>\n        <li>\n            <button\n                type=\"button\"\n                class=\"copy-url-btn relative my-auto flex transition-opacity hover:opacity-75\"\n                data-url=\"https:\/\/www.railbaltica.org\/lv\/jaunumi\/spanijas-dzelzcela-nozares-uznemeji-noverte-sadarbibu-rail-baltica-projekta\/\"\n            >\n                <svg\n                    width=\"21\"\n                    height=\"21\"\n                    viewBox=\"0 0 21 21\"\n                    fill=\"none\"\n                    xmlns=\"http:\/\/www.w3.org\/2000\/svg\"\n                >\n                    <path\n                        d=\"M10.5205 20C15.7661 20 20 15.7455 20 10.4795C20 5.23392 15.7661 1 10.5205 1M10.5205 20C5.25446 20 1 15.7455 1 10.4795C1 5.23392 5.25446 1 10.5205 1M10.5205 20V1M18.7429 5.75H2.26324M18.7958 15.1345H2.21035M1.05135 10.5H19.9486M10.5103 20C13.1333 20 15.25 15.7455 15.25 10.4795C15.25 5.23392 13.1333 1 10.5103 1C7.87697 1 5.75 5.23392 5.75 10.4795C5.75 15.7455 7.87697 20 10.5103 20Z\"\n                        stroke=\"white\"\n                        stroke-linecap=\"round\"\n                        stroke-linejoin=\"round\"\n                    \/>\n                <\/svg>\n                <span\n                    class=\"absolute hidden translate-x-[-10px] translate-y-[30px]\"\n                >Copied!<\/span>\n            <\/button>\n        <\/li>\n    <\/ul>\n<\/div>\n\n                                    <time\n                        datetime=\"\"\n                        class=\"mb-2.5 flex text-xl text-blue\"\n                    >\n                        29.02.2024\n                    <\/time>\n                \n                                    <h1 class='h1 max-w-198'>\n            Sp\u0101nijas dzelzce\u013ca nozares uz\u0146\u0113m\u0113ji nov\u0113rt\u0113 sadarb\u012bbu Rail Baltica projekt\u0101\n        <\/h1>\n                \n                            <\/div>\n        <\/div>\n    <\/section>\n\n<section\n    class=\"overflow-hidden py-5 md:pt-10 md:pb-5 align wp-block-excerpt-block\"\n>\n    <div\n        class=\"container relative flex flex-col items-start z-10 md:text-xl lg:!px-4\"\n    >\n                    <div\n                class=\"textual w-full text-dark text-xl lg:px-12 md:mx-auto md:max-w-222 md:text-xl\"\n            >\n                Jaunb\u016bv\u0113jam\u0101 dzelzce\u013ca\u00a0Rail Baltica\u00a0projekts ir b\u016btisks Eiropas m\u0113rog\u0101, t\u0101 \u012bsteno\u0161an\u0101 iesaist\u012bts pla\u0161s gan Latvijas, gan \u0101rvalstu speci\u0101listu loks. Febru\u0101r\u0101 beig\u0101s notiku\u0161ais Latvijas-Sp\u0101nijas biznesa forums \u013c\u0101va nov\u0113rt\u0113t sp\u0101\u0146u dzelzce\u013ca nozares uz\u0146\u0113mumu devumu\u00a0Rail Baltica projekta \u012bsteno\u0161an\u0101, k\u0101 ar\u012b kl\u0101tien\u0113 apskat\u012bt abu Latvijas starptautisko staciju b\u016bvlaukumus.\n            <\/div>\n            <\/div>\n<\/section>\n<section\n    class=\"py-5 md:py-10 align wp-block-textual-block\"\n>\n    <div\n        class=\"container\"\n    >\n        <div\n            class=\"textual w-full text-xl text-dark break-words [&#038;_span]:!text-dark [&#038;_a]:!text-dark\"\n        >\n                            <p><strong><\/strong><\/p>\n<p>R\u012bg\u0101 notiku\u0161aj\u0101 forum\u0101 Rail Baltica kopuz\u0146\u0113muma RB Rail AS pagaidu valdes priek\u0161s\u0113d\u0113t\u0101js un izpilddirektors Marko Kivila iepaz\u012bstin\u0101ja kl\u0101teso\u0161os ar Rail Baltica glob\u0101l\u0101 projekta virz\u012bbu un tuv\u0101kaj\u0101m priorit\u0101t\u0113m, savuk\u0101rt projekta nacion\u0101l\u0101 ievies\u0113ja Eiropas Dzelzce\u013ca l\u012bnijas valdes loceklis Arnis Staltmanis sniedza ieskatu Rail Baltica projekta att\u012bst\u012bb\u0101 Latvij\u0101 un iez\u012bm\u0113ja turpm\u0101ko projekta \u012bsteno\u0161anas gaitu.<\/p>\n\n                    <\/div>\n    <\/div>\n<\/section>\n\n\n<section\n    class=\"overflow-hidden py-5 align wp-block-image-grid-block !pt-[0] !pb-[0]\"\n>\n    <div\n        class=\"container relative flex flex-col items-start z-10\"\n    >\n        <div\n            class=\"grid w-full gap-3 md:grid-cols-2 md:gap-5 md:grid-cols-3 lg:px-12\"\n        >\n                                                <div\n                        class=\"relative z-10 flex h-full w-full flex-col text-center\"\n                    >\n                        <img decoding=\"async\"\n        src=\"https:\/\/www.railbaltica.org\/wp-content\/uploads\/2025\/07\/RailBaltica_Spain-92.jpg\"\n        alt=\"RailBaltica_Spain-92\"\n         title=\"RailBaltica_Spain-92\"         class=\"block z-20 !relative h-80 object-cover\"\n        loading=\"lazy\"\n    \/>\n                                            <\/div>\n                                                                <div\n                        class=\"relative z-10 flex h-full w-full flex-col text-center\"\n                    >\n                        <img decoding=\"async\"\n        src=\"https:\/\/www.railbaltica.org\/wp-content\/uploads\/2025\/07\/RailBaltica_Spain-99.jpg\"\n        alt=\"RailBaltica_Spain-99\"\n         title=\"RailBaltica_Spain-99\"         class=\"block z-20 !relative h-80 object-cover\"\n        loading=\"lazy\"\n    \/>\n                                            <\/div>\n                                                                <div\n                        class=\"relative z-10 flex h-full w-full flex-col text-center\"\n                    >\n                        <img decoding=\"async\"\n        src=\"https:\/\/www.railbaltica.org\/wp-content\/uploads\/2025\/07\/RailBaltica_Spain-137.jpg\"\n        alt=\"RailBaltica_Spain-137\"\n         title=\"RailBaltica_Spain-137\"         class=\"block z-20 !relative h-80 object-cover\"\n        loading=\"lazy\"\n    \/>\n                                            <\/div>\n                                                                <div\n                        class=\"relative z-10 flex h-full w-full flex-col text-center\"\n                    >\n                        <img decoding=\"async\"\n        src=\"https:\/\/www.railbaltica.org\/wp-content\/uploads\/2025\/07\/RailBaltica_Spain-115.jpg\"\n        alt=\"RailBaltica_Spain-115\"\n         title=\"RailBaltica_Spain-115\"         class=\"block z-20 !relative h-80 object-cover\"\n        loading=\"lazy\"\n    \/>\n                                            <\/div>\n                                                                <div\n                        class=\"relative z-10 flex h-full w-full flex-col text-center\"\n                    >\n                        <img decoding=\"async\"\n        src=\"https:\/\/www.railbaltica.org\/wp-content\/uploads\/2025\/07\/RailBaltica_Spain-78.jpg\"\n        alt=\"RailBaltica_Spain-78\"\n         title=\"RailBaltica_Spain-78\"         class=\"block z-20 !relative h-80 object-cover\"\n        loading=\"lazy\"\n    \/>\n                                            <\/div>\n                                                                <div\n                        class=\"relative z-10 flex h-full w-full flex-col text-center\"\n                    >\n                        <img decoding=\"async\"\n        src=\"https:\/\/www.railbaltica.org\/wp-content\/uploads\/2025\/07\/RailBaltica_Spain-72.jpg\"\n        alt=\"RailBaltica_Spain-72\"\n         title=\"RailBaltica_Spain-72\"         class=\"block z-20 !relative h-80 object-cover\"\n        loading=\"lazy\"\n    \/>\n                                            <\/div>\n                                                                <div\n                        class=\"relative z-10 flex h-full w-full flex-col text-center\"\n                    >\n                        <img decoding=\"async\"\n        src=\"https:\/\/www.railbaltica.org\/wp-content\/uploads\/2025\/07\/RB_Spain-32.jpg\"\n        alt=\"RB_Spain-32\"\n         title=\"RB_Spain-32\"         class=\"block z-20 !relative h-80 object-cover\"\n        loading=\"lazy\"\n    \/>\n                                            <\/div>\n                                                                <div\n                        class=\"relative z-10 flex h-full w-full flex-col text-center\"\n                    >\n                        <img decoding=\"async\"\n        src=\"https:\/\/www.railbaltica.org\/wp-content\/uploads\/2025\/07\/RailBaltica_Spain-82.jpg\"\n        alt=\"RailBaltica_Spain-82\"\n         title=\"RailBaltica_Spain-82\"         class=\"block z-20 !relative h-80 object-cover\"\n        loading=\"lazy\"\n    \/>\n                                            <\/div>\n                                    <\/div>\n    <\/div>\n<\/section>\n\n\n<section\n    class=\"py-5 md:py-10 align wp-block-textual-block\"\n>\n    <div\n        class=\"container\"\n    >\n        <div\n            class=\"textual w-full text-xl text-dark break-words [&#038;_span]:!text-dark [&#038;_a]:!text-dark\"\n        >\n                            <p>Projekta progresu Latvij\u0101 kl\u0101tien\u0113 Sp\u0101nijas deleg\u0101cijas var\u0113ja nov\u0113rt\u0113t abos\u00a0Rail Baltica\u00a0starptautisko staciju b\u016bvlaukumos.\u00a0Rail Baltica\u00a0R\u012bgas Centr\u0101l\u0101 mezgla b\u016bvlaukumu apmekl\u0113ja Latvijas satiksmes ministrs Kaspars Bri\u0161kens un Sp\u0101nijas satiksmes un ilgtsp\u0113j\u012bgas mobilit\u0101tes ministrs Oskars Puente (<em>\u00d3scar Puente<\/em>). Ar to iepaz\u012bstin\u0101ja\u00a0Eiropas Dzelzce\u013ca l\u012bnijas\u00a0valdes priek\u0161s\u0113d\u0113t\u0101js Kaspars Vingris un Centr\u0101l\u0101s stacijas projekta vad\u012bt\u0101ja Anita R\u016bdule-Jansone, un projekta b\u016bvnieka\u00a0Bererix\u00a0izpilddirektors Guntis \u0100bolti\u0146\u0161-\u0100boli\u0146\u0161.<\/p>\n\n                    <\/div>\n    <\/div>\n<\/section>\n\n\n<section\n    class=\"overflow-hidden py-5 align wp-block-image-grid-block !pt-[0] !pb-[0]\"\n>\n    <div\n        class=\"container relative flex flex-col items-start z-10\"\n    >\n        <div\n            class=\"grid w-full gap-3 md:grid-cols-2 md:gap-5 md:grid-cols-3 lg:px-12\"\n        >\n                                                <div\n                        class=\"relative z-10 flex h-full w-full flex-col text-center\"\n                    >\n                        <img decoding=\"async\"\n        src=\"https:\/\/www.railbaltica.org\/wp-content\/uploads\/2025\/08\/RailBaltica_Spain-206.jpg\"\n        alt=\"RailBaltica_Spain-206\"\n         title=\"RailBaltica_Spain-206\"         class=\"block z-20 !relative h-80 object-cover\"\n        loading=\"lazy\"\n    \/>\n                                            <\/div>\n                                                                <div\n                        class=\"relative z-10 flex h-full w-full flex-col text-center\"\n                    >\n                        <img decoding=\"async\"\n        src=\"https:\/\/www.railbaltica.org\/wp-content\/uploads\/2025\/08\/RailBaltica_Spain-212-Copy.jpg\"\n        alt=\"RailBaltica_Spain-212-Copy\"\n         title=\"RailBaltica_Spain-212-Copy\"         class=\"block z-20 !relative h-80 object-cover\"\n        loading=\"lazy\"\n    \/>\n                                            <\/div>\n                                                                <div\n                        class=\"relative z-10 flex h-full w-full flex-col text-center\"\n                    >\n                        <img decoding=\"async\"\n        src=\"https:\/\/www.railbaltica.org\/wp-content\/uploads\/2025\/08\/RailBaltica_Spain-215.jpg\"\n        alt=\"RailBaltica_Spain-215\"\n         title=\"RailBaltica_Spain-215\"         class=\"block z-20 !relative h-80 object-cover\"\n        loading=\"lazy\"\n    \/>\n                                            <\/div>\n                                                                <div\n                        class=\"relative z-10 flex h-full w-full flex-col text-center\"\n                    >\n                        <img decoding=\"async\"\n        src=\"https:\/\/www.railbaltica.org\/wp-content\/uploads\/2025\/08\/RailBaltica_Spain-217.jpg\"\n        alt=\"RailBaltica_Spain-217\"\n         title=\"RailBaltica_Spain-217\"         class=\"block z-20 !relative h-80 object-cover\"\n        loading=\"lazy\"\n    \/>\n                                            <\/div>\n                                                                <div\n                        class=\"relative z-10 flex h-full w-full flex-col text-center\"\n                    >\n                        <img decoding=\"async\"\n        src=\"https:\/\/www.railbaltica.org\/wp-content\/uploads\/2025\/08\/RailBaltica_Spain-228.jpg\"\n        alt=\"RailBaltica_Spain-228\"\n         title=\"RailBaltica_Spain-228\"         class=\"block z-20 !relative h-80 object-cover\"\n        loading=\"lazy\"\n    \/>\n                                            <\/div>\n                                                                <div\n                        class=\"relative z-10 flex h-full w-full flex-col text-center\"\n                    >\n                        <img decoding=\"async\"\n        src=\"https:\/\/www.railbaltica.org\/wp-content\/uploads\/2025\/08\/RailBaltica_Spain-229.jpg\"\n        alt=\"RailBaltica_Spain-229\"\n         title=\"RailBaltica_Spain-229\"         class=\"block z-20 !relative h-80 object-cover\"\n        loading=\"lazy\"\n    \/>\n                                            <\/div>\n                                                                <div\n                        class=\"relative z-10 flex h-full w-full flex-col text-center\"\n                    >\n                        <img decoding=\"async\"\n        src=\"https:\/\/www.railbaltica.org\/wp-content\/uploads\/2025\/08\/RailBaltica_Spain-231.jpg\"\n        alt=\"RailBaltica_Spain-231\"\n         title=\"RailBaltica_Spain-231\"         class=\"block z-20 !relative h-80 object-cover\"\n        loading=\"lazy\"\n    \/>\n                                            <\/div>\n                                                                <div\n                        class=\"relative z-10 flex h-full w-full flex-col text-center\"\n                    >\n                        <img decoding=\"async\"\n        src=\"https:\/\/www.railbaltica.org\/wp-content\/uploads\/2025\/08\/RailBaltica_Spain-235.jpg\"\n        alt=\"RailBaltica_Spain-235\"\n         title=\"RailBaltica_Spain-235\"         class=\"block z-20 !relative h-80 object-cover\"\n        loading=\"lazy\"\n    \/>\n                                            <\/div>\n                                    <\/div>\n    <\/div>\n<\/section>\n\n\n<section\n    class=\"py-5 md:py-10 align wp-block-textual-block\"\n>\n    <div\n        class=\"container\"\n    >\n        <div\n            class=\"textual w-full text-xl text-dark break-words [&#038;_span]:!text-dark [&#038;_a]:!text-dark\"\n        >\n                            <p>B\u016bvlaukum\u0101 iev\u0113rojamas aprises ieguvusi topo\u0161\u0101 stacija \u2013 nule k\u0101 pabeigt\u0101s \u010detras stacijas jumta arkas. To tap\u0161an\u0101 liels nopelns ir sp\u0101\u0146u apak\u0161uz\u0146\u0113m\u0113jam\u00a0LANIK, kas\u00a0specializ\u0113jas \u012bpa\u0161u t\u0113rauda sist\u0113mu b\u016bvniec\u012bb\u0101. Apak\u0161uz\u0146\u0113m\u0113js veica arku konstrukcijas projekt\u0113\u0161anu un izgatavo\u0161anu, k\u0101 ar\u012b izstr\u0101d\u0101ja unik\u0101lu un specifisku in\u017eeniertehnisko r\u012bku, lai var\u0113tu optimiz\u0113t darbu ar \u0161\u012bm 3D t\u0113rauda konstrukcij\u0101m.<\/p>\n<p>Rail Baltica\u00a0RIX R\u012bgas lidostas b\u016bvlaukum\u0101 uz\u0146\u0113ma foruma dal\u012bbniekus \u2013 dzelzce\u013ca nozares uz\u0146\u0113mumu p\u0101rst\u0101vjus. Ar darbu progresu iepaz\u012bstin\u0101ja\u00a0Eiropas Dzelzce\u013ca l\u012bnijas\u00a0Rail Baltica\u00a0lidostas stacijas projekta vad\u012bt\u0101js Arnolds Timofejevs, projekta partnera\u00a0 \u2013 Sp\u0101nijas uz\u0146\u0113muma\u00a0Prointec\u00a0p\u0101rst\u0101vis Hos\u0113 Antonio Garsija Fernandezs (<em>Jose Antonio Garcia Fernandez<\/em>) un\u00a0Forma 2\u00a0 valdes loceklis Edgars Kras\u0146ikovs.\u00a0Prointec\u00a0S.A.U. ietilpst personu apvien\u012bb\u0101, kura kop\u0101 ar\u00a0Forma 2\u00a0 veic\u00a0Rail Baltica\u00a0stacijas un infrastrukt\u016bras RIX R\u012bgas lidost\u0101 izb\u016bves b\u016bvuzraudz\u012bbu.<\/p>\n<p>Transporta infrastrukt\u016bras att\u012bst\u012bba Sp\u0101nij\u0101 p\u0113d\u0113jo 30 gadu laik\u0101 ir ierindojusi \u0161o valsti pasaules pirmaj\u0101 desmitniek\u0101 p\u0113c nozares kvalit\u0101tes indeksa. Sp\u0101nija ir uzb\u016bv\u0113jusi otru gar\u0101ko \u0101trgaitas dzelzce\u013cu t\u012bklu pasaul\u0113. Sp\u0101nijas uz\u0146\u0113mumi ir att\u012bst\u012bju\u0161i ar\u012b noz\u012bm\u012bgus dzelzce\u013ca projektus Zieme\u013cvalst\u012bs, Sa\u016bda Ar\u0101bij\u0101, ASV, V\u0101cij\u0101 un Francij\u0101, un akt\u012bvi darbojas ar\u012b Baltijas valst\u012bs.<\/p>\n<p>Febru\u0101ra izska\u0146\u0101 divos pas\u0101kumos Vi\u013c\u0146\u0101 un R\u012bg\u0101 Sp\u0101nijas biznesa p\u0101rst\u0101vjiem bija iesp\u0113ja uzzin\u0101t vair\u0101k par Latvijas un Lietuvas transporta infrastrukt\u016bru, tostarp jaun\u0101kaj\u0101m un pl\u0101notaj\u0101m noris\u0113m, \u012bpa\u0161u uzsvaru liekot uz\u00a0Rail Baltica\u00a0projektu. \u0160ie biznesa forumi kalpoja k\u0101 platforma sadarb\u012bbu stiprin\u0101\u0161anai un jaunu dibin\u0101\u0161anai, vienlaikus sniedzot v\u0113rt\u012bgu ieskatu abu valstu transporta nozar\u0113. \u0160ajos pas\u0101kumos piedal\u012bj\u0101s vair\u0101k nek\u0101 100 uz\u0146\u0113mumu un profesion\u0101\u013cu no Lietuvas, Latvijas un Sp\u0101nijas, k\u0101 ar\u012b valstu transporta un satiksmes augst\u0101k\u0101s amatpersonas. Sp\u0101nijas biznesa forumu organiz\u0113ja Baltijas valstu kopuz\u0146\u0113mums\u00a0RB Rail\u00a0AS, Sp\u0101nijas v\u0113stniec\u012bba, Sp\u0101nijas tirdzniec\u012bbas un invest\u012bciju valsts a\u0123ent\u016bra ICEX un\u00a0Lietuvas dzelzce\u013c\u0161.\u00a0<\/p>\n\n                    <\/div>\n    <\/div>\n<\/section>\n\n\n\n<section\n    class=\"overflow-hidden py-5 md:pt-5 md:pb-10 align wp-block-button-cta-block !pt-[0]\"\n>\n    <div\n        class=\"container w-full relative flex flex-col items-start z-10\"\n    >\n        <div\n            class=\"w-full border-t border-dark pt-5 mt-4 md:mt-5 md:pt-10\"\n        >\n        <\/div>\n\n                    <a\n        href=\"\/lv\/zinas\/\"\n                class=\"btn-outline-dark mx-auto\"\n    >\n        \n        Atpaka\u013c zi\u0146\u0101m\n        \n        \n    <\/a>\n            <\/div>\n<\/section>\n","protected":false},"excerpt":{"rendered":"<p>Jaunb\u016bv\u0113jam\u0101 dzelzce\u013ca\u00a0Rail Baltica\u00a0projekts ir b\u016btisks Eiropas m\u0113rog\u0101, t\u0101 \u012bsteno\u0161an\u0101 iesaist\u012bts pla\u0161s gan Latvijas, gan \u0101rvalstu speci\u0101listu loks. Febru\u0101r\u0101 beig\u0101s notiku\u0161ais Latvijas-Sp\u0101nijas biznesa forums \u013c\u0101va nov\u0113rt\u0113t sp\u0101\u0146u dzelzce\u013ca nozares uz\u0146\u0113mumu devumu\u00a0Rail Baltica projekta \u012bsteno\u0161an\u0101, k\u0101 ar\u012b kl\u0101tien\u0113 apskat\u012bt abu Latvijas starptautisko staciju b\u016bvlaukumus.<\/p>\n","protected":false},"featured_media":14619,"template":"","news_category":[412,684],"class_list":["post-14632","news","type-news","status-publish","has-post-thumbnail","hentry","news_category-ceftransport-lv","news_category-ceftransport-lv-4"],"acf":[],"yoast_head":"<!-- This site is optimized with the Yoast SEO plugin v27.5 - https:\/\/yoast.com\/product\/yoast-seo-wordpress\/ -->\n<title>Sp\u0101nijas dzelzce\u013ca nozares uz\u0146\u0113m\u0113ji nov\u0113rt\u0113 sadarb\u012bbu Rail Baltica projekt\u0101 - RB<\/title>\n<meta name=\"robots\" content=\"index, follow, max-snippet:-1, max-image-preview:large, max-video-preview:-1\" \/>\n<link rel=\"canonical\" href=\"https:\/\/www.railbaltica.org\/jaunumi\/inaugural-lithuanian-and-latvian-spanish-business-forums-strengthening-transport-industry-ties-between-baltics-and-spain\/\" \/>\n<meta property=\"og:locale\" content=\"lv_LV\" \/>\n<meta property=\"og:type\" content=\"article\" \/>\n<meta property=\"og:title\" content=\"Sp\u0101nijas dzelzce\u013ca nozares uz\u0146\u0113m\u0113ji nov\u0113rt\u0113 sadarb\u012bbu Rail Baltica projekt\u0101 - RB\" \/>\n<meta property=\"og:description\" content=\"Jaunb\u016bv\u0113jam\u0101 dzelzce\u013ca\u00a0Rail Baltica\u00a0projekts ir b\u016btisks Eiropas m\u0113rog\u0101, t\u0101 \u012bsteno\u0161an\u0101 iesaist\u012bts pla\u0161s gan Latvijas, gan \u0101rvalstu speci\u0101listu loks. Febru\u0101r\u0101 beig\u0101s notiku\u0161ais Latvijas-Sp\u0101nijas biznesa forums \u013c\u0101va nov\u0113rt\u0113t sp\u0101\u0146u dzelzce\u013ca nozares uz\u0146\u0113mumu devumu\u00a0Rail Baltica projekta \u012bsteno\u0161an\u0101, k\u0101 ar\u012b kl\u0101tien\u0113 apskat\u012bt abu Latvijas starptautisko staciju b\u016bvlaukumus.\" \/>\n<meta property=\"og:url\" content=\"https:\/\/www.railbaltica.org\/jaunumi\/inaugural-lithuanian-and-latvian-spanish-business-forums-strengthening-transport-industry-ties-between-baltics-and-spain\/\" \/>\n<meta property=\"og:site_name\" content=\"RB\" \/>\n<meta property=\"article:modified_time\" content=\"2025-08-20T07:18:53+00:00\" \/>\n<meta property=\"og:image\" content=\"https:\/\/www.railbaltica.org\/wp-content\/uploads\/2025\/07\/RB_Spain-20-2.jpg\" \/>\n\t<meta property=\"og:image:width\" content=\"2000\" \/>\n\t<meta property=\"og:image:height\" content=\"1333\" \/>\n\t<meta property=\"og:image:type\" content=\"image\/jpeg\" \/>\n<meta name=\"twitter:card\" content=\"summary_large_image\" \/>\n<script type=\"application\/ld+json\" class=\"yoast-schema-graph\">{\"@context\":\"https:\\\/\\\/schema.org\",\"@graph\":[{\"@type\":\"WebPage\",\"@id\":\"https:\\\/\\\/www.railbaltica.org\\\/jaunumi\\\/inaugural-lithuanian-and-latvian-spanish-business-forums-strengthening-transport-industry-ties-between-baltics-and-spain\\\/\",\"url\":\"https:\\\/\\\/www.railbaltica.org\\\/jaunumi\\\/inaugural-lithuanian-and-latvian-spanish-business-forums-strengthening-transport-industry-ties-between-baltics-and-spain\\\/\",\"name\":\"Sp\u0101nijas dzelzce\u013ca nozares uz\u0146\u0113m\u0113ji nov\u0113rt\u0113 sadarb\u012bbu Rail Baltica projekt\u0101 - RB\",\"isPartOf\":{\"@id\":\"https:\\\/\\\/www.railbaltica.org\\\/#website\"},\"primaryImageOfPage\":{\"@id\":\"https:\\\/\\\/www.railbaltica.org\\\/jaunumi\\\/inaugural-lithuanian-and-latvian-spanish-business-forums-strengthening-transport-industry-ties-between-baltics-and-spain\\\/#primaryimage\"},\"image\":{\"@id\":\"https:\\\/\\\/www.railbaltica.org\\\/jaunumi\\\/inaugural-lithuanian-and-latvian-spanish-business-forums-strengthening-transport-industry-ties-between-baltics-and-spain\\\/#primaryimage\"},\"thumbnailUrl\":\"https:\\\/\\\/www.railbaltica.org\\\/wp-content\\\/uploads\\\/2025\\\/07\\\/RB_Spain-20-2.jpg\",\"datePublished\":\"2024-02-29T14:28:13+00:00\",\"dateModified\":\"2025-08-20T07:18:53+00:00\",\"breadcrumb\":{\"@id\":\"https:\\\/\\\/www.railbaltica.org\\\/jaunumi\\\/inaugural-lithuanian-and-latvian-spanish-business-forums-strengthening-transport-industry-ties-between-baltics-and-spain\\\/#breadcrumb\"},\"inLanguage\":\"lv-LV\",\"potentialAction\":[{\"@type\":\"ReadAction\",\"target\":[\"https:\\\/\\\/www.railbaltica.org\\\/jaunumi\\\/inaugural-lithuanian-and-latvian-spanish-business-forums-strengthening-transport-industry-ties-between-baltics-and-spain\\\/\"]}]},{\"@type\":\"ImageObject\",\"inLanguage\":\"lv-LV\",\"@id\":\"https:\\\/\\\/www.railbaltica.org\\\/jaunumi\\\/inaugural-lithuanian-and-latvian-spanish-business-forums-strengthening-transport-industry-ties-between-baltics-and-spain\\\/#primaryimage\",\"url\":\"https:\\\/\\\/www.railbaltica.org\\\/wp-content\\\/uploads\\\/2025\\\/07\\\/RB_Spain-20-2.jpg\",\"contentUrl\":\"https:\\\/\\\/www.railbaltica.org\\\/wp-content\\\/uploads\\\/2025\\\/07\\\/RB_Spain-20-2.jpg\",\"width\":2000,\"height\":1333},{\"@type\":\"BreadcrumbList\",\"@id\":\"https:\\\/\\\/www.railbaltica.org\\\/jaunumi\\\/inaugural-lithuanian-and-latvian-spanish-business-forums-strengthening-transport-industry-ties-between-baltics-and-spain\\\/#breadcrumb\",\"itemListElement\":[{\"@type\":\"ListItem\",\"position\":1,\"name\":\"Home\",\"item\":\"https:\\\/\\\/www.railbaltica.org\\\/lv\\\/\"},{\"@type\":\"ListItem\",\"position\":2,\"name\":\"Sp\u0101nijas dzelzce\u013ca nozares uz\u0146\u0113m\u0113ji nov\u0113rt\u0113 sadarb\u012bbu Rail Baltica projekt\u0101\"}]},{\"@type\":\"WebSite\",\"@id\":\"https:\\\/\\\/www.railbaltica.org\\\/#website\",\"url\":\"https:\\\/\\\/www.railbaltica.org\\\/\",\"name\":\"RB\",\"description\":\"\",\"potentialAction\":[{\"@type\":\"SearchAction\",\"target\":{\"@type\":\"EntryPoint\",\"urlTemplate\":\"https:\\\/\\\/www.railbaltica.org\\\/?s={search_term_string}\"},\"query-input\":{\"@type\":\"PropertyValueSpecification\",\"valueRequired\":true,\"valueName\":\"search_term_string\"}}],\"inLanguage\":\"lv-LV\"}]}<\/script>\n<!-- \/ Yoast SEO plugin. -->","yoast_head_json":{"title":"Sp\u0101nijas dzelzce\u013ca nozares uz\u0146\u0113m\u0113ji nov\u0113rt\u0113 sadarb\u012bbu Rail Baltica projekt\u0101 - RB","robots":{"index":"index","follow":"follow","max-snippet":"max-snippet:-1","max-image-preview":"max-image-preview:large","max-video-preview":"max-video-preview:-1"},"canonical":"https:\/\/www.railbaltica.org\/jaunumi\/inaugural-lithuanian-and-latvian-spanish-business-forums-strengthening-transport-industry-ties-between-baltics-and-spain\/","og_locale":"lv_LV","og_type":"article","og_title":"Sp\u0101nijas dzelzce\u013ca nozares uz\u0146\u0113m\u0113ji nov\u0113rt\u0113 sadarb\u012bbu Rail Baltica projekt\u0101 - RB","og_description":"Jaunb\u016bv\u0113jam\u0101 dzelzce\u013ca\u00a0Rail Baltica\u00a0projekts ir b\u016btisks Eiropas m\u0113rog\u0101, t\u0101 \u012bsteno\u0161an\u0101 iesaist\u012bts pla\u0161s gan Latvijas, gan \u0101rvalstu speci\u0101listu loks. Febru\u0101r\u0101 beig\u0101s notiku\u0161ais Latvijas-Sp\u0101nijas biznesa forums \u013c\u0101va nov\u0113rt\u0113t sp\u0101\u0146u dzelzce\u013ca nozares uz\u0146\u0113mumu devumu\u00a0Rail Baltica projekta \u012bsteno\u0161an\u0101, k\u0101 ar\u012b kl\u0101tien\u0113 apskat\u012bt abu Latvijas starptautisko staciju b\u016bvlaukumus.","og_url":"https:\/\/www.railbaltica.org\/jaunumi\/inaugural-lithuanian-and-latvian-spanish-business-forums-strengthening-transport-industry-ties-between-baltics-and-spain\/","og_site_name":"RB","article_modified_time":"2025-08-20T07:18:53+00:00","og_image":[{"width":2000,"height":1333,"url":"https:\/\/www.railbaltica.org\/wp-content\/uploads\/2025\/07\/RB_Spain-20-2.jpg","type":"image\/jpeg"}],"twitter_card":"summary_large_image","schema":{"@context":"https:\/\/schema.org","@graph":[{"@type":"WebPage","@id":"https:\/\/www.railbaltica.org\/jaunumi\/inaugural-lithuanian-and-latvian-spanish-business-forums-strengthening-transport-industry-ties-between-baltics-and-spain\/","url":"https:\/\/www.railbaltica.org\/jaunumi\/inaugural-lithuanian-and-latvian-spanish-business-forums-strengthening-transport-industry-ties-between-baltics-and-spain\/","name":"Sp\u0101nijas dzelzce\u013ca nozares uz\u0146\u0113m\u0113ji nov\u0113rt\u0113 sadarb\u012bbu Rail Baltica projekt\u0101 - RB","isPartOf":{"@id":"https:\/\/www.railbaltica.org\/#website"},"primaryImageOfPage":{"@id":"https:\/\/www.railbaltica.org\/jaunumi\/inaugural-lithuanian-and-latvian-spanish-business-forums-strengthening-transport-industry-ties-between-baltics-and-spain\/#primaryimage"},"image":{"@id":"https:\/\/www.railbaltica.org\/jaunumi\/inaugural-lithuanian-and-latvian-spanish-business-forums-strengthening-transport-industry-ties-between-baltics-and-spain\/#primaryimage"},"thumbnailUrl":"https:\/\/www.railbaltica.org\/wp-content\/uploads\/2025\/07\/RB_Spain-20-2.jpg","datePublished":"2024-02-29T14:28:13+00:00","dateModified":"2025-08-20T07:18:53+00:00","breadcrumb":{"@id":"https:\/\/www.railbaltica.org\/jaunumi\/inaugural-lithuanian-and-latvian-spanish-business-forums-strengthening-transport-industry-ties-between-baltics-and-spain\/#breadcrumb"},"inLanguage":"lv-LV","potentialAction":[{"@type":"ReadAction","target":["https:\/\/www.railbaltica.org\/jaunumi\/inaugural-lithuanian-and-latvian-spanish-business-forums-strengthening-transport-industry-ties-between-baltics-and-spain\/"]}]},{"@type":"ImageObject","inLanguage":"lv-LV","@id":"https:\/\/www.railbaltica.org\/jaunumi\/inaugural-lithuanian-and-latvian-spanish-business-forums-strengthening-transport-industry-ties-between-baltics-and-spain\/#primaryimage","url":"https:\/\/www.railbaltica.org\/wp-content\/uploads\/2025\/07\/RB_Spain-20-2.jpg","contentUrl":"https:\/\/www.railbaltica.org\/wp-content\/uploads\/2025\/07\/RB_Spain-20-2.jpg","width":2000,"height":1333},{"@type":"BreadcrumbList","@id":"https:\/\/www.railbaltica.org\/jaunumi\/inaugural-lithuanian-and-latvian-spanish-business-forums-strengthening-transport-industry-ties-between-baltics-and-spain\/#breadcrumb","itemListElement":[{"@type":"ListItem","position":1,"name":"Home","item":"https:\/\/www.railbaltica.org\/lv\/"},{"@type":"ListItem","position":2,"name":"Sp\u0101nijas dzelzce\u013ca nozares uz\u0146\u0113m\u0113ji nov\u0113rt\u0113 sadarb\u012bbu Rail Baltica projekt\u0101"}]},{"@type":"WebSite","@id":"https:\/\/www.railbaltica.org\/#website","url":"https:\/\/www.railbaltica.org\/","name":"RB","description":"","potentialAction":[{"@type":"SearchAction","target":{"@type":"EntryPoint","urlTemplate":"https:\/\/www.railbaltica.org\/?s={search_term_string}"},"query-input":{"@type":"PropertyValueSpecification","valueRequired":true,"valueName":"search_term_string"}}],"inLanguage":"lv-LV"}]}},"_links":{"self":[{"href":"https:\/\/www.railbaltica.org\/lv\/wp-json\/wp\/v2\/news\/14632","targetHints":{"allow":["GET"]}}],"collection":[{"href":"https:\/\/www.railbaltica.org\/lv\/wp-json\/wp\/v2\/news"}],"about":[{"href":"https:\/\/www.railbaltica.org\/lv\/wp-json\/wp\/v2\/types\/news"}],"wp:featuredmedia":[{"embeddable":true,"href":"https:\/\/www.railbaltica.org\/lv\/wp-json\/wp\/v2\/media\/14619"}],"wp:attachment":[{"href":"https:\/\/www.railbaltica.org\/lv\/wp-json\/wp\/v2\/media?parent=14632"}],"wp:term":[{"taxonomy":"news_category","embeddable":true,"href":"https:\/\/www.railbaltica.org\/lv\/wp-json\/wp\/v2\/news_category?post=14632"}],"curies":[{"name":"wp","href":"https:\/\/api.w.org\/{rel}","templated":true}]}}