{"id":14416,"date":"2023-10-16T12:06:54","date_gmt":"2023-10-16T12:06:54","guid":{"rendered":"https:\/\/www.railbaltica.org\/news\/baltijas-juras-regiona-parlamentariesi-parruna-rail-baltica-strategisko-nozimi\/"},"modified":"2025-08-20T07:19:04","modified_gmt":"2025-08-20T07:19:04","slug":"baltijas-juras-regiona-parlamentariesi-parruna-rail-baltica-strategisko-nozimi","status":"publish","type":"news","link":"https:\/\/www.railbaltica.org\/lv\/jaunumi\/baltijas-juras-regiona-parlamentariesi-parruna-rail-baltica-strategisko-nozimi\/","title":{"rendered":"Baltijas j\u016bras re\u0123iona parlament\u0101rie\u0161i p\u0101rrun\u0101 Rail Baltica strat\u0113\u0123isko noz\u012bmi"},"content":{"rendered":"<section\n    class=\"align wp-block-hero-page-block relative flex overflow-hidden z-10 mt-20 md:mt-52\"\n>\n            <div\n            class=\"container md:!px-14\"\n        >\n            <div\n                class=\"bg-dark text-white rounded p-4 md:p-10\"\n            >\n                                <div\n    class=\"flex justify-between border-t pt-2.5 my-5 text-sm\"\n>\n    <span>Dalies ar jaunumiem\n<\/span>\n    <ul\n        class=\"flex items-center gap-5\"\n    >\n        <li>\n            <a\n                href=\"https:\/\/www.facebook.com\/sharer\/sharer.php?u=https%3A%2F%2Fwww.railbaltica.org%2Flv%2Fjaunumi%2Fbaltijas-juras-regiona-parlamentariesi-parruna-rail-baltica-strategisko-nozimi%2F\"\n                target=\"_blank\"\n                rel=\"noopener noreferrer\"\n                aria-label=\"Share on Facebook\"\n                class=\"transition-opacity hover:opacity-75\"\n            >\n                <svg\n                    width=\"20\"\n                    height=\"20\"\n                    viewBox=\"0 0 20 20\"\n                    fill=\"none\"\n                    xmlns=\"http:\/\/www.w3.org\/2000\/svg\"\n                >\n                    <path\n                        d=\"M7.5 6.66667H5V10H7.5V20H11.6667V10H14.7017L15 6.66667H11.6667V5.2775C11.6667 4.48167 11.8267 4.16667 12.5958 4.16667H15V0H11.8267C8.83 0 7.5 1.31917 7.5 3.84583V6.66667Z\"\n                        fill=\"white\"\n                    \/>\n                <\/svg>\n            <\/a>\n        <\/li>\n        <li>\n            <a\n                href=\"https:\/\/twitter.com\/intent\/tweet?url=https%3A%2F%2Fwww.railbaltica.org%2Flv%2Fjaunumi%2Fbaltijas-juras-regiona-parlamentariesi-parruna-rail-baltica-strategisko-nozimi%2F&amp;text=Baltijas+j%C5%ABras+re%C4%A3iona+parlament%C4%81rie%C5%A1i+p%C4%81rrun%C4%81+Rail+Baltica+strat%C4%93%C4%A3isko+noz%C4%ABmi\"\n                target=\"_blank\"\n                rel=\"noopener noreferrer\"\n                aria-label=\"Share on Twitter\"\n                class=\"transition-opacity hover:opacity-75\"\n            >\n                <svg\n                    width=\"20\"\n                    height=\"20\"\n                    viewBox=\"0 0 20 20\"\n                    fill=\"none\"\n                    xmlns=\"http:\/\/www.w3.org\/2000\/svg\"\n                >\n                    <path\n                        d=\"M14.7313 2.68748H17.238L11.763 8.88248L18.2038 17.3125H13.1597L9.20966 12.2L4.68966 17.3125H2.18299L8.03883 10.6866L1.86133 2.68665H7.03216L10.603 7.35998L14.7322 2.68665L14.7313 2.68748ZM13.8522 15.8275H15.2405L6.27716 4.09415H4.78716L13.8522 15.8275Z\"\n                        fill=\"white\"\n                    \/>\n                <\/svg>\n            <\/a>\n        <\/li>\n        <li>\n            <a\n                href=\"https:\/\/www.linkedin.com\/sharing\/share-offsite\/?url=https%3A%2F%2Fwww.railbaltica.org%2Flv%2Fjaunumi%2Fbaltijas-juras-regiona-parlamentariesi-parruna-rail-baltica-strategisko-nozimi%2F\"\n                target=\"_blank\"\n                rel=\"noopener noreferrer\"\n                aria-label=\"Share on LinkedIn\"\n                class=\"transition-opacity hover:opacity-75\"\n            >\n                <svg\n                    width=\"20\"\n                    height=\"20\"\n                    viewBox=\"0 0 20 20\"\n                    fill=\"none\"\n                    xmlns=\"http:\/\/www.w3.org\/2000\/svg\"\n                >\n                    <path\n                        d=\"M18.4097 0.000139829H1.46998C1.27956 -0.00250476 1.09049 0.0323869 0.913553 0.102822C0.73662 0.173257 0.575295 0.277857 0.438791 0.410646C0.302287 0.543436 0.193279 0.701814 0.11799 0.876737C0.0427018 1.05166 0.00260836 1.2397 0 1.43012V18.5699C0.00260836 18.7603 0.0427018 18.9483 0.11799 19.1233C0.193279 19.2982 0.302287 19.4566 0.438791 19.5894C0.575295 19.7221 0.73662 19.8267 0.913553 19.8972C1.09049 19.9676 1.27956 20.0025 1.46998 19.9999H18.4097C18.6002 20.0025 18.7892 19.9676 18.9662 19.8972C19.1431 19.8267 19.3044 19.7221 19.4409 19.5894C19.5774 19.4566 19.6864 19.2982 19.7617 19.1233C19.837 18.9483 19.8771 18.7603 19.8797 18.5699V1.43012C19.8771 1.2397 19.837 1.05166 19.7617 0.876737C19.6864 0.701814 19.5774 0.543436 19.4409 0.410646C19.3044 0.277857 19.1431 0.173257 18.9662 0.102822C18.7892 0.0323869 18.6002 -0.00250476 18.4097 0.000139829ZM6.02992 16.7399H3.02996V7.74003H6.02992V16.7399ZM4.52994 6.48005C4.1162 6.48005 3.71942 6.31569 3.42687 6.02314C3.13431 5.73059 2.96996 5.3338 2.96996 4.92007C2.96996 4.50634 3.13431 4.10955 3.42687 3.817C3.71942 3.52445 4.1162 3.36009 4.52994 3.36009C4.74963 3.33518 4.97211 3.35695 5.1828 3.42398C5.3935 3.491 5.58766 3.60178 5.75258 3.74905C5.91749 3.89632 6.04944 4.07676 6.13979 4.27856C6.23013 4.48036 6.27683 4.69897 6.27683 4.92007C6.27683 5.14117 6.23013 5.35978 6.13979 5.56158C6.04944 5.76338 5.91749 5.94382 5.75258 6.09109C5.58766 6.23836 5.3935 6.34914 5.1828 6.41617C4.97211 6.48319 4.74963 6.50496 4.52994 6.48005ZM16.8498 16.7399H13.8498V11.91C13.8498 10.7 13.4198 9.91 12.3298 9.91C11.9925 9.91247 11.664 10.0183 11.3887 10.2132C11.1133 10.4081 10.9043 10.6827 10.7899 11C10.7116 11.235 10.6777 11.4826 10.6899 11.73V16.7299H7.68989V7.73003H10.6899V9.00001C10.9624 8.52713 11.3587 8.13755 11.8363 7.87323C12.3138 7.60892 12.8544 7.47989 13.3998 7.50003C15.3998 7.50003 16.8498 8.79002 16.8498 11.56V16.7399Z\"\n                        fill=\"white\"\n                    \/>\n                <\/svg>\n            <\/a>\n        <\/li>\n        <li>\n            <button\n                type=\"button\"\n                class=\"copy-url-btn relative my-auto flex transition-opacity hover:opacity-75\"\n                data-url=\"https:\/\/www.railbaltica.org\/lv\/jaunumi\/baltijas-juras-regiona-parlamentariesi-parruna-rail-baltica-strategisko-nozimi\/\"\n            >\n                <svg\n                    width=\"21\"\n                    height=\"21\"\n                    viewBox=\"0 0 21 21\"\n                    fill=\"none\"\n                    xmlns=\"http:\/\/www.w3.org\/2000\/svg\"\n                >\n                    <path\n                        d=\"M10.5205 20C15.7661 20 20 15.7455 20 10.4795C20 5.23392 15.7661 1 10.5205 1M10.5205 20C5.25446 20 1 15.7455 1 10.4795C1 5.23392 5.25446 1 10.5205 1M10.5205 20V1M18.7429 5.75H2.26324M18.7958 15.1345H2.21035M1.05135 10.5H19.9486M10.5103 20C13.1333 20 15.25 15.7455 15.25 10.4795C15.25 5.23392 13.1333 1 10.5103 1C7.87697 1 5.75 5.23392 5.75 10.4795C5.75 15.7455 7.87697 20 10.5103 20Z\"\n                        stroke=\"white\"\n                        stroke-linecap=\"round\"\n                        stroke-linejoin=\"round\"\n                    \/>\n                <\/svg>\n                <span\n                    class=\"absolute hidden translate-x-[-10px] translate-y-[30px]\"\n                >Copied!<\/span>\n            <\/button>\n        <\/li>\n    <\/ul>\n<\/div>\n\n                                    <time\n                        datetime=\"\"\n                        class=\"mb-2.5 flex text-xl text-blue\"\n                    >\n                        16.10.2023\n                    <\/time>\n                \n                                    <h1 class='h1 max-w-198'>\n            Baltijas j\u016bras re\u0123iona parlament\u0101rie\u0161i p\u0101rrun\u0101 Rail Baltica strat\u0113\u0123isko noz\u012bmi\n        <\/h1>\n                \n                            <\/div>\n        <\/div>\n    <\/section>\n\n<section\n    class=\"overflow-hidden py-5 md:pt-10 md:pb-5 align wp-block-excerpt-block\"\n>\n    <div\n        class=\"container relative flex flex-col items-start z-10 md:text-xl lg:!px-4\"\n    >\n                    <div\n                class=\"textual w-full text-dark text-xl lg:px-12 md:mx-auto md:max-w-222 md:text-xl\"\n            >\n                Pirmdien, 16. oktobr\u012b, pla\u0161a Baltijas j\u016bras re\u0123iona parlament\u0101rie\u0161u deleg\u0101cija tik\u0101s ar satiksmes ministru Kasparu Bri\u0161kenu un Rail Baltica ievies\u0113jorganiz\u0101ciju komandu, lai iepaz\u012btos ar Rail Baltica projektu, un apmekl\u0113ja Rail\u00a0 Baltica R\u012bgas Centr\u0101l\u0101 mezgla b\u016bvlaukumu.\n            <\/div>\n            <\/div>\n<\/section>\n<section\n    class=\"py-5 md:py-10 align wp-block-textual-block\"\n>\n    <div\n        class=\"container\"\n    >\n        <div\n            class=\"textual w-full text-xl text-dark break-words [&#038;_span]:!text-dark [&#038;_a]:!text-dark\"\n        >\n                            <p><strong><\/strong><\/p>\n<p>Tik\u0161an\u0101s laik\u0101 tika apspriesti jaut\u0101jumi par Rail Baltica glob\u0101l\u0101 projekta strat\u0113\u0123isko noz\u012bmi, \u012bsteno\u0161anas progresu Latvij\u0101 un t\u0101 iek\u013cau\u0161anos kop\u0113j\u0101 Eiropas Savien\u012bbas transporta t\u012bkl\u0101.<\/p>\n<p>Tiekoties ar deleg\u0101ciju, satiksmes ministrs <strong>Kaspars Bri\u0161kens<\/strong> akcent\u0113ja Rail Baltica noz\u012bm\u012bbu un sasniegto progresu. \u201c\u0160obr\u012bd Rail Baltica no sap\u0146a un v\u012bzijas ir k\u013cuvis par projektu, kas skaidri iez\u012bm\u0113 t\u0101 infrastrukt\u016bras apjomu un ekosist\u0113mu, ko \u0161is jaunais ekonomiskais un dro\u0161\u012bbas koridors veidos. R\u012bg\u0101 ir viens no apjom\u012bg\u0101kajiem Rail Baltica b\u016bvlaukumiem, veidojot modernu un multimod\u0101lu satiksmes mezglu, b\u016bvniec\u012bbas un projekt\u0113\u0161anas progress redzams vis\u0101 Baltij\u0101.\u201d<\/p>\n\n                    <\/div>\n    <\/div>\n<\/section>\n\n\n<section\n    class=\"overflow-hidden py-5 align wp-block-image-grid-block !pt-[0] !pb-[0]\"\n>\n    <div\n        class=\"container relative flex flex-col items-start z-10\"\n    >\n        <div\n            class=\"grid w-full gap-3 md:grid-cols-2 md:gap-5 md:grid-cols-3 lg:px-12\"\n        >\n                                                <div\n                        class=\"relative z-10 flex h-full w-full flex-col text-center\"\n                    >\n                        <img decoding=\"async\"\n        src=\"https:\/\/www.railbaltica.org\/wp-content\/uploads\/2025\/08\/BSPC_Rail-Baltica_1.jpg\"\n        alt=\"BSPC_Rail-Baltica_1\"\n         title=\"BSPC_Rail-Baltica_1\"         class=\"block z-20 !relative h-80 object-cover\"\n        loading=\"lazy\"\n    \/>\n                                            <\/div>\n                                                                <div\n                        class=\"relative z-10 flex h-full w-full flex-col text-center\"\n                    >\n                        <img decoding=\"async\"\n        src=\"https:\/\/www.railbaltica.org\/wp-content\/uploads\/2025\/08\/BSPC_Rail-Baltica_2.jpg\"\n        alt=\"BSPC_Rail-Baltica_2\"\n         title=\"BSPC_Rail-Baltica_2\"         class=\"block z-20 !relative h-80 object-cover\"\n        loading=\"lazy\"\n    \/>\n                                            <\/div>\n                                                                <div\n                        class=\"relative z-10 flex h-full w-full flex-col text-center\"\n                    >\n                        <img decoding=\"async\"\n        src=\"https:\/\/www.railbaltica.org\/wp-content\/uploads\/2025\/08\/SA902778-scaled.jpg\"\n        alt=\"SA902778\"\n         title=\"SA902778\"         class=\"block z-20 !relative h-80 object-cover\"\n        loading=\"lazy\"\n    \/>\n                                            <\/div>\n                                                                <div\n                        class=\"relative z-10 flex h-full w-full flex-col text-center\"\n                    >\n                        <img decoding=\"async\"\n        src=\"https:\/\/www.railbaltica.org\/wp-content\/uploads\/2025\/07\/BSPC_Rail-Baltica_3-1.jpg\"\n        alt=\"BSPC_Rail-Baltica_3\"\n         title=\"BSPC_Rail-Baltica_3\"         class=\"block z-20 !relative h-80 object-cover\"\n        loading=\"lazy\"\n    \/>\n                                            <\/div>\n                                                                <div\n                        class=\"relative z-10 flex h-full w-full flex-col text-center\"\n                    >\n                        <img decoding=\"async\"\n        src=\"https:\/\/www.railbaltica.org\/wp-content\/uploads\/2025\/08\/BSPC_Rail-Baltica_4.jpg\"\n        alt=\"BSPC_Rail-Baltica_4\"\n         title=\"BSPC_Rail-Baltica_4\"         class=\"block z-20 !relative h-80 object-cover\"\n        loading=\"lazy\"\n    \/>\n                                            <\/div>\n                                                                <div\n                        class=\"relative z-10 flex h-full w-full flex-col text-center\"\n                    >\n                        <img decoding=\"async\"\n        src=\"https:\/\/www.railbaltica.org\/wp-content\/uploads\/2025\/08\/BSPC_Rail-Baltica_5.jpg\"\n        alt=\"BSPC_Rail-Baltica_5\"\n         title=\"BSPC_Rail-Baltica_5\"         class=\"block z-20 !relative h-80 object-cover\"\n        loading=\"lazy\"\n    \/>\n                                            <\/div>\n                                    <\/div>\n    <\/div>\n<\/section>\n\n\n<section\n    class=\"py-5 md:py-10 align wp-block-textual-block\"\n>\n    <div\n        class=\"container\"\n    >\n        <div\n            class=\"textual w-full text-xl text-dark break-words [&#038;_span]:!text-dark [&#038;_a]:!text-dark\"\n        >\n                            <p>Parlament\u0101rie\u0161i R\u012bgu apmekl\u0113, lai san\u0101ktu uz pirmo Baltijas j\u016bras parlament\u0101r\u0101s konferences darba grupas s\u0113di par energoapg\u0101des jaut\u0101jumiem. \u201c\u0122eopolitisk\u0101 situ\u0101cija ir aktualiz\u0113jusi to, ka transporta t\u012bklu notur\u012bba un savienojam\u012bba ir m\u016bsu visu valstu dro\u0161\u012bbas pamats. Redzam, ka Baltijas j\u016bras re\u0123iona parlament\u0101rie\u0161iem ir vienota izpratne gan par izaicin\u0101jumiem, gan v\u012bzija to risin\u0101\u0161anai. Darba grupas priorit\u0101tes ir skaidras \u2013 ener\u0123\u0113tisk\u0101 neatkar\u012bba, jomas digitaliz\u0101cija un transporta t\u012bklu savienojam\u012bba, t\u0101p\u0113c darba programm\u0101 b\u016btiska bija tik\u0161an\u0101s ar Rail Baltica komandu,\u201d uzsver Baltijas j\u016bras parlament\u0101r\u0101s konferences \u00a0Energoapg\u0101des dro\u0161\u012bbas, pa\u0161pietiekam\u012bbas, notur\u012bbas un savienojam\u012bbas darba grupas priek\u0161s\u0113d\u0113t\u0101js, Saeimas deput\u0101ts <strong>Andris Kulbergs<\/strong>.<\/p>\n<p>Rail Baltica glob\u0101l\u0101 projekta b\u016btisk\u0101kos elementus prezent\u0113ja RB Rail AS tehniskais direktors un valdes loceklis Emilj\u0113ns Dangs, par Latvijas progresu projekta \u012bsteno\u0161an\u0101 inform\u0113ja Eiropas Dzelzce\u013ca l\u012bnijas valdes priek\u0161s\u0113d\u0113t\u0101js Kaspars Vingris. Viz\u012btes turpin\u0101jum\u0101 parlament\u0101rie\u0161i apmekl\u0113ja vienu no in\u017eeniertehniski sare\u017e\u0123\u012bt\u0101kajiem un liel\u0101kajiem Rail Baltica b\u016bvlaukumiem, kura progress jau \u0161obr\u012bd vizu\u0101li \u013cauj apjaust t\u0101 apm\u0113ru un n\u0101kotnes funkcionalit\u0101ti. Ar b\u016bvdarbu gaitu Rail Baltica R\u012bgas Centr\u0101l\u0101 mezgla objekt\u0101 iepaz\u012bstin\u0101ja b\u016bvniec\u012bbas apvien\u012bbas BERERIX izpilddirektors Guntis \u0100bolti\u0146\u0161-\u0100boli\u0146\u0161. Deleg\u0101cij\u0101 bija parlament\u0101rie\u0161i no Zviedrijas, Somijas, Norv\u0113\u0123ijas, Polijas, Lietuvas, Igaunijas, D\u0101nijas, V\u0101cijas un Latvijas.<\/p>\n\n                    <\/div>\n    <\/div>\n<\/section>\n\n\n\n<section\n    class=\"overflow-hidden py-5 md:pt-5 md:pb-10 align wp-block-button-cta-block !pt-[0]\"\n>\n    <div\n        class=\"container w-full relative flex flex-col items-start z-10\"\n    >\n        <div\n            class=\"w-full border-t border-dark pt-5 mt-4 md:mt-5 md:pt-10\"\n        >\n        <\/div>\n\n                    <a\n        href=\"\/lv\/zinas\/\"\n                class=\"btn-outline-dark mx-auto\"\n    >\n        \n        Atpaka\u013c zi\u0146\u0101m\n        \n        \n    <\/a>\n            <\/div>\n<\/section>\n","protected":false},"excerpt":{"rendered":"<p>Pirmdien, 16. oktobr\u012b, pla\u0161a Baltijas j\u016bras re\u0123iona parlament\u0101rie\u0161u deleg\u0101cija tik\u0101s ar satiksmes ministru Kasparu Bri\u0161kenu un Rail Baltica ievies\u0113jorganiz\u0101ciju komandu, lai iepaz\u012btos ar Rail Baltica projektu, un apmekl\u0113ja Rail\u00a0 Baltica R\u012bgas Centr\u0101l\u0101 mezgla b\u016bvlaukumu.<\/p>\n","protected":false},"featured_media":14414,"template":"","news_category":[],"class_list":["post-14416","news","type-news","status-publish","has-post-thumbnail","hentry"],"acf":[],"yoast_head":"<!-- This site is optimized with the Yoast SEO plugin v27.5 - https:\/\/yoast.com\/product\/yoast-seo-wordpress\/ -->\n<title>Baltijas j\u016bras re\u0123iona parlament\u0101rie\u0161i p\u0101rrun\u0101 Rail Baltica strat\u0113\u0123isko noz\u012bmi - RB<\/title>\n<meta name=\"robots\" content=\"index, follow, max-snippet:-1, max-image-preview:large, max-video-preview:-1\" \/>\n<link rel=\"canonical\" href=\"https:\/\/www.railbaltica.org\/jaunumi\/baltic-sea-region-parliamentarians-discuss-the-strategic-importance-of-rail-baltica\/\" \/>\n<meta property=\"og:locale\" content=\"lv_LV\" \/>\n<meta property=\"og:type\" content=\"article\" \/>\n<meta property=\"og:title\" content=\"Baltijas j\u016bras re\u0123iona parlament\u0101rie\u0161i p\u0101rrun\u0101 Rail Baltica strat\u0113\u0123isko noz\u012bmi - RB\" \/>\n<meta property=\"og:description\" content=\"Pirmdien, 16. oktobr\u012b, pla\u0161a Baltijas j\u016bras re\u0123iona parlament\u0101rie\u0161u deleg\u0101cija tik\u0101s ar satiksmes ministru Kasparu Bri\u0161kenu un Rail Baltica ievies\u0113jorganiz\u0101ciju komandu, lai iepaz\u012btos ar Rail Baltica projektu, un apmekl\u0113ja Rail\u00a0 Baltica R\u012bgas Centr\u0101l\u0101 mezgla b\u016bvlaukumu.\" \/>\n<meta property=\"og:url\" content=\"https:\/\/www.railbaltica.org\/jaunumi\/baltic-sea-region-parliamentarians-discuss-the-strategic-importance-of-rail-baltica\/\" \/>\n<meta property=\"og:site_name\" content=\"RB\" \/>\n<meta property=\"article:modified_time\" content=\"2025-08-20T07:19:04+00:00\" \/>\n<meta property=\"og:image\" content=\"https:\/\/www.railbaltica.org\/wp-content\/uploads\/2025\/07\/BSPC_Rail-Baltica_3-1.jpg\" \/>\n\t<meta property=\"og:image:width\" content=\"2304\" \/>\n\t<meta property=\"og:image:height\" content=\"1520\" \/>\n\t<meta property=\"og:image:type\" content=\"image\/jpeg\" \/>\n<meta name=\"twitter:card\" content=\"summary_large_image\" \/>\n<script type=\"application\/ld+json\" class=\"yoast-schema-graph\">{\"@context\":\"https:\\\/\\\/schema.org\",\"@graph\":[{\"@type\":\"WebPage\",\"@id\":\"https:\\\/\\\/www.railbaltica.org\\\/jaunumi\\\/baltic-sea-region-parliamentarians-discuss-the-strategic-importance-of-rail-baltica\\\/\",\"url\":\"https:\\\/\\\/www.railbaltica.org\\\/jaunumi\\\/baltic-sea-region-parliamentarians-discuss-the-strategic-importance-of-rail-baltica\\\/\",\"name\":\"Baltijas j\u016bras re\u0123iona parlament\u0101rie\u0161i p\u0101rrun\u0101 Rail Baltica strat\u0113\u0123isko noz\u012bmi - RB\",\"isPartOf\":{\"@id\":\"https:\\\/\\\/www.railbaltica.org\\\/#website\"},\"primaryImageOfPage\":{\"@id\":\"https:\\\/\\\/www.railbaltica.org\\\/jaunumi\\\/baltic-sea-region-parliamentarians-discuss-the-strategic-importance-of-rail-baltica\\\/#primaryimage\"},\"image\":{\"@id\":\"https:\\\/\\\/www.railbaltica.org\\\/jaunumi\\\/baltic-sea-region-parliamentarians-discuss-the-strategic-importance-of-rail-baltica\\\/#primaryimage\"},\"thumbnailUrl\":\"https:\\\/\\\/www.railbaltica.org\\\/wp-content\\\/uploads\\\/2025\\\/07\\\/BSPC_Rail-Baltica_3-1.jpg\",\"datePublished\":\"2023-10-16T12:06:54+00:00\",\"dateModified\":\"2025-08-20T07:19:04+00:00\",\"breadcrumb\":{\"@id\":\"https:\\\/\\\/www.railbaltica.org\\\/jaunumi\\\/baltic-sea-region-parliamentarians-discuss-the-strategic-importance-of-rail-baltica\\\/#breadcrumb\"},\"inLanguage\":\"lv-LV\",\"potentialAction\":[{\"@type\":\"ReadAction\",\"target\":[\"https:\\\/\\\/www.railbaltica.org\\\/jaunumi\\\/baltic-sea-region-parliamentarians-discuss-the-strategic-importance-of-rail-baltica\\\/\"]}]},{\"@type\":\"ImageObject\",\"inLanguage\":\"lv-LV\",\"@id\":\"https:\\\/\\\/www.railbaltica.org\\\/jaunumi\\\/baltic-sea-region-parliamentarians-discuss-the-strategic-importance-of-rail-baltica\\\/#primaryimage\",\"url\":\"https:\\\/\\\/www.railbaltica.org\\\/wp-content\\\/uploads\\\/2025\\\/07\\\/BSPC_Rail-Baltica_3-1.jpg\",\"contentUrl\":\"https:\\\/\\\/www.railbaltica.org\\\/wp-content\\\/uploads\\\/2025\\\/07\\\/BSPC_Rail-Baltica_3-1.jpg\",\"width\":2304,\"height\":1520},{\"@type\":\"BreadcrumbList\",\"@id\":\"https:\\\/\\\/www.railbaltica.org\\\/jaunumi\\\/baltic-sea-region-parliamentarians-discuss-the-strategic-importance-of-rail-baltica\\\/#breadcrumb\",\"itemListElement\":[{\"@type\":\"ListItem\",\"position\":1,\"name\":\"Home\",\"item\":\"https:\\\/\\\/www.railbaltica.org\\\/lv\\\/\"},{\"@type\":\"ListItem\",\"position\":2,\"name\":\"Baltijas j\u016bras re\u0123iona parlament\u0101rie\u0161i p\u0101rrun\u0101 Rail Baltica strat\u0113\u0123isko noz\u012bmi\"}]},{\"@type\":\"WebSite\",\"@id\":\"https:\\\/\\\/www.railbaltica.org\\\/#website\",\"url\":\"https:\\\/\\\/www.railbaltica.org\\\/\",\"name\":\"RB\",\"description\":\"\",\"potentialAction\":[{\"@type\":\"SearchAction\",\"target\":{\"@type\":\"EntryPoint\",\"urlTemplate\":\"https:\\\/\\\/www.railbaltica.org\\\/?s={search_term_string}\"},\"query-input\":{\"@type\":\"PropertyValueSpecification\",\"valueRequired\":true,\"valueName\":\"search_term_string\"}}],\"inLanguage\":\"lv-LV\"}]}<\/script>\n<!-- \/ Yoast SEO plugin. -->","yoast_head_json":{"title":"Baltijas j\u016bras re\u0123iona parlament\u0101rie\u0161i p\u0101rrun\u0101 Rail Baltica strat\u0113\u0123isko noz\u012bmi - RB","robots":{"index":"index","follow":"follow","max-snippet":"max-snippet:-1","max-image-preview":"max-image-preview:large","max-video-preview":"max-video-preview:-1"},"canonical":"https:\/\/www.railbaltica.org\/jaunumi\/baltic-sea-region-parliamentarians-discuss-the-strategic-importance-of-rail-baltica\/","og_locale":"lv_LV","og_type":"article","og_title":"Baltijas j\u016bras re\u0123iona parlament\u0101rie\u0161i p\u0101rrun\u0101 Rail Baltica strat\u0113\u0123isko noz\u012bmi - RB","og_description":"Pirmdien, 16. oktobr\u012b, pla\u0161a Baltijas j\u016bras re\u0123iona parlament\u0101rie\u0161u deleg\u0101cija tik\u0101s ar satiksmes ministru Kasparu Bri\u0161kenu un Rail Baltica ievies\u0113jorganiz\u0101ciju komandu, lai iepaz\u012btos ar Rail Baltica projektu, un apmekl\u0113ja Rail\u00a0 Baltica R\u012bgas Centr\u0101l\u0101 mezgla b\u016bvlaukumu.","og_url":"https:\/\/www.railbaltica.org\/jaunumi\/baltic-sea-region-parliamentarians-discuss-the-strategic-importance-of-rail-baltica\/","og_site_name":"RB","article_modified_time":"2025-08-20T07:19:04+00:00","og_image":[{"width":2304,"height":1520,"url":"https:\/\/www.railbaltica.org\/wp-content\/uploads\/2025\/07\/BSPC_Rail-Baltica_3-1.jpg","type":"image\/jpeg"}],"twitter_card":"summary_large_image","schema":{"@context":"https:\/\/schema.org","@graph":[{"@type":"WebPage","@id":"https:\/\/www.railbaltica.org\/jaunumi\/baltic-sea-region-parliamentarians-discuss-the-strategic-importance-of-rail-baltica\/","url":"https:\/\/www.railbaltica.org\/jaunumi\/baltic-sea-region-parliamentarians-discuss-the-strategic-importance-of-rail-baltica\/","name":"Baltijas j\u016bras re\u0123iona parlament\u0101rie\u0161i p\u0101rrun\u0101 Rail Baltica strat\u0113\u0123isko noz\u012bmi - RB","isPartOf":{"@id":"https:\/\/www.railbaltica.org\/#website"},"primaryImageOfPage":{"@id":"https:\/\/www.railbaltica.org\/jaunumi\/baltic-sea-region-parliamentarians-discuss-the-strategic-importance-of-rail-baltica\/#primaryimage"},"image":{"@id":"https:\/\/www.railbaltica.org\/jaunumi\/baltic-sea-region-parliamentarians-discuss-the-strategic-importance-of-rail-baltica\/#primaryimage"},"thumbnailUrl":"https:\/\/www.railbaltica.org\/wp-content\/uploads\/2025\/07\/BSPC_Rail-Baltica_3-1.jpg","datePublished":"2023-10-16T12:06:54+00:00","dateModified":"2025-08-20T07:19:04+00:00","breadcrumb":{"@id":"https:\/\/www.railbaltica.org\/jaunumi\/baltic-sea-region-parliamentarians-discuss-the-strategic-importance-of-rail-baltica\/#breadcrumb"},"inLanguage":"lv-LV","potentialAction":[{"@type":"ReadAction","target":["https:\/\/www.railbaltica.org\/jaunumi\/baltic-sea-region-parliamentarians-discuss-the-strategic-importance-of-rail-baltica\/"]}]},{"@type":"ImageObject","inLanguage":"lv-LV","@id":"https:\/\/www.railbaltica.org\/jaunumi\/baltic-sea-region-parliamentarians-discuss-the-strategic-importance-of-rail-baltica\/#primaryimage","url":"https:\/\/www.railbaltica.org\/wp-content\/uploads\/2025\/07\/BSPC_Rail-Baltica_3-1.jpg","contentUrl":"https:\/\/www.railbaltica.org\/wp-content\/uploads\/2025\/07\/BSPC_Rail-Baltica_3-1.jpg","width":2304,"height":1520},{"@type":"BreadcrumbList","@id":"https:\/\/www.railbaltica.org\/jaunumi\/baltic-sea-region-parliamentarians-discuss-the-strategic-importance-of-rail-baltica\/#breadcrumb","itemListElement":[{"@type":"ListItem","position":1,"name":"Home","item":"https:\/\/www.railbaltica.org\/lv\/"},{"@type":"ListItem","position":2,"name":"Baltijas j\u016bras re\u0123iona parlament\u0101rie\u0161i p\u0101rrun\u0101 Rail Baltica strat\u0113\u0123isko noz\u012bmi"}]},{"@type":"WebSite","@id":"https:\/\/www.railbaltica.org\/#website","url":"https:\/\/www.railbaltica.org\/","name":"RB","description":"","potentialAction":[{"@type":"SearchAction","target":{"@type":"EntryPoint","urlTemplate":"https:\/\/www.railbaltica.org\/?s={search_term_string}"},"query-input":{"@type":"PropertyValueSpecification","valueRequired":true,"valueName":"search_term_string"}}],"inLanguage":"lv-LV"}]}},"_links":{"self":[{"href":"https:\/\/www.railbaltica.org\/lv\/wp-json\/wp\/v2\/news\/14416","targetHints":{"allow":["GET"]}}],"collection":[{"href":"https:\/\/www.railbaltica.org\/lv\/wp-json\/wp\/v2\/news"}],"about":[{"href":"https:\/\/www.railbaltica.org\/lv\/wp-json\/wp\/v2\/types\/news"}],"wp:featuredmedia":[{"embeddable":true,"href":"https:\/\/www.railbaltica.org\/lv\/wp-json\/wp\/v2\/media\/14414"}],"wp:attachment":[{"href":"https:\/\/www.railbaltica.org\/lv\/wp-json\/wp\/v2\/media?parent=14416"}],"wp:term":[{"taxonomy":"news_category","embeddable":true,"href":"https:\/\/www.railbaltica.org\/lv\/wp-json\/wp\/v2\/news_category?post=14416"}],"curies":[{"name":"wp","href":"https:\/\/api.w.org\/{rel}","templated":true}]}}