{"id":14349,"date":"2023-09-26T10:24:37","date_gmt":"2023-09-26T10:24:37","guid":{"rendered":"https:\/\/www.railbaltica.org\/news\/rail-baltica-komanda-tiekas-ar-vadosajiem-vacijas-dzelzcela-industrijas-uznemumiem\/"},"modified":"2025-08-20T07:19:09","modified_gmt":"2025-08-20T07:19:09","slug":"rail-baltica-komanda-tiekas-ar-vadosajiem-vacijas-dzelzcela-industrijas-uznemumiem","status":"publish","type":"news","link":"https:\/\/www.railbaltica.org\/lv\/jaunumi\/rail-baltica-komanda-tiekas-ar-vadosajiem-vacijas-dzelzcela-industrijas-uznemumiem\/","title":{"rendered":"Rail Baltica komanda tiekas ar vado\u0161ajiem V\u0101cijas dzelzce\u013ca industrijas uz\u0146\u0113mumiem"},"content":{"rendered":"<section\n    class=\"align wp-block-hero-page-block relative flex overflow-hidden z-10 mt-20 md:mt-52\"\n>\n            <div\n            class=\"container md:!px-14\"\n        >\n            <div\n                class=\"bg-dark text-white rounded p-4 md:p-10\"\n            >\n                                <div\n    class=\"flex justify-between border-t pt-2.5 my-5 text-sm\"\n>\n    <span>Dalies ar jaunumiem\n<\/span>\n    <ul\n        class=\"flex items-center gap-5\"\n    >\n        <li>\n            <a\n                href=\"https:\/\/www.facebook.com\/sharer\/sharer.php?u=https%3A%2F%2Fwww.railbaltica.org%2Flv%2Fjaunumi%2Frail-baltica-komanda-tiekas-ar-vadosajiem-vacijas-dzelzcela-industrijas-uznemumiem%2F\"\n                target=\"_blank\"\n                rel=\"noopener noreferrer\"\n                aria-label=\"Share on Facebook\"\n                class=\"transition-opacity hover:opacity-75\"\n            >\n                <svg\n                    width=\"20\"\n                    height=\"20\"\n                    viewBox=\"0 0 20 20\"\n                    fill=\"none\"\n                    xmlns=\"http:\/\/www.w3.org\/2000\/svg\"\n                >\n                    <path\n                        d=\"M7.5 6.66667H5V10H7.5V20H11.6667V10H14.7017L15 6.66667H11.6667V5.2775C11.6667 4.48167 11.8267 4.16667 12.5958 4.16667H15V0H11.8267C8.83 0 7.5 1.31917 7.5 3.84583V6.66667Z\"\n                        fill=\"white\"\n                    \/>\n                <\/svg>\n            <\/a>\n        <\/li>\n        <li>\n            <a\n                href=\"https:\/\/twitter.com\/intent\/tweet?url=https%3A%2F%2Fwww.railbaltica.org%2Flv%2Fjaunumi%2Frail-baltica-komanda-tiekas-ar-vadosajiem-vacijas-dzelzcela-industrijas-uznemumiem%2F&amp;text=Rail+Baltica+komanda+tiekas+ar+vado%C5%A1ajiem+V%C4%81cijas+dzelzce%C4%BCa+industrijas+uz%C5%86%C4%93mumiem\"\n                target=\"_blank\"\n                rel=\"noopener noreferrer\"\n                aria-label=\"Share on Twitter\"\n                class=\"transition-opacity hover:opacity-75\"\n            >\n                <svg\n                    width=\"20\"\n                    height=\"20\"\n                    viewBox=\"0 0 20 20\"\n                    fill=\"none\"\n                    xmlns=\"http:\/\/www.w3.org\/2000\/svg\"\n                >\n                    <path\n                        d=\"M14.7313 2.68748H17.238L11.763 8.88248L18.2038 17.3125H13.1597L9.20966 12.2L4.68966 17.3125H2.18299L8.03883 10.6866L1.86133 2.68665H7.03216L10.603 7.35998L14.7322 2.68665L14.7313 2.68748ZM13.8522 15.8275H15.2405L6.27716 4.09415H4.78716L13.8522 15.8275Z\"\n                        fill=\"white\"\n                    \/>\n                <\/svg>\n            <\/a>\n        <\/li>\n        <li>\n            <a\n                href=\"https:\/\/www.linkedin.com\/sharing\/share-offsite\/?url=https%3A%2F%2Fwww.railbaltica.org%2Flv%2Fjaunumi%2Frail-baltica-komanda-tiekas-ar-vadosajiem-vacijas-dzelzcela-industrijas-uznemumiem%2F\"\n                target=\"_blank\"\n                rel=\"noopener noreferrer\"\n                aria-label=\"Share on LinkedIn\"\n                class=\"transition-opacity hover:opacity-75\"\n            >\n                <svg\n                    width=\"20\"\n                    height=\"20\"\n                    viewBox=\"0 0 20 20\"\n                    fill=\"none\"\n                    xmlns=\"http:\/\/www.w3.org\/2000\/svg\"\n                >\n                    <path\n                        d=\"M18.4097 0.000139829H1.46998C1.27956 -0.00250476 1.09049 0.0323869 0.913553 0.102822C0.73662 0.173257 0.575295 0.277857 0.438791 0.410646C0.302287 0.543436 0.193279 0.701814 0.11799 0.876737C0.0427018 1.05166 0.00260836 1.2397 0 1.43012V18.5699C0.00260836 18.7603 0.0427018 18.9483 0.11799 19.1233C0.193279 19.2982 0.302287 19.4566 0.438791 19.5894C0.575295 19.7221 0.73662 19.8267 0.913553 19.8972C1.09049 19.9676 1.27956 20.0025 1.46998 19.9999H18.4097C18.6002 20.0025 18.7892 19.9676 18.9662 19.8972C19.1431 19.8267 19.3044 19.7221 19.4409 19.5894C19.5774 19.4566 19.6864 19.2982 19.7617 19.1233C19.837 18.9483 19.8771 18.7603 19.8797 18.5699V1.43012C19.8771 1.2397 19.837 1.05166 19.7617 0.876737C19.6864 0.701814 19.5774 0.543436 19.4409 0.410646C19.3044 0.277857 19.1431 0.173257 18.9662 0.102822C18.7892 0.0323869 18.6002 -0.00250476 18.4097 0.000139829ZM6.02992 16.7399H3.02996V7.74003H6.02992V16.7399ZM4.52994 6.48005C4.1162 6.48005 3.71942 6.31569 3.42687 6.02314C3.13431 5.73059 2.96996 5.3338 2.96996 4.92007C2.96996 4.50634 3.13431 4.10955 3.42687 3.817C3.71942 3.52445 4.1162 3.36009 4.52994 3.36009C4.74963 3.33518 4.97211 3.35695 5.1828 3.42398C5.3935 3.491 5.58766 3.60178 5.75258 3.74905C5.91749 3.89632 6.04944 4.07676 6.13979 4.27856C6.23013 4.48036 6.27683 4.69897 6.27683 4.92007C6.27683 5.14117 6.23013 5.35978 6.13979 5.56158C6.04944 5.76338 5.91749 5.94382 5.75258 6.09109C5.58766 6.23836 5.3935 6.34914 5.1828 6.41617C4.97211 6.48319 4.74963 6.50496 4.52994 6.48005ZM16.8498 16.7399H13.8498V11.91C13.8498 10.7 13.4198 9.91 12.3298 9.91C11.9925 9.91247 11.664 10.0183 11.3887 10.2132C11.1133 10.4081 10.9043 10.6827 10.7899 11C10.7116 11.235 10.6777 11.4826 10.6899 11.73V16.7299H7.68989V7.73003H10.6899V9.00001C10.9624 8.52713 11.3587 8.13755 11.8363 7.87323C12.3138 7.60892 12.8544 7.47989 13.3998 7.50003C15.3998 7.50003 16.8498 8.79002 16.8498 11.56V16.7399Z\"\n                        fill=\"white\"\n                    \/>\n                <\/svg>\n            <\/a>\n        <\/li>\n        <li>\n            <button\n                type=\"button\"\n                class=\"copy-url-btn relative my-auto flex transition-opacity hover:opacity-75\"\n                data-url=\"https:\/\/www.railbaltica.org\/lv\/jaunumi\/rail-baltica-komanda-tiekas-ar-vadosajiem-vacijas-dzelzcela-industrijas-uznemumiem\/\"\n            >\n                <svg\n                    width=\"21\"\n                    height=\"21\"\n                    viewBox=\"0 0 21 21\"\n                    fill=\"none\"\n                    xmlns=\"http:\/\/www.w3.org\/2000\/svg\"\n                >\n                    <path\n                        d=\"M10.5205 20C15.7661 20 20 15.7455 20 10.4795C20 5.23392 15.7661 1 10.5205 1M10.5205 20C5.25446 20 1 15.7455 1 10.4795C1 5.23392 5.25446 1 10.5205 1M10.5205 20V1M18.7429 5.75H2.26324M18.7958 15.1345H2.21035M1.05135 10.5H19.9486M10.5103 20C13.1333 20 15.25 15.7455 15.25 10.4795C15.25 5.23392 13.1333 1 10.5103 1C7.87697 1 5.75 5.23392 5.75 10.4795C5.75 15.7455 7.87697 20 10.5103 20Z\"\n                        stroke=\"white\"\n                        stroke-linecap=\"round\"\n                        stroke-linejoin=\"round\"\n                    \/>\n                <\/svg>\n                <span\n                    class=\"absolute hidden translate-x-[-10px] translate-y-[30px]\"\n                >Copied!<\/span>\n            <\/button>\n        <\/li>\n    <\/ul>\n<\/div>\n\n                                    <time\n                        datetime=\"\"\n                        class=\"mb-2.5 flex text-xl text-blue\"\n                    >\n                        26.09.2023\n                    <\/time>\n                \n                                    <h1 class='h1 max-w-198'>\n            Rail Baltica komanda tiekas ar vado\u0161ajiem V\u0101cijas dzelzce\u013ca industrijas uz\u0146\u0113mumiem\n        <\/h1>\n                \n                            <\/div>\n        <\/div>\n    <\/section>\n\n<section\n    class=\"overflow-hidden py-5 md:pt-10 md:pb-5 align wp-block-excerpt-block\"\n>\n    <div\n        class=\"container relative flex flex-col items-start z-10 md:text-xl lg:!px-4\"\n    >\n                    <div\n                class=\"textual w-full text-dark text-xl lg:px-12 md:mx-auto md:max-w-222 md:text-xl\"\n            >\n                Lai iepaz\u012bstin\u0101tu ar pla\u0161u dzelzce\u013ca un transporta nozares produktu un risin\u0101jumu kl\u0101stu, R\u012bg\u0101 un Vi\u013c\u0146\u0101 norisin\u0101s \u201cV\u0101cijas dzelzce\u013ca tirdzniec\u012bbas misija Baltijas valst\u012bs\u201d.\n            <\/div>\n            <\/div>\n<\/section>\n<section\n    class=\"py-5 md:py-10 align wp-block-textual-block\"\n>\n    <div\n        class=\"container\"\n    >\n        <div\n            class=\"textual w-full text-xl text-dark break-words [&#038;_span]:!text-dark [&#038;_a]:!text-dark\"\n        >\n                            <p><strong><\/strong><\/p>\n<p>Otrdien, 26. septembr\u012b, Satiksmes ministrijas un Rail Baltica projekta ievies\u0113ji tik\u0101s ar vado\u0161ajiem V\u0101cijas dzelzce\u013ca industrijas uz\u0146\u0113mumiem un sniedza ieskatu Latvijas dzelzce\u013ca nozar\u0113, k\u0101 ar\u012b dal\u012bj\u0101s pieredz\u0113 par topo\u0161\u0101 Eiropas slie\u017eu platuma dzelzce\u013ca ievie\u0161anu.<\/p>\n<p>Ar V\u0101cijas uz\u0146\u0113m\u0113jiem tik\u0101s Satiksmes ministrijas Dzelzce\u013ca politikas un infrastrukt\u016bras departamenta vad\u012bt\u0101js K\u0101rlis E\u0146\u0123elis, savuk\u0101rt projekta ievies\u0113jus p\u0101rst\u0101v\u0113ja uz\u0146\u0113muma Eiropas Dzelzce\u013ca l\u012bnijas valdes loceklis Arnis Staltmanis, Rail Baltica centr\u0101l\u0101s stacijas projektu vad\u012bt\u0101ja Anita R\u016bdule-Jansone un RB Rail Tehniskais direktors Latvij\u0101 \u0112riks Di\u013cevs.<\/p>\n<p>V\u0101cija ir Latvijai noz\u012bm\u012bgs partneris Rail Baltica projekta \u012bsteno\u0161an\u0101. \u0160obr\u012bd projekt\u0101 piedal\u0101s septi\u0146i V\u0101cijas uz\u0146\u0113mumi, kas nodro\u0161ina b\u016bvprojekt\u0113\u0161anas un tehnisk\u0101s ekspert\u012bzes, k\u0101 ar\u012b topo\u0161\u0101s dzelzce\u013ca infrastrukt\u016bras ekspluat\u0101cijas un p\u0101rvad\u0101jumu konsultanta pakalpojumus.<\/p>\n\n                    <\/div>\n    <\/div>\n<\/section>\n\n\n<section\n    class=\"overflow-hidden py-5 align wp-block-image-grid-block !pt-[0] !pb-[0]\"\n>\n    <div\n        class=\"container relative flex flex-col items-start z-10\"\n    >\n        <div\n            class=\"grid w-full gap-3 md:grid-cols-2 md:gap-5 md:grid-cols-3 lg:px-12\"\n        >\n                                                <div\n                        class=\"relative z-10 flex h-full w-full flex-col text-center\"\n                    >\n                        <img decoding=\"async\"\n        src=\"https:\/\/www.railbaltica.org\/wp-content\/uploads\/2025\/08\/IMG_7241-scaled-1.jpg\"\n        alt=\"IMG_7241-scaled\"\n         title=\"IMG_7241-scaled\"         class=\"block z-20 !relative h-80 object-cover\"\n        loading=\"lazy\"\n    \/>\n                                            <\/div>\n                                                                <div\n                        class=\"relative z-10 flex h-full w-full flex-col text-center\"\n                    >\n                        <img decoding=\"async\"\n        src=\"https:\/\/www.railbaltica.org\/wp-content\/uploads\/2025\/08\/IMG_7274-scaled-1.jpg\"\n        alt=\"IMG_7274-scaled\"\n         title=\"IMG_7274-scaled\"         class=\"block z-20 !relative h-80 object-cover\"\n        loading=\"lazy\"\n    \/>\n                                            <\/div>\n                                                                <div\n                        class=\"relative z-10 flex h-full w-full flex-col text-center\"\n                    >\n                        <img decoding=\"async\"\n        src=\"https:\/\/www.railbaltica.org\/wp-content\/uploads\/2025\/08\/IMG_7286-scaled-1.jpg\"\n        alt=\"IMG_7286-scaled\"\n         title=\"IMG_7286-scaled\"         class=\"block z-20 !relative h-80 object-cover\"\n        loading=\"lazy\"\n    \/>\n                                            <\/div>\n                                                                <div\n                        class=\"relative z-10 flex h-full w-full flex-col text-center\"\n                    >\n                        <img decoding=\"async\"\n        src=\"https:\/\/www.railbaltica.org\/wp-content\/uploads\/2025\/08\/kopbilde-scaled-1.jpg\"\n        alt=\"kopbilde-scaled\"\n         title=\"kopbilde-scaled\"         class=\"block z-20 !relative h-80 object-cover\"\n        loading=\"lazy\"\n    \/>\n                                            <\/div>\n                                    <\/div>\n    <\/div>\n<\/section>\n\n\n<section\n    class=\"py-5 md:py-10 align wp-block-textual-block\"\n>\n    <div\n        class=\"container\"\n    >\n        <div\n            class=\"textual w-full text-xl text-dark break-words [&#038;_span]:!text-dark [&#038;_a]:!text-dark\"\n        >\n                            <p>Viz\u012btes nosl\u0113gum\u0101 V\u0101cijas uz\u0146\u0113m\u0113ji iepazin\u0101s ar aktu\u0101lajiem b\u016bvdarbiem Rail Baltica R\u012bgas Centr\u0101laj\u0101 dzelzce\u013ca mezgl\u0101 un p\u0101rrun\u0101ja projekta \u012bsteno\u0161anas gaitu Latvij\u0101.<\/p>\n<p>\u201cV\u0101cijas dzelzce\u013ca tirdzniec\u012bbas misiju Baltijas valst\u012bs\u201d organiz\u0113 uz\u0146\u0113mums AHP International sadarb\u012bb\u0101 ar Gateway&amp;Partners.<\/p>\n\n                    <\/div>\n    <\/div>\n<\/section>\n\n\n\n<section\n    class=\"overflow-hidden py-5 md:pt-5 md:pb-10 align wp-block-button-cta-block !pt-[0]\"\n>\n    <div\n        class=\"container w-full relative flex flex-col items-start z-10\"\n    >\n        <div\n            class=\"w-full border-t border-dark pt-5 mt-4 md:mt-5 md:pt-10\"\n        >\n        <\/div>\n\n                    <a\n        href=\"\/lv\/zinas\/\"\n                class=\"btn-outline-dark mx-auto\"\n    >\n        \n        Atpaka\u013c zi\u0146\u0101m\n        \n        \n    <\/a>\n            <\/div>\n<\/section>\n","protected":false},"excerpt":{"rendered":"<p>Lai iepaz\u012bstin\u0101tu ar pla\u0161u dzelzce\u013ca un transporta nozares produktu un risin\u0101jumu kl\u0101stu, R\u012bg\u0101 un Vi\u013c\u0146\u0101 norisin\u0101s \u201cV\u0101cijas dzelzce\u013ca tirdzniec\u012bbas misija Baltijas valst\u012bs\u201d.<\/p>\n","protected":false},"featured_media":14353,"template":"","news_category":[412,684,406,610],"class_list":["post-14349","news","type-news","status-publish","has-post-thumbnail","hentry","news_category-ceftransport-lv","news_category-ceftransport-lv-4","news_category-rail-baltica-lv","news_category-vacija"],"acf":[],"yoast_head":"<!-- This site is optimized with the Yoast SEO plugin v27.5 - https:\/\/yoast.com\/product\/yoast-seo-wordpress\/ -->\n<title>Rail Baltica komanda tiekas ar vado\u0161ajiem V\u0101cijas dzelzce\u013ca industrijas uz\u0146\u0113mumiem - RB<\/title>\n<meta name=\"robots\" content=\"index, follow, max-snippet:-1, max-image-preview:large, max-video-preview:-1\" \/>\n<link rel=\"canonical\" href=\"https:\/\/www.railbaltica.org\/jaunumi\/the-german-railway-trade-mission-in-the-baltic-states-meets-with-rail-baltica\/\" \/>\n<meta property=\"og:locale\" content=\"lv_LV\" \/>\n<meta property=\"og:type\" content=\"article\" \/>\n<meta property=\"og:title\" content=\"Rail Baltica komanda tiekas ar vado\u0161ajiem V\u0101cijas dzelzce\u013ca industrijas uz\u0146\u0113mumiem - RB\" \/>\n<meta property=\"og:description\" content=\"Lai iepaz\u012bstin\u0101tu ar pla\u0161u dzelzce\u013ca un transporta nozares produktu un risin\u0101jumu kl\u0101stu, R\u012bg\u0101 un Vi\u013c\u0146\u0101 norisin\u0101s \u201cV\u0101cijas dzelzce\u013ca tirdzniec\u012bbas misija Baltijas valst\u012bs\u201d.\" \/>\n<meta property=\"og:url\" content=\"https:\/\/www.railbaltica.org\/jaunumi\/the-german-railway-trade-mission-in-the-baltic-states-meets-with-rail-baltica\/\" \/>\n<meta property=\"og:site_name\" content=\"RB\" \/>\n<meta property=\"article:modified_time\" content=\"2025-08-20T07:19:09+00:00\" \/>\n<meta property=\"og:image\" content=\"https:\/\/www.railbaltica.org\/wp-content\/uploads\/2025\/07\/kopbilde-1-scaled.jpg\" \/>\n\t<meta property=\"og:image:width\" content=\"2560\" \/>\n\t<meta property=\"og:image:height\" content=\"1303\" \/>\n\t<meta property=\"og:image:type\" content=\"image\/jpeg\" \/>\n<meta name=\"twitter:card\" content=\"summary_large_image\" \/>\n<script type=\"application\/ld+json\" class=\"yoast-schema-graph\">{\"@context\":\"https:\\\/\\\/schema.org\",\"@graph\":[{\"@type\":\"WebPage\",\"@id\":\"https:\\\/\\\/www.railbaltica.org\\\/jaunumi\\\/the-german-railway-trade-mission-in-the-baltic-states-meets-with-rail-baltica\\\/\",\"url\":\"https:\\\/\\\/www.railbaltica.org\\\/jaunumi\\\/the-german-railway-trade-mission-in-the-baltic-states-meets-with-rail-baltica\\\/\",\"name\":\"Rail Baltica komanda tiekas ar vado\u0161ajiem V\u0101cijas dzelzce\u013ca industrijas uz\u0146\u0113mumiem - RB\",\"isPartOf\":{\"@id\":\"https:\\\/\\\/www.railbaltica.org\\\/#website\"},\"primaryImageOfPage\":{\"@id\":\"https:\\\/\\\/www.railbaltica.org\\\/jaunumi\\\/the-german-railway-trade-mission-in-the-baltic-states-meets-with-rail-baltica\\\/#primaryimage\"},\"image\":{\"@id\":\"https:\\\/\\\/www.railbaltica.org\\\/jaunumi\\\/the-german-railway-trade-mission-in-the-baltic-states-meets-with-rail-baltica\\\/#primaryimage\"},\"thumbnailUrl\":\"https:\\\/\\\/www.railbaltica.org\\\/wp-content\\\/uploads\\\/2025\\\/07\\\/kopbilde-1-scaled.jpg\",\"datePublished\":\"2023-09-26T10:24:37+00:00\",\"dateModified\":\"2025-08-20T07:19:09+00:00\",\"breadcrumb\":{\"@id\":\"https:\\\/\\\/www.railbaltica.org\\\/jaunumi\\\/the-german-railway-trade-mission-in-the-baltic-states-meets-with-rail-baltica\\\/#breadcrumb\"},\"inLanguage\":\"lv-LV\",\"potentialAction\":[{\"@type\":\"ReadAction\",\"target\":[\"https:\\\/\\\/www.railbaltica.org\\\/jaunumi\\\/the-german-railway-trade-mission-in-the-baltic-states-meets-with-rail-baltica\\\/\"]}]},{\"@type\":\"ImageObject\",\"inLanguage\":\"lv-LV\",\"@id\":\"https:\\\/\\\/www.railbaltica.org\\\/jaunumi\\\/the-german-railway-trade-mission-in-the-baltic-states-meets-with-rail-baltica\\\/#primaryimage\",\"url\":\"https:\\\/\\\/www.railbaltica.org\\\/wp-content\\\/uploads\\\/2025\\\/07\\\/kopbilde-1-scaled.jpg\",\"contentUrl\":\"https:\\\/\\\/www.railbaltica.org\\\/wp-content\\\/uploads\\\/2025\\\/07\\\/kopbilde-1-scaled.jpg\",\"width\":2560,\"height\":1303},{\"@type\":\"BreadcrumbList\",\"@id\":\"https:\\\/\\\/www.railbaltica.org\\\/jaunumi\\\/the-german-railway-trade-mission-in-the-baltic-states-meets-with-rail-baltica\\\/#breadcrumb\",\"itemListElement\":[{\"@type\":\"ListItem\",\"position\":1,\"name\":\"Home\",\"item\":\"https:\\\/\\\/www.railbaltica.org\\\/lv\\\/\"},{\"@type\":\"ListItem\",\"position\":2,\"name\":\"Rail Baltica komanda tiekas ar vado\u0161ajiem V\u0101cijas dzelzce\u013ca industrijas uz\u0146\u0113mumiem\"}]},{\"@type\":\"WebSite\",\"@id\":\"https:\\\/\\\/www.railbaltica.org\\\/#website\",\"url\":\"https:\\\/\\\/www.railbaltica.org\\\/\",\"name\":\"RB\",\"description\":\"\",\"potentialAction\":[{\"@type\":\"SearchAction\",\"target\":{\"@type\":\"EntryPoint\",\"urlTemplate\":\"https:\\\/\\\/www.railbaltica.org\\\/?s={search_term_string}\"},\"query-input\":{\"@type\":\"PropertyValueSpecification\",\"valueRequired\":true,\"valueName\":\"search_term_string\"}}],\"inLanguage\":\"lv-LV\"}]}<\/script>\n<!-- \/ Yoast SEO plugin. -->","yoast_head_json":{"title":"Rail Baltica komanda tiekas ar vado\u0161ajiem V\u0101cijas dzelzce\u013ca industrijas uz\u0146\u0113mumiem - RB","robots":{"index":"index","follow":"follow","max-snippet":"max-snippet:-1","max-image-preview":"max-image-preview:large","max-video-preview":"max-video-preview:-1"},"canonical":"https:\/\/www.railbaltica.org\/jaunumi\/the-german-railway-trade-mission-in-the-baltic-states-meets-with-rail-baltica\/","og_locale":"lv_LV","og_type":"article","og_title":"Rail Baltica komanda tiekas ar vado\u0161ajiem V\u0101cijas dzelzce\u013ca industrijas uz\u0146\u0113mumiem - RB","og_description":"Lai iepaz\u012bstin\u0101tu ar pla\u0161u dzelzce\u013ca un transporta nozares produktu un risin\u0101jumu kl\u0101stu, R\u012bg\u0101 un Vi\u013c\u0146\u0101 norisin\u0101s \u201cV\u0101cijas dzelzce\u013ca tirdzniec\u012bbas misija Baltijas valst\u012bs\u201d.","og_url":"https:\/\/www.railbaltica.org\/jaunumi\/the-german-railway-trade-mission-in-the-baltic-states-meets-with-rail-baltica\/","og_site_name":"RB","article_modified_time":"2025-08-20T07:19:09+00:00","og_image":[{"width":2560,"height":1303,"url":"https:\/\/www.railbaltica.org\/wp-content\/uploads\/2025\/07\/kopbilde-1-scaled.jpg","type":"image\/jpeg"}],"twitter_card":"summary_large_image","schema":{"@context":"https:\/\/schema.org","@graph":[{"@type":"WebPage","@id":"https:\/\/www.railbaltica.org\/jaunumi\/the-german-railway-trade-mission-in-the-baltic-states-meets-with-rail-baltica\/","url":"https:\/\/www.railbaltica.org\/jaunumi\/the-german-railway-trade-mission-in-the-baltic-states-meets-with-rail-baltica\/","name":"Rail Baltica komanda tiekas ar vado\u0161ajiem V\u0101cijas dzelzce\u013ca industrijas uz\u0146\u0113mumiem - RB","isPartOf":{"@id":"https:\/\/www.railbaltica.org\/#website"},"primaryImageOfPage":{"@id":"https:\/\/www.railbaltica.org\/jaunumi\/the-german-railway-trade-mission-in-the-baltic-states-meets-with-rail-baltica\/#primaryimage"},"image":{"@id":"https:\/\/www.railbaltica.org\/jaunumi\/the-german-railway-trade-mission-in-the-baltic-states-meets-with-rail-baltica\/#primaryimage"},"thumbnailUrl":"https:\/\/www.railbaltica.org\/wp-content\/uploads\/2025\/07\/kopbilde-1-scaled.jpg","datePublished":"2023-09-26T10:24:37+00:00","dateModified":"2025-08-20T07:19:09+00:00","breadcrumb":{"@id":"https:\/\/www.railbaltica.org\/jaunumi\/the-german-railway-trade-mission-in-the-baltic-states-meets-with-rail-baltica\/#breadcrumb"},"inLanguage":"lv-LV","potentialAction":[{"@type":"ReadAction","target":["https:\/\/www.railbaltica.org\/jaunumi\/the-german-railway-trade-mission-in-the-baltic-states-meets-with-rail-baltica\/"]}]},{"@type":"ImageObject","inLanguage":"lv-LV","@id":"https:\/\/www.railbaltica.org\/jaunumi\/the-german-railway-trade-mission-in-the-baltic-states-meets-with-rail-baltica\/#primaryimage","url":"https:\/\/www.railbaltica.org\/wp-content\/uploads\/2025\/07\/kopbilde-1-scaled.jpg","contentUrl":"https:\/\/www.railbaltica.org\/wp-content\/uploads\/2025\/07\/kopbilde-1-scaled.jpg","width":2560,"height":1303},{"@type":"BreadcrumbList","@id":"https:\/\/www.railbaltica.org\/jaunumi\/the-german-railway-trade-mission-in-the-baltic-states-meets-with-rail-baltica\/#breadcrumb","itemListElement":[{"@type":"ListItem","position":1,"name":"Home","item":"https:\/\/www.railbaltica.org\/lv\/"},{"@type":"ListItem","position":2,"name":"Rail Baltica komanda tiekas ar vado\u0161ajiem V\u0101cijas dzelzce\u013ca industrijas uz\u0146\u0113mumiem"}]},{"@type":"WebSite","@id":"https:\/\/www.railbaltica.org\/#website","url":"https:\/\/www.railbaltica.org\/","name":"RB","description":"","potentialAction":[{"@type":"SearchAction","target":{"@type":"EntryPoint","urlTemplate":"https:\/\/www.railbaltica.org\/?s={search_term_string}"},"query-input":{"@type":"PropertyValueSpecification","valueRequired":true,"valueName":"search_term_string"}}],"inLanguage":"lv-LV"}]}},"_links":{"self":[{"href":"https:\/\/www.railbaltica.org\/lv\/wp-json\/wp\/v2\/news\/14349","targetHints":{"allow":["GET"]}}],"collection":[{"href":"https:\/\/www.railbaltica.org\/lv\/wp-json\/wp\/v2\/news"}],"about":[{"href":"https:\/\/www.railbaltica.org\/lv\/wp-json\/wp\/v2\/types\/news"}],"wp:featuredmedia":[{"embeddable":true,"href":"https:\/\/www.railbaltica.org\/lv\/wp-json\/wp\/v2\/media\/14353"}],"wp:attachment":[{"href":"https:\/\/www.railbaltica.org\/lv\/wp-json\/wp\/v2\/media?parent=14349"}],"wp:term":[{"taxonomy":"news_category","embeddable":true,"href":"https:\/\/www.railbaltica.org\/lv\/wp-json\/wp\/v2\/news_category?post=14349"}],"curies":[{"name":"wp","href":"https:\/\/api.w.org\/{rel}","templated":true}]}}