{"id":14343,"date":"2023-09-22T11:45:38","date_gmt":"2023-09-22T11:45:38","guid":{"rendered":"https:\/\/www.railbaltica.org\/news\/starptautiskas-dzelzcelu-savienibas-uic-eiropas-regiona-vadibas-komiteja-tiekas-ar-rail-baltica-parstavjiem\/"},"modified":"2025-08-20T07:19:10","modified_gmt":"2025-08-20T07:19:10","slug":"starptautiskas-dzelzcelu-savienibas-uic-eiropas-regiona-vadibas-komiteja-tiekas-ar-rail-baltica-parstavjiem","status":"publish","type":"news","link":"https:\/\/www.railbaltica.org\/lv\/jaunumi\/starptautiskas-dzelzcelu-savienibas-uic-eiropas-regiona-vadibas-komiteja-tiekas-ar-rail-baltica-parstavjiem\/","title":{"rendered":"Starptautisk\u0101s dzelzce\u013cu savien\u012bbas UIC Eiropas re\u0123iona vad\u012bbas komiteja tiekas ar Rail Baltica p\u0101rst\u0101vjiem"},"content":{"rendered":"<section\n    class=\"align wp-block-hero-page-block relative flex overflow-hidden z-10 mt-20 md:mt-52\"\n>\n            <div\n            class=\"container md:!px-14\"\n        >\n            <div\n                class=\"bg-dark text-white rounded p-4 md:p-10\"\n            >\n                                <div\n    class=\"flex justify-between border-t pt-2.5 my-5 text-sm\"\n>\n    <span>Dalies ar jaunumiem\n<\/span>\n    <ul\n        class=\"flex items-center gap-5\"\n    >\n        <li>\n            <a\n                href=\"https:\/\/www.facebook.com\/sharer\/sharer.php?u=https%3A%2F%2Fwww.railbaltica.org%2Flv%2Fjaunumi%2Fstarptautiskas-dzelzcelu-savienibas-uic-eiropas-regiona-vadibas-komiteja-tiekas-ar-rail-baltica-parstavjiem%2F\"\n                target=\"_blank\"\n                rel=\"noopener noreferrer\"\n                aria-label=\"Share on Facebook\"\n                class=\"transition-opacity hover:opacity-75\"\n            >\n                <svg\n                    width=\"20\"\n                    height=\"20\"\n                    viewBox=\"0 0 20 20\"\n                    fill=\"none\"\n                    xmlns=\"http:\/\/www.w3.org\/2000\/svg\"\n                >\n                    <path\n                        d=\"M7.5 6.66667H5V10H7.5V20H11.6667V10H14.7017L15 6.66667H11.6667V5.2775C11.6667 4.48167 11.8267 4.16667 12.5958 4.16667H15V0H11.8267C8.83 0 7.5 1.31917 7.5 3.84583V6.66667Z\"\n                        fill=\"white\"\n                    \/>\n                <\/svg>\n            <\/a>\n        <\/li>\n        <li>\n            <a\n                href=\"https:\/\/twitter.com\/intent\/tweet?url=https%3A%2F%2Fwww.railbaltica.org%2Flv%2Fjaunumi%2Fstarptautiskas-dzelzcelu-savienibas-uic-eiropas-regiona-vadibas-komiteja-tiekas-ar-rail-baltica-parstavjiem%2F&amp;text=Starptautisk%C4%81s+dzelzce%C4%BCu+savien%C4%ABbas+UIC+Eiropas+re%C4%A3iona+vad%C4%ABbas+komiteja+tiekas+ar+Rail+Baltica+p%C4%81rst%C4%81vjiem\"\n                target=\"_blank\"\n                rel=\"noopener noreferrer\"\n                aria-label=\"Share on Twitter\"\n                class=\"transition-opacity hover:opacity-75\"\n            >\n                <svg\n                    width=\"20\"\n                    height=\"20\"\n                    viewBox=\"0 0 20 20\"\n                    fill=\"none\"\n                    xmlns=\"http:\/\/www.w3.org\/2000\/svg\"\n                >\n                    <path\n                        d=\"M14.7313 2.68748H17.238L11.763 8.88248L18.2038 17.3125H13.1597L9.20966 12.2L4.68966 17.3125H2.18299L8.03883 10.6866L1.86133 2.68665H7.03216L10.603 7.35998L14.7322 2.68665L14.7313 2.68748ZM13.8522 15.8275H15.2405L6.27716 4.09415H4.78716L13.8522 15.8275Z\"\n                        fill=\"white\"\n                    \/>\n                <\/svg>\n            <\/a>\n        <\/li>\n        <li>\n            <a\n                href=\"https:\/\/www.linkedin.com\/sharing\/share-offsite\/?url=https%3A%2F%2Fwww.railbaltica.org%2Flv%2Fjaunumi%2Fstarptautiskas-dzelzcelu-savienibas-uic-eiropas-regiona-vadibas-komiteja-tiekas-ar-rail-baltica-parstavjiem%2F\"\n                target=\"_blank\"\n                rel=\"noopener noreferrer\"\n                aria-label=\"Share on LinkedIn\"\n                class=\"transition-opacity hover:opacity-75\"\n            >\n                <svg\n                    width=\"20\"\n                    height=\"20\"\n                    viewBox=\"0 0 20 20\"\n                    fill=\"none\"\n                    xmlns=\"http:\/\/www.w3.org\/2000\/svg\"\n                >\n                    <path\n                        d=\"M18.4097 0.000139829H1.46998C1.27956 -0.00250476 1.09049 0.0323869 0.913553 0.102822C0.73662 0.173257 0.575295 0.277857 0.438791 0.410646C0.302287 0.543436 0.193279 0.701814 0.11799 0.876737C0.0427018 1.05166 0.00260836 1.2397 0 1.43012V18.5699C0.00260836 18.7603 0.0427018 18.9483 0.11799 19.1233C0.193279 19.2982 0.302287 19.4566 0.438791 19.5894C0.575295 19.7221 0.73662 19.8267 0.913553 19.8972C1.09049 19.9676 1.27956 20.0025 1.46998 19.9999H18.4097C18.6002 20.0025 18.7892 19.9676 18.9662 19.8972C19.1431 19.8267 19.3044 19.7221 19.4409 19.5894C19.5774 19.4566 19.6864 19.2982 19.7617 19.1233C19.837 18.9483 19.8771 18.7603 19.8797 18.5699V1.43012C19.8771 1.2397 19.837 1.05166 19.7617 0.876737C19.6864 0.701814 19.5774 0.543436 19.4409 0.410646C19.3044 0.277857 19.1431 0.173257 18.9662 0.102822C18.7892 0.0323869 18.6002 -0.00250476 18.4097 0.000139829ZM6.02992 16.7399H3.02996V7.74003H6.02992V16.7399ZM4.52994 6.48005C4.1162 6.48005 3.71942 6.31569 3.42687 6.02314C3.13431 5.73059 2.96996 5.3338 2.96996 4.92007C2.96996 4.50634 3.13431 4.10955 3.42687 3.817C3.71942 3.52445 4.1162 3.36009 4.52994 3.36009C4.74963 3.33518 4.97211 3.35695 5.1828 3.42398C5.3935 3.491 5.58766 3.60178 5.75258 3.74905C5.91749 3.89632 6.04944 4.07676 6.13979 4.27856C6.23013 4.48036 6.27683 4.69897 6.27683 4.92007C6.27683 5.14117 6.23013 5.35978 6.13979 5.56158C6.04944 5.76338 5.91749 5.94382 5.75258 6.09109C5.58766 6.23836 5.3935 6.34914 5.1828 6.41617C4.97211 6.48319 4.74963 6.50496 4.52994 6.48005ZM16.8498 16.7399H13.8498V11.91C13.8498 10.7 13.4198 9.91 12.3298 9.91C11.9925 9.91247 11.664 10.0183 11.3887 10.2132C11.1133 10.4081 10.9043 10.6827 10.7899 11C10.7116 11.235 10.6777 11.4826 10.6899 11.73V16.7299H7.68989V7.73003H10.6899V9.00001C10.9624 8.52713 11.3587 8.13755 11.8363 7.87323C12.3138 7.60892 12.8544 7.47989 13.3998 7.50003C15.3998 7.50003 16.8498 8.79002 16.8498 11.56V16.7399Z\"\n                        fill=\"white\"\n                    \/>\n                <\/svg>\n            <\/a>\n        <\/li>\n        <li>\n            <button\n                type=\"button\"\n                class=\"copy-url-btn relative my-auto flex transition-opacity hover:opacity-75\"\n                data-url=\"https:\/\/www.railbaltica.org\/lv\/jaunumi\/starptautiskas-dzelzcelu-savienibas-uic-eiropas-regiona-vadibas-komiteja-tiekas-ar-rail-baltica-parstavjiem\/\"\n            >\n                <svg\n                    width=\"21\"\n                    height=\"21\"\n                    viewBox=\"0 0 21 21\"\n                    fill=\"none\"\n                    xmlns=\"http:\/\/www.w3.org\/2000\/svg\"\n                >\n                    <path\n                        d=\"M10.5205 20C15.7661 20 20 15.7455 20 10.4795C20 5.23392 15.7661 1 10.5205 1M10.5205 20C5.25446 20 1 15.7455 1 10.4795C1 5.23392 5.25446 1 10.5205 1M10.5205 20V1M18.7429 5.75H2.26324M18.7958 15.1345H2.21035M1.05135 10.5H19.9486M10.5103 20C13.1333 20 15.25 15.7455 15.25 10.4795C15.25 5.23392 13.1333 1 10.5103 1C7.87697 1 5.75 5.23392 5.75 10.4795C5.75 15.7455 7.87697 20 10.5103 20Z\"\n                        stroke=\"white\"\n                        stroke-linecap=\"round\"\n                        stroke-linejoin=\"round\"\n                    \/>\n                <\/svg>\n                <span\n                    class=\"absolute hidden translate-x-[-10px] translate-y-[30px]\"\n                >Copied!<\/span>\n            <\/button>\n        <\/li>\n    <\/ul>\n<\/div>\n\n                                    <time\n                        datetime=\"\"\n                        class=\"mb-2.5 flex text-xl text-blue\"\n                    >\n                        22.09.2023\n                    <\/time>\n                \n                                    <h1 class='h1 max-w-198'>\n            Starptautisk\u0101s dzelzce\u013cu savien\u012bbas UIC Eiropas re\u0123iona vad\u012bbas komiteja tiekas ar Rail Baltica p\u0101rst\u0101vjiem\n        <\/h1>\n                \n                            <\/div>\n        <\/div>\n    <\/section>\n\n<section\n    class=\"overflow-hidden py-5 md:pt-10 md:pb-5 align wp-block-excerpt-block\"\n>\n    <div\n        class=\"container relative flex flex-col items-start z-10 md:text-xl lg:!px-4\"\n    >\n                    <div\n                class=\"textual w-full text-dark text-xl lg:px-12 md:mx-auto md:max-w-222 md:text-xl\"\n            >\n                \u0160.g. 20. septembr\u012b Starptautisk\u0101s dzelzce\u013cu savien\u012bbas (UIC) vad\u012bbas komitejas p\u0101rst\u0101vji tik\u0101s ar Rail Baltica glob\u0101l\u0101 projekta ievies\u0113jorganiz\u0101cij\u0101m \u00a0un ekspertiem, lai iepaz\u012btos ar Rail Baltica ievie\u0161anas progresu un p\u0101rrun\u0101tu turpm\u0101k\u0101s sadarb\u012bbas iesp\u0113jas. Ar starptautiskajiem kol\u0113\u0123iem tik\u0101s \u00a0Rail Baltica kopuz\u0146\u0113muma RB Rail AS un nacion\u0101l\u0101 projekta ievies\u0113ja Latvij\u0101 \u201cEiropas Dzelzce\u013ca l\u012bnijas\u201d p\u0101rst\u0101vji.\n            <\/div>\n            <\/div>\n<\/section>\n<section\n    class=\"py-5 md:py-10 align wp-block-textual-block\"\n>\n    <div\n        class=\"container\"\n    >\n        <div\n            class=\"textual w-full text-xl text-dark break-words [&#038;_span]:!text-dark [&#038;_a]:!text-dark\"\n        >\n                            <p><strong><\/strong><\/p>\n<p>Baltijas valstu noz\u012bm\u012bg\u0101kais \u0101trgaitas dzelzce\u013ca infrastrukt\u016bras projekts Rail Baltica k\u013c\u016bs par b\u016btisku Zieme\u013cj\u016bras\u2013Baltijas j\u016bras koridora da\u013cu, pan\u0101kot piln\u012bgu Lietuvas, Latvijas un Igaunijas iek\u013cau\u0161anos vienotaj\u0101 Eiropas dzelzce\u013cu telp\u0101. T\u0101pat saska\u0146\u0101 ar Eiropas Savien\u012bbas Transporta, telekomunik\u0101ciju un ener\u0123\u0113tikas padomes pie\u0146emto nost\u0101ju rosin\u0101ts Rail Baltica iek\u013caut Baltijas j\u016bras\u2013Meln\u0101s j\u016bras\u2013Egejas j\u016bras Eiropas transporta koridor\u0101, n\u0101kotn\u0113 paredzot ar\u012b Rail Baltica savienojumu ar Ukrainu un Moldovu. Rail Baltica projekts iecer\u0113ts ne tikai k\u0101 vit\u0101li svar\u012bgs transporta savienojums, bet ar\u012b sp\u0113c\u012bgs pamats jauna ekonomikas un dro\u0161\u012bbas koridora veido\u0161anai m\u016bsu re\u0123ion\u0101 un Eiropas Savien\u012bb\u0101.<\/p>\n<p>\u201cRail Baltica sadarb\u012bbai ar Starptautisko dzelzce\u013cu savien\u012bbu l\u012bdz \u0161im ir bijusi noz\u012bm\u012bga loma, lai att\u012bst\u012btu un veicin\u0101tu glob\u0101l\u0101 projekta p\u0101rrobe\u017eu \u012bsteno\u0161anas aspektus, zin\u0101\u0161anu apmai\u0146u un sadarb\u012bbu ar starptautiskiem nozares ekspertiem, nodro\u0161inot, ka projekts atbilst starptautiskiem dzelzce\u013ca nozares standartiem un t\u0101 ievie\u0161an\u0101 seko lab\u0101kaj\u0101m praks\u0113m. Skaidrs apliecin\u0101jums tam ir, piem\u0113ram, Rail Baltica projekt\u0113\u0161anas \u00a0vadl\u012bnijas, kas ir pamats \u0161\u012b v\u0113rien\u012bg\u0101 p\u0101rrobe\u017eu infrastrukt\u016bras projekta ievie\u0161anai paral\u0113li tr\u012bs Baltijas valst\u012bs, apvienojot ekspertus un ieinteres\u0113t\u0101s puses no da\u017e\u0101diem re\u0123ioniem, lai risin\u0101tu kop\u012bgus izaicin\u0101jumus,\u201d sac\u012bja RB Rail AS tehniskais direktors <strong>\u0112riks Di\u013cevs<\/strong>.<\/p>\n\n                    <\/div>\n    <\/div>\n<\/section>\n\n\n<section\n    class=\"overflow-hidden py-5 align wp-block-image-grid-block !pt-[0] !pb-[0]\"\n>\n    <div\n        class=\"container relative flex flex-col items-start z-10\"\n    >\n        <div\n            class=\"grid w-full gap-3 md:grid-cols-2 md:gap-5 md:grid-cols-3 lg:px-12\"\n        >\n                                                <div\n                        class=\"relative z-10 flex h-full w-full flex-col text-center\"\n                    >\n                        <img decoding=\"async\"\n        src=\"https:\/\/www.railbaltica.org\/wp-content\/uploads\/2025\/07\/UIC-meets-Rail-Baltica-in-Riga_1-1.jpg\"\n        alt=\"UIC-meets-Rail-Baltica-in-Riga_1\"\n         title=\"UIC-meets-Rail-Baltica-in-Riga_1\"         class=\"block z-20 !relative h-80 object-cover\"\n        loading=\"lazy\"\n    \/>\n                                            <\/div>\n                                                                <div\n                        class=\"relative z-10 flex h-full w-full flex-col text-center\"\n                    >\n                        <img decoding=\"async\"\n        src=\"https:\/\/www.railbaltica.org\/wp-content\/uploads\/2025\/08\/UIC-meets-Rail-Baltica-in-Riga_11.jpg\"\n        alt=\"UIC-meets-Rail-Baltica-in-Riga_11\"\n         title=\"UIC-meets-Rail-Baltica-in-Riga_11\"         class=\"block z-20 !relative h-80 object-cover\"\n        loading=\"lazy\"\n    \/>\n                                            <\/div>\n                                                                <div\n                        class=\"relative z-10 flex h-full w-full flex-col text-center\"\n                    >\n                        <img decoding=\"async\"\n        src=\"https:\/\/www.railbaltica.org\/wp-content\/uploads\/2025\/08\/UIC-meets-Rail-Baltica-in-Riga_10.jpg\"\n        alt=\"UIC-meets-Rail-Baltica-in-Riga_10\"\n         title=\"UIC-meets-Rail-Baltica-in-Riga_10\"         class=\"block z-20 !relative h-80 object-cover\"\n        loading=\"lazy\"\n    \/>\n                                            <\/div>\n                                                                <div\n                        class=\"relative z-10 flex h-full w-full flex-col text-center\"\n                    >\n                        <img decoding=\"async\"\n        src=\"https:\/\/www.railbaltica.org\/wp-content\/uploads\/2025\/08\/UIC-meets-Rail-Baltica-in-Riga_14.jpg\"\n        alt=\"UIC-meets-Rail-Baltica-in-Riga_14\"\n         title=\"UIC-meets-Rail-Baltica-in-Riga_14\"         class=\"block z-20 !relative h-80 object-cover\"\n        loading=\"lazy\"\n    \/>\n                                            <\/div>\n                                                                <div\n                        class=\"relative z-10 flex h-full w-full flex-col text-center\"\n                    >\n                        <img decoding=\"async\"\n        src=\"https:\/\/www.railbaltica.org\/wp-content\/uploads\/2025\/08\/UIC-meets-Rail-Baltica-in-Riga_8.jpg\"\n        alt=\"UIC-meets-Rail-Baltica-in-Riga_8\"\n         title=\"UIC-meets-Rail-Baltica-in-Riga_8\"         class=\"block z-20 !relative h-80 object-cover\"\n        loading=\"lazy\"\n    \/>\n                                            <\/div>\n                                                                <div\n                        class=\"relative z-10 flex h-full w-full flex-col text-center\"\n                    >\n                        <img decoding=\"async\"\n        src=\"https:\/\/www.railbaltica.org\/wp-content\/uploads\/2025\/08\/UIC-meets-Rail-Baltica-in-Riga_15.jpg\"\n        alt=\"UIC-meets-Rail-Baltica-in-Riga_15\"\n         title=\"UIC-meets-Rail-Baltica-in-Riga_15\"         class=\"block z-20 !relative h-80 object-cover\"\n        loading=\"lazy\"\n    \/>\n                                            <\/div>\n                                    <\/div>\n    <\/div>\n<\/section>\n\n\n<section\n    class=\"py-5 md:py-10 align wp-block-textual-block\"\n>\n    <div\n        class=\"container\"\n    >\n        <div\n            class=\"textual w-full text-xl text-dark break-words [&#038;_span]:!text-dark [&#038;_a]:!text-dark\"\n        >\n                            <p>\u201cRun\u0101jot par at\u0161\u0137ir\u012bgo slie\u017eu ce\u013cu platumu da\u017e\u0101d\u0101s valst\u012bs, tostarp, Latvij\u0101, v\u0113los uzsv\u0113rt Rail Baltica projektu, kas ar Eiropas slie\u017eu platuma dzelzce\u013ca infrastrukt\u016bru savienos Baltiju ar p\u0101r\u0113jo Eiropu. Rail Baltica b\u016bs ar\u012b noz\u012bm\u012bgs gan pasa\u017eieru, gan kravu br\u012bvai mobilit\u0101tei. Tikpat svar\u012bgs dzelzce\u013c\u0161 ir ar\u012b valsts ilgtsp\u0113jai \u2013 m\u0113s redzam Ukrainas piem\u0113ru, kur dzelzce\u013cam ir milz\u012bga loma valstij sare\u017e\u0123\u012bt\u0101 situ\u0101cij\u0101 \u2013\u00a0\u00a0 ar\u012b tas ir viens no jaut\u0101jumiem, kas ir UIC dienas k\u0101rt\u012bb\u0101,\u201d sac\u012bja UIC Eiropas re\u0123iona koordinatore <strong>Sandra \u017deno<\/strong> (<em>Sandra Gehenot<\/em>).<\/p>\n<p>Rail Baltica komanda prezent\u0113ja projekta ievie\u0161anas progresu Latvij\u0101 un UIC p\u0101rst\u0101vjiem noorganiz\u0113ja Rail Baltica R\u012bgas Centr\u0101l\u0101 mezgla b\u016bvlaukuma apmekl\u0113jumu. \u201cP\u0113c pabeig\u0161anas \u0161is b\u016bs viens no lietot\u0101ju zi\u0146\u0101 liel\u0101kajiem un noz\u012bm\u012bg\u0101kajiem re\u0123iona multimod\u0101lajiem mezgliem. \u0160obr\u012bd jaun\u0101s dzelzce\u013ca stacijas izb\u016bv\u0113 uzs\u0101kts darbs pie jumta karkasa konstrukcijas izb\u016bves, kas v\u0113l skaidr\u0101k iez\u012bm\u0113s jaun\u0101s stacijas aprises,\u201d akcent\u0113 <strong>Marika Zadraka<\/strong>, Eiropas Dzelzce\u013ca l\u012bnijas starptautisk\u0101s sadarb\u012bbas vad\u012bt\u0101ja. \u201c\u0145emot v\u0113r\u0101 Eiropas vienot\u0101 transporta t\u012bkla koridoru p\u0101rskat\u012b\u0161anu un n\u0101kotnes savienojumu veido\u0161anu ar Ukrainu un Moldovu, Rail Baltica strat\u0113\u0123isk\u0101 noz\u012bme pieaug. N\u0101kotn\u0113 turpin\u0101sim sadarb\u012bbu starptautiskaj\u0101s platform\u0101s, veicinot dzelzce\u013ca sist\u0113mu savienojam\u012bbu un multimodalit\u0101ti.\u201d<\/p>\n\n                    <\/div>\n    <\/div>\n<\/section>\n\n\n<section\n    class=\"overflow-hidden py-5 align wp-block-image-grid-block !pt-[0] !pb-[0]\"\n>\n    <div\n        class=\"container relative flex flex-col items-start z-10\"\n    >\n        <div\n            class=\"grid w-full gap-3 md:grid-cols-2 md:gap-5 md:grid-cols-3 lg:px-12\"\n        >\n                                                <div\n                        class=\"relative z-10 flex h-full w-full flex-col text-center\"\n                    >\n                        <img decoding=\"async\"\n        src=\"https:\/\/www.railbaltica.org\/wp-content\/uploads\/2025\/08\/UIC-meets-Rail-Baltica-in-Riga_3.jpg\"\n        alt=\"UIC-meets-Rail-Baltica-in-Riga_3\"\n         title=\"UIC-meets-Rail-Baltica-in-Riga_3\"         class=\"block z-20 !relative h-80 object-cover\"\n        loading=\"lazy\"\n    \/>\n                                            <\/div>\n                                                                <div\n                        class=\"relative z-10 flex h-full w-full flex-col text-center\"\n                    >\n                        <img decoding=\"async\"\n        src=\"https:\/\/www.railbaltica.org\/wp-content\/uploads\/2025\/08\/UIC-meets-Rail-Baltica-in-Riga_4.jpg\"\n        alt=\"UIC-meets-Rail-Baltica-in-Riga_4\"\n         title=\"UIC-meets-Rail-Baltica-in-Riga_4\"         class=\"block z-20 !relative h-80 object-cover\"\n        loading=\"lazy\"\n    \/>\n                                            <\/div>\n                                    <\/div>\n    <\/div>\n<\/section>\n\n\n<section\n    class=\"py-5 md:py-10 align wp-block-textual-block\"\n>\n    <div\n        class=\"container\"\n    >\n        <div\n            class=\"textual w-full text-xl text-dark break-words [&#038;_span]:!text-dark [&#038;_a]:!text-dark\"\n        >\n                            <p>UIC ir starptautiska organiz\u0101cija, kas koordin\u0113 sadarb\u012bbu aktu\u0101lajos jaut\u0101jumos starp dzelzce\u013ciem pasaules l\u012bmen\u012b, veicinot dzelzce\u013cu sist\u0113mu saska\u0146otu darb\u012bbu. Organiz\u0101cija apvieno 194 biedrus no visas pasaules. UIC izstr\u0101d\u0101 standartus un veicina inov\u0101ciju att\u012bst\u012bbu dzelzce\u013c\u0101, t\u0101 galvenie jaut\u0101jumi ir finans\u0113jums infrastrukt\u016bras att\u012bst\u012bbai, dzelzce\u013cu digitaliz\u0101cija un \u0113rta, savienota mobilit\u0101te.<\/p>\n\n                    <\/div>\n    <\/div>\n<\/section>\n\n\n\n<section\n    class=\"overflow-hidden py-5 md:pt-5 md:pb-10 align wp-block-button-cta-block !pt-[0]\"\n>\n    <div\n        class=\"container w-full relative flex flex-col items-start z-10\"\n    >\n        <div\n            class=\"w-full border-t border-dark pt-5 mt-4 md:mt-5 md:pt-10\"\n        >\n        <\/div>\n\n                    <a\n        href=\"\/lv\/zinas\/\"\n                class=\"btn-outline-dark mx-auto\"\n    >\n        \n        Atpaka\u013c zi\u0146\u0101m\n        \n        \n    <\/a>\n            <\/div>\n<\/section>\n","protected":false},"excerpt":{"rendered":"<p>\u0160.g. 20. septembr\u012b Starptautisk\u0101s dzelzce\u013cu savien\u012bbas (UIC) vad\u012bbas komitejas p\u0101rst\u0101vji tik\u0101s ar Rail Baltica glob\u0101l\u0101 projekta ievies\u0113jorganiz\u0101cij\u0101m \u00a0un ekspertiem, lai iepaz\u012btos ar Rail Baltica ievie\u0161anas progresu un p\u0101rrun\u0101tu turpm\u0101k\u0101s sadarb\u012bbas iesp\u0113jas. Ar starptautiskajiem kol\u0113\u0123iem tik\u0101s \u00a0Rail Baltica kopuz\u0146\u0113muma RB Rail AS un nacion\u0101l\u0101 projekta ievies\u0113ja Latvij\u0101 \u201cEiropas Dzelzce\u013ca l\u012bnijas\u201d p\u0101rst\u0101vji.<\/p>\n","protected":false},"featured_media":14341,"template":"","news_category":[684,412,609],"class_list":["post-14343","news","type-news","status-publish","has-post-thumbnail","hentry","news_category-ceftransport-lv-4","news_category-ceftransport-lv","news_category-starptautiska-dzelzcelu-savieniba"],"acf":[],"yoast_head":"<!-- This site is optimized with the Yoast SEO plugin v27.5 - https:\/\/yoast.com\/product\/yoast-seo-wordpress\/ -->\n<title>Starptautisk\u0101s dzelzce\u013cu savien\u012bbas UIC Eiropas re\u0123iona vad\u012bbas komiteja tiekas ar Rail Baltica p\u0101rst\u0101vjiem - RB<\/title>\n<meta name=\"robots\" content=\"index, follow, max-snippet:-1, max-image-preview:large, max-video-preview:-1\" \/>\n<link rel=\"canonical\" href=\"https:\/\/www.railbaltica.org\/jaunumi\/international-union-of-railways-uic-meets-rail-baltica-in-riga\/\" \/>\n<meta property=\"og:locale\" content=\"lv_LV\" \/>\n<meta property=\"og:type\" content=\"article\" \/>\n<meta property=\"og:title\" content=\"Starptautisk\u0101s dzelzce\u013cu savien\u012bbas UIC Eiropas re\u0123iona vad\u012bbas komiteja tiekas ar Rail Baltica p\u0101rst\u0101vjiem - RB\" \/>\n<meta property=\"og:description\" content=\"\u0160.g. 20. septembr\u012b Starptautisk\u0101s dzelzce\u013cu savien\u012bbas (UIC) vad\u012bbas komitejas p\u0101rst\u0101vji tik\u0101s ar Rail Baltica glob\u0101l\u0101 projekta ievies\u0113jorganiz\u0101cij\u0101m \u00a0un ekspertiem, lai iepaz\u012btos ar Rail Baltica ievie\u0161anas progresu un p\u0101rrun\u0101tu turpm\u0101k\u0101s sadarb\u012bbas iesp\u0113jas. Ar starptautiskajiem kol\u0113\u0123iem tik\u0101s \u00a0Rail Baltica kopuz\u0146\u0113muma RB Rail AS un nacion\u0101l\u0101 projekta ievies\u0113ja Latvij\u0101 \u201cEiropas Dzelzce\u013ca l\u012bnijas\u201d p\u0101rst\u0101vji.\" \/>\n<meta property=\"og:url\" content=\"https:\/\/www.railbaltica.org\/jaunumi\/international-union-of-railways-uic-meets-rail-baltica-in-riga\/\" \/>\n<meta property=\"og:site_name\" content=\"RB\" \/>\n<meta property=\"article:modified_time\" content=\"2025-08-20T07:19:10+00:00\" \/>\n<meta property=\"og:image\" content=\"https:\/\/www.railbaltica.org\/wp-content\/uploads\/2025\/07\/UIC-meets-Rail-Baltica-in-Riga_1-1.jpg\" \/>\n\t<meta property=\"og:image:width\" content=\"1000\" \/>\n\t<meta property=\"og:image:height\" content=\"660\" \/>\n\t<meta property=\"og:image:type\" content=\"image\/jpeg\" \/>\n<meta name=\"twitter:card\" content=\"summary_large_image\" \/>\n<script type=\"application\/ld+json\" class=\"yoast-schema-graph\">{\"@context\":\"https:\\\/\\\/schema.org\",\"@graph\":[{\"@type\":\"WebPage\",\"@id\":\"https:\\\/\\\/www.railbaltica.org\\\/jaunumi\\\/international-union-of-railways-uic-meets-rail-baltica-in-riga\\\/\",\"url\":\"https:\\\/\\\/www.railbaltica.org\\\/jaunumi\\\/international-union-of-railways-uic-meets-rail-baltica-in-riga\\\/\",\"name\":\"Starptautisk\u0101s dzelzce\u013cu savien\u012bbas UIC Eiropas re\u0123iona vad\u012bbas komiteja tiekas ar Rail Baltica p\u0101rst\u0101vjiem - RB\",\"isPartOf\":{\"@id\":\"https:\\\/\\\/www.railbaltica.org\\\/#website\"},\"primaryImageOfPage\":{\"@id\":\"https:\\\/\\\/www.railbaltica.org\\\/jaunumi\\\/international-union-of-railways-uic-meets-rail-baltica-in-riga\\\/#primaryimage\"},\"image\":{\"@id\":\"https:\\\/\\\/www.railbaltica.org\\\/jaunumi\\\/international-union-of-railways-uic-meets-rail-baltica-in-riga\\\/#primaryimage\"},\"thumbnailUrl\":\"https:\\\/\\\/www.railbaltica.org\\\/wp-content\\\/uploads\\\/2025\\\/07\\\/UIC-meets-Rail-Baltica-in-Riga_1-1.jpg\",\"datePublished\":\"2023-09-22T11:45:38+00:00\",\"dateModified\":\"2025-08-20T07:19:10+00:00\",\"breadcrumb\":{\"@id\":\"https:\\\/\\\/www.railbaltica.org\\\/jaunumi\\\/international-union-of-railways-uic-meets-rail-baltica-in-riga\\\/#breadcrumb\"},\"inLanguage\":\"lv-LV\",\"potentialAction\":[{\"@type\":\"ReadAction\",\"target\":[\"https:\\\/\\\/www.railbaltica.org\\\/jaunumi\\\/international-union-of-railways-uic-meets-rail-baltica-in-riga\\\/\"]}]},{\"@type\":\"ImageObject\",\"inLanguage\":\"lv-LV\",\"@id\":\"https:\\\/\\\/www.railbaltica.org\\\/jaunumi\\\/international-union-of-railways-uic-meets-rail-baltica-in-riga\\\/#primaryimage\",\"url\":\"https:\\\/\\\/www.railbaltica.org\\\/wp-content\\\/uploads\\\/2025\\\/07\\\/UIC-meets-Rail-Baltica-in-Riga_1-1.jpg\",\"contentUrl\":\"https:\\\/\\\/www.railbaltica.org\\\/wp-content\\\/uploads\\\/2025\\\/07\\\/UIC-meets-Rail-Baltica-in-Riga_1-1.jpg\",\"width\":1000,\"height\":660},{\"@type\":\"BreadcrumbList\",\"@id\":\"https:\\\/\\\/www.railbaltica.org\\\/jaunumi\\\/international-union-of-railways-uic-meets-rail-baltica-in-riga\\\/#breadcrumb\",\"itemListElement\":[{\"@type\":\"ListItem\",\"position\":1,\"name\":\"Home\",\"item\":\"https:\\\/\\\/www.railbaltica.org\\\/lv\\\/\"},{\"@type\":\"ListItem\",\"position\":2,\"name\":\"Starptautisk\u0101s dzelzce\u013cu savien\u012bbas UIC Eiropas re\u0123iona vad\u012bbas komiteja tiekas ar Rail Baltica p\u0101rst\u0101vjiem\"}]},{\"@type\":\"WebSite\",\"@id\":\"https:\\\/\\\/www.railbaltica.org\\\/#website\",\"url\":\"https:\\\/\\\/www.railbaltica.org\\\/\",\"name\":\"RB\",\"description\":\"\",\"potentialAction\":[{\"@type\":\"SearchAction\",\"target\":{\"@type\":\"EntryPoint\",\"urlTemplate\":\"https:\\\/\\\/www.railbaltica.org\\\/?s={search_term_string}\"},\"query-input\":{\"@type\":\"PropertyValueSpecification\",\"valueRequired\":true,\"valueName\":\"search_term_string\"}}],\"inLanguage\":\"lv-LV\"}]}<\/script>\n<!-- \/ Yoast SEO plugin. -->","yoast_head_json":{"title":"Starptautisk\u0101s dzelzce\u013cu savien\u012bbas UIC Eiropas re\u0123iona vad\u012bbas komiteja tiekas ar Rail Baltica p\u0101rst\u0101vjiem - RB","robots":{"index":"index","follow":"follow","max-snippet":"max-snippet:-1","max-image-preview":"max-image-preview:large","max-video-preview":"max-video-preview:-1"},"canonical":"https:\/\/www.railbaltica.org\/jaunumi\/international-union-of-railways-uic-meets-rail-baltica-in-riga\/","og_locale":"lv_LV","og_type":"article","og_title":"Starptautisk\u0101s dzelzce\u013cu savien\u012bbas UIC Eiropas re\u0123iona vad\u012bbas komiteja tiekas ar Rail Baltica p\u0101rst\u0101vjiem - RB","og_description":"\u0160.g. 20. septembr\u012b Starptautisk\u0101s dzelzce\u013cu savien\u012bbas (UIC) vad\u012bbas komitejas p\u0101rst\u0101vji tik\u0101s ar Rail Baltica glob\u0101l\u0101 projekta ievies\u0113jorganiz\u0101cij\u0101m \u00a0un ekspertiem, lai iepaz\u012btos ar Rail Baltica ievie\u0161anas progresu un p\u0101rrun\u0101tu turpm\u0101k\u0101s sadarb\u012bbas iesp\u0113jas. Ar starptautiskajiem kol\u0113\u0123iem tik\u0101s \u00a0Rail Baltica kopuz\u0146\u0113muma RB Rail AS un nacion\u0101l\u0101 projekta ievies\u0113ja Latvij\u0101 \u201cEiropas Dzelzce\u013ca l\u012bnijas\u201d p\u0101rst\u0101vji.","og_url":"https:\/\/www.railbaltica.org\/jaunumi\/international-union-of-railways-uic-meets-rail-baltica-in-riga\/","og_site_name":"RB","article_modified_time":"2025-08-20T07:19:10+00:00","og_image":[{"width":1000,"height":660,"url":"https:\/\/www.railbaltica.org\/wp-content\/uploads\/2025\/07\/UIC-meets-Rail-Baltica-in-Riga_1-1.jpg","type":"image\/jpeg"}],"twitter_card":"summary_large_image","schema":{"@context":"https:\/\/schema.org","@graph":[{"@type":"WebPage","@id":"https:\/\/www.railbaltica.org\/jaunumi\/international-union-of-railways-uic-meets-rail-baltica-in-riga\/","url":"https:\/\/www.railbaltica.org\/jaunumi\/international-union-of-railways-uic-meets-rail-baltica-in-riga\/","name":"Starptautisk\u0101s dzelzce\u013cu savien\u012bbas UIC Eiropas re\u0123iona vad\u012bbas komiteja tiekas ar Rail Baltica p\u0101rst\u0101vjiem - RB","isPartOf":{"@id":"https:\/\/www.railbaltica.org\/#website"},"primaryImageOfPage":{"@id":"https:\/\/www.railbaltica.org\/jaunumi\/international-union-of-railways-uic-meets-rail-baltica-in-riga\/#primaryimage"},"image":{"@id":"https:\/\/www.railbaltica.org\/jaunumi\/international-union-of-railways-uic-meets-rail-baltica-in-riga\/#primaryimage"},"thumbnailUrl":"https:\/\/www.railbaltica.org\/wp-content\/uploads\/2025\/07\/UIC-meets-Rail-Baltica-in-Riga_1-1.jpg","datePublished":"2023-09-22T11:45:38+00:00","dateModified":"2025-08-20T07:19:10+00:00","breadcrumb":{"@id":"https:\/\/www.railbaltica.org\/jaunumi\/international-union-of-railways-uic-meets-rail-baltica-in-riga\/#breadcrumb"},"inLanguage":"lv-LV","potentialAction":[{"@type":"ReadAction","target":["https:\/\/www.railbaltica.org\/jaunumi\/international-union-of-railways-uic-meets-rail-baltica-in-riga\/"]}]},{"@type":"ImageObject","inLanguage":"lv-LV","@id":"https:\/\/www.railbaltica.org\/jaunumi\/international-union-of-railways-uic-meets-rail-baltica-in-riga\/#primaryimage","url":"https:\/\/www.railbaltica.org\/wp-content\/uploads\/2025\/07\/UIC-meets-Rail-Baltica-in-Riga_1-1.jpg","contentUrl":"https:\/\/www.railbaltica.org\/wp-content\/uploads\/2025\/07\/UIC-meets-Rail-Baltica-in-Riga_1-1.jpg","width":1000,"height":660},{"@type":"BreadcrumbList","@id":"https:\/\/www.railbaltica.org\/jaunumi\/international-union-of-railways-uic-meets-rail-baltica-in-riga\/#breadcrumb","itemListElement":[{"@type":"ListItem","position":1,"name":"Home","item":"https:\/\/www.railbaltica.org\/lv\/"},{"@type":"ListItem","position":2,"name":"Starptautisk\u0101s dzelzce\u013cu savien\u012bbas UIC Eiropas re\u0123iona vad\u012bbas komiteja tiekas ar Rail Baltica p\u0101rst\u0101vjiem"}]},{"@type":"WebSite","@id":"https:\/\/www.railbaltica.org\/#website","url":"https:\/\/www.railbaltica.org\/","name":"RB","description":"","potentialAction":[{"@type":"SearchAction","target":{"@type":"EntryPoint","urlTemplate":"https:\/\/www.railbaltica.org\/?s={search_term_string}"},"query-input":{"@type":"PropertyValueSpecification","valueRequired":true,"valueName":"search_term_string"}}],"inLanguage":"lv-LV"}]}},"_links":{"self":[{"href":"https:\/\/www.railbaltica.org\/lv\/wp-json\/wp\/v2\/news\/14343","targetHints":{"allow":["GET"]}}],"collection":[{"href":"https:\/\/www.railbaltica.org\/lv\/wp-json\/wp\/v2\/news"}],"about":[{"href":"https:\/\/www.railbaltica.org\/lv\/wp-json\/wp\/v2\/types\/news"}],"wp:featuredmedia":[{"embeddable":true,"href":"https:\/\/www.railbaltica.org\/lv\/wp-json\/wp\/v2\/media\/14341"}],"wp:attachment":[{"href":"https:\/\/www.railbaltica.org\/lv\/wp-json\/wp\/v2\/media?parent=14343"}],"wp:term":[{"taxonomy":"news_category","embeddable":true,"href":"https:\/\/www.railbaltica.org\/lv\/wp-json\/wp\/v2\/news_category?post=14343"}],"curies":[{"name":"wp","href":"https:\/\/api.w.org\/{rel}","templated":true}]}}