{"id":13842,"date":"2023-01-05T07:27:50","date_gmt":"2023-01-05T07:27:50","guid":{"rendered":"https:\/\/www.railbaltica.org\/news\/ligita-austrupe-ieveleta-par-rb-rail-as-padomes-priekssedetaju\/"},"modified":"2025-08-20T07:29:35","modified_gmt":"2025-08-20T07:29:35","slug":"ligita-austrupe-ieveleta-par-rb-rail-as-padomes-priekssedetaju","status":"publish","type":"news","link":"https:\/\/www.railbaltica.org\/lv\/jaunumi\/ligita-austrupe-ieveleta-par-rb-rail-as-padomes-priekssedetaju\/","title":{"rendered":"Ligita Austrupe iev\u0113l\u0113ta par RB Rail AS padomes priek\u0161s\u0113d\u0113t\u0101ju"},"content":{"rendered":"<section\n    class=\"align wp-block-hero-page-block relative flex overflow-hidden z-10 mt-20 md:mt-52\"\n>\n            <div\n            class=\"container md:!px-14\"\n        >\n            <div\n                class=\"bg-dark text-white rounded p-4 md:p-10\"\n            >\n                                <div\n    class=\"flex justify-between border-t pt-2.5 my-5 text-sm\"\n>\n    <span>Dalies ar jaunumiem\n<\/span>\n    <ul\n        class=\"flex items-center gap-5\"\n    >\n        <li>\n            <a\n                href=\"https:\/\/www.facebook.com\/sharer\/sharer.php?u=https%3A%2F%2Fwww.railbaltica.org%2Flv%2Fjaunumi%2Fligita-austrupe-ieveleta-par-rb-rail-as-padomes-priekssedetaju%2F\"\n                target=\"_blank\"\n                rel=\"noopener noreferrer\"\n                aria-label=\"Share on Facebook\"\n                class=\"transition-opacity hover:opacity-75\"\n            >\n                <svg\n                    width=\"20\"\n                    height=\"20\"\n                    viewBox=\"0 0 20 20\"\n                    fill=\"none\"\n                    xmlns=\"http:\/\/www.w3.org\/2000\/svg\"\n                >\n                    <path\n                        d=\"M7.5 6.66667H5V10H7.5V20H11.6667V10H14.7017L15 6.66667H11.6667V5.2775C11.6667 4.48167 11.8267 4.16667 12.5958 4.16667H15V0H11.8267C8.83 0 7.5 1.31917 7.5 3.84583V6.66667Z\"\n                        fill=\"white\"\n                    \/>\n                <\/svg>\n            <\/a>\n        <\/li>\n        <li>\n            <a\n                href=\"https:\/\/twitter.com\/intent\/tweet?url=https%3A%2F%2Fwww.railbaltica.org%2Flv%2Fjaunumi%2Fligita-austrupe-ieveleta-par-rb-rail-as-padomes-priekssedetaju%2F&amp;text=Ligita+Austrupe+iev%C4%93l%C4%93ta+par+RB+Rail+AS+padomes+priek%C5%A1s%C4%93d%C4%93t%C4%81ju\"\n                target=\"_blank\"\n                rel=\"noopener noreferrer\"\n                aria-label=\"Share on Twitter\"\n                class=\"transition-opacity hover:opacity-75\"\n            >\n                <svg\n                    width=\"20\"\n                    height=\"20\"\n                    viewBox=\"0 0 20 20\"\n                    fill=\"none\"\n                    xmlns=\"http:\/\/www.w3.org\/2000\/svg\"\n                >\n                    <path\n                        d=\"M14.7313 2.68748H17.238L11.763 8.88248L18.2038 17.3125H13.1597L9.20966 12.2L4.68966 17.3125H2.18299L8.03883 10.6866L1.86133 2.68665H7.03216L10.603 7.35998L14.7322 2.68665L14.7313 2.68748ZM13.8522 15.8275H15.2405L6.27716 4.09415H4.78716L13.8522 15.8275Z\"\n                        fill=\"white\"\n                    \/>\n                <\/svg>\n            <\/a>\n        <\/li>\n        <li>\n            <a\n                href=\"https:\/\/www.linkedin.com\/sharing\/share-offsite\/?url=https%3A%2F%2Fwww.railbaltica.org%2Flv%2Fjaunumi%2Fligita-austrupe-ieveleta-par-rb-rail-as-padomes-priekssedetaju%2F\"\n                target=\"_blank\"\n                rel=\"noopener noreferrer\"\n                aria-label=\"Share on LinkedIn\"\n                class=\"transition-opacity hover:opacity-75\"\n            >\n                <svg\n                    width=\"20\"\n                    height=\"20\"\n                    viewBox=\"0 0 20 20\"\n                    fill=\"none\"\n                    xmlns=\"http:\/\/www.w3.org\/2000\/svg\"\n                >\n                    <path\n                        d=\"M18.4097 0.000139829H1.46998C1.27956 -0.00250476 1.09049 0.0323869 0.913553 0.102822C0.73662 0.173257 0.575295 0.277857 0.438791 0.410646C0.302287 0.543436 0.193279 0.701814 0.11799 0.876737C0.0427018 1.05166 0.00260836 1.2397 0 1.43012V18.5699C0.00260836 18.7603 0.0427018 18.9483 0.11799 19.1233C0.193279 19.2982 0.302287 19.4566 0.438791 19.5894C0.575295 19.7221 0.73662 19.8267 0.913553 19.8972C1.09049 19.9676 1.27956 20.0025 1.46998 19.9999H18.4097C18.6002 20.0025 18.7892 19.9676 18.9662 19.8972C19.1431 19.8267 19.3044 19.7221 19.4409 19.5894C19.5774 19.4566 19.6864 19.2982 19.7617 19.1233C19.837 18.9483 19.8771 18.7603 19.8797 18.5699V1.43012C19.8771 1.2397 19.837 1.05166 19.7617 0.876737C19.6864 0.701814 19.5774 0.543436 19.4409 0.410646C19.3044 0.277857 19.1431 0.173257 18.9662 0.102822C18.7892 0.0323869 18.6002 -0.00250476 18.4097 0.000139829ZM6.02992 16.7399H3.02996V7.74003H6.02992V16.7399ZM4.52994 6.48005C4.1162 6.48005 3.71942 6.31569 3.42687 6.02314C3.13431 5.73059 2.96996 5.3338 2.96996 4.92007C2.96996 4.50634 3.13431 4.10955 3.42687 3.817C3.71942 3.52445 4.1162 3.36009 4.52994 3.36009C4.74963 3.33518 4.97211 3.35695 5.1828 3.42398C5.3935 3.491 5.58766 3.60178 5.75258 3.74905C5.91749 3.89632 6.04944 4.07676 6.13979 4.27856C6.23013 4.48036 6.27683 4.69897 6.27683 4.92007C6.27683 5.14117 6.23013 5.35978 6.13979 5.56158C6.04944 5.76338 5.91749 5.94382 5.75258 6.09109C5.58766 6.23836 5.3935 6.34914 5.1828 6.41617C4.97211 6.48319 4.74963 6.50496 4.52994 6.48005ZM16.8498 16.7399H13.8498V11.91C13.8498 10.7 13.4198 9.91 12.3298 9.91C11.9925 9.91247 11.664 10.0183 11.3887 10.2132C11.1133 10.4081 10.9043 10.6827 10.7899 11C10.7116 11.235 10.6777 11.4826 10.6899 11.73V16.7299H7.68989V7.73003H10.6899V9.00001C10.9624 8.52713 11.3587 8.13755 11.8363 7.87323C12.3138 7.60892 12.8544 7.47989 13.3998 7.50003C15.3998 7.50003 16.8498 8.79002 16.8498 11.56V16.7399Z\"\n                        fill=\"white\"\n                    \/>\n                <\/svg>\n            <\/a>\n        <\/li>\n        <li>\n            <button\n                type=\"button\"\n                class=\"copy-url-btn relative my-auto flex transition-opacity hover:opacity-75\"\n                data-url=\"https:\/\/www.railbaltica.org\/lv\/jaunumi\/ligita-austrupe-ieveleta-par-rb-rail-as-padomes-priekssedetaju\/\"\n            >\n                <svg\n                    width=\"21\"\n                    height=\"21\"\n                    viewBox=\"0 0 21 21\"\n                    fill=\"none\"\n                    xmlns=\"http:\/\/www.w3.org\/2000\/svg\"\n                >\n                    <path\n                        d=\"M10.5205 20C15.7661 20 20 15.7455 20 10.4795C20 5.23392 15.7661 1 10.5205 1M10.5205 20C5.25446 20 1 15.7455 1 10.4795C1 5.23392 5.25446 1 10.5205 1M10.5205 20V1M18.7429 5.75H2.26324M18.7958 15.1345H2.21035M1.05135 10.5H19.9486M10.5103 20C13.1333 20 15.25 15.7455 15.25 10.4795C15.25 5.23392 13.1333 1 10.5103 1C7.87697 1 5.75 5.23392 5.75 10.4795C5.75 15.7455 7.87697 20 10.5103 20Z\"\n                        stroke=\"white\"\n                        stroke-linecap=\"round\"\n                        stroke-linejoin=\"round\"\n                    \/>\n                <\/svg>\n                <span\n                    class=\"absolute hidden translate-x-[-10px] translate-y-[30px]\"\n                >Copied!<\/span>\n            <\/button>\n        <\/li>\n    <\/ul>\n<\/div>\n\n                                    <time\n                        datetime=\"\"\n                        class=\"mb-2.5 flex text-xl text-blue\"\n                    >\n                        05.01.2023\n                    <\/time>\n                \n                                    <h1 class='h1 max-w-198'>\n            Ligita Austrupe paskirta \u201eRB Rail\u201c Steb\u0117toj\u0173 tarybos pirmininke\n        <\/h1>\n                \n                            <\/div>\n        <\/div>\n    <\/section>\n<section\n    class=\"overflow-hidden py-5 md:pt-10 md:pb-5 align wp-block-excerpt-block\"\n>\n    <div\n        class=\"container relative flex flex-col items-start z-10 md:text-xl lg:!px-4\"\n    >\n                    <div\n                class=\"textual w-full text-dark text-xl lg:px-12 md:mx-auto md:max-w-222 md:text-xl\"\n            >\n                Par Rail Baltica kopuz\u0146\u0113muma RB Rail AS padomes priek\u0161s\u0113d\u0113t\u0101ju iev\u0113l\u0113ta Ligita Austrupe, Satiksmes ministrijas valsts sekret\u0101ra vietniece\u202f finan\u0161u att\u012bst\u012bbas, invest\u012bciju, ES lietu koordin\u0101cijas jaut\u0101jumos un akt\u012bva RB Rail AS padomes locekle kop\u0161 2019. gada, aizst\u0101jot l\u012bdz\u0161in\u0113jo padomes priek\u0161s\u0113d\u0113t\u0101ju Romu \u0160vedu (Romas \u0160vedas).\u00a0\u00a0\n            <\/div>\n            <\/div>\n<\/section>\n<section\n    class=\"py-5 md:py-10 align wp-block-textual-block\"\n>\n    <div\n        class=\"container\"\n    >\n        <div\n            class=\"textual w-full text-xl text-dark break-words [&#038;_span]:!text-dark [&#038;_a]:!text-dark\"\n        >\n                            <p><strong><\/strong><\/p>\n<p><strong>\u00a0<\/strong>Ligita Austrupe turi dvide\u0161imties met\u0173 patirt\u012f ES l\u0117\u0161\u0173 administravimo srityje, \u012fskaitant ES finansuojam\u0173 projekt\u0173 prie\u017ei\u016br\u0105 ir audit\u0105. Pri\u017ei\u016brint atsakingai ES fond\u0173 administravimo institucijai ir Europos infrastrukt\u016bros tinkl\u0173 priemon\u0117s vadovaujan\u010diajai institucijai, Latvijoje buvo \u012fgyvendinami \u012fvair\u016bs transporto infrastrukt\u016bros pl\u0117tros projektai, \u012fskaitant didel\u0117s apimties infrastrukt\u016bros projektus \u012fvairiuose transporto sektoriuose \u2013 uostuose, oro uostuose, keliuose ir gele\u017einkeliuose. B\u016bdama Europos infrastrukt\u016bros tinkl\u0173 priemon\u0117s vadovaujan\u010diosios institucijos Latvijoje vadove, Ligita Austrupe u\u017etikrino projekto \u201eRail Baltica\u201c \u012fgyvendinimo Latvijoje steb\u0117sen\u0105.<\/p>\n<p><strong><\/strong><\/p>\n\n                    <\/div>\n    <\/div>\n<\/section>\n<section\n    class=\"overflow-hidden py-5 md:pt-10 md:pb-5 align wp-block-image-block !pt-[0] !pb-[0]\"\n>\n    <div\n        class=\"container relative flex flex-col items-start z-10\"\n    >\n        <div\n            class=\"w-full text-lg text-dark\"\n        >\n                            <img decoding=\"async\"\n        src=\"https:\/\/www.railbaltica.org\/wp-content\/uploads\/2025\/08\/Ligita-Austrupe-184x300-1.jpg\"\n        alt=\"Ligita-Austrupe-184&amp;#215;300\"\n         title=\"Ligita-Austrupe-184&amp;#215;300\"         class=\"block w-auto h-auto max-w-full max-h-[600px]\"\n        loading=\"lazy\"\n    \/>\n                                <\/div>\n    <\/div>\n<\/section>\n<section\n    class=\"py-5 md:py-10 align wp-block-textual-block\"\n>\n    <div\n        class=\"container\"\n    >\n        <div\n            class=\"textual w-full text-xl text-dark break-words [&#038;_span]:!text-dark [&#038;_a]:!text-dark\"\n        >\n                            <p><\/strong>\u201eGlobaliam projektui \u201eRail Baltica\u201c br\u0119stant, did\u0117ja ir projekto sud\u0117tingumas. Siekiama greito ir efektyvaus \u012fgyvendinimo, kad b\u016bt\u0173 u\u017etikrinta tr\u016bkstama Baltijos \u0161ali\u0173 gele\u017einkelio jungtis ir m\u016bs\u0173 regionas b\u016bt\u0173 sujungtas su likusia Europa. Atsi\u017evelgiant \u012f dabartinius geopolitinius i\u0161\u0161\u016bkius ir i\u0161sami\u0105 darbotvark\u0119, kuri\u0105 reikia pasiekti \u012fgyvendinant projekt\u0105, kaip niekada svarbu u\u017etikrinti veiksming\u0105 bendradarbiavim\u0105 \u201eRail Baltica\u201c projekte, stiprinti tarpsektorinio bendradarbiavimo formatus ir partneryst\u0119 su kaimynin\u0117mis \u0161alimis \u2013 Lenkija ir Suomija. Esu \u012fsitikin\u0119s, kad Ligita, tur\u0117dama did\u017eiul\u0119 patirt\u012f globaliame projekte ir didel\u0119 profesin\u0119 patirt\u012f, naujose pareigose svariai prisid\u0117s prie \u201eRail Baltica\u201c projekto \u012fgyvendinimo\u201c, \u2013 sak\u0117 <strong>Romas \u0160vedas<\/strong>.<\/p>\n<p><strong>\u00a0<\/strong>\u201ePirmiausia nor\u0117\u010diau nuo\u0161ird\u017eiai pad\u0117koti Romui u\u017e profesional\u0173 ir produktyv\u0173 pirmininkavim\u0105 Steb\u0117toj\u0173 tarybai, o kitiems kolegoms \u2013 u\u017e param\u0105 ir bendradarbiavim\u0105 2022 m.! Su dideliu atsakomyb\u0117s jausmu perimu Steb\u0117toj\u0173 tarybos pirminink\u0117s pareigas ir d\u0117siu visas pastangas, kad t\u0119s\u010diau prad\u0117tus darbus, \u012fskaitant param\u0105 \u201eRB Rail\u201c vadovybei tose srityse, kurioms reikia skirti papildomo d\u0117mesio, siekiant paspartinti \u201eRail Baltica\u201c \u012fgyvendinim\u0105\u201c, \u2013 sak\u0117 <strong>Ligita Austrupe<\/strong>.<\/p>\n<p>Naujai paskirta <a href=\"https:\/\/www.railbaltica.org\/lt\/supervisory-board\/\">Steb\u0117toj\u0173 taryba<\/a> nusprend\u0117 i\u0161rinkti Ahti Kuning\u0105 Steb\u0117toj\u0173 tarybos pirmininko pavaduotoju, o Rom\u0105 \u0160ved\u0105 \u2013 \u201eRB Rail\u201c Steb\u0117toj\u0173 tarybos pirmininko pavaduotoju, Audito ir rizikos komiteto pirmininku paskirti Arenij\u0173 Jack\u0173, o \u017dmogi\u0161k\u0173j\u0173 i\u0161tekli\u0173 komiteto pirmininku \u2013 Sandor\u012f Liive.<\/p>\n<p>Bendrov\u0117s \u201eRB Rail\u201c steb\u0117toj\u0173 taryb\u0105 sudaro \u0161e\u0161i nariai, renkami trej\u0173 met\u0173 laikotarpiui. Kiekvienas akcininkas \u2013 Estija, Latvija ir Lietuva \u2013 skiria po du kandidatus, kuriuos turi patvirtinti visuotinis akcinink\u0173 susirinkimas. Akcinink\u0173 sutartyje numatyta, kad kiekvienais metais Steb\u0117toj\u0173 tarybai rotacijos principu pirmininkauja vis kitos bendros \u012fmon\u0117s valstyb\u0117s nar\u0117s atstovas.<\/p>\n<p>Steb\u0117toj\u0173 taryba yra atskirta nuo <a href=\"https:\/\/www.railbaltica.org\/lt\/projekto-vykdytojai\/pagrindinis-koordinatorius\/valdyba\/\">valdybos<\/a>, kuri\u0105 sudaro \u0161e\u0161i nariai \u2013 vadovas (CEO, Chief Executive Officer) ir valdybos pirmininkas,\u00a0 technikos direktorius (CTO, Chief Technical Officer), veiklos direktorius (COO, Chief Operating Officer), Aplinkosaugos, socialin\u0117s atsakomyb\u0117s ir valdysenos pareig\u016bnas (CESGO) ir vyriausiasis vie\u0161\u0173j\u0173 pirkim\u0173 pareig\u016bnas. Valdybos nariai renkami trej\u0173 met\u0173 kadencijai.<\/p>\n\n                    <\/div>\n    <\/div>\n<\/section>\n<section\n    class=\"overflow-hidden py-5 md:pt-5 md:pb-10 align wp-block-button-cta-block !pt-[0]\"\n>\n    <div\n        class=\"container w-full relative flex flex-col items-start z-10\"\n    >\n        <div\n            class=\"w-full border-t border-dark pt-5 mt-4 md:mt-5 md:pt-10\"\n        >\n        <\/div>\n\n                    <a\n        href=\"\/lt\/naujienos\/\"\n                class=\"btn-outline-dark mx-auto\"\n    >\n        \n        Gr\u012f\u017eti \u012f visas naujienas\n        \n        \n    <\/a>\n            <\/div>\n<\/section>\n","protected":false},"excerpt":{"rendered":"<p>Par Rail Baltica kopuz\u0146\u0113muma RB Rail AS padomes priek\u0161s\u0113d\u0113t\u0101ju iev\u0113l\u0113ta Ligita Austrupe, Satiksmes ministrijas valsts sekret\u0101ra vietniece\u202f finan\u0161u att\u012bst\u012bbas, invest\u012bciju, ES lietu koordin\u0101cijas jaut\u0101jumos un akt\u012bva RB Rail AS padomes locekle kop\u0161 2019. gada, aizst\u0101jot l\u012bdz\u0161in\u0113jo padomes priek\u0161s\u0113d\u0113t\u0101ju Romu \u0160vedu (Romas \u0160vedas).\u00a0\u00a0<\/p>\n","protected":false},"featured_media":13838,"template":"","news_category":[],"class_list":["post-13842","news","type-news","status-publish","has-post-thumbnail","hentry"],"acf":[],"yoast_head":"<!-- This site is optimized with the Yoast SEO plugin v27.5 - https:\/\/yoast.com\/product\/yoast-seo-wordpress\/ -->\n<title>Ligita Austrupe iev\u0113l\u0113ta par RB Rail AS padomes priek\u0161s\u0113d\u0113t\u0101ju - RB<\/title>\n<meta name=\"robots\" content=\"index, follow, max-snippet:-1, max-image-preview:large, max-video-preview:-1\" \/>\n<link rel=\"canonical\" href=\"https:\/\/www.railbaltica.org\/lv\/jaunumi\/ligita-austrupe-ieveleta-par-rb-rail-as-padomes-priekssedetaju\/\" \/>\n<meta property=\"og:locale\" content=\"lv_LV\" \/>\n<meta property=\"og:type\" content=\"article\" \/>\n<meta property=\"og:title\" content=\"Ligita Austrupe iev\u0113l\u0113ta par RB Rail AS padomes priek\u0161s\u0113d\u0113t\u0101ju - RB\" \/>\n<meta property=\"og:description\" content=\"Par Rail Baltica kopuz\u0146\u0113muma RB Rail AS padomes priek\u0161s\u0113d\u0113t\u0101ju iev\u0113l\u0113ta Ligita Austrupe, Satiksmes ministrijas valsts sekret\u0101ra vietniece\u202f finan\u0161u att\u012bst\u012bbas, invest\u012bciju, ES lietu koordin\u0101cijas jaut\u0101jumos un akt\u012bva RB Rail AS padomes locekle kop\u0161 2019. gada, aizst\u0101jot l\u012bdz\u0161in\u0113jo padomes priek\u0161s\u0113d\u0113t\u0101ju Romu \u0160vedu (Romas \u0160vedas).\u00a0\u00a0\" \/>\n<meta property=\"og:url\" content=\"https:\/\/www.railbaltica.org\/lv\/jaunumi\/ligita-austrupe-ieveleta-par-rb-rail-as-padomes-priekssedetaju\/\" \/>\n<meta property=\"og:site_name\" content=\"RB\" \/>\n<meta property=\"article:modified_time\" content=\"2025-08-20T07:29:35+00:00\" \/>\n<meta property=\"og:image\" content=\"https:\/\/www.railbaltica.org\/wp-content\/uploads\/2025\/07\/MicrosoftTeams-image-103-1.jpg\" \/>\n\t<meta property=\"og:image:width\" content=\"470\" \/>\n\t<meta property=\"og:image:height\" content=\"422\" \/>\n\t<meta property=\"og:image:type\" content=\"image\/jpeg\" \/>\n<meta name=\"twitter:card\" content=\"summary_large_image\" \/>\n<script type=\"application\/ld+json\" class=\"yoast-schema-graph\">{\"@context\":\"https:\\\/\\\/schema.org\",\"@graph\":[{\"@type\":\"WebPage\",\"@id\":\"https:\\\/\\\/www.railbaltica.org\\\/lv\\\/jaunumi\\\/ligita-austrupe-ieveleta-par-rb-rail-as-padomes-priekssedetaju\\\/\",\"url\":\"https:\\\/\\\/www.railbaltica.org\\\/lv\\\/jaunumi\\\/ligita-austrupe-ieveleta-par-rb-rail-as-padomes-priekssedetaju\\\/\",\"name\":\"Ligita Austrupe iev\u0113l\u0113ta par RB Rail AS padomes priek\u0161s\u0113d\u0113t\u0101ju - RB\",\"isPartOf\":{\"@id\":\"https:\\\/\\\/www.railbaltica.org\\\/#website\"},\"primaryImageOfPage\":{\"@id\":\"https:\\\/\\\/www.railbaltica.org\\\/lv\\\/jaunumi\\\/ligita-austrupe-ieveleta-par-rb-rail-as-padomes-priekssedetaju\\\/#primaryimage\"},\"image\":{\"@id\":\"https:\\\/\\\/www.railbaltica.org\\\/lv\\\/jaunumi\\\/ligita-austrupe-ieveleta-par-rb-rail-as-padomes-priekssedetaju\\\/#primaryimage\"},\"thumbnailUrl\":\"https:\\\/\\\/www.railbaltica.org\\\/wp-content\\\/uploads\\\/2025\\\/07\\\/MicrosoftTeams-image-103-1.jpg\",\"datePublished\":\"2023-01-05T07:27:50+00:00\",\"dateModified\":\"2025-08-20T07:29:35+00:00\",\"breadcrumb\":{\"@id\":\"https:\\\/\\\/www.railbaltica.org\\\/lv\\\/jaunumi\\\/ligita-austrupe-ieveleta-par-rb-rail-as-padomes-priekssedetaju\\\/#breadcrumb\"},\"inLanguage\":\"lv-LV\",\"potentialAction\":[{\"@type\":\"ReadAction\",\"target\":[\"https:\\\/\\\/www.railbaltica.org\\\/lv\\\/jaunumi\\\/ligita-austrupe-ieveleta-par-rb-rail-as-padomes-priekssedetaju\\\/\"]}]},{\"@type\":\"ImageObject\",\"inLanguage\":\"lv-LV\",\"@id\":\"https:\\\/\\\/www.railbaltica.org\\\/lv\\\/jaunumi\\\/ligita-austrupe-ieveleta-par-rb-rail-as-padomes-priekssedetaju\\\/#primaryimage\",\"url\":\"https:\\\/\\\/www.railbaltica.org\\\/wp-content\\\/uploads\\\/2025\\\/07\\\/MicrosoftTeams-image-103-1.jpg\",\"contentUrl\":\"https:\\\/\\\/www.railbaltica.org\\\/wp-content\\\/uploads\\\/2025\\\/07\\\/MicrosoftTeams-image-103-1.jpg\",\"width\":470,\"height\":422},{\"@type\":\"BreadcrumbList\",\"@id\":\"https:\\\/\\\/www.railbaltica.org\\\/lv\\\/jaunumi\\\/ligita-austrupe-ieveleta-par-rb-rail-as-padomes-priekssedetaju\\\/#breadcrumb\",\"itemListElement\":[{\"@type\":\"ListItem\",\"position\":1,\"name\":\"Home\",\"item\":\"https:\\\/\\\/www.railbaltica.org\\\/lv\\\/\"},{\"@type\":\"ListItem\",\"position\":2,\"name\":\"Ligita Austrupe iev\u0113l\u0113ta par RB Rail AS padomes priek\u0161s\u0113d\u0113t\u0101ju\"}]},{\"@type\":\"WebSite\",\"@id\":\"https:\\\/\\\/www.railbaltica.org\\\/#website\",\"url\":\"https:\\\/\\\/www.railbaltica.org\\\/\",\"name\":\"RB\",\"description\":\"\",\"potentialAction\":[{\"@type\":\"SearchAction\",\"target\":{\"@type\":\"EntryPoint\",\"urlTemplate\":\"https:\\\/\\\/www.railbaltica.org\\\/?s={search_term_string}\"},\"query-input\":{\"@type\":\"PropertyValueSpecification\",\"valueRequired\":true,\"valueName\":\"search_term_string\"}}],\"inLanguage\":\"lv-LV\"}]}<\/script>\n<!-- \/ Yoast SEO plugin. -->","yoast_head_json":{"title":"Ligita Austrupe iev\u0113l\u0113ta par RB Rail AS padomes priek\u0161s\u0113d\u0113t\u0101ju - RB","robots":{"index":"index","follow":"follow","max-snippet":"max-snippet:-1","max-image-preview":"max-image-preview:large","max-video-preview":"max-video-preview:-1"},"canonical":"https:\/\/www.railbaltica.org\/lv\/jaunumi\/ligita-austrupe-ieveleta-par-rb-rail-as-padomes-priekssedetaju\/","og_locale":"lv_LV","og_type":"article","og_title":"Ligita Austrupe iev\u0113l\u0113ta par RB Rail AS padomes priek\u0161s\u0113d\u0113t\u0101ju - RB","og_description":"Par Rail Baltica kopuz\u0146\u0113muma RB Rail AS padomes priek\u0161s\u0113d\u0113t\u0101ju iev\u0113l\u0113ta Ligita Austrupe, Satiksmes ministrijas valsts sekret\u0101ra vietniece\u202f finan\u0161u att\u012bst\u012bbas, invest\u012bciju, ES lietu koordin\u0101cijas jaut\u0101jumos un akt\u012bva RB Rail AS padomes locekle kop\u0161 2019. gada, aizst\u0101jot l\u012bdz\u0161in\u0113jo padomes priek\u0161s\u0113d\u0113t\u0101ju Romu \u0160vedu (Romas \u0160vedas).\u00a0\u00a0","og_url":"https:\/\/www.railbaltica.org\/lv\/jaunumi\/ligita-austrupe-ieveleta-par-rb-rail-as-padomes-priekssedetaju\/","og_site_name":"RB","article_modified_time":"2025-08-20T07:29:35+00:00","og_image":[{"width":470,"height":422,"url":"https:\/\/www.railbaltica.org\/wp-content\/uploads\/2025\/07\/MicrosoftTeams-image-103-1.jpg","type":"image\/jpeg"}],"twitter_card":"summary_large_image","schema":{"@context":"https:\/\/schema.org","@graph":[{"@type":"WebPage","@id":"https:\/\/www.railbaltica.org\/lv\/jaunumi\/ligita-austrupe-ieveleta-par-rb-rail-as-padomes-priekssedetaju\/","url":"https:\/\/www.railbaltica.org\/lv\/jaunumi\/ligita-austrupe-ieveleta-par-rb-rail-as-padomes-priekssedetaju\/","name":"Ligita Austrupe iev\u0113l\u0113ta par RB Rail AS padomes priek\u0161s\u0113d\u0113t\u0101ju - RB","isPartOf":{"@id":"https:\/\/www.railbaltica.org\/#website"},"primaryImageOfPage":{"@id":"https:\/\/www.railbaltica.org\/lv\/jaunumi\/ligita-austrupe-ieveleta-par-rb-rail-as-padomes-priekssedetaju\/#primaryimage"},"image":{"@id":"https:\/\/www.railbaltica.org\/lv\/jaunumi\/ligita-austrupe-ieveleta-par-rb-rail-as-padomes-priekssedetaju\/#primaryimage"},"thumbnailUrl":"https:\/\/www.railbaltica.org\/wp-content\/uploads\/2025\/07\/MicrosoftTeams-image-103-1.jpg","datePublished":"2023-01-05T07:27:50+00:00","dateModified":"2025-08-20T07:29:35+00:00","breadcrumb":{"@id":"https:\/\/www.railbaltica.org\/lv\/jaunumi\/ligita-austrupe-ieveleta-par-rb-rail-as-padomes-priekssedetaju\/#breadcrumb"},"inLanguage":"lv-LV","potentialAction":[{"@type":"ReadAction","target":["https:\/\/www.railbaltica.org\/lv\/jaunumi\/ligita-austrupe-ieveleta-par-rb-rail-as-padomes-priekssedetaju\/"]}]},{"@type":"ImageObject","inLanguage":"lv-LV","@id":"https:\/\/www.railbaltica.org\/lv\/jaunumi\/ligita-austrupe-ieveleta-par-rb-rail-as-padomes-priekssedetaju\/#primaryimage","url":"https:\/\/www.railbaltica.org\/wp-content\/uploads\/2025\/07\/MicrosoftTeams-image-103-1.jpg","contentUrl":"https:\/\/www.railbaltica.org\/wp-content\/uploads\/2025\/07\/MicrosoftTeams-image-103-1.jpg","width":470,"height":422},{"@type":"BreadcrumbList","@id":"https:\/\/www.railbaltica.org\/lv\/jaunumi\/ligita-austrupe-ieveleta-par-rb-rail-as-padomes-priekssedetaju\/#breadcrumb","itemListElement":[{"@type":"ListItem","position":1,"name":"Home","item":"https:\/\/www.railbaltica.org\/lv\/"},{"@type":"ListItem","position":2,"name":"Ligita Austrupe iev\u0113l\u0113ta par RB Rail AS padomes priek\u0161s\u0113d\u0113t\u0101ju"}]},{"@type":"WebSite","@id":"https:\/\/www.railbaltica.org\/#website","url":"https:\/\/www.railbaltica.org\/","name":"RB","description":"","potentialAction":[{"@type":"SearchAction","target":{"@type":"EntryPoint","urlTemplate":"https:\/\/www.railbaltica.org\/?s={search_term_string}"},"query-input":{"@type":"PropertyValueSpecification","valueRequired":true,"valueName":"search_term_string"}}],"inLanguage":"lv-LV"}]}},"_links":{"self":[{"href":"https:\/\/www.railbaltica.org\/lv\/wp-json\/wp\/v2\/news\/13842","targetHints":{"allow":["GET"]}}],"collection":[{"href":"https:\/\/www.railbaltica.org\/lv\/wp-json\/wp\/v2\/news"}],"about":[{"href":"https:\/\/www.railbaltica.org\/lv\/wp-json\/wp\/v2\/types\/news"}],"wp:featuredmedia":[{"embeddable":true,"href":"https:\/\/www.railbaltica.org\/lv\/wp-json\/wp\/v2\/media\/13838"}],"wp:attachment":[{"href":"https:\/\/www.railbaltica.org\/lv\/wp-json\/wp\/v2\/media?parent=13842"}],"wp:term":[{"taxonomy":"news_category","embeddable":true,"href":"https:\/\/www.railbaltica.org\/lv\/wp-json\/wp\/v2\/news_category?post=13842"}],"curies":[{"name":"wp","href":"https:\/\/api.w.org\/{rel}","templated":true}]}}