{"id":13553,"date":"2022-07-26T07:16:07","date_gmt":"2022-07-26T07:16:07","guid":{"rendered":"https:\/\/www.railbaltica.org\/news\/96-starptautiskaja-eiropas-jauniesu-parlamenta-konference-diskutes-par-rail-baltica-un-es-transporta-nakotni\/"},"modified":"2025-08-20T07:20:27","modified_gmt":"2025-08-20T07:20:27","slug":"96-starptautiskaja-eiropas-jauniesu-parlamenta-konference-diskutes-par-rail-baltica-un-es-transporta-nakotni","status":"publish","type":"news","link":"https:\/\/www.railbaltica.org\/lv\/jaunumi\/96-starptautiskaja-eiropas-jauniesu-parlamenta-konference-diskutes-par-rail-baltica-un-es-transporta-nakotni\/","title":{"rendered":"96. Starptautiskaj\u0101 Eiropas Jaunie\u0161u parlamenta konferenc\u0113 diskut\u0113s par Rail Baltica un ES transporta n\u0101kotni"},"content":{"rendered":"<section\n    class=\"align wp-block-hero-page-block relative flex overflow-hidden z-10 mt-20 md:mt-52\"\n>\n            <div\n            class=\"container md:!px-14\"\n        >\n            <div\n                class=\"bg-dark text-white rounded p-4 md:p-10\"\n            >\n                                <div\n    class=\"flex justify-between border-t pt-2.5 my-5 text-sm\"\n>\n    <span>Dalies ar jaunumiem\n<\/span>\n    <ul\n        class=\"flex items-center gap-5\"\n    >\n        <li>\n            <a\n                href=\"https:\/\/www.facebook.com\/sharer\/sharer.php?u=https%3A%2F%2Fwww.railbaltica.org%2Flv%2Fjaunumi%2F96-starptautiskaja-eiropas-jauniesu-parlamenta-konference-diskutes-par-rail-baltica-un-es-transporta-nakotni%2F\"\n                target=\"_blank\"\n                rel=\"noopener noreferrer\"\n                aria-label=\"Share on Facebook\"\n                class=\"transition-opacity hover:opacity-75\"\n            >\n                <svg\n                    width=\"20\"\n                    height=\"20\"\n                    viewBox=\"0 0 20 20\"\n                    fill=\"none\"\n                    xmlns=\"http:\/\/www.w3.org\/2000\/svg\"\n                >\n                    <path\n                        d=\"M7.5 6.66667H5V10H7.5V20H11.6667V10H14.7017L15 6.66667H11.6667V5.2775C11.6667 4.48167 11.8267 4.16667 12.5958 4.16667H15V0H11.8267C8.83 0 7.5 1.31917 7.5 3.84583V6.66667Z\"\n                        fill=\"white\"\n                    \/>\n                <\/svg>\n            <\/a>\n        <\/li>\n        <li>\n            <a\n                href=\"https:\/\/twitter.com\/intent\/tweet?url=https%3A%2F%2Fwww.railbaltica.org%2Flv%2Fjaunumi%2F96-starptautiskaja-eiropas-jauniesu-parlamenta-konference-diskutes-par-rail-baltica-un-es-transporta-nakotni%2F&amp;text=96.+Starptautiskaj%C4%81+Eiropas+Jaunie%C5%A1u+parlamenta+konferenc%C4%93+diskut%C4%93s+par+Rail+Baltica+un+ES+transporta+n%C4%81kotni\"\n                target=\"_blank\"\n                rel=\"noopener noreferrer\"\n                aria-label=\"Share on Twitter\"\n                class=\"transition-opacity hover:opacity-75\"\n            >\n                <svg\n                    width=\"20\"\n                    height=\"20\"\n                    viewBox=\"0 0 20 20\"\n                    fill=\"none\"\n                    xmlns=\"http:\/\/www.w3.org\/2000\/svg\"\n                >\n                    <path\n                        d=\"M14.7313 2.68748H17.238L11.763 8.88248L18.2038 17.3125H13.1597L9.20966 12.2L4.68966 17.3125H2.18299L8.03883 10.6866L1.86133 2.68665H7.03216L10.603 7.35998L14.7322 2.68665L14.7313 2.68748ZM13.8522 15.8275H15.2405L6.27716 4.09415H4.78716L13.8522 15.8275Z\"\n                        fill=\"white\"\n                    \/>\n                <\/svg>\n            <\/a>\n        <\/li>\n        <li>\n            <a\n                href=\"https:\/\/www.linkedin.com\/sharing\/share-offsite\/?url=https%3A%2F%2Fwww.railbaltica.org%2Flv%2Fjaunumi%2F96-starptautiskaja-eiropas-jauniesu-parlamenta-konference-diskutes-par-rail-baltica-un-es-transporta-nakotni%2F\"\n                target=\"_blank\"\n                rel=\"noopener noreferrer\"\n                aria-label=\"Share on LinkedIn\"\n                class=\"transition-opacity hover:opacity-75\"\n            >\n                <svg\n                    width=\"20\"\n                    height=\"20\"\n                    viewBox=\"0 0 20 20\"\n                    fill=\"none\"\n                    xmlns=\"http:\/\/www.w3.org\/2000\/svg\"\n                >\n                    <path\n                        d=\"M18.4097 0.000139829H1.46998C1.27956 -0.00250476 1.09049 0.0323869 0.913553 0.102822C0.73662 0.173257 0.575295 0.277857 0.438791 0.410646C0.302287 0.543436 0.193279 0.701814 0.11799 0.876737C0.0427018 1.05166 0.00260836 1.2397 0 1.43012V18.5699C0.00260836 18.7603 0.0427018 18.9483 0.11799 19.1233C0.193279 19.2982 0.302287 19.4566 0.438791 19.5894C0.575295 19.7221 0.73662 19.8267 0.913553 19.8972C1.09049 19.9676 1.27956 20.0025 1.46998 19.9999H18.4097C18.6002 20.0025 18.7892 19.9676 18.9662 19.8972C19.1431 19.8267 19.3044 19.7221 19.4409 19.5894C19.5774 19.4566 19.6864 19.2982 19.7617 19.1233C19.837 18.9483 19.8771 18.7603 19.8797 18.5699V1.43012C19.8771 1.2397 19.837 1.05166 19.7617 0.876737C19.6864 0.701814 19.5774 0.543436 19.4409 0.410646C19.3044 0.277857 19.1431 0.173257 18.9662 0.102822C18.7892 0.0323869 18.6002 -0.00250476 18.4097 0.000139829ZM6.02992 16.7399H3.02996V7.74003H6.02992V16.7399ZM4.52994 6.48005C4.1162 6.48005 3.71942 6.31569 3.42687 6.02314C3.13431 5.73059 2.96996 5.3338 2.96996 4.92007C2.96996 4.50634 3.13431 4.10955 3.42687 3.817C3.71942 3.52445 4.1162 3.36009 4.52994 3.36009C4.74963 3.33518 4.97211 3.35695 5.1828 3.42398C5.3935 3.491 5.58766 3.60178 5.75258 3.74905C5.91749 3.89632 6.04944 4.07676 6.13979 4.27856C6.23013 4.48036 6.27683 4.69897 6.27683 4.92007C6.27683 5.14117 6.23013 5.35978 6.13979 5.56158C6.04944 5.76338 5.91749 5.94382 5.75258 6.09109C5.58766 6.23836 5.3935 6.34914 5.1828 6.41617C4.97211 6.48319 4.74963 6.50496 4.52994 6.48005ZM16.8498 16.7399H13.8498V11.91C13.8498 10.7 13.4198 9.91 12.3298 9.91C11.9925 9.91247 11.664 10.0183 11.3887 10.2132C11.1133 10.4081 10.9043 10.6827 10.7899 11C10.7116 11.235 10.6777 11.4826 10.6899 11.73V16.7299H7.68989V7.73003H10.6899V9.00001C10.9624 8.52713 11.3587 8.13755 11.8363 7.87323C12.3138 7.60892 12.8544 7.47989 13.3998 7.50003C15.3998 7.50003 16.8498 8.79002 16.8498 11.56V16.7399Z\"\n                        fill=\"white\"\n                    \/>\n                <\/svg>\n            <\/a>\n        <\/li>\n        <li>\n            <button\n                type=\"button\"\n                class=\"copy-url-btn relative my-auto flex transition-opacity hover:opacity-75\"\n                data-url=\"https:\/\/www.railbaltica.org\/lv\/jaunumi\/96-starptautiskaja-eiropas-jauniesu-parlamenta-konference-diskutes-par-rail-baltica-un-es-transporta-nakotni\/\"\n            >\n                <svg\n                    width=\"21\"\n                    height=\"21\"\n                    viewBox=\"0 0 21 21\"\n                    fill=\"none\"\n                    xmlns=\"http:\/\/www.w3.org\/2000\/svg\"\n                >\n                    <path\n                        d=\"M10.5205 20C15.7661 20 20 15.7455 20 10.4795C20 5.23392 15.7661 1 10.5205 1M10.5205 20C5.25446 20 1 15.7455 1 10.4795C1 5.23392 5.25446 1 10.5205 1M10.5205 20V1M18.7429 5.75H2.26324M18.7958 15.1345H2.21035M1.05135 10.5H19.9486M10.5103 20C13.1333 20 15.25 15.7455 15.25 10.4795C15.25 5.23392 13.1333 1 10.5103 1C7.87697 1 5.75 5.23392 5.75 10.4795C5.75 15.7455 7.87697 20 10.5103 20Z\"\n                        stroke=\"white\"\n                        stroke-linecap=\"round\"\n                        stroke-linejoin=\"round\"\n                    \/>\n                <\/svg>\n                <span\n                    class=\"absolute hidden translate-x-[-10px] translate-y-[30px]\"\n                >Copied!<\/span>\n            <\/button>\n        <\/li>\n    <\/ul>\n<\/div>\n\n                                    <time\n                        datetime=\"\"\n                        class=\"mb-2.5 flex text-xl text-blue\"\n                    >\n                        26.07.2022\n                    <\/time>\n                \n                                    <h1 class='h1 max-w-198'>\n            96. Starptautiskaj\u0101 Eiropas Jaunie\u0161u parlamenta konferenc\u0113 diskut\u0113s par Rail Baltica un ES transporta n\u0101kotni\n        <\/h1>\n                \n                            <\/div>\n        <\/div>\n    <\/section>\n\n<section\n    class=\"overflow-hidden py-5 md:pt-10 md:pb-5 align wp-block-excerpt-block\"\n>\n    <div\n        class=\"container relative flex flex-col items-start z-10 md:text-xl lg:!px-4\"\n    >\n                    <div\n                class=\"textual w-full text-dark text-xl lg:px-12 md:mx-auto md:max-w-222 md:text-xl\"\n            >\n                Eiropas Jaunie\u0161u parlamenta 96. Starptautisk\u0101 konference \u0161oned\u0113\u013c R\u012bg\u0101 pulc\u0113s vair\u0101k nek\u0101 200 jaunie\u0161us no 30 da\u017e\u0101d\u0101m Eiropas valst\u012bm, lai diskut\u0113tu par tehnolo\u0123iju, mobilit\u0101tes un digitaliz\u0101cijas noz\u012bmi m\u016bsdienu Eiropas sabiedr\u012bb\u0101. Viena no diskusijas t\u0113m\u0101m \u2013 Eiropas transporta nozares n\u0101kotne un Rail Baltica.\n            <\/div>\n            <\/div>\n<\/section>\n<section\n    class=\"overflow-hidden py-5 md:pt-10 md:pb-5 align wp-block-image-block !pt-[0] !pb-[0]\"\n>\n    <div\n        class=\"container relative flex flex-col items-start z-10\"\n    >\n        <div\n            class=\"w-full text-lg text-dark\"\n        >\n                            <img decoding=\"async\"\n        src=\"https:\/\/www.railbaltica.org\/wp-content\/uploads\/2025\/07\/1920x1080px-1.png\"\n        alt=\"1920x1080px\"\n         title=\"1920x1080px\"         class=\"block w-auto h-auto max-w-full max-h-[600px]\"\n        loading=\"lazy\"\n    \/>\n                                <\/div>\n    <\/div>\n<\/section>\n\n\n<section\n    class=\"py-5 md:py-10 align wp-block-textual-block\"\n>\n    <div\n        class=\"container\"\n    >\n        <div\n            class=\"textual w-full text-xl text-dark break-words [&#038;_span]:!text-dark [&#038;_a]:!text-dark\"\n        >\n                            <p><strong><\/strong><\/p>\n<p>Jaunie\u0161u komandas 9 dienas risin\u0101s ES dienask\u0101rt\u012bb\u0101 eso\u0161os probl\u0113mjaut\u0101jumus, piem\u0113ram, automatiz\u0101ciju darba tirg\u016b, n\u0101kotnes mobilit\u0101tes att\u012bst\u012bbu un dronu izmanto\u0161ana milit\u0101rajos konfliktos. Konferences laik\u0101 jaunie\u0161u paust\u0101s idejas apkopot un piel\u0101got ikdienas dz\u012bvei pal\u012bdz\u0113s ar\u012b pieredz\u0113ju\u0161u un kompetentu ekspertu komanda, kur\u0101 piedal\u0101s Eiropas Komisijas p\u0101rst\u0101vniec\u012bbas ekonomikas padomnieks M\u0101rti\u0146\u0161 Zem\u012btis, nodibin\u0101juma \u201cIesp\u0113jam\u0101 misija\u201d att\u012bst\u012bbas vad\u012bt\u0101ja Ance Jaks, person\u0101lvad\u012bbas tehnolo\u0123iju uz\u0146\u0113muma \u201cUpMatched\u201d l\u012bdzdibin\u0101t\u0101js Ri\u010dards Kri\u017eanovskis, Apvienoto N\u0101ciju organiz\u0101cijas b\u0113g\u013cu a\u0123ent\u016bras asoci\u0113tais jurists Kari Kaspers, Kembrid\u017eas universit\u0101tes p\u0113tnieks un NATO Strat\u0113\u0123isk\u0101s komunik\u0101cijas centra eksperts Tomass Pildegovi\u010ds u.c.<\/p>\n<p><strong>ES dzelzce\u013c\u0161 un Rail Baltica: ko jaunie\u0161i sagaida n\u0101kotn\u0113, dom\u0101jot par \u0101tru, za\u013cu un dro\u0161u mobilit\u0101ti<\/strong><\/p>\n<p>Lai jaunie\u0161iem b\u016btu iesp\u0113ja veidot dialogu ar da\u017e\u0101du jomu ekspertiem, 27. j\u016blij\u0101 no plkst. 19:00 l\u012bdz 21:00 Latvijas Universit\u0101tes telp\u0101s norisin\u0101sies diskusiju vakars. Diskusija, kas tiks velt\u012bta Rail Baltica un ES transporta sist\u0113mas un \u012bpa\u0161i dzelzce\u013ca att\u012bst\u012bbas perspekt\u012bv\u0101m, norisin\u0101sies ar\u012b tie\u0161saist\u0113 Rail Baltica glob\u0101l\u0101 projekta un Eiropas Jaunie\u0161u parlamenta Facebook vietn\u0113s.<\/p>\n<p>Diskusij\u0101 piedal\u012bsies Art\u016brs Caune, Eiropas dzelzce\u013ca l\u012bnijas valdes loceklis, Ivars \u012ajabs, Eiropas Parlamenta deput\u0101ts, K\u0101rlis B\u016bmeisters, EP politiskais padomnieks, S\u0101ra Bitnere, Eiropas Jaunie\u0161u parlamenta\u00a0komunik\u0101cijas projektu vad\u012bt\u0101ja, Valters Piepi\u0146\u0161, jaunietis, kas izmanto Eiropas pied\u0101v\u0101t\u0101s iesp\u0113jas, \u201cDiscover EU 2022\u201d dal\u012bbnieks un diskusijas moderators Signe Groza, RB Rail AS starptautisko lietu un sadarb\u012bbas vad\u012bt\u0101ja, un t\u0101s laik\u0101 var\u0113s g\u016bt ieskatu par ES transporta sist\u0113mas un \u012bpa\u0161i dzelzce\u013ca att\u012bst\u012bbas perspekt\u012bv\u0101m, uzzin\u0101t vair\u0101k par Rail Baltica un piedal\u012bties aizraujo\u0161\u0101s jaut\u0101jumu un atbil\u017eu sesij\u0101s.<\/p>\n<p>\u201cM\u0113s esam \u013coti priec\u012bgi dal\u012bties jaunie\u0161u skat\u012bjum\u0101 ar Rail Baltica par \u0161o svar\u012bgo projektu, jo \u012bpa\u0161i jaunie\u0161i ir tie, kas pieprasa ilgtsp\u0113j\u012bg\u0101kus p\u0101rvieto\u0161an\u0101s veidus un izmantos \u0161os pakalpojumus ar\u012b turpm\u0101k. Jaunatne k\u0101 akt\u012bva pilsonisk\u0101s sabiedr\u012bbas da\u013ca ir j\u0101uzklausa un j\u0101iek\u013cauj l\u0113mumu pie\u0146em\u0161anas procesos, k\u0101 ar\u012b politikas veido\u0161an\u0101. Eiropas Jaunie\u0161u parlaments cen\u0161as iek\u013caut jaunie\u0161us no jebkuras soci\u0101li ekonomisk\u0101s vides, dzimuma, etnisk\u0101s pieder\u012bbas un dz\u012bvesvietas un izveidot platformu dialogam starp jaunie\u0161iem un sabiedr\u012bbas ieinteres\u0113taj\u0101m person\u0101m. Ar savu misiju savienot Eiropu, piedaloties t\u0101dos pas\u0101kumos k\u0101 R\u012bgas Starptautisk\u0101 sesija 2022, m\u0113s liel\u0101 m\u0113r\u0101 pa\u013caujamies uz pieejamu un ilgtsp\u0113j\u012bgu transportu un p\u0101rrobe\u017eu savienojumiem n\u0101kotn\u0113,\u201d sac\u012bja <strong>S\u0101ra Bitnere<\/strong>, Eiropas Jaunie\u0161u parlamenta\u00a0komunik\u0101cijas projektu vad\u012bt\u0101ja.<\/p>\n<p>Konferences run\u0101t\u0101ju un goda viesu starp\u0101 ir ar\u012b R\u012bgas Domes vicem\u0113rs Edvards Smilt\u0113ns, Eiropas Parlamenta deput\u0101te Dace Melb\u0101rde, k\u0101 ar\u012b Eiropas Komisijas p\u0101rst\u0101vniec\u012bbas Latvij\u0101 vad\u012bt\u0101ja Zane Petre. Savuk\u0101rt starptautisk\u0101 m\u0113rog\u0101 konferenci apmekl\u0113s Eiropas Jaunie\u0161u parlamenta partnerorganiz\u0101cijas \u201cSchwarzkopf Foundation Young Europe\u201d valdes priek\u0161s\u0113d\u0113t\u0101js Andr\u0113 \u0160mits-\u0160varckops, k\u0101 ar\u012b organiz\u0101cijas izpilddirektore Luisa Seilere.<\/p>\n<p>Saite uz diskusijas tie\u0161saistes norisi: <a href=\"https:\/\/fb.me\/e\/3qG4JVJuK\">https:\/\/fb.me\/e\/3qG4JVJuK<\/a><\/p>\n\n                    <\/div>\n    <\/div>\n<\/section>\n\n\n\n<section\n    class=\"overflow-hidden py-5 md:pt-5 md:pb-10 align wp-block-button-cta-block !pt-[0]\"\n>\n    <div\n        class=\"container w-full relative flex flex-col items-start z-10\"\n    >\n        <div\n            class=\"w-full border-t border-dark pt-5 mt-4 md:mt-5 md:pt-10\"\n        >\n        <\/div>\n\n                    <a\n        href=\"\/lv\/zinas\/\"\n                class=\"btn-outline-dark mx-auto\"\n    >\n        \n        Atpaka\u013c zi\u0146\u0101m\n        \n        \n    <\/a>\n            <\/div>\n<\/section>\n","protected":false},"excerpt":{"rendered":"<p>Eiropas Jaunie\u0161u parlamenta 96. Starptautisk\u0101 konference \u0161oned\u0113\u013c R\u012bg\u0101 pulc\u0113s vair\u0101k nek\u0101 200 jaunie\u0161us no 30 da\u017e\u0101d\u0101m Eiropas valst\u012bm, lai diskut\u0113tu par tehnolo\u0123iju, mobilit\u0101tes un digitaliz\u0101cijas noz\u012bmi m\u016bsdienu Eiropas sabiedr\u012bb\u0101. Viena no diskusijas t\u0113m\u0101m \u2013 Eiropas transporta nozares n\u0101kotne un Rail Baltica.<\/p>\n","protected":false},"featured_media":13551,"template":"","news_category":[412,439,684,497,406],"class_list":["post-13553","news","type-news","status-publish","has-post-thumbnail","hentry","news_category-ceftransport-lv","news_category-ceftransport-lv-2","news_category-ceftransport-lv-4","news_category-eyp-lv","news_category-rail-baltica-lv"],"acf":[],"yoast_head":"<!-- This site is optimized with the Yoast SEO plugin v27.5 - https:\/\/yoast.com\/product\/yoast-seo-wordpress\/ -->\n<title>96. Starptautiskaj\u0101 Eiropas Jaunie\u0161u parlamenta konferenc\u0113 diskut\u0113s par Rail Baltica un ES transporta n\u0101kotni - RB<\/title>\n<meta name=\"robots\" content=\"index, follow, max-snippet:-1, max-image-preview:large, max-video-preview:-1\" \/>\n<link rel=\"canonical\" href=\"https:\/\/www.railbaltica.org\/lv\/jaunumi\/96-starptautiskaja-eiropas-jauniesu-parlamenta-konference-diskutes-par-rail-baltica-un-es-transporta-nakotni\/\" \/>\n<meta property=\"og:locale\" content=\"lv_LV\" \/>\n<meta property=\"og:type\" content=\"article\" \/>\n<meta property=\"og:title\" content=\"96. Starptautiskaj\u0101 Eiropas Jaunie\u0161u parlamenta konferenc\u0113 diskut\u0113s par Rail Baltica un ES transporta n\u0101kotni - RB\" \/>\n<meta property=\"og:description\" content=\"Eiropas Jaunie\u0161u parlamenta 96. Starptautisk\u0101 konference \u0161oned\u0113\u013c R\u012bg\u0101 pulc\u0113s vair\u0101k nek\u0101 200 jaunie\u0161us no 30 da\u017e\u0101d\u0101m Eiropas valst\u012bm, lai diskut\u0113tu par tehnolo\u0123iju, mobilit\u0101tes un digitaliz\u0101cijas noz\u012bmi m\u016bsdienu Eiropas sabiedr\u012bb\u0101. Viena no diskusijas t\u0113m\u0101m \u2013 Eiropas transporta nozares n\u0101kotne un Rail Baltica.\" \/>\n<meta property=\"og:url\" content=\"https:\/\/www.railbaltica.org\/lv\/jaunumi\/96-starptautiskaja-eiropas-jauniesu-parlamenta-konference-diskutes-par-rail-baltica-un-es-transporta-nakotni\/\" \/>\n<meta property=\"og:site_name\" content=\"RB\" \/>\n<meta property=\"article:modified_time\" content=\"2025-08-20T07:20:27+00:00\" \/>\n<meta property=\"og:image\" content=\"https:\/\/www.railbaltica.org\/wp-content\/uploads\/2025\/07\/1920x1080px-1.png\" \/>\n\t<meta property=\"og:image:width\" content=\"1920\" \/>\n\t<meta property=\"og:image:height\" content=\"1080\" \/>\n\t<meta property=\"og:image:type\" content=\"image\/png\" \/>\n<meta name=\"twitter:card\" content=\"summary_large_image\" \/>\n<script type=\"application\/ld+json\" class=\"yoast-schema-graph\">{\"@context\":\"https:\\\/\\\/schema.org\",\"@graph\":[{\"@type\":\"WebPage\",\"@id\":\"https:\\\/\\\/www.railbaltica.org\\\/lv\\\/jaunumi\\\/96-starptautiskaja-eiropas-jauniesu-parlamenta-konference-diskutes-par-rail-baltica-un-es-transporta-nakotni\\\/\",\"url\":\"https:\\\/\\\/www.railbaltica.org\\\/lv\\\/jaunumi\\\/96-starptautiskaja-eiropas-jauniesu-parlamenta-konference-diskutes-par-rail-baltica-un-es-transporta-nakotni\\\/\",\"name\":\"96. Starptautiskaj\u0101 Eiropas Jaunie\u0161u parlamenta konferenc\u0113 diskut\u0113s par Rail Baltica un ES transporta n\u0101kotni - RB\",\"isPartOf\":{\"@id\":\"https:\\\/\\\/www.railbaltica.org\\\/#website\"},\"primaryImageOfPage\":{\"@id\":\"https:\\\/\\\/www.railbaltica.org\\\/lv\\\/jaunumi\\\/96-starptautiskaja-eiropas-jauniesu-parlamenta-konference-diskutes-par-rail-baltica-un-es-transporta-nakotni\\\/#primaryimage\"},\"image\":{\"@id\":\"https:\\\/\\\/www.railbaltica.org\\\/lv\\\/jaunumi\\\/96-starptautiskaja-eiropas-jauniesu-parlamenta-konference-diskutes-par-rail-baltica-un-es-transporta-nakotni\\\/#primaryimage\"},\"thumbnailUrl\":\"https:\\\/\\\/www.railbaltica.org\\\/wp-content\\\/uploads\\\/2025\\\/07\\\/1920x1080px-1.png\",\"datePublished\":\"2022-07-26T07:16:07+00:00\",\"dateModified\":\"2025-08-20T07:20:27+00:00\",\"breadcrumb\":{\"@id\":\"https:\\\/\\\/www.railbaltica.org\\\/lv\\\/jaunumi\\\/96-starptautiskaja-eiropas-jauniesu-parlamenta-konference-diskutes-par-rail-baltica-un-es-transporta-nakotni\\\/#breadcrumb\"},\"inLanguage\":\"lv-LV\",\"potentialAction\":[{\"@type\":\"ReadAction\",\"target\":[\"https:\\\/\\\/www.railbaltica.org\\\/lv\\\/jaunumi\\\/96-starptautiskaja-eiropas-jauniesu-parlamenta-konference-diskutes-par-rail-baltica-un-es-transporta-nakotni\\\/\"]}]},{\"@type\":\"ImageObject\",\"inLanguage\":\"lv-LV\",\"@id\":\"https:\\\/\\\/www.railbaltica.org\\\/lv\\\/jaunumi\\\/96-starptautiskaja-eiropas-jauniesu-parlamenta-konference-diskutes-par-rail-baltica-un-es-transporta-nakotni\\\/#primaryimage\",\"url\":\"https:\\\/\\\/www.railbaltica.org\\\/wp-content\\\/uploads\\\/2025\\\/07\\\/1920x1080px-1.png\",\"contentUrl\":\"https:\\\/\\\/www.railbaltica.org\\\/wp-content\\\/uploads\\\/2025\\\/07\\\/1920x1080px-1.png\",\"width\":1920,\"height\":1080},{\"@type\":\"BreadcrumbList\",\"@id\":\"https:\\\/\\\/www.railbaltica.org\\\/lv\\\/jaunumi\\\/96-starptautiskaja-eiropas-jauniesu-parlamenta-konference-diskutes-par-rail-baltica-un-es-transporta-nakotni\\\/#breadcrumb\",\"itemListElement\":[{\"@type\":\"ListItem\",\"position\":1,\"name\":\"Home\",\"item\":\"https:\\\/\\\/www.railbaltica.org\\\/lv\\\/\"},{\"@type\":\"ListItem\",\"position\":2,\"name\":\"96. Starptautiskaj\u0101 Eiropas Jaunie\u0161u parlamenta konferenc\u0113 diskut\u0113s par Rail Baltica un ES transporta n\u0101kotni\"}]},{\"@type\":\"WebSite\",\"@id\":\"https:\\\/\\\/www.railbaltica.org\\\/#website\",\"url\":\"https:\\\/\\\/www.railbaltica.org\\\/\",\"name\":\"RB\",\"description\":\"\",\"potentialAction\":[{\"@type\":\"SearchAction\",\"target\":{\"@type\":\"EntryPoint\",\"urlTemplate\":\"https:\\\/\\\/www.railbaltica.org\\\/?s={search_term_string}\"},\"query-input\":{\"@type\":\"PropertyValueSpecification\",\"valueRequired\":true,\"valueName\":\"search_term_string\"}}],\"inLanguage\":\"lv-LV\"}]}<\/script>\n<!-- \/ Yoast SEO plugin. -->","yoast_head_json":{"title":"96. Starptautiskaj\u0101 Eiropas Jaunie\u0161u parlamenta konferenc\u0113 diskut\u0113s par Rail Baltica un ES transporta n\u0101kotni - RB","robots":{"index":"index","follow":"follow","max-snippet":"max-snippet:-1","max-image-preview":"max-image-preview:large","max-video-preview":"max-video-preview:-1"},"canonical":"https:\/\/www.railbaltica.org\/lv\/jaunumi\/96-starptautiskaja-eiropas-jauniesu-parlamenta-konference-diskutes-par-rail-baltica-un-es-transporta-nakotni\/","og_locale":"lv_LV","og_type":"article","og_title":"96. Starptautiskaj\u0101 Eiropas Jaunie\u0161u parlamenta konferenc\u0113 diskut\u0113s par Rail Baltica un ES transporta n\u0101kotni - RB","og_description":"Eiropas Jaunie\u0161u parlamenta 96. Starptautisk\u0101 konference \u0161oned\u0113\u013c R\u012bg\u0101 pulc\u0113s vair\u0101k nek\u0101 200 jaunie\u0161us no 30 da\u017e\u0101d\u0101m Eiropas valst\u012bm, lai diskut\u0113tu par tehnolo\u0123iju, mobilit\u0101tes un digitaliz\u0101cijas noz\u012bmi m\u016bsdienu Eiropas sabiedr\u012bb\u0101. Viena no diskusijas t\u0113m\u0101m \u2013 Eiropas transporta nozares n\u0101kotne un Rail Baltica.","og_url":"https:\/\/www.railbaltica.org\/lv\/jaunumi\/96-starptautiskaja-eiropas-jauniesu-parlamenta-konference-diskutes-par-rail-baltica-un-es-transporta-nakotni\/","og_site_name":"RB","article_modified_time":"2025-08-20T07:20:27+00:00","og_image":[{"width":1920,"height":1080,"url":"https:\/\/www.railbaltica.org\/wp-content\/uploads\/2025\/07\/1920x1080px-1.png","type":"image\/png"}],"twitter_card":"summary_large_image","schema":{"@context":"https:\/\/schema.org","@graph":[{"@type":"WebPage","@id":"https:\/\/www.railbaltica.org\/lv\/jaunumi\/96-starptautiskaja-eiropas-jauniesu-parlamenta-konference-diskutes-par-rail-baltica-un-es-transporta-nakotni\/","url":"https:\/\/www.railbaltica.org\/lv\/jaunumi\/96-starptautiskaja-eiropas-jauniesu-parlamenta-konference-diskutes-par-rail-baltica-un-es-transporta-nakotni\/","name":"96. Starptautiskaj\u0101 Eiropas Jaunie\u0161u parlamenta konferenc\u0113 diskut\u0113s par Rail Baltica un ES transporta n\u0101kotni - RB","isPartOf":{"@id":"https:\/\/www.railbaltica.org\/#website"},"primaryImageOfPage":{"@id":"https:\/\/www.railbaltica.org\/lv\/jaunumi\/96-starptautiskaja-eiropas-jauniesu-parlamenta-konference-diskutes-par-rail-baltica-un-es-transporta-nakotni\/#primaryimage"},"image":{"@id":"https:\/\/www.railbaltica.org\/lv\/jaunumi\/96-starptautiskaja-eiropas-jauniesu-parlamenta-konference-diskutes-par-rail-baltica-un-es-transporta-nakotni\/#primaryimage"},"thumbnailUrl":"https:\/\/www.railbaltica.org\/wp-content\/uploads\/2025\/07\/1920x1080px-1.png","datePublished":"2022-07-26T07:16:07+00:00","dateModified":"2025-08-20T07:20:27+00:00","breadcrumb":{"@id":"https:\/\/www.railbaltica.org\/lv\/jaunumi\/96-starptautiskaja-eiropas-jauniesu-parlamenta-konference-diskutes-par-rail-baltica-un-es-transporta-nakotni\/#breadcrumb"},"inLanguage":"lv-LV","potentialAction":[{"@type":"ReadAction","target":["https:\/\/www.railbaltica.org\/lv\/jaunumi\/96-starptautiskaja-eiropas-jauniesu-parlamenta-konference-diskutes-par-rail-baltica-un-es-transporta-nakotni\/"]}]},{"@type":"ImageObject","inLanguage":"lv-LV","@id":"https:\/\/www.railbaltica.org\/lv\/jaunumi\/96-starptautiskaja-eiropas-jauniesu-parlamenta-konference-diskutes-par-rail-baltica-un-es-transporta-nakotni\/#primaryimage","url":"https:\/\/www.railbaltica.org\/wp-content\/uploads\/2025\/07\/1920x1080px-1.png","contentUrl":"https:\/\/www.railbaltica.org\/wp-content\/uploads\/2025\/07\/1920x1080px-1.png","width":1920,"height":1080},{"@type":"BreadcrumbList","@id":"https:\/\/www.railbaltica.org\/lv\/jaunumi\/96-starptautiskaja-eiropas-jauniesu-parlamenta-konference-diskutes-par-rail-baltica-un-es-transporta-nakotni\/#breadcrumb","itemListElement":[{"@type":"ListItem","position":1,"name":"Home","item":"https:\/\/www.railbaltica.org\/lv\/"},{"@type":"ListItem","position":2,"name":"96. Starptautiskaj\u0101 Eiropas Jaunie\u0161u parlamenta konferenc\u0113 diskut\u0113s par Rail Baltica un ES transporta n\u0101kotni"}]},{"@type":"WebSite","@id":"https:\/\/www.railbaltica.org\/#website","url":"https:\/\/www.railbaltica.org\/","name":"RB","description":"","potentialAction":[{"@type":"SearchAction","target":{"@type":"EntryPoint","urlTemplate":"https:\/\/www.railbaltica.org\/?s={search_term_string}"},"query-input":{"@type":"PropertyValueSpecification","valueRequired":true,"valueName":"search_term_string"}}],"inLanguage":"lv-LV"}]}},"_links":{"self":[{"href":"https:\/\/www.railbaltica.org\/lv\/wp-json\/wp\/v2\/news\/13553","targetHints":{"allow":["GET"]}}],"collection":[{"href":"https:\/\/www.railbaltica.org\/lv\/wp-json\/wp\/v2\/news"}],"about":[{"href":"https:\/\/www.railbaltica.org\/lv\/wp-json\/wp\/v2\/types\/news"}],"wp:featuredmedia":[{"embeddable":true,"href":"https:\/\/www.railbaltica.org\/lv\/wp-json\/wp\/v2\/media\/13551"}],"wp:attachment":[{"href":"https:\/\/www.railbaltica.org\/lv\/wp-json\/wp\/v2\/media?parent=13553"}],"wp:term":[{"taxonomy":"news_category","embeddable":true,"href":"https:\/\/www.railbaltica.org\/lv\/wp-json\/wp\/v2\/news_category?post=13553"}],"curies":[{"name":"wp","href":"https:\/\/api.w.org\/{rel}","templated":true}]}}