{"id":13147,"date":"2021-09-21T07:03:35","date_gmt":"2021-09-21T07:03:35","guid":{"rendered":"https:\/\/www.railbaltica.org\/news\/sodien-no-tallinas-stacijas-cela-dodas-eiropas-savienosanas-ekspresa-baltijas-vilciens\/"},"modified":"2025-08-20T07:21:14","modified_gmt":"2025-08-20T07:21:14","slug":"sodien-no-tallinas-stacijas-cela-dodas-eiropas-savienosanas-ekspresa-baltijas-vilciens","status":"publish","type":"news","link":"https:\/\/www.railbaltica.org\/lv\/jaunumi\/sodien-no-tallinas-stacijas-cela-dodas-eiropas-savienosanas-ekspresa-baltijas-vilciens\/","title":{"rendered":"\u0160odien no Tallinas stacijas ce\u013c\u0101 dodas \u201cEiropas savieno\u0161anas ekspre\u0161a\u201d Baltijas vilciens"},"content":{"rendered":"<section\n    class=\"align wp-block-hero-page-block relative flex overflow-hidden z-10 mt-20 md:mt-52\"\n>\n            <div\n            class=\"container md:!px-14\"\n        >\n            <div\n                class=\"bg-dark text-white rounded p-4 md:p-10\"\n            >\n                                <div\n    class=\"flex justify-between border-t pt-2.5 my-5 text-sm\"\n>\n    <span>Dalies ar jaunumiem\n<\/span>\n    <ul\n        class=\"flex items-center gap-5\"\n    >\n        <li>\n            <a\n                href=\"https:\/\/www.facebook.com\/sharer\/sharer.php?u=https%3A%2F%2Fwww.railbaltica.org%2Flv%2Fjaunumi%2Fsodien-no-tallinas-stacijas-cela-dodas-eiropas-savienosanas-ekspresa-baltijas-vilciens%2F\"\n                target=\"_blank\"\n                rel=\"noopener noreferrer\"\n                aria-label=\"Share on Facebook\"\n                class=\"transition-opacity hover:opacity-75\"\n            >\n                <svg\n                    width=\"20\"\n                    height=\"20\"\n                    viewBox=\"0 0 20 20\"\n                    fill=\"none\"\n                    xmlns=\"http:\/\/www.w3.org\/2000\/svg\"\n                >\n                    <path\n                        d=\"M7.5 6.66667H5V10H7.5V20H11.6667V10H14.7017L15 6.66667H11.6667V5.2775C11.6667 4.48167 11.8267 4.16667 12.5958 4.16667H15V0H11.8267C8.83 0 7.5 1.31917 7.5 3.84583V6.66667Z\"\n                        fill=\"white\"\n                    \/>\n                <\/svg>\n            <\/a>\n        <\/li>\n        <li>\n            <a\n                href=\"https:\/\/twitter.com\/intent\/tweet?url=https%3A%2F%2Fwww.railbaltica.org%2Flv%2Fjaunumi%2Fsodien-no-tallinas-stacijas-cela-dodas-eiropas-savienosanas-ekspresa-baltijas-vilciens%2F&amp;text=%C5%A0odien+no+Tallinas+stacijas+ce%C4%BC%C4%81+dodas+%E2%80%9CEiropas+savieno%C5%A1anas+ekspre%C5%A1a%E2%80%9D+Baltijas+vilciens\"\n                target=\"_blank\"\n                rel=\"noopener noreferrer\"\n                aria-label=\"Share on Twitter\"\n                class=\"transition-opacity hover:opacity-75\"\n            >\n                <svg\n                    width=\"20\"\n                    height=\"20\"\n                    viewBox=\"0 0 20 20\"\n                    fill=\"none\"\n                    xmlns=\"http:\/\/www.w3.org\/2000\/svg\"\n                >\n                    <path\n                        d=\"M14.7313 2.68748H17.238L11.763 8.88248L18.2038 17.3125H13.1597L9.20966 12.2L4.68966 17.3125H2.18299L8.03883 10.6866L1.86133 2.68665H7.03216L10.603 7.35998L14.7322 2.68665L14.7313 2.68748ZM13.8522 15.8275H15.2405L6.27716 4.09415H4.78716L13.8522 15.8275Z\"\n                        fill=\"white\"\n                    \/>\n                <\/svg>\n            <\/a>\n        <\/li>\n        <li>\n            <a\n                href=\"https:\/\/www.linkedin.com\/sharing\/share-offsite\/?url=https%3A%2F%2Fwww.railbaltica.org%2Flv%2Fjaunumi%2Fsodien-no-tallinas-stacijas-cela-dodas-eiropas-savienosanas-ekspresa-baltijas-vilciens%2F\"\n                target=\"_blank\"\n                rel=\"noopener noreferrer\"\n                aria-label=\"Share on LinkedIn\"\n                class=\"transition-opacity hover:opacity-75\"\n            >\n                <svg\n                    width=\"20\"\n                    height=\"20\"\n                    viewBox=\"0 0 20 20\"\n                    fill=\"none\"\n                    xmlns=\"http:\/\/www.w3.org\/2000\/svg\"\n                >\n                    <path\n                        d=\"M18.4097 0.000139829H1.46998C1.27956 -0.00250476 1.09049 0.0323869 0.913553 0.102822C0.73662 0.173257 0.575295 0.277857 0.438791 0.410646C0.302287 0.543436 0.193279 0.701814 0.11799 0.876737C0.0427018 1.05166 0.00260836 1.2397 0 1.43012V18.5699C0.00260836 18.7603 0.0427018 18.9483 0.11799 19.1233C0.193279 19.2982 0.302287 19.4566 0.438791 19.5894C0.575295 19.7221 0.73662 19.8267 0.913553 19.8972C1.09049 19.9676 1.27956 20.0025 1.46998 19.9999H18.4097C18.6002 20.0025 18.7892 19.9676 18.9662 19.8972C19.1431 19.8267 19.3044 19.7221 19.4409 19.5894C19.5774 19.4566 19.6864 19.2982 19.7617 19.1233C19.837 18.9483 19.8771 18.7603 19.8797 18.5699V1.43012C19.8771 1.2397 19.837 1.05166 19.7617 0.876737C19.6864 0.701814 19.5774 0.543436 19.4409 0.410646C19.3044 0.277857 19.1431 0.173257 18.9662 0.102822C18.7892 0.0323869 18.6002 -0.00250476 18.4097 0.000139829ZM6.02992 16.7399H3.02996V7.74003H6.02992V16.7399ZM4.52994 6.48005C4.1162 6.48005 3.71942 6.31569 3.42687 6.02314C3.13431 5.73059 2.96996 5.3338 2.96996 4.92007C2.96996 4.50634 3.13431 4.10955 3.42687 3.817C3.71942 3.52445 4.1162 3.36009 4.52994 3.36009C4.74963 3.33518 4.97211 3.35695 5.1828 3.42398C5.3935 3.491 5.58766 3.60178 5.75258 3.74905C5.91749 3.89632 6.04944 4.07676 6.13979 4.27856C6.23013 4.48036 6.27683 4.69897 6.27683 4.92007C6.27683 5.14117 6.23013 5.35978 6.13979 5.56158C6.04944 5.76338 5.91749 5.94382 5.75258 6.09109C5.58766 6.23836 5.3935 6.34914 5.1828 6.41617C4.97211 6.48319 4.74963 6.50496 4.52994 6.48005ZM16.8498 16.7399H13.8498V11.91C13.8498 10.7 13.4198 9.91 12.3298 9.91C11.9925 9.91247 11.664 10.0183 11.3887 10.2132C11.1133 10.4081 10.9043 10.6827 10.7899 11C10.7116 11.235 10.6777 11.4826 10.6899 11.73V16.7299H7.68989V7.73003H10.6899V9.00001C10.9624 8.52713 11.3587 8.13755 11.8363 7.87323C12.3138 7.60892 12.8544 7.47989 13.3998 7.50003C15.3998 7.50003 16.8498 8.79002 16.8498 11.56V16.7399Z\"\n                        fill=\"white\"\n                    \/>\n                <\/svg>\n            <\/a>\n        <\/li>\n        <li>\n            <button\n                type=\"button\"\n                class=\"copy-url-btn relative my-auto flex transition-opacity hover:opacity-75\"\n                data-url=\"https:\/\/www.railbaltica.org\/lv\/jaunumi\/sodien-no-tallinas-stacijas-cela-dodas-eiropas-savienosanas-ekspresa-baltijas-vilciens\/\"\n            >\n                <svg\n                    width=\"21\"\n                    height=\"21\"\n                    viewBox=\"0 0 21 21\"\n                    fill=\"none\"\n                    xmlns=\"http:\/\/www.w3.org\/2000\/svg\"\n                >\n                    <path\n                        d=\"M10.5205 20C15.7661 20 20 15.7455 20 10.4795C20 5.23392 15.7661 1 10.5205 1M10.5205 20C5.25446 20 1 15.7455 1 10.4795C1 5.23392 5.25446 1 10.5205 1M10.5205 20V1M18.7429 5.75H2.26324M18.7958 15.1345H2.21035M1.05135 10.5H19.9486M10.5103 20C13.1333 20 15.25 15.7455 15.25 10.4795C15.25 5.23392 13.1333 1 10.5103 1C7.87697 1 5.75 5.23392 5.75 10.4795C5.75 15.7455 7.87697 20 10.5103 20Z\"\n                        stroke=\"white\"\n                        stroke-linecap=\"round\"\n                        stroke-linejoin=\"round\"\n                    \/>\n                <\/svg>\n                <span\n                    class=\"absolute hidden translate-x-[-10px] translate-y-[30px]\"\n                >Copied!<\/span>\n            <\/button>\n        <\/li>\n    <\/ul>\n<\/div>\n\n                                    <time\n                        datetime=\"\"\n                        class=\"mb-2.5 flex text-xl text-blue\"\n                    >\n                        21.09.2021\n                    <\/time>\n                \n                                    <h1 class='h1 max-w-198'>\n            \u0160odien no Tallinas stacijas ce\u013c\u0101 dodas \u201cEiropas savieno\u0161anas ekspre\u0161a\u201d Baltijas vilciens\n        <\/h1>\n                \n                            <\/div>\n        <\/div>\n    <\/section>\n\n<section\n    class=\"overflow-hidden py-5 md:pt-10 md:pb-5 align wp-block-excerpt-block\"\n>\n    <div\n        class=\"container relative flex flex-col items-start z-10 md:text-xl lg:!px-4\"\n    >\n                    <div\n                class=\"textual w-full text-dark text-xl lg:px-12 md:mx-auto md:max-w-222 md:text-xl\"\n            >\n                \u0160odien, 21. septembr\u012b, Eiropas Dzelzce\u013ca gada pas\u0101kumu programmas (2021) ietvaros no Tallinas l\u012bdz Vi\u013c\u0146ai aties \u201cEiropas savieno\u0161anas ekspre\u0161a\u201d Baltijas vilciens. T\u0101 ietvaros pl\u0101notas publiskas diskusijas un citi notikumi, lai izgaismotu jaut\u0101jumus par p\u0101rmai\u0146\u0101m dzelzce\u013ca nozar\u0113, n\u0101kotnes iesp\u0113j\u0101m pasa\u017eieru un kravu p\u0101rvad\u0101jumos, tostarp saist\u012bb\u0101 ar Rail Baltica glob\u0101l\u0101 projekta ievie\u0161anu.\n            <\/div>\n            <\/div>\n<\/section>\n<section\n    class=\"py-5 md:py-10 align wp-block-textual-block\"\n>\n    <div\n        class=\"container\"\n    >\n        <div\n            class=\"textual w-full text-xl text-dark break-words [&#038;_span]:!text-dark [&#038;_a]:!text-dark\"\n        >\n                            <p><strong><\/strong><\/p>\n\n                    <\/div>\n    <\/div>\n<\/section>\n\n\n<section\n    class=\"overflow-hidden py-5 md:pt-10 md:pb-5 align wp-block-image-block !pt-[0] !pb-[0]\"\n>\n    <div\n        class=\"container relative flex flex-col items-start z-10\"\n    >\n        <div\n            class=\"w-full text-lg text-dark\"\n        >\n                            <img decoding=\"async\"\n        src=\"https:\/\/www.railbaltica.org\/wp-content\/uploads\/2025\/07\/IMG_20210921_084628-1-scaled.jpg\"\n        alt=\"IMG_20210921_084628\"\n         title=\"IMG_20210921_084628\"         class=\"block w-auto h-auto max-w-full max-h-[600px]\"\n        loading=\"lazy\"\n    \/>\n                                <\/div>\n    <\/div>\n<\/section>\n\n\n<section\n    class=\"py-5 md:py-10 align wp-block-textual-block\"\n>\n    <div\n        class=\"container\"\n    >\n        <div\n            class=\"textual w-full text-xl text-dark break-words [&#038;_span]:!text-dark [&#038;_a]:!text-dark\"\n        >\n                            <p>P\u0113c svin\u012bg\u0101s pas\u0101kuma atkl\u0101\u0161anas Tallin\u0101 ar vilcienu uz R\u012bgu dosies satiksmes ministrs Latvij\u0101 T\u0101lis Linkaits, Igaunijas Republikas ekonomikas lietu un infrastrukt\u016bras ministrs T\u0101vi \u0100ss (Taavi Aas), Lietuvas Republikas transporta un komunik\u0101cijas ministrs Marjus Skodis (Marius Skuodis), kop\u0101 ar Eiropas Komisijas Transporta \u0123ener\u0101ldirektor\u0101ta vad\u012bt\u0101ju Henriku Hololeju (Henrik Hololei), Zieme\u013cj\u016bras-Baltijas koridora koordinatori Katr\u012bnu Trautmani (Catherine Trautmann), Somijas Transporta un komunik\u0101cijas ministrijas p\u0101rst\u0101vjiem, Rail Baltica kopuz\u0146\u0113muma RB Rail AS un nacion\u0101lo projekta ievies\u0113ju SIA \u201cEiropas dzelzce\u013ca l\u012bnijas\u201d, Rail Baltic Estonia un Lietuvos gele\u017einkeliai JSC vad\u012bt\u0101ji, k\u0101 ar\u012b citi ar transporta infrastrukt\u016bras vai urb\u0101no att\u012bst\u012bbu saist\u012bti p\u0101rst\u0101vji.<\/p>\n<p>Brauciena laik\u0101 vado\u0161ie dzelzce\u013ca eksperti piedal\u012bsies diskusij\u0101s par p\u0101rmai\u0146\u0101m dzelzce\u013ca sist\u0113m\u0101 un n\u0101kotnes perspekt\u012bv\u0101m pasa\u017eieru un kravu p\u0101rvad\u0101jumos, tostarp jaunaj\u0101 Eiropas platuma dzelzce\u013ca \u201cRail Baltica\u201d l\u012bnij\u0101.<\/p>\n<p><strong>Pas\u0101kumu b\u016bs iesp\u0113jams v\u0113rot, sekojot l\u012bdzi diskusij\u0101m no vilciena <a href=\"https:\/\/www.youtube.com\/watch?v=ulLcI4iyEcU&amp;ab_channel=LTGelezinkeliai\">\u0161eit<\/a>.<\/strong><\/p>\n<p><strong>Plkst. 9:10 <\/strong><\/p>\n<p><strong>Diskusija: Dzelzce\u013ca pozit\u012bv\u0101 loma klimata, uz\u0146\u0113m\u0113jdarb\u012bbas un re\u0123ion\u0101l\u0101s att\u012bst\u012bbas m\u0113r\u0137u sasnieg\u0161anai <\/strong><\/p>\n<p>Diskusijas aizs\u0101ks tr\u012bs Baltijas valstu satiksmes ministri T\u0101lis Linkaits, T\u0101vi \u0100ss (Taavi Aas), Marjus Skodis (Marius Skuodis) un Eiropas Komisijas p\u0101rst\u0101vji Henriks Hololejs (Henrik Hololei) un Katr\u012bna Trautmane (Catherine Trautmann) ar domu apmai\u0146u par svar\u012bg\u0101kiem jaut\u0101jumiem dzelzce\u013ca nozar\u0113 virz\u012bb\u0101 uz za\u013cu un dekarboniz\u0113tu ekonomiku.<\/p>\n<p><strong>Plkst. 11:07 <\/strong><\/p>\n<p>Pietura Tartu pils\u0113t\u0101, kura pretend\u0113 ar\u012b uz Eiropas kult\u016bras galvaspils\u0113tas Igaunij\u0101 (2024) statusu ar pils\u0113tas m\u0113ra dal\u012bbu un renov\u0113t\u0101s Tartu centr\u0101l\u0101s stacijas apskati.<\/p>\n<p><strong>Plkst. 13:30 <\/strong><\/p>\n<p><strong>Diskusija: Dzelzce\u013ca stacijas k\u0101 katalizators pils\u0113tvides att\u012bst\u012bbai <\/strong><\/p>\n<p>M\u016bsdien\u012bga dzelzce\u013ca projektu att\u012bst\u012bba sniedz pils\u0113tu iedz\u012bvot\u0101jiem b\u016btiskus transporta un mobilit\u0101tes ieguvumu, uzlabojot eso\u0161\u0101s mobilit\u0101tes iesp\u0113jas cilv\u0113kiem, kas dz\u012bvo staciju tuvum\u0101, un nodro\u0161inot svar\u012bgus transporta savienojumus starp pla\u0161\u0101ku ekonomiski akt\u012bvo iedz\u012bvot\u0101ju da\u013cu un darba dev\u0113jiem. Taj\u0101 pa\u0161\u0101 lielie infrastrukt\u016bras projekti paver unik\u0101lu iesp\u0113ju izmantot pla\u0161\u0101ku pozit\u012bvo ietekmi gan uz pils\u0113tu att\u012bst\u012bbu, gan re\u0123ionu ekonomiku kopum\u0101. Rail Baltica tiek pl\u0101notas septi\u0146as starptautiskas dzelzce\u013ca stacijas \u2013 Tallina \u00dclemiste un P\u0113rnava (Igaunija), R\u012bgas Centr\u0101l\u0101 stacija un stacija starptautiskaj\u0101 lidost\u0101 \u201cR\u012bga\u201d (Latvija), k\u0101 ar\u012b stacijas Pa\u0146eve\u017e\u0101, Kau\u0146\u0101 un Vi\u013c\u0146\u0101 (Lietuva).<\/p>\n<p>Pane\u013ca ietvaros notiks diskusijas par lab\u0101kaj\u0101m praks\u0113m un noteico\u0161ajiem veiksmes faktoriem, lai piln\u012bb\u0101 izmantotu staciju att\u012bst\u012bbas potenci\u0101lu, veicinot gan pla\u0161\u0101kas mobilit\u0101tes iesp\u0113jas, gan pieejam\u012bbu un ekonomisk\u0101s att\u012bst\u012bbas perspekt\u012bvas. Diskusij\u0101 piedal\u012bsies un to moder\u0113s \u0122irts Bramans, Rail Baltica kopuz\u0146\u0113muma RB Rail AS Sadarb\u012bbas ar strat\u0113\u0123iskajiem partneriem un komunik\u0101ciju vad\u012bt\u0101js, Henriks Hololejs (Henrik Hololei), Vi\u013c\u0146as pils\u0113tas m\u0113rs Remigius \u0160ima\u0161ius (Remigijus \u0160ima\u0161ius), Somijas ekonomikas un nodarbin\u0101t\u012bbas ministrijas valsts sekret\u0101re Pilvi Torsti (Pilvi Torsti), R\u012bgas Domes Pils\u0113tas att\u012bst\u012bbas komitejas priek\u0161s\u0113d\u0113t\u0101ja Inese Andersone, k\u0101 ar\u012b Rail Baltica nacion\u0101lo projekta ievies\u0113ju p\u0101rst\u0101vji Igaunij\u0101 Tonu Grundbergs (T\u00f5nu Gr\u00fcnberg) un Latvij\u0101 Kaspars Vingris.<\/p>\n<p><strong>Plkst. 15:30 <\/strong><\/p>\n<p><strong>Laika kapsulas sagatavo\u0161ana iem\u016br\u0113\u0161anai R\u012bgas Centr\u0101l\u0101s stacijas pamatos un v\u0113sturisk\u0101 centr\u0101l\u0101s stacijas 1. perona apskate<\/strong><\/p>\n<p>Baltijas vilciena ietvaros Baltijas valstu ministri kop\u0101 ar \u201cRail Baltica\u201d projekta p\u0101rst\u0101vjiem sagatavoja laika kapsulu ar v\u0113st\u012bjumu n\u0101kamaj\u0101m paaudz\u0113m, ko pl\u0101nots iem\u016br\u0113t stacijas \u0113kas pamatos. Pas\u0101kuma norisei tie\u0161saist\u0113 var sekot Satiksmes ministrijas un Rail Baltica glob\u0101l\u0101 projekta Facebook vietn\u0113s.<\/p>\n<p>P\u0113cpusdien\u0101 Baltijas vilciens turpin\u0101s ce\u013cu uz Vi\u013c\u0146u, nosl\u0113dzot dienu ar p\u0113d\u0113jo diskusiju.<\/p>\n<p><strong>Plkst. 16:45<\/strong><\/p>\n<p><strong>Kravu p\u0101rvad\u0101jumu iesp\u0113jas Baltijas valst\u012bs \u2013 Rail Baltica un Zieme\u013cj\u016bras koridors <\/strong><\/p>\n<p>Diskusij\u0101 piedal\u012bsies Katr\u012bna Trautmane (Catherine Trautmann), Mantas Bartu\u0161kas (Mantas Bartu\u0161ka) Lietuvas dzelzce\u013ca \u0123ener\u0101ldirektors, Agnis Driksna, Rail Baltica kopuz\u0146\u0113muma RB Rail AS izpilddirektors un valdes priek\u0161s\u0113d\u0113t\u0101js, M\u0101rti\u0146\u0161 Pevko, \u201cLDz Cargo\u201d valdes loceklis, un diskusijas gaitu moder\u0113s Romas \u0160veda (Romas \u0160vedas), Lietuvas dzelzce\u013ca valdes loceklis, neatkar\u012bgais eksperts un pasniedz\u0113js. Diskusijas m\u0113r\u0137is \u2013 dal\u012bties viedok\u013cos, n\u0101kotnes prognoz\u0113s un m\u0113r\u0137os par kravu p\u0101rvad\u0101jumu potenci\u0101lu un perspekt\u012bv\u0101m Baltijas valst\u012bs un Rail Baltica projekta ietekmi.<\/p>\n<p>Dienas izska\u0146\u0101 vilciens piest\u0101s Vi\u013c\u0146\u0101, savuk\u0101rt jau tre\u0161dien, 22. septembr\u012b, Baltijas vilciens turpin\u0101s ce\u013cu uz Kau\u0146u un satiksies ar Eiropas Komisijas \u201cEiropas savieno\u0161anas ekspresi\u201d, kas pa Eiropas platuma dzelzce\u013ca slied\u0113m ierad\u012bsies no Polijas. Abi at\u0161\u0137ir\u012bgo dzelzce\u013ca slie\u017eu platuma vilcieni ierad\u012bsies Kau\u0146\u0101 vienlaic\u012bgi, t\u0101d\u0113j\u0101di apliecinot da\u017e\u0101do dzelzce\u013ca koridoru vienojo\u0161o sp\u0113ku.<\/p>\n<p><strong>\u0160.g. 2. septembr\u012b no Lisabonas centr\u0101l\u0101s stacijas izbrauca \u012bpa\u0161s vilciens \u201cConnecting Europe Express\u201d (Eiropas savieno\u0161anas ekspresis), kas ir centr\u0101l\u0101 Eiropas dzelzce\u013ca gada (2021) aktivit\u0101te. Pl\u0101nots, ka vilciens ce\u013cojuma laik\u0101 apst\u0101sies vair\u0101k nek\u0101 100 pils\u0113t\u0101s, tostarp no 19. l\u012bdz 22. septembra ar \u012bpa\u0161u aktivit\u0101\u0161u ciklu piest\u0101jot Baltijas valst\u012bts \u2013 Igaunij\u0101, Latvij\u0101 un Lietuv\u0101. Galam\u0113r\u0137i Par\u012bz\u0113 Eiropas savienojo\u0161ais ekspresis sasniegs 7. oktobr\u012b.<\/strong><\/p>\n<p>Foto no pas\u0101kuma:<br \/> Ce\u013cojuma s\u0101kums Tallin\u0101<strong><\/p>\n\n                    <\/div>\n    <\/div>\n<\/section>\n\n\n<section\n    class=\"overflow-hidden py-5 md:pt-10 md:pb-5 align wp-block-image-block !pt-[0] !pb-[0]\"\n>\n    <div\n        class=\"container relative flex flex-col items-start z-10\"\n    >\n        <div\n            class=\"w-full text-lg text-dark\"\n        >\n                            <img decoding=\"async\"\n        src=\"https:\/\/www.railbaltica.org\/wp-content\/uploads\/2025\/07\/1-1-scaled.jpg\"\n        alt=\"1 (1)\"\n         title=\"1 (1)\"         class=\"block w-auto h-auto max-w-full max-h-[600px]\"\n        loading=\"lazy\"\n    \/>\n                                <\/div>\n    <\/div>\n<\/section>\n\n\n<section\n    class=\"overflow-hidden py-5 md:pt-10 md:pb-5 align wp-block-image-block !pt-[0] !pb-[0]\"\n>\n    <div\n        class=\"container relative flex flex-col items-start z-10\"\n    >\n        <div\n            class=\"w-full text-lg text-dark\"\n        >\n                            <img decoding=\"async\"\n        src=\"https:\/\/www.railbaltica.org\/wp-content\/uploads\/2025\/07\/f64_Rail_Riga_20220914_032-1-scaled.jpg\"\n        alt=\"Rail_Riga_20220914\"\n         title=\"Rail_Riga_20220914\"         class=\"block w-auto h-auto max-w-full max-h-[600px]\"\n        loading=\"lazy\"\n    \/>\n                                <\/div>\n    <\/div>\n<\/section>\n\n\n<section\n    class=\"overflow-hidden py-5 md:pt-10 md:pb-5 align wp-block-image-block !pt-[0] !pb-[0]\"\n>\n    <div\n        class=\"container relative flex flex-col items-start z-10\"\n    >\n        <div\n            class=\"w-full text-lg text-dark\"\n        >\n                            <img decoding=\"async\"\n        src=\"https:\/\/www.railbaltica.org\/wp-content\/uploads\/2025\/08\/Frame-484343-1.jpg\"\n        alt=\"Frame 484343 (1)\"\n         title=\"Frame 484343 (1)\"         class=\"block w-auto h-auto max-w-full max-h-[600px]\"\n        loading=\"lazy\"\n    \/>\n                                <\/div>\n    <\/div>\n<\/section>\n\n\n<section\n    class=\"overflow-hidden py-5 md:pt-10 md:pb-5 align wp-block-image-block !pt-[0] !pb-[0]\"\n>\n    <div\n        class=\"container relative flex flex-col items-start z-10\"\n    >\n        <div\n            class=\"w-full text-lg text-dark\"\n        >\n                            <img decoding=\"async\"\n        src=\"https:\/\/www.railbaltica.org\/wp-content\/uploads\/2025\/07\/IMG_2424-1.jpg\"\n        alt=\"IMG_2424-1\"\n         title=\"IMG_2424-1\"         class=\"block w-auto h-auto max-w-full max-h-[600px]\"\n        loading=\"lazy\"\n    \/>\n                                <\/div>\n    <\/div>\n<\/section>\n\n\n<section\n    class=\"overflow-hidden py-5 md:pt-10 md:pb-5 align wp-block-image-block !pt-[0] !pb-[0]\"\n>\n    <div\n        class=\"container relative flex flex-col items-start z-10\"\n    >\n        <div\n            class=\"w-full text-lg text-dark\"\n        >\n                            <img decoding=\"async\"\n        src=\"https:\/\/www.railbaltica.org\/wp-content\/uploads\/2025\/08\/5-1-300x200-1.jpg\"\n        alt=\"5-1-300&amp;#215;200\"\n         title=\"5-1-300&amp;#215;200\"         class=\"block w-auto h-auto max-w-full max-h-[600px]\"\n        loading=\"lazy\"\n    \/>\n                                <\/div>\n    <\/div>\n<\/section>\n\n\n<section\n    class=\"overflow-hidden py-5 md:pt-10 md:pb-5 align wp-block-image-block !pt-[0] !pb-[0]\"\n>\n    <div\n        class=\"container relative flex flex-col items-start z-10\"\n    >\n        <div\n            class=\"w-full text-lg text-dark\"\n        >\n                            <img decoding=\"async\"\n        src=\"https:\/\/www.railbaltica.org\/wp-content\/uploads\/2025\/08\/6-1-300x200-2.jpg\"\n        alt=\"6-1-300&amp;#215;200\"\n         title=\"6-1-300&amp;#215;200\"         class=\"block w-auto h-auto max-w-full max-h-[600px]\"\n        loading=\"lazy\"\n    \/>\n                                <\/div>\n    <\/div>\n<\/section>\n\n\n<section\n    class=\"overflow-hidden py-5 md:pt-10 md:pb-5 align wp-block-image-block !pt-[0] !pb-[0]\"\n>\n    <div\n        class=\"container relative flex flex-col items-start z-10\"\n    >\n        <div\n            class=\"w-full text-lg text-dark\"\n        >\n                            <img decoding=\"async\"\n        src=\"https:\/\/www.railbaltica.org\/wp-content\/uploads\/2025\/07\/2-paraksta-lgumu-par-442-miljonu-eiro-es-finansjumu-rail-baltica_22882505497_o-700x467-1.jpg\"\n        alt=\"2-paraksta-lgumu-par-442-miljonu-eiro-es-finansjumu-rail-baltica_22882505497_o-700&amp;#215;467\"\n         title=\"2-paraksta-lgumu-par-442-miljonu-eiro-es-finansjumu-rail-baltica_22882505497_o-700&amp;#215;467\"         class=\"block w-auto h-auto max-w-full max-h-[600px]\"\n        loading=\"lazy\"\n    \/>\n                                <\/div>\n    <\/div>\n<\/section>\n\n\n<section\n    class=\"overflow-hidden py-5 md:pt-10 md:pb-5 align wp-block-image-block !pt-[0] !pb-[0]\"\n>\n    <div\n        class=\"container relative flex flex-col items-start z-10\"\n    >\n        <div\n            class=\"w-full text-lg text-dark\"\n        >\n                            <img decoding=\"async\"\n        src=\"https:\/\/www.railbaltica.org\/wp-content\/uploads\/2025\/08\/8-1-300x200-1.jpg\"\n        alt=\"8-1-300&amp;#215;200\"\n         title=\"8-1-300&amp;#215;200\"         class=\"block w-auto h-auto max-w-full max-h-[600px]\"\n        loading=\"lazy\"\n    \/>\n                                <\/div>\n    <\/div>\n<\/section>\n\n\n<section\n    class=\"overflow-hidden py-5 md:pt-10 md:pb-5 align wp-block-image-block !pt-[0] !pb-[0]\"\n>\n    <div\n        class=\"container relative flex flex-col items-start z-10\"\n    >\n        <div\n            class=\"w-full text-lg text-dark\"\n        >\n                            <img decoding=\"async\"\n        src=\"https:\/\/www.railbaltica.org\/wp-content\/uploads\/2025\/08\/9-1-300x200-1.jpg\"\n        alt=\"9-1-300&amp;#215;200\"\n         title=\"9-1-300&amp;#215;200\"         class=\"block w-auto h-auto max-w-full max-h-[600px]\"\n        loading=\"lazy\"\n    \/>\n                                <\/div>\n    <\/div>\n<\/section>\n\n\n<section\n    class=\"py-5 md:py-10 align wp-block-textual-block\"\n>\n    <div\n        class=\"container\"\n    >\n        <div\n            class=\"textual w-full text-xl text-dark break-words [&#038;_span]:!text-dark [&#038;_a]:!text-dark\"\n        >\n                            <p> <\/strong><\/p>\n\n                    <\/div>\n    <\/div>\n<\/section>\n\n\n\n<section\n    class=\"overflow-hidden py-5 md:pt-5 md:pb-10 align wp-block-button-cta-block !pt-[0]\"\n>\n    <div\n        class=\"container w-full relative flex flex-col items-start z-10\"\n    >\n        <div\n            class=\"w-full border-t border-dark pt-5 mt-4 md:mt-5 md:pt-10\"\n        >\n        <\/div>\n\n                    <a\n        href=\"\/lv\/zinas\/\"\n                class=\"btn-outline-dark mx-auto\"\n    >\n        \n        Atpaka\u013c zi\u0146\u0101m\n        \n        \n    <\/a>\n            <\/div>\n<\/section>\n","protected":false},"excerpt":{"rendered":"<p>\u0160odien, 21. septembr\u012b, Eiropas Dzelzce\u013ca gada pas\u0101kumu programmas (2021) ietvaros no Tallinas l\u012bdz Vi\u013c\u0146ai aties \u201cEiropas savieno\u0161anas ekspre\u0161a\u201d Baltijas vilciens. T\u0101 ietvaros pl\u0101notas publiskas diskusijas un citi notikumi, lai izgaismotu jaut\u0101jumus par p\u0101rmai\u0146\u0101m dzelzce\u013ca nozar\u0113, n\u0101kotnes iesp\u0113j\u0101m pasa\u017eieru un kravu p\u0101rvad\u0101jumos, tostarp saist\u012bb\u0101 ar Rail Baltica glob\u0101l\u0101 projekta ievie\u0161anu.<\/p>\n","protected":false},"featured_media":13151,"template":"","news_category":[412,684,415,416,413],"class_list":["post-13147","news","type-news","status-publish","has-post-thumbnail","hentry","news_category-ceftransport-lv","news_category-ceftransport-lv-4","news_category-connectingeuropeexpress","news_category-eu-commission","news_category-railbaltica-lv"],"acf":[],"yoast_head":"<!-- This site is optimized with the Yoast SEO plugin v27.5 - https:\/\/yoast.com\/product\/yoast-seo-wordpress\/ -->\n<title>\u0160odien no Tallinas stacijas ce\u013c\u0101 dodas \u201cEiropas savieno\u0161anas ekspre\u0161a\u201d Baltijas vilciens - RB<\/title>\n<meta name=\"robots\" content=\"index, follow, max-snippet:-1, max-image-preview:large, max-video-preview:-1\" \/>\n<link rel=\"canonical\" href=\"https:\/\/www.railbaltica.org\/lv\/jaunumi\/sodien-no-tallinas-stacijas-cela-dodas-eiropas-savienosanas-ekspresa-baltijas-vilciens\/\" \/>\n<meta property=\"og:locale\" content=\"lv_LV\" \/>\n<meta property=\"og:type\" content=\"article\" \/>\n<meta property=\"og:title\" content=\"\u0160odien no Tallinas stacijas ce\u013c\u0101 dodas \u201cEiropas savieno\u0161anas ekspre\u0161a\u201d Baltijas vilciens - RB\" \/>\n<meta property=\"og:description\" content=\"\u0160odien, 21. septembr\u012b, Eiropas Dzelzce\u013ca gada pas\u0101kumu programmas (2021) ietvaros no Tallinas l\u012bdz Vi\u013c\u0146ai aties \u201cEiropas savieno\u0161anas ekspre\u0161a\u201d Baltijas vilciens. T\u0101 ietvaros pl\u0101notas publiskas diskusijas un citi notikumi, lai izgaismotu jaut\u0101jumus par p\u0101rmai\u0146\u0101m dzelzce\u013ca nozar\u0113, n\u0101kotnes iesp\u0113j\u0101m pasa\u017eieru un kravu p\u0101rvad\u0101jumos, tostarp saist\u012bb\u0101 ar Rail Baltica glob\u0101l\u0101 projekta ievie\u0161anu.\" \/>\n<meta property=\"og:url\" content=\"https:\/\/www.railbaltica.org\/lv\/jaunumi\/sodien-no-tallinas-stacijas-cela-dodas-eiropas-savienosanas-ekspresa-baltijas-vilciens\/\" \/>\n<meta property=\"og:site_name\" content=\"RB\" \/>\n<meta property=\"article:modified_time\" content=\"2025-08-20T07:21:14+00:00\" \/>\n<meta property=\"og:image\" content=\"https:\/\/www.railbaltica.org\/wp-content\/uploads\/2025\/07\/IMG_20210921_084628-1-scaled.jpg\" \/>\n\t<meta property=\"og:image:width\" content=\"2560\" \/>\n\t<meta property=\"og:image:height\" content=\"1916\" \/>\n\t<meta property=\"og:image:type\" content=\"image\/jpeg\" \/>\n<meta name=\"twitter:card\" content=\"summary_large_image\" \/>\n<script type=\"application\/ld+json\" class=\"yoast-schema-graph\">{\"@context\":\"https:\\\/\\\/schema.org\",\"@graph\":[{\"@type\":\"WebPage\",\"@id\":\"https:\\\/\\\/www.railbaltica.org\\\/lv\\\/jaunumi\\\/sodien-no-tallinas-stacijas-cela-dodas-eiropas-savienosanas-ekspresa-baltijas-vilciens\\\/\",\"url\":\"https:\\\/\\\/www.railbaltica.org\\\/lv\\\/jaunumi\\\/sodien-no-tallinas-stacijas-cela-dodas-eiropas-savienosanas-ekspresa-baltijas-vilciens\\\/\",\"name\":\"\u0160odien no Tallinas stacijas ce\u013c\u0101 dodas \u201cEiropas savieno\u0161anas ekspre\u0161a\u201d Baltijas vilciens - RB\",\"isPartOf\":{\"@id\":\"https:\\\/\\\/www.railbaltica.org\\\/#website\"},\"primaryImageOfPage\":{\"@id\":\"https:\\\/\\\/www.railbaltica.org\\\/lv\\\/jaunumi\\\/sodien-no-tallinas-stacijas-cela-dodas-eiropas-savienosanas-ekspresa-baltijas-vilciens\\\/#primaryimage\"},\"image\":{\"@id\":\"https:\\\/\\\/www.railbaltica.org\\\/lv\\\/jaunumi\\\/sodien-no-tallinas-stacijas-cela-dodas-eiropas-savienosanas-ekspresa-baltijas-vilciens\\\/#primaryimage\"},\"thumbnailUrl\":\"https:\\\/\\\/www.railbaltica.org\\\/wp-content\\\/uploads\\\/2025\\\/07\\\/IMG_20210921_084628-1-scaled.jpg\",\"datePublished\":\"2021-09-21T07:03:35+00:00\",\"dateModified\":\"2025-08-20T07:21:14+00:00\",\"breadcrumb\":{\"@id\":\"https:\\\/\\\/www.railbaltica.org\\\/lv\\\/jaunumi\\\/sodien-no-tallinas-stacijas-cela-dodas-eiropas-savienosanas-ekspresa-baltijas-vilciens\\\/#breadcrumb\"},\"inLanguage\":\"lv-LV\",\"potentialAction\":[{\"@type\":\"ReadAction\",\"target\":[\"https:\\\/\\\/www.railbaltica.org\\\/lv\\\/jaunumi\\\/sodien-no-tallinas-stacijas-cela-dodas-eiropas-savienosanas-ekspresa-baltijas-vilciens\\\/\"]}]},{\"@type\":\"ImageObject\",\"inLanguage\":\"lv-LV\",\"@id\":\"https:\\\/\\\/www.railbaltica.org\\\/lv\\\/jaunumi\\\/sodien-no-tallinas-stacijas-cela-dodas-eiropas-savienosanas-ekspresa-baltijas-vilciens\\\/#primaryimage\",\"url\":\"https:\\\/\\\/www.railbaltica.org\\\/wp-content\\\/uploads\\\/2025\\\/07\\\/IMG_20210921_084628-1-scaled.jpg\",\"contentUrl\":\"https:\\\/\\\/www.railbaltica.org\\\/wp-content\\\/uploads\\\/2025\\\/07\\\/IMG_20210921_084628-1-scaled.jpg\",\"width\":2560,\"height\":1916},{\"@type\":\"BreadcrumbList\",\"@id\":\"https:\\\/\\\/www.railbaltica.org\\\/lv\\\/jaunumi\\\/sodien-no-tallinas-stacijas-cela-dodas-eiropas-savienosanas-ekspresa-baltijas-vilciens\\\/#breadcrumb\",\"itemListElement\":[{\"@type\":\"ListItem\",\"position\":1,\"name\":\"Home\",\"item\":\"https:\\\/\\\/www.railbaltica.org\\\/lv\\\/\"},{\"@type\":\"ListItem\",\"position\":2,\"name\":\"\u0160odien no Tallinas stacijas ce\u013c\u0101 dodas \u201cEiropas savieno\u0161anas ekspre\u0161a\u201d Baltijas vilciens\"}]},{\"@type\":\"WebSite\",\"@id\":\"https:\\\/\\\/www.railbaltica.org\\\/#website\",\"url\":\"https:\\\/\\\/www.railbaltica.org\\\/\",\"name\":\"RB\",\"description\":\"\",\"potentialAction\":[{\"@type\":\"SearchAction\",\"target\":{\"@type\":\"EntryPoint\",\"urlTemplate\":\"https:\\\/\\\/www.railbaltica.org\\\/?s={search_term_string}\"},\"query-input\":{\"@type\":\"PropertyValueSpecification\",\"valueRequired\":true,\"valueName\":\"search_term_string\"}}],\"inLanguage\":\"lv-LV\"}]}<\/script>\n<!-- \/ Yoast SEO plugin. -->","yoast_head_json":{"title":"\u0160odien no Tallinas stacijas ce\u013c\u0101 dodas \u201cEiropas savieno\u0161anas ekspre\u0161a\u201d Baltijas vilciens - RB","robots":{"index":"index","follow":"follow","max-snippet":"max-snippet:-1","max-image-preview":"max-image-preview:large","max-video-preview":"max-video-preview:-1"},"canonical":"https:\/\/www.railbaltica.org\/lv\/jaunumi\/sodien-no-tallinas-stacijas-cela-dodas-eiropas-savienosanas-ekspresa-baltijas-vilciens\/","og_locale":"lv_LV","og_type":"article","og_title":"\u0160odien no Tallinas stacijas ce\u013c\u0101 dodas \u201cEiropas savieno\u0161anas ekspre\u0161a\u201d Baltijas vilciens - RB","og_description":"\u0160odien, 21. septembr\u012b, Eiropas Dzelzce\u013ca gada pas\u0101kumu programmas (2021) ietvaros no Tallinas l\u012bdz Vi\u013c\u0146ai aties \u201cEiropas savieno\u0161anas ekspre\u0161a\u201d Baltijas vilciens. T\u0101 ietvaros pl\u0101notas publiskas diskusijas un citi notikumi, lai izgaismotu jaut\u0101jumus par p\u0101rmai\u0146\u0101m dzelzce\u013ca nozar\u0113, n\u0101kotnes iesp\u0113j\u0101m pasa\u017eieru un kravu p\u0101rvad\u0101jumos, tostarp saist\u012bb\u0101 ar Rail Baltica glob\u0101l\u0101 projekta ievie\u0161anu.","og_url":"https:\/\/www.railbaltica.org\/lv\/jaunumi\/sodien-no-tallinas-stacijas-cela-dodas-eiropas-savienosanas-ekspresa-baltijas-vilciens\/","og_site_name":"RB","article_modified_time":"2025-08-20T07:21:14+00:00","og_image":[{"width":2560,"height":1916,"url":"https:\/\/www.railbaltica.org\/wp-content\/uploads\/2025\/07\/IMG_20210921_084628-1-scaled.jpg","type":"image\/jpeg"}],"twitter_card":"summary_large_image","schema":{"@context":"https:\/\/schema.org","@graph":[{"@type":"WebPage","@id":"https:\/\/www.railbaltica.org\/lv\/jaunumi\/sodien-no-tallinas-stacijas-cela-dodas-eiropas-savienosanas-ekspresa-baltijas-vilciens\/","url":"https:\/\/www.railbaltica.org\/lv\/jaunumi\/sodien-no-tallinas-stacijas-cela-dodas-eiropas-savienosanas-ekspresa-baltijas-vilciens\/","name":"\u0160odien no Tallinas stacijas ce\u013c\u0101 dodas \u201cEiropas savieno\u0161anas ekspre\u0161a\u201d Baltijas vilciens - RB","isPartOf":{"@id":"https:\/\/www.railbaltica.org\/#website"},"primaryImageOfPage":{"@id":"https:\/\/www.railbaltica.org\/lv\/jaunumi\/sodien-no-tallinas-stacijas-cela-dodas-eiropas-savienosanas-ekspresa-baltijas-vilciens\/#primaryimage"},"image":{"@id":"https:\/\/www.railbaltica.org\/lv\/jaunumi\/sodien-no-tallinas-stacijas-cela-dodas-eiropas-savienosanas-ekspresa-baltijas-vilciens\/#primaryimage"},"thumbnailUrl":"https:\/\/www.railbaltica.org\/wp-content\/uploads\/2025\/07\/IMG_20210921_084628-1-scaled.jpg","datePublished":"2021-09-21T07:03:35+00:00","dateModified":"2025-08-20T07:21:14+00:00","breadcrumb":{"@id":"https:\/\/www.railbaltica.org\/lv\/jaunumi\/sodien-no-tallinas-stacijas-cela-dodas-eiropas-savienosanas-ekspresa-baltijas-vilciens\/#breadcrumb"},"inLanguage":"lv-LV","potentialAction":[{"@type":"ReadAction","target":["https:\/\/www.railbaltica.org\/lv\/jaunumi\/sodien-no-tallinas-stacijas-cela-dodas-eiropas-savienosanas-ekspresa-baltijas-vilciens\/"]}]},{"@type":"ImageObject","inLanguage":"lv-LV","@id":"https:\/\/www.railbaltica.org\/lv\/jaunumi\/sodien-no-tallinas-stacijas-cela-dodas-eiropas-savienosanas-ekspresa-baltijas-vilciens\/#primaryimage","url":"https:\/\/www.railbaltica.org\/wp-content\/uploads\/2025\/07\/IMG_20210921_084628-1-scaled.jpg","contentUrl":"https:\/\/www.railbaltica.org\/wp-content\/uploads\/2025\/07\/IMG_20210921_084628-1-scaled.jpg","width":2560,"height":1916},{"@type":"BreadcrumbList","@id":"https:\/\/www.railbaltica.org\/lv\/jaunumi\/sodien-no-tallinas-stacijas-cela-dodas-eiropas-savienosanas-ekspresa-baltijas-vilciens\/#breadcrumb","itemListElement":[{"@type":"ListItem","position":1,"name":"Home","item":"https:\/\/www.railbaltica.org\/lv\/"},{"@type":"ListItem","position":2,"name":"\u0160odien no Tallinas stacijas ce\u013c\u0101 dodas \u201cEiropas savieno\u0161anas ekspre\u0161a\u201d Baltijas vilciens"}]},{"@type":"WebSite","@id":"https:\/\/www.railbaltica.org\/#website","url":"https:\/\/www.railbaltica.org\/","name":"RB","description":"","potentialAction":[{"@type":"SearchAction","target":{"@type":"EntryPoint","urlTemplate":"https:\/\/www.railbaltica.org\/?s={search_term_string}"},"query-input":{"@type":"PropertyValueSpecification","valueRequired":true,"valueName":"search_term_string"}}],"inLanguage":"lv-LV"}]}},"_links":{"self":[{"href":"https:\/\/www.railbaltica.org\/lv\/wp-json\/wp\/v2\/news\/13147","targetHints":{"allow":["GET"]}}],"collection":[{"href":"https:\/\/www.railbaltica.org\/lv\/wp-json\/wp\/v2\/news"}],"about":[{"href":"https:\/\/www.railbaltica.org\/lv\/wp-json\/wp\/v2\/types\/news"}],"wp:featuredmedia":[{"embeddable":true,"href":"https:\/\/www.railbaltica.org\/lv\/wp-json\/wp\/v2\/media\/13151"}],"wp:attachment":[{"href":"https:\/\/www.railbaltica.org\/lv\/wp-json\/wp\/v2\/media?parent=13147"}],"wp:term":[{"taxonomy":"news_category","embeddable":true,"href":"https:\/\/www.railbaltica.org\/lv\/wp-json\/wp\/v2\/news_category?post=13147"}],"curies":[{"name":"wp","href":"https:\/\/api.w.org\/{rel}","templated":true}]}}