{"id":13124,"date":"2021-09-06T09:09:45","date_gmt":"2021-09-06T09:09:45","guid":{"rendered":"https:\/\/www.railbaltica.org\/news\/rail-baltica-kopuznemumam-finansu-direktora-amata-pievienojas-veiko-havapu\/"},"modified":"2025-08-21T18:24:00","modified_gmt":"2025-08-21T18:24:00","slug":"rail-baltica-kopuznemumam-finansu-direktora-amata-pievienojas-veiko-havapu","status":"publish","type":"news","link":"https:\/\/www.railbaltica.org\/lv\/jaunumi\/rail-baltica-kopuznemumam-finansu-direktora-amata-pievienojas-veiko-havapu\/","title":{"rendered":"Rail Baltica kopuz\u0146\u0113mumam finan\u0161u direktora amat\u0101 pievienojas Veiko H\u0101vap\u016b"},"content":{"rendered":"<section\n    class=\"align wp-block-hero-page-block relative flex overflow-hidden z-10 mt-20 md:mt-52\"\n>\n            <div\n            class=\"container md:!px-14\"\n        >\n            <div\n                class=\"bg-dark text-white rounded p-4 md:p-10\"\n            >\n                                <div\n    class=\"flex justify-between border-t pt-2.5 my-5 text-sm\"\n>\n    <span>Dalies ar jaunumiem\n<\/span>\n    <ul\n        class=\"flex items-center gap-5\"\n    >\n        <li>\n            <a\n                href=\"https:\/\/www.facebook.com\/sharer\/sharer.php?u=https%3A%2F%2Fwww.railbaltica.org%2Flv%2Fjaunumi%2Frail-baltica-kopuznemumam-finansu-direktora-amata-pievienojas-veiko-havapu%2F\"\n                target=\"_blank\"\n                rel=\"noopener noreferrer\"\n                aria-label=\"Share on Facebook\"\n                class=\"transition-opacity hover:opacity-75\"\n            >\n                <svg\n                    width=\"20\"\n                    height=\"20\"\n                    viewBox=\"0 0 20 20\"\n                    fill=\"none\"\n                    xmlns=\"http:\/\/www.w3.org\/2000\/svg\"\n                >\n                    <path\n                        d=\"M7.5 6.66667H5V10H7.5V20H11.6667V10H14.7017L15 6.66667H11.6667V5.2775C11.6667 4.48167 11.8267 4.16667 12.5958 4.16667H15V0H11.8267C8.83 0 7.5 1.31917 7.5 3.84583V6.66667Z\"\n                        fill=\"white\"\n                    \/>\n                <\/svg>\n            <\/a>\n        <\/li>\n        <li>\n            <a\n                href=\"https:\/\/twitter.com\/intent\/tweet?url=https%3A%2F%2Fwww.railbaltica.org%2Flv%2Fjaunumi%2Frail-baltica-kopuznemumam-finansu-direktora-amata-pievienojas-veiko-havapu%2F&amp;text=Rail+Baltica+kopuz%C5%86%C4%93mumam+finan%C5%A1u+direktora+amat%C4%81+pievienojas+Veiko+H%C4%81vap%C5%AB\"\n                target=\"_blank\"\n                rel=\"noopener noreferrer\"\n                aria-label=\"Share on Twitter\"\n                class=\"transition-opacity hover:opacity-75\"\n            >\n                <svg\n                    width=\"20\"\n                    height=\"20\"\n                    viewBox=\"0 0 20 20\"\n                    fill=\"none\"\n                    xmlns=\"http:\/\/www.w3.org\/2000\/svg\"\n                >\n                    <path\n                        d=\"M14.7313 2.68748H17.238L11.763 8.88248L18.2038 17.3125H13.1597L9.20966 12.2L4.68966 17.3125H2.18299L8.03883 10.6866L1.86133 2.68665H7.03216L10.603 7.35998L14.7322 2.68665L14.7313 2.68748ZM13.8522 15.8275H15.2405L6.27716 4.09415H4.78716L13.8522 15.8275Z\"\n                        fill=\"white\"\n                    \/>\n                <\/svg>\n            <\/a>\n        <\/li>\n        <li>\n            <a\n                href=\"https:\/\/www.linkedin.com\/sharing\/share-offsite\/?url=https%3A%2F%2Fwww.railbaltica.org%2Flv%2Fjaunumi%2Frail-baltica-kopuznemumam-finansu-direktora-amata-pievienojas-veiko-havapu%2F\"\n                target=\"_blank\"\n                rel=\"noopener noreferrer\"\n                aria-label=\"Share on LinkedIn\"\n                class=\"transition-opacity hover:opacity-75\"\n            >\n                <svg\n                    width=\"20\"\n                    height=\"20\"\n                    viewBox=\"0 0 20 20\"\n                    fill=\"none\"\n                    xmlns=\"http:\/\/www.w3.org\/2000\/svg\"\n                >\n                    <path\n                        d=\"M18.4097 0.000139829H1.46998C1.27956 -0.00250476 1.09049 0.0323869 0.913553 0.102822C0.73662 0.173257 0.575295 0.277857 0.438791 0.410646C0.302287 0.543436 0.193279 0.701814 0.11799 0.876737C0.0427018 1.05166 0.00260836 1.2397 0 1.43012V18.5699C0.00260836 18.7603 0.0427018 18.9483 0.11799 19.1233C0.193279 19.2982 0.302287 19.4566 0.438791 19.5894C0.575295 19.7221 0.73662 19.8267 0.913553 19.8972C1.09049 19.9676 1.27956 20.0025 1.46998 19.9999H18.4097C18.6002 20.0025 18.7892 19.9676 18.9662 19.8972C19.1431 19.8267 19.3044 19.7221 19.4409 19.5894C19.5774 19.4566 19.6864 19.2982 19.7617 19.1233C19.837 18.9483 19.8771 18.7603 19.8797 18.5699V1.43012C19.8771 1.2397 19.837 1.05166 19.7617 0.876737C19.6864 0.701814 19.5774 0.543436 19.4409 0.410646C19.3044 0.277857 19.1431 0.173257 18.9662 0.102822C18.7892 0.0323869 18.6002 -0.00250476 18.4097 0.000139829ZM6.02992 16.7399H3.02996V7.74003H6.02992V16.7399ZM4.52994 6.48005C4.1162 6.48005 3.71942 6.31569 3.42687 6.02314C3.13431 5.73059 2.96996 5.3338 2.96996 4.92007C2.96996 4.50634 3.13431 4.10955 3.42687 3.817C3.71942 3.52445 4.1162 3.36009 4.52994 3.36009C4.74963 3.33518 4.97211 3.35695 5.1828 3.42398C5.3935 3.491 5.58766 3.60178 5.75258 3.74905C5.91749 3.89632 6.04944 4.07676 6.13979 4.27856C6.23013 4.48036 6.27683 4.69897 6.27683 4.92007C6.27683 5.14117 6.23013 5.35978 6.13979 5.56158C6.04944 5.76338 5.91749 5.94382 5.75258 6.09109C5.58766 6.23836 5.3935 6.34914 5.1828 6.41617C4.97211 6.48319 4.74963 6.50496 4.52994 6.48005ZM16.8498 16.7399H13.8498V11.91C13.8498 10.7 13.4198 9.91 12.3298 9.91C11.9925 9.91247 11.664 10.0183 11.3887 10.2132C11.1133 10.4081 10.9043 10.6827 10.7899 11C10.7116 11.235 10.6777 11.4826 10.6899 11.73V16.7299H7.68989V7.73003H10.6899V9.00001C10.9624 8.52713 11.3587 8.13755 11.8363 7.87323C12.3138 7.60892 12.8544 7.47989 13.3998 7.50003C15.3998 7.50003 16.8498 8.79002 16.8498 11.56V16.7399Z\"\n                        fill=\"white\"\n                    \/>\n                <\/svg>\n            <\/a>\n        <\/li>\n        <li>\n            <button\n                type=\"button\"\n                class=\"copy-url-btn relative my-auto flex transition-opacity hover:opacity-75\"\n                data-url=\"https:\/\/www.railbaltica.org\/lv\/jaunumi\/rail-baltica-kopuznemumam-finansu-direktora-amata-pievienojas-veiko-havapu\/\"\n            >\n                <svg\n                    width=\"21\"\n                    height=\"21\"\n                    viewBox=\"0 0 21 21\"\n                    fill=\"none\"\n                    xmlns=\"http:\/\/www.w3.org\/2000\/svg\"\n                >\n                    <path\n                        d=\"M10.5205 20C15.7661 20 20 15.7455 20 10.4795C20 5.23392 15.7661 1 10.5205 1M10.5205 20C5.25446 20 1 15.7455 1 10.4795C1 5.23392 5.25446 1 10.5205 1M10.5205 20V1M18.7429 5.75H2.26324M18.7958 15.1345H2.21035M1.05135 10.5H19.9486M10.5103 20C13.1333 20 15.25 15.7455 15.25 10.4795C15.25 5.23392 13.1333 1 10.5103 1C7.87697 1 5.75 5.23392 5.75 10.4795C5.75 15.7455 7.87697 20 10.5103 20Z\"\n                        stroke=\"white\"\n                        stroke-linecap=\"round\"\n                        stroke-linejoin=\"round\"\n                    \/>\n                <\/svg>\n                <span\n                    class=\"absolute hidden translate-x-[-10px] translate-y-[30px]\"\n                >Copied!<\/span>\n            <\/button>\n        <\/li>\n    <\/ul>\n<\/div>\n\n                                    <time\n                        datetime=\"\"\n                        class=\"mb-2.5 flex text-xl text-blue\"\n                    >\n                        06.09.2021\n                    <\/time>\n                \n                                    <h1 class='h1 max-w-198'>\n            Veiko Haavapuu prisijung\u0117 prie \u201eRail Baltica\u201c komandos, u\u017eims finans\u0173 direktoriaus pareigas\n        <\/h1>\n                \n                            <\/div>\n        <\/div>\n    <\/section>\n<section\n    class=\"overflow-hidden py-5 md:pt-10 md:pb-5 align wp-block-excerpt-block\"\n>\n    <div\n        class=\"container relative flex flex-col items-start z-10 md:text-xl lg:!px-4\"\n    >\n                    <div\n                class=\"textual w-full text-dark text-xl lg:px-12 md:mx-auto md:max-w-222 md:text-xl\"\n            >\n                No \u0161. g. 1. septembra Rail Baltica kopuz\u0146\u0113mumam RB Rail AS pievienojies Veiko H\u0101vap\u016b (Veiko Haavapuu), kur\u0161 turpm\u0101k pild\u012bs finan\u0161u direktora un kopuz\u0146\u0113muma valdes locek\u013ca amata pien\u0101kumus.\n            <\/div>\n            <\/div>\n<\/section>\n<section\n    class=\"py-5 md:py-10 align wp-block-textual-block\"\n>\n    <div\n        class=\"container\"\n    >\n        <div\n            class=\"textual w-full text-xl text-dark break-words [&#038;_span]:!text-dark [&#038;_a]:!text-dark\"\n        >\n                            <p><strong><\/strong><\/p>\n<p>Veiko Haavapuu yra patyr\u0119s finans\u0173 ekspertas, sukaup\u0119s daugiau nei 20 met\u0173 siekian\u010di\u0105 patirt\u012f audito, telekomunikacij\u0173, ma\u017emenin\u0117s prekybos ir transporto \u012fmon\u0117se. Pastaruoj\u0173 metu jis \u0117jo grup\u0117s finans\u0173 direktoriaus\/CFO pareigas \u201eTallink Grupp AS\u201c. Taip pat \u201eCircle K Europe\u201c Finans\u0173 centro direktoriaus ir anks\u010diau finans\u0173 ir kontrol\u0117s direktoriaus bei \u201eCircle K Europe Treasury\u201c Estijoje ir \u201eCircle K Estonia\u201c valdybos nario pareigas.<\/p>\n<p>\u201eGlobalus projektas \u00a0\u201eRail Baltica\u201c subrendo ir \u012f\u017eeng\u0117 \u012f kit\u0105 etap\u0105 \u2013 \u0161iuo metu projekto tikslas yra prad\u0117ti didelio masto statybos darbus, kuri\u0173 dalis jau prasid\u0117jo visose trijose Baltijos \u0161alyse. Kartu su komanda sutelksime d\u0117mes\u012f \u012f tolimesnio \u201eRail Baltica\u201c projekto finansavimo pritraukim\u0105, parengsime naujos kartos ka\u0161t\u0173 naudos analiz\u0119 ir verslo plan\u0105 bei u\u017etikrinsime skaidr\u0173 ir efektyv\u0173 turimo finansavimo panaudojim\u0105. D\u017eiaugiuosi gal\u0117damas prisijungti prie \u201eRB Rail\u201c \u0161ioje pozicijoje ir nekantrauju susitikti su visomis suinteresuotosiomis \u0161alimis, su kuriomis glaud\u017eiai bendradarbiausiu \u012fgyvendindamas \u0161\u012f megaprojekt\u0105\u201c, \u2013 sako <strong>Veiko Haavapuu<\/strong>,\u201e RB Rail \u201c finans\u0173 direktorius ir valdybos narys.<\/p>\n<p>\u201eBendros Baltijos \u0161ali\u0173 \u012fmon\u0117s valdybos ir visos \u012fmon\u0117s vardu nuo\u0161ird\u017eiai sveikinu Veiko Haavapuu prisijungus\u012f prie m\u016bs\u0173 komandos! Ateinan\u010diais metais turime ambicing\u0173 tiksl\u0173 ir \u0161is vaidmuo yra labai svarbus siekiant j\u0173. Esu \u012fsitikin\u0119s, kad vertinga Veiko patirtis, asmenin\u0117s savyb\u0117s ir atsidavimas \u2013 visa tai leis u\u017etikrinti, kad \u201eRail Baltica\u201c globalus projektas bus s\u0117kmingas!\u201c \u2013 sako bendros Baltijos \u0161ali\u0173 \u012fmon\u0117s \u201eRB Rail\u201c vadovas ir valdybos pirmininkas <strong>Agnis Driksna<\/strong>.<\/p>\n<p>\u201eRB Rail\u201c yra Estijos, Latvijos ir Lietuvos bendra Baltijos \u0161ali\u0173 \u012fmon\u0117, \u012fsteigta \u012fgyvendinti \u201eRail Baltica\u201c \u2013 pirm\u0105j\u012f tokio pob\u016bd\u017eio visos Baltijos \u0161ali\u0173 infrastrukt\u016bros projekt\u0105. \u201eRB Rail\u201c yra centrinis \u201eRail Baltica\u201c projekto koordinatorius.<\/p>\n\n                    <\/div>\n    <\/div>\n<\/section>\n<section\n    class=\"overflow-hidden py-5 md:pt-5 md:pb-10 align wp-block-button-cta-block !pt-[0]\"\n>\n    <div\n        class=\"container w-full relative flex flex-col items-start z-10\"\n    >\n        <div\n            class=\"w-full border-t border-dark pt-5 mt-4 md:mt-5 md:pt-10\"\n        >\n        <\/div>\n\n                    <a\n        href=\"\/lt\/naujienos\/\"\n                class=\"btn-outline-dark mx-auto\"\n    >\n        \n        Gr\u012f\u017eti \u012f visas naujienas\n        \n        \n    <\/a>\n            <\/div>\n<\/section>\n","protected":false},"excerpt":{"rendered":"<p>No \u0161. g. 1. septembra Rail Baltica kopuz\u0146\u0113mumam RB Rail AS pievienojies Veiko H\u0101vap\u016b (Veiko Haavapuu), kur\u0161 turpm\u0101k pild\u012bs finan\u0161u direktora un kopuz\u0146\u0113muma valdes locek\u013ca amata pien\u0101kumus.<\/p>\n","protected":false},"featured_media":13121,"template":"","news_category":[],"class_list":["post-13124","news","type-news","status-publish","has-post-thumbnail","hentry"],"acf":[],"yoast_head":"<!-- This site is optimized with the Yoast SEO plugin v27.5 - https:\/\/yoast.com\/product\/yoast-seo-wordpress\/ -->\n<title>Rail Baltica kopuz\u0146\u0113mumam finan\u0161u direktora amat\u0101 pievienojas Veiko H\u0101vap\u016b - RB<\/title>\n<meta name=\"robots\" content=\"index, follow, max-snippet:-1, max-image-preview:large, max-video-preview:-1\" \/>\n<link rel=\"canonical\" href=\"https:\/\/www.railbaltica.org\/jaunumi\/veiko-haavapuu-joins-rail-baltica-team-as-the-new-chief-financial-officer\/\" \/>\n<meta property=\"og:locale\" content=\"lv_LV\" \/>\n<meta property=\"og:type\" content=\"article\" \/>\n<meta property=\"og:title\" content=\"Rail Baltica kopuz\u0146\u0113mumam finan\u0161u direktora amat\u0101 pievienojas Veiko H\u0101vap\u016b - RB\" \/>\n<meta property=\"og:description\" content=\"No \u0161. g. 1. septembra Rail Baltica kopuz\u0146\u0113mumam RB Rail AS pievienojies Veiko H\u0101vap\u016b (Veiko Haavapuu), kur\u0161 turpm\u0101k pild\u012bs finan\u0161u direktora un kopuz\u0146\u0113muma valdes locek\u013ca amata pien\u0101kumus.\" \/>\n<meta property=\"og:url\" content=\"https:\/\/www.railbaltica.org\/jaunumi\/veiko-haavapuu-joins-rail-baltica-team-as-the-new-chief-financial-officer\/\" \/>\n<meta property=\"og:site_name\" content=\"RB\" \/>\n<meta property=\"article:modified_time\" content=\"2025-08-21T18:24:00+00:00\" \/>\n<meta property=\"og:image\" content=\"https:\/\/www.railbaltica.org\/wp-content\/uploads\/2025\/07\/Veiko_Haavapuu-1.jpg\" \/>\n\t<meta property=\"og:image:width\" content=\"1620\" \/>\n\t<meta property=\"og:image:height\" content=\"1080\" \/>\n\t<meta property=\"og:image:type\" content=\"image\/jpeg\" \/>\n<meta name=\"twitter:card\" content=\"summary_large_image\" \/>\n<script type=\"application\/ld+json\" class=\"yoast-schema-graph\">{\"@context\":\"https:\\\/\\\/schema.org\",\"@graph\":[{\"@type\":\"WebPage\",\"@id\":\"https:\\\/\\\/www.railbaltica.org\\\/jaunumi\\\/veiko-haavapuu-joins-rail-baltica-team-as-the-new-chief-financial-officer\\\/\",\"url\":\"https:\\\/\\\/www.railbaltica.org\\\/jaunumi\\\/veiko-haavapuu-joins-rail-baltica-team-as-the-new-chief-financial-officer\\\/\",\"name\":\"Rail Baltica kopuz\u0146\u0113mumam finan\u0161u direktora amat\u0101 pievienojas Veiko H\u0101vap\u016b - RB\",\"isPartOf\":{\"@id\":\"https:\\\/\\\/www.railbaltica.org\\\/#website\"},\"primaryImageOfPage\":{\"@id\":\"https:\\\/\\\/www.railbaltica.org\\\/jaunumi\\\/veiko-haavapuu-joins-rail-baltica-team-as-the-new-chief-financial-officer\\\/#primaryimage\"},\"image\":{\"@id\":\"https:\\\/\\\/www.railbaltica.org\\\/jaunumi\\\/veiko-haavapuu-joins-rail-baltica-team-as-the-new-chief-financial-officer\\\/#primaryimage\"},\"thumbnailUrl\":\"https:\\\/\\\/www.railbaltica.org\\\/wp-content\\\/uploads\\\/2025\\\/07\\\/Veiko_Haavapuu-1.jpg\",\"datePublished\":\"2021-09-06T09:09:45+00:00\",\"dateModified\":\"2025-08-21T18:24:00+00:00\",\"breadcrumb\":{\"@id\":\"https:\\\/\\\/www.railbaltica.org\\\/jaunumi\\\/veiko-haavapuu-joins-rail-baltica-team-as-the-new-chief-financial-officer\\\/#breadcrumb\"},\"inLanguage\":\"lv-LV\",\"potentialAction\":[{\"@type\":\"ReadAction\",\"target\":[\"https:\\\/\\\/www.railbaltica.org\\\/jaunumi\\\/veiko-haavapuu-joins-rail-baltica-team-as-the-new-chief-financial-officer\\\/\"]}]},{\"@type\":\"ImageObject\",\"inLanguage\":\"lv-LV\",\"@id\":\"https:\\\/\\\/www.railbaltica.org\\\/jaunumi\\\/veiko-haavapuu-joins-rail-baltica-team-as-the-new-chief-financial-officer\\\/#primaryimage\",\"url\":\"https:\\\/\\\/www.railbaltica.org\\\/wp-content\\\/uploads\\\/2025\\\/07\\\/Veiko_Haavapuu-1.jpg\",\"contentUrl\":\"https:\\\/\\\/www.railbaltica.org\\\/wp-content\\\/uploads\\\/2025\\\/07\\\/Veiko_Haavapuu-1.jpg\",\"width\":1620,\"height\":1080},{\"@type\":\"BreadcrumbList\",\"@id\":\"https:\\\/\\\/www.railbaltica.org\\\/jaunumi\\\/veiko-haavapuu-joins-rail-baltica-team-as-the-new-chief-financial-officer\\\/#breadcrumb\",\"itemListElement\":[{\"@type\":\"ListItem\",\"position\":1,\"name\":\"Home\",\"item\":\"https:\\\/\\\/www.railbaltica.org\\\/lv\\\/\"},{\"@type\":\"ListItem\",\"position\":2,\"name\":\"Rail Baltica kopuz\u0146\u0113mumam finan\u0161u direktora amat\u0101 pievienojas Veiko H\u0101vap\u016b\"}]},{\"@type\":\"WebSite\",\"@id\":\"https:\\\/\\\/www.railbaltica.org\\\/#website\",\"url\":\"https:\\\/\\\/www.railbaltica.org\\\/\",\"name\":\"RB\",\"description\":\"\",\"potentialAction\":[{\"@type\":\"SearchAction\",\"target\":{\"@type\":\"EntryPoint\",\"urlTemplate\":\"https:\\\/\\\/www.railbaltica.org\\\/?s={search_term_string}\"},\"query-input\":{\"@type\":\"PropertyValueSpecification\",\"valueRequired\":true,\"valueName\":\"search_term_string\"}}],\"inLanguage\":\"lv-LV\"}]}<\/script>\n<!-- \/ Yoast SEO plugin. -->","yoast_head_json":{"title":"Rail Baltica kopuz\u0146\u0113mumam finan\u0161u direktora amat\u0101 pievienojas Veiko H\u0101vap\u016b - RB","robots":{"index":"index","follow":"follow","max-snippet":"max-snippet:-1","max-image-preview":"max-image-preview:large","max-video-preview":"max-video-preview:-1"},"canonical":"https:\/\/www.railbaltica.org\/jaunumi\/veiko-haavapuu-joins-rail-baltica-team-as-the-new-chief-financial-officer\/","og_locale":"lv_LV","og_type":"article","og_title":"Rail Baltica kopuz\u0146\u0113mumam finan\u0161u direktora amat\u0101 pievienojas Veiko H\u0101vap\u016b - RB","og_description":"No \u0161. g. 1. septembra Rail Baltica kopuz\u0146\u0113mumam RB Rail AS pievienojies Veiko H\u0101vap\u016b (Veiko Haavapuu), kur\u0161 turpm\u0101k pild\u012bs finan\u0161u direktora un kopuz\u0146\u0113muma valdes locek\u013ca amata pien\u0101kumus.","og_url":"https:\/\/www.railbaltica.org\/jaunumi\/veiko-haavapuu-joins-rail-baltica-team-as-the-new-chief-financial-officer\/","og_site_name":"RB","article_modified_time":"2025-08-21T18:24:00+00:00","og_image":[{"width":1620,"height":1080,"url":"https:\/\/www.railbaltica.org\/wp-content\/uploads\/2025\/07\/Veiko_Haavapuu-1.jpg","type":"image\/jpeg"}],"twitter_card":"summary_large_image","schema":{"@context":"https:\/\/schema.org","@graph":[{"@type":"WebPage","@id":"https:\/\/www.railbaltica.org\/jaunumi\/veiko-haavapuu-joins-rail-baltica-team-as-the-new-chief-financial-officer\/","url":"https:\/\/www.railbaltica.org\/jaunumi\/veiko-haavapuu-joins-rail-baltica-team-as-the-new-chief-financial-officer\/","name":"Rail Baltica kopuz\u0146\u0113mumam finan\u0161u direktora amat\u0101 pievienojas Veiko H\u0101vap\u016b - RB","isPartOf":{"@id":"https:\/\/www.railbaltica.org\/#website"},"primaryImageOfPage":{"@id":"https:\/\/www.railbaltica.org\/jaunumi\/veiko-haavapuu-joins-rail-baltica-team-as-the-new-chief-financial-officer\/#primaryimage"},"image":{"@id":"https:\/\/www.railbaltica.org\/jaunumi\/veiko-haavapuu-joins-rail-baltica-team-as-the-new-chief-financial-officer\/#primaryimage"},"thumbnailUrl":"https:\/\/www.railbaltica.org\/wp-content\/uploads\/2025\/07\/Veiko_Haavapuu-1.jpg","datePublished":"2021-09-06T09:09:45+00:00","dateModified":"2025-08-21T18:24:00+00:00","breadcrumb":{"@id":"https:\/\/www.railbaltica.org\/jaunumi\/veiko-haavapuu-joins-rail-baltica-team-as-the-new-chief-financial-officer\/#breadcrumb"},"inLanguage":"lv-LV","potentialAction":[{"@type":"ReadAction","target":["https:\/\/www.railbaltica.org\/jaunumi\/veiko-haavapuu-joins-rail-baltica-team-as-the-new-chief-financial-officer\/"]}]},{"@type":"ImageObject","inLanguage":"lv-LV","@id":"https:\/\/www.railbaltica.org\/jaunumi\/veiko-haavapuu-joins-rail-baltica-team-as-the-new-chief-financial-officer\/#primaryimage","url":"https:\/\/www.railbaltica.org\/wp-content\/uploads\/2025\/07\/Veiko_Haavapuu-1.jpg","contentUrl":"https:\/\/www.railbaltica.org\/wp-content\/uploads\/2025\/07\/Veiko_Haavapuu-1.jpg","width":1620,"height":1080},{"@type":"BreadcrumbList","@id":"https:\/\/www.railbaltica.org\/jaunumi\/veiko-haavapuu-joins-rail-baltica-team-as-the-new-chief-financial-officer\/#breadcrumb","itemListElement":[{"@type":"ListItem","position":1,"name":"Home","item":"https:\/\/www.railbaltica.org\/lv\/"},{"@type":"ListItem","position":2,"name":"Rail Baltica kopuz\u0146\u0113mumam finan\u0161u direktora amat\u0101 pievienojas Veiko H\u0101vap\u016b"}]},{"@type":"WebSite","@id":"https:\/\/www.railbaltica.org\/#website","url":"https:\/\/www.railbaltica.org\/","name":"RB","description":"","potentialAction":[{"@type":"SearchAction","target":{"@type":"EntryPoint","urlTemplate":"https:\/\/www.railbaltica.org\/?s={search_term_string}"},"query-input":{"@type":"PropertyValueSpecification","valueRequired":true,"valueName":"search_term_string"}}],"inLanguage":"lv-LV"}]}},"_links":{"self":[{"href":"https:\/\/www.railbaltica.org\/lv\/wp-json\/wp\/v2\/news\/13124","targetHints":{"allow":["GET"]}}],"collection":[{"href":"https:\/\/www.railbaltica.org\/lv\/wp-json\/wp\/v2\/news"}],"about":[{"href":"https:\/\/www.railbaltica.org\/lv\/wp-json\/wp\/v2\/types\/news"}],"wp:featuredmedia":[{"embeddable":true,"href":"https:\/\/www.railbaltica.org\/lv\/wp-json\/wp\/v2\/media\/13121"}],"wp:attachment":[{"href":"https:\/\/www.railbaltica.org\/lv\/wp-json\/wp\/v2\/media?parent=13124"}],"wp:term":[{"taxonomy":"news_category","embeddable":true,"href":"https:\/\/www.railbaltica.org\/lv\/wp-json\/wp\/v2\/news_category?post=13124"}],"curies":[{"name":"wp","href":"https:\/\/api.w.org\/{rel}","templated":true}]}}