{"id":13032,"date":"2021-06-30T14:36:58","date_gmt":"2021-06-30T14:36:58","guid":{"rendered":"https:\/\/www.railbaltica.org\/news\/svinigi-atklaj-rail-baltica-stacijas-lidosta-riga-buvlaukumu\/"},"modified":"2025-08-20T07:23:23","modified_gmt":"2025-08-20T07:23:23","slug":"svinigi-atklaj-rail-baltica-stacijas-lidosta-riga-buvlaukumu","status":"publish","type":"news","link":"https:\/\/www.railbaltica.org\/lv\/jaunumi\/svinigi-atklaj-rail-baltica-stacijas-lidosta-riga-buvlaukumu\/","title":{"rendered":"Svin\u012bgi atkl\u0101j Rail Baltica stacijas lidost\u0101 \u201cR\u012bga\u201d b\u016bvlaukumu"},"content":{"rendered":"<section\n    class=\"align wp-block-hero-page-block relative flex overflow-hidden z-10 mt-20 md:mt-52\"\n>\n            <div\n            class=\"container md:!px-14\"\n        >\n            <div\n                class=\"bg-dark text-white rounded p-4 md:p-10\"\n            >\n                                <div\n    class=\"flex justify-between border-t pt-2.5 my-5 text-sm\"\n>\n    <span>Dalies ar jaunumiem\n<\/span>\n    <ul\n        class=\"flex items-center gap-5\"\n    >\n        <li>\n            <a\n                href=\"https:\/\/www.facebook.com\/sharer\/sharer.php?u=https%3A%2F%2Fwww.railbaltica.org%2Flv%2Fjaunumi%2Fsvinigi-atklaj-rail-baltica-stacijas-lidosta-riga-buvlaukumu%2F\"\n                target=\"_blank\"\n                rel=\"noopener noreferrer\"\n                aria-label=\"Share on Facebook\"\n                class=\"transition-opacity hover:opacity-75\"\n            >\n                <svg\n                    width=\"20\"\n                    height=\"20\"\n                    viewBox=\"0 0 20 20\"\n                    fill=\"none\"\n                    xmlns=\"http:\/\/www.w3.org\/2000\/svg\"\n                >\n                    <path\n                        d=\"M7.5 6.66667H5V10H7.5V20H11.6667V10H14.7017L15 6.66667H11.6667V5.2775C11.6667 4.48167 11.8267 4.16667 12.5958 4.16667H15V0H11.8267C8.83 0 7.5 1.31917 7.5 3.84583V6.66667Z\"\n                        fill=\"white\"\n                    \/>\n                <\/svg>\n            <\/a>\n        <\/li>\n        <li>\n            <a\n                href=\"https:\/\/twitter.com\/intent\/tweet?url=https%3A%2F%2Fwww.railbaltica.org%2Flv%2Fjaunumi%2Fsvinigi-atklaj-rail-baltica-stacijas-lidosta-riga-buvlaukumu%2F&amp;text=Svin%C4%ABgi+atkl%C4%81j+Rail+Baltica+stacijas+lidost%C4%81+%E2%80%9CR%C4%ABga%E2%80%9D+b%C5%ABvlaukumu\"\n                target=\"_blank\"\n                rel=\"noopener noreferrer\"\n                aria-label=\"Share on Twitter\"\n                class=\"transition-opacity hover:opacity-75\"\n            >\n                <svg\n                    width=\"20\"\n                    height=\"20\"\n                    viewBox=\"0 0 20 20\"\n                    fill=\"none\"\n                    xmlns=\"http:\/\/www.w3.org\/2000\/svg\"\n                >\n                    <path\n                        d=\"M14.7313 2.68748H17.238L11.763 8.88248L18.2038 17.3125H13.1597L9.20966 12.2L4.68966 17.3125H2.18299L8.03883 10.6866L1.86133 2.68665H7.03216L10.603 7.35998L14.7322 2.68665L14.7313 2.68748ZM13.8522 15.8275H15.2405L6.27716 4.09415H4.78716L13.8522 15.8275Z\"\n                        fill=\"white\"\n                    \/>\n                <\/svg>\n            <\/a>\n        <\/li>\n        <li>\n            <a\n                href=\"https:\/\/www.linkedin.com\/sharing\/share-offsite\/?url=https%3A%2F%2Fwww.railbaltica.org%2Flv%2Fjaunumi%2Fsvinigi-atklaj-rail-baltica-stacijas-lidosta-riga-buvlaukumu%2F\"\n                target=\"_blank\"\n                rel=\"noopener noreferrer\"\n                aria-label=\"Share on LinkedIn\"\n                class=\"transition-opacity hover:opacity-75\"\n            >\n                <svg\n                    width=\"20\"\n                    height=\"20\"\n                    viewBox=\"0 0 20 20\"\n                    fill=\"none\"\n                    xmlns=\"http:\/\/www.w3.org\/2000\/svg\"\n                >\n                    <path\n                        d=\"M18.4097 0.000139829H1.46998C1.27956 -0.00250476 1.09049 0.0323869 0.913553 0.102822C0.73662 0.173257 0.575295 0.277857 0.438791 0.410646C0.302287 0.543436 0.193279 0.701814 0.11799 0.876737C0.0427018 1.05166 0.00260836 1.2397 0 1.43012V18.5699C0.00260836 18.7603 0.0427018 18.9483 0.11799 19.1233C0.193279 19.2982 0.302287 19.4566 0.438791 19.5894C0.575295 19.7221 0.73662 19.8267 0.913553 19.8972C1.09049 19.9676 1.27956 20.0025 1.46998 19.9999H18.4097C18.6002 20.0025 18.7892 19.9676 18.9662 19.8972C19.1431 19.8267 19.3044 19.7221 19.4409 19.5894C19.5774 19.4566 19.6864 19.2982 19.7617 19.1233C19.837 18.9483 19.8771 18.7603 19.8797 18.5699V1.43012C19.8771 1.2397 19.837 1.05166 19.7617 0.876737C19.6864 0.701814 19.5774 0.543436 19.4409 0.410646C19.3044 0.277857 19.1431 0.173257 18.9662 0.102822C18.7892 0.0323869 18.6002 -0.00250476 18.4097 0.000139829ZM6.02992 16.7399H3.02996V7.74003H6.02992V16.7399ZM4.52994 6.48005C4.1162 6.48005 3.71942 6.31569 3.42687 6.02314C3.13431 5.73059 2.96996 5.3338 2.96996 4.92007C2.96996 4.50634 3.13431 4.10955 3.42687 3.817C3.71942 3.52445 4.1162 3.36009 4.52994 3.36009C4.74963 3.33518 4.97211 3.35695 5.1828 3.42398C5.3935 3.491 5.58766 3.60178 5.75258 3.74905C5.91749 3.89632 6.04944 4.07676 6.13979 4.27856C6.23013 4.48036 6.27683 4.69897 6.27683 4.92007C6.27683 5.14117 6.23013 5.35978 6.13979 5.56158C6.04944 5.76338 5.91749 5.94382 5.75258 6.09109C5.58766 6.23836 5.3935 6.34914 5.1828 6.41617C4.97211 6.48319 4.74963 6.50496 4.52994 6.48005ZM16.8498 16.7399H13.8498V11.91C13.8498 10.7 13.4198 9.91 12.3298 9.91C11.9925 9.91247 11.664 10.0183 11.3887 10.2132C11.1133 10.4081 10.9043 10.6827 10.7899 11C10.7116 11.235 10.6777 11.4826 10.6899 11.73V16.7299H7.68989V7.73003H10.6899V9.00001C10.9624 8.52713 11.3587 8.13755 11.8363 7.87323C12.3138 7.60892 12.8544 7.47989 13.3998 7.50003C15.3998 7.50003 16.8498 8.79002 16.8498 11.56V16.7399Z\"\n                        fill=\"white\"\n                    \/>\n                <\/svg>\n            <\/a>\n        <\/li>\n        <li>\n            <button\n                type=\"button\"\n                class=\"copy-url-btn relative my-auto flex transition-opacity hover:opacity-75\"\n                data-url=\"https:\/\/www.railbaltica.org\/lv\/jaunumi\/svinigi-atklaj-rail-baltica-stacijas-lidosta-riga-buvlaukumu\/\"\n            >\n                <svg\n                    width=\"21\"\n                    height=\"21\"\n                    viewBox=\"0 0 21 21\"\n                    fill=\"none\"\n                    xmlns=\"http:\/\/www.w3.org\/2000\/svg\"\n                >\n                    <path\n                        d=\"M10.5205 20C15.7661 20 20 15.7455 20 10.4795C20 5.23392 15.7661 1 10.5205 1M10.5205 20C5.25446 20 1 15.7455 1 10.4795C1 5.23392 5.25446 1 10.5205 1M10.5205 20V1M18.7429 5.75H2.26324M18.7958 15.1345H2.21035M1.05135 10.5H19.9486M10.5103 20C13.1333 20 15.25 15.7455 15.25 10.4795C15.25 5.23392 13.1333 1 10.5103 1C7.87697 1 5.75 5.23392 5.75 10.4795C5.75 15.7455 7.87697 20 10.5103 20Z\"\n                        stroke=\"white\"\n                        stroke-linecap=\"round\"\n                        stroke-linejoin=\"round\"\n                    \/>\n                <\/svg>\n                <span\n                    class=\"absolute hidden translate-x-[-10px] translate-y-[30px]\"\n                >Copied!<\/span>\n            <\/button>\n        <\/li>\n    <\/ul>\n<\/div>\n\n                                    <time\n                        datetime=\"\"\n                        class=\"mb-2.5 flex text-xl text-blue\"\n                    >\n                        30.06.2021\n                    <\/time>\n                \n                                    <h1 class='h1 max-w-198'>\n            Svin\u012bgi atkl\u0101j Rail Baltica stacijas lidost\u0101 \u201cR\u012bga\u201d b\u016bvlaukumu\n        <\/h1>\n                \n                            <\/div>\n        <\/div>\n    <\/section>\n\n<section\n    class=\"overflow-hidden py-5 md:pt-10 md:pb-5 align wp-block-excerpt-block\"\n>\n    <div\n        class=\"container relative flex flex-col items-start z-10 md:text-xl lg:!px-4\"\n    >\n                    <div\n                class=\"textual w-full text-dark text-xl lg:px-12 md:mx-auto md:max-w-222 md:text-xl\"\n            >\n                Piedaloties valsts un pa\u0161vald\u012bbas amatperson\u0101m, Rail Baltica projekta \u012bstenot\u0101jiem, b\u016bvniec\u012bbas uz\u0146\u0113mumu p\u0101rst\u0101vjiem un sadarb\u012bbas partneriem 30. j\u016bnij\u0101 ar svin\u012bgu pas\u0101kumu ofici\u0101li atkl\u0101ts Rail Baltica stacijas lidost\u0101 \u201eR\u012bga\u201d un saist\u012bt\u0101s infrastrukt\u016bras b\u016bvlaukums.\n            <\/div>\n            <\/div>\n<\/section>\n<section\n    class=\"py-5 md:py-10 align wp-block-textual-block\"\n>\n    <div\n        class=\"container\"\n    >\n        <div\n            class=\"textual w-full text-xl text-dark break-words [&#038;_span]:!text-dark [&#038;_a]:!text-dark\"\n        >\n                            <p><strong><\/p>\n\n                    <\/div>\n    <\/div>\n<\/section>\n\n\n<section\n    class=\"overflow-hidden py-5 md:pt-10 md:pb-5 align wp-block-image-block !pt-[0] !pb-[0]\"\n>\n    <div\n        class=\"container relative flex flex-col items-start z-10\"\n    >\n        <div\n            class=\"w-full text-lg text-dark\"\n        >\n                            <img decoding=\"async\"\n        src=\"https:\/\/www.railbaltica.org\/wp-content\/uploads\/2025\/08\/0RK4562-300x225-1.jpg\"\n        alt=\"0RK4562-300&amp;#215;225\"\n         title=\"0RK4562-300&amp;#215;225\"         class=\"block w-auto h-auto max-w-full max-h-[600px]\"\n        loading=\"lazy\"\n    \/>\n                                <\/div>\n    <\/div>\n<\/section>\n\n\n<section\n    class=\"py-5 md:py-10 align wp-block-textual-block\"\n>\n    <div\n        class=\"container\"\n    >\n        <div\n            class=\"textual w-full text-xl text-dark break-words [&#038;_span]:!text-dark [&#038;_a]:!text-dark\"\n        >\n                            <p>Pas\u0101kuma laik\u0101 run\u0101t\u0101ji uzsv\u0113ra \u0161\u012b projekta, kas b\u016bs pirmais \u0101trgaitas dzelzce\u013ca un avio savienojuma centrs Baltij\u0101, noz\u012bm\u012bgumu, kas paredz piecu gadu laik\u0101 izveidot modernu un daudzfunkcion\u0101lu pasa\u017eieru apkalpo\u0161anas kompleksu, kas tiks savienots ar lidostas infrastrukt\u016bru un pied\u0101v\u0101s jaunas mobilit\u0101tes iesp\u0113jas un \u0113rt\u012bbas pasa\u017eieriem.\u00a0<\/p>\n<p><strong>T\u0101lis Linkaits, satiksmes ministrs<\/strong>, atkl\u0101jot pas\u0101kumu, teica: \u201eRail Baltica\u00a0b\u016bvniec\u012bbas procesa uzs\u0101k\u0161ana lidost\u0101 \u201eR\u012bga\u201d ir k\u0101 vizu\u0101ls apliecin\u0101jums tam, ka\u00a0projekts straujiem so\u013ciem iet uz priek\u0161u. Moderna, m\u016bsdien\u012bga lidosta nav iedom\u0101jama bez dzelzce\u013ca savienojuma ar p\u0101r\u0113jo valsti un kaimi\u0146valst\u012bm. Ar \u0161o savienojumu lidosta \u201eR\u012bga\u201d veidojas par modernu multimod\u0101lu transporta mezglu. \u0112rt\u0101ka p\u0101rvieto\u0161an\u0101s, \u0101tr\u0101kas iesp\u0113jas nok\u013c\u016bt lidost\u0101 gan kaimi\u0146valstu iedz\u012bvot\u0101jiem, gan m\u016bsu valsts iedz\u012bvot\u0101jiem, izmantojot 16 re\u0123ion\u0101l\u0101s stacijas, kas tiks izveidotas uz\u00a0Rail Baltica\u00a0dzelzce\u013ca l\u012bnijas.\u201d<\/p>\n<p>Ministrs t\u0101pat ar\u012b nor\u0101d\u012bja, ka \u201eRail Baltica\u00a0nav tikai pasa\u017eieru p\u0101rvad\u0101jumi, bet ar\u012b kravu p\u0101rvad\u0101jumi. Esmu p\u0101rliecin\u0101ts, ka dzelzce\u013ca savienojums ar lidostu \u013caus rad\u012bt jaunus biznesa kravu risin\u0101jumus. \u0160is notikums ir noz\u012bm\u012bgs lidostas \u201eR\u012bga\u201d apkaimei un M\u0101rupes novadam. Moderna dzelzce\u013ca infrastrukt\u016bra, m\u016bsdien\u012bga stacija un savienojam\u012bba dos iesp\u0113ju att\u012bst\u012bt ne tikai avi\u0101cijas, kravu apstr\u0101des un lo\u0123istiku pakalpojumus, bet sekm\u0113s ar\u012b biznesa centru, biroja \u0113ku un viesn\u012bcu att\u012bst\u012bbu lidostas apkaim\u0113 n\u0101kotn\u0113\u201d.<\/p>\n<p><strong>Agnis Driksna<\/strong>,\u00a0<strong>RB Rail\u00a0AS valdes loceklis<\/strong>, uzsv\u0113ra: \u201eNeskatoties uz pand\u0113mijas rad\u012bt\u0101jiem izaicin\u0101jumiem, kas ietekm\u0113 ar\u012b\u00a0Rail Baltica\u00a0darbus, esam sp\u0113ju\u0161i nodro\u0161in\u0101t darbu nep\u0101rtraukt\u012bbu, t\u0101d\u0113\u013c jaun\u0101s stacijas b\u016bvniec\u012bbas procesa atkl\u0101\u0161ana ir noz\u012bm\u012bgs solis, kas apliecina\u00a0Rail Baltica\u00a0projekta progresu un briedumu vis\u0101s tr\u012bs Baltijas valst\u012bs. Tas, ka \u0161aj\u0101 sare\u017e\u0123\u012btaj\u0101 gad\u0101 kop\u012bgiem sp\u0113kiem esam sp\u0113ju\u0161i sagatavoties l\u012bdz \u0161im Latvij\u0101 otram liel\u0101kajam\u00a0Rail Baltica\u00a0b\u016bvniec\u012bbas projektam un to ar\u012b uzs\u0101kt, ir liels komandas darbs, t\u0101d\u0113\u013c liels paldies kol\u0113\u0123iem no Satiksmes ministrijas,\u00a0Eiropas Dzelzce\u013ca l\u012bnij\u0101m\u00a0un m\u016bsu partneriem. \u0160is ir sasniegums ne tikai Baltijas, bet visas Eiropas Savien\u012bbas l\u012bmen\u012b. M\u0113s jau \u0161obr\u012bd redzam, ka \u200bRail\u00a0Baltica\u00a0starptautisk\u0101s stacijas, tai skait\u0101 starptautiskaj\u0101 lidost\u0101 \u201eR\u012bga\u201d, rad\u012bs pievienoto v\u0113rt\u012bbu ikviena m\u016bsu n\u0101kotnei. T\u0101 veicin\u0101s \u0113rta un multimod\u0101la sabiedrisk\u0101 transporta mezgla izveidi un b\u016bs sp\u0113c\u012bgs pamats jaunu invest\u012bciju piesaistei, partner\u012bbu izveidei un pakalpojumu att\u012bst\u012bbai.<\/p>\n<p>M\u0101rupes teritorij\u0101 \u2013 Jaunm\u0101rup\u0113 pl\u0101nota ar\u012b\u00a0Rail Balti\u200bca\u00a0re\u0123ion\u0101l\u0101 stacija un vilcienu rito\u0161\u0101 sast\u0101va depo, t\u0101d\u0113\u013c, lai pilnv\u0113rt\u012bgi izmantotu projekta sniegt\u0101s iesp\u0113jas, ir j\u0101turpina jau uzs\u0101kt\u0101 sadarb\u012bba valsts m\u0113rog\u0101, ar M\u0101rupes pa\u0161vald\u012bbu, lidostu, k\u0101 ar\u012b ar kaimi\u0146u novadiem \u2013 R\u012bgu un Olaini. M\u0113s esam p\u0101rliecin\u0101ti, ka n\u0101kotn\u0113 \u0161\u012b stacija dos pienesumu ar\u012b starptautisk\u0101s lidostas \u201eR\u012bga\u201d att\u012bst\u012bbai, veidojot uz lietot\u0101ju v\u0113rstas siner\u0123ijas starp dzelzce\u013cu un avi\u0101ciju. Izmantojot iesp\u0113ju, v\u0113los\u00a0Rail Baltica\u00a0saim\u0113 sveikt b\u016bvniekus un b\u016bvdarbu uzraugus \u2013 \u0161is projekts ir vieta, kur veidot jaunas partner\u012bbas starp starptautiskajiem un viet\u0113jiem profesion\u0101\u013ciem.\u201d<\/p>\n<p>Skaties pas\u0101kuma video ierakstu \u0161eit:<\/p>\n<p><iframe loading=\"lazy\" src=\"\/\/www.youtube.com\/embed\/PP971JIYAao\" width=\"560\" height=\"314\" allowfullscreen=\"allowfullscreen\"><\/iframe><\/p>\n<p><strong>Rail Baltica\u00a0projekta \u012bstenot\u0101ja Latvij\u0101 \u2013 uz\u0146\u0113muma\u00a0Eiropas Dzelzce\u013ca l\u012bnijas\u00a0valdes priek\u0161s\u0113d\u0113t\u0101js Kaspars Vingris nor\u0101d\u012bja<\/strong>: \u201eM\u0113s turpin\u0101m vispirms veikt darbus sare\u017e\u0123\u012bt\u0101kajos\u00a0Rail Baltica\u00a0objektos \u2013 \u0161is ir viens no komplic\u0113t\u0101kajiem projekta objektiem Latvij\u0101 un pat Baltij\u0101. T\u0101 dar\u0101m, lai br\u012bd\u012b, kad b\u016bs uzb\u016bv\u0113ta\u00a0Rail Baltica\u00a0pamatl\u012bnija, m\u0113s nekav\u0113joties var\u0113tu savienoties ar to un uzs\u0101kt vilcienu satiksmi.<\/p>\n<p>Str\u0101d\u0101jot pand\u0113mijas apst\u0101k\u013cos, mums ir izdevies sagatavot \u0161o objektu b\u016bvniec\u012bbai. T\u0101p\u0113c liela pateic\u012bba par ieguld\u012bto darbu\u00a0Rail Baltica\u00a0\u201e\u0123imenei\u201d:\u00a0Eiropas Dzelzce\u013ca l\u012bnijas\u00a0kolekt\u012bvam un\u00a0RB Rail\u00a0komandai, k\u0101 ar\u012b m\u016bsu b\u016bvprojekta izstr\u0101d\u0101t\u0101jam \u2013 apvien\u012bbai\u00a0Prosiv, k\u0101 ar\u012b daudzajiem sadarb\u012bbas partneriem, no kuriem \u012bpa\u0161i gribu uzsv\u0113rt lidostas kol\u0113\u0123u veikumu un M\u0101rupes pa\u0161vald\u012bbas ieguld\u012bjumu un atsauc\u012bbu. Protams, visliel\u0101k\u0101 atbild\u012bba gulstas uz b\u016bvniekiem, kas \u0161ajos apst\u0101k\u013cos ir sp\u0113ju\u0161i mobiliz\u0113t profesion\u0101\u013cu komandu un visus resursus.<\/p>\n<p><strong>Fona inform\u0101cija:<\/strong><\/p>\n<p>Rail Baltica stacijas un infrastrukt\u016bras b\u016bvniec\u012bbai lidost\u0101 \u201eR\u012bga\u201d galvenie uzdevumi iedal\u012bti b\u016bvniec\u012bbas un t\u0101s kvalit\u0101tes uzraudz\u012bbas komand\u0101m. Izveidotaj\u0101\u00a0 strukt\u016br\u0101 ietilps administrat\u012bv\u0101, tehnisk\u0101, b\u016bvniec\u012bbas un BIM (b\u016bvju inform\u0101cijas model\u0113\u0161ana) noda\u013ca. B\u016bvniec\u012bbas komandas sast\u0101v\u0101 b\u016bs 65 vado\u0161ie pilnsabiedr\u012bbas B.S.L. Infra speci\u0101listi, akt\u012bv\u0101kaj\u0101 b\u016bvniec\u012bbas laik\u0101 objekt\u0101 vienlaikus tiks nodarbin\u0101ti vair\u0101k nek\u0101 300 str\u0101dnieku. B\u016bvniec\u012bbas procesu vad\u012bs personu apvien\u012bbas biedrs Swietelsky AG p\u0101rst\u0101vis Bernards Buhners (Bernhard Buchner).\u00a0<\/p>\n<p>Darbi pl\u0101noti posmos, lai netrauc\u0113tu lidostas darbu un netrauc\u0113tu piek\u013cuvi lidostai. S\u0101kot ar 15. j\u016bniju\u00a0 interesenti var sekot l\u012bdzi\u00a0<strong>b\u016bvdarbu veik\u0161anas pl\u0101nam vietn\u0113\u00a0<\/strong><a href=\"http:\/\/www.edzl.lv\/\"><strong>www.edzl.lv<\/strong><\/a><strong>.\u00a0<\/strong>\u00a0Uzzin\u0101t par izmai\u0146\u0101m satiksmes un g\u0101j\u0113ju pl\u016bsmu organiz\u0101cijas pl\u0101nos var\u0113s gan vietn\u0113\u00a0edzl.lv, gan Glob\u0101l\u0101 projekta m\u0101jas lap\u0101\u00a0info.railbaltica.org.<\/p>\n<p>B\u016bvdarbus pl\u0101nots veikt sec\u012bgi, piecos posmos \u2013 l\u012bdz 2025. gada decembrim. Pirmais darbu posms \u2013\u00a0Rail Baltica\u00a0dzelzce\u013ca infrastrukt\u016bras izb\u016bve no stacijas \u201eImanta\u201d l\u012bdz starptautiskajai lidostai \u201eR\u012bga\u201d, k\u0101 ar\u012b stacijas termin\u0101\u013ca b\u016bvniec\u012bba \u2013 b\u016bs j\u0101paveic l\u012bdz 2023. gada martam\/apr\u012blim.<\/p>\n<p>B\u016bvniec\u012bba notiks, pamatojoties uz atkl\u0101t\u0101 starptautisk\u0101 konkursa uzvar\u0113t\u0101ja \u2013 tr\u012bs valstu uz\u0146\u0113mumu apvien\u012bbas\u00a0PROSIV\u00a0(Sintagma\u00a0(It\u0101lija),\u00a0Prodex\u00a0(Slov\u0101kija) un\u00a0Vektors T\u00a0(Latvija)) \u2013 projektu.<\/p>\n<p>\u0160\u012b projekta finans\u0113jumu 81-85% robe\u017e\u0101s nodro\u0161ina ES infrastrukt\u016bras savieno\u0161anas instruments, bet atliku\u0161o da\u013cu \u2013 Latvijas valsts bud\u017eeta l\u012bdzek\u013ci. ES atbalsta sa\u0146\u0113m\u0113js un projekta \u012bstenot\u0101js ir LR Satiksmes ministrija.<\/p>\n\n                    <\/div>\n    <\/div>\n<\/section>\n\n\n<section\n    class=\"overflow-hidden py-5 md:pt-10 md:pb-5 align wp-block-image-block !pt-[0] !pb-[0]\"\n>\n    <div\n        class=\"container relative flex flex-col items-start z-10\"\n    >\n        <div\n            class=\"w-full text-lg text-dark\"\n        >\n                            <img decoding=\"async\"\n        src=\"https:\/\/www.railbaltica.org\/wp-content\/uploads\/2025\/07\/0RK4704-1.jpg\"\n        alt=\"0RK4704\"\n         title=\"0RK4704\"         class=\"block w-auto h-auto max-w-full max-h-[600px]\"\n        loading=\"lazy\"\n    \/>\n                                <\/div>\n    <\/div>\n<\/section>\n\n\n<section\n    class=\"overflow-hidden py-5 md:pt-10 md:pb-5 align wp-block-image-block !pt-[0] !pb-[0]\"\n>\n    <div\n        class=\"container relative flex flex-col items-start z-10\"\n    >\n        <div\n            class=\"w-full text-lg text-dark\"\n        >\n                            <img decoding=\"async\"\n        src=\"https:\/\/www.railbaltica.org\/wp-content\/uploads\/2025\/08\/0RK4783-300x225-1.jpg\"\n        alt=\"0RK4783-300&amp;#215;225\"\n         title=\"0RK4783-300&amp;#215;225\"         class=\"block w-auto h-auto max-w-full max-h-[600px]\"\n        loading=\"lazy\"\n    \/>\n                                <\/div>\n    <\/div>\n<\/section>\n\n\n<section\n    class=\"overflow-hidden py-5 md:pt-10 md:pb-5 align wp-block-image-block !pt-[0] !pb-[0]\"\n>\n    <div\n        class=\"container relative flex flex-col items-start z-10\"\n    >\n        <div\n            class=\"w-full text-lg text-dark\"\n        >\n                            <img decoding=\"async\"\n        src=\"https:\/\/www.railbaltica.org\/wp-content\/uploads\/2025\/08\/1RK5327-1-300x225-1.jpg\"\n        alt=\"1RK5327-1-300&amp;#215;225\"\n         title=\"1RK5327-1-300&amp;#215;225\"         class=\"block w-auto h-auto max-w-full max-h-[600px]\"\n        loading=\"lazy\"\n    \/>\n                                <\/div>\n    <\/div>\n<\/section>\n\n\n<section\n    class=\"overflow-hidden py-5 md:pt-10 md:pb-5 align wp-block-image-block !pt-[0] !pb-[0]\"\n>\n    <div\n        class=\"container relative flex flex-col items-start z-10\"\n    >\n        <div\n            class=\"w-full text-lg text-dark\"\n        >\n                            <img decoding=\"async\"\n        src=\"https:\/\/www.railbaltica.org\/wp-content\/uploads\/2025\/08\/0RK4647-300x225-1.jpg\"\n        alt=\"0RK4647-300&amp;#215;225\"\n         title=\"0RK4647-300&amp;#215;225\"         class=\"block w-auto h-auto max-w-full max-h-[600px]\"\n        loading=\"lazy\"\n    \/>\n                                <\/div>\n    <\/div>\n<\/section>\n\n\n<section\n    class=\"overflow-hidden py-5 md:pt-10 md:pb-5 align wp-block-image-block !pt-[0] !pb-[0]\"\n>\n    <div\n        class=\"container relative flex flex-col items-start z-10\"\n    >\n        <div\n            class=\"w-full text-lg text-dark\"\n        >\n                            <img decoding=\"async\"\n        src=\"https:\/\/www.railbaltica.org\/wp-content\/uploads\/2025\/08\/0RK4654-300x225-1.jpg\"\n        alt=\"0RK4654-300&amp;#215;225\"\n         title=\"0RK4654-300&amp;#215;225\"         class=\"block w-auto h-auto max-w-full max-h-[600px]\"\n        loading=\"lazy\"\n    \/>\n                                <\/div>\n    <\/div>\n<\/section>\n\n\n<section\n    class=\"py-5 md:py-10 align wp-block-textual-block\"\n>\n    <div\n        class=\"container\"\n    >\n        <div\n            class=\"textual w-full text-xl text-dark break-words [&#038;_span]:!text-dark [&#038;_a]:!text-dark\"\n        >\n                            <\/p>\n\n                    <\/div>\n    <\/div>\n<\/section>\n\n\n\n<section\n    class=\"overflow-hidden py-5 md:pt-5 md:pb-10 align wp-block-button-cta-block !pt-[0]\"\n>\n    <div\n        class=\"container w-full relative flex flex-col items-start z-10\"\n    >\n        <div\n            class=\"w-full border-t border-dark pt-5 mt-4 md:mt-5 md:pt-10\"\n        >\n        <\/div>\n\n                    <a\n        href=\"\/lv\/zinas\/\"\n                class=\"btn-outline-dark mx-auto\"\n    >\n        \n        Atpaka\u013c zi\u0146\u0101m\n        \n        \n    <\/a>\n            <\/div>\n<\/section>\n","protected":false},"excerpt":{"rendered":"<p>Piedaloties valsts un pa\u0161vald\u012bbas amatperson\u0101m, Rail Baltica projekta \u012bstenot\u0101jiem, b\u016bvniec\u012bbas uz\u0146\u0113mumu p\u0101rst\u0101vjiem un sadarb\u012bbas partneriem 30. j\u016bnij\u0101 ar svin\u012bgu pas\u0101kumu ofici\u0101li atkl\u0101ts Rail Baltica stacijas lidost\u0101 \u201eR\u012bga\u201d un saist\u012bt\u0101s infrastrukt\u016bras b\u016bvlaukums.<\/p>\n","protected":false},"featured_media":29431,"template":"","news_category":[],"class_list":["post-13032","news","type-news","status-publish","has-post-thumbnail","hentry"],"acf":[],"yoast_head":"<!-- This site is optimized with the Yoast SEO plugin v27.5 - https:\/\/yoast.com\/product\/yoast-seo-wordpress\/ -->\n<title>Svin\u012bgi atkl\u0101j Rail Baltica stacijas lidost\u0101 \u201cR\u012bga\u201d b\u016bvlaukumu - RB<\/title>\n<meta name=\"robots\" content=\"index, follow, max-snippet:-1, max-image-preview:large, max-video-preview:-1\" \/>\n<link rel=\"canonical\" href=\"https:\/\/www.railbaltica.org\/lv\/jaunumi\/svinigi-atklaj-rail-baltica-stacijas-lidosta-riga-buvlaukumu\/\" \/>\n<meta property=\"og:locale\" content=\"lv_LV\" \/>\n<meta property=\"og:type\" content=\"article\" \/>\n<meta property=\"og:title\" content=\"Svin\u012bgi atkl\u0101j Rail Baltica stacijas lidost\u0101 \u201cR\u012bga\u201d b\u016bvlaukumu - RB\" \/>\n<meta property=\"og:description\" content=\"Piedaloties valsts un pa\u0161vald\u012bbas amatperson\u0101m, Rail Baltica projekta \u012bstenot\u0101jiem, b\u016bvniec\u012bbas uz\u0146\u0113mumu p\u0101rst\u0101vjiem un sadarb\u012bbas partneriem 30. j\u016bnij\u0101 ar svin\u012bgu pas\u0101kumu ofici\u0101li atkl\u0101ts Rail Baltica stacijas lidost\u0101 \u201eR\u012bga\u201d un saist\u012bt\u0101s infrastrukt\u016bras b\u016bvlaukums.\" \/>\n<meta property=\"og:url\" content=\"https:\/\/www.railbaltica.org\/lv\/jaunumi\/svinigi-atklaj-rail-baltica-stacijas-lidosta-riga-buvlaukumu\/\" \/>\n<meta property=\"og:site_name\" content=\"RB\" \/>\n<meta property=\"article:modified_time\" content=\"2025-08-20T07:23:23+00:00\" \/>\n<meta property=\"og:image\" content=\"https:\/\/www.railbaltica.org\/wp-content\/uploads\/2025\/08\/0RK4686-1024x683.jpg\" \/>\n\t<meta property=\"og:image:width\" content=\"1024\" \/>\n\t<meta property=\"og:image:height\" content=\"683\" \/>\n\t<meta property=\"og:image:type\" content=\"image\/jpeg\" \/>\n<meta name=\"twitter:card\" content=\"summary_large_image\" \/>\n<script type=\"application\/ld+json\" class=\"yoast-schema-graph\">{\"@context\":\"https:\\\/\\\/schema.org\",\"@graph\":[{\"@type\":\"WebPage\",\"@id\":\"https:\\\/\\\/www.railbaltica.org\\\/lv\\\/jaunumi\\\/svinigi-atklaj-rail-baltica-stacijas-lidosta-riga-buvlaukumu\\\/\",\"url\":\"https:\\\/\\\/www.railbaltica.org\\\/lv\\\/jaunumi\\\/svinigi-atklaj-rail-baltica-stacijas-lidosta-riga-buvlaukumu\\\/\",\"name\":\"Svin\u012bgi atkl\u0101j Rail Baltica stacijas lidost\u0101 \u201cR\u012bga\u201d b\u016bvlaukumu - RB\",\"isPartOf\":{\"@id\":\"https:\\\/\\\/www.railbaltica.org\\\/#website\"},\"primaryImageOfPage\":{\"@id\":\"https:\\\/\\\/www.railbaltica.org\\\/lv\\\/jaunumi\\\/svinigi-atklaj-rail-baltica-stacijas-lidosta-riga-buvlaukumu\\\/#primaryimage\"},\"image\":{\"@id\":\"https:\\\/\\\/www.railbaltica.org\\\/lv\\\/jaunumi\\\/svinigi-atklaj-rail-baltica-stacijas-lidosta-riga-buvlaukumu\\\/#primaryimage\"},\"thumbnailUrl\":\"https:\\\/\\\/www.railbaltica.org\\\/wp-content\\\/uploads\\\/2025\\\/08\\\/0RK4686.jpg\",\"datePublished\":\"2021-06-30T14:36:58+00:00\",\"dateModified\":\"2025-08-20T07:23:23+00:00\",\"breadcrumb\":{\"@id\":\"https:\\\/\\\/www.railbaltica.org\\\/lv\\\/jaunumi\\\/svinigi-atklaj-rail-baltica-stacijas-lidosta-riga-buvlaukumu\\\/#breadcrumb\"},\"inLanguage\":\"lv-LV\",\"potentialAction\":[{\"@type\":\"ReadAction\",\"target\":[\"https:\\\/\\\/www.railbaltica.org\\\/lv\\\/jaunumi\\\/svinigi-atklaj-rail-baltica-stacijas-lidosta-riga-buvlaukumu\\\/\"]}]},{\"@type\":\"ImageObject\",\"inLanguage\":\"lv-LV\",\"@id\":\"https:\\\/\\\/www.railbaltica.org\\\/lv\\\/jaunumi\\\/svinigi-atklaj-rail-baltica-stacijas-lidosta-riga-buvlaukumu\\\/#primaryimage\",\"url\":\"https:\\\/\\\/www.railbaltica.org\\\/wp-content\\\/uploads\\\/2025\\\/08\\\/0RK4686.jpg\",\"contentUrl\":\"https:\\\/\\\/www.railbaltica.org\\\/wp-content\\\/uploads\\\/2025\\\/08\\\/0RK4686.jpg\",\"width\":2048,\"height\":1365},{\"@type\":\"BreadcrumbList\",\"@id\":\"https:\\\/\\\/www.railbaltica.org\\\/lv\\\/jaunumi\\\/svinigi-atklaj-rail-baltica-stacijas-lidosta-riga-buvlaukumu\\\/#breadcrumb\",\"itemListElement\":[{\"@type\":\"ListItem\",\"position\":1,\"name\":\"Home\",\"item\":\"https:\\\/\\\/www.railbaltica.org\\\/lv\\\/\"},{\"@type\":\"ListItem\",\"position\":2,\"name\":\"Svin\u012bgi atkl\u0101j Rail Baltica stacijas lidost\u0101 \u201cR\u012bga\u201d b\u016bvlaukumu\"}]},{\"@type\":\"WebSite\",\"@id\":\"https:\\\/\\\/www.railbaltica.org\\\/#website\",\"url\":\"https:\\\/\\\/www.railbaltica.org\\\/\",\"name\":\"RB\",\"description\":\"\",\"potentialAction\":[{\"@type\":\"SearchAction\",\"target\":{\"@type\":\"EntryPoint\",\"urlTemplate\":\"https:\\\/\\\/www.railbaltica.org\\\/?s={search_term_string}\"},\"query-input\":{\"@type\":\"PropertyValueSpecification\",\"valueRequired\":true,\"valueName\":\"search_term_string\"}}],\"inLanguage\":\"lv-LV\"}]}<\/script>\n<!-- \/ Yoast SEO plugin. -->","yoast_head_json":{"title":"Svin\u012bgi atkl\u0101j Rail Baltica stacijas lidost\u0101 \u201cR\u012bga\u201d b\u016bvlaukumu - RB","robots":{"index":"index","follow":"follow","max-snippet":"max-snippet:-1","max-image-preview":"max-image-preview:large","max-video-preview":"max-video-preview:-1"},"canonical":"https:\/\/www.railbaltica.org\/lv\/jaunumi\/svinigi-atklaj-rail-baltica-stacijas-lidosta-riga-buvlaukumu\/","og_locale":"lv_LV","og_type":"article","og_title":"Svin\u012bgi atkl\u0101j Rail Baltica stacijas lidost\u0101 \u201cR\u012bga\u201d b\u016bvlaukumu - RB","og_description":"Piedaloties valsts un pa\u0161vald\u012bbas amatperson\u0101m, Rail Baltica projekta \u012bstenot\u0101jiem, b\u016bvniec\u012bbas uz\u0146\u0113mumu p\u0101rst\u0101vjiem un sadarb\u012bbas partneriem 30. j\u016bnij\u0101 ar svin\u012bgu pas\u0101kumu ofici\u0101li atkl\u0101ts Rail Baltica stacijas lidost\u0101 \u201eR\u012bga\u201d un saist\u012bt\u0101s infrastrukt\u016bras b\u016bvlaukums.","og_url":"https:\/\/www.railbaltica.org\/lv\/jaunumi\/svinigi-atklaj-rail-baltica-stacijas-lidosta-riga-buvlaukumu\/","og_site_name":"RB","article_modified_time":"2025-08-20T07:23:23+00:00","og_image":[{"width":1024,"height":683,"url":"https:\/\/www.railbaltica.org\/wp-content\/uploads\/2025\/08\/0RK4686-1024x683.jpg","type":"image\/jpeg"}],"twitter_card":"summary_large_image","schema":{"@context":"https:\/\/schema.org","@graph":[{"@type":"WebPage","@id":"https:\/\/www.railbaltica.org\/lv\/jaunumi\/svinigi-atklaj-rail-baltica-stacijas-lidosta-riga-buvlaukumu\/","url":"https:\/\/www.railbaltica.org\/lv\/jaunumi\/svinigi-atklaj-rail-baltica-stacijas-lidosta-riga-buvlaukumu\/","name":"Svin\u012bgi atkl\u0101j Rail Baltica stacijas lidost\u0101 \u201cR\u012bga\u201d b\u016bvlaukumu - RB","isPartOf":{"@id":"https:\/\/www.railbaltica.org\/#website"},"primaryImageOfPage":{"@id":"https:\/\/www.railbaltica.org\/lv\/jaunumi\/svinigi-atklaj-rail-baltica-stacijas-lidosta-riga-buvlaukumu\/#primaryimage"},"image":{"@id":"https:\/\/www.railbaltica.org\/lv\/jaunumi\/svinigi-atklaj-rail-baltica-stacijas-lidosta-riga-buvlaukumu\/#primaryimage"},"thumbnailUrl":"https:\/\/www.railbaltica.org\/wp-content\/uploads\/2025\/08\/0RK4686.jpg","datePublished":"2021-06-30T14:36:58+00:00","dateModified":"2025-08-20T07:23:23+00:00","breadcrumb":{"@id":"https:\/\/www.railbaltica.org\/lv\/jaunumi\/svinigi-atklaj-rail-baltica-stacijas-lidosta-riga-buvlaukumu\/#breadcrumb"},"inLanguage":"lv-LV","potentialAction":[{"@type":"ReadAction","target":["https:\/\/www.railbaltica.org\/lv\/jaunumi\/svinigi-atklaj-rail-baltica-stacijas-lidosta-riga-buvlaukumu\/"]}]},{"@type":"ImageObject","inLanguage":"lv-LV","@id":"https:\/\/www.railbaltica.org\/lv\/jaunumi\/svinigi-atklaj-rail-baltica-stacijas-lidosta-riga-buvlaukumu\/#primaryimage","url":"https:\/\/www.railbaltica.org\/wp-content\/uploads\/2025\/08\/0RK4686.jpg","contentUrl":"https:\/\/www.railbaltica.org\/wp-content\/uploads\/2025\/08\/0RK4686.jpg","width":2048,"height":1365},{"@type":"BreadcrumbList","@id":"https:\/\/www.railbaltica.org\/lv\/jaunumi\/svinigi-atklaj-rail-baltica-stacijas-lidosta-riga-buvlaukumu\/#breadcrumb","itemListElement":[{"@type":"ListItem","position":1,"name":"Home","item":"https:\/\/www.railbaltica.org\/lv\/"},{"@type":"ListItem","position":2,"name":"Svin\u012bgi atkl\u0101j Rail Baltica stacijas lidost\u0101 \u201cR\u012bga\u201d b\u016bvlaukumu"}]},{"@type":"WebSite","@id":"https:\/\/www.railbaltica.org\/#website","url":"https:\/\/www.railbaltica.org\/","name":"RB","description":"","potentialAction":[{"@type":"SearchAction","target":{"@type":"EntryPoint","urlTemplate":"https:\/\/www.railbaltica.org\/?s={search_term_string}"},"query-input":{"@type":"PropertyValueSpecification","valueRequired":true,"valueName":"search_term_string"}}],"inLanguage":"lv-LV"}]}},"_links":{"self":[{"href":"https:\/\/www.railbaltica.org\/lv\/wp-json\/wp\/v2\/news\/13032","targetHints":{"allow":["GET"]}}],"collection":[{"href":"https:\/\/www.railbaltica.org\/lv\/wp-json\/wp\/v2\/news"}],"about":[{"href":"https:\/\/www.railbaltica.org\/lv\/wp-json\/wp\/v2\/types\/news"}],"wp:featuredmedia":[{"embeddable":true,"href":"https:\/\/www.railbaltica.org\/lv\/wp-json\/wp\/v2\/media\/29431"}],"wp:attachment":[{"href":"https:\/\/www.railbaltica.org\/lv\/wp-json\/wp\/v2\/media?parent=13032"}],"wp:term":[{"taxonomy":"news_category","embeddable":true,"href":"https:\/\/www.railbaltica.org\/lv\/wp-json\/wp\/v2\/news_category?post=13032"}],"curies":[{"name":"wp","href":"https:\/\/api.w.org\/{rel}","templated":true}]}}