{"id":12981,"date":"2021-05-05T08:34:17","date_gmt":"2021-05-05T08:34:17","guid":{"rendered":"https:\/\/www.railbaltica.org\/news\/izsludinats-pirmais-konsolidetais-dzelzcela-buvmaterialu-iepirkums-rail-baltica-pamata-trases-buvniecibai\/"},"modified":"2025-08-20T07:23:27","modified_gmt":"2025-08-20T07:23:27","slug":"izsludinats-pirmais-konsolidetais-dzelzcela-buvmaterialu-iepirkums-rail-baltica-pamata-trases-buvniecibai","status":"publish","type":"news","link":"https:\/\/www.railbaltica.org\/lv\/jaunumi\/izsludinats-pirmais-konsolidetais-dzelzcela-buvmaterialu-iepirkums-rail-baltica-pamata-trases-buvniecibai\/","title":{"rendered":"Izsludin\u0101ts pirmais konsolid\u0113tais dzelzce\u013ca b\u016bvmateri\u0101lu iepirkums Rail Baltica pamata trases b\u016bvniec\u012bbai"},"content":{"rendered":"<section\n    class=\"align wp-block-hero-page-block relative flex overflow-hidden z-10 mt-20 md:mt-52\"\n>\n            <div\n            class=\"container md:!px-14\"\n        >\n            <div\n                class=\"bg-dark text-white rounded p-4 md:p-10\"\n            >\n                                <div\n    class=\"flex justify-between border-t pt-2.5 my-5 text-sm\"\n>\n    <span>Dalies ar jaunumiem\n<\/span>\n    <ul\n        class=\"flex items-center gap-5\"\n    >\n        <li>\n            <a\n                href=\"https:\/\/www.facebook.com\/sharer\/sharer.php?u=https%3A%2F%2Fwww.railbaltica.org%2Flv%2Fjaunumi%2Fizsludinats-pirmais-konsolidetais-dzelzcela-buvmaterialu-iepirkums-rail-baltica-pamata-trases-buvniecibai%2F\"\n                target=\"_blank\"\n                rel=\"noopener noreferrer\"\n                aria-label=\"Share on Facebook\"\n                class=\"transition-opacity hover:opacity-75\"\n            >\n                <svg\n                    width=\"20\"\n                    height=\"20\"\n                    viewBox=\"0 0 20 20\"\n                    fill=\"none\"\n                    xmlns=\"http:\/\/www.w3.org\/2000\/svg\"\n                >\n                    <path\n                        d=\"M7.5 6.66667H5V10H7.5V20H11.6667V10H14.7017L15 6.66667H11.6667V5.2775C11.6667 4.48167 11.8267 4.16667 12.5958 4.16667H15V0H11.8267C8.83 0 7.5 1.31917 7.5 3.84583V6.66667Z\"\n                        fill=\"white\"\n                    \/>\n                <\/svg>\n            <\/a>\n        <\/li>\n        <li>\n            <a\n                href=\"https:\/\/twitter.com\/intent\/tweet?url=https%3A%2F%2Fwww.railbaltica.org%2Flv%2Fjaunumi%2Fizsludinats-pirmais-konsolidetais-dzelzcela-buvmaterialu-iepirkums-rail-baltica-pamata-trases-buvniecibai%2F&amp;text=Izsludin%C4%81ts+pirmais+konsolid%C4%93tais+dzelzce%C4%BCa+b%C5%ABvmateri%C4%81lu+iepirkums+Rail+Baltica+pamata+trases+b%C5%ABvniec%C4%ABbai\"\n                target=\"_blank\"\n                rel=\"noopener noreferrer\"\n                aria-label=\"Share on Twitter\"\n                class=\"transition-opacity hover:opacity-75\"\n            >\n                <svg\n                    width=\"20\"\n                    height=\"20\"\n                    viewBox=\"0 0 20 20\"\n                    fill=\"none\"\n                    xmlns=\"http:\/\/www.w3.org\/2000\/svg\"\n                >\n                    <path\n                        d=\"M14.7313 2.68748H17.238L11.763 8.88248L18.2038 17.3125H13.1597L9.20966 12.2L4.68966 17.3125H2.18299L8.03883 10.6866L1.86133 2.68665H7.03216L10.603 7.35998L14.7322 2.68665L14.7313 2.68748ZM13.8522 15.8275H15.2405L6.27716 4.09415H4.78716L13.8522 15.8275Z\"\n                        fill=\"white\"\n                    \/>\n                <\/svg>\n            <\/a>\n        <\/li>\n        <li>\n            <a\n                href=\"https:\/\/www.linkedin.com\/sharing\/share-offsite\/?url=https%3A%2F%2Fwww.railbaltica.org%2Flv%2Fjaunumi%2Fizsludinats-pirmais-konsolidetais-dzelzcela-buvmaterialu-iepirkums-rail-baltica-pamata-trases-buvniecibai%2F\"\n                target=\"_blank\"\n                rel=\"noopener noreferrer\"\n                aria-label=\"Share on LinkedIn\"\n                class=\"transition-opacity hover:opacity-75\"\n            >\n                <svg\n                    width=\"20\"\n                    height=\"20\"\n                    viewBox=\"0 0 20 20\"\n                    fill=\"none\"\n                    xmlns=\"http:\/\/www.w3.org\/2000\/svg\"\n                >\n                    <path\n                        d=\"M18.4097 0.000139829H1.46998C1.27956 -0.00250476 1.09049 0.0323869 0.913553 0.102822C0.73662 0.173257 0.575295 0.277857 0.438791 0.410646C0.302287 0.543436 0.193279 0.701814 0.11799 0.876737C0.0427018 1.05166 0.00260836 1.2397 0 1.43012V18.5699C0.00260836 18.7603 0.0427018 18.9483 0.11799 19.1233C0.193279 19.2982 0.302287 19.4566 0.438791 19.5894C0.575295 19.7221 0.73662 19.8267 0.913553 19.8972C1.09049 19.9676 1.27956 20.0025 1.46998 19.9999H18.4097C18.6002 20.0025 18.7892 19.9676 18.9662 19.8972C19.1431 19.8267 19.3044 19.7221 19.4409 19.5894C19.5774 19.4566 19.6864 19.2982 19.7617 19.1233C19.837 18.9483 19.8771 18.7603 19.8797 18.5699V1.43012C19.8771 1.2397 19.837 1.05166 19.7617 0.876737C19.6864 0.701814 19.5774 0.543436 19.4409 0.410646C19.3044 0.277857 19.1431 0.173257 18.9662 0.102822C18.7892 0.0323869 18.6002 -0.00250476 18.4097 0.000139829ZM6.02992 16.7399H3.02996V7.74003H6.02992V16.7399ZM4.52994 6.48005C4.1162 6.48005 3.71942 6.31569 3.42687 6.02314C3.13431 5.73059 2.96996 5.3338 2.96996 4.92007C2.96996 4.50634 3.13431 4.10955 3.42687 3.817C3.71942 3.52445 4.1162 3.36009 4.52994 3.36009C4.74963 3.33518 4.97211 3.35695 5.1828 3.42398C5.3935 3.491 5.58766 3.60178 5.75258 3.74905C5.91749 3.89632 6.04944 4.07676 6.13979 4.27856C6.23013 4.48036 6.27683 4.69897 6.27683 4.92007C6.27683 5.14117 6.23013 5.35978 6.13979 5.56158C6.04944 5.76338 5.91749 5.94382 5.75258 6.09109C5.58766 6.23836 5.3935 6.34914 5.1828 6.41617C4.97211 6.48319 4.74963 6.50496 4.52994 6.48005ZM16.8498 16.7399H13.8498V11.91C13.8498 10.7 13.4198 9.91 12.3298 9.91C11.9925 9.91247 11.664 10.0183 11.3887 10.2132C11.1133 10.4081 10.9043 10.6827 10.7899 11C10.7116 11.235 10.6777 11.4826 10.6899 11.73V16.7299H7.68989V7.73003H10.6899V9.00001C10.9624 8.52713 11.3587 8.13755 11.8363 7.87323C12.3138 7.60892 12.8544 7.47989 13.3998 7.50003C15.3998 7.50003 16.8498 8.79002 16.8498 11.56V16.7399Z\"\n                        fill=\"white\"\n                    \/>\n                <\/svg>\n            <\/a>\n        <\/li>\n        <li>\n            <button\n                type=\"button\"\n                class=\"copy-url-btn relative my-auto flex transition-opacity hover:opacity-75\"\n                data-url=\"https:\/\/www.railbaltica.org\/lv\/jaunumi\/izsludinats-pirmais-konsolidetais-dzelzcela-buvmaterialu-iepirkums-rail-baltica-pamata-trases-buvniecibai\/\"\n            >\n                <svg\n                    width=\"21\"\n                    height=\"21\"\n                    viewBox=\"0 0 21 21\"\n                    fill=\"none\"\n                    xmlns=\"http:\/\/www.w3.org\/2000\/svg\"\n                >\n                    <path\n                        d=\"M10.5205 20C15.7661 20 20 15.7455 20 10.4795C20 5.23392 15.7661 1 10.5205 1M10.5205 20C5.25446 20 1 15.7455 1 10.4795C1 5.23392 5.25446 1 10.5205 1M10.5205 20V1M18.7429 5.75H2.26324M18.7958 15.1345H2.21035M1.05135 10.5H19.9486M10.5103 20C13.1333 20 15.25 15.7455 15.25 10.4795C15.25 5.23392 13.1333 1 10.5103 1C7.87697 1 5.75 5.23392 5.75 10.4795C5.75 15.7455 7.87697 20 10.5103 20Z\"\n                        stroke=\"white\"\n                        stroke-linecap=\"round\"\n                        stroke-linejoin=\"round\"\n                    \/>\n                <\/svg>\n                <span\n                    class=\"absolute hidden translate-x-[-10px] translate-y-[30px]\"\n                >Copied!<\/span>\n            <\/button>\n        <\/li>\n    <\/ul>\n<\/div>\n\n                                    <time\n                        datetime=\"\"\n                        class=\"mb-2.5 flex text-xl text-blue\"\n                    >\n                        05.05.2021\n                    <\/time>\n                \n                                    <h1 class='h1 max-w-198'>\n            Izsludin\u0101ts pirmais konsolid\u0113tais dzelzce\u013ca b\u016bvmateri\u0101lu iepirkums Rail Baltica pamata trases b\u016bvniec\u012bbai\n        <\/h1>\n                \n                            <\/div>\n        <\/div>\n    <\/section>\n\n<section\n    class=\"overflow-hidden py-5 md:pt-10 md:pb-5 align wp-block-excerpt-block\"\n>\n    <div\n        class=\"container relative flex flex-col items-start z-10 md:text-xl lg:!px-4\"\n    >\n                    <div\n                class=\"textual w-full text-dark text-xl lg:px-12 md:mx-auto md:max-w-222 md:text-xl\"\n            >\n                *\u00a0Dzelzce\u013ca infrastrukt\u016bras b\u016bvobjektu elementu pieg\u0101d\u0101t\u0101ju tirgus izp\u0113te, 2019\u00a0\n            <\/div>\n            <\/div>\n<\/section>\n<section\n    class=\"py-5 md:py-10 align wp-block-textual-block\"\n>\n    <div\n        class=\"container\"\n    >\n        <div\n            class=\"textual w-full text-xl text-dark break-words [&#038;_span]:!text-dark [&#038;_a]:!text-dark\"\n        >\n                            <p class=\"paragraph\" style=\"margin: 0cm; text-align: justify; vertical-align: baseline;\"><span class=\"normaltextrun\"><b><span lang=\"LV\" style=\"font-size: 10.0pt; font-family: 'Arial',sans-serif; color: black;\"><\/p>\n\n                    <\/div>\n    <\/div>\n<\/section>\n\n\n<section\n    class=\"overflow-hidden py-5 md:pt-10 md:pb-5 align wp-block-image-block !pt-[0] !pb-[0]\"\n>\n    <div\n        class=\"container relative flex flex-col items-start z-10\"\n    >\n        <div\n            class=\"w-full text-lg text-dark\"\n        >\n                            <img decoding=\"async\"\n        src=\"https:\/\/www.railbaltica.org\/wp-content\/uploads\/2025\/07\/Rail_Baltica_Train_Concept_Station-4.jpg\"\n        alt=\"Rail_Baltica_Train_Concept_Station\"\n         title=\"Rail_Baltica_Train_Concept_Station\"         class=\"block w-auto h-auto max-w-full max-h-[600px]\"\n        loading=\"lazy\"\n    \/>\n                                <\/div>\n    <\/div>\n<\/section>\n\n\n<section\n    class=\"py-5 md:py-10 align wp-block-textual-block\"\n>\n    <div\n        class=\"container\"\n    >\n        <div\n            class=\"textual w-full text-xl text-dark break-words [&#038;_span]:!text-dark [&#038;_a]:!text-dark\"\n        >\n                            <p>Rail\u00a0Baltica\u00a0kopuz\u0146\u0113mums RB Rail AS izsludin\u0101jis\u00a0pirm\u0101\u00a0konsolid\u0113t\u0101\u00a0dzelzce\u013ca\u00a0b\u016bvmateri\u0101lu iepirkuma\u00a0pirmo\u00a0k\u0101rtu\u00a0par aptuveno summu 46 miljoni\u00a0eiro. \u0160is\u00a0konkr\u0113tais\u00a0publiskais iepirkums\u00a0paredz\u00a0optisko \u0161\u0137iedru kabe\u013cu\u00a0aizsargcauru\u013cu,\u00a0kabe\u013cu\u00a0aizsargcauru\u013cu,\u00a0sakaru kanaliz\u0101cijas aku\u00a0un\u00a0kabe\u013cu kan\u0101lu\u00a0pieg\u0101des\u00a0Rail\u00a0Baltica\u00a0pamattrases\u00a0b\u016bvniec\u012bbai\u00a0Igaunij\u0101, Latvij\u0101 un Lietuv\u0101.<span class=\"normaltextrun\"><span lang=\"LV\" style=\"font-size: 10.0pt; font-family: 'Arial',sans-serif; color: black;\">\u00a0<\/span><\/span><span class=\"eop\"><span lang=\"LV\" style=\"font-size: 10.0pt; font-family: 'Arial',sans-serif; color: black;\">\u00a0<\/span><\/span> <\/p>\n<p class=\"paragraph\" style=\"margin: 0cm; text-align: justify; vertical-align: baseline;\"><span class=\"eop\"><span lang=\"LV\" style=\"font-size: 10.0pt; font-family: 'Arial',sans-serif; color: black;\">\u00a0<\/span><\/span><\/p>\n<p class=\"paragraph\" style=\"margin: 0cm; text-align: justify; vertical-align: baseline;\"><span class=\"normaltextrun\"><b><span lang=\"LV\" style=\"font-size: 10.0pt; font-family: 'Arial',sans-serif; color: black;\">Marks St\u012bvens\u00a0Louders<\/span><\/b><\/span><span class=\"normaltextrun\"><span lang=\"LV\" style=\"font-size: 10.0pt; font-family: 'Arial',sans-serif; color: black;\">\u00a0(<i>Mark\u00a0Stephen\u00a0Loader<\/i>)\u00a0RB Rail AS\u00a0Programmas vad\u012bbas direktors un valdes loceklis saka: \u201cViena no \u0161\u0101da m\u0113roga projekta, k\u0101ds ir Rail\u00a0Baltica, galvenaj\u0101m priek\u0161roc\u012bb\u0101m ir\u00a0apjomrad\u012bti\u00a0ietaup\u012bjumi, kas mums, piem\u0113ram, \u013cauj veikt konsolid\u0113tu materi\u0101lu ieg\u0101di visai 870km garajai dzelzce\u013ca\u00a0pamattrases\u00a0l\u012bnijai.\u00a0M\u0113s esam patiesi gandar\u012bti izsludin\u0101t pirmo no v\u0113l daudziem\u00a0\u0161\u0101da veida\u00a0iepirkumiem.\u00a0Pa\u013caujamies, ka m\u016bsu potenci\u0101lie partneri un pieg\u0101d\u0101t\u0101ji nov\u0113rt\u0113s \u0161o iesp\u0113ju un iesniegs sp\u0113c\u012bgus\u00a0un konkur\u0113tsp\u0113j\u012bgus\u00a0pied\u0101v\u0101jumus.\u201d<\/span><\/span><span class=\"eop\"><span lang=\"LV\" style=\"font-size: 10.0pt; font-family: 'Arial',sans-serif; color: black;\">\u00a0<\/span><\/span><\/p>\n<p class=\"paragraph\" style=\"margin: 0cm; text-align: justify; vertical-align: baseline;\"><span class=\"eop\"><span lang=\"LV\" style=\"font-size: 10.0pt; font-family: 'Arial',sans-serif; color: black;\">\u00a0<\/span><\/span><\/p>\n<p class=\"paragraph\" style=\"margin: 0cm; text-align: justify; vertical-align: baseline;\"><span class=\"normaltextrun\"><span lang=\"LV\" style=\"font-size: 10.0pt; font-family: 'Arial',sans-serif; color: black; background: white;\">Jau v\u0113st\u012bts, ka, turpinot ar Rail\u00a0Baltica\u00a0n\u0101kamo att\u012bst\u012bbas posmu, galven\u0101 uzman\u012bba 2021.gad\u0101 tiks velt\u012bta, lai sagatavotos v\u0113rien\u012bgu b\u016bvniec\u012bbas darbu uzs\u0101k\u0161anai. Tas ietvers gan glob\u0101l\u0101 projekta \u012bsteno\u0161anas pl\u0101nu sinhroniz\u0113\u0161anu ar pieejamaj\u0101m finans\u0113\u0161anas perspekt\u012bv\u0101m, gan nepiecie\u0161amo sagatavo\u0161anas darbu veik\u0161anu dzelzce\u013ca materi\u0101lu un komponen\u0161u nodro\u0161in\u0101\u0161anai\u00a0pamattrases\u00a0b\u016bvniec\u012bbai. Pl\u0101nots, ka kop\u0113j\u0101 l\u012bgumu\u00a0v\u0113rt\u012bba \u0161ogad uzs\u0101ktajiem publisko iepirkumu projektiem\u00a0sasniegs\u00a02 miljardus eiro.<\/span><\/span><span class=\"eop\"><span lang=\"LV\" style=\"font-size: 10.0pt; font-family: 'Arial',sans-serif; color: black;\">\u00a0<\/span><\/span><\/p>\n<p class=\"paragraph\" style=\"margin: 0cm; text-align: justify; vertical-align: baseline;\"><span class=\"normaltextrun\"><span lang=\"LV\" style=\"font-size: 10.0pt; font-family: 'Arial',sans-serif; color: black;\">\u202f<\/span><\/span><span class=\"eop\"><span lang=\"LV\" style=\"font-size: 10.0pt; font-family: 'Arial',sans-serif; color: black;\">\u00a0<\/span><\/span><\/p>\n<p class=\"paragraph\" style=\"margin: 0cm; text-align: justify; vertical-align: baseline;\"><span class=\"normaltextrun\"><span lang=\"LV\" style=\"font-size: 10.0pt; font-family: 'Arial',sans-serif; color: black;\">\u0145emot v\u0113r\u0101\u00a0unik\u0101lo konsolid\u0113to iepirkumu dabu\u00a0un b\u016btiskos apjomus,\u00a0\u00a0RB Rail AS veica\u00a0potenci\u0101lo\u00a0pieg\u0101d\u0101t\u0101ju tirgus aptauju*, kas\u00a0sniedza papildus ieskatu par\u00a0tirgus tendenc\u0113m un\u00a0iesp\u0113jamiem\u00a0apjomrad\u012btajiem\u00a0ietaup\u012bjumiem no centraliz\u0113tas\u00a0materi\u0101lu ieg\u0101des.\u00a0<\/span><\/span><span class=\"eop\"><span lang=\"LV\" style=\"font-size: 10.0pt; font-family: 'Arial',sans-serif; color: black;\">\u00a0<\/span><\/span><\/p>\n<p class=\"paragraph\" style=\"margin: 0cm; text-align: justify; vertical-align: baseline;\"><span class=\"eop\"><span lang=\"LV\" style=\"font-size: 10.0pt; font-family: 'Arial',sans-serif; color: black;\">\u00a0<\/span><\/span><\/p>\n<p class=\"paragraph\" style=\"margin: 0cm; text-align: justify; vertical-align: baseline;\"><span class=\"normaltextrun\"><span lang=\"LV\" style=\"font-size: 10.0pt; font-family: 'Arial',sans-serif; color: black; background: white;\">RB Rail\u00a0AS\u00a0Iepirkumu departamenta vad\u012bt\u0101js\u00a0<b>Kristjans\u00a0P\u012brsalu<\/b>\u00a0(<\/span><\/span><span class=\"normaltextrun\"><i><span lang=\"LV\" style=\"font-size: 10.0pt; font-family: 'Arial',sans-serif; color: black;\">Kristjan\u00a0Piirsalu<\/span><\/i><\/span><span class=\"normaltextrun\"><span lang=\"LV\" style=\"font-size: 10.0pt; font-family: 'Arial',sans-serif; color: black;\">)\u00a0uzsver: \u201c\u0160is ir\u00a0svar\u012bgs n\u0101kamais solis, kas apliecina pozit\u012bvu Rail\u00a0Baltica\u00a0projekta att\u012bst\u012bbu, jo\u00a0\u0161is iepirkums mums \u013cauj\u00a0sagatavoties liela m\u0113roga b\u016bvniec\u012bbas darbiem. M\u0113s sagaid\u0101m, ka gan viet\u0113jie, gan starptautiskie nozares sp\u0113l\u0113t\u0101ji \u0161o uztvers k\u0101 labu iesp\u0113ju, jo \u0161\u0101di iepirkumi ir ar\u012b papildus atbalsts uz\u0146\u0113m\u0113jdarb\u012bbai pand\u0113mijas rad\u012bto seku\u00a0mazin\u0101\u0161anas\u00a0kontekst\u0101.\u201d\u00a0<\/span><\/span><span class=\"eop\"><span lang=\"LV\" style=\"font-size: 10.0pt; font-family: 'Arial',sans-serif; color: black;\">\u00a0<\/span><\/span><\/p>\n<p class=\"paragraph\" style=\"margin: 0cm; text-align: justify; vertical-align: baseline;\"><span class=\"eop\"><span lang=\"LV\" style=\"font-size: 10.0pt; font-family: 'Arial',sans-serif; color: black;\">\u00a0<\/span><\/span><\/p>\n<p class=\"paragraph\" style=\"margin: 0cm; text-align: justify; vertical-align: baseline;\"><span class=\"normaltextrun\"><span lang=\"LV\" style=\"font-size: 10.0pt; font-family: 'Arial',sans-serif; color: black;\">Pretendenti aicin\u0101ti iesniegt savus\u00a0pieteikumus\u00a0publiskajam\u00a0iepirkumam\u00a0ar numuru RBR 2021\/1 l\u012bdz \u0161\u012b gada 31. maijam. Vair\u0101k inform\u0101cijas\u00a0par publisko iepirkumu un procesu pieejams\u00a0Rail\u00a0Baltica\u00a0projekta m\u0101jas lap\u0101\u00a0<\/span><\/span><span class=\"normaltextrun\"><span lang=\"LV\" style=\"font-size: 10.0pt; font-family: 'Arial',sans-serif;\">https:\/\/www.railbaltica.org\/for-partners\/tenders\/<span style=\"color: black;\">\u00a0<\/span><\/span><\/span><span class=\"eop\"><span lang=\"LV\" style=\"font-size: 10.0pt; font-family: 'Arial',sans-serif; color: black;\">\u00a0<\/span><\/span><\/p>\n<p class=\"paragraph\" style=\"margin: 0cm; text-align: justify; vertical-align: baseline;\"><span class=\"normaltextrun\"><span lang=\"LV\" style=\"font-size: 10.0pt; font-family: 'Arial',sans-serif; color: black;\">\u202f<\/span><\/span><span class=\"eop\"><span lang=\"LV\" style=\"font-size: 10.0pt; font-family: 'Arial',sans-serif; color: black;\">\u00a0<\/span><\/span><\/p>\n<p class=\"paragraph\" style=\"margin: 0cm; text-align: justify; background: white; vertical-align: baseline;\"><span class=\"normaltextrun\"><b><i><span lang=\"LV\" style=\"font-size: 10.0pt; font-family: 'Arial',sans-serif; color: black;\">*\u00a0<\/span><\/i><\/b><\/span><span class=\"normaltextrun\"><i><span lang=\"LV\" style=\"font-size: 10.0pt; font-family: 'Arial',sans-serif; color: black;\"><\/span><\/i><\/span><span class=\"eop\"><b><span lang=\"LV\" style=\"font-size: 10.0pt; font-family: 'Arial',sans-serif; color: black;\">\u00a0<\/span><\/b><\/span><b><\/b><\/p>\n\n                    <\/div>\n    <\/div>\n<\/section>\n\n\n\n<section\n    class=\"overflow-hidden py-5 md:pt-5 md:pb-10 align wp-block-button-cta-block !pt-[0]\"\n>\n    <div\n        class=\"container w-full relative flex flex-col items-start z-10\"\n    >\n        <div\n            class=\"w-full border-t border-dark pt-5 mt-4 md:mt-5 md:pt-10\"\n        >\n        <\/div>\n\n                    <a\n        href=\"\/lv\/zinas\/\"\n                class=\"btn-outline-dark mx-auto\"\n    >\n        \n        Atpaka\u013c zi\u0146\u0101m\n        \n        \n    <\/a>\n            <\/div>\n<\/section>\n","protected":false},"excerpt":{"rendered":"<p>*\u00a0Dzelzce\u013ca infrastrukt\u016bras b\u016bvobjektu elementu pieg\u0101d\u0101t\u0101ju tirgus izp\u0113te, 2019\u00a0<\/p>\n","protected":false},"featured_media":12978,"template":"","news_category":[],"class_list":["post-12981","news","type-news","status-publish","has-post-thumbnail","hentry"],"acf":[],"yoast_head":"<!-- This site is optimized with the Yoast SEO plugin v27.5 - https:\/\/yoast.com\/product\/yoast-seo-wordpress\/ -->\n<title>Izsludin\u0101ts pirmais konsolid\u0113tais dzelzce\u013ca b\u016bvmateri\u0101lu iepirkums Rail Baltica pamata trases b\u016bvniec\u012bbai - RB<\/title>\n<meta name=\"robots\" content=\"index, follow, max-snippet:-1, max-image-preview:large, max-video-preview:-1\" \/>\n<link rel=\"canonical\" href=\"https:\/\/www.railbaltica.org\/lv\/jaunumi\/izsludinats-pirmais-konsolidetais-dzelzcela-buvmaterialu-iepirkums-rail-baltica-pamata-trases-buvniecibai\/\" \/>\n<meta property=\"og:locale\" content=\"lv_LV\" \/>\n<meta property=\"og:type\" content=\"article\" \/>\n<meta property=\"og:title\" content=\"Izsludin\u0101ts pirmais konsolid\u0113tais dzelzce\u013ca b\u016bvmateri\u0101lu iepirkums Rail Baltica pamata trases b\u016bvniec\u012bbai - RB\" \/>\n<meta property=\"og:description\" content=\"*\u00a0Dzelzce\u013ca infrastrukt\u016bras b\u016bvobjektu elementu pieg\u0101d\u0101t\u0101ju tirgus izp\u0113te, 2019\u00a0\" \/>\n<meta property=\"og:url\" content=\"https:\/\/www.railbaltica.org\/lv\/jaunumi\/izsludinats-pirmais-konsolidetais-dzelzcela-buvmaterialu-iepirkums-rail-baltica-pamata-trases-buvniecibai\/\" \/>\n<meta property=\"og:site_name\" content=\"RB\" \/>\n<meta property=\"article:modified_time\" content=\"2025-08-20T07:23:27+00:00\" \/>\n<meta property=\"og:image\" content=\"https:\/\/www.railbaltica.org\/wp-content\/uploads\/2025\/07\/Rail_Baltica_Train_Concept_Station-4.jpg\" \/>\n\t<meta property=\"og:image:width\" content=\"1000\" \/>\n\t<meta property=\"og:image:height\" content=\"516\" \/>\n\t<meta property=\"og:image:type\" content=\"image\/jpeg\" \/>\n<meta name=\"twitter:card\" content=\"summary_large_image\" \/>\n<script type=\"application\/ld+json\" class=\"yoast-schema-graph\">{\"@context\":\"https:\\\/\\\/schema.org\",\"@graph\":[{\"@type\":\"WebPage\",\"@id\":\"https:\\\/\\\/www.railbaltica.org\\\/lv\\\/jaunumi\\\/izsludinats-pirmais-konsolidetais-dzelzcela-buvmaterialu-iepirkums-rail-baltica-pamata-trases-buvniecibai\\\/\",\"url\":\"https:\\\/\\\/www.railbaltica.org\\\/lv\\\/jaunumi\\\/izsludinats-pirmais-konsolidetais-dzelzcela-buvmaterialu-iepirkums-rail-baltica-pamata-trases-buvniecibai\\\/\",\"name\":\"Izsludin\u0101ts pirmais konsolid\u0113tais dzelzce\u013ca b\u016bvmateri\u0101lu iepirkums Rail Baltica pamata trases b\u016bvniec\u012bbai - RB\",\"isPartOf\":{\"@id\":\"https:\\\/\\\/www.railbaltica.org\\\/#website\"},\"primaryImageOfPage\":{\"@id\":\"https:\\\/\\\/www.railbaltica.org\\\/lv\\\/jaunumi\\\/izsludinats-pirmais-konsolidetais-dzelzcela-buvmaterialu-iepirkums-rail-baltica-pamata-trases-buvniecibai\\\/#primaryimage\"},\"image\":{\"@id\":\"https:\\\/\\\/www.railbaltica.org\\\/lv\\\/jaunumi\\\/izsludinats-pirmais-konsolidetais-dzelzcela-buvmaterialu-iepirkums-rail-baltica-pamata-trases-buvniecibai\\\/#primaryimage\"},\"thumbnailUrl\":\"https:\\\/\\\/www.railbaltica.org\\\/wp-content\\\/uploads\\\/2025\\\/07\\\/Rail_Baltica_Train_Concept_Station-4.jpg\",\"datePublished\":\"2021-05-05T08:34:17+00:00\",\"dateModified\":\"2025-08-20T07:23:27+00:00\",\"breadcrumb\":{\"@id\":\"https:\\\/\\\/www.railbaltica.org\\\/lv\\\/jaunumi\\\/izsludinats-pirmais-konsolidetais-dzelzcela-buvmaterialu-iepirkums-rail-baltica-pamata-trases-buvniecibai\\\/#breadcrumb\"},\"inLanguage\":\"lv-LV\",\"potentialAction\":[{\"@type\":\"ReadAction\",\"target\":[\"https:\\\/\\\/www.railbaltica.org\\\/lv\\\/jaunumi\\\/izsludinats-pirmais-konsolidetais-dzelzcela-buvmaterialu-iepirkums-rail-baltica-pamata-trases-buvniecibai\\\/\"]}]},{\"@type\":\"ImageObject\",\"inLanguage\":\"lv-LV\",\"@id\":\"https:\\\/\\\/www.railbaltica.org\\\/lv\\\/jaunumi\\\/izsludinats-pirmais-konsolidetais-dzelzcela-buvmaterialu-iepirkums-rail-baltica-pamata-trases-buvniecibai\\\/#primaryimage\",\"url\":\"https:\\\/\\\/www.railbaltica.org\\\/wp-content\\\/uploads\\\/2025\\\/07\\\/Rail_Baltica_Train_Concept_Station-4.jpg\",\"contentUrl\":\"https:\\\/\\\/www.railbaltica.org\\\/wp-content\\\/uploads\\\/2025\\\/07\\\/Rail_Baltica_Train_Concept_Station-4.jpg\",\"width\":1000,\"height\":516},{\"@type\":\"BreadcrumbList\",\"@id\":\"https:\\\/\\\/www.railbaltica.org\\\/lv\\\/jaunumi\\\/izsludinats-pirmais-konsolidetais-dzelzcela-buvmaterialu-iepirkums-rail-baltica-pamata-trases-buvniecibai\\\/#breadcrumb\",\"itemListElement\":[{\"@type\":\"ListItem\",\"position\":1,\"name\":\"Home\",\"item\":\"https:\\\/\\\/www.railbaltica.org\\\/lv\\\/\"},{\"@type\":\"ListItem\",\"position\":2,\"name\":\"Izsludin\u0101ts pirmais konsolid\u0113tais dzelzce\u013ca b\u016bvmateri\u0101lu iepirkums Rail Baltica pamata trases b\u016bvniec\u012bbai\"}]},{\"@type\":\"WebSite\",\"@id\":\"https:\\\/\\\/www.railbaltica.org\\\/#website\",\"url\":\"https:\\\/\\\/www.railbaltica.org\\\/\",\"name\":\"RB\",\"description\":\"\",\"potentialAction\":[{\"@type\":\"SearchAction\",\"target\":{\"@type\":\"EntryPoint\",\"urlTemplate\":\"https:\\\/\\\/www.railbaltica.org\\\/?s={search_term_string}\"},\"query-input\":{\"@type\":\"PropertyValueSpecification\",\"valueRequired\":true,\"valueName\":\"search_term_string\"}}],\"inLanguage\":\"lv-LV\"}]}<\/script>\n<!-- \/ Yoast SEO plugin. -->","yoast_head_json":{"title":"Izsludin\u0101ts pirmais konsolid\u0113tais dzelzce\u013ca b\u016bvmateri\u0101lu iepirkums Rail Baltica pamata trases b\u016bvniec\u012bbai - RB","robots":{"index":"index","follow":"follow","max-snippet":"max-snippet:-1","max-image-preview":"max-image-preview:large","max-video-preview":"max-video-preview:-1"},"canonical":"https:\/\/www.railbaltica.org\/lv\/jaunumi\/izsludinats-pirmais-konsolidetais-dzelzcela-buvmaterialu-iepirkums-rail-baltica-pamata-trases-buvniecibai\/","og_locale":"lv_LV","og_type":"article","og_title":"Izsludin\u0101ts pirmais konsolid\u0113tais dzelzce\u013ca b\u016bvmateri\u0101lu iepirkums Rail Baltica pamata trases b\u016bvniec\u012bbai - RB","og_description":"*\u00a0Dzelzce\u013ca infrastrukt\u016bras b\u016bvobjektu elementu pieg\u0101d\u0101t\u0101ju tirgus izp\u0113te, 2019\u00a0","og_url":"https:\/\/www.railbaltica.org\/lv\/jaunumi\/izsludinats-pirmais-konsolidetais-dzelzcela-buvmaterialu-iepirkums-rail-baltica-pamata-trases-buvniecibai\/","og_site_name":"RB","article_modified_time":"2025-08-20T07:23:27+00:00","og_image":[{"width":1000,"height":516,"url":"https:\/\/www.railbaltica.org\/wp-content\/uploads\/2025\/07\/Rail_Baltica_Train_Concept_Station-4.jpg","type":"image\/jpeg"}],"twitter_card":"summary_large_image","schema":{"@context":"https:\/\/schema.org","@graph":[{"@type":"WebPage","@id":"https:\/\/www.railbaltica.org\/lv\/jaunumi\/izsludinats-pirmais-konsolidetais-dzelzcela-buvmaterialu-iepirkums-rail-baltica-pamata-trases-buvniecibai\/","url":"https:\/\/www.railbaltica.org\/lv\/jaunumi\/izsludinats-pirmais-konsolidetais-dzelzcela-buvmaterialu-iepirkums-rail-baltica-pamata-trases-buvniecibai\/","name":"Izsludin\u0101ts pirmais konsolid\u0113tais dzelzce\u013ca b\u016bvmateri\u0101lu iepirkums Rail Baltica pamata trases b\u016bvniec\u012bbai - RB","isPartOf":{"@id":"https:\/\/www.railbaltica.org\/#website"},"primaryImageOfPage":{"@id":"https:\/\/www.railbaltica.org\/lv\/jaunumi\/izsludinats-pirmais-konsolidetais-dzelzcela-buvmaterialu-iepirkums-rail-baltica-pamata-trases-buvniecibai\/#primaryimage"},"image":{"@id":"https:\/\/www.railbaltica.org\/lv\/jaunumi\/izsludinats-pirmais-konsolidetais-dzelzcela-buvmaterialu-iepirkums-rail-baltica-pamata-trases-buvniecibai\/#primaryimage"},"thumbnailUrl":"https:\/\/www.railbaltica.org\/wp-content\/uploads\/2025\/07\/Rail_Baltica_Train_Concept_Station-4.jpg","datePublished":"2021-05-05T08:34:17+00:00","dateModified":"2025-08-20T07:23:27+00:00","breadcrumb":{"@id":"https:\/\/www.railbaltica.org\/lv\/jaunumi\/izsludinats-pirmais-konsolidetais-dzelzcela-buvmaterialu-iepirkums-rail-baltica-pamata-trases-buvniecibai\/#breadcrumb"},"inLanguage":"lv-LV","potentialAction":[{"@type":"ReadAction","target":["https:\/\/www.railbaltica.org\/lv\/jaunumi\/izsludinats-pirmais-konsolidetais-dzelzcela-buvmaterialu-iepirkums-rail-baltica-pamata-trases-buvniecibai\/"]}]},{"@type":"ImageObject","inLanguage":"lv-LV","@id":"https:\/\/www.railbaltica.org\/lv\/jaunumi\/izsludinats-pirmais-konsolidetais-dzelzcela-buvmaterialu-iepirkums-rail-baltica-pamata-trases-buvniecibai\/#primaryimage","url":"https:\/\/www.railbaltica.org\/wp-content\/uploads\/2025\/07\/Rail_Baltica_Train_Concept_Station-4.jpg","contentUrl":"https:\/\/www.railbaltica.org\/wp-content\/uploads\/2025\/07\/Rail_Baltica_Train_Concept_Station-4.jpg","width":1000,"height":516},{"@type":"BreadcrumbList","@id":"https:\/\/www.railbaltica.org\/lv\/jaunumi\/izsludinats-pirmais-konsolidetais-dzelzcela-buvmaterialu-iepirkums-rail-baltica-pamata-trases-buvniecibai\/#breadcrumb","itemListElement":[{"@type":"ListItem","position":1,"name":"Home","item":"https:\/\/www.railbaltica.org\/lv\/"},{"@type":"ListItem","position":2,"name":"Izsludin\u0101ts pirmais konsolid\u0113tais dzelzce\u013ca b\u016bvmateri\u0101lu iepirkums Rail Baltica pamata trases b\u016bvniec\u012bbai"}]},{"@type":"WebSite","@id":"https:\/\/www.railbaltica.org\/#website","url":"https:\/\/www.railbaltica.org\/","name":"RB","description":"","potentialAction":[{"@type":"SearchAction","target":{"@type":"EntryPoint","urlTemplate":"https:\/\/www.railbaltica.org\/?s={search_term_string}"},"query-input":{"@type":"PropertyValueSpecification","valueRequired":true,"valueName":"search_term_string"}}],"inLanguage":"lv-LV"}]}},"_links":{"self":[{"href":"https:\/\/www.railbaltica.org\/lv\/wp-json\/wp\/v2\/news\/12981","targetHints":{"allow":["GET"]}}],"collection":[{"href":"https:\/\/www.railbaltica.org\/lv\/wp-json\/wp\/v2\/news"}],"about":[{"href":"https:\/\/www.railbaltica.org\/lv\/wp-json\/wp\/v2\/types\/news"}],"wp:featuredmedia":[{"embeddable":true,"href":"https:\/\/www.railbaltica.org\/lv\/wp-json\/wp\/v2\/media\/12978"}],"wp:attachment":[{"href":"https:\/\/www.railbaltica.org\/lv\/wp-json\/wp\/v2\/media?parent=12981"}],"wp:term":[{"taxonomy":"news_category","embeddable":true,"href":"https:\/\/www.railbaltica.org\/lv\/wp-json\/wp\/v2\/news_category?post=12981"}],"curies":[{"name":"wp","href":"https:\/\/api.w.org\/{rel}","templated":true}]}}