{"id":12964,"date":"2021-04-22T11:57:06","date_gmt":"2021-04-22T11:57:06","guid":{"rendered":"https:\/\/www.railbaltica.org\/news\/photo-rb-rail-provides-the-preliminary-overview-of-the-first-fully-virtual-concept-train-2\/"},"modified":"2025-08-21T07:48:46","modified_gmt":"2025-08-21T07:48:46","slug":"photo-rb-rail-provides-the-preliminary-overview-of-the-first-fully-virtual-concept-train","status":"publish","type":"news","link":"https:\/\/www.railbaltica.org\/lv\/jaunumi\/photo-rb-rail-provides-the-preliminary-overview-of-the-first-fully-virtual-concept-train\/","title":{"rendered":"FOTO: RB Rail iepaz\u012bstina ar Rail Baltica \u0101trgaitas vilciena z\u012bmola dizaina konceptu"},"content":{"rendered":"<section\n    class=\"align wp-block-hero-page-block relative flex overflow-hidden z-10 mt-20 md:mt-52\"\n>\n            <div\n            class=\"container md:!px-14\"\n        >\n            <div\n                class=\"bg-dark text-white rounded p-4 md:p-10\"\n            >\n                                <div\n    class=\"flex justify-between border-t pt-2.5 my-5 text-sm\"\n>\n    <span>Dalies ar jaunumiem\n<\/span>\n    <ul\n        class=\"flex items-center gap-5\"\n    >\n        <li>\n            <a\n                href=\"https:\/\/www.facebook.com\/sharer\/sharer.php?u=https%3A%2F%2Fwww.railbaltica.org%2Flv%2Fjaunumi%2Fphoto-rb-rail-provides-the-preliminary-overview-of-the-first-fully-virtual-concept-train%2F\"\n                target=\"_blank\"\n                rel=\"noopener noreferrer\"\n                aria-label=\"Share on Facebook\"\n                class=\"transition-opacity hover:opacity-75\"\n            >\n                <svg\n                    width=\"20\"\n                    height=\"20\"\n                    viewBox=\"0 0 20 20\"\n                    fill=\"none\"\n                    xmlns=\"http:\/\/www.w3.org\/2000\/svg\"\n                >\n                    <path\n                        d=\"M7.5 6.66667H5V10H7.5V20H11.6667V10H14.7017L15 6.66667H11.6667V5.2775C11.6667 4.48167 11.8267 4.16667 12.5958 4.16667H15V0H11.8267C8.83 0 7.5 1.31917 7.5 3.84583V6.66667Z\"\n                        fill=\"white\"\n                    \/>\n                <\/svg>\n            <\/a>\n        <\/li>\n        <li>\n            <a\n                href=\"https:\/\/twitter.com\/intent\/tweet?url=https%3A%2F%2Fwww.railbaltica.org%2Flv%2Fjaunumi%2Fphoto-rb-rail-provides-the-preliminary-overview-of-the-first-fully-virtual-concept-train%2F&amp;text=FOTO%3A+RB+Rail+iepaz%C4%ABstina+ar+Rail+Baltica+%C4%81trgaitas+vilciena+z%C4%ABmola+dizaina+konceptu\"\n                target=\"_blank\"\n                rel=\"noopener noreferrer\"\n                aria-label=\"Share on Twitter\"\n                class=\"transition-opacity hover:opacity-75\"\n            >\n                <svg\n                    width=\"20\"\n                    height=\"20\"\n                    viewBox=\"0 0 20 20\"\n                    fill=\"none\"\n                    xmlns=\"http:\/\/www.w3.org\/2000\/svg\"\n                >\n                    <path\n                        d=\"M14.7313 2.68748H17.238L11.763 8.88248L18.2038 17.3125H13.1597L9.20966 12.2L4.68966 17.3125H2.18299L8.03883 10.6866L1.86133 2.68665H7.03216L10.603 7.35998L14.7322 2.68665L14.7313 2.68748ZM13.8522 15.8275H15.2405L6.27716 4.09415H4.78716L13.8522 15.8275Z\"\n                        fill=\"white\"\n                    \/>\n                <\/svg>\n            <\/a>\n        <\/li>\n        <li>\n            <a\n                href=\"https:\/\/www.linkedin.com\/sharing\/share-offsite\/?url=https%3A%2F%2Fwww.railbaltica.org%2Flv%2Fjaunumi%2Fphoto-rb-rail-provides-the-preliminary-overview-of-the-first-fully-virtual-concept-train%2F\"\n                target=\"_blank\"\n                rel=\"noopener noreferrer\"\n                aria-label=\"Share on LinkedIn\"\n                class=\"transition-opacity hover:opacity-75\"\n            >\n                <svg\n                    width=\"20\"\n                    height=\"20\"\n                    viewBox=\"0 0 20 20\"\n                    fill=\"none\"\n                    xmlns=\"http:\/\/www.w3.org\/2000\/svg\"\n                >\n                    <path\n                        d=\"M18.4097 0.000139829H1.46998C1.27956 -0.00250476 1.09049 0.0323869 0.913553 0.102822C0.73662 0.173257 0.575295 0.277857 0.438791 0.410646C0.302287 0.543436 0.193279 0.701814 0.11799 0.876737C0.0427018 1.05166 0.00260836 1.2397 0 1.43012V18.5699C0.00260836 18.7603 0.0427018 18.9483 0.11799 19.1233C0.193279 19.2982 0.302287 19.4566 0.438791 19.5894C0.575295 19.7221 0.73662 19.8267 0.913553 19.8972C1.09049 19.9676 1.27956 20.0025 1.46998 19.9999H18.4097C18.6002 20.0025 18.7892 19.9676 18.9662 19.8972C19.1431 19.8267 19.3044 19.7221 19.4409 19.5894C19.5774 19.4566 19.6864 19.2982 19.7617 19.1233C19.837 18.9483 19.8771 18.7603 19.8797 18.5699V1.43012C19.8771 1.2397 19.837 1.05166 19.7617 0.876737C19.6864 0.701814 19.5774 0.543436 19.4409 0.410646C19.3044 0.277857 19.1431 0.173257 18.9662 0.102822C18.7892 0.0323869 18.6002 -0.00250476 18.4097 0.000139829ZM6.02992 16.7399H3.02996V7.74003H6.02992V16.7399ZM4.52994 6.48005C4.1162 6.48005 3.71942 6.31569 3.42687 6.02314C3.13431 5.73059 2.96996 5.3338 2.96996 4.92007C2.96996 4.50634 3.13431 4.10955 3.42687 3.817C3.71942 3.52445 4.1162 3.36009 4.52994 3.36009C4.74963 3.33518 4.97211 3.35695 5.1828 3.42398C5.3935 3.491 5.58766 3.60178 5.75258 3.74905C5.91749 3.89632 6.04944 4.07676 6.13979 4.27856C6.23013 4.48036 6.27683 4.69897 6.27683 4.92007C6.27683 5.14117 6.23013 5.35978 6.13979 5.56158C6.04944 5.76338 5.91749 5.94382 5.75258 6.09109C5.58766 6.23836 5.3935 6.34914 5.1828 6.41617C4.97211 6.48319 4.74963 6.50496 4.52994 6.48005ZM16.8498 16.7399H13.8498V11.91C13.8498 10.7 13.4198 9.91 12.3298 9.91C11.9925 9.91247 11.664 10.0183 11.3887 10.2132C11.1133 10.4081 10.9043 10.6827 10.7899 11C10.7116 11.235 10.6777 11.4826 10.6899 11.73V16.7299H7.68989V7.73003H10.6899V9.00001C10.9624 8.52713 11.3587 8.13755 11.8363 7.87323C12.3138 7.60892 12.8544 7.47989 13.3998 7.50003C15.3998 7.50003 16.8498 8.79002 16.8498 11.56V16.7399Z\"\n                        fill=\"white\"\n                    \/>\n                <\/svg>\n            <\/a>\n        <\/li>\n        <li>\n            <button\n                type=\"button\"\n                class=\"copy-url-btn relative my-auto flex transition-opacity hover:opacity-75\"\n                data-url=\"https:\/\/www.railbaltica.org\/lv\/jaunumi\/photo-rb-rail-provides-the-preliminary-overview-of-the-first-fully-virtual-concept-train\/\"\n            >\n                <svg\n                    width=\"21\"\n                    height=\"21\"\n                    viewBox=\"0 0 21 21\"\n                    fill=\"none\"\n                    xmlns=\"http:\/\/www.w3.org\/2000\/svg\"\n                >\n                    <path\n                        d=\"M10.5205 20C15.7661 20 20 15.7455 20 10.4795C20 5.23392 15.7661 1 10.5205 1M10.5205 20C5.25446 20 1 15.7455 1 10.4795C1 5.23392 5.25446 1 10.5205 1M10.5205 20V1M18.7429 5.75H2.26324M18.7958 15.1345H2.21035M1.05135 10.5H19.9486M10.5103 20C13.1333 20 15.25 15.7455 15.25 10.4795C15.25 5.23392 13.1333 1 10.5103 1C7.87697 1 5.75 5.23392 5.75 10.4795C5.75 15.7455 7.87697 20 10.5103 20Z\"\n                        stroke=\"white\"\n                        stroke-linecap=\"round\"\n                        stroke-linejoin=\"round\"\n                    \/>\n                <\/svg>\n                <span\n                    class=\"absolute hidden translate-x-[-10px] translate-y-[30px]\"\n                >Copied!<\/span>\n            <\/button>\n        <\/li>\n    <\/ul>\n<\/div>\n\n                                    <time\n                        datetime=\"\"\n                        class=\"mb-2.5 flex text-xl text-blue\"\n                    >\n                        22.04.2021\n                    <\/time>\n                \n                                    <h1 class='h1 max-w-198'>\n            FOTO: RB Rail iepaz\u012bstina ar Rail Baltica \u0101trgaitas vilciena z\u012bmola dizaina konceptu\n        <\/h1>\n                \n                            <\/div>\n        <\/div>\n    <\/section>\n\n\n<section\n    class=\"overflow-hidden py-5 md:pt-10 md:pb-5 align wp-block-excerpt-block\"\n>\n    <div\n        class=\"container relative flex flex-col items-start z-10 md:text-xl lg:!px-4\"\n    >\n                    <div\n                class=\"textual w-full text-dark text-xl lg:px-12 md:mx-auto md:max-w-222 md:text-xl\"\n            >\n                2021. gada 22. apr\u012bl\u012b, R\u012bg\u0101 \u2013 Rail Baltica Baltijas valstu kopuz\u0146\u0113mums public\u0113jis n\u0101kotnes \u0101trgaitas vilciena z\u012bmola dizaina konceptu. \u0145emot v\u0113r\u0101, ka \u0161is b\u016bs pirmais piln\u012bb\u0101 elektrific\u0113tais vilciens, kas savienos Baltijas valstis ar p\u0101r\u0113jo Eiropu, vizualiz\u0101cij\u0101s, kas balst\u012btas uz visp\u0101r\u0113ju \u0101trvilciena modeli, iek\u013cautas \u0161\u012b transporta l\u012bdzek\u013ca galven\u0101s priek\u0161roc\u012bbas.\n            <\/div>\n            <\/div>\n<\/section>\n\n\n<section\n    class=\"py-5 md:py-10 align wp-block-textual-block\"\n>\n    <div\n        class=\"container\"\n    >\n        <div\n            class=\"textual w-full text-xl text-dark break-words [&#038;_span]:!text-dark [&#038;_a]:!text-dark\"\n        >\n                            <p>2021. gada 22. apr\u012bl\u012b, R\u012bg\u0101 \u2013 <strong>Rail Baltica Baltijas valstu kopuz\u0146\u0113mums<\/strong> <strong>\u0161is b\u016bs pirmais piln\u012bb\u0101 elektrific\u0113tais vilciens, kas savienos Baltijas valstis ar p\u0101r\u0113jo Eiropu, vizualiz\u0101cij\u0101s, kas balst\u012btas uz visp\u0101r\u0113ju \u0101trvilciena modeli, iek\u013cautas \u0161\u012b transporta l\u012bdzek\u013ca galven\u0101s priek\u0161roc\u012bbas. <\/strong><\/p>\n<p>2021.gads pasludin\u0101ts par Eiropas Dzelzce\u013ca gadu ar m\u0113r\u0137i veicin\u0101t vilciena k\u0101 dro\u0161a un ilgtsp\u0113j\u012bga transporta izmanto\u0161anu gan pasa\u017eieriem, gan kravu p\u0101rvad\u0101jumiem, t\u0101d\u0113\u013c ar\u012b Rail Baltica Baltijas valstu kopuz\u0146\u0113mums RB Rail AS turpina skaidrot \u0101trgaitas vilciena priek\u0161roc\u012bbas un iesp\u0113jamos dizaina koncepta virzienus, \u013caujot ikvienam izt\u0113loties, k\u0101 n\u0101kotn\u0113 var\u0113tu izskat\u012bties vilciens.<\/p>\n<p>\u201cP\u0113rn Baltij\u0101 veikt\u0101 p\u0113t\u012bjuma dati liecina, ka tikai 37% iedz\u012bvot\u0101ju Igaunij\u0101 un Latvij\u0101, un 27% Lietuv\u0101 ir p\u0101rvietoju\u0161ies ar \u0101trgaitas vilcienu,\u201d st\u0101sta RB Rail AS valdes priek\u0161s\u0113d\u0113t\u0101js un padomes loceklis <strong>Agnis Driksna.<\/strong> \u201cTas noz\u012bm\u0113, ka mums j\u0101turpina akt\u012bvi inform\u0113t un izgl\u012btot sabiedr\u012bba par person\u012bgajiem, vides un ekonomiskajiem ieguvumiem, ko \u0101trgaitas vilciens sniegs m\u016bsu re\u0123iona iedz\u012bvot\u0101jiem, k\u0101 ar\u012b par pozit\u012bvo pieredzi, ko ikviens pasa\u017eieris var g\u016bt, ce\u013cojot ar \u0101trgaitas vilcienu.\u201d<\/p>\n\n                    <\/div>\n    <\/div>\n<\/section>\n\n\n<section\n    class=\"overflow-hidden py-5 md:pt-10 md:pb-5 align wp-block-image-block !pt-[0] !pb-[0]\"\n>\n    <div\n        class=\"container relative flex flex-col items-start z-10\"\n    >\n        <div\n            class=\"w-full text-lg text-dark\"\n        >\n                            <img decoding=\"async\"\n        src=\"https:\/\/www.railbaltica.org\/wp-content\/uploads\/2025\/08\/Rail_Baltica_Train_Concept_V2_5_9_ext_station_dark_green-2400-1024x528-1.png\"\n        alt=\"Rail_Baltica_Train_Concept_V2_5_9_ext_station_dark_green-2400-1024&amp;#215;528\"\n         title=\"Rail_Baltica_Train_Concept_V2_5_9_ext_station_dark_green-2400-1024&amp;#215;528\"         class=\"block w-auto h-auto max-w-full max-h-[600px]\"\n        loading=\"lazy\"\n    \/>\n                                <\/div>\n    <\/div>\n<\/section>\n\n\n<section\n    class=\"py-5 md:py-10 align wp-block-textual-block\"\n>\n    <div\n        class=\"container\"\n    >\n        <div\n            class=\"textual w-full text-xl text-dark break-words [&#038;_span]:!text-dark [&#038;_a]:!text-dark\"\n        >\n                            <p>&nbsp;<\/p>\n<p>Vilciena z\u012bmola dizaina koncepts<\/p>\n<p><strong>Rail Baltica dizaina koncepta vienojo\u0161ais elements \u2013 \u00a0Baltijas j\u016bra <\/strong><\/p>\n<p>Iedvesma konceptam rasta no elementa, kas savieno visas tr\u012bs Baltijas valstis\u00a0 \u2013 Baltijas j\u016bras. Saule, j\u016bra un smiltis ir atspogu\u013cotas vilciena mode\u013ca kr\u0101su gamm\u0101. \u0160is virtu\u0101lais dizaina koncepta modelis ir rad\u012bts, iedvesmojoties no modern\u0101kajiem \u0101trgaitas vilcieniem Eirop\u0101 un citviet pasaul\u0113.<\/p>\n<p><strong>\u0100trgaitas vilcien\u0101 komforts un pasa\u017eieru pieredze ir priorit\u0101te <\/strong><\/p>\n<p>Standarta klas\u0113 vilcienu veidos 8 vagoni, katr\u0101 no tiem paredzot 70 s\u0113dvietas. Vilcieni b\u016bs apr\u012bkoti ar bezvadu internetu, USB piesl\u0113gvietu, uzl\u0101des punktiem un ekr\u0101niem, kuros tiks atspogu\u013cota aktu\u0101l\u0101 brauciena inform\u0101cija. Savuk\u0101rt, pirm\u0101s klases vagoni l\u012bdz\u012bgi k\u0101 lidma\u0161\u012bn\u0101s sniegs pasa\u017eieriem liel\u0101ku komforta l\u012bmeni, piem\u0113ram, ir paredz\u0113ta liel\u0101ka personisk\u0101 telpa, maz\u0101ks pasa\u017eieru skaits un papildu vieta k\u0101j\u0101m. Biznesa ce\u013cot\u0101jiem b\u016bs iesp\u0113ja izmantot telekonferen\u010du iesp\u0113jas \u012bpa\u0161i apr\u012bkot\u0101 sapul\u010du telp\u0101 ar prezent\u0101cijas ekr\u0101niem. Kafejn\u012bca, kas atrad\u012bsies starp standarta un pirmo klasi, b\u016bs pieejama visiem pasa\u017eieriem, lai ce\u013cojuma laik\u0101 ieg\u0101d\u0101tos dz\u0113rienus un uzkodas.<\/p>\n\n                    <\/div>\n    <\/div>\n<\/section>\n\n\n<section\n    class=\"overflow-hidden py-5 md:pt-10 md:pb-5 align wp-block-image-block !pt-[0] !pb-[0]\"\n>\n    <div\n        class=\"container relative flex flex-col items-start z-10\"\n    >\n        <div\n            class=\"w-full text-lg text-dark\"\n        >\n                            <img decoding=\"async\"\n        src=\"https:\/\/www.railbaltica.org\/wp-content\/uploads\/2025\/08\/Rail_Baltica_Train_Concept_V2_5_6_economy-300x198-1.jpg\"\n        alt=\"Rail_Baltica_Train_Concept_V2_5_6_economy-300&amp;#215;198\"\n         title=\"Rail_Baltica_Train_Concept_V2_5_6_economy-300&amp;#215;198\"         class=\"block w-auto h-auto max-w-full max-h-[600px]\"\n        loading=\"lazy\"\n    \/>\n                                <\/div>\n    <\/div>\n<\/section>\n\n\n<section\n    class=\"py-5 md:py-10 align wp-block-textual-block\"\n>\n    <div\n        class=\"container\"\n    >\n        <div\n            class=\"textual w-full text-xl text-dark break-words [&#038;_span]:!text-dark [&#038;_a]:!text-dark\"\n        >\n                            <p>Rail Baltica koncepta vilciena standarta klase<\/p>\n<p>&nbsp;<\/p>\n\n                    <\/div>\n    <\/div>\n<\/section>\n\n\n<section\n    class=\"overflow-hidden py-5 md:pt-10 md:pb-5 align wp-block-image-block !pt-[0] !pb-[0]\"\n>\n    <div\n        class=\"container relative flex flex-col items-start z-10\"\n    >\n        <div\n            class=\"w-full text-lg text-dark\"\n        >\n                            <img decoding=\"async\"\n        src=\"https:\/\/www.railbaltica.org\/wp-content\/uploads\/2025\/08\/Rail_Baltica_Train_Concept_V2_5_6_21_1-300x198-1.jpg\"\n        alt=\"Rail_Baltica_Train_Concept_V2_5_6_21_1-300&amp;#215;198\"\n         title=\"Rail_Baltica_Train_Concept_V2_5_6_21_1-300&amp;#215;198\"         class=\"block w-auto h-auto max-w-full max-h-[600px]\"\n        loading=\"lazy\"\n    \/>\n                                <\/div>\n    <\/div>\n<\/section>\n\n\n<section\n    class=\"py-5 md:py-10 align wp-block-textual-block\"\n>\n    <div\n        class=\"container\"\n    >\n        <div\n            class=\"textual w-full text-xl text-dark break-words [&#038;_span]:!text-dark [&#038;_a]:!text-dark\"\n        >\n                            <p>Rail Baltica vilciens \u2013 pirm\u0101 klase<\/p>\n<p><strong>Dzelzce\u013ca pieejam\u012bba visiem <\/strong><\/p>\n<p>Lai nodro\u0161in\u0101tu \u0113rtu p\u0101rvieto\u0161an\u0101s iesp\u0113ju ar vilcienu visiem neatkar\u012bgi no ce\u013cojuma m\u0113r\u0137a, pl\u0101noti ar\u012b atsevi\u0161\u0137i velo un bag\u0101\u017eas nodal\u012bjumi, savuk\u0101rt, lai ce\u013co\u0161ana b\u016btu v\u0113l \u0113rt\u0101ka dar\u012bjumu un atp\u016btas braucieniem, pasa\u017eieriem b\u016bs iesp\u0113ja re\u0123istr\u0113t bag\u0101\u017eu savienojumos ar lidost\u0101m.<\/p>\n<p>Rail Baltica \u0101trvilcienos b\u016bs paredz\u0113ta \u012bpa\u0161a vieta cilv\u0113kiem ar kust\u012bbu trauc\u0113jumiem, k\u0101 ar\u012b izveidota rati\u0146 kr\u0113sliem dom\u0101ta ieeja un priorit\u0101\u0161u s\u0113dvietas senioriem. Vilcienu labier\u012bc\u012bbas tiks apr\u012bkotas ar b\u0113rnu p\u0101rtinamo galdu. Ar\u012b m\u0101jdz\u012bvnieki var\u0113s ce\u013cot kop\u0101 ar saimniekiem visos Rail Baltica mar\u0161rutos.<\/p>\n<p><strong>Dro\u0161\u012bba pirmaj\u0101 viet\u0101 <\/strong><\/p>\n<p>Dzelzce\u013c\u0161 tiek uzskat\u012bts ne tikai par vienu no dro\u0161\u0101kajiem transporta veidiem, bet ar\u012b za\u013c\u0101ko \u2013 elektrific\u0113ta dzelzce\u013ca l\u012bnija emit\u0113 maz\u0101k CO2 izme\u0161u nek\u0101 gaisa vai sauszemes transports.<\/p>\n<p>\u0145emot v\u0113r\u0101, ka Rail Baltica b\u016bs pirmais \u0101trgaitas vilciens Baltijas valst\u012bs, dro\u0161\u012bbas aspekts ir \u012bpa\u0161i svar\u012bgs. \u201cVilciens tiks apr\u012bkots ar ugunsdro\u0161\u012bbas sist\u0113m\u0101m, tostarp d\u016bmu detektoriem, ugunsdz\u0113\u0161anas ier\u012bc\u0113m, videonov\u0113ro\u0161anas sist\u0113mu, vad\u012bt\u0101ju uzraudz\u012bbas sist\u0113mu, k\u0101 ar\u012b \u0101rk\u0101rtas izsaukuma pogu, kuru pasa\u017eieri var\u0113s izmantot, lai sazin\u0101tos ar vilciena darbiniekiem. M\u0113s pl\u0101nojam vilcienu dizainu konceptu atbilsto\u0161i augst\u0101kajiem ergonomikas un komforta standartiem,\u201d nosl\u0113dz <strong>\u017dans-Marks Bedm\u0101rs, <\/strong>RB Rail AS Sist\u0113mu un Oper\u0101ciju Departamenta vad\u012bt\u0101js.<\/p>\n<p>Z\u012bmola dizaina koncepta vizualiz\u0101cijas iesp\u0113jams lejupiel\u0101d\u0113t sait\u0113 \u0161eit:\u00a0<a href=\"https:\/\/www.railbaltica.org\/photos-virtual-concept-train\/\">https:\/\/www.railbaltica.org\/photos-virtual-concept-train\/<\/a><\/p>\n<p><em>*<\/em>Att\u0113liem ir ilustrat\u012bva noz\u012bme un vilciena dizains realit\u0101t\u0113 var at\u0161\u0137irties. Rail Baltica rito\u0161\u0101 sast\u0101va iepirkumi v\u0113l tiks organiz\u0113ti, un \u0161ie att\u0113li neataino nevienu no eso\u0161o vilcienu ra\u017eot\u0101ju mode\u013ciem.<\/p>\n\n                    <\/div>\n    <\/div>\n<\/section>\n\n\n<section\n    class=\"overflow-hidden py-5 md:pt-5 md:pb-10 align wp-block-button-cta-block !pt-[0]\"\n>\n    <div\n        class=\"container w-full relative flex flex-col items-start z-10\"\n    >\n        <div\n            class=\"w-full border-t border-dark pt-5 mt-4 md:mt-5 md:pt-10\"\n        >\n        <\/div>\n\n                    <a\n        href=\"\/lv\/zinas\/\"\n                class=\"btn-outline-dark mx-auto\"\n    >\n        \n        Atpaka\u013c zi\u0146\u0101m\n        \n        \n    <\/a>\n            <\/div>\n<\/section>\n","protected":false},"excerpt":{"rendered":"<p>2021. gada 22. apr\u012bl\u012b, R\u012bg\u0101 \u2013 Rail Baltica Baltijas valstu kopuz\u0146\u0113mums public\u0113jis n\u0101kotnes \u0101trgaitas vilciena z\u012bmola dizaina konceptu. \u0145emot v\u0113r\u0101, ka \u0161is b\u016bs pirmais piln\u012bb\u0101 elektrific\u0113tais vilciens, kas savienos Baltijas valstis ar p\u0101r\u0113jo Eiropu, vizualiz\u0101cij\u0101s, kas balst\u012btas uz visp\u0101r\u0113ju \u0101trvilciena modeli, iek\u013cautas \u0161\u012b transporta l\u012bdzek\u013ca galven\u0101s priek\u0161roc\u012bbas.<\/p>\n","protected":false},"featured_media":12962,"template":"","news_category":[],"class_list":["post-12964","news","type-news","status-publish","has-post-thumbnail","hentry"],"acf":[],"yoast_head":"<!-- This site is optimized with the Yoast SEO plugin v27.5 - https:\/\/yoast.com\/product\/yoast-seo-wordpress\/ -->\n<title>FOTO: RB Rail iepaz\u012bstina ar Rail Baltica \u0101trgaitas vilciena z\u012bmola dizaina konceptu - RB<\/title>\n<meta name=\"robots\" content=\"index, follow, max-snippet:-1, max-image-preview:large, max-video-preview:-1\" \/>\n<link rel=\"canonical\" href=\"https:\/\/www.railbaltica.org\/jaunumi\/photo-rb-rail-provides-the-preliminary-overview-of-the-first-fully-virtual-concept-train\/\" \/>\n<meta property=\"og:locale\" content=\"lv_LV\" \/>\n<meta property=\"og:type\" content=\"article\" \/>\n<meta property=\"og:title\" content=\"FOTO: RB Rail iepaz\u012bstina ar Rail Baltica \u0101trgaitas vilciena z\u012bmola dizaina konceptu - RB\" \/>\n<meta property=\"og:description\" content=\"2021. gada 22. apr\u012bl\u012b, R\u012bg\u0101 \u2013 Rail Baltica Baltijas valstu kopuz\u0146\u0113mums public\u0113jis n\u0101kotnes \u0101trgaitas vilciena z\u012bmola dizaina konceptu. \u0145emot v\u0113r\u0101, ka \u0161is b\u016bs pirmais piln\u012bb\u0101 elektrific\u0113tais vilciens, kas savienos Baltijas valstis ar p\u0101r\u0113jo Eiropu, vizualiz\u0101cij\u0101s, kas balst\u012btas uz visp\u0101r\u0113ju \u0101trvilciena modeli, iek\u013cautas \u0161\u012b transporta l\u012bdzek\u013ca galven\u0101s priek\u0161roc\u012bbas.\" \/>\n<meta property=\"og:url\" content=\"https:\/\/www.railbaltica.org\/jaunumi\/photo-rb-rail-provides-the-preliminary-overview-of-the-first-fully-virtual-concept-train\/\" \/>\n<meta property=\"og:site_name\" content=\"RB\" \/>\n<meta property=\"article:modified_time\" content=\"2025-08-21T07:48:46+00:00\" \/>\n<meta property=\"og:image\" content=\"https:\/\/www.railbaltica.org\/wp-content\/uploads\/2025\/07\/Rail_Baltica_Train_Concept_2400-2-1024x528.png\" \/>\n\t<meta property=\"og:image:width\" content=\"1024\" \/>\n\t<meta property=\"og:image:height\" content=\"528\" \/>\n\t<meta property=\"og:image:type\" content=\"image\/png\" \/>\n<meta name=\"twitter:card\" content=\"summary_large_image\" \/>\n<script type=\"application\/ld+json\" class=\"yoast-schema-graph\">{\"@context\":\"https:\\\/\\\/schema.org\",\"@graph\":[{\"@type\":\"WebPage\",\"@id\":\"https:\\\/\\\/www.railbaltica.org\\\/jaunumi\\\/photo-rb-rail-provides-the-preliminary-overview-of-the-first-fully-virtual-concept-train\\\/\",\"url\":\"https:\\\/\\\/www.railbaltica.org\\\/jaunumi\\\/photo-rb-rail-provides-the-preliminary-overview-of-the-first-fully-virtual-concept-train\\\/\",\"name\":\"FOTO: RB Rail iepaz\u012bstina ar Rail Baltica \u0101trgaitas vilciena z\u012bmola dizaina konceptu - RB\",\"isPartOf\":{\"@id\":\"https:\\\/\\\/www.railbaltica.org\\\/#website\"},\"primaryImageOfPage\":{\"@id\":\"https:\\\/\\\/www.railbaltica.org\\\/jaunumi\\\/photo-rb-rail-provides-the-preliminary-overview-of-the-first-fully-virtual-concept-train\\\/#primaryimage\"},\"image\":{\"@id\":\"https:\\\/\\\/www.railbaltica.org\\\/jaunumi\\\/photo-rb-rail-provides-the-preliminary-overview-of-the-first-fully-virtual-concept-train\\\/#primaryimage\"},\"thumbnailUrl\":\"https:\\\/\\\/www.railbaltica.org\\\/wp-content\\\/uploads\\\/2025\\\/07\\\/Rail_Baltica_Train_Concept_2400-2.png\",\"datePublished\":\"2021-04-22T11:57:06+00:00\",\"dateModified\":\"2025-08-21T07:48:46+00:00\",\"breadcrumb\":{\"@id\":\"https:\\\/\\\/www.railbaltica.org\\\/jaunumi\\\/photo-rb-rail-provides-the-preliminary-overview-of-the-first-fully-virtual-concept-train\\\/#breadcrumb\"},\"inLanguage\":\"lv-LV\",\"potentialAction\":[{\"@type\":\"ReadAction\",\"target\":[\"https:\\\/\\\/www.railbaltica.org\\\/jaunumi\\\/photo-rb-rail-provides-the-preliminary-overview-of-the-first-fully-virtual-concept-train\\\/\"]}]},{\"@type\":\"ImageObject\",\"inLanguage\":\"lv-LV\",\"@id\":\"https:\\\/\\\/www.railbaltica.org\\\/jaunumi\\\/photo-rb-rail-provides-the-preliminary-overview-of-the-first-fully-virtual-concept-train\\\/#primaryimage\",\"url\":\"https:\\\/\\\/www.railbaltica.org\\\/wp-content\\\/uploads\\\/2025\\\/07\\\/Rail_Baltica_Train_Concept_2400-2.png\",\"contentUrl\":\"https:\\\/\\\/www.railbaltica.org\\\/wp-content\\\/uploads\\\/2025\\\/07\\\/Rail_Baltica_Train_Concept_2400-2.png\",\"width\":2400,\"height\":1238},{\"@type\":\"BreadcrumbList\",\"@id\":\"https:\\\/\\\/www.railbaltica.org\\\/jaunumi\\\/photo-rb-rail-provides-the-preliminary-overview-of-the-first-fully-virtual-concept-train\\\/#breadcrumb\",\"itemListElement\":[{\"@type\":\"ListItem\",\"position\":1,\"name\":\"Home\",\"item\":\"https:\\\/\\\/www.railbaltica.org\\\/lv\\\/\"},{\"@type\":\"ListItem\",\"position\":2,\"name\":\"FOTO: RB Rail iepaz\u012bstina ar Rail Baltica \u0101trgaitas vilciena z\u012bmola dizaina konceptu\"}]},{\"@type\":\"WebSite\",\"@id\":\"https:\\\/\\\/www.railbaltica.org\\\/#website\",\"url\":\"https:\\\/\\\/www.railbaltica.org\\\/\",\"name\":\"RB\",\"description\":\"\",\"potentialAction\":[{\"@type\":\"SearchAction\",\"target\":{\"@type\":\"EntryPoint\",\"urlTemplate\":\"https:\\\/\\\/www.railbaltica.org\\\/?s={search_term_string}\"},\"query-input\":{\"@type\":\"PropertyValueSpecification\",\"valueRequired\":true,\"valueName\":\"search_term_string\"}}],\"inLanguage\":\"lv-LV\"}]}<\/script>\n<!-- \/ Yoast SEO plugin. -->","yoast_head_json":{"title":"FOTO: RB Rail iepaz\u012bstina ar Rail Baltica \u0101trgaitas vilciena z\u012bmola dizaina konceptu - RB","robots":{"index":"index","follow":"follow","max-snippet":"max-snippet:-1","max-image-preview":"max-image-preview:large","max-video-preview":"max-video-preview:-1"},"canonical":"https:\/\/www.railbaltica.org\/jaunumi\/photo-rb-rail-provides-the-preliminary-overview-of-the-first-fully-virtual-concept-train\/","og_locale":"lv_LV","og_type":"article","og_title":"FOTO: RB Rail iepaz\u012bstina ar Rail Baltica \u0101trgaitas vilciena z\u012bmola dizaina konceptu - RB","og_description":"2021. gada 22. apr\u012bl\u012b, R\u012bg\u0101 \u2013 Rail Baltica Baltijas valstu kopuz\u0146\u0113mums public\u0113jis n\u0101kotnes \u0101trgaitas vilciena z\u012bmola dizaina konceptu. \u0145emot v\u0113r\u0101, ka \u0161is b\u016bs pirmais piln\u012bb\u0101 elektrific\u0113tais vilciens, kas savienos Baltijas valstis ar p\u0101r\u0113jo Eiropu, vizualiz\u0101cij\u0101s, kas balst\u012btas uz visp\u0101r\u0113ju \u0101trvilciena modeli, iek\u013cautas \u0161\u012b transporta l\u012bdzek\u013ca galven\u0101s priek\u0161roc\u012bbas.","og_url":"https:\/\/www.railbaltica.org\/jaunumi\/photo-rb-rail-provides-the-preliminary-overview-of-the-first-fully-virtual-concept-train\/","og_site_name":"RB","article_modified_time":"2025-08-21T07:48:46+00:00","og_image":[{"width":1024,"height":528,"url":"https:\/\/www.railbaltica.org\/wp-content\/uploads\/2025\/07\/Rail_Baltica_Train_Concept_2400-2-1024x528.png","type":"image\/png"}],"twitter_card":"summary_large_image","schema":{"@context":"https:\/\/schema.org","@graph":[{"@type":"WebPage","@id":"https:\/\/www.railbaltica.org\/jaunumi\/photo-rb-rail-provides-the-preliminary-overview-of-the-first-fully-virtual-concept-train\/","url":"https:\/\/www.railbaltica.org\/jaunumi\/photo-rb-rail-provides-the-preliminary-overview-of-the-first-fully-virtual-concept-train\/","name":"FOTO: RB Rail iepaz\u012bstina ar Rail Baltica \u0101trgaitas vilciena z\u012bmola dizaina konceptu - RB","isPartOf":{"@id":"https:\/\/www.railbaltica.org\/#website"},"primaryImageOfPage":{"@id":"https:\/\/www.railbaltica.org\/jaunumi\/photo-rb-rail-provides-the-preliminary-overview-of-the-first-fully-virtual-concept-train\/#primaryimage"},"image":{"@id":"https:\/\/www.railbaltica.org\/jaunumi\/photo-rb-rail-provides-the-preliminary-overview-of-the-first-fully-virtual-concept-train\/#primaryimage"},"thumbnailUrl":"https:\/\/www.railbaltica.org\/wp-content\/uploads\/2025\/07\/Rail_Baltica_Train_Concept_2400-2.png","datePublished":"2021-04-22T11:57:06+00:00","dateModified":"2025-08-21T07:48:46+00:00","breadcrumb":{"@id":"https:\/\/www.railbaltica.org\/jaunumi\/photo-rb-rail-provides-the-preliminary-overview-of-the-first-fully-virtual-concept-train\/#breadcrumb"},"inLanguage":"lv-LV","potentialAction":[{"@type":"ReadAction","target":["https:\/\/www.railbaltica.org\/jaunumi\/photo-rb-rail-provides-the-preliminary-overview-of-the-first-fully-virtual-concept-train\/"]}]},{"@type":"ImageObject","inLanguage":"lv-LV","@id":"https:\/\/www.railbaltica.org\/jaunumi\/photo-rb-rail-provides-the-preliminary-overview-of-the-first-fully-virtual-concept-train\/#primaryimage","url":"https:\/\/www.railbaltica.org\/wp-content\/uploads\/2025\/07\/Rail_Baltica_Train_Concept_2400-2.png","contentUrl":"https:\/\/www.railbaltica.org\/wp-content\/uploads\/2025\/07\/Rail_Baltica_Train_Concept_2400-2.png","width":2400,"height":1238},{"@type":"BreadcrumbList","@id":"https:\/\/www.railbaltica.org\/jaunumi\/photo-rb-rail-provides-the-preliminary-overview-of-the-first-fully-virtual-concept-train\/#breadcrumb","itemListElement":[{"@type":"ListItem","position":1,"name":"Home","item":"https:\/\/www.railbaltica.org\/lv\/"},{"@type":"ListItem","position":2,"name":"FOTO: RB Rail iepaz\u012bstina ar Rail Baltica \u0101trgaitas vilciena z\u012bmola dizaina konceptu"}]},{"@type":"WebSite","@id":"https:\/\/www.railbaltica.org\/#website","url":"https:\/\/www.railbaltica.org\/","name":"RB","description":"","potentialAction":[{"@type":"SearchAction","target":{"@type":"EntryPoint","urlTemplate":"https:\/\/www.railbaltica.org\/?s={search_term_string}"},"query-input":{"@type":"PropertyValueSpecification","valueRequired":true,"valueName":"search_term_string"}}],"inLanguage":"lv-LV"}]}},"_links":{"self":[{"href":"https:\/\/www.railbaltica.org\/lv\/wp-json\/wp\/v2\/news\/12964","targetHints":{"allow":["GET"]}}],"collection":[{"href":"https:\/\/www.railbaltica.org\/lv\/wp-json\/wp\/v2\/news"}],"about":[{"href":"https:\/\/www.railbaltica.org\/lv\/wp-json\/wp\/v2\/types\/news"}],"wp:featuredmedia":[{"embeddable":true,"href":"https:\/\/www.railbaltica.org\/lv\/wp-json\/wp\/v2\/media\/12962"}],"wp:attachment":[{"href":"https:\/\/www.railbaltica.org\/lv\/wp-json\/wp\/v2\/media?parent=12964"}],"wp:term":[{"taxonomy":"news_category","embeddable":true,"href":"https:\/\/www.railbaltica.org\/lv\/wp-json\/wp\/v2\/news_category?post=12964"}],"curies":[{"name":"wp","href":"https:\/\/api.w.org\/{rel}","templated":true}]}}