{"id":12820,"date":"2020-12-02T13:03:08","date_gmt":"2020-12-02T13:03:08","guid":{"rendered":"https:\/\/www.railbaltica.org\/news\/diskutes-par-rail-baltica-linijas-skersojumiem-daugavas-labaja-krasta-riga\/"},"modified":"2025-08-20T07:23:45","modified_gmt":"2025-08-20T07:23:45","slug":"diskutes-par-rail-baltica-linijas-skersojumiem-daugavas-labaja-krasta-riga","status":"publish","type":"news","link":"https:\/\/www.railbaltica.org\/lv\/jaunumi\/diskutes-par-rail-baltica-linijas-skersojumiem-daugavas-labaja-krasta-riga\/","title":{"rendered":"Diskut\u0113s par Rail Baltica l\u012bnijas \u0161\u0137\u0113rsojumiem Daugavas labaj\u0101 krast\u0101 R\u012bg\u0101"},"content":{"rendered":"<section\n    class=\"align wp-block-hero-page-block relative flex overflow-hidden z-10 mt-20 md:mt-52\"\n>\n            <div\n            class=\"container md:!px-14\"\n        >\n            <div\n                class=\"bg-dark text-white rounded p-4 md:p-10\"\n            >\n                                <div\n    class=\"flex justify-between border-t pt-2.5 my-5 text-sm\"\n>\n    <span>Dalies ar jaunumiem\n<\/span>\n    <ul\n        class=\"flex items-center gap-5\"\n    >\n        <li>\n            <a\n                href=\"https:\/\/www.facebook.com\/sharer\/sharer.php?u=https%3A%2F%2Fwww.railbaltica.org%2Flv%2Fjaunumi%2Fdiskutes-par-rail-baltica-linijas-skersojumiem-daugavas-labaja-krasta-riga%2F\"\n                target=\"_blank\"\n                rel=\"noopener noreferrer\"\n                aria-label=\"Share on Facebook\"\n                class=\"transition-opacity hover:opacity-75\"\n            >\n                <svg\n                    width=\"20\"\n                    height=\"20\"\n                    viewBox=\"0 0 20 20\"\n                    fill=\"none\"\n                    xmlns=\"http:\/\/www.w3.org\/2000\/svg\"\n                >\n                    <path\n                        d=\"M7.5 6.66667H5V10H7.5V20H11.6667V10H14.7017L15 6.66667H11.6667V5.2775C11.6667 4.48167 11.8267 4.16667 12.5958 4.16667H15V0H11.8267C8.83 0 7.5 1.31917 7.5 3.84583V6.66667Z\"\n                        fill=\"white\"\n                    \/>\n                <\/svg>\n            <\/a>\n        <\/li>\n        <li>\n            <a\n                href=\"https:\/\/twitter.com\/intent\/tweet?url=https%3A%2F%2Fwww.railbaltica.org%2Flv%2Fjaunumi%2Fdiskutes-par-rail-baltica-linijas-skersojumiem-daugavas-labaja-krasta-riga%2F&amp;text=Diskut%C4%93s+par+Rail+Baltica+l%C4%ABnijas+%C5%A1%C4%B7%C4%93rsojumiem+Daugavas+labaj%C4%81+krast%C4%81+R%C4%ABg%C4%81\"\n                target=\"_blank\"\n                rel=\"noopener noreferrer\"\n                aria-label=\"Share on Twitter\"\n                class=\"transition-opacity hover:opacity-75\"\n            >\n                <svg\n                    width=\"20\"\n                    height=\"20\"\n                    viewBox=\"0 0 20 20\"\n                    fill=\"none\"\n                    xmlns=\"http:\/\/www.w3.org\/2000\/svg\"\n                >\n                    <path\n                        d=\"M14.7313 2.68748H17.238L11.763 8.88248L18.2038 17.3125H13.1597L9.20966 12.2L4.68966 17.3125H2.18299L8.03883 10.6866L1.86133 2.68665H7.03216L10.603 7.35998L14.7322 2.68665L14.7313 2.68748ZM13.8522 15.8275H15.2405L6.27716 4.09415H4.78716L13.8522 15.8275Z\"\n                        fill=\"white\"\n                    \/>\n                <\/svg>\n            <\/a>\n        <\/li>\n        <li>\n            <a\n                href=\"https:\/\/www.linkedin.com\/sharing\/share-offsite\/?url=https%3A%2F%2Fwww.railbaltica.org%2Flv%2Fjaunumi%2Fdiskutes-par-rail-baltica-linijas-skersojumiem-daugavas-labaja-krasta-riga%2F\"\n                target=\"_blank\"\n                rel=\"noopener noreferrer\"\n                aria-label=\"Share on LinkedIn\"\n                class=\"transition-opacity hover:opacity-75\"\n            >\n                <svg\n                    width=\"20\"\n                    height=\"20\"\n                    viewBox=\"0 0 20 20\"\n                    fill=\"none\"\n                    xmlns=\"http:\/\/www.w3.org\/2000\/svg\"\n                >\n                    <path\n                        d=\"M18.4097 0.000139829H1.46998C1.27956 -0.00250476 1.09049 0.0323869 0.913553 0.102822C0.73662 0.173257 0.575295 0.277857 0.438791 0.410646C0.302287 0.543436 0.193279 0.701814 0.11799 0.876737C0.0427018 1.05166 0.00260836 1.2397 0 1.43012V18.5699C0.00260836 18.7603 0.0427018 18.9483 0.11799 19.1233C0.193279 19.2982 0.302287 19.4566 0.438791 19.5894C0.575295 19.7221 0.73662 19.8267 0.913553 19.8972C1.09049 19.9676 1.27956 20.0025 1.46998 19.9999H18.4097C18.6002 20.0025 18.7892 19.9676 18.9662 19.8972C19.1431 19.8267 19.3044 19.7221 19.4409 19.5894C19.5774 19.4566 19.6864 19.2982 19.7617 19.1233C19.837 18.9483 19.8771 18.7603 19.8797 18.5699V1.43012C19.8771 1.2397 19.837 1.05166 19.7617 0.876737C19.6864 0.701814 19.5774 0.543436 19.4409 0.410646C19.3044 0.277857 19.1431 0.173257 18.9662 0.102822C18.7892 0.0323869 18.6002 -0.00250476 18.4097 0.000139829ZM6.02992 16.7399H3.02996V7.74003H6.02992V16.7399ZM4.52994 6.48005C4.1162 6.48005 3.71942 6.31569 3.42687 6.02314C3.13431 5.73059 2.96996 5.3338 2.96996 4.92007C2.96996 4.50634 3.13431 4.10955 3.42687 3.817C3.71942 3.52445 4.1162 3.36009 4.52994 3.36009C4.74963 3.33518 4.97211 3.35695 5.1828 3.42398C5.3935 3.491 5.58766 3.60178 5.75258 3.74905C5.91749 3.89632 6.04944 4.07676 6.13979 4.27856C6.23013 4.48036 6.27683 4.69897 6.27683 4.92007C6.27683 5.14117 6.23013 5.35978 6.13979 5.56158C6.04944 5.76338 5.91749 5.94382 5.75258 6.09109C5.58766 6.23836 5.3935 6.34914 5.1828 6.41617C4.97211 6.48319 4.74963 6.50496 4.52994 6.48005ZM16.8498 16.7399H13.8498V11.91C13.8498 10.7 13.4198 9.91 12.3298 9.91C11.9925 9.91247 11.664 10.0183 11.3887 10.2132C11.1133 10.4081 10.9043 10.6827 10.7899 11C10.7116 11.235 10.6777 11.4826 10.6899 11.73V16.7299H7.68989V7.73003H10.6899V9.00001C10.9624 8.52713 11.3587 8.13755 11.8363 7.87323C12.3138 7.60892 12.8544 7.47989 13.3998 7.50003C15.3998 7.50003 16.8498 8.79002 16.8498 11.56V16.7399Z\"\n                        fill=\"white\"\n                    \/>\n                <\/svg>\n            <\/a>\n        <\/li>\n        <li>\n            <button\n                type=\"button\"\n                class=\"copy-url-btn relative my-auto flex transition-opacity hover:opacity-75\"\n                data-url=\"https:\/\/www.railbaltica.org\/lv\/jaunumi\/diskutes-par-rail-baltica-linijas-skersojumiem-daugavas-labaja-krasta-riga\/\"\n            >\n                <svg\n                    width=\"21\"\n                    height=\"21\"\n                    viewBox=\"0 0 21 21\"\n                    fill=\"none\"\n                    xmlns=\"http:\/\/www.w3.org\/2000\/svg\"\n                >\n                    <path\n                        d=\"M10.5205 20C15.7661 20 20 15.7455 20 10.4795C20 5.23392 15.7661 1 10.5205 1M10.5205 20C5.25446 20 1 15.7455 1 10.4795C1 5.23392 5.25446 1 10.5205 1M10.5205 20V1M18.7429 5.75H2.26324M18.7958 15.1345H2.21035M1.05135 10.5H19.9486M10.5103 20C13.1333 20 15.25 15.7455 15.25 10.4795C15.25 5.23392 13.1333 1 10.5103 1C7.87697 1 5.75 5.23392 5.75 10.4795C5.75 15.7455 7.87697 20 10.5103 20Z\"\n                        stroke=\"white\"\n                        stroke-linecap=\"round\"\n                        stroke-linejoin=\"round\"\n                    \/>\n                <\/svg>\n                <span\n                    class=\"absolute hidden translate-x-[-10px] translate-y-[30px]\"\n                >Copied!<\/span>\n            <\/button>\n        <\/li>\n    <\/ul>\n<\/div>\n\n                                    <time\n                        datetime=\"\"\n                        class=\"mb-2.5 flex text-xl text-blue\"\n                    >\n                        02.12.2020\n                    <\/time>\n                \n                                    <h1 class='h1 max-w-198'>\n            Diskut\u0113s par Rail Baltica l\u012bnijas \u0161\u0137\u0113rsojumiem Daugavas labaj\u0101 krast\u0101 R\u012bg\u0101\n        <\/h1>\n                \n                            <\/div>\n        <\/div>\n    <\/section>\n\n<section\n    class=\"overflow-hidden py-5 md:pt-10 md:pb-5 align wp-block-excerpt-block\"\n>\n    <div\n        class=\"container relative flex flex-col items-start z-10 md:text-xl lg:!px-4\"\n    >\n                    <div\n                class=\"textual w-full text-dark text-xl lg:px-12 md:mx-auto md:max-w-222 md:text-xl\"\n            >\n                3.decembr\u012b no plkst. 15.00 l\u012bdz 17.30 norisin\u0101sies publisk\u0101 diskusij\u0101 \u201cRail Baltica k\u0101 projekts R\u012bgas att\u012bst\u012bbai\u201d par Rail Baltica dzelzce\u013ca l\u012bnijas konceptu\u0101lajiem risin\u0101jumiem Daugavas labaj\u0101 krast\u0101 posm\u0101 no R\u012bgas robe\u017eas l\u012bdz Lub\u0101nas ielai. Publisk\u0101 diskusija notiks tie\u0161saist\u0113, nodro\u0161inot iesp\u0113ju interesentiem sekot tai l\u012bdzi un uzdot jaut\u0101jumus\u00a0Rail Baltica\u00a0t\u012bmek\u013cvietn\u0113\u00a0www.railbaltica.org un R\u012bgas domes Pils\u0113tas att\u012bst\u012bbas departamenta\u00a0Facebook\u00a0kont\u0101.\n            <\/div>\n            <\/div>\n<\/section>\n<section\n    class=\"py-5 md:py-10 align wp-block-textual-block\"\n>\n    <div\n        class=\"container\"\n    >\n        <div\n            class=\"textual w-full text-xl text-dark break-words [&#038;_span]:!text-dark [&#038;_a]:!text-dark\"\n        >\n                            <p><strong><a href=\"http:\/\/www.railbaltica.org\/\">www.railbaltica.org<\/a> un R\u012bgas domes Pils\u0113tas att\u012bst\u012bbas departamenta\u00a0<a href=\"https:\/\/www.facebook.com\/RDPilsetasattistibasdepartaments\" target=\"_blank\" rel=\"noopener noreferrer\">Facebook\u00a0kont\u0101<\/a>.<\/strong><\/p>\n<p>Diskusijas laik\u0101 projekta virz\u012bt\u0101ji\u00a0RB Rail\u00a0AS,\u00a0Rail Baltica\u00a0posma caur R\u012bgu projekt\u0113t\u0101ju p\u0101rst\u0101vji, R\u012bgas pa\u0161vald\u012bbas un lok\u0101lpl\u0101nojuma izstr\u0101d\u0101t\u0101ja SIA \u201cGrupa 93\u201d eksperti inform\u0113s un uzklaus\u012bs iedz\u012bvot\u0101jus, nevalstisk\u0101s organiz\u0101cijas, R\u012bgas apkaimju biedr\u012bbas un citas ieinteres\u0113t\u0101s puses par l\u012bdz \u0161im izstr\u0101d\u0101tajiem risin\u0101jumiem. San\u0101ksm\u0113 piedal\u012bsies ar\u012b Satiksmes ministrijas p\u0101rst\u0101vji.<\/p>\n\n                    <\/div>\n    <\/div>\n<\/section>\n\n\n<section\n    class=\"overflow-hidden py-5 md:pt-10 md:pb-5 align wp-block-image-block !pt-[0] !pb-[0]\"\n>\n    <div\n        class=\"container relative flex flex-col items-start z-10\"\n    >\n        <div\n            class=\"w-full text-lg text-dark\"\n        >\n                            <img decoding=\"async\"\n        src=\"https:\/\/www.railbaltica.org\/wp-content\/uploads\/2025\/08\/Apkaimes-scaled.jpg\"\n        alt=\"Apkaimes\"\n         title=\"Apkaimes\"         class=\"block w-auto h-auto max-w-full max-h-[600px]\"\n        loading=\"lazy\"\n    \/>\n                                <\/div>\n    <\/div>\n<\/section>\n\n\n<section\n    class=\"py-5 md:py-10 align wp-block-textual-block\"\n>\n    <div\n        class=\"container\"\n    >\n        <div\n            class=\"textual w-full text-xl text-dark break-words [&#038;_span]:!text-dark [&#038;_a]:!text-dark\"\n        >\n                            <figcaption id=\"caption-attachment-22628\" class=\"wp-caption-text\">Fotogr\u0101fs: M\u0101rti\u0146\u0161 Garais I www.garais.lv<\/figcaption><p>Posms no R\u012bgas robe\u017eas l\u012bdz Lub\u0101nas ielai ir gandr\u012bz 5 km gar\u0161 un atrodas vien\u0101 nodal\u012bjuma josl\u0101 ar VAS \u201cLatvijas dzelzce\u013c\u0161\u201d infrastrukt\u016bru. T\u0101 k\u0101 dzelzce\u013ca l\u012bnija \u0161aj\u0101 posm\u0101 iet caur industri\u0101lu teritoriju, taj\u0101 n\u0101kotn\u0113 paredz\u0113ta iesp\u0113ja izveidot divus a<strong>utotransporta \u0161\u0137\u0113rsojumus Krustpils iel\u0101 un S\u0113lijas ielas<\/strong> atbilsto\u0161i R\u012bgas teritorijas pl\u0101nojumam, k\u0101 ar\u012b att\u012bst\u012bt t<strong>r\u012bs g\u0101j\u0113ju\/velo \u0161\u0137\u0113rsojumus Lub\u0101nas iel\u0101, Sl\u0101vu tilta rajon\u0101 un pie J\u0101\u0146u v\u0101rtu stacijas<\/strong>. Papildus tam, Sl\u0101vu tilta rajon\u0101 tiek v\u0113rt\u0113ta iesp\u0113ja izveidot <strong>Rail Baltica re\u0123ion\u0101lo staciju<\/strong>. Diskusijas laik\u0101 projekta att\u012bst\u012bt\u0101ji uzklaus\u012bs iedz\u012bvot\u0101ju viedok\u013cus par \u0161\u0137\u0113rsojumu, k\u0101 ar\u012b re\u0123ion\u0101l\u0101s stacijas konceptu\u0101lajiem risin\u0101jumiem.<\/p>\n<p>Pa\u0161vald\u012bbas p\u0101rst\u0101vji uzsver, ka l\u012bdz ar Rail Baltica projekta ievie\u0161anu, Daugavas labaj\u0101 krast\u0101 t\u0101pat k\u0101 kreisaj\u0101 krast\u0101 pl\u0101nots izveidot l\u012bdz \u0161im<strong> iztr\u016bksto\u0161o g\u0101j\u0113ju un velo infrastrukt\u016bru.<\/strong><\/p>\n<p>Pa\u0161vald\u012bba prim\u0101ri atbalsta tune\u013ca risin\u0101jumus k\u0101 piem\u0113rot\u0101kos gaj\u0113ju\/velo \u0161\u0137\u0113rsojuma veidus dzelzce\u013ca \u0161\u0137\u0113rso\u0161anai, kas izb\u016bv\u0113jami, vadoties no lab\u0101kajiem piem\u0113riem, vadl\u012bnij\u0101m un prakses pasaul\u0113, lai tie b\u016btu vizu\u0101li ieder\u012bgi pils\u0113tvid\u0113, funkcion\u0101li, pat\u012bkami un dro\u0161i lietot\u0101jiem. Lok\u0101lpl\u0101nojuma izstr\u0101des ietvaros tiek mekl\u0113tas iesp\u0113jas papildu gaj\u0113ju\/velo \u0161\u0137\u0113rsojumam, ko n\u0101kotn\u0113 \u012bstenotu pa\u0161vald\u012bba. \u0160obr\u012bd tiek pied\u0101v\u0101ts variants \u0161\u0137\u0113rsojumam Akn\u012bstes ielas gal\u0101, kas nodro\u0161in\u0101tu savienojumu starp industri\u0101laj\u0101m zon\u0101m Renc\u0113nu un Gran\u012bta ielu apk\u0101rtn\u0113s \u0160\u0137irotav\u0101.<\/p>\n<p>Izv\u0113rt\u0113jot Rail Baltica projekta pied\u0101v\u0101t\u0101s alternat\u012bvas re\u0123ion\u0101lo staciju novietojumam, pa\u0161vald\u012bba akcent\u0113 nepiecie\u0161am\u012bbu nodro\u0161in\u0101t pieejam\u012bbu perspekt\u012bvajai re\u0123ion\u0101lajai stacijai no ab\u0101m dzelzce\u013ca pus\u0113m.<\/p>\n<p>Publisk\u0101s diskusijas programma un prezent\u0101cijas pieejamas <a href=\"https:\/\/www.rdpad.lv\/norisinasies-publiska-diskusija-par-rail-baltica-dzelzcela-linijas-risinajumiem-daugavas-labaja-krasta-posma-no-rigas-robezas-lidz-lubanas-ielai\/#_blank\">www.rdpad.lv<\/a> un <a href=\"https:\/\/www.railbaltica.org\/lv\/norisinasies-publiska-diskusija-par-risinajumiem-daugavas-labaja-krasta-rigas-robeza-lubanas-iela\/#_blank\">www.railbaltica.org<\/a>.\u00a0 Interesenti viedokli, priek\u0161likumus un jaut\u0101jumus par sagatavoto materi\u0101lu var iesniegt ar\u012b iepriek\u0161, s\u016btot tos uz e-pastu\u00a0<a href=\"mailto:sabiedriba@riga.lv\">sabiedriba@riga.lv<\/a>.<\/p>\n<p>R\u012bg\u0101 l\u012bdz \u0161im notiku\u0161as piecas publisk\u0101s diskusijas, \u010detras darba grupas, vair\u0101kas individu\u0101l\u0101s tik\u0161an\u0101s un sarunas, k\u0101 ar\u012b teritorijas apseko\u0161ana dab\u0101 kop\u0101 ar sadarb\u012bbas memorandu dal\u012bbniekiem. 3. decembra publisk\u0101 diskusija b\u016bs \u0161ogad nosl\u0113dzo\u0161ais Rail Baltica sabiedr\u012bbas l\u012bdzdal\u012bbas pas\u0101kums pla\u0161\u0101kai auditorijai.<\/p>\n\n                    <\/div>\n    <\/div>\n<\/section>\n\n\n\n<section\n    class=\"overflow-hidden py-5 md:pt-5 md:pb-10 align wp-block-button-cta-block !pt-[0]\"\n>\n    <div\n        class=\"container w-full relative flex flex-col items-start z-10\"\n    >\n        <div\n            class=\"w-full border-t border-dark pt-5 mt-4 md:mt-5 md:pt-10\"\n        >\n        <\/div>\n\n                    <a\n        href=\"\/lv\/zinas\/\"\n                class=\"btn-outline-dark mx-auto\"\n    >\n        \n        Atpaka\u013c zi\u0146\u0101m\n        \n        \n    <\/a>\n            <\/div>\n<\/section>\n","protected":false},"excerpt":{"rendered":"<p>3.decembr\u012b no plkst. 15.00 l\u012bdz 17.30 norisin\u0101sies publisk\u0101 diskusij\u0101 \u201cRail Baltica k\u0101 projekts R\u012bgas att\u012bst\u012bbai\u201d par Rail Baltica dzelzce\u013ca l\u012bnijas konceptu\u0101lajiem risin\u0101jumiem Daugavas labaj\u0101 krast\u0101 posm\u0101 no R\u012bgas robe\u017eas l\u012bdz Lub\u0101nas ielai. Publisk\u0101 diskusija notiks tie\u0161saist\u0113, nodro\u0161inot iesp\u0113ju interesentiem sekot tai l\u012bdzi un uzdot jaut\u0101jumus\u00a0Rail Baltica\u00a0t\u012bmek\u013cvietn\u0113\u00a0www.railbaltica.org un R\u012bgas domes Pils\u0113tas att\u012bst\u012bbas departamenta\u00a0Facebook\u00a0kont\u0101.<\/p>\n","protected":false},"featured_media":29451,"template":"","news_category":[],"class_list":["post-12820","news","type-news","status-publish","has-post-thumbnail","hentry"],"acf":[],"yoast_head":"<!-- This site is optimized with the Yoast SEO plugin v27.5 - https:\/\/yoast.com\/product\/yoast-seo-wordpress\/ -->\n<title>Diskut\u0113s par Rail Baltica l\u012bnijas \u0161\u0137\u0113rsojumiem Daugavas labaj\u0101 krast\u0101 R\u012bg\u0101 - RB<\/title>\n<meta name=\"robots\" content=\"index, follow, max-snippet:-1, max-image-preview:large, max-video-preview:-1\" \/>\n<link rel=\"canonical\" href=\"https:\/\/www.railbaltica.org\/lv\/jaunumi\/diskutes-par-rail-baltica-linijas-skersojumiem-daugavas-labaja-krasta-riga\/\" \/>\n<meta property=\"og:locale\" content=\"lv_LV\" \/>\n<meta property=\"og:type\" content=\"article\" \/>\n<meta property=\"og:title\" content=\"Diskut\u0113s par Rail Baltica l\u012bnijas \u0161\u0137\u0113rsojumiem Daugavas labaj\u0101 krast\u0101 R\u012bg\u0101 - RB\" \/>\n<meta property=\"og:description\" content=\"3.decembr\u012b no plkst. 15.00 l\u012bdz 17.30 norisin\u0101sies publisk\u0101 diskusij\u0101 \u201cRail Baltica k\u0101 projekts R\u012bgas att\u012bst\u012bbai\u201d par Rail Baltica dzelzce\u013ca l\u012bnijas konceptu\u0101lajiem risin\u0101jumiem Daugavas labaj\u0101 krast\u0101 posm\u0101 no R\u012bgas robe\u017eas l\u012bdz Lub\u0101nas ielai. Publisk\u0101 diskusija notiks tie\u0161saist\u0113, nodro\u0161inot iesp\u0113ju interesentiem sekot tai l\u012bdzi un uzdot jaut\u0101jumus\u00a0Rail Baltica\u00a0t\u012bmek\u013cvietn\u0113\u00a0www.railbaltica.org un R\u012bgas domes Pils\u0113tas att\u012bst\u012bbas departamenta\u00a0Facebook\u00a0kont\u0101.\" \/>\n<meta property=\"og:url\" content=\"https:\/\/www.railbaltica.org\/lv\/jaunumi\/diskutes-par-rail-baltica-linijas-skersojumiem-daugavas-labaja-krasta-riga\/\" \/>\n<meta property=\"og:site_name\" content=\"RB\" \/>\n<meta property=\"article:modified_time\" content=\"2025-08-20T07:23:45+00:00\" \/>\n<meta property=\"og:image\" content=\"https:\/\/www.railbaltica.org\/wp-content\/uploads\/2025\/08\/Apkaimes-scaled.jpg\" \/>\n\t<meta property=\"og:image:width\" content=\"2560\" \/>\n\t<meta property=\"og:image:height\" content=\"1706\" \/>\n\t<meta property=\"og:image:type\" content=\"image\/jpeg\" \/>\n<meta name=\"twitter:card\" content=\"summary_large_image\" \/>\n<script type=\"application\/ld+json\" class=\"yoast-schema-graph\">{\"@context\":\"https:\\\/\\\/schema.org\",\"@graph\":[{\"@type\":\"WebPage\",\"@id\":\"https:\\\/\\\/www.railbaltica.org\\\/lv\\\/jaunumi\\\/diskutes-par-rail-baltica-linijas-skersojumiem-daugavas-labaja-krasta-riga\\\/\",\"url\":\"https:\\\/\\\/www.railbaltica.org\\\/lv\\\/jaunumi\\\/diskutes-par-rail-baltica-linijas-skersojumiem-daugavas-labaja-krasta-riga\\\/\",\"name\":\"Diskut\u0113s par Rail Baltica l\u012bnijas \u0161\u0137\u0113rsojumiem Daugavas labaj\u0101 krast\u0101 R\u012bg\u0101 - RB\",\"isPartOf\":{\"@id\":\"https:\\\/\\\/www.railbaltica.org\\\/#website\"},\"primaryImageOfPage\":{\"@id\":\"https:\\\/\\\/www.railbaltica.org\\\/lv\\\/jaunumi\\\/diskutes-par-rail-baltica-linijas-skersojumiem-daugavas-labaja-krasta-riga\\\/#primaryimage\"},\"image\":{\"@id\":\"https:\\\/\\\/www.railbaltica.org\\\/lv\\\/jaunumi\\\/diskutes-par-rail-baltica-linijas-skersojumiem-daugavas-labaja-krasta-riga\\\/#primaryimage\"},\"thumbnailUrl\":\"https:\\\/\\\/www.railbaltica.org\\\/wp-content\\\/uploads\\\/2025\\\/08\\\/Apkaimes-scaled.jpg\",\"datePublished\":\"2020-12-02T13:03:08+00:00\",\"dateModified\":\"2025-08-20T07:23:45+00:00\",\"breadcrumb\":{\"@id\":\"https:\\\/\\\/www.railbaltica.org\\\/lv\\\/jaunumi\\\/diskutes-par-rail-baltica-linijas-skersojumiem-daugavas-labaja-krasta-riga\\\/#breadcrumb\"},\"inLanguage\":\"lv-LV\",\"potentialAction\":[{\"@type\":\"ReadAction\",\"target\":[\"https:\\\/\\\/www.railbaltica.org\\\/lv\\\/jaunumi\\\/diskutes-par-rail-baltica-linijas-skersojumiem-daugavas-labaja-krasta-riga\\\/\"]}]},{\"@type\":\"ImageObject\",\"inLanguage\":\"lv-LV\",\"@id\":\"https:\\\/\\\/www.railbaltica.org\\\/lv\\\/jaunumi\\\/diskutes-par-rail-baltica-linijas-skersojumiem-daugavas-labaja-krasta-riga\\\/#primaryimage\",\"url\":\"https:\\\/\\\/www.railbaltica.org\\\/wp-content\\\/uploads\\\/2025\\\/08\\\/Apkaimes-scaled.jpg\",\"contentUrl\":\"https:\\\/\\\/www.railbaltica.org\\\/wp-content\\\/uploads\\\/2025\\\/08\\\/Apkaimes-scaled.jpg\",\"width\":2560,\"height\":1706},{\"@type\":\"BreadcrumbList\",\"@id\":\"https:\\\/\\\/www.railbaltica.org\\\/lv\\\/jaunumi\\\/diskutes-par-rail-baltica-linijas-skersojumiem-daugavas-labaja-krasta-riga\\\/#breadcrumb\",\"itemListElement\":[{\"@type\":\"ListItem\",\"position\":1,\"name\":\"Home\",\"item\":\"https:\\\/\\\/www.railbaltica.org\\\/lv\\\/\"},{\"@type\":\"ListItem\",\"position\":2,\"name\":\"Diskut\u0113s par Rail Baltica l\u012bnijas \u0161\u0137\u0113rsojumiem Daugavas labaj\u0101 krast\u0101 R\u012bg\u0101\"}]},{\"@type\":\"WebSite\",\"@id\":\"https:\\\/\\\/www.railbaltica.org\\\/#website\",\"url\":\"https:\\\/\\\/www.railbaltica.org\\\/\",\"name\":\"RB\",\"description\":\"\",\"potentialAction\":[{\"@type\":\"SearchAction\",\"target\":{\"@type\":\"EntryPoint\",\"urlTemplate\":\"https:\\\/\\\/www.railbaltica.org\\\/?s={search_term_string}\"},\"query-input\":{\"@type\":\"PropertyValueSpecification\",\"valueRequired\":true,\"valueName\":\"search_term_string\"}}],\"inLanguage\":\"lv-LV\"}]}<\/script>\n<!-- \/ Yoast SEO plugin. -->","yoast_head_json":{"title":"Diskut\u0113s par Rail Baltica l\u012bnijas \u0161\u0137\u0113rsojumiem Daugavas labaj\u0101 krast\u0101 R\u012bg\u0101 - RB","robots":{"index":"index","follow":"follow","max-snippet":"max-snippet:-1","max-image-preview":"max-image-preview:large","max-video-preview":"max-video-preview:-1"},"canonical":"https:\/\/www.railbaltica.org\/lv\/jaunumi\/diskutes-par-rail-baltica-linijas-skersojumiem-daugavas-labaja-krasta-riga\/","og_locale":"lv_LV","og_type":"article","og_title":"Diskut\u0113s par Rail Baltica l\u012bnijas \u0161\u0137\u0113rsojumiem Daugavas labaj\u0101 krast\u0101 R\u012bg\u0101 - RB","og_description":"3.decembr\u012b no plkst. 15.00 l\u012bdz 17.30 norisin\u0101sies publisk\u0101 diskusij\u0101 \u201cRail Baltica k\u0101 projekts R\u012bgas att\u012bst\u012bbai\u201d par Rail Baltica dzelzce\u013ca l\u012bnijas konceptu\u0101lajiem risin\u0101jumiem Daugavas labaj\u0101 krast\u0101 posm\u0101 no R\u012bgas robe\u017eas l\u012bdz Lub\u0101nas ielai. Publisk\u0101 diskusija notiks tie\u0161saist\u0113, nodro\u0161inot iesp\u0113ju interesentiem sekot tai l\u012bdzi un uzdot jaut\u0101jumus\u00a0Rail Baltica\u00a0t\u012bmek\u013cvietn\u0113\u00a0www.railbaltica.org un R\u012bgas domes Pils\u0113tas att\u012bst\u012bbas departamenta\u00a0Facebook\u00a0kont\u0101.","og_url":"https:\/\/www.railbaltica.org\/lv\/jaunumi\/diskutes-par-rail-baltica-linijas-skersojumiem-daugavas-labaja-krasta-riga\/","og_site_name":"RB","article_modified_time":"2025-08-20T07:23:45+00:00","og_image":[{"width":2560,"height":1706,"url":"https:\/\/www.railbaltica.org\/wp-content\/uploads\/2025\/08\/Apkaimes-scaled.jpg","type":"image\/jpeg"}],"twitter_card":"summary_large_image","schema":{"@context":"https:\/\/schema.org","@graph":[{"@type":"WebPage","@id":"https:\/\/www.railbaltica.org\/lv\/jaunumi\/diskutes-par-rail-baltica-linijas-skersojumiem-daugavas-labaja-krasta-riga\/","url":"https:\/\/www.railbaltica.org\/lv\/jaunumi\/diskutes-par-rail-baltica-linijas-skersojumiem-daugavas-labaja-krasta-riga\/","name":"Diskut\u0113s par Rail Baltica l\u012bnijas \u0161\u0137\u0113rsojumiem Daugavas labaj\u0101 krast\u0101 R\u012bg\u0101 - RB","isPartOf":{"@id":"https:\/\/www.railbaltica.org\/#website"},"primaryImageOfPage":{"@id":"https:\/\/www.railbaltica.org\/lv\/jaunumi\/diskutes-par-rail-baltica-linijas-skersojumiem-daugavas-labaja-krasta-riga\/#primaryimage"},"image":{"@id":"https:\/\/www.railbaltica.org\/lv\/jaunumi\/diskutes-par-rail-baltica-linijas-skersojumiem-daugavas-labaja-krasta-riga\/#primaryimage"},"thumbnailUrl":"https:\/\/www.railbaltica.org\/wp-content\/uploads\/2025\/08\/Apkaimes-scaled.jpg","datePublished":"2020-12-02T13:03:08+00:00","dateModified":"2025-08-20T07:23:45+00:00","breadcrumb":{"@id":"https:\/\/www.railbaltica.org\/lv\/jaunumi\/diskutes-par-rail-baltica-linijas-skersojumiem-daugavas-labaja-krasta-riga\/#breadcrumb"},"inLanguage":"lv-LV","potentialAction":[{"@type":"ReadAction","target":["https:\/\/www.railbaltica.org\/lv\/jaunumi\/diskutes-par-rail-baltica-linijas-skersojumiem-daugavas-labaja-krasta-riga\/"]}]},{"@type":"ImageObject","inLanguage":"lv-LV","@id":"https:\/\/www.railbaltica.org\/lv\/jaunumi\/diskutes-par-rail-baltica-linijas-skersojumiem-daugavas-labaja-krasta-riga\/#primaryimage","url":"https:\/\/www.railbaltica.org\/wp-content\/uploads\/2025\/08\/Apkaimes-scaled.jpg","contentUrl":"https:\/\/www.railbaltica.org\/wp-content\/uploads\/2025\/08\/Apkaimes-scaled.jpg","width":2560,"height":1706},{"@type":"BreadcrumbList","@id":"https:\/\/www.railbaltica.org\/lv\/jaunumi\/diskutes-par-rail-baltica-linijas-skersojumiem-daugavas-labaja-krasta-riga\/#breadcrumb","itemListElement":[{"@type":"ListItem","position":1,"name":"Home","item":"https:\/\/www.railbaltica.org\/lv\/"},{"@type":"ListItem","position":2,"name":"Diskut\u0113s par Rail Baltica l\u012bnijas \u0161\u0137\u0113rsojumiem Daugavas labaj\u0101 krast\u0101 R\u012bg\u0101"}]},{"@type":"WebSite","@id":"https:\/\/www.railbaltica.org\/#website","url":"https:\/\/www.railbaltica.org\/","name":"RB","description":"","potentialAction":[{"@type":"SearchAction","target":{"@type":"EntryPoint","urlTemplate":"https:\/\/www.railbaltica.org\/?s={search_term_string}"},"query-input":{"@type":"PropertyValueSpecification","valueRequired":true,"valueName":"search_term_string"}}],"inLanguage":"lv-LV"}]}},"_links":{"self":[{"href":"https:\/\/www.railbaltica.org\/lv\/wp-json\/wp\/v2\/news\/12820","targetHints":{"allow":["GET"]}}],"collection":[{"href":"https:\/\/www.railbaltica.org\/lv\/wp-json\/wp\/v2\/news"}],"about":[{"href":"https:\/\/www.railbaltica.org\/lv\/wp-json\/wp\/v2\/types\/news"}],"wp:featuredmedia":[{"embeddable":true,"href":"https:\/\/www.railbaltica.org\/lv\/wp-json\/wp\/v2\/media\/29451"}],"wp:attachment":[{"href":"https:\/\/www.railbaltica.org\/lv\/wp-json\/wp\/v2\/media?parent=12820"}],"wp:term":[{"taxonomy":"news_category","embeddable":true,"href":"https:\/\/www.railbaltica.org\/lv\/wp-json\/wp\/v2\/news_category?post=12820"}],"curies":[{"name":"wp","href":"https:\/\/api.w.org\/{rel}","templated":true}]}}