{"id":12758,"date":"2020-11-12T10:13:36","date_gmt":"2020-11-12T10:13:36","guid":{"rendered":"https:\/\/www.railbaltica.org\/news\/rupes-par-cilvekiem-un-vidi-rail-baltica-pieeja-vides-aizsardzibai\/"},"modified":"2025-08-20T07:32:07","modified_gmt":"2025-08-20T07:32:07","slug":"rupes-par-cilvekiem-un-vidi-rail-baltica-pieeja-vides-aizsardzibai","status":"publish","type":"news","link":"https:\/\/www.railbaltica.org\/lv\/jaunumi\/rupes-par-cilvekiem-un-vidi-rail-baltica-pieeja-vides-aizsardzibai\/","title":{"rendered":"R\u016bpes par cilv\u0113kiem un vidi: Rail Baltica pieeja vides aizsardz\u012bbai"},"content":{"rendered":"<section\n    class=\"align wp-block-hero-page-block relative flex overflow-hidden z-10 mt-20 md:mt-52\"\n>\n            <div\n            class=\"container md:!px-14\"\n        >\n            <div\n                class=\"bg-dark text-white rounded p-4 md:p-10\"\n            >\n                                <div\n    class=\"flex justify-between border-t pt-2.5 my-5 text-sm\"\n>\n    <span>Dalies ar jaunumiem\n<\/span>\n    <ul\n        class=\"flex items-center gap-5\"\n    >\n        <li>\n            <a\n                href=\"https:\/\/www.facebook.com\/sharer\/sharer.php?u=https%3A%2F%2Fwww.railbaltica.org%2Flv%2Fjaunumi%2Frupes-par-cilvekiem-un-vidi-rail-baltica-pieeja-vides-aizsardzibai%2F\"\n                target=\"_blank\"\n                rel=\"noopener noreferrer\"\n                aria-label=\"Share on Facebook\"\n                class=\"transition-opacity hover:opacity-75\"\n            >\n                <svg\n                    width=\"20\"\n                    height=\"20\"\n                    viewBox=\"0 0 20 20\"\n                    fill=\"none\"\n                    xmlns=\"http:\/\/www.w3.org\/2000\/svg\"\n                >\n                    <path\n                        d=\"M7.5 6.66667H5V10H7.5V20H11.6667V10H14.7017L15 6.66667H11.6667V5.2775C11.6667 4.48167 11.8267 4.16667 12.5958 4.16667H15V0H11.8267C8.83 0 7.5 1.31917 7.5 3.84583V6.66667Z\"\n                        fill=\"white\"\n                    \/>\n                <\/svg>\n            <\/a>\n        <\/li>\n        <li>\n            <a\n                href=\"https:\/\/twitter.com\/intent\/tweet?url=https%3A%2F%2Fwww.railbaltica.org%2Flv%2Fjaunumi%2Frupes-par-cilvekiem-un-vidi-rail-baltica-pieeja-vides-aizsardzibai%2F&amp;text=R%C5%ABpes+par+cilv%C4%93kiem+un+vidi%3A+Rail+Baltica+pieeja+vides+aizsardz%C4%ABbai\"\n                target=\"_blank\"\n                rel=\"noopener noreferrer\"\n                aria-label=\"Share on Twitter\"\n                class=\"transition-opacity hover:opacity-75\"\n            >\n                <svg\n                    width=\"20\"\n                    height=\"20\"\n                    viewBox=\"0 0 20 20\"\n                    fill=\"none\"\n                    xmlns=\"http:\/\/www.w3.org\/2000\/svg\"\n                >\n                    <path\n                        d=\"M14.7313 2.68748H17.238L11.763 8.88248L18.2038 17.3125H13.1597L9.20966 12.2L4.68966 17.3125H2.18299L8.03883 10.6866L1.86133 2.68665H7.03216L10.603 7.35998L14.7322 2.68665L14.7313 2.68748ZM13.8522 15.8275H15.2405L6.27716 4.09415H4.78716L13.8522 15.8275Z\"\n                        fill=\"white\"\n                    \/>\n                <\/svg>\n            <\/a>\n        <\/li>\n        <li>\n            <a\n                href=\"https:\/\/www.linkedin.com\/sharing\/share-offsite\/?url=https%3A%2F%2Fwww.railbaltica.org%2Flv%2Fjaunumi%2Frupes-par-cilvekiem-un-vidi-rail-baltica-pieeja-vides-aizsardzibai%2F\"\n                target=\"_blank\"\n                rel=\"noopener noreferrer\"\n                aria-label=\"Share on LinkedIn\"\n                class=\"transition-opacity hover:opacity-75\"\n            >\n                <svg\n                    width=\"20\"\n                    height=\"20\"\n                    viewBox=\"0 0 20 20\"\n                    fill=\"none\"\n                    xmlns=\"http:\/\/www.w3.org\/2000\/svg\"\n                >\n                    <path\n                        d=\"M18.4097 0.000139829H1.46998C1.27956 -0.00250476 1.09049 0.0323869 0.913553 0.102822C0.73662 0.173257 0.575295 0.277857 0.438791 0.410646C0.302287 0.543436 0.193279 0.701814 0.11799 0.876737C0.0427018 1.05166 0.00260836 1.2397 0 1.43012V18.5699C0.00260836 18.7603 0.0427018 18.9483 0.11799 19.1233C0.193279 19.2982 0.302287 19.4566 0.438791 19.5894C0.575295 19.7221 0.73662 19.8267 0.913553 19.8972C1.09049 19.9676 1.27956 20.0025 1.46998 19.9999H18.4097C18.6002 20.0025 18.7892 19.9676 18.9662 19.8972C19.1431 19.8267 19.3044 19.7221 19.4409 19.5894C19.5774 19.4566 19.6864 19.2982 19.7617 19.1233C19.837 18.9483 19.8771 18.7603 19.8797 18.5699V1.43012C19.8771 1.2397 19.837 1.05166 19.7617 0.876737C19.6864 0.701814 19.5774 0.543436 19.4409 0.410646C19.3044 0.277857 19.1431 0.173257 18.9662 0.102822C18.7892 0.0323869 18.6002 -0.00250476 18.4097 0.000139829ZM6.02992 16.7399H3.02996V7.74003H6.02992V16.7399ZM4.52994 6.48005C4.1162 6.48005 3.71942 6.31569 3.42687 6.02314C3.13431 5.73059 2.96996 5.3338 2.96996 4.92007C2.96996 4.50634 3.13431 4.10955 3.42687 3.817C3.71942 3.52445 4.1162 3.36009 4.52994 3.36009C4.74963 3.33518 4.97211 3.35695 5.1828 3.42398C5.3935 3.491 5.58766 3.60178 5.75258 3.74905C5.91749 3.89632 6.04944 4.07676 6.13979 4.27856C6.23013 4.48036 6.27683 4.69897 6.27683 4.92007C6.27683 5.14117 6.23013 5.35978 6.13979 5.56158C6.04944 5.76338 5.91749 5.94382 5.75258 6.09109C5.58766 6.23836 5.3935 6.34914 5.1828 6.41617C4.97211 6.48319 4.74963 6.50496 4.52994 6.48005ZM16.8498 16.7399H13.8498V11.91C13.8498 10.7 13.4198 9.91 12.3298 9.91C11.9925 9.91247 11.664 10.0183 11.3887 10.2132C11.1133 10.4081 10.9043 10.6827 10.7899 11C10.7116 11.235 10.6777 11.4826 10.6899 11.73V16.7299H7.68989V7.73003H10.6899V9.00001C10.9624 8.52713 11.3587 8.13755 11.8363 7.87323C12.3138 7.60892 12.8544 7.47989 13.3998 7.50003C15.3998 7.50003 16.8498 8.79002 16.8498 11.56V16.7399Z\"\n                        fill=\"white\"\n                    \/>\n                <\/svg>\n            <\/a>\n        <\/li>\n        <li>\n            <button\n                type=\"button\"\n                class=\"copy-url-btn relative my-auto flex transition-opacity hover:opacity-75\"\n                data-url=\"https:\/\/www.railbaltica.org\/lv\/jaunumi\/rupes-par-cilvekiem-un-vidi-rail-baltica-pieeja-vides-aizsardzibai\/\"\n            >\n                <svg\n                    width=\"21\"\n                    height=\"21\"\n                    viewBox=\"0 0 21 21\"\n                    fill=\"none\"\n                    xmlns=\"http:\/\/www.w3.org\/2000\/svg\"\n                >\n                    <path\n                        d=\"M10.5205 20C15.7661 20 20 15.7455 20 10.4795C20 5.23392 15.7661 1 10.5205 1M10.5205 20C5.25446 20 1 15.7455 1 10.4795C1 5.23392 5.25446 1 10.5205 1M10.5205 20V1M18.7429 5.75H2.26324M18.7958 15.1345H2.21035M1.05135 10.5H19.9486M10.5103 20C13.1333 20 15.25 15.7455 15.25 10.4795C15.25 5.23392 13.1333 1 10.5103 1C7.87697 1 5.75 5.23392 5.75 10.4795C5.75 15.7455 7.87697 20 10.5103 20Z\"\n                        stroke=\"white\"\n                        stroke-linecap=\"round\"\n                        stroke-linejoin=\"round\"\n                    \/>\n                <\/svg>\n                <span\n                    class=\"absolute hidden translate-x-[-10px] translate-y-[30px]\"\n                >Copied!<\/span>\n            <\/button>\n        <\/li>\n    <\/ul>\n<\/div>\n\n                                    <time\n                        datetime=\"\"\n                        class=\"mb-2.5 flex text-xl text-blue\"\n                    >\n                        12.11.2020\n                    <\/time>\n                \n                                    <h1 class='h1 max-w-198'>\n            R\u016bpestis \u017emon\u0117mis ir aplinka: \u201eRail Baltica\u201c po\u017ei\u016bris \u012f aplinkos apsaug\u0105\n        <\/h1>\n                \n                            <\/div>\n        <\/div>\n    <\/section>\n<section\n    class=\"overflow-hidden py-5 md:pt-10 md:pb-5 align wp-block-excerpt-block\"\n>\n    <div\n        class=\"container relative flex flex-col items-start z-10 md:text-xl lg:!px-4\"\n    >\n                    <div\n                class=\"textual w-full text-dark text-xl lg:px-12 md:mx-auto md:max-w-222 md:text-xl\"\n            >\n                K\u0101da ir uz\u0146\u0113muma ELLE loma Rail Baltica projekt\u0101 da\u017e\u0101dos projekta periodos?\n            <\/div>\n            <\/div>\n<\/section>\n<section\n    class=\"py-5 md:py-10 align wp-block-textual-block\"\n>\n    <div\n        class=\"container\"\n    >\n        <div\n            class=\"textual w-full text-xl text-dark break-words [&#038;_span]:!text-dark [&#038;_a]:!text-dark\"\n        >\n                            <p>Tarptautin\u0117 konsultacij\u0173 bendrov\u0117 \u201eEstonian, Latvian &amp; Lithuanian Environment\u201c (ELLE) savo veikl\u0105 vykdo jau 22-jus metus \u2013 teikia konsultacijas aplinkos apsaugos specialistams Baltijos \u0161alyse. ELLE projekt\u0173 vadov\u0117 Evija Skrastina pasakoja apie bendrov\u0117s ind\u0117l\u012f vystant \u201eRail Baltica\u201c projekt\u0105.<\/p>\n<p><strong><\/p>\n\n                    <\/div>\n    <\/div>\n<\/section>\n<section\n    class=\"overflow-hidden py-5 md:pt-10 md:pb-5 align wp-block-image-block !pt-[0] !pb-[0]\"\n>\n    <div\n        class=\"container relative flex flex-col items-start z-10\"\n    >\n        <div\n            class=\"w-full text-lg text-dark\"\n        >\n                            <img decoding=\"async\"\n        src=\"https:\/\/www.railbaltica.org\/wp-content\/uploads\/2025\/08\/ELLLE_evija_intevija-240x300-1.jpg\"\n        alt=\"ELLLE_evija_intevija-240&amp;#215;300\"\n         title=\"ELLLE_evija_intevija-240&amp;#215;300\"         class=\"block w-auto h-auto max-w-full max-h-[600px]\"\n        loading=\"lazy\"\n    \/>\n                                <\/div>\n    <\/div>\n<\/section>\n<section\n    class=\"py-5 md:py-10 align wp-block-textual-block\"\n>\n    <div\n        class=\"container\"\n    >\n        <div\n            class=\"textual w-full text-xl text-dark break-words [&#038;_span]:!text-dark [&#038;_a]:!text-dark\"\n        >\n                            <p>Su \u201eRail Baltica\u201c projektu dirbame nuo 2011-\u0173j\u0173, tad teik\u0117me aplinkosaugos konsultacijas keliuose projekto etapuose.<\/p>\n<p>Vykdant poveikio aplinkai analiz\u0119, buvo \u012fvardinti svarbiausi projekto aplinkosauginiai aspektai ir s\u0105lygos reikalingos poveikiui suma\u017einti. \u0160i\u0173 priemoni\u0173 \u012fgyvendinimas vis dar t\u0119siasi \u2013 kartu su geriausiais Latvijos laukini\u0173 \u017ev\u0117ri\u0173 ekspertais stebime vis\u0105 \u201eRail Baltica\u201c linijos teritorij\u0105. Iki statyb\u0173 prad\u017eios truksian\u010di\u0173 steb\u0117jim\u0173 metu nustatysime laukini\u0173 \u017ev\u0117ri\u0173 populiacijos dyd\u012f ir tank\u012f. Steb\u0117jimai taip reikalingi ir siekiant nustatyti, kur bus \u012frengtos gyv\u016bn\u0173 per\u0117jos.<\/p>\n<p>Taip pat tam tikrose linijos vietose atliekame triuk\u0161mo modeliavim\u0105 \u2013 vertiname, koks triuk\u0161mo lygis ten yra dabar, ir koki\u0173 priemoni\u0173 jam suma\u017einti reik\u0117s imtis tam, kad atitikti higienos normas. Be to, mes padedame tarptautiniams projektuotojams bendrauti su vietos aplinkosaugos institucijomis ir i\u0161siai\u0161kinti aplinkosauginius reikalavimus, kurie visose \u0161alyse gali skirtis.<\/p>\n<p><strong>K\u0105 darote \u0161iuo metu?<\/strong><\/p>\n<p>Dirbame visose Baltijos \u0161alyse \u2013 ELLE turi biurus Latvijoje, Estijoje ir Lietuvoje. \u0160iuo metu, kartu su kolegomis i\u0161 Estijos, atliekame sekcijos nuo Pernu iki Estijos-Latvijos valstybi\u0173 sienos poveikio aplinkai vertinim\u0105 D\u017eiaugiam\u0117s, kad galime pasidalinti savo \u017einiomis ir patirtimi su kolegomis i\u0161 Estijos, nes pana\u0161\u0173 projekt\u0105 Latvijoje \u012fgyvendinome dar 2015-aisiais.<\/p>\n<p><strong>Kuo \u0161is projektas skiriasi nuo kit\u0173?<\/strong><\/p>\n<p>Projektas i\u0161siskiria savo apimtimi. Tik kart\u0105 per vis\u0105 am\u017ei\u0173 galime dalyvauti kuriant nauj\u0105, visas Baltijos \u0161alis apiman\u010di\u0105, infrastrukt\u016br\u0105.<\/p>\n<p><strong>Kaip patirtis \u012fgauta dirbant su \u201eRail Baltica\u201c projektu padeda vystant j\u016bs\u0173 \u012fmon\u0117s kompetencijas?<\/strong><\/p>\n<p>Kaip ir kiekvienas didel\u0117s apimties projektas, svarbiausia \u012fgyta patirtis \u2013 tiek sprend\u017eiant \u012fvairias problemas dideliu mastu, tiek bendradarbiaujant. Tai padeda kaupti patirt\u012f ir auginti m\u016bs\u0173 paj\u0117gumus. Kartais dalyvauja keli m\u016bs\u0173 ekspertai, o kartais 10 ir daugiau. Pavyzd\u017eiui, \u201eRail Baltica\u201c yra pirmasis projektas Latvijoje, kur\u012f \u012fgyvendinant stebimi laukiniai gyv\u016bnai. \u201eRail Baltica\u201c taip pat bus pirmasis projektas, kuris tur\u0117s specialias per\u0117jas gyv\u016bnams.<\/p>\n<p><strong>Ar \u0161iam projektui nusamd\u0117te papildom\u0173 darbuotoj\u0173? Kiek j\u016bs\u0173 darbuotoj\u0173 dirba su \u201eRail Baltica\u201c projektu?<\/strong><\/p>\n<p>Taip, mums prireik\u0117 papildom\u0173 rank\u0173 \u2013 m\u016bs\u0173 darbuotoj\u0173 skai\u010dius auga kiekvien\u0105 m\u0117nes\u012f! \u0160iam projektui reikia atlikti labai daug darbo, o tam reikia daugiau paj\u0117gum\u0173. \u0160iuo metu su \u201eRail Baltica\u201c dirba 5-8 ekspertai, kartais pasitelkiame ir laisvai samdomus specialistus.<\/p>\n<p><strong><\/strong><\/p>\n\n                    <\/div>\n    <\/div>\n<\/section>\n<section\n    class=\"overflow-hidden py-5 md:pt-10 md:pb-5 align wp-block-image-block !pt-[0] !pb-[0]\"\n>\n    <div\n        class=\"container relative flex flex-col items-start z-10\"\n    >\n        <div\n            class=\"w-full text-lg text-dark\"\n        >\n                            <img decoding=\"async\"\n        src=\"https:\/\/www.railbaltica.org\/wp-content\/uploads\/2025\/08\/Animal-Passage-300x211-1.jpg\"\n        alt=\"Animal-Passage-300&amp;#215;211\"\n         title=\"Animal-Passage-300&amp;#215;211\"         class=\"block w-auto h-auto max-w-full max-h-[600px]\"\n        loading=\"lazy\"\n    \/>\n                                <\/div>\n    <\/div>\n<\/section>\n<section\n    class=\"py-5 md:py-10 align wp-block-textual-block\"\n>\n    <div\n        class=\"container\"\n    >\n        <div\n            class=\"textual w-full text-xl text-dark break-words [&#038;_span]:!text-dark [&#038;_a]:!text-dark\"\n        >\n                            <p>Ar galite papasakoti kaip suma\u017einamas gele\u017einkelio poveikis aplinkai?<\/strong><\/p>\n<p>Darbas ma\u017einant poveik\u012f aplinkai prasideda jau renkant gele\u017einkelio trasos viet\u0105 \u2013 ji negali kirsti saugom\u0173 gamtos plot\u0173. Labai svarbu prisimint, kad gamtos vertybi\u0173 i\u0161saugojimas yra tiek pat svarbus, kiek ir \u0161io projekto \u012fgyvendinimas. O ten, kur gele\u017einkelis tur\u0117s kirsti svarbias gamtos vietas, pavyzd\u017eiui Salacos sl\u0117nyje, projektuotojai turi parinkti sprendimus, kurie aplink\u0105 paveiks ma\u017eiausiai.<\/p>\n<p>Vidurin\u0117 trasos dalis bus tiesiama palei Kronio \u2013 Dzelv\u0117s pelk\u0119, kurios hidrologines savybes apsaugoti labai svarbu.<\/p>\n<p>Kiekviena vieta pateikia skirtingas u\u017eduotis, bet pagrindinis tikslas i\u0161lieka toks pat \u2013 suderinti gamtos apsaug\u0105 ir gyventoj\u0173 bei ekonominius interesus.<\/p>\n<p><strong>Kaip ma\u017einamas poveikis \u0161alia b\u0117gi\u0173 gyvenantiems \u017emon\u0117ms?<\/strong><\/p>\n<p>Projektas paveiks \u0161alia b\u0117gi\u0173 gyvenan\u010di\u0173 \u017emoni\u0173 mobilum\u0105 \u2013 bus u\u017edaryti kai kurie j\u0173 kasdien naudojami keliai, o gele\u017einkelis d\u0117l saugumo bus atitvertas. Taigi, labai svarbu \u012fvertinti ir \u012fgyvendinti u\u017etektinai sprendim\u0173, kurie su\u0161velnint\u0173 \u0161iuos poky\u010dius. \u201eRail Baltica\u201c projekte numatytos dviej\u0173 lygi\u0173 sankirtos, specialios sankirtos skirtos sunkiajam transporto ir per\u0117jos p\u0117stiesiems bei dviratininkams.<\/p>\n<p>Taip pat yra ir triuk\u0161mo aspektas. \u201eRail Baltica\u201c taps nauju triuk\u0161mo \u0161altiniu, tod\u0117l turime u\u017etikrinti, kad arti gele\u017einkelio esan\u010diose gyvenviet\u0117se nebus vir\u0161yti triuk\u0161mo limitai. Triuk\u0161m\u0105 suma\u017einti pad\u0117s triuk\u0161mo sienel\u0117s ir kiti specialiai tam skirti sprendimai.<\/p>\n<p>Statybos taip pat pakeis dabartin\u012f kra\u0161tovaizd\u012f. Ten, kur dabar matome mi\u0161k\u0105 ar lauk\u0105, atsiras naujas objektas. Kartu su land\u0161afto architektais ir projektuotojais turime surasti subalansuotus sprendimus, kurie gele\u017einkeliui pad\u0117s \u012fsilieti \u012f kra\u0161tovaizd\u012f.<\/p>\n<p><strong>O kaip d\u0117l gyv\u016bn\u0173 ir pauk\u0161\u010di\u0173?<\/strong><\/p>\n<p>Gyv\u016bnas, kaip ir prie\u0161 tai min\u0117jau, bus skirtos specialios per\u0117jos \u2013 mi\u0161ko tiltai dideliems gyv\u016bnams. Jei leis i\u0161saugoti nat\u016bralius migracijos kelius ir apsisaugoti nuo populiacijos izoliacijos skirtingose b\u0117gi\u0173 pus\u0117se.<\/p>\n<p>Kalbant apie pauk\u0161\u010dius, renkant viet\u0105 gele\u017einkeliui buvo sukurtos mikroribojim\u0173 vietos skirtos apsaugoti pauk\u0161\u010diams ir minimizuoti kontakt\u0105 tarp j\u0173 ir gele\u017einkelio. Kalbant apie triuk\u0161mo poveik\u012f pauk\u0161\u010diams, dabar atliekame tyrim\u0105 kaip jis juos paveiks tiek statyb\u0173, tiek eksploatacijos metu. Pavyzd\u017eiui, bus draud\u017eiam\u0105 vykdyti statybos darbus pauk\u0161\u010di\u0173 per\u0117jimo metu. Eksploatuojant gele\u017einkel\u012f ekspertai tur\u0117s nuspr\u0119sti ar reikia imtis papildom\u0173 triuk\u0161mo ma\u017einimo priemoni\u0173. Pavyzd\u017eiui, triuk\u0161mo siena gali padidinti susid\u016brim\u0173 galimyb\u0119, bet tai tur\u0117s b\u016bti \u012fvertinti projektuojant ir parenkant sien\u0173 tipus.<\/p>\n<p><strong>Koki\u0173 inovacij\u0173 atne\u0161 \u0161is projektas?<\/strong><\/p>\n<p>Pavyzd\u017eiui, d\u0117ka \u0161io projekto, Latvijoje buvo nustatyti techniniai gyv\u016bn\u0173 per\u0117j\u0173 projektavimo ir statybos reikalavimai. Be to, \u0161is projektas parodys kaip skirtingi sprendimai gali suma\u017einti poveik\u012f pauk\u0161\u010diams ir kaip sujungti istorinio paveldo i\u0161saugojim\u0105 su naujos infrastrukt\u016bros pl\u0117tra.<\/p>\n<p><strong>K\u0105 patartum\u0117te \u012fmon\u0117ms, kurios svarsto prisid\u0117ti prie \u0161io projekto?<\/strong><\/p>\n<p>Patar\u010diau nebijoti projekto apimties \u2013 projektas sud\u0117tingas ir da\u017enai tenka susidurti su dar nespr\u0119stomis problemomis, o tai rei\u0161kia naujus i\u0161\u0161\u016bkius. Dalyvauti \u201eRB Rail\u201c pirkimuose rei\u0161kia unikali\u0105 galimyb\u0119 dalyvauti pl\u0117tojant am\u017eiaus infrastrukt\u016bros projekt\u0105 ir savo \u017einiomis pad\u0117ti siekti bendro tikslo \u2013 ne tik pastatyti gele\u017einkelio linij\u0105, bet ir atsi\u017evelgti \u012f gyventoj\u0173, gamtos, kult\u016bros istorijos poreikius. \u00a0<\/p>\n\n                    <\/div>\n    <\/div>\n<\/section>\n<section\n    class=\"overflow-hidden py-5 md:pt-5 md:pb-10 align wp-block-button-cta-block !pt-[0]\"\n>\n    <div\n        class=\"container w-full relative flex flex-col items-start z-10\"\n    >\n        <div\n            class=\"w-full border-t border-dark pt-5 mt-4 md:mt-5 md:pt-10\"\n        >\n        <\/div>\n\n                    <a\n        href=\"\/lt\/naujienos\/\"\n                class=\"btn-outline-dark mx-auto\"\n    >\n        \n        Gr\u012f\u017eti \u012f visas naujienas\n        \n        \n    <\/a>\n            <\/div>\n<\/section>\n","protected":false},"excerpt":{"rendered":"<p>K\u0101da ir uz\u0146\u0113muma ELLE loma Rail Baltica projekt\u0101 da\u017e\u0101dos projekta periodos?<\/p>\n","protected":false},"featured_media":12775,"template":"","news_category":[],"class_list":["post-12758","news","type-news","status-publish","has-post-thumbnail","hentry"],"acf":[],"yoast_head":"<!-- This site is optimized with the Yoast SEO plugin v27.5 - https:\/\/yoast.com\/product\/yoast-seo-wordpress\/ -->\n<title>R\u016bpes par cilv\u0113kiem un vidi: Rail Baltica pieeja vides aizsardz\u012bbai - RB<\/title>\n<meta name=\"robots\" content=\"index, follow, max-snippet:-1, max-image-preview:large, max-video-preview:-1\" \/>\n<link rel=\"canonical\" href=\"https:\/\/www.railbaltica.org\/jaunumi\/caring-for-people-and-the-environment-rail-balticas-approach-to-environmental-protection\/\" \/>\n<meta property=\"og:locale\" content=\"lv_LV\" \/>\n<meta property=\"og:type\" content=\"article\" \/>\n<meta property=\"og:title\" content=\"R\u016bpes par cilv\u0113kiem un vidi: Rail Baltica pieeja vides aizsardz\u012bbai - RB\" \/>\n<meta property=\"og:description\" content=\"K\u0101da ir uz\u0146\u0113muma ELLE loma Rail Baltica projekt\u0101 da\u017e\u0101dos projekta periodos?\" \/>\n<meta property=\"og:url\" content=\"https:\/\/www.railbaltica.org\/jaunumi\/caring-for-people-and-the-environment-rail-balticas-approach-to-environmental-protection\/\" \/>\n<meta property=\"og:site_name\" content=\"RB\" \/>\n<meta property=\"article:modified_time\" content=\"2025-08-20T07:32:07+00:00\" \/>\n<meta property=\"og:image\" content=\"https:\/\/www.railbaltica.org\/wp-content\/uploads\/2025\/07\/ELLLE_evija_thumbnail-scaled.jpg\" \/>\n\t<meta property=\"og:image:width\" content=\"2560\" \/>\n\t<meta property=\"og:image:height\" content=\"1440\" \/>\n\t<meta property=\"og:image:type\" content=\"image\/jpeg\" \/>\n<meta name=\"twitter:card\" content=\"summary_large_image\" \/>\n<script type=\"application\/ld+json\" class=\"yoast-schema-graph\">{\"@context\":\"https:\\\/\\\/schema.org\",\"@graph\":[{\"@type\":\"WebPage\",\"@id\":\"https:\\\/\\\/www.railbaltica.org\\\/jaunumi\\\/caring-for-people-and-the-environment-rail-balticas-approach-to-environmental-protection\\\/\",\"url\":\"https:\\\/\\\/www.railbaltica.org\\\/jaunumi\\\/caring-for-people-and-the-environment-rail-balticas-approach-to-environmental-protection\\\/\",\"name\":\"R\u016bpes par cilv\u0113kiem un vidi: Rail Baltica pieeja vides aizsardz\u012bbai - RB\",\"isPartOf\":{\"@id\":\"https:\\\/\\\/www.railbaltica.org\\\/#website\"},\"primaryImageOfPage\":{\"@id\":\"https:\\\/\\\/www.railbaltica.org\\\/jaunumi\\\/caring-for-people-and-the-environment-rail-balticas-approach-to-environmental-protection\\\/#primaryimage\"},\"image\":{\"@id\":\"https:\\\/\\\/www.railbaltica.org\\\/jaunumi\\\/caring-for-people-and-the-environment-rail-balticas-approach-to-environmental-protection\\\/#primaryimage\"},\"thumbnailUrl\":\"https:\\\/\\\/www.railbaltica.org\\\/wp-content\\\/uploads\\\/2025\\\/07\\\/ELLLE_evija_thumbnail-scaled.jpg\",\"datePublished\":\"2020-11-12T10:13:36+00:00\",\"dateModified\":\"2025-08-20T07:32:07+00:00\",\"breadcrumb\":{\"@id\":\"https:\\\/\\\/www.railbaltica.org\\\/jaunumi\\\/caring-for-people-and-the-environment-rail-balticas-approach-to-environmental-protection\\\/#breadcrumb\"},\"inLanguage\":\"lv-LV\",\"potentialAction\":[{\"@type\":\"ReadAction\",\"target\":[\"https:\\\/\\\/www.railbaltica.org\\\/jaunumi\\\/caring-for-people-and-the-environment-rail-balticas-approach-to-environmental-protection\\\/\"]}]},{\"@type\":\"ImageObject\",\"inLanguage\":\"lv-LV\",\"@id\":\"https:\\\/\\\/www.railbaltica.org\\\/jaunumi\\\/caring-for-people-and-the-environment-rail-balticas-approach-to-environmental-protection\\\/#primaryimage\",\"url\":\"https:\\\/\\\/www.railbaltica.org\\\/wp-content\\\/uploads\\\/2025\\\/07\\\/ELLLE_evija_thumbnail-scaled.jpg\",\"contentUrl\":\"https:\\\/\\\/www.railbaltica.org\\\/wp-content\\\/uploads\\\/2025\\\/07\\\/ELLLE_evija_thumbnail-scaled.jpg\",\"width\":2560,\"height\":1440},{\"@type\":\"BreadcrumbList\",\"@id\":\"https:\\\/\\\/www.railbaltica.org\\\/jaunumi\\\/caring-for-people-and-the-environment-rail-balticas-approach-to-environmental-protection\\\/#breadcrumb\",\"itemListElement\":[{\"@type\":\"ListItem\",\"position\":1,\"name\":\"Home\",\"item\":\"https:\\\/\\\/www.railbaltica.org\\\/lv\\\/\"},{\"@type\":\"ListItem\",\"position\":2,\"name\":\"R\u016bpes par cilv\u0113kiem un vidi: Rail Baltica pieeja vides aizsardz\u012bbai\"}]},{\"@type\":\"WebSite\",\"@id\":\"https:\\\/\\\/www.railbaltica.org\\\/#website\",\"url\":\"https:\\\/\\\/www.railbaltica.org\\\/\",\"name\":\"RB\",\"description\":\"\",\"potentialAction\":[{\"@type\":\"SearchAction\",\"target\":{\"@type\":\"EntryPoint\",\"urlTemplate\":\"https:\\\/\\\/www.railbaltica.org\\\/?s={search_term_string}\"},\"query-input\":{\"@type\":\"PropertyValueSpecification\",\"valueRequired\":true,\"valueName\":\"search_term_string\"}}],\"inLanguage\":\"lv-LV\"}]}<\/script>\n<!-- \/ Yoast SEO plugin. -->","yoast_head_json":{"title":"R\u016bpes par cilv\u0113kiem un vidi: Rail Baltica pieeja vides aizsardz\u012bbai - RB","robots":{"index":"index","follow":"follow","max-snippet":"max-snippet:-1","max-image-preview":"max-image-preview:large","max-video-preview":"max-video-preview:-1"},"canonical":"https:\/\/www.railbaltica.org\/jaunumi\/caring-for-people-and-the-environment-rail-balticas-approach-to-environmental-protection\/","og_locale":"lv_LV","og_type":"article","og_title":"R\u016bpes par cilv\u0113kiem un vidi: Rail Baltica pieeja vides aizsardz\u012bbai - RB","og_description":"K\u0101da ir uz\u0146\u0113muma ELLE loma Rail Baltica projekt\u0101 da\u017e\u0101dos projekta periodos?","og_url":"https:\/\/www.railbaltica.org\/jaunumi\/caring-for-people-and-the-environment-rail-balticas-approach-to-environmental-protection\/","og_site_name":"RB","article_modified_time":"2025-08-20T07:32:07+00:00","og_image":[{"width":2560,"height":1440,"url":"https:\/\/www.railbaltica.org\/wp-content\/uploads\/2025\/07\/ELLLE_evija_thumbnail-scaled.jpg","type":"image\/jpeg"}],"twitter_card":"summary_large_image","schema":{"@context":"https:\/\/schema.org","@graph":[{"@type":"WebPage","@id":"https:\/\/www.railbaltica.org\/jaunumi\/caring-for-people-and-the-environment-rail-balticas-approach-to-environmental-protection\/","url":"https:\/\/www.railbaltica.org\/jaunumi\/caring-for-people-and-the-environment-rail-balticas-approach-to-environmental-protection\/","name":"R\u016bpes par cilv\u0113kiem un vidi: Rail Baltica pieeja vides aizsardz\u012bbai - RB","isPartOf":{"@id":"https:\/\/www.railbaltica.org\/#website"},"primaryImageOfPage":{"@id":"https:\/\/www.railbaltica.org\/jaunumi\/caring-for-people-and-the-environment-rail-balticas-approach-to-environmental-protection\/#primaryimage"},"image":{"@id":"https:\/\/www.railbaltica.org\/jaunumi\/caring-for-people-and-the-environment-rail-balticas-approach-to-environmental-protection\/#primaryimage"},"thumbnailUrl":"https:\/\/www.railbaltica.org\/wp-content\/uploads\/2025\/07\/ELLLE_evija_thumbnail-scaled.jpg","datePublished":"2020-11-12T10:13:36+00:00","dateModified":"2025-08-20T07:32:07+00:00","breadcrumb":{"@id":"https:\/\/www.railbaltica.org\/jaunumi\/caring-for-people-and-the-environment-rail-balticas-approach-to-environmental-protection\/#breadcrumb"},"inLanguage":"lv-LV","potentialAction":[{"@type":"ReadAction","target":["https:\/\/www.railbaltica.org\/jaunumi\/caring-for-people-and-the-environment-rail-balticas-approach-to-environmental-protection\/"]}]},{"@type":"ImageObject","inLanguage":"lv-LV","@id":"https:\/\/www.railbaltica.org\/jaunumi\/caring-for-people-and-the-environment-rail-balticas-approach-to-environmental-protection\/#primaryimage","url":"https:\/\/www.railbaltica.org\/wp-content\/uploads\/2025\/07\/ELLLE_evija_thumbnail-scaled.jpg","contentUrl":"https:\/\/www.railbaltica.org\/wp-content\/uploads\/2025\/07\/ELLLE_evija_thumbnail-scaled.jpg","width":2560,"height":1440},{"@type":"BreadcrumbList","@id":"https:\/\/www.railbaltica.org\/jaunumi\/caring-for-people-and-the-environment-rail-balticas-approach-to-environmental-protection\/#breadcrumb","itemListElement":[{"@type":"ListItem","position":1,"name":"Home","item":"https:\/\/www.railbaltica.org\/lv\/"},{"@type":"ListItem","position":2,"name":"R\u016bpes par cilv\u0113kiem un vidi: Rail Baltica pieeja vides aizsardz\u012bbai"}]},{"@type":"WebSite","@id":"https:\/\/www.railbaltica.org\/#website","url":"https:\/\/www.railbaltica.org\/","name":"RB","description":"","potentialAction":[{"@type":"SearchAction","target":{"@type":"EntryPoint","urlTemplate":"https:\/\/www.railbaltica.org\/?s={search_term_string}"},"query-input":{"@type":"PropertyValueSpecification","valueRequired":true,"valueName":"search_term_string"}}],"inLanguage":"lv-LV"}]}},"_links":{"self":[{"href":"https:\/\/www.railbaltica.org\/lv\/wp-json\/wp\/v2\/news\/12758","targetHints":{"allow":["GET"]}}],"collection":[{"href":"https:\/\/www.railbaltica.org\/lv\/wp-json\/wp\/v2\/news"}],"about":[{"href":"https:\/\/www.railbaltica.org\/lv\/wp-json\/wp\/v2\/types\/news"}],"wp:featuredmedia":[{"embeddable":true,"href":"https:\/\/www.railbaltica.org\/lv\/wp-json\/wp\/v2\/media\/12775"}],"wp:attachment":[{"href":"https:\/\/www.railbaltica.org\/lv\/wp-json\/wp\/v2\/media?parent=12758"}],"wp:term":[{"taxonomy":"news_category","embeddable":true,"href":"https:\/\/www.railbaltica.org\/lv\/wp-json\/wp\/v2\/news_category?post=12758"}],"curies":[{"name":"wp","href":"https:\/\/api.w.org\/{rel}","templated":true}]}}