{"id":12693,"date":"2020-09-24T14:58:16","date_gmt":"2020-09-24T14:58:16","guid":{"rendered":"https:\/\/www.railbaltica.org\/news\/verte-labakos-risinajumus-dzelzcela-skersosanai-daugavas-kreisaja-krasta\/"},"modified":"2025-08-21T18:19:30","modified_gmt":"2025-08-21T18:19:30","slug":"verte-labakos-risinajumus-dzelzcela-skersosanai-daugavas-kreisaja-krasta","status":"publish","type":"news","link":"https:\/\/www.railbaltica.org\/lv\/jaunumi\/verte-labakos-risinajumus-dzelzcela-skersosanai-daugavas-kreisaja-krasta\/","title":{"rendered":"V\u0113rt\u0113 lab\u0101kos risin\u0101jumus dzelzce\u013ca \u0161\u0137\u0113rso\u0161anai Daugavas kreisaj\u0101 krast\u0101"},"content":{"rendered":"<section\n    class=\"align wp-block-hero-page-block relative flex overflow-hidden z-10 mt-20 md:mt-52\"\n>\n            <div\n            class=\"container md:!px-14\"\n        >\n            <div\n                class=\"bg-dark text-white rounded p-4 md:p-10\"\n            >\n                                <div\n    class=\"flex justify-between border-t pt-2.5 my-5 text-sm\"\n>\n    <span>Dalies ar jaunumiem\n<\/span>\n    <ul\n        class=\"flex items-center gap-5\"\n    >\n        <li>\n            <a\n                href=\"https:\/\/www.facebook.com\/sharer\/sharer.php?u=https%3A%2F%2Fwww.railbaltica.org%2Flv%2Fjaunumi%2Fverte-labakos-risinajumus-dzelzcela-skersosanai-daugavas-kreisaja-krasta%2F\"\n                target=\"_blank\"\n                rel=\"noopener noreferrer\"\n                aria-label=\"Share on Facebook\"\n                class=\"transition-opacity hover:opacity-75\"\n            >\n                <svg\n                    width=\"20\"\n                    height=\"20\"\n                    viewBox=\"0 0 20 20\"\n                    fill=\"none\"\n                    xmlns=\"http:\/\/www.w3.org\/2000\/svg\"\n                >\n                    <path\n                        d=\"M7.5 6.66667H5V10H7.5V20H11.6667V10H14.7017L15 6.66667H11.6667V5.2775C11.6667 4.48167 11.8267 4.16667 12.5958 4.16667H15V0H11.8267C8.83 0 7.5 1.31917 7.5 3.84583V6.66667Z\"\n                        fill=\"white\"\n                    \/>\n                <\/svg>\n            <\/a>\n        <\/li>\n        <li>\n            <a\n                href=\"https:\/\/twitter.com\/intent\/tweet?url=https%3A%2F%2Fwww.railbaltica.org%2Flv%2Fjaunumi%2Fverte-labakos-risinajumus-dzelzcela-skersosanai-daugavas-kreisaja-krasta%2F&amp;text=V%C4%93rt%C4%93+lab%C4%81kos+risin%C4%81jumus+dzelzce%C4%BCa+%C5%A1%C4%B7%C4%93rso%C5%A1anai+Daugavas+kreisaj%C4%81+krast%C4%81\"\n                target=\"_blank\"\n                rel=\"noopener noreferrer\"\n                aria-label=\"Share on Twitter\"\n                class=\"transition-opacity hover:opacity-75\"\n            >\n                <svg\n                    width=\"20\"\n                    height=\"20\"\n                    viewBox=\"0 0 20 20\"\n                    fill=\"none\"\n                    xmlns=\"http:\/\/www.w3.org\/2000\/svg\"\n                >\n                    <path\n                        d=\"M14.7313 2.68748H17.238L11.763 8.88248L18.2038 17.3125H13.1597L9.20966 12.2L4.68966 17.3125H2.18299L8.03883 10.6866L1.86133 2.68665H7.03216L10.603 7.35998L14.7322 2.68665L14.7313 2.68748ZM13.8522 15.8275H15.2405L6.27716 4.09415H4.78716L13.8522 15.8275Z\"\n                        fill=\"white\"\n                    \/>\n                <\/svg>\n            <\/a>\n        <\/li>\n        <li>\n            <a\n                href=\"https:\/\/www.linkedin.com\/sharing\/share-offsite\/?url=https%3A%2F%2Fwww.railbaltica.org%2Flv%2Fjaunumi%2Fverte-labakos-risinajumus-dzelzcela-skersosanai-daugavas-kreisaja-krasta%2F\"\n                target=\"_blank\"\n                rel=\"noopener noreferrer\"\n                aria-label=\"Share on LinkedIn\"\n                class=\"transition-opacity hover:opacity-75\"\n            >\n                <svg\n                    width=\"20\"\n                    height=\"20\"\n                    viewBox=\"0 0 20 20\"\n                    fill=\"none\"\n                    xmlns=\"http:\/\/www.w3.org\/2000\/svg\"\n                >\n                    <path\n                        d=\"M18.4097 0.000139829H1.46998C1.27956 -0.00250476 1.09049 0.0323869 0.913553 0.102822C0.73662 0.173257 0.575295 0.277857 0.438791 0.410646C0.302287 0.543436 0.193279 0.701814 0.11799 0.876737C0.0427018 1.05166 0.00260836 1.2397 0 1.43012V18.5699C0.00260836 18.7603 0.0427018 18.9483 0.11799 19.1233C0.193279 19.2982 0.302287 19.4566 0.438791 19.5894C0.575295 19.7221 0.73662 19.8267 0.913553 19.8972C1.09049 19.9676 1.27956 20.0025 1.46998 19.9999H18.4097C18.6002 20.0025 18.7892 19.9676 18.9662 19.8972C19.1431 19.8267 19.3044 19.7221 19.4409 19.5894C19.5774 19.4566 19.6864 19.2982 19.7617 19.1233C19.837 18.9483 19.8771 18.7603 19.8797 18.5699V1.43012C19.8771 1.2397 19.837 1.05166 19.7617 0.876737C19.6864 0.701814 19.5774 0.543436 19.4409 0.410646C19.3044 0.277857 19.1431 0.173257 18.9662 0.102822C18.7892 0.0323869 18.6002 -0.00250476 18.4097 0.000139829ZM6.02992 16.7399H3.02996V7.74003H6.02992V16.7399ZM4.52994 6.48005C4.1162 6.48005 3.71942 6.31569 3.42687 6.02314C3.13431 5.73059 2.96996 5.3338 2.96996 4.92007C2.96996 4.50634 3.13431 4.10955 3.42687 3.817C3.71942 3.52445 4.1162 3.36009 4.52994 3.36009C4.74963 3.33518 4.97211 3.35695 5.1828 3.42398C5.3935 3.491 5.58766 3.60178 5.75258 3.74905C5.91749 3.89632 6.04944 4.07676 6.13979 4.27856C6.23013 4.48036 6.27683 4.69897 6.27683 4.92007C6.27683 5.14117 6.23013 5.35978 6.13979 5.56158C6.04944 5.76338 5.91749 5.94382 5.75258 6.09109C5.58766 6.23836 5.3935 6.34914 5.1828 6.41617C4.97211 6.48319 4.74963 6.50496 4.52994 6.48005ZM16.8498 16.7399H13.8498V11.91C13.8498 10.7 13.4198 9.91 12.3298 9.91C11.9925 9.91247 11.664 10.0183 11.3887 10.2132C11.1133 10.4081 10.9043 10.6827 10.7899 11C10.7116 11.235 10.6777 11.4826 10.6899 11.73V16.7299H7.68989V7.73003H10.6899V9.00001C10.9624 8.52713 11.3587 8.13755 11.8363 7.87323C12.3138 7.60892 12.8544 7.47989 13.3998 7.50003C15.3998 7.50003 16.8498 8.79002 16.8498 11.56V16.7399Z\"\n                        fill=\"white\"\n                    \/>\n                <\/svg>\n            <\/a>\n        <\/li>\n        <li>\n            <button\n                type=\"button\"\n                class=\"copy-url-btn relative my-auto flex transition-opacity hover:opacity-75\"\n                data-url=\"https:\/\/www.railbaltica.org\/lv\/jaunumi\/verte-labakos-risinajumus-dzelzcela-skersosanai-daugavas-kreisaja-krasta\/\"\n            >\n                <svg\n                    width=\"21\"\n                    height=\"21\"\n                    viewBox=\"0 0 21 21\"\n                    fill=\"none\"\n                    xmlns=\"http:\/\/www.w3.org\/2000\/svg\"\n                >\n                    <path\n                        d=\"M10.5205 20C15.7661 20 20 15.7455 20 10.4795C20 5.23392 15.7661 1 10.5205 1M10.5205 20C5.25446 20 1 15.7455 1 10.4795C1 5.23392 5.25446 1 10.5205 1M10.5205 20V1M18.7429 5.75H2.26324M18.7958 15.1345H2.21035M1.05135 10.5H19.9486M10.5103 20C13.1333 20 15.25 15.7455 15.25 10.4795C15.25 5.23392 13.1333 1 10.5103 1C7.87697 1 5.75 5.23392 5.75 10.4795C5.75 15.7455 7.87697 20 10.5103 20Z\"\n                        stroke=\"white\"\n                        stroke-linecap=\"round\"\n                        stroke-linejoin=\"round\"\n                    \/>\n                <\/svg>\n                <span\n                    class=\"absolute hidden translate-x-[-10px] translate-y-[30px]\"\n                >Copied!<\/span>\n            <\/button>\n        <\/li>\n    <\/ul>\n<\/div>\n\n                                    <time\n                        datetime=\"\"\n                        class=\"mb-2.5 flex text-xl text-blue\"\n                    >\n                        24.09.2020\n                    <\/time>\n                \n                                    <h1 class='h1 max-w-198'>\n            V\u0113rt\u0113 lab\u0101kos risin\u0101jumus dzelzce\u013ca \u0161\u0137\u0113rso\u0161anai Daugavas kreisaj\u0101 krast\u0101\n        <\/h1>\n                \n                            <\/div>\n        <\/div>\n    <\/section>\n\n<section\n    class=\"overflow-hidden py-5 md:pt-10 md:pb-5 align wp-block-excerpt-block\"\n>\n    <div\n        class=\"container relative flex flex-col items-start z-10 md:text-xl lg:!px-4\"\n    >\n                    <div\n                class=\"textual w-full text-dark text-xl lg:px-12 md:mx-auto md:max-w-222 md:text-xl\"\n            >\n                \u201cRail Baltica projekts ir strat\u0113\u0123iskas noz\u012bmes dzelzce\u013ca infrastrukt\u016bra, k\u0101du b\u016bv\u0113jam reizi simts gados. T\u0101d\u0113\u013c l\u0113mumiem par dzelzce\u013ca trases iek\u013cau\u0161anos R\u012bgas pils\u0113tas telp\u0101 ir j\u0101pieiet ar pien\u0101c\u012bgu r\u016bp\u012bbu, uzklausot visas ieinteres\u0113t\u0101s puses un sabalans\u0113jot v\u0113lmes ar projektam atv\u0113l\u0113to bud\u017eetu. Rail Baltica projekts ir bijis ar\u012b labs katalizators R\u012bgas pils\u0113tas ilgtermi\u0146a pl\u0101no\u0161anas dokumentu izv\u0113rt\u0113\u0161anai un m\u016bsdien\u012bgu transporta pl\u0101no\u0161anas risin\u0101jumu mekl\u0113jumiem. Pa\u0161laik Satiksmes ministrija str\u0101d\u0101 pie R\u012bgas\u2013Pier\u012bgas aglomer\u0101cijas transporta infrastrukt\u016bras uzlabo\u0161anas pl\u0101na, ko var\u0113tu pied\u0101v\u0101t da\u017e\u0101du ES fondu finans\u0113\u0161anai un kur\u0101 var\u0113tu iek\u013caut ar\u012b ar Rail Baltica saist\u012btos multimod\u0101los savienojumus,\u201d atz\u012bst satiksmes ministrs T\u0101lis Linkaits.\n            <\/div>\n            <\/div>\n<\/section>\n\n\n<section\n    class=\"py-5 md:py-10 align wp-block-textual-block\"\n>\n    <div\n        class=\"container\"\n    >\n        <div\n            class=\"textual w-full text-xl text-dark break-words [&#038;_span]:!text-dark [&#038;_a]:!text-dark\"\n        >\n                            <p>22. septembr\u012b, turpinoties Rail Baltica pamata trases projekt\u0113\u0161anai R\u012bg\u0101, projekta att\u012bst\u012bt\u0101ji, R\u012bgas pils\u0113tas pa\u0161vald\u012bba, lok\u0101lpl\u0101nojuma izstr\u0101d\u0101t\u0101ji SIA \u201cGrupa 93\u201d un Satiksmes ministrija iepaz\u012bstin\u0101ja ar pl\u0101notajiem in\u017eeniertehniskajiem risin\u0101jumiem Daugavas kreisaj\u0101 krast\u0101 no Maz\u0101s Nomet\u0146u l\u012bdz Zolit\u016bdes ielai.<\/p>\n<p>Pas\u0101kuma video ieraksts apskat\u0101m \u0161eit:\u00a0<\/p>\n<p><iframe loading=\"lazy\" src=\"\/\/player.vimeo.com\/video\/460885169?title=0&amp;amp;byline=0\" width=\"640\" height=\"360\" frameborder=\"0\" allowfullscreen=\"allowfullscreen\"><\/iframe><\/p>\n<p>Rail Baltica l\u012bnijas projekt\u0113\u0161ana R\u012bg\u0101 ir sasniegusi in\u017eenierizp\u0113tes posmu, kura viens no uzdevumiem ir vienoties ar iesaist\u012btaj\u0101m pus\u0113m par pl\u0101noto \u0161\u0137\u0113rsojumu novietojumu un konceptu\u0101lo risin\u0101jumu veidu. Katra dzelzce\u013ca \u0161\u0137\u0113rsojuma detaliz\u0113ts projekts tiks izstr\u0101d\u0101ts t\u0101l\u0101k\u0101 projekta att\u012bst\u012bbas f\u0101z\u0113, kad tiks sa\u0146emti saisto\u0161ie tehniskie noteikumi.\u200b<\/p>\n<p>\u200b<\/p>\n<p>4 km garaj\u0101 posm\u0101 no Maz\u0101s Nomet\u0146u ielas l\u012bdz Zolit\u016bdes ielai pa\u0161laik ir 10 ofici\u0101li dzelzce\u013ca \u0161\u0137\u0113rsojumi, kurus, pateicoties Rail Baltica projektam, b\u016bs iesp\u0113ja p\u0101rb\u016bv\u0113t atbilsto\u0161i m\u016bsdienu dro\u0161\u012bbas un \u0113rt\u012bbas pras\u012bb\u0101m. \u00a0<\/p>\n<p>Lai p\u0101rrun\u0101tu iedz\u012bvot\u0101ju vajadz\u012bbas un intereses attiec\u012bb\u0101 uz pl\u0101notajiem dzelzce\u013ca \u0161\u0137\u0113rsojumiem \u2013 august\u0101 tika r\u012bkota min\u0113t\u0101 posma apseko\u0161ana kop\u0101 ar apkaimju biedr\u012bbu un NVO p\u0101rst\u0101vjiem. Savuk\u0101rt septembra s\u0101kum\u0101 norisin\u0101j\u0101s s\u0101kotn\u0113jo risin\u0101jumu izv\u0113rt\u0113\u0161ana darba grup\u0101s ar NVO p\u0101rst\u0101vjiem, pa\u0161vald\u012bbas, lok\u0101lp\u013canojuma izstr\u0101d\u0101t\u0101ju SIA \u201cGrupa 93\u201d un Rail Baltica p\u0101rst\u0101vju dal\u012bbu.\u200b<\/p>\n<p>\u200b<\/p>\n<p>NVO p\u0101rst\u0101vji ir sniegu\u0161i b\u016btisku ieguld\u012bjumu vair\u0101kos strat\u0113\u0123iskos jaut\u0101jumos, kas tiks virz\u012bti t\u0101l\u0101kai l\u0113muma pie\u0146em\u0161anai, piem\u0113ram:<\/p>\n<ul>\n<li>Dzelzce\u013ca \u0161\u0137\u0113rsojumus prim\u0101ri paredz\u0113t tunel\u012b, vienlaikus turpm\u0101kaj\u0101 projekt\u0113\u0161anas posm\u0101 detaliz\u0113jot risin\u0101jumus, kas nodro\u0161ina vides pieejam\u012bbu, \u0113rt\u012bbu un dro\u0161\u012bbu;<\/li>\n<li>Imantas stacij\u0101 veidot divus, nevis vienu \u0161\u0137\u0113rsojumu; \u200b<\/li>\n<li>Izveidot jaunu dzelzce\u013ca \u0161\u0137\u0113rsojumu p\u0101rvad\u0101, kas savieno \u0160amp\u0113tera\/Gregora ielas;\u200b<\/li>\n<li>Izv\u0113l\u0113ties piem\u0113rot\u0101ko no diviem iesp\u0113jamajiem \u0161\u0137\u0113rsojumiem Zasulauka stacij\u0101.\u200b<\/li>\n<\/ul>\n<p><strong>atz\u012bst satiksmes ministrs<\/strong> <strong>T\u0101lis Linkaits<\/strong>.<\/p>\n<p>\u200b<\/p>\n<p>\u201cLai gan p\u0113c apjom\u012bg\u0101m diskusij\u0101m Ietekmes uz vidi nov\u0113rt\u0113juma proced\u016bras ietvaros 2016.gad\u0101 trases novietojums Latvijas teritorij\u0101 ir apstiprin\u0101ts, projekta att\u012bst\u012bt\u0101ji nodro\u0161ina iesp\u0113ju ar\u012b projekt\u0113\u0161anas gait\u0101 pilnveidot s\u0101kotn\u0113jos risin\u0101jumus, kas attiecas uz dzelzce\u013ca l\u012bnijas \u0161\u0137\u0113rso\u0161anu,\u201d saka <strong>\u0122irts Bramans, Rail Baltica re\u0123ion\u0101lais vad\u012bt\u0101js Latvij\u0101<\/strong>. \u201cPateicoties sadarb\u012bbai ar viet\u0113jo kopienu p\u0101rst\u0101vjiem, m\u0113s esam piel\u0101goju\u0161i \u0161\u0137\u0113rsojumu novietojumu tuv\u0101k ierastajiem mar\u0161rutiem, k\u0101 ar\u012b guvu\u0161i apstiprin\u0101jumu tam, ka iedz\u012bvot\u0101ji lab\u0101k v\u0113las dzelzce\u013cu \u0161\u0137\u0113rsot labi apgaismotos un lietot\u0101jam draudz\u012bgos tune\u013cos, nevis p\u0101rvados. T\u0101pat esam uzklaus\u012bju\u0161i un t\u0101l\u0101kai apstiprin\u0101\u0161anai virz\u012bsim iedz\u012bvot\u0101ju pied\u0101v\u0101to alternat\u012bvu par jauna un ofici\u0101la dzelzce\u013ca \u0161\u0137\u0113rsojuma izveido\u0161anu, kas savieno \u0160amp\u0113tera un Gregora ielas.\u201d\u00a0<\/p>\n<p>Viens no sare\u017e\u0123\u012bt\u0101kajiem jaut\u0101jumiem \u0161aj\u0101 dzelzce\u013ca posm\u0101 ir pl\u0101notais Anni\u0146mui\u017eas p\u0101rvads, kura \u012bsteno\u0161ana saist\u012bta ar Zolit\u016bdes ielas vienl\u012bme\u0146a dzelzce\u013ca p\u0101rbrauktuves sl\u0113g\u0161anu. Anni\u0146mui\u017eas \u0161\u0137\u0113rsojuma uzdevums ir nodro\u0161in\u0101t \u0113rtu, videi draudz\u012bgu un ilgtsp\u0113j\u012bgas mobilit\u0101tes pras\u012bb\u0101m atbilsto\u0161u viet\u0113jas noz\u012bmes transporta savienojumu starp Zolit\u016bdes un Imantas apkaim\u0113m. G\u0101j\u0113jiem un velobrauc\u0113jiem \u0161aj\u0101 viet\u0101 tiek pl\u0101nots tunelis ar savstarp\u0113ji nodal\u012bt\u0101m pl\u016bsm\u0101m. \u201cTurpm\u0101kaj\u0101 pl\u0101no\u0161anas un projekt\u0113\u0161anas proces\u0101 iedz\u012bvot\u0101ji var\u0113s iesaist\u012bties, lai rastu lab\u0101kos risin\u0101jumus savienojumam, kas iek\u013cautos apk\u0101rtnes ainav\u0101 un publiskaj\u0101 \u0101rtelp\u0101. Lok\u0101lpl\u0101nojuma ietvaros ir secin\u0101ts, ka dzelzce\u013cam piegulo\u0161o za\u013co zonu labiek\u0101rtojuma un apst\u0101d\u012bjumu sist\u0113mas pilnveido\u0161ana ir viens no svar\u012bg\u0101kajiem uzdevumiem apkaimju dz\u012bves vides kvalit\u0101tes uzlabo\u0161anai, piem\u0113ram, \u0161aj\u0101 dzelzce\u013ca posm\u0101, Anni\u0146mui\u017eas me\u017eaparka labiek\u0101rto\u0161ana,\u201d uzsver<strong> Inese Sirm\u0101, R\u012bgas domes Pils\u0113tas att\u012bst\u012bbas departamenta Pils\u0113tvides att\u012bst\u012bbas p\u0101rvaldes vad\u012bt\u0101ja, direktora vietnieka pils\u0113tvides pl\u0101no\u0161anas jaut\u0101jumos\u00a0 p. i.<\/strong><\/p>\n\n                    <\/div>\n    <\/div>\n<\/section>\n\n\n<section\n    class=\"overflow-hidden py-5 md:pt-5 md:pb-10 align wp-block-button-cta-block !pt-[0]\"\n>\n    <div\n        class=\"container w-full relative flex flex-col items-start z-10\"\n    >\n        <div\n            class=\"w-full border-t border-dark pt-5 mt-4 md:mt-5 md:pt-10\"\n        >\n        <\/div>\n\n                    <a\n        href=\"\/lv\/zinas\/\"\n                class=\"btn-outline-dark mx-auto\"\n    >\n        \n        Atpaka\u013c zi\u0146\u0101m\n        \n        \n    <\/a>\n            <\/div>\n<\/section>\n","protected":false},"excerpt":{"rendered":"<p>\u201cRail Baltica projekts ir strat\u0113\u0123iskas noz\u012bmes dzelzce\u013ca infrastrukt\u016bra, k\u0101du b\u016bv\u0113jam reizi simts gados. T\u0101d\u0113\u013c l\u0113mumiem par dzelzce\u013ca trases iek\u013cau\u0161anos R\u012bgas pils\u0113tas telp\u0101 ir j\u0101pieiet ar pien\u0101c\u012bgu r\u016bp\u012bbu, uzklausot visas ieinteres\u0113t\u0101s puses un sabalans\u0113jot v\u0113lmes ar projektam atv\u0113l\u0113to bud\u017eetu. Rail Baltica projekts ir bijis ar\u012b labs katalizators R\u012bgas pils\u0113tas ilgtermi\u0146a pl\u0101no\u0161anas dokumentu izv\u0113rt\u0113\u0161anai un m\u016bsdien\u012bgu transporta pl\u0101no\u0161anas risin\u0101jumu mekl\u0113jumiem. Pa\u0161laik Satiksmes ministrija str\u0101d\u0101 pie R\u012bgas\u2013Pier\u012bgas aglomer\u0101cijas transporta infrastrukt\u016bras uzlabo\u0161anas pl\u0101na, ko var\u0113tu pied\u0101v\u0101t da\u017e\u0101du ES fondu finans\u0113\u0161anai un kur\u0101 var\u0113tu iek\u013caut ar\u012b ar Rail Baltica saist\u012btos multimod\u0101los savienojumus,\u201d atz\u012bst satiksmes ministrs T\u0101lis Linkaits.<\/p>\n","protected":false},"featured_media":29475,"template":"","news_category":[],"class_list":["post-12693","news","type-news","status-publish","has-post-thumbnail","hentry"],"acf":[],"yoast_head":"<!-- This site is optimized with the Yoast SEO plugin v27.5 - https:\/\/yoast.com\/product\/yoast-seo-wordpress\/ -->\n<title>V\u0113rt\u0113 lab\u0101kos risin\u0101jumus dzelzce\u013ca \u0161\u0137\u0113rso\u0161anai Daugavas kreisaj\u0101 krast\u0101 - RB<\/title>\n<meta name=\"robots\" content=\"index, follow, max-snippet:-1, max-image-preview:large, max-video-preview:-1\" \/>\n<link rel=\"canonical\" href=\"https:\/\/www.railbaltica.org\/lv\/jaunumi\/verte-labakos-risinajumus-dzelzcela-skersosanai-daugavas-kreisaja-krasta\/\" \/>\n<meta property=\"og:locale\" content=\"lv_LV\" \/>\n<meta property=\"og:type\" content=\"article\" \/>\n<meta property=\"og:title\" content=\"V\u0113rt\u0113 lab\u0101kos risin\u0101jumus dzelzce\u013ca \u0161\u0137\u0113rso\u0161anai Daugavas kreisaj\u0101 krast\u0101 - RB\" \/>\n<meta property=\"og:description\" content=\"\u201cRail Baltica projekts ir strat\u0113\u0123iskas noz\u012bmes dzelzce\u013ca infrastrukt\u016bra, k\u0101du b\u016bv\u0113jam reizi simts gados. T\u0101d\u0113\u013c l\u0113mumiem par dzelzce\u013ca trases iek\u013cau\u0161anos R\u012bgas pils\u0113tas telp\u0101 ir j\u0101pieiet ar pien\u0101c\u012bgu r\u016bp\u012bbu, uzklausot visas ieinteres\u0113t\u0101s puses un sabalans\u0113jot v\u0113lmes ar projektam atv\u0113l\u0113to bud\u017eetu. Rail Baltica projekts ir bijis ar\u012b labs katalizators R\u012bgas pils\u0113tas ilgtermi\u0146a pl\u0101no\u0161anas dokumentu izv\u0113rt\u0113\u0161anai un m\u016bsdien\u012bgu transporta pl\u0101no\u0161anas risin\u0101jumu mekl\u0113jumiem. Pa\u0161laik Satiksmes ministrija str\u0101d\u0101 pie R\u012bgas\u2013Pier\u012bgas aglomer\u0101cijas transporta infrastrukt\u016bras uzlabo\u0161anas pl\u0101na, ko var\u0113tu pied\u0101v\u0101t da\u017e\u0101du ES fondu finans\u0113\u0161anai un kur\u0101 var\u0113tu iek\u013caut ar\u012b ar Rail Baltica saist\u012btos multimod\u0101los savienojumus,\u201d atz\u012bst satiksmes ministrs T\u0101lis Linkaits.\" \/>\n<meta property=\"og:url\" content=\"https:\/\/www.railbaltica.org\/lv\/jaunumi\/verte-labakos-risinajumus-dzelzcela-skersosanai-daugavas-kreisaja-krasta\/\" \/>\n<meta property=\"og:site_name\" content=\"RB\" \/>\n<meta property=\"article:modified_time\" content=\"2025-08-21T18:19:30+00:00\" \/>\n<meta property=\"og:image\" content=\"https:\/\/www.railbaltica.org\/wp-content\/uploads\/2025\/08\/20200924_150532-scaled.jpg\" \/>\n\t<meta property=\"og:image:width\" content=\"2560\" \/>\n\t<meta property=\"og:image:height\" content=\"1977\" \/>\n\t<meta property=\"og:image:type\" content=\"image\/jpeg\" \/>\n<meta name=\"twitter:card\" content=\"summary_large_image\" \/>\n<script type=\"application\/ld+json\" class=\"yoast-schema-graph\">{\"@context\":\"https:\\\/\\\/schema.org\",\"@graph\":[{\"@type\":\"WebPage\",\"@id\":\"https:\\\/\\\/www.railbaltica.org\\\/lv\\\/jaunumi\\\/verte-labakos-risinajumus-dzelzcela-skersosanai-daugavas-kreisaja-krasta\\\/\",\"url\":\"https:\\\/\\\/www.railbaltica.org\\\/lv\\\/jaunumi\\\/verte-labakos-risinajumus-dzelzcela-skersosanai-daugavas-kreisaja-krasta\\\/\",\"name\":\"V\u0113rt\u0113 lab\u0101kos risin\u0101jumus dzelzce\u013ca \u0161\u0137\u0113rso\u0161anai Daugavas kreisaj\u0101 krast\u0101 - RB\",\"isPartOf\":{\"@id\":\"https:\\\/\\\/www.railbaltica.org\\\/#website\"},\"primaryImageOfPage\":{\"@id\":\"https:\\\/\\\/www.railbaltica.org\\\/lv\\\/jaunumi\\\/verte-labakos-risinajumus-dzelzcela-skersosanai-daugavas-kreisaja-krasta\\\/#primaryimage\"},\"image\":{\"@id\":\"https:\\\/\\\/www.railbaltica.org\\\/lv\\\/jaunumi\\\/verte-labakos-risinajumus-dzelzcela-skersosanai-daugavas-kreisaja-krasta\\\/#primaryimage\"},\"thumbnailUrl\":\"https:\\\/\\\/www.railbaltica.org\\\/wp-content\\\/uploads\\\/2025\\\/08\\\/20200924_150532-scaled.jpg\",\"datePublished\":\"2020-09-24T14:58:16+00:00\",\"dateModified\":\"2025-08-21T18:19:30+00:00\",\"breadcrumb\":{\"@id\":\"https:\\\/\\\/www.railbaltica.org\\\/lv\\\/jaunumi\\\/verte-labakos-risinajumus-dzelzcela-skersosanai-daugavas-kreisaja-krasta\\\/#breadcrumb\"},\"inLanguage\":\"lv-LV\",\"potentialAction\":[{\"@type\":\"ReadAction\",\"target\":[\"https:\\\/\\\/www.railbaltica.org\\\/lv\\\/jaunumi\\\/verte-labakos-risinajumus-dzelzcela-skersosanai-daugavas-kreisaja-krasta\\\/\"]}]},{\"@type\":\"ImageObject\",\"inLanguage\":\"lv-LV\",\"@id\":\"https:\\\/\\\/www.railbaltica.org\\\/lv\\\/jaunumi\\\/verte-labakos-risinajumus-dzelzcela-skersosanai-daugavas-kreisaja-krasta\\\/#primaryimage\",\"url\":\"https:\\\/\\\/www.railbaltica.org\\\/wp-content\\\/uploads\\\/2025\\\/08\\\/20200924_150532-scaled.jpg\",\"contentUrl\":\"https:\\\/\\\/www.railbaltica.org\\\/wp-content\\\/uploads\\\/2025\\\/08\\\/20200924_150532-scaled.jpg\",\"width\":2560,\"height\":1977},{\"@type\":\"BreadcrumbList\",\"@id\":\"https:\\\/\\\/www.railbaltica.org\\\/lv\\\/jaunumi\\\/verte-labakos-risinajumus-dzelzcela-skersosanai-daugavas-kreisaja-krasta\\\/#breadcrumb\",\"itemListElement\":[{\"@type\":\"ListItem\",\"position\":1,\"name\":\"Home\",\"item\":\"https:\\\/\\\/www.railbaltica.org\\\/lv\\\/\"},{\"@type\":\"ListItem\",\"position\":2,\"name\":\"V\u0113rt\u0113 lab\u0101kos risin\u0101jumus dzelzce\u013ca \u0161\u0137\u0113rso\u0161anai Daugavas kreisaj\u0101 krast\u0101\"}]},{\"@type\":\"WebSite\",\"@id\":\"https:\\\/\\\/www.railbaltica.org\\\/#website\",\"url\":\"https:\\\/\\\/www.railbaltica.org\\\/\",\"name\":\"RB\",\"description\":\"\",\"potentialAction\":[{\"@type\":\"SearchAction\",\"target\":{\"@type\":\"EntryPoint\",\"urlTemplate\":\"https:\\\/\\\/www.railbaltica.org\\\/?s={search_term_string}\"},\"query-input\":{\"@type\":\"PropertyValueSpecification\",\"valueRequired\":true,\"valueName\":\"search_term_string\"}}],\"inLanguage\":\"lv-LV\"}]}<\/script>\n<!-- \/ Yoast SEO plugin. -->","yoast_head_json":{"title":"V\u0113rt\u0113 lab\u0101kos risin\u0101jumus dzelzce\u013ca \u0161\u0137\u0113rso\u0161anai Daugavas kreisaj\u0101 krast\u0101 - RB","robots":{"index":"index","follow":"follow","max-snippet":"max-snippet:-1","max-image-preview":"max-image-preview:large","max-video-preview":"max-video-preview:-1"},"canonical":"https:\/\/www.railbaltica.org\/lv\/jaunumi\/verte-labakos-risinajumus-dzelzcela-skersosanai-daugavas-kreisaja-krasta\/","og_locale":"lv_LV","og_type":"article","og_title":"V\u0113rt\u0113 lab\u0101kos risin\u0101jumus dzelzce\u013ca \u0161\u0137\u0113rso\u0161anai Daugavas kreisaj\u0101 krast\u0101 - RB","og_description":"\u201cRail Baltica projekts ir strat\u0113\u0123iskas noz\u012bmes dzelzce\u013ca infrastrukt\u016bra, k\u0101du b\u016bv\u0113jam reizi simts gados. T\u0101d\u0113\u013c l\u0113mumiem par dzelzce\u013ca trases iek\u013cau\u0161anos R\u012bgas pils\u0113tas telp\u0101 ir j\u0101pieiet ar pien\u0101c\u012bgu r\u016bp\u012bbu, uzklausot visas ieinteres\u0113t\u0101s puses un sabalans\u0113jot v\u0113lmes ar projektam atv\u0113l\u0113to bud\u017eetu. Rail Baltica projekts ir bijis ar\u012b labs katalizators R\u012bgas pils\u0113tas ilgtermi\u0146a pl\u0101no\u0161anas dokumentu izv\u0113rt\u0113\u0161anai un m\u016bsdien\u012bgu transporta pl\u0101no\u0161anas risin\u0101jumu mekl\u0113jumiem. Pa\u0161laik Satiksmes ministrija str\u0101d\u0101 pie R\u012bgas\u2013Pier\u012bgas aglomer\u0101cijas transporta infrastrukt\u016bras uzlabo\u0161anas pl\u0101na, ko var\u0113tu pied\u0101v\u0101t da\u017e\u0101du ES fondu finans\u0113\u0161anai un kur\u0101 var\u0113tu iek\u013caut ar\u012b ar Rail Baltica saist\u012btos multimod\u0101los savienojumus,\u201d atz\u012bst satiksmes ministrs T\u0101lis Linkaits.","og_url":"https:\/\/www.railbaltica.org\/lv\/jaunumi\/verte-labakos-risinajumus-dzelzcela-skersosanai-daugavas-kreisaja-krasta\/","og_site_name":"RB","article_modified_time":"2025-08-21T18:19:30+00:00","og_image":[{"width":2560,"height":1977,"url":"https:\/\/www.railbaltica.org\/wp-content\/uploads\/2025\/08\/20200924_150532-scaled.jpg","type":"image\/jpeg"}],"twitter_card":"summary_large_image","schema":{"@context":"https:\/\/schema.org","@graph":[{"@type":"WebPage","@id":"https:\/\/www.railbaltica.org\/lv\/jaunumi\/verte-labakos-risinajumus-dzelzcela-skersosanai-daugavas-kreisaja-krasta\/","url":"https:\/\/www.railbaltica.org\/lv\/jaunumi\/verte-labakos-risinajumus-dzelzcela-skersosanai-daugavas-kreisaja-krasta\/","name":"V\u0113rt\u0113 lab\u0101kos risin\u0101jumus dzelzce\u013ca \u0161\u0137\u0113rso\u0161anai Daugavas kreisaj\u0101 krast\u0101 - RB","isPartOf":{"@id":"https:\/\/www.railbaltica.org\/#website"},"primaryImageOfPage":{"@id":"https:\/\/www.railbaltica.org\/lv\/jaunumi\/verte-labakos-risinajumus-dzelzcela-skersosanai-daugavas-kreisaja-krasta\/#primaryimage"},"image":{"@id":"https:\/\/www.railbaltica.org\/lv\/jaunumi\/verte-labakos-risinajumus-dzelzcela-skersosanai-daugavas-kreisaja-krasta\/#primaryimage"},"thumbnailUrl":"https:\/\/www.railbaltica.org\/wp-content\/uploads\/2025\/08\/20200924_150532-scaled.jpg","datePublished":"2020-09-24T14:58:16+00:00","dateModified":"2025-08-21T18:19:30+00:00","breadcrumb":{"@id":"https:\/\/www.railbaltica.org\/lv\/jaunumi\/verte-labakos-risinajumus-dzelzcela-skersosanai-daugavas-kreisaja-krasta\/#breadcrumb"},"inLanguage":"lv-LV","potentialAction":[{"@type":"ReadAction","target":["https:\/\/www.railbaltica.org\/lv\/jaunumi\/verte-labakos-risinajumus-dzelzcela-skersosanai-daugavas-kreisaja-krasta\/"]}]},{"@type":"ImageObject","inLanguage":"lv-LV","@id":"https:\/\/www.railbaltica.org\/lv\/jaunumi\/verte-labakos-risinajumus-dzelzcela-skersosanai-daugavas-kreisaja-krasta\/#primaryimage","url":"https:\/\/www.railbaltica.org\/wp-content\/uploads\/2025\/08\/20200924_150532-scaled.jpg","contentUrl":"https:\/\/www.railbaltica.org\/wp-content\/uploads\/2025\/08\/20200924_150532-scaled.jpg","width":2560,"height":1977},{"@type":"BreadcrumbList","@id":"https:\/\/www.railbaltica.org\/lv\/jaunumi\/verte-labakos-risinajumus-dzelzcela-skersosanai-daugavas-kreisaja-krasta\/#breadcrumb","itemListElement":[{"@type":"ListItem","position":1,"name":"Home","item":"https:\/\/www.railbaltica.org\/lv\/"},{"@type":"ListItem","position":2,"name":"V\u0113rt\u0113 lab\u0101kos risin\u0101jumus dzelzce\u013ca \u0161\u0137\u0113rso\u0161anai Daugavas kreisaj\u0101 krast\u0101"}]},{"@type":"WebSite","@id":"https:\/\/www.railbaltica.org\/#website","url":"https:\/\/www.railbaltica.org\/","name":"RB","description":"","potentialAction":[{"@type":"SearchAction","target":{"@type":"EntryPoint","urlTemplate":"https:\/\/www.railbaltica.org\/?s={search_term_string}"},"query-input":{"@type":"PropertyValueSpecification","valueRequired":true,"valueName":"search_term_string"}}],"inLanguage":"lv-LV"}]}},"_links":{"self":[{"href":"https:\/\/www.railbaltica.org\/lv\/wp-json\/wp\/v2\/news\/12693","targetHints":{"allow":["GET"]}}],"collection":[{"href":"https:\/\/www.railbaltica.org\/lv\/wp-json\/wp\/v2\/news"}],"about":[{"href":"https:\/\/www.railbaltica.org\/lv\/wp-json\/wp\/v2\/types\/news"}],"wp:featuredmedia":[{"embeddable":true,"href":"https:\/\/www.railbaltica.org\/lv\/wp-json\/wp\/v2\/media\/29475"}],"wp:attachment":[{"href":"https:\/\/www.railbaltica.org\/lv\/wp-json\/wp\/v2\/media?parent=12693"}],"wp:term":[{"taxonomy":"news_category","embeddable":true,"href":"https:\/\/www.railbaltica.org\/lv\/wp-json\/wp\/v2\/news_category?post=12693"}],"curies":[{"name":"wp","href":"https:\/\/api.w.org\/{rel}","templated":true}]}}