{"id":12597,"date":"2020-06-09T12:30:59","date_gmt":"2020-06-09T12:30:59","guid":{"rendered":"https:\/\/www.railbaltica.org\/news\/turpinas-publiska-diskusija-rail-baltica-ka-projekts-rigas-attistibai\/"},"modified":"2025-08-21T18:19:35","modified_gmt":"2025-08-21T18:19:35","slug":"turpinas-publiska-diskusija-rail-baltica-ka-projekts-rigas-attistibai","status":"publish","type":"news","link":"https:\/\/www.railbaltica.org\/lv\/jaunumi\/turpinas-publiska-diskusija-rail-baltica-ka-projekts-rigas-attistibai\/","title":{"rendered":"Turpin\u0101s publisk\u0101 diskusija \u201cRail Baltica k\u0101 projekts R\u012bgas att\u012bst\u012bbai\u201d"},"content":{"rendered":"<section\n    class=\"align wp-block-hero-page-block relative flex overflow-hidden z-10 mt-20 md:mt-52\"\n>\n            <div\n            class=\"container md:!px-14\"\n        >\n            <div\n                class=\"bg-dark text-white rounded p-4 md:p-10\"\n            >\n                                <div\n    class=\"flex justify-between border-t pt-2.5 my-5 text-sm\"\n>\n    <span>Dalies ar jaunumiem\n<\/span>\n    <ul\n        class=\"flex items-center gap-5\"\n    >\n        <li>\n            <a\n                href=\"https:\/\/www.facebook.com\/sharer\/sharer.php?u=https%3A%2F%2Fwww.railbaltica.org%2Flv%2Fjaunumi%2Fturpinas-publiska-diskusija-rail-baltica-ka-projekts-rigas-attistibai%2F\"\n                target=\"_blank\"\n                rel=\"noopener noreferrer\"\n                aria-label=\"Share on Facebook\"\n                class=\"transition-opacity hover:opacity-75\"\n            >\n                <svg\n                    width=\"20\"\n                    height=\"20\"\n                    viewBox=\"0 0 20 20\"\n                    fill=\"none\"\n                    xmlns=\"http:\/\/www.w3.org\/2000\/svg\"\n                >\n                    <path\n                        d=\"M7.5 6.66667H5V10H7.5V20H11.6667V10H14.7017L15 6.66667H11.6667V5.2775C11.6667 4.48167 11.8267 4.16667 12.5958 4.16667H15V0H11.8267C8.83 0 7.5 1.31917 7.5 3.84583V6.66667Z\"\n                        fill=\"white\"\n                    \/>\n                <\/svg>\n            <\/a>\n        <\/li>\n        <li>\n            <a\n                href=\"https:\/\/twitter.com\/intent\/tweet?url=https%3A%2F%2Fwww.railbaltica.org%2Flv%2Fjaunumi%2Fturpinas-publiska-diskusija-rail-baltica-ka-projekts-rigas-attistibai%2F&amp;text=Turpin%C4%81s+publisk%C4%81+diskusija+%E2%80%9CRail+Baltica+k%C4%81+projekts+R%C4%ABgas+att%C4%ABst%C4%ABbai%E2%80%9D\"\n                target=\"_blank\"\n                rel=\"noopener noreferrer\"\n                aria-label=\"Share on Twitter\"\n                class=\"transition-opacity hover:opacity-75\"\n            >\n                <svg\n                    width=\"20\"\n                    height=\"20\"\n                    viewBox=\"0 0 20 20\"\n                    fill=\"none\"\n                    xmlns=\"http:\/\/www.w3.org\/2000\/svg\"\n                >\n                    <path\n                        d=\"M14.7313 2.68748H17.238L11.763 8.88248L18.2038 17.3125H13.1597L9.20966 12.2L4.68966 17.3125H2.18299L8.03883 10.6866L1.86133 2.68665H7.03216L10.603 7.35998L14.7322 2.68665L14.7313 2.68748ZM13.8522 15.8275H15.2405L6.27716 4.09415H4.78716L13.8522 15.8275Z\"\n                        fill=\"white\"\n                    \/>\n                <\/svg>\n            <\/a>\n        <\/li>\n        <li>\n            <a\n                href=\"https:\/\/www.linkedin.com\/sharing\/share-offsite\/?url=https%3A%2F%2Fwww.railbaltica.org%2Flv%2Fjaunumi%2Fturpinas-publiska-diskusija-rail-baltica-ka-projekts-rigas-attistibai%2F\"\n                target=\"_blank\"\n                rel=\"noopener noreferrer\"\n                aria-label=\"Share on LinkedIn\"\n                class=\"transition-opacity hover:opacity-75\"\n            >\n                <svg\n                    width=\"20\"\n                    height=\"20\"\n                    viewBox=\"0 0 20 20\"\n                    fill=\"none\"\n                    xmlns=\"http:\/\/www.w3.org\/2000\/svg\"\n                >\n                    <path\n                        d=\"M18.4097 0.000139829H1.46998C1.27956 -0.00250476 1.09049 0.0323869 0.913553 0.102822C0.73662 0.173257 0.575295 0.277857 0.438791 0.410646C0.302287 0.543436 0.193279 0.701814 0.11799 0.876737C0.0427018 1.05166 0.00260836 1.2397 0 1.43012V18.5699C0.00260836 18.7603 0.0427018 18.9483 0.11799 19.1233C0.193279 19.2982 0.302287 19.4566 0.438791 19.5894C0.575295 19.7221 0.73662 19.8267 0.913553 19.8972C1.09049 19.9676 1.27956 20.0025 1.46998 19.9999H18.4097C18.6002 20.0025 18.7892 19.9676 18.9662 19.8972C19.1431 19.8267 19.3044 19.7221 19.4409 19.5894C19.5774 19.4566 19.6864 19.2982 19.7617 19.1233C19.837 18.9483 19.8771 18.7603 19.8797 18.5699V1.43012C19.8771 1.2397 19.837 1.05166 19.7617 0.876737C19.6864 0.701814 19.5774 0.543436 19.4409 0.410646C19.3044 0.277857 19.1431 0.173257 18.9662 0.102822C18.7892 0.0323869 18.6002 -0.00250476 18.4097 0.000139829ZM6.02992 16.7399H3.02996V7.74003H6.02992V16.7399ZM4.52994 6.48005C4.1162 6.48005 3.71942 6.31569 3.42687 6.02314C3.13431 5.73059 2.96996 5.3338 2.96996 4.92007C2.96996 4.50634 3.13431 4.10955 3.42687 3.817C3.71942 3.52445 4.1162 3.36009 4.52994 3.36009C4.74963 3.33518 4.97211 3.35695 5.1828 3.42398C5.3935 3.491 5.58766 3.60178 5.75258 3.74905C5.91749 3.89632 6.04944 4.07676 6.13979 4.27856C6.23013 4.48036 6.27683 4.69897 6.27683 4.92007C6.27683 5.14117 6.23013 5.35978 6.13979 5.56158C6.04944 5.76338 5.91749 5.94382 5.75258 6.09109C5.58766 6.23836 5.3935 6.34914 5.1828 6.41617C4.97211 6.48319 4.74963 6.50496 4.52994 6.48005ZM16.8498 16.7399H13.8498V11.91C13.8498 10.7 13.4198 9.91 12.3298 9.91C11.9925 9.91247 11.664 10.0183 11.3887 10.2132C11.1133 10.4081 10.9043 10.6827 10.7899 11C10.7116 11.235 10.6777 11.4826 10.6899 11.73V16.7299H7.68989V7.73003H10.6899V9.00001C10.9624 8.52713 11.3587 8.13755 11.8363 7.87323C12.3138 7.60892 12.8544 7.47989 13.3998 7.50003C15.3998 7.50003 16.8498 8.79002 16.8498 11.56V16.7399Z\"\n                        fill=\"white\"\n                    \/>\n                <\/svg>\n            <\/a>\n        <\/li>\n        <li>\n            <button\n                type=\"button\"\n                class=\"copy-url-btn relative my-auto flex transition-opacity hover:opacity-75\"\n                data-url=\"https:\/\/www.railbaltica.org\/lv\/jaunumi\/turpinas-publiska-diskusija-rail-baltica-ka-projekts-rigas-attistibai\/\"\n            >\n                <svg\n                    width=\"21\"\n                    height=\"21\"\n                    viewBox=\"0 0 21 21\"\n                    fill=\"none\"\n                    xmlns=\"http:\/\/www.w3.org\/2000\/svg\"\n                >\n                    <path\n                        d=\"M10.5205 20C15.7661 20 20 15.7455 20 10.4795C20 5.23392 15.7661 1 10.5205 1M10.5205 20C5.25446 20 1 15.7455 1 10.4795C1 5.23392 5.25446 1 10.5205 1M10.5205 20V1M18.7429 5.75H2.26324M18.7958 15.1345H2.21035M1.05135 10.5H19.9486M10.5103 20C13.1333 20 15.25 15.7455 15.25 10.4795C15.25 5.23392 13.1333 1 10.5103 1C7.87697 1 5.75 5.23392 5.75 10.4795C5.75 15.7455 7.87697 20 10.5103 20Z\"\n                        stroke=\"white\"\n                        stroke-linecap=\"round\"\n                        stroke-linejoin=\"round\"\n                    \/>\n                <\/svg>\n                <span\n                    class=\"absolute hidden translate-x-[-10px] translate-y-[30px]\"\n                >Copied!<\/span>\n            <\/button>\n        <\/li>\n    <\/ul>\n<\/div>\n\n                                    <time\n                        datetime=\"\"\n                        class=\"mb-2.5 flex text-xl text-blue\"\n                    >\n                        09.06.2020\n                    <\/time>\n                \n                                    <h1 class='h1 max-w-198'>\n            Turpin\u0101s publisk\u0101 diskusija \u201cRail Baltica k\u0101 projekts R\u012bgas att\u012bst\u012bbai\u201d\n        <\/h1>\n                \n                            <\/div>\n        <\/div>\n    <\/section>\n\n<section\n    class=\"overflow-hidden py-5 md:pt-10 md:pb-5 align wp-block-excerpt-block\"\n>\n    <div\n        class=\"container relative flex flex-col items-start z-10 md:text-xl lg:!px-4\"\n    >\n                    <div\n                class=\"textual w-full text-dark text-xl lg:px-12 md:mx-auto md:max-w-222 md:text-xl\"\n            >\n                15. j\u016bnij\u0101 no pulksten 10:00 l\u012bdz 12:30 notiks publisk\u0101 diskusija \u201cRail Baltica k\u0101 projekts R\u012bgas att\u012bst\u012bbai\u201d. Diskusijas m\u0113r\u0137is ir nodro\u0161in\u0101t iedz\u012bvot\u0101ju, nevalstisko organiz\u0101ciju, apkaimju biedr\u012bbu un citu ieinteres\u0113to pu\u0161u inform\u0113\u0161anu par Rail Baltica projekta integr\u0101ciju R\u012bgas pils\u0113tvid\u0113. Diskusiju cikls ats\u0101kas p\u0113c \u0101rk\u0101rtas situ\u0101cijas ierobe\u017eojumu mazin\u0101\u0161anas. \u00a0\n            <\/div>\n            <\/div>\n<\/section>\n\n\n<section\n    class=\"py-5 md:py-10 align wp-block-textual-block\"\n>\n    <div\n        class=\"container\"\n    >\n        <div\n            class=\"textual w-full text-xl text-dark break-words [&#038;_span]:!text-dark [&#038;_a]:!text-dark\"\n        >\n                            <header>\n<div class=\"intro richtext\">\n<p><b><\/b><\/p>\n<p><b><a href=\"https:\/\/www.railbaltica.org\/wp-content\/uploads\/2025\/08\/Riga-NGO_15062020.pdf\" target=\"_blank\">Pas\u0101kuma prezent\u0101cija<\/a><\/b><\/p>\n<p><a href=\"https:\/\/www.railbaltica.org\/wp-content\/uploads\/2025\/08\/Programma_12_06.pdf\" target=\"_blank\"><b target=\"_blank\">Pas\u0101kuma programma<\/b><\/a><\/p>\n<\/p><\/div>\n<\/header>\n<div class=\"content richtext\">\n<p><img loading=\"lazy\" decoding=\"async\" class=\"alignleft\" src=\"https:\/\/www.railbaltica.org\/info\/admin\/filemanager\/photos\/2\/Slide4Artboard%201.png\" alt=\"\" width=\"360\" height=\"382\">Diskusijas t\u0113ma \u2013 in\u017eenierizp\u0113tes rezult\u0101ti Daugavas kreisaj\u0101 krast\u0101 posmam Jelgavas iela \u2013 Liep\u0101jas iela. \u0160aj\u0101 diskusij\u0101 Rail Baltica projekt\u0113t\u0101ji izkl\u0101st\u012bs in\u017eenierizp\u0113tes rezult\u0101tus par trases novietojuma iesp\u0113j\u0101m posm\u0101 no Jelgavas ielas l\u012bdz Liep\u0101jas ielai, \u012bpa\u0161u uzman\u012bbu veltot dzelzce\u013ca tune\u013ca risin\u0101jumiem un ar to saist\u012btajiem \u0161\u0137\u0113rsojumiem. \u00a0<\/p>\n<p>\u0145emot v\u0113r\u0101 pulc\u0113\u0161an\u0101s ierobe\u017eojumus, publiskaj\u0101 diskusij\u0101 kl\u0101tien\u0113 aicin\u0101tas piedal\u012bties tikai t\u0101s R\u012bgas apkaimju biedr\u012bbas un NVO, kas piedal\u0101s Rail Baltica un NVO sadarb\u012bbas memorandos. Citi interesenti diskusijas tie\u0161raidei var\u0113s sekot l\u012bdzi Rail Baltica m\u0101jas lap\u0101 railbaltica.org, kur b\u016bs iesp\u0113jams ar\u012b uzdot jaut\u0101jumus tie\u0161saistes sarakst\u0113.\u00a0<\/p>\n<p>Diskusij\u0101 piedal\u012bsies, projekta virz\u012bt\u0101ji RB Rail AS, Rail Baltica posma caur R\u012bgu projekt\u0113t\u0101ju p\u0101rst\u0101vji, R\u012bgas pa\u0161vald\u012bba un lok\u0101lpl\u0101nojuma izstr\u0101d\u0101t\u0101ji SIA \u201cGrupa 93\u201d. \u00a0<\/p>\n<p>Diskusijas dal\u012bbniekus aicin\u0101m iev\u0113rot visus noteikt\u0101s dro\u0161as pulc\u0113\u0161an\u0101s rekomend\u0101cijas \u2013 ietur\u0113t distanci, dezinfic\u0113t rokas, neapmekl\u0113t pas\u0101kumu, ja j\u016btaties nevesels. \u00a0<\/p>\n<p>L\u012bdz \u0161im notiku\u0161as divas publisk\u0101s diskusijas par Rail Baltica trasi. 2019. gada 6. decembr\u012b R\u012bgas pa\u0161vald\u012bba pauda savu redz\u0113jumu par \u201dRail Baltica\u201d projekta \u012bsteno\u0161anu galvaspils\u0113tas administrat\u012bvaj\u0101 teritorij\u0101 un ar to saist\u012btaj\u0101m pils\u0113tas att\u012bst\u012bbas iesp\u0113j\u0101m un \u0161. g. 24. janv\u0101r\u012b diskusijas t\u0113ma bija g\u0101j\u0113ju un velo infrastrukt\u016bras savienojumi un publisk\u0101s \u0101rtelpas telpisk\u0101 organiz\u0101cija ap R\u012bgas Centr\u0101lo dzelzce\u013ca staciju. Vair\u0101k inform\u0101cijas un materi\u0101li pieejami Rail Baltica info centr\u0101 www.railbaltica.org\/info un \u00a0R\u012bgas domes Pils\u0113tas att\u012bst\u012bbas departamenta m\u0101jas lap\u0101 www.rdpad.lv. \u00a0<\/p>\n\n                    <\/div>\n    <\/div>\n<\/section>\n\n\n<section\n    class=\"overflow-hidden py-5 md:pt-5 md:pb-10 align wp-block-button-cta-block !pt-[0]\"\n>\n    <div\n        class=\"container w-full relative flex flex-col items-start z-10\"\n    >\n        <div\n            class=\"w-full border-t border-dark pt-5 mt-4 md:mt-5 md:pt-10\"\n        >\n        <\/div>\n\n                    <a\n        href=\"\/lv\/zinas\/\"\n                class=\"btn-outline-dark mx-auto\"\n    >\n        \n        Atpaka\u013c zi\u0146\u0101m\n        \n        \n    <\/a>\n            <\/div>\n<\/section>\n","protected":false},"excerpt":{"rendered":"<p>15. j\u016bnij\u0101 no pulksten 10:00 l\u012bdz 12:30 notiks publisk\u0101 diskusija \u201cRail Baltica k\u0101 projekts R\u012bgas att\u012bst\u012bbai\u201d. Diskusijas m\u0113r\u0137is ir nodro\u0161in\u0101t iedz\u012bvot\u0101ju, nevalstisko organiz\u0101ciju, apkaimju biedr\u012bbu un citu ieinteres\u0113to pu\u0161u inform\u0113\u0161anu par Rail Baltica projekta integr\u0101ciju R\u012bgas pils\u0113tvid\u0113. Diskusiju cikls ats\u0101kas p\u0113c \u0101rk\u0101rtas situ\u0101cijas ierobe\u017eojumu mazin\u0101\u0161anas. \u00a0<\/p>\n","protected":false},"featured_media":29503,"template":"","news_category":[],"class_list":["post-12597","news","type-news","status-publish","has-post-thumbnail","hentry"],"acf":[],"yoast_head":"<!-- This site is optimized with the Yoast SEO plugin v27.5 - https:\/\/yoast.com\/product\/yoast-seo-wordpress\/ -->\n<title>Turpin\u0101s publisk\u0101 diskusija \u201cRail Baltica k\u0101 projekts R\u012bgas att\u012bst\u012bbai\u201d - RB<\/title>\n<meta name=\"robots\" content=\"index, follow, max-snippet:-1, max-image-preview:large, max-video-preview:-1\" \/>\n<link rel=\"canonical\" href=\"https:\/\/www.railbaltica.org\/lv\/jaunumi\/turpinas-publiska-diskusija-rail-baltica-ka-projekts-rigas-attistibai\/\" \/>\n<meta property=\"og:locale\" content=\"lv_LV\" \/>\n<meta property=\"og:type\" content=\"article\" \/>\n<meta property=\"og:title\" content=\"Turpin\u0101s publisk\u0101 diskusija \u201cRail Baltica k\u0101 projekts R\u012bgas att\u012bst\u012bbai\u201d - RB\" \/>\n<meta property=\"og:description\" content=\"15. j\u016bnij\u0101 no pulksten 10:00 l\u012bdz 12:30 notiks publisk\u0101 diskusija \u201cRail Baltica k\u0101 projekts R\u012bgas att\u012bst\u012bbai\u201d. Diskusijas m\u0113r\u0137is ir nodro\u0161in\u0101t iedz\u012bvot\u0101ju, nevalstisko organiz\u0101ciju, apkaimju biedr\u012bbu un citu ieinteres\u0113to pu\u0161u inform\u0113\u0161anu par Rail Baltica projekta integr\u0101ciju R\u012bgas pils\u0113tvid\u0113. Diskusiju cikls ats\u0101kas p\u0113c \u0101rk\u0101rtas situ\u0101cijas ierobe\u017eojumu mazin\u0101\u0161anas. \u00a0\" \/>\n<meta property=\"og:url\" content=\"https:\/\/www.railbaltica.org\/lv\/jaunumi\/turpinas-publiska-diskusija-rail-baltica-ka-projekts-rigas-attistibai\/\" \/>\n<meta property=\"og:site_name\" content=\"RB\" \/>\n<meta property=\"article:modified_time\" content=\"2025-08-21T18:19:35+00:00\" \/>\n<meta property=\"og:image\" content=\"https:\/\/www.railbaltica.org\/wp-content\/uploads\/2025\/08\/Slide4Artboard-1-1024x868.png\" \/>\n\t<meta property=\"og:image:width\" content=\"1024\" \/>\n\t<meta property=\"og:image:height\" content=\"868\" \/>\n\t<meta property=\"og:image:type\" content=\"image\/png\" \/>\n<meta name=\"twitter:card\" content=\"summary_large_image\" \/>\n<script type=\"application\/ld+json\" class=\"yoast-schema-graph\">{\"@context\":\"https:\\\/\\\/schema.org\",\"@graph\":[{\"@type\":\"WebPage\",\"@id\":\"https:\\\/\\\/www.railbaltica.org\\\/lv\\\/jaunumi\\\/turpinas-publiska-diskusija-rail-baltica-ka-projekts-rigas-attistibai\\\/\",\"url\":\"https:\\\/\\\/www.railbaltica.org\\\/lv\\\/jaunumi\\\/turpinas-publiska-diskusija-rail-baltica-ka-projekts-rigas-attistibai\\\/\",\"name\":\"Turpin\u0101s publisk\u0101 diskusija \u201cRail Baltica k\u0101 projekts R\u012bgas att\u012bst\u012bbai\u201d - RB\",\"isPartOf\":{\"@id\":\"https:\\\/\\\/www.railbaltica.org\\\/#website\"},\"primaryImageOfPage\":{\"@id\":\"https:\\\/\\\/www.railbaltica.org\\\/lv\\\/jaunumi\\\/turpinas-publiska-diskusija-rail-baltica-ka-projekts-rigas-attistibai\\\/#primaryimage\"},\"image\":{\"@id\":\"https:\\\/\\\/www.railbaltica.org\\\/lv\\\/jaunumi\\\/turpinas-publiska-diskusija-rail-baltica-ka-projekts-rigas-attistibai\\\/#primaryimage\"},\"thumbnailUrl\":\"https:\\\/\\\/www.railbaltica.org\\\/wp-content\\\/uploads\\\/2025\\\/08\\\/Slide4Artboard-1.png\",\"datePublished\":\"2020-06-09T12:30:59+00:00\",\"dateModified\":\"2025-08-21T18:19:35+00:00\",\"breadcrumb\":{\"@id\":\"https:\\\/\\\/www.railbaltica.org\\\/lv\\\/jaunumi\\\/turpinas-publiska-diskusija-rail-baltica-ka-projekts-rigas-attistibai\\\/#breadcrumb\"},\"inLanguage\":\"lv-LV\",\"potentialAction\":[{\"@type\":\"ReadAction\",\"target\":[\"https:\\\/\\\/www.railbaltica.org\\\/lv\\\/jaunumi\\\/turpinas-publiska-diskusija-rail-baltica-ka-projekts-rigas-attistibai\\\/\"]}]},{\"@type\":\"ImageObject\",\"inLanguage\":\"lv-LV\",\"@id\":\"https:\\\/\\\/www.railbaltica.org\\\/lv\\\/jaunumi\\\/turpinas-publiska-diskusija-rail-baltica-ka-projekts-rigas-attistibai\\\/#primaryimage\",\"url\":\"https:\\\/\\\/www.railbaltica.org\\\/wp-content\\\/uploads\\\/2025\\\/08\\\/Slide4Artboard-1.png\",\"contentUrl\":\"https:\\\/\\\/www.railbaltica.org\\\/wp-content\\\/uploads\\\/2025\\\/08\\\/Slide4Artboard-1.png\",\"width\":1920,\"height\":1627},{\"@type\":\"BreadcrumbList\",\"@id\":\"https:\\\/\\\/www.railbaltica.org\\\/lv\\\/jaunumi\\\/turpinas-publiska-diskusija-rail-baltica-ka-projekts-rigas-attistibai\\\/#breadcrumb\",\"itemListElement\":[{\"@type\":\"ListItem\",\"position\":1,\"name\":\"Home\",\"item\":\"https:\\\/\\\/www.railbaltica.org\\\/lv\\\/\"},{\"@type\":\"ListItem\",\"position\":2,\"name\":\"Turpin\u0101s publisk\u0101 diskusija \u201cRail Baltica k\u0101 projekts R\u012bgas att\u012bst\u012bbai\u201d\"}]},{\"@type\":\"WebSite\",\"@id\":\"https:\\\/\\\/www.railbaltica.org\\\/#website\",\"url\":\"https:\\\/\\\/www.railbaltica.org\\\/\",\"name\":\"RB\",\"description\":\"\",\"potentialAction\":[{\"@type\":\"SearchAction\",\"target\":{\"@type\":\"EntryPoint\",\"urlTemplate\":\"https:\\\/\\\/www.railbaltica.org\\\/?s={search_term_string}\"},\"query-input\":{\"@type\":\"PropertyValueSpecification\",\"valueRequired\":true,\"valueName\":\"search_term_string\"}}],\"inLanguage\":\"lv-LV\"}]}<\/script>\n<!-- \/ Yoast SEO plugin. -->","yoast_head_json":{"title":"Turpin\u0101s publisk\u0101 diskusija \u201cRail Baltica k\u0101 projekts R\u012bgas att\u012bst\u012bbai\u201d - RB","robots":{"index":"index","follow":"follow","max-snippet":"max-snippet:-1","max-image-preview":"max-image-preview:large","max-video-preview":"max-video-preview:-1"},"canonical":"https:\/\/www.railbaltica.org\/lv\/jaunumi\/turpinas-publiska-diskusija-rail-baltica-ka-projekts-rigas-attistibai\/","og_locale":"lv_LV","og_type":"article","og_title":"Turpin\u0101s publisk\u0101 diskusija \u201cRail Baltica k\u0101 projekts R\u012bgas att\u012bst\u012bbai\u201d - RB","og_description":"15. j\u016bnij\u0101 no pulksten 10:00 l\u012bdz 12:30 notiks publisk\u0101 diskusija \u201cRail Baltica k\u0101 projekts R\u012bgas att\u012bst\u012bbai\u201d. Diskusijas m\u0113r\u0137is ir nodro\u0161in\u0101t iedz\u012bvot\u0101ju, nevalstisko organiz\u0101ciju, apkaimju biedr\u012bbu un citu ieinteres\u0113to pu\u0161u inform\u0113\u0161anu par Rail Baltica projekta integr\u0101ciju R\u012bgas pils\u0113tvid\u0113. Diskusiju cikls ats\u0101kas p\u0113c \u0101rk\u0101rtas situ\u0101cijas ierobe\u017eojumu mazin\u0101\u0161anas. \u00a0","og_url":"https:\/\/www.railbaltica.org\/lv\/jaunumi\/turpinas-publiska-diskusija-rail-baltica-ka-projekts-rigas-attistibai\/","og_site_name":"RB","article_modified_time":"2025-08-21T18:19:35+00:00","og_image":[{"width":1024,"height":868,"url":"https:\/\/www.railbaltica.org\/wp-content\/uploads\/2025\/08\/Slide4Artboard-1-1024x868.png","type":"image\/png"}],"twitter_card":"summary_large_image","schema":{"@context":"https:\/\/schema.org","@graph":[{"@type":"WebPage","@id":"https:\/\/www.railbaltica.org\/lv\/jaunumi\/turpinas-publiska-diskusija-rail-baltica-ka-projekts-rigas-attistibai\/","url":"https:\/\/www.railbaltica.org\/lv\/jaunumi\/turpinas-publiska-diskusija-rail-baltica-ka-projekts-rigas-attistibai\/","name":"Turpin\u0101s publisk\u0101 diskusija \u201cRail Baltica k\u0101 projekts R\u012bgas att\u012bst\u012bbai\u201d - RB","isPartOf":{"@id":"https:\/\/www.railbaltica.org\/#website"},"primaryImageOfPage":{"@id":"https:\/\/www.railbaltica.org\/lv\/jaunumi\/turpinas-publiska-diskusija-rail-baltica-ka-projekts-rigas-attistibai\/#primaryimage"},"image":{"@id":"https:\/\/www.railbaltica.org\/lv\/jaunumi\/turpinas-publiska-diskusija-rail-baltica-ka-projekts-rigas-attistibai\/#primaryimage"},"thumbnailUrl":"https:\/\/www.railbaltica.org\/wp-content\/uploads\/2025\/08\/Slide4Artboard-1.png","datePublished":"2020-06-09T12:30:59+00:00","dateModified":"2025-08-21T18:19:35+00:00","breadcrumb":{"@id":"https:\/\/www.railbaltica.org\/lv\/jaunumi\/turpinas-publiska-diskusija-rail-baltica-ka-projekts-rigas-attistibai\/#breadcrumb"},"inLanguage":"lv-LV","potentialAction":[{"@type":"ReadAction","target":["https:\/\/www.railbaltica.org\/lv\/jaunumi\/turpinas-publiska-diskusija-rail-baltica-ka-projekts-rigas-attistibai\/"]}]},{"@type":"ImageObject","inLanguage":"lv-LV","@id":"https:\/\/www.railbaltica.org\/lv\/jaunumi\/turpinas-publiska-diskusija-rail-baltica-ka-projekts-rigas-attistibai\/#primaryimage","url":"https:\/\/www.railbaltica.org\/wp-content\/uploads\/2025\/08\/Slide4Artboard-1.png","contentUrl":"https:\/\/www.railbaltica.org\/wp-content\/uploads\/2025\/08\/Slide4Artboard-1.png","width":1920,"height":1627},{"@type":"BreadcrumbList","@id":"https:\/\/www.railbaltica.org\/lv\/jaunumi\/turpinas-publiska-diskusija-rail-baltica-ka-projekts-rigas-attistibai\/#breadcrumb","itemListElement":[{"@type":"ListItem","position":1,"name":"Home","item":"https:\/\/www.railbaltica.org\/lv\/"},{"@type":"ListItem","position":2,"name":"Turpin\u0101s publisk\u0101 diskusija \u201cRail Baltica k\u0101 projekts R\u012bgas att\u012bst\u012bbai\u201d"}]},{"@type":"WebSite","@id":"https:\/\/www.railbaltica.org\/#website","url":"https:\/\/www.railbaltica.org\/","name":"RB","description":"","potentialAction":[{"@type":"SearchAction","target":{"@type":"EntryPoint","urlTemplate":"https:\/\/www.railbaltica.org\/?s={search_term_string}"},"query-input":{"@type":"PropertyValueSpecification","valueRequired":true,"valueName":"search_term_string"}}],"inLanguage":"lv-LV"}]}},"_links":{"self":[{"href":"https:\/\/www.railbaltica.org\/lv\/wp-json\/wp\/v2\/news\/12597","targetHints":{"allow":["GET"]}}],"collection":[{"href":"https:\/\/www.railbaltica.org\/lv\/wp-json\/wp\/v2\/news"}],"about":[{"href":"https:\/\/www.railbaltica.org\/lv\/wp-json\/wp\/v2\/types\/news"}],"wp:featuredmedia":[{"embeddable":true,"href":"https:\/\/www.railbaltica.org\/lv\/wp-json\/wp\/v2\/media\/29503"}],"wp:attachment":[{"href":"https:\/\/www.railbaltica.org\/lv\/wp-json\/wp\/v2\/media?parent=12597"}],"wp:term":[{"taxonomy":"news_category","embeddable":true,"href":"https:\/\/www.railbaltica.org\/lv\/wp-json\/wp\/v2\/news_category?post=12597"}],"curies":[{"name":"wp","href":"https:\/\/api.w.org\/{rel}","templated":true}]}}