{"id":12330,"date":"2019-09-10T11:15:10","date_gmt":"2019-09-10T11:15:10","guid":{"rendered":"https:\/\/www.railbaltica.org\/news\/paraksta-memorandu-par-sabiedribas-iesaisti-rail-baltica-projektesanas-un-buvniecibas-laika\/"},"modified":"2025-08-21T18:19:43","modified_gmt":"2025-08-21T18:19:43","slug":"paraksta-memorandu-par-sabiedribas-iesaisti-rail-baltica-projektesanas-un-buvniecibas-laika","status":"publish","type":"news","link":"https:\/\/www.railbaltica.org\/lv\/jaunumi\/paraksta-memorandu-par-sabiedribas-iesaisti-rail-baltica-projektesanas-un-buvniecibas-laika\/","title":{"rendered":"Paraksta memorandu par sabiedr\u012bbas iesaisti Rail Baltica projekt\u0113\u0161anas un b\u016bvniec\u012bbas laik\u0101"},"content":{"rendered":"<section\n    class=\"align wp-block-hero-page-block relative flex overflow-hidden z-10 mt-20 md:mt-52\"\n>\n            <div\n            class=\"container md:!px-14\"\n        >\n            <div\n                class=\"bg-dark text-white rounded p-4 md:p-10\"\n            >\n                                <div\n    class=\"flex justify-between border-t pt-2.5 my-5 text-sm\"\n>\n    <span>Dalies ar jaunumiem\n<\/span>\n    <ul\n        class=\"flex items-center gap-5\"\n    >\n        <li>\n            <a\n                href=\"https:\/\/www.facebook.com\/sharer\/sharer.php?u=https%3A%2F%2Fwww.railbaltica.org%2Flv%2Fjaunumi%2Fparaksta-memorandu-par-sabiedribas-iesaisti-rail-baltica-projektesanas-un-buvniecibas-laika%2F\"\n                target=\"_blank\"\n                rel=\"noopener noreferrer\"\n                aria-label=\"Share on Facebook\"\n                class=\"transition-opacity hover:opacity-75\"\n            >\n                <svg\n                    width=\"20\"\n                    height=\"20\"\n                    viewBox=\"0 0 20 20\"\n                    fill=\"none\"\n                    xmlns=\"http:\/\/www.w3.org\/2000\/svg\"\n                >\n                    <path\n                        d=\"M7.5 6.66667H5V10H7.5V20H11.6667V10H14.7017L15 6.66667H11.6667V5.2775C11.6667 4.48167 11.8267 4.16667 12.5958 4.16667H15V0H11.8267C8.83 0 7.5 1.31917 7.5 3.84583V6.66667Z\"\n                        fill=\"white\"\n                    \/>\n                <\/svg>\n            <\/a>\n        <\/li>\n        <li>\n            <a\n                href=\"https:\/\/twitter.com\/intent\/tweet?url=https%3A%2F%2Fwww.railbaltica.org%2Flv%2Fjaunumi%2Fparaksta-memorandu-par-sabiedribas-iesaisti-rail-baltica-projektesanas-un-buvniecibas-laika%2F&amp;text=Paraksta+memorandu+par+sabiedr%C4%ABbas+iesaisti+Rail+Baltica+projekt%C4%93%C5%A1anas+un+b%C5%ABvniec%C4%ABbas+laik%C4%81\"\n                target=\"_blank\"\n                rel=\"noopener noreferrer\"\n                aria-label=\"Share on Twitter\"\n                class=\"transition-opacity hover:opacity-75\"\n            >\n                <svg\n                    width=\"20\"\n                    height=\"20\"\n                    viewBox=\"0 0 20 20\"\n                    fill=\"none\"\n                    xmlns=\"http:\/\/www.w3.org\/2000\/svg\"\n                >\n                    <path\n                        d=\"M14.7313 2.68748H17.238L11.763 8.88248L18.2038 17.3125H13.1597L9.20966 12.2L4.68966 17.3125H2.18299L8.03883 10.6866L1.86133 2.68665H7.03216L10.603 7.35998L14.7322 2.68665L14.7313 2.68748ZM13.8522 15.8275H15.2405L6.27716 4.09415H4.78716L13.8522 15.8275Z\"\n                        fill=\"white\"\n                    \/>\n                <\/svg>\n            <\/a>\n        <\/li>\n        <li>\n            <a\n                href=\"https:\/\/www.linkedin.com\/sharing\/share-offsite\/?url=https%3A%2F%2Fwww.railbaltica.org%2Flv%2Fjaunumi%2Fparaksta-memorandu-par-sabiedribas-iesaisti-rail-baltica-projektesanas-un-buvniecibas-laika%2F\"\n                target=\"_blank\"\n                rel=\"noopener noreferrer\"\n                aria-label=\"Share on LinkedIn\"\n                class=\"transition-opacity hover:opacity-75\"\n            >\n                <svg\n                    width=\"20\"\n                    height=\"20\"\n                    viewBox=\"0 0 20 20\"\n                    fill=\"none\"\n                    xmlns=\"http:\/\/www.w3.org\/2000\/svg\"\n                >\n                    <path\n                        d=\"M18.4097 0.000139829H1.46998C1.27956 -0.00250476 1.09049 0.0323869 0.913553 0.102822C0.73662 0.173257 0.575295 0.277857 0.438791 0.410646C0.302287 0.543436 0.193279 0.701814 0.11799 0.876737C0.0427018 1.05166 0.00260836 1.2397 0 1.43012V18.5699C0.00260836 18.7603 0.0427018 18.9483 0.11799 19.1233C0.193279 19.2982 0.302287 19.4566 0.438791 19.5894C0.575295 19.7221 0.73662 19.8267 0.913553 19.8972C1.09049 19.9676 1.27956 20.0025 1.46998 19.9999H18.4097C18.6002 20.0025 18.7892 19.9676 18.9662 19.8972C19.1431 19.8267 19.3044 19.7221 19.4409 19.5894C19.5774 19.4566 19.6864 19.2982 19.7617 19.1233C19.837 18.9483 19.8771 18.7603 19.8797 18.5699V1.43012C19.8771 1.2397 19.837 1.05166 19.7617 0.876737C19.6864 0.701814 19.5774 0.543436 19.4409 0.410646C19.3044 0.277857 19.1431 0.173257 18.9662 0.102822C18.7892 0.0323869 18.6002 -0.00250476 18.4097 0.000139829ZM6.02992 16.7399H3.02996V7.74003H6.02992V16.7399ZM4.52994 6.48005C4.1162 6.48005 3.71942 6.31569 3.42687 6.02314C3.13431 5.73059 2.96996 5.3338 2.96996 4.92007C2.96996 4.50634 3.13431 4.10955 3.42687 3.817C3.71942 3.52445 4.1162 3.36009 4.52994 3.36009C4.74963 3.33518 4.97211 3.35695 5.1828 3.42398C5.3935 3.491 5.58766 3.60178 5.75258 3.74905C5.91749 3.89632 6.04944 4.07676 6.13979 4.27856C6.23013 4.48036 6.27683 4.69897 6.27683 4.92007C6.27683 5.14117 6.23013 5.35978 6.13979 5.56158C6.04944 5.76338 5.91749 5.94382 5.75258 6.09109C5.58766 6.23836 5.3935 6.34914 5.1828 6.41617C4.97211 6.48319 4.74963 6.50496 4.52994 6.48005ZM16.8498 16.7399H13.8498V11.91C13.8498 10.7 13.4198 9.91 12.3298 9.91C11.9925 9.91247 11.664 10.0183 11.3887 10.2132C11.1133 10.4081 10.9043 10.6827 10.7899 11C10.7116 11.235 10.6777 11.4826 10.6899 11.73V16.7299H7.68989V7.73003H10.6899V9.00001C10.9624 8.52713 11.3587 8.13755 11.8363 7.87323C12.3138 7.60892 12.8544 7.47989 13.3998 7.50003C15.3998 7.50003 16.8498 8.79002 16.8498 11.56V16.7399Z\"\n                        fill=\"white\"\n                    \/>\n                <\/svg>\n            <\/a>\n        <\/li>\n        <li>\n            <button\n                type=\"button\"\n                class=\"copy-url-btn relative my-auto flex transition-opacity hover:opacity-75\"\n                data-url=\"https:\/\/www.railbaltica.org\/lv\/jaunumi\/paraksta-memorandu-par-sabiedribas-iesaisti-rail-baltica-projektesanas-un-buvniecibas-laika\/\"\n            >\n                <svg\n                    width=\"21\"\n                    height=\"21\"\n                    viewBox=\"0 0 21 21\"\n                    fill=\"none\"\n                    xmlns=\"http:\/\/www.w3.org\/2000\/svg\"\n                >\n                    <path\n                        d=\"M10.5205 20C15.7661 20 20 15.7455 20 10.4795C20 5.23392 15.7661 1 10.5205 1M10.5205 20C5.25446 20 1 15.7455 1 10.4795C1 5.23392 5.25446 1 10.5205 1M10.5205 20V1M18.7429 5.75H2.26324M18.7958 15.1345H2.21035M1.05135 10.5H19.9486M10.5103 20C13.1333 20 15.25 15.7455 15.25 10.4795C15.25 5.23392 13.1333 1 10.5103 1C7.87697 1 5.75 5.23392 5.75 10.4795C5.75 15.7455 7.87697 20 10.5103 20Z\"\n                        stroke=\"white\"\n                        stroke-linecap=\"round\"\n                        stroke-linejoin=\"round\"\n                    \/>\n                <\/svg>\n                <span\n                    class=\"absolute hidden translate-x-[-10px] translate-y-[30px]\"\n                >Copied!<\/span>\n            <\/button>\n        <\/li>\n    <\/ul>\n<\/div>\n\n                                    <time\n                        datetime=\"\"\n                        class=\"mb-2.5 flex text-xl text-blue\"\n                    >\n                        10.09.2019\n                    <\/time>\n                \n                                    <h1 class='h1 max-w-198'>\n            Paraksta memorandu par sabiedr\u012bbas iesaisti Rail Baltica projekt\u0113\u0161anas un b\u016bvniec\u012bbas laik\u0101\n        <\/h1>\n                \n                            <\/div>\n        <\/div>\n    <\/section>\n\n<section\n    class=\"overflow-hidden py-5 md:pt-10 md:pb-5 align wp-block-excerpt-block\"\n>\n    <div\n        class=\"container relative flex flex-col items-start z-10 md:text-xl lg:!px-4\"\n    >\n                    <div\n                class=\"textual w-full text-dark text-xl lg:px-12 md:mx-auto md:max-w-222 md:text-xl\"\n            >\n                2019. gada 5. septembr\u012b Rail Baltica projekta ievies\u0113ji un vair\u0101ku nevalstisko organiz\u0101ciju p\u0101rst\u0101vji vienoj\u0101s par regul\u0101ru inform\u0101cijas apmai\u0146u, savstarp\u0113ju konsult\u0113\u0161anos un iesaisti Rail Baltica projekta \u012bsteno\u0161anas gait\u0101, parakstot kop\u012bgu sadarb\u012bbas memorandu.\n            <\/div>\n            <\/div>\n<\/section>\n<section\n    class=\"py-5 md:py-10 align wp-block-textual-block\"\n>\n    <div\n        class=\"container\"\n    >\n        <div\n            class=\"textual w-full text-xl text-dark break-words [&#038;_span]:!text-dark [&#038;_a]:!text-dark\"\n        >\n                            <p><strong><a href=\"https:\/\/www.railbaltica.org\/wp-content\/uploads\/2025\/08\/Memorandum_LV_NGOs_2019_september.pdf\" target=\"_blank\">sadarb\u012bbas memorandu<\/a>. <\/strong><\/p>\n<p>Sadarb\u012bbas memorands paredz regul\u0101ras tik\u0161an\u0101s un inform\u0101cijas apmai\u0146u par projekta progresu, tehniskajiem risin\u0101jumiem un ieskatu n\u0101kotnes pl\u0101nos un izaicin\u0101jumos. Uzman\u012bbu v\u0113rs\u012bs ar\u012b uz projekt\u0113\u0161anas gait\u0101 izstr\u0101d\u0101to infrastrukt\u016bras objektu un pamattrases novietojuma variantu un alternat\u012bvu izv\u0113rt\u0113\u0161anu un viedok\u013cu apmai\u0146u par <strong><em>Rail Baltica<\/em><\/strong> projekt\u0113\u0161anas, b\u016bvniec\u012bbas un infrastrukt\u016bras p\u0101rvald\u012bbas aktualit\u0101t\u0113m, tai skait\u0101 re\u0123ion\u0101lo pieturu izvietojumu Latvij\u0101. <\/p>\n<p>Memorandu ar Satiksmes ministriju, SIA Eiropas dzelzce\u013ca l\u012bnijas un RB Rail AS parakst\u012bja devi\u0146as organiz\u0101cijas \u2013 Anni\u0146mui\u017eas apkaimes un rado\u0161\u0101s iniciat\u012bvas biedr\u012bba \u201cRiga Annenhof\u201d, \u0100genskalna apkaimes biedr\u012bba, Inval\u012bdu un vi\u0146u draugu apvien\u012bba \u201cApeirons\u201d, Bieri\u0146u apkaimes att\u012bst\u012bbas biedr\u012bba, Latvijas Rite\u0146brauc\u0113ju apvien\u012bba, Apvien\u012bba \u201cPils\u0113ta cilv\u0113kiem\u201d, Tor\u0146akalna att\u012bst\u012bbas biedr\u012bba, biedr\u012bba \u201cZasulaukam un \u0160amp\u0113terim\u201d un pils\u0113tpl\u0101not\u0101ji SIA \u201cGrupa 93\u201d.<\/p>\n<p>\u201cNosl\u0113gtais memorands ir labs piem\u0113rs, k\u0101 da\u017e\u0101das sabiedr\u012bbas grupas savlaic\u012bgi iesaist\u012bt noz\u012bm\u012bgu projektu realiz\u0101cij\u0101. Svar\u012bgi, ka tas ir ne tikai form\u0101ls solis, bet jau pirms memoranda parakst\u012b\u0161anas ir s\u0101kta re\u0101la sadarb\u012bba un inform\u0101cijas apmai\u0146a ar projekta \u012bstenot\u0101jiem\u201d, saka Roberts K\u0101rkli\u0146\u0161, \u0100genskalna apkaimes biedr\u012bbas valdes priek\u0161s\u0113d\u0113t\u0101js. \u201c\u0100genskalna apkaimes biedr\u012bba, str\u0101d\u0101jot memoranda ietvaros, saredz iesp\u0113ju ar priek\u0161likumiem pal\u012bdz\u0113t projekta \u012bstenot\u0101jiem non\u0101kt pie risin\u0101jumiem, kas \u013caus \u0100genskalnam un cit\u0101m P\u0101rdaugavas apkaim\u0113m saglab\u0101t t\u0101m rakstur\u012bgo vidi un vienlaikus nodro\u0161in\u0101s ar\u012b jaunas mobilit\u0101tes iesp\u0113jas.\u201d<\/p>\n<p>Sadarb\u012bbas ietvaros pl\u0101nota ar\u012b kop\u012bgu pas\u0101kumu organiz\u0113\u0161ana un <em>Rail Baltica<\/em> v\u0113stne\u0161u t\u012bkla izveide, ar kuru pal\u012bdz\u012bbu inform\u0101cija par projektu tiks nog\u0101d\u0101ta pla\u0161\u0101kai auditorijai, lai veicin\u0101tu Rail Baltica dzelzce\u013ca l\u012bnijas atpaz\u012bstam\u012bbu un piev\u0113rstu da\u017e\u0101du soci\u0101lo grupu uzman\u012bbu projekt\u0101 paredz\u0113tajiem risin\u0101jumiem, pl\u0101niem un aktualit\u0101t\u0113m. <\/p>\n<p>Memorands ir atv\u0113rts un tam var pievienoties ar\u012b citas sabiedrisk\u0101s organiz\u0101cijas, kuras p\u0101rst\u0101v iedz\u012bvot\u0101ju un vides intereses. <\/p>\n<ul class=\"wp-block-gallery columns-3 is-cropped\">\n<li class=\"blocks-gallery-item\"><\/ul>\n\n                    <\/div>\n    <\/div>\n<\/section>\n\n\n<section\n    class=\"overflow-hidden py-5 md:pt-10 md:pb-5 align wp-block-image-block !pt-[0] !pb-[0]\"\n>\n    <div\n        class=\"container relative flex flex-col items-start z-10\"\n    >\n        <div\n            class=\"w-full text-lg text-dark\"\n        >\n                            <img decoding=\"async\"\n        src=\"https:\/\/www.railbaltica.org\/wp-content\/uploads\/2025\/07\/IMG_1142-scaled.jpg\"\n        alt=\"IMG_1142\"\n         title=\"IMG_1142\"         class=\"block w-auto h-auto max-w-full max-h-[600px]\"\n        loading=\"lazy\"\n    \/>\n                                <\/div>\n    <\/div>\n<\/section>\n\n\n<section\n    class=\"overflow-hidden py-5 md:pt-10 md:pb-5 align wp-block-image-block !pt-[0] !pb-[0]\"\n>\n    <div\n        class=\"container relative flex flex-col items-start z-10\"\n    >\n        <div\n            class=\"w-full text-lg text-dark\"\n        >\n                            <img decoding=\"async\"\n        src=\"https:\/\/www.railbaltica.org\/wp-content\/uploads\/2025\/07\/IMG_1154-scaled.jpg\"\n        alt=\"IMG_1154\"\n         title=\"IMG_1154\"         class=\"block w-auto h-auto max-w-full max-h-[600px]\"\n        loading=\"lazy\"\n    \/>\n                                <\/div>\n    <\/div>\n<\/section>\n\n\n<section\n    class=\"py-5 md:py-10 align wp-block-textual-block\"\n>\n    <div\n        class=\"container\"\n    >\n        <div\n            class=\"textual w-full text-xl text-dark break-words [&#038;_span]:!text-dark [&#038;_a]:!text-dark\"\n        >\n                            <\/li>\n<li class=\"blocks-gallery-item\">\n\n                    <\/div>\n    <\/div>\n<\/section>\n\n\n<section\n    class=\"overflow-hidden py-5 md:pt-10 md:pb-5 align wp-block-image-block !pt-[0] !pb-[0]\"\n>\n    <div\n        class=\"container relative flex flex-col items-start z-10\"\n    >\n        <div\n            class=\"w-full text-lg text-dark\"\n        >\n                            <img decoding=\"async\"\n        src=\"https:\/\/www.railbaltica.org\/wp-content\/uploads\/2025\/07\/IMG_1201-scaled.jpg\"\n        alt=\"IMG_1201\"\n         title=\"IMG_1201\"         class=\"block w-auto h-auto max-w-full max-h-[600px]\"\n        loading=\"lazy\"\n    \/>\n                                <\/div>\n    <\/div>\n<\/section>\n\n\n<section\n    class=\"py-5 md:py-10 align wp-block-textual-block\"\n>\n    <div\n        class=\"container\"\n    >\n        <div\n            class=\"textual w-full text-xl text-dark break-words [&#038;_span]:!text-dark [&#038;_a]:!text-dark\"\n        >\n                            <\/li>\n<\/ul>\n\n                    <\/div>\n    <\/div>\n<\/section>\n\n\n<section\n    class=\"overflow-hidden py-5 md:pt-5 md:pb-10 align wp-block-button-cta-block !pt-[0]\"\n>\n    <div\n        class=\"container w-full relative flex flex-col items-start z-10\"\n    >\n        <div\n            class=\"w-full border-t border-dark pt-5 mt-4 md:mt-5 md:pt-10\"\n        >\n        <\/div>\n\n                    <a\n        href=\"\/lv\/zinas\/\"\n                class=\"btn-outline-dark mx-auto\"\n    >\n        \n        Atpaka\u013c zi\u0146\u0101m\n        \n        \n    <\/a>\n            <\/div>\n<\/section>\n","protected":false},"excerpt":{"rendered":"<p>2019. gada 5. septembr\u012b Rail Baltica projekta ievies\u0113ji un vair\u0101ku nevalstisko organiz\u0101ciju p\u0101rst\u0101vji vienoj\u0101s par regul\u0101ru inform\u0101cijas apmai\u0146u, savstarp\u0113ju konsult\u0113\u0161anos un iesaisti Rail Baltica projekta \u012bsteno\u0161anas gait\u0101, parakstot kop\u012bgu sadarb\u012bbas memorandu.<\/p>\n","protected":false},"featured_media":4351,"template":"","news_category":[],"class_list":["post-12330","news","type-news","status-publish","has-post-thumbnail","hentry"],"acf":[],"yoast_head":"<!-- This site is optimized with the Yoast SEO plugin v27.5 - https:\/\/yoast.com\/product\/yoast-seo-wordpress\/ -->\n<title>Paraksta memorandu par sabiedr\u012bbas iesaisti Rail Baltica projekt\u0113\u0161anas un b\u016bvniec\u012bbas laik\u0101 - RB<\/title>\n<meta name=\"robots\" content=\"index, follow, max-snippet:-1, max-image-preview:large, max-video-preview:-1\" \/>\n<link rel=\"canonical\" href=\"https:\/\/www.railbaltica.org\/lv\/jaunumi\/paraksta-memorandu-par-sabiedribas-iesaisti-rail-baltica-projektesanas-un-buvniecibas-laika\/\" \/>\n<meta property=\"og:locale\" content=\"lv_LV\" \/>\n<meta property=\"og:type\" content=\"article\" \/>\n<meta property=\"og:title\" content=\"Paraksta memorandu par sabiedr\u012bbas iesaisti Rail Baltica projekt\u0113\u0161anas un b\u016bvniec\u012bbas laik\u0101 - RB\" \/>\n<meta property=\"og:description\" content=\"2019. gada 5. septembr\u012b Rail Baltica projekta ievies\u0113ji un vair\u0101ku nevalstisko organiz\u0101ciju p\u0101rst\u0101vji vienoj\u0101s par regul\u0101ru inform\u0101cijas apmai\u0146u, savstarp\u0113ju konsult\u0113\u0161anos un iesaisti Rail Baltica projekta \u012bsteno\u0161anas gait\u0101, parakstot kop\u012bgu sadarb\u012bbas memorandu.\" \/>\n<meta property=\"og:url\" content=\"https:\/\/www.railbaltica.org\/lv\/jaunumi\/paraksta-memorandu-par-sabiedribas-iesaisti-rail-baltica-projektesanas-un-buvniecibas-laika\/\" \/>\n<meta property=\"og:site_name\" content=\"RB\" \/>\n<meta property=\"article:modified_time\" content=\"2025-08-21T18:19:43+00:00\" \/>\n<meta property=\"og:image\" content=\"https:\/\/www.railbaltica.org\/wp-content\/uploads\/2025\/07\/IMG_1201-scaled.jpg\" \/>\n\t<meta property=\"og:image:width\" content=\"2560\" \/>\n\t<meta property=\"og:image:height\" content=\"1707\" \/>\n\t<meta property=\"og:image:type\" content=\"image\/jpeg\" \/>\n<meta name=\"twitter:card\" content=\"summary_large_image\" \/>\n<script type=\"application\/ld+json\" class=\"yoast-schema-graph\">{\"@context\":\"https:\\\/\\\/schema.org\",\"@graph\":[{\"@type\":\"WebPage\",\"@id\":\"https:\\\/\\\/www.railbaltica.org\\\/lv\\\/jaunumi\\\/paraksta-memorandu-par-sabiedribas-iesaisti-rail-baltica-projektesanas-un-buvniecibas-laika\\\/\",\"url\":\"https:\\\/\\\/www.railbaltica.org\\\/lv\\\/jaunumi\\\/paraksta-memorandu-par-sabiedribas-iesaisti-rail-baltica-projektesanas-un-buvniecibas-laika\\\/\",\"name\":\"Paraksta memorandu par sabiedr\u012bbas iesaisti Rail Baltica projekt\u0113\u0161anas un b\u016bvniec\u012bbas laik\u0101 - RB\",\"isPartOf\":{\"@id\":\"https:\\\/\\\/www.railbaltica.org\\\/#website\"},\"primaryImageOfPage\":{\"@id\":\"https:\\\/\\\/www.railbaltica.org\\\/lv\\\/jaunumi\\\/paraksta-memorandu-par-sabiedribas-iesaisti-rail-baltica-projektesanas-un-buvniecibas-laika\\\/#primaryimage\"},\"image\":{\"@id\":\"https:\\\/\\\/www.railbaltica.org\\\/lv\\\/jaunumi\\\/paraksta-memorandu-par-sabiedribas-iesaisti-rail-baltica-projektesanas-un-buvniecibas-laika\\\/#primaryimage\"},\"thumbnailUrl\":\"https:\\\/\\\/www.railbaltica.org\\\/wp-content\\\/uploads\\\/2025\\\/07\\\/IMG_1201-scaled.jpg\",\"datePublished\":\"2019-09-10T11:15:10+00:00\",\"dateModified\":\"2025-08-21T18:19:43+00:00\",\"breadcrumb\":{\"@id\":\"https:\\\/\\\/www.railbaltica.org\\\/lv\\\/jaunumi\\\/paraksta-memorandu-par-sabiedribas-iesaisti-rail-baltica-projektesanas-un-buvniecibas-laika\\\/#breadcrumb\"},\"inLanguage\":\"lv-LV\",\"potentialAction\":[{\"@type\":\"ReadAction\",\"target\":[\"https:\\\/\\\/www.railbaltica.org\\\/lv\\\/jaunumi\\\/paraksta-memorandu-par-sabiedribas-iesaisti-rail-baltica-projektesanas-un-buvniecibas-laika\\\/\"]}]},{\"@type\":\"ImageObject\",\"inLanguage\":\"lv-LV\",\"@id\":\"https:\\\/\\\/www.railbaltica.org\\\/lv\\\/jaunumi\\\/paraksta-memorandu-par-sabiedribas-iesaisti-rail-baltica-projektesanas-un-buvniecibas-laika\\\/#primaryimage\",\"url\":\"https:\\\/\\\/www.railbaltica.org\\\/wp-content\\\/uploads\\\/2025\\\/07\\\/IMG_1201-scaled.jpg\",\"contentUrl\":\"https:\\\/\\\/www.railbaltica.org\\\/wp-content\\\/uploads\\\/2025\\\/07\\\/IMG_1201-scaled.jpg\",\"width\":2560,\"height\":1707},{\"@type\":\"BreadcrumbList\",\"@id\":\"https:\\\/\\\/www.railbaltica.org\\\/lv\\\/jaunumi\\\/paraksta-memorandu-par-sabiedribas-iesaisti-rail-baltica-projektesanas-un-buvniecibas-laika\\\/#breadcrumb\",\"itemListElement\":[{\"@type\":\"ListItem\",\"position\":1,\"name\":\"Home\",\"item\":\"https:\\\/\\\/www.railbaltica.org\\\/lv\\\/\"},{\"@type\":\"ListItem\",\"position\":2,\"name\":\"Paraksta memorandu par sabiedr\u012bbas iesaisti Rail Baltica projekt\u0113\u0161anas un b\u016bvniec\u012bbas laik\u0101\"}]},{\"@type\":\"WebSite\",\"@id\":\"https:\\\/\\\/www.railbaltica.org\\\/#website\",\"url\":\"https:\\\/\\\/www.railbaltica.org\\\/\",\"name\":\"RB\",\"description\":\"\",\"potentialAction\":[{\"@type\":\"SearchAction\",\"target\":{\"@type\":\"EntryPoint\",\"urlTemplate\":\"https:\\\/\\\/www.railbaltica.org\\\/?s={search_term_string}\"},\"query-input\":{\"@type\":\"PropertyValueSpecification\",\"valueRequired\":true,\"valueName\":\"search_term_string\"}}],\"inLanguage\":\"lv-LV\"}]}<\/script>\n<!-- \/ Yoast SEO plugin. -->","yoast_head_json":{"title":"Paraksta memorandu par sabiedr\u012bbas iesaisti Rail Baltica projekt\u0113\u0161anas un b\u016bvniec\u012bbas laik\u0101 - RB","robots":{"index":"index","follow":"follow","max-snippet":"max-snippet:-1","max-image-preview":"max-image-preview:large","max-video-preview":"max-video-preview:-1"},"canonical":"https:\/\/www.railbaltica.org\/lv\/jaunumi\/paraksta-memorandu-par-sabiedribas-iesaisti-rail-baltica-projektesanas-un-buvniecibas-laika\/","og_locale":"lv_LV","og_type":"article","og_title":"Paraksta memorandu par sabiedr\u012bbas iesaisti Rail Baltica projekt\u0113\u0161anas un b\u016bvniec\u012bbas laik\u0101 - RB","og_description":"2019. gada 5. septembr\u012b Rail Baltica projekta ievies\u0113ji un vair\u0101ku nevalstisko organiz\u0101ciju p\u0101rst\u0101vji vienoj\u0101s par regul\u0101ru inform\u0101cijas apmai\u0146u, savstarp\u0113ju konsult\u0113\u0161anos un iesaisti Rail Baltica projekta \u012bsteno\u0161anas gait\u0101, parakstot kop\u012bgu sadarb\u012bbas memorandu.","og_url":"https:\/\/www.railbaltica.org\/lv\/jaunumi\/paraksta-memorandu-par-sabiedribas-iesaisti-rail-baltica-projektesanas-un-buvniecibas-laika\/","og_site_name":"RB","article_modified_time":"2025-08-21T18:19:43+00:00","og_image":[{"width":2560,"height":1707,"url":"https:\/\/www.railbaltica.org\/wp-content\/uploads\/2025\/07\/IMG_1201-scaled.jpg","type":"image\/jpeg"}],"twitter_card":"summary_large_image","schema":{"@context":"https:\/\/schema.org","@graph":[{"@type":"WebPage","@id":"https:\/\/www.railbaltica.org\/lv\/jaunumi\/paraksta-memorandu-par-sabiedribas-iesaisti-rail-baltica-projektesanas-un-buvniecibas-laika\/","url":"https:\/\/www.railbaltica.org\/lv\/jaunumi\/paraksta-memorandu-par-sabiedribas-iesaisti-rail-baltica-projektesanas-un-buvniecibas-laika\/","name":"Paraksta memorandu par sabiedr\u012bbas iesaisti Rail Baltica projekt\u0113\u0161anas un b\u016bvniec\u012bbas laik\u0101 - RB","isPartOf":{"@id":"https:\/\/www.railbaltica.org\/#website"},"primaryImageOfPage":{"@id":"https:\/\/www.railbaltica.org\/lv\/jaunumi\/paraksta-memorandu-par-sabiedribas-iesaisti-rail-baltica-projektesanas-un-buvniecibas-laika\/#primaryimage"},"image":{"@id":"https:\/\/www.railbaltica.org\/lv\/jaunumi\/paraksta-memorandu-par-sabiedribas-iesaisti-rail-baltica-projektesanas-un-buvniecibas-laika\/#primaryimage"},"thumbnailUrl":"https:\/\/www.railbaltica.org\/wp-content\/uploads\/2025\/07\/IMG_1201-scaled.jpg","datePublished":"2019-09-10T11:15:10+00:00","dateModified":"2025-08-21T18:19:43+00:00","breadcrumb":{"@id":"https:\/\/www.railbaltica.org\/lv\/jaunumi\/paraksta-memorandu-par-sabiedribas-iesaisti-rail-baltica-projektesanas-un-buvniecibas-laika\/#breadcrumb"},"inLanguage":"lv-LV","potentialAction":[{"@type":"ReadAction","target":["https:\/\/www.railbaltica.org\/lv\/jaunumi\/paraksta-memorandu-par-sabiedribas-iesaisti-rail-baltica-projektesanas-un-buvniecibas-laika\/"]}]},{"@type":"ImageObject","inLanguage":"lv-LV","@id":"https:\/\/www.railbaltica.org\/lv\/jaunumi\/paraksta-memorandu-par-sabiedribas-iesaisti-rail-baltica-projektesanas-un-buvniecibas-laika\/#primaryimage","url":"https:\/\/www.railbaltica.org\/wp-content\/uploads\/2025\/07\/IMG_1201-scaled.jpg","contentUrl":"https:\/\/www.railbaltica.org\/wp-content\/uploads\/2025\/07\/IMG_1201-scaled.jpg","width":2560,"height":1707},{"@type":"BreadcrumbList","@id":"https:\/\/www.railbaltica.org\/lv\/jaunumi\/paraksta-memorandu-par-sabiedribas-iesaisti-rail-baltica-projektesanas-un-buvniecibas-laika\/#breadcrumb","itemListElement":[{"@type":"ListItem","position":1,"name":"Home","item":"https:\/\/www.railbaltica.org\/lv\/"},{"@type":"ListItem","position":2,"name":"Paraksta memorandu par sabiedr\u012bbas iesaisti Rail Baltica projekt\u0113\u0161anas un b\u016bvniec\u012bbas laik\u0101"}]},{"@type":"WebSite","@id":"https:\/\/www.railbaltica.org\/#website","url":"https:\/\/www.railbaltica.org\/","name":"RB","description":"","potentialAction":[{"@type":"SearchAction","target":{"@type":"EntryPoint","urlTemplate":"https:\/\/www.railbaltica.org\/?s={search_term_string}"},"query-input":{"@type":"PropertyValueSpecification","valueRequired":true,"valueName":"search_term_string"}}],"inLanguage":"lv-LV"}]}},"_links":{"self":[{"href":"https:\/\/www.railbaltica.org\/lv\/wp-json\/wp\/v2\/news\/12330","targetHints":{"allow":["GET"]}}],"collection":[{"href":"https:\/\/www.railbaltica.org\/lv\/wp-json\/wp\/v2\/news"}],"about":[{"href":"https:\/\/www.railbaltica.org\/lv\/wp-json\/wp\/v2\/types\/news"}],"wp:featuredmedia":[{"embeddable":true,"href":"https:\/\/www.railbaltica.org\/lv\/wp-json\/wp\/v2\/media\/4351"}],"wp:attachment":[{"href":"https:\/\/www.railbaltica.org\/lv\/wp-json\/wp\/v2\/media?parent=12330"}],"wp:term":[{"taxonomy":"news_category","embeddable":true,"href":"https:\/\/www.railbaltica.org\/lv\/wp-json\/wp\/v2\/news_category?post=12330"}],"curies":[{"name":"wp","href":"https:\/\/api.w.org\/{rel}","templated":true}]}}