{"id":11867,"date":"2018-03-20T10:57:11","date_gmt":"2018-03-20T10:57:11","guid":{"rendered":"https:\/\/www.railbaltica.org\/news\/parakstits-baltija-pirmais-rail-baltica-projektesanas-un-autoruzraudzibas-ligums\/"},"modified":"2025-08-20T07:26:19","modified_gmt":"2025-08-20T07:26:19","slug":"parakstits-baltija-pirmais-rail-baltica-projektesanas-un-autoruzraudzibas-ligums","status":"publish","type":"news","link":"https:\/\/www.railbaltica.org\/lv\/jaunumi\/parakstits-baltija-pirmais-rail-baltica-projektesanas-un-autoruzraudzibas-ligums\/","title":{"rendered":"Parakst\u012bts Baltij\u0101 pirmais Rail Baltica projekt\u0113\u0161anas un autoruzraudz\u012bbas l\u012bgums"},"content":{"rendered":"<section\n    class=\"align wp-block-hero-page-block relative flex overflow-hidden z-10 mt-20 md:mt-52\"\n>\n            <div\n            class=\"container md:!px-14\"\n        >\n            <div\n                class=\"bg-dark text-white rounded p-4 md:p-10\"\n            >\n                                <div\n    class=\"flex justify-between border-t pt-2.5 my-5 text-sm\"\n>\n    <span>Dalies ar jaunumiem\n<\/span>\n    <ul\n        class=\"flex items-center gap-5\"\n    >\n        <li>\n            <a\n                href=\"https:\/\/www.facebook.com\/sharer\/sharer.php?u=https%3A%2F%2Fwww.railbaltica.org%2Flv%2Fjaunumi%2Fparakstits-baltija-pirmais-rail-baltica-projektesanas-un-autoruzraudzibas-ligums%2F\"\n                target=\"_blank\"\n                rel=\"noopener noreferrer\"\n                aria-label=\"Share on Facebook\"\n                class=\"transition-opacity hover:opacity-75\"\n            >\n                <svg\n                    width=\"20\"\n                    height=\"20\"\n                    viewBox=\"0 0 20 20\"\n                    fill=\"none\"\n                    xmlns=\"http:\/\/www.w3.org\/2000\/svg\"\n                >\n                    <path\n                        d=\"M7.5 6.66667H5V10H7.5V20H11.6667V10H14.7017L15 6.66667H11.6667V5.2775C11.6667 4.48167 11.8267 4.16667 12.5958 4.16667H15V0H11.8267C8.83 0 7.5 1.31917 7.5 3.84583V6.66667Z\"\n                        fill=\"white\"\n                    \/>\n                <\/svg>\n            <\/a>\n        <\/li>\n        <li>\n            <a\n                href=\"https:\/\/twitter.com\/intent\/tweet?url=https%3A%2F%2Fwww.railbaltica.org%2Flv%2Fjaunumi%2Fparakstits-baltija-pirmais-rail-baltica-projektesanas-un-autoruzraudzibas-ligums%2F&amp;text=Parakst%C4%ABts+Baltij%C4%81+pirmais+Rail+Baltica+projekt%C4%93%C5%A1anas+un+autoruzraudz%C4%ABbas+l%C4%ABgums\"\n                target=\"_blank\"\n                rel=\"noopener noreferrer\"\n                aria-label=\"Share on Twitter\"\n                class=\"transition-opacity hover:opacity-75\"\n            >\n                <svg\n                    width=\"20\"\n                    height=\"20\"\n                    viewBox=\"0 0 20 20\"\n                    fill=\"none\"\n                    xmlns=\"http:\/\/www.w3.org\/2000\/svg\"\n                >\n                    <path\n                        d=\"M14.7313 2.68748H17.238L11.763 8.88248L18.2038 17.3125H13.1597L9.20966 12.2L4.68966 17.3125H2.18299L8.03883 10.6866L1.86133 2.68665H7.03216L10.603 7.35998L14.7322 2.68665L14.7313 2.68748ZM13.8522 15.8275H15.2405L6.27716 4.09415H4.78716L13.8522 15.8275Z\"\n                        fill=\"white\"\n                    \/>\n                <\/svg>\n            <\/a>\n        <\/li>\n        <li>\n            <a\n                href=\"https:\/\/www.linkedin.com\/sharing\/share-offsite\/?url=https%3A%2F%2Fwww.railbaltica.org%2Flv%2Fjaunumi%2Fparakstits-baltija-pirmais-rail-baltica-projektesanas-un-autoruzraudzibas-ligums%2F\"\n                target=\"_blank\"\n                rel=\"noopener noreferrer\"\n                aria-label=\"Share on LinkedIn\"\n                class=\"transition-opacity hover:opacity-75\"\n            >\n                <svg\n                    width=\"20\"\n                    height=\"20\"\n                    viewBox=\"0 0 20 20\"\n                    fill=\"none\"\n                    xmlns=\"http:\/\/www.w3.org\/2000\/svg\"\n                >\n                    <path\n                        d=\"M18.4097 0.000139829H1.46998C1.27956 -0.00250476 1.09049 0.0323869 0.913553 0.102822C0.73662 0.173257 0.575295 0.277857 0.438791 0.410646C0.302287 0.543436 0.193279 0.701814 0.11799 0.876737C0.0427018 1.05166 0.00260836 1.2397 0 1.43012V18.5699C0.00260836 18.7603 0.0427018 18.9483 0.11799 19.1233C0.193279 19.2982 0.302287 19.4566 0.438791 19.5894C0.575295 19.7221 0.73662 19.8267 0.913553 19.8972C1.09049 19.9676 1.27956 20.0025 1.46998 19.9999H18.4097C18.6002 20.0025 18.7892 19.9676 18.9662 19.8972C19.1431 19.8267 19.3044 19.7221 19.4409 19.5894C19.5774 19.4566 19.6864 19.2982 19.7617 19.1233C19.837 18.9483 19.8771 18.7603 19.8797 18.5699V1.43012C19.8771 1.2397 19.837 1.05166 19.7617 0.876737C19.6864 0.701814 19.5774 0.543436 19.4409 0.410646C19.3044 0.277857 19.1431 0.173257 18.9662 0.102822C18.7892 0.0323869 18.6002 -0.00250476 18.4097 0.000139829ZM6.02992 16.7399H3.02996V7.74003H6.02992V16.7399ZM4.52994 6.48005C4.1162 6.48005 3.71942 6.31569 3.42687 6.02314C3.13431 5.73059 2.96996 5.3338 2.96996 4.92007C2.96996 4.50634 3.13431 4.10955 3.42687 3.817C3.71942 3.52445 4.1162 3.36009 4.52994 3.36009C4.74963 3.33518 4.97211 3.35695 5.1828 3.42398C5.3935 3.491 5.58766 3.60178 5.75258 3.74905C5.91749 3.89632 6.04944 4.07676 6.13979 4.27856C6.23013 4.48036 6.27683 4.69897 6.27683 4.92007C6.27683 5.14117 6.23013 5.35978 6.13979 5.56158C6.04944 5.76338 5.91749 5.94382 5.75258 6.09109C5.58766 6.23836 5.3935 6.34914 5.1828 6.41617C4.97211 6.48319 4.74963 6.50496 4.52994 6.48005ZM16.8498 16.7399H13.8498V11.91C13.8498 10.7 13.4198 9.91 12.3298 9.91C11.9925 9.91247 11.664 10.0183 11.3887 10.2132C11.1133 10.4081 10.9043 10.6827 10.7899 11C10.7116 11.235 10.6777 11.4826 10.6899 11.73V16.7299H7.68989V7.73003H10.6899V9.00001C10.9624 8.52713 11.3587 8.13755 11.8363 7.87323C12.3138 7.60892 12.8544 7.47989 13.3998 7.50003C15.3998 7.50003 16.8498 8.79002 16.8498 11.56V16.7399Z\"\n                        fill=\"white\"\n                    \/>\n                <\/svg>\n            <\/a>\n        <\/li>\n        <li>\n            <button\n                type=\"button\"\n                class=\"copy-url-btn relative my-auto flex transition-opacity hover:opacity-75\"\n                data-url=\"https:\/\/www.railbaltica.org\/lv\/jaunumi\/parakstits-baltija-pirmais-rail-baltica-projektesanas-un-autoruzraudzibas-ligums\/\"\n            >\n                <svg\n                    width=\"21\"\n                    height=\"21\"\n                    viewBox=\"0 0 21 21\"\n                    fill=\"none\"\n                    xmlns=\"http:\/\/www.w3.org\/2000\/svg\"\n                >\n                    <path\n                        d=\"M10.5205 20C15.7661 20 20 15.7455 20 10.4795C20 5.23392 15.7661 1 10.5205 1M10.5205 20C5.25446 20 1 15.7455 1 10.4795C1 5.23392 5.25446 1 10.5205 1M10.5205 20V1M18.7429 5.75H2.26324M18.7958 15.1345H2.21035M1.05135 10.5H19.9486M10.5103 20C13.1333 20 15.25 15.7455 15.25 10.4795C15.25 5.23392 13.1333 1 10.5103 1C7.87697 1 5.75 5.23392 5.75 10.4795C5.75 15.7455 7.87697 20 10.5103 20Z\"\n                        stroke=\"white\"\n                        stroke-linecap=\"round\"\n                        stroke-linejoin=\"round\"\n                    \/>\n                <\/svg>\n                <span\n                    class=\"absolute hidden translate-x-[-10px] translate-y-[30px]\"\n                >Copied!<\/span>\n            <\/button>\n        <\/li>\n    <\/ul>\n<\/div>\n\n                                    <time\n                        datetime=\"\"\n                        class=\"mb-2.5 flex text-xl text-blue\"\n                    >\n                        20.03.2018\n                    <\/time>\n                \n                                    <h1 class='h1 max-w-198'>\n            Parakst\u012bts Baltij\u0101 pirmais Rail Baltica projekt\u0113\u0161anas un autoruzraudz\u012bbas l\u012bgums\n        <\/h1>\n                \n                            <\/div>\n        <\/div>\n    <\/section>\n\n<section\n    class=\"overflow-hidden py-5 md:pt-10 md:pb-5 align wp-block-excerpt-block\"\n>\n    <div\n        class=\"container relative flex flex-col items-start z-10 md:text-xl lg:!px-4\"\n    >\n                    <div\n                class=\"textual w-full text-dark text-xl lg:px-12 md:mx-auto md:max-w-222 md:text-xl\"\n            >\n                20. mart\u0101 svin\u012bg\u0101 pas\u0101kum\u0101 parakst\u012bts pirmais Rail Baltica projekt\u0113\u0161anas un autoruzraudz\u012bbas l\u012bgums par\u00a0Rail Baltica stacijas, saist\u012bt\u0101s infrastrukt\u016bras un estak\u0101des b\u016bvprojekt\u0113\u0161anu starptautiskaj\u0101 lidost\u0101 \u201eR\u012bga\u201d. To parakst\u012bja Eiropas slie\u017eu platuma projekta ievies\u0113js Latvij\u0101 SIA \u201eEiropas Dzelzce\u013ca l\u012bnijas\u201d un atkl\u0101t\u0101 starptautisk\u0101 konkursa uzvar\u0113t\u0101js \u2013 tr\u012bs valstu uz\u0146\u0113mumu apvien\u012bba \u201ePROSIV\u201d (\u201eSintagma\u201d (It\u0101lija), \u201eProdex\u201d (Slov\u0101kija) un \u201eVektors T\u201d (Latvija)).\n            <\/div>\n            <\/div>\n<\/section>\n<section\n    class=\"py-5 md:py-10 align wp-block-textual-block\"\n>\n    <div\n        class=\"container\"\n    >\n        <div\n            class=\"textual w-full text-xl text-dark break-words [&#038;_span]:!text-dark [&#038;_a]:!text-dark\"\n        >\n                            <p><strong><em>Rail Baltica<\/em> projekt\u0113\u0161anas un autoruzraudz\u012bbas l\u012bgums par\u00a0<em>Rail Baltica<\/em> stacijas, saist\u012bt\u0101s infrastrukt\u016bras un estak\u0101des b\u016bvprojekt\u0113\u0161anu starptautiskaj\u0101 lidost\u0101 \u201eR\u012bga\u201d. To parakst\u012bja Eiropas slie\u017eu platuma projekta ievies\u0113js Latvij\u0101 SIA \u201eEiropas Dzelzce\u013ca l\u012bnijas\u201d un atkl\u0101t\u0101 starptautisk\u0101 konkursa uzvar\u0113t\u0101js \u2013 tr\u012bs valstu uz\u0146\u0113mumu apvien\u012bba \u201ePROSIV\u201d (\u201eSintagma\u201d (It\u0101lija), \u201eProdex\u201d (Slov\u0101kija) un \u201eVektors T\u201d (Latvija)).<br \/> <\/strong><\/p>\n<p><strong><br \/> <\/strong>Kop\u0113jais projekt\u0113jam\u0101s l\u012bnijas garums ir 4.4 km. <em>Rail Baltica<\/em> dzelzce\u013ca stacija lidost\u0101 \u201eR\u012bga\u201d tiks izvietota uz estak\u0101des (kas stiepsies vis\u0101 lidostas teritorij\u0101 2 km garum\u0101), vien\u0101 l\u012bmen\u012b ar perspekt\u012bv\u0101 termin\u0101la re\u0123istr\u0101cijas z\u0101li. Paredz\u0113ts 400 m perons, kas nodro\u0161ina starptautisko vilcienu un piepils\u0113tas vilciena (t.s. <em>shuttle<\/em>) apkalpo\u0161anu. \u0160\u012b projekta ietvaros tiks izb\u016bv\u0113ts ar\u012b jauns dzelzce\u013ca p\u0101rvads p\u0101ri K.Ulma\u0146a gatvei, uzb\u0113rums posm\u0101 no Imantas l\u012bdz lidostai (2.3 km garum\u0101). Infrastrukt\u016bras izveide dos iesp\u0113ju izveidot\u00a0 ar\u012b kravu atzara piesl\u0113gumu lidostas teritorijai.<\/p>\n<p><strong><\/strong><\/p>\n\n                    <\/div>\n    <\/div>\n<\/section>\n\n\n<section\n    class=\"overflow-hidden py-5 md:pt-10 md:pb-5 align wp-block-image-block !pt-[0] !pb-[0]\"\n>\n    <div\n        class=\"container relative flex flex-col items-start z-10\"\n    >\n        <div\n            class=\"w-full text-lg text-dark\"\n        >\n                            <img decoding=\"async\"\n        src=\"https:\/\/www.railbaltica.org\/wp-content\/uploads\/2025\/07\/IMG_2610-scaled.jpg\"\n        alt=\"IMG_2610\"\n         title=\"IMG_2610\"         class=\"block w-auto h-auto max-w-full max-h-[600px]\"\n        loading=\"lazy\"\n    \/>\n                                <\/div>\n    <\/div>\n<\/section>\n\n\n<section\n    class=\"py-5 md:py-10 align wp-block-textual-block\"\n>\n    <div\n        class=\"container\"\n    >\n        <div\n            class=\"textual w-full text-xl text-dark break-words [&#038;_span]:!text-dark [&#038;_a]:!text-dark\"\n        >\n                            <p><\/strong><strong>Andris Linu\u017es<\/strong>, \u201eEiropas Dzelzce\u013ca l\u012bnijas\u201d (EDZL) valdes loceklis: \u201eTas b\u016bs pirmais dzelzce\u013ca estak\u0101des un 1435 mm standarta dzelzce\u013ca l\u012bnijas b\u016bvprojekts Latvij\u0101, k\u0101 ar\u012b kop\u0161 1937. gada \u2013 pirmais jaunas pasa\u017eieru stacijas b\u016bvprojekts. Projektu realiz\u0113jot, b\u016bs j\u0101nodro\u0161ina lidostas infrastrukt\u016bras un t\u0101s teritorij\u0101 komercdarb\u012bbas nep\u0101rtraukt\u012bba. Tas pras\u012bs b\u016bvdarbu izsv\u0113rtu pl\u0101no\u0161anu, jo starptautiskaj\u0101 lidost\u0101 \u201eR\u012bga\u201d vienlaikus norisin\u0101sies vair\u0101ki v\u0113rien\u012bgi projekti: l\u012bdztekus <em>Rail Baltica<\/em> stacijas izb\u016bvei pl\u0101nota ar\u012b lidostas termin\u0101la papla\u0161in\u0101\u0161anas 6. k\u0101rta un jauna gaisa satiksmes vad\u012bbas tor\u0146a b\u016bvniec\u012bba.\u201d A. Linu\u017es piebilst, ka \u0161is, pirmais Baltij\u0101 nosl\u0113gtais <em>Rail Baltica<\/em> projekt\u0113\u0161anas un autoruzraudz\u012bbas l\u012bgums, ir veiksm\u012bgs EDZL, Satiksmes ministrijas, lidostas \u201eR\u012bga\u201d un triju Baltijas valstu kopuz\u0146\u0113muma \u201eRB Rail\u201d kopdarbs.<\/p>\n<p>Starptautisks konkurss \u201eStarptautisk\u0101s lidostas \u201eR\u012bga\u201d dzelzce\u013ca stacijas, saist\u012bt\u0101s infrastrukt\u016bras un estak\u0101des b\u016bvprojekts\u201d tika izsludin\u0101ts 2016. gada 4. novembr\u012b, kas nodro\u0161in\u0101ja vienl\u012bdz\u012bgu konkurenci visiem potenci\u0101lajiem pretendentiem, un taj\u0101 bija iesp\u0113jas piedal\u012bties gan atsevi\u0161\u0137iem uz\u0146\u0113mumiem, gan uz\u0146\u0113mumu veidot\u0101m personu apvien\u012bb\u0101m. Starptautisk\u0101 konkurs\u0101 par uzvar\u0113t\u0101ju tika atz\u012bta personu apvien\u012bba \u201ePROSIV\u201d, kurai 17 m\u0113ne\u0161u laik\u0101 no projekt\u0113\u0161anas un autoruzraudz\u012bbas l\u012bguma nosl\u0113g\u0161anas b\u016bs j\u0101izstr\u0101d\u0101 b\u016bvprojekts, k\u0101 ar\u012b j\u0101veic autoruzraudz\u012bba b\u016bvdarbu laik\u0101.\u00a0 L\u012bguma kop\u0113j\u0101 summa ir 4,5 miljoni eiro.<\/p>\n<p><strong>Ilona L\u012bce<\/strong>, starptautisk\u0101s lidostas \u201eR\u012bga\u201d valdes priek\u0161s\u0113d\u0113t\u0101ja: \u201eModerna un m\u016bsdien\u012bga lidosta nav iedom\u0101jama bez savienojuma ar dzelzce\u013ca t\u012bklu. R\u012bgas lidostai, kas att\u012bst\u0101s aizvien strauj\u0101k un apkalpo aizvien vair\u0101k pasa\u017eieru (2017.gad\u0101 jau vair\u0101k nek\u0101 6 miljonus), \u0161is elements l\u012bdz \u0161im ir b\u016btiski tr\u016bcis. <em>Rail Baltica<\/em> izb\u016bve atbilst lidostas ilgtermi\u0146a att\u012bst\u012bbas redz\u0113jumam, jo stiprin\u0101s R\u012bgas lidostas k\u0101 Baltijas galven\u0101 transporta mezgla lomu un uzlabos Latvijas savienojam\u012bbu ar cit\u0101m Eiropas Savien\u012bbas valst\u012bm, papla\u0161in\u0101s R\u012bgas lidostas potenci\u0101lo pasa\u017eieru loku gan Lietuvas, gan Igaunijas virzien\u0101, k\u0101 ar\u012b sniegs papildus \u0113rt\u012bbas pasa\u017eieriem nok\u013c\u016b\u0161anai no lidostas uz pils\u0113tu.\u201d<\/p>\n<p><strong><\/p>\n\n                    <\/div>\n    <\/div>\n<\/section>\n\n\n<section\n    class=\"overflow-hidden py-5 md:pt-10 md:pb-5 align wp-block-image-block !pt-[0] !pb-[0]\"\n>\n    <div\n        class=\"container relative flex flex-col items-start z-10\"\n    >\n        <div\n            class=\"w-full text-lg text-dark\"\n        >\n                            <img decoding=\"async\"\n        src=\"https:\/\/www.railbaltica.org\/wp-content\/uploads\/2025\/08\/IMG_2527-1024x656-1.jpg\"\n        alt=\"IMG_2527-1024&amp;#215;656\"\n         title=\"IMG_2527-1024&amp;#215;656\"         class=\"block w-auto h-auto max-w-full max-h-[600px]\"\n        loading=\"lazy\"\n    \/>\n                                <\/div>\n    <\/div>\n<\/section>\n\n\n<section\n    class=\"py-5 md:py-10 align wp-block-textual-block\"\n>\n    <div\n        class=\"container\"\n    >\n        <div\n            class=\"textual w-full text-xl text-dark break-words [&#038;_span]:!text-dark [&#038;_a]:!text-dark\"\n        >\n                            <p><\/strong><\/p>\n<p><strong>Baiba Rubesa<\/strong>, RB Rail AS valdes priek\u0161s\u0113d\u0113t\u0101ja un izpilddirektore: \u201e\u0160is ir pirmais <em>Rail<\/em> <em>Baltica<\/em> Glob\u0101l\u0101 projekta parakst\u012btais b\u016bvprojekt\u0113\u0161anas l\u012bgums Baltijas valst\u012bs. Nov\u0113rt\u0113jam EDZL ieguld\u012bto lielo darbu konkursa\u00a0 procesa organiz\u0113\u0161an\u0101, kur g\u016bt\u0101 pieredze un atzi\u0146as tiek izmantotas visa projekta ietvaros. <em>Rail Baltica<\/em> stacija lidost\u0101 \u201eR\u012bga\u201d ir viena no div\u0101m <em>Rail Baltica<\/em> starptautiskaj\u0101m stacij\u0101m Latvij\u0101, kas turkl\u0101t tiek ieviesta cie\u0161\u0101 sasaist\u0113 ar lidostas att\u012bst\u012bbas projektiem. <em>Rail Baltica<\/em> \u0101trgaitas vilciena integr\u0101cija ar lidostas infrastrukt\u016bru sniedz visus nepiecie\u0161amos priek\u0161noteikumus, lai nodro\u0161in\u0101tu 21.gadsimtam atbilsto\u0161us intermod\u0101los savienojumus, t\u0101d\u0113\u013c projekta v\u0101rd\u0101 v\u0113los pateikties lidostas kol\u0113\u0123iem par l\u012bdz\u0161in\u0113jo sadarb\u012bbu, kas n\u0101kotn\u0113 tikai nostiprin\u0101ma kop\u012bg\u0101 darb\u0101 pie lietot\u0101jiem izdev\u012bg\u0101ko risin\u0101jumu defin\u0113\u0161anas un ievie\u0161anas. Apsveicam b\u016bvprojekt\u0113t\u0101ju ar g\u016bto uzvaru, kas n\u0101k cie\u0161\u0101 sasaist\u0113 ar\u012b ar lielu atbild\u012bbu \u2013 b\u016bt pirmajam, projekt\u0113jot ilgtsp\u0113j\u012bgu objektu Baltijas simtgades projekt\u0101. \u0160odien parakst\u012btais l\u012bgums v\u0113lreiz apliecina, ka <em>Rail Baltica<\/em> projekts sper arvien liel\u0101kus so\u013cus projekta brieduma virzien\u0101: b\u016bvprojekt\u0113\u0161anas f\u0101ze uzs\u0101kas ar pilnu sp\u0113ku.\u201d<\/p>\n<p><strong>\u00a0<\/strong><\/p>\n<p><strong><\/p>\n\n                    <\/div>\n    <\/div>\n<\/section>\n\n\n<section\n    class=\"overflow-hidden py-5 md:pt-10 md:pb-5 align wp-block-image-block !pt-[0] !pb-[0]\"\n>\n    <div\n        class=\"container relative flex flex-col items-start z-10\"\n    >\n        <div\n            class=\"w-full text-lg text-dark\"\n        >\n                            <img decoding=\"async\"\n        src=\"https:\/\/www.railbaltica.org\/wp-content\/uploads\/2025\/08\/IMG_2624-1024x703-1.jpg\"\n        alt=\"IMG_2624-1024&amp;#215;703\"\n         title=\"IMG_2624-1024&amp;#215;703\"         class=\"block w-auto h-auto max-w-full max-h-[600px]\"\n        loading=\"lazy\"\n    \/>\n                                <\/div>\n    <\/div>\n<\/section>\n\n\n<section\n    class=\"py-5 md:py-10 align wp-block-textual-block\"\n>\n    <div\n        class=\"container\"\n    >\n        <div\n            class=\"textual w-full text-xl text-dark break-words [&#038;_span]:!text-dark [&#038;_a]:!text-dark\"\n        >\n                            <p><\/strong><\/p>\n<p><strong>Uldis Augulis<\/strong>, Latvijas Republikas Satiksmes ministrs: \u201eIzaugsmes atsl\u0113ga ir mobilit\u0101te, ko nodro\u0161in\u0101m ar <em>Rail Baltica<\/em> projektu, radot jaunu dzelzce\u013ca infrastrukt\u016bru Latvij\u0101. Jaunas dzelzce\u013ca infrastrukt\u016bras izb\u016bve Latvijas un Baltijas iedz\u012bvot\u0101jiem un uz\u0146\u0113m\u0113jiem sniegs jaunas p\u0101rvieto\u0161an\u0101s iesp\u0113jas, ce\u013cojot Baltij\u0101 un Eirop\u0101.<br \/> <em>Rail Baltica<\/em> stacijas un pamattrases projekt\u0113\u0161ana Starptautisk\u0101s lidostas \u201eR\u012bga\u201d teritorij\u0101 ir komplic\u0113ts uzdevums, ar k\u0101du Latvij\u0101 l\u012bdz \u0161im v\u0113l neesam sask\u0101ru\u0161ies. T\u0101p\u0113c jo vair\u0101k esmu gandar\u012bts, ka starptautiska konkursa rezult\u0101t\u0101 izdevies piesaist\u012bt projekt\u0113t\u0101ju komandu no Latvijas, It\u0101lijas un Slov\u0101kijas ar nepiecie\u0161amo pieredzi un zin\u0101\u0161an\u0101m gan par Eiropas platuma dzelzce\u013ca projekt\u0113\u0161anu, gan nacion\u0101laj\u0101m pras\u012bb\u0101m.<br \/> <em>Rail Baltica<\/em> projektam ir izvirz\u012bti ambiciozi termi\u0146i, t\u0101p\u0113c svar\u012bgi, lai visas iesaist\u012bt\u0101s puses \u2013 projekt\u0113t\u0101ji, pas\u016bt\u012bt\u0101js, triju Baltijas valstu kopuz\u0146\u0113mums \u201eRB Rail\u201d, Starptautisk\u0101 lidosta \u201eR\u012bga\u201d, citu komunik\u0101ciju tur\u0113t\u0101ji, M\u0101rupes un R\u012bgas pa\u0161vald\u012bbas sadarbotos, p\u0101ri individu\u0101laj\u0101m interes\u0113m izvirzot kop\u0113j\u0101 m\u0113r\u0137a sasnieg\u0161anu.<br \/> Esmu p\u0101rliecin\u0101ts, ka efekt\u012bva sadarb\u012bba, profesionalit\u0101te, smags darbs un neatlaid\u012bba rezult\u0113sies jaun\u0101 daudzfunkcion\u0101l\u0101 pasa\u017eieru apkalpo\u0161anas kompleksa un dzelzce\u013ca savienojuma starp R\u012bgas centru un lidostu R\u012bga izb\u016bv\u0113. Tas uzlabos Latvijas sasniedzam\u012bbu, veicin\u0101s lidostas att\u012bst\u012bbu un stiprin\u0101s galven\u0101 tirgus l\u012bdera Baltij\u0101 poz\u012bciju.<br \/> Ar vald\u012bbas, Saeimas un ES politisko un finansi\u0101lo atbalstu <em>Rail Baltica<\/em> projekts m\u016bs ieved\u012bs jaun\u0101 simtgad\u0113, kur\u0101 m\u0113s vairs neb\u016bsim transporta \u201esala\u201d, bet da\u013ca no kop\u0113j\u0101s Eiropas transporta sist\u0113mas un noz\u012bm\u012bgs partneris pasa\u017eieru un kravu p\u0101rvad\u0101jumos Austrumu \u2013 Rietumu un Dienvidu \u2013 Zieme\u013cu virzienos.\u201d<\/p>\n<p>Atg\u0101din\u0101sim, ka <em>Rail Baltica<\/em>\u00a0ir dzelzce\u013ca transporta projekts, kura m\u0113r\u0137is ir integr\u0113t Baltijas valstis Eiropas dzelzce\u013cu t\u012bkl\u0101, un tas \u0161obr\u012bd aptver \u010detras Eiropas Savien\u012bbas valstis \u2013 Poliju, Lietuvu, Latviju un Igauniju. Baltijas valst\u012bs pl\u0101nots izb\u016bv\u0113t jaunu, 870 km garu Eiropas slie\u017eu platuma (1435 mm) dzelzce\u013ca l\u012bniju ar maksim\u0101lo \u0101trumu 240 km\/h, veicinot iedz\u012bvot\u0101ju mobilit\u0101ti un kravu p\u0101rvad\u0101jumus zieme\u013cu-dienvidu virzien\u0101, k\u0101 ar\u012b tautsaimniec\u012bbas ilgtsp\u0113j\u012bgu un diversific\u0113tu att\u012bst\u012bbu un konkur\u0113tsp\u0113ju, lai\u00a0 ar \u0101tru un videi draudz\u012bgu dzelzce\u013ca transporta satiksmi savienotu metropoles Tallinu \u2013 R\u012bgu \u2013 Kau\u0146u \u2013 Var\u0161avu \u2013 Berl\u012bni.<\/p>\n<p><strong>\u00a0<\/strong><\/p>\n\n                    <\/div>\n    <\/div>\n<\/section>\n\n\n\n<section\n    class=\"overflow-hidden py-5 md:pt-5 md:pb-10 align wp-block-button-cta-block !pt-[0]\"\n>\n    <div\n        class=\"container w-full relative flex flex-col items-start z-10\"\n    >\n        <div\n            class=\"w-full border-t border-dark pt-5 mt-4 md:mt-5 md:pt-10\"\n        >\n        <\/div>\n\n                    <a\n        href=\"\/lv\/zinas\/\"\n                class=\"btn-outline-dark mx-auto\"\n    >\n        \n        Atpaka\u013c zi\u0146\u0101m\n        \n        \n    <\/a>\n            <\/div>\n<\/section>\n","protected":false},"excerpt":{"rendered":"<p>20. mart\u0101 svin\u012bg\u0101 pas\u0101kum\u0101 parakst\u012bts pirmais Rail Baltica projekt\u0113\u0161anas un autoruzraudz\u012bbas l\u012bgums par\u00a0Rail Baltica stacijas, saist\u012bt\u0101s infrastrukt\u016bras un estak\u0101des b\u016bvprojekt\u0113\u0161anu starptautiskaj\u0101 lidost\u0101 \u201eR\u012bga\u201d. To parakst\u012bja Eiropas slie\u017eu platuma projekta ievies\u0113js Latvij\u0101 SIA \u201eEiropas Dzelzce\u013ca l\u012bnijas\u201d un atkl\u0101t\u0101 starptautisk\u0101 konkursa uzvar\u0113t\u0101js \u2013 tr\u012bs valstu uz\u0146\u0113mumu apvien\u012bba \u201ePROSIV\u201d (\u201eSintagma\u201d (It\u0101lija), \u201eProdex\u201d (Slov\u0101kija) un \u201eVektors T\u201d (Latvija)).<\/p>\n","protected":false},"featured_media":11865,"template":"","news_category":[],"class_list":["post-11867","news","type-news","status-publish","has-post-thumbnail","hentry"],"acf":[],"yoast_head":"<!-- This site is optimized with the Yoast SEO plugin v27.5 - https:\/\/yoast.com\/product\/yoast-seo-wordpress\/ -->\n<title>Parakst\u012bts Baltij\u0101 pirmais Rail Baltica projekt\u0113\u0161anas un autoruzraudz\u012bbas l\u012bgums - RB<\/title>\n<meta name=\"robots\" content=\"index, follow, max-snippet:-1, max-image-preview:large, max-video-preview:-1\" \/>\n<link rel=\"canonical\" href=\"https:\/\/www.railbaltica.org\/jaunumi\/the-first-rail-baltica-construction-design-and-supervision-contract-signed-in-the-baltics\/\" \/>\n<meta property=\"og:locale\" content=\"lv_LV\" \/>\n<meta property=\"og:type\" content=\"article\" \/>\n<meta property=\"og:title\" content=\"Parakst\u012bts Baltij\u0101 pirmais Rail Baltica projekt\u0113\u0161anas un autoruzraudz\u012bbas l\u012bgums - RB\" \/>\n<meta property=\"og:description\" content=\"20. mart\u0101 svin\u012bg\u0101 pas\u0101kum\u0101 parakst\u012bts pirmais Rail Baltica projekt\u0113\u0161anas un autoruzraudz\u012bbas l\u012bgums par\u00a0Rail Baltica stacijas, saist\u012bt\u0101s infrastrukt\u016bras un estak\u0101des b\u016bvprojekt\u0113\u0161anu starptautiskaj\u0101 lidost\u0101 \u201eR\u012bga\u201d. To parakst\u012bja Eiropas slie\u017eu platuma projekta ievies\u0113js Latvij\u0101 SIA \u201eEiropas Dzelzce\u013ca l\u012bnijas\u201d un atkl\u0101t\u0101 starptautisk\u0101 konkursa uzvar\u0113t\u0101js \u2013 tr\u012bs valstu uz\u0146\u0113mumu apvien\u012bba \u201ePROSIV\u201d (\u201eSintagma\u201d (It\u0101lija), \u201eProdex\u201d (Slov\u0101kija) un \u201eVektors T\u201d (Latvija)).\" \/>\n<meta property=\"og:url\" content=\"https:\/\/www.railbaltica.org\/jaunumi\/the-first-rail-baltica-construction-design-and-supervision-contract-signed-in-the-baltics\/\" \/>\n<meta property=\"og:site_name\" content=\"RB\" \/>\n<meta property=\"article:modified_time\" content=\"2025-08-20T07:26:19+00:00\" \/>\n<meta property=\"og:image\" content=\"https:\/\/www.railbaltica.org\/wp-content\/uploads\/2025\/07\/IMG_2610-scaled.jpg\" \/>\n\t<meta property=\"og:image:width\" content=\"2560\" \/>\n\t<meta property=\"og:image:height\" content=\"1719\" \/>\n\t<meta property=\"og:image:type\" content=\"image\/jpeg\" \/>\n<meta name=\"twitter:card\" content=\"summary_large_image\" \/>\n<script type=\"application\/ld+json\" class=\"yoast-schema-graph\">{\"@context\":\"https:\\\/\\\/schema.org\",\"@graph\":[{\"@type\":\"WebPage\",\"@id\":\"https:\\\/\\\/www.railbaltica.org\\\/jaunumi\\\/the-first-rail-baltica-construction-design-and-supervision-contract-signed-in-the-baltics\\\/\",\"url\":\"https:\\\/\\\/www.railbaltica.org\\\/jaunumi\\\/the-first-rail-baltica-construction-design-and-supervision-contract-signed-in-the-baltics\\\/\",\"name\":\"Parakst\u012bts Baltij\u0101 pirmais Rail Baltica projekt\u0113\u0161anas un autoruzraudz\u012bbas l\u012bgums - RB\",\"isPartOf\":{\"@id\":\"https:\\\/\\\/www.railbaltica.org\\\/#website\"},\"primaryImageOfPage\":{\"@id\":\"https:\\\/\\\/www.railbaltica.org\\\/jaunumi\\\/the-first-rail-baltica-construction-design-and-supervision-contract-signed-in-the-baltics\\\/#primaryimage\"},\"image\":{\"@id\":\"https:\\\/\\\/www.railbaltica.org\\\/jaunumi\\\/the-first-rail-baltica-construction-design-and-supervision-contract-signed-in-the-baltics\\\/#primaryimage\"},\"thumbnailUrl\":\"https:\\\/\\\/www.railbaltica.org\\\/wp-content\\\/uploads\\\/2025\\\/07\\\/IMG_2610-scaled.jpg\",\"datePublished\":\"2018-03-20T10:57:11+00:00\",\"dateModified\":\"2025-08-20T07:26:19+00:00\",\"breadcrumb\":{\"@id\":\"https:\\\/\\\/www.railbaltica.org\\\/jaunumi\\\/the-first-rail-baltica-construction-design-and-supervision-contract-signed-in-the-baltics\\\/#breadcrumb\"},\"inLanguage\":\"lv-LV\",\"potentialAction\":[{\"@type\":\"ReadAction\",\"target\":[\"https:\\\/\\\/www.railbaltica.org\\\/jaunumi\\\/the-first-rail-baltica-construction-design-and-supervision-contract-signed-in-the-baltics\\\/\"]}]},{\"@type\":\"ImageObject\",\"inLanguage\":\"lv-LV\",\"@id\":\"https:\\\/\\\/www.railbaltica.org\\\/jaunumi\\\/the-first-rail-baltica-construction-design-and-supervision-contract-signed-in-the-baltics\\\/#primaryimage\",\"url\":\"https:\\\/\\\/www.railbaltica.org\\\/wp-content\\\/uploads\\\/2025\\\/07\\\/IMG_2610-scaled.jpg\",\"contentUrl\":\"https:\\\/\\\/www.railbaltica.org\\\/wp-content\\\/uploads\\\/2025\\\/07\\\/IMG_2610-scaled.jpg\",\"width\":2560,\"height\":1719},{\"@type\":\"BreadcrumbList\",\"@id\":\"https:\\\/\\\/www.railbaltica.org\\\/jaunumi\\\/the-first-rail-baltica-construction-design-and-supervision-contract-signed-in-the-baltics\\\/#breadcrumb\",\"itemListElement\":[{\"@type\":\"ListItem\",\"position\":1,\"name\":\"Home\",\"item\":\"https:\\\/\\\/www.railbaltica.org\\\/lv\\\/\"},{\"@type\":\"ListItem\",\"position\":2,\"name\":\"Parakst\u012bts Baltij\u0101 pirmais Rail Baltica projekt\u0113\u0161anas un autoruzraudz\u012bbas l\u012bgums\"}]},{\"@type\":\"WebSite\",\"@id\":\"https:\\\/\\\/www.railbaltica.org\\\/#website\",\"url\":\"https:\\\/\\\/www.railbaltica.org\\\/\",\"name\":\"RB\",\"description\":\"\",\"potentialAction\":[{\"@type\":\"SearchAction\",\"target\":{\"@type\":\"EntryPoint\",\"urlTemplate\":\"https:\\\/\\\/www.railbaltica.org\\\/?s={search_term_string}\"},\"query-input\":{\"@type\":\"PropertyValueSpecification\",\"valueRequired\":true,\"valueName\":\"search_term_string\"}}],\"inLanguage\":\"lv-LV\"}]}<\/script>\n<!-- \/ Yoast SEO plugin. -->","yoast_head_json":{"title":"Parakst\u012bts Baltij\u0101 pirmais Rail Baltica projekt\u0113\u0161anas un autoruzraudz\u012bbas l\u012bgums - RB","robots":{"index":"index","follow":"follow","max-snippet":"max-snippet:-1","max-image-preview":"max-image-preview:large","max-video-preview":"max-video-preview:-1"},"canonical":"https:\/\/www.railbaltica.org\/jaunumi\/the-first-rail-baltica-construction-design-and-supervision-contract-signed-in-the-baltics\/","og_locale":"lv_LV","og_type":"article","og_title":"Parakst\u012bts Baltij\u0101 pirmais Rail Baltica projekt\u0113\u0161anas un autoruzraudz\u012bbas l\u012bgums - RB","og_description":"20. mart\u0101 svin\u012bg\u0101 pas\u0101kum\u0101 parakst\u012bts pirmais Rail Baltica projekt\u0113\u0161anas un autoruzraudz\u012bbas l\u012bgums par\u00a0Rail Baltica stacijas, saist\u012bt\u0101s infrastrukt\u016bras un estak\u0101des b\u016bvprojekt\u0113\u0161anu starptautiskaj\u0101 lidost\u0101 \u201eR\u012bga\u201d. To parakst\u012bja Eiropas slie\u017eu platuma projekta ievies\u0113js Latvij\u0101 SIA \u201eEiropas Dzelzce\u013ca l\u012bnijas\u201d un atkl\u0101t\u0101 starptautisk\u0101 konkursa uzvar\u0113t\u0101js \u2013 tr\u012bs valstu uz\u0146\u0113mumu apvien\u012bba \u201ePROSIV\u201d (\u201eSintagma\u201d (It\u0101lija), \u201eProdex\u201d (Slov\u0101kija) un \u201eVektors T\u201d (Latvija)).","og_url":"https:\/\/www.railbaltica.org\/jaunumi\/the-first-rail-baltica-construction-design-and-supervision-contract-signed-in-the-baltics\/","og_site_name":"RB","article_modified_time":"2025-08-20T07:26:19+00:00","og_image":[{"width":2560,"height":1719,"url":"https:\/\/www.railbaltica.org\/wp-content\/uploads\/2025\/07\/IMG_2610-scaled.jpg","type":"image\/jpeg"}],"twitter_card":"summary_large_image","schema":{"@context":"https:\/\/schema.org","@graph":[{"@type":"WebPage","@id":"https:\/\/www.railbaltica.org\/jaunumi\/the-first-rail-baltica-construction-design-and-supervision-contract-signed-in-the-baltics\/","url":"https:\/\/www.railbaltica.org\/jaunumi\/the-first-rail-baltica-construction-design-and-supervision-contract-signed-in-the-baltics\/","name":"Parakst\u012bts Baltij\u0101 pirmais Rail Baltica projekt\u0113\u0161anas un autoruzraudz\u012bbas l\u012bgums - RB","isPartOf":{"@id":"https:\/\/www.railbaltica.org\/#website"},"primaryImageOfPage":{"@id":"https:\/\/www.railbaltica.org\/jaunumi\/the-first-rail-baltica-construction-design-and-supervision-contract-signed-in-the-baltics\/#primaryimage"},"image":{"@id":"https:\/\/www.railbaltica.org\/jaunumi\/the-first-rail-baltica-construction-design-and-supervision-contract-signed-in-the-baltics\/#primaryimage"},"thumbnailUrl":"https:\/\/www.railbaltica.org\/wp-content\/uploads\/2025\/07\/IMG_2610-scaled.jpg","datePublished":"2018-03-20T10:57:11+00:00","dateModified":"2025-08-20T07:26:19+00:00","breadcrumb":{"@id":"https:\/\/www.railbaltica.org\/jaunumi\/the-first-rail-baltica-construction-design-and-supervision-contract-signed-in-the-baltics\/#breadcrumb"},"inLanguage":"lv-LV","potentialAction":[{"@type":"ReadAction","target":["https:\/\/www.railbaltica.org\/jaunumi\/the-first-rail-baltica-construction-design-and-supervision-contract-signed-in-the-baltics\/"]}]},{"@type":"ImageObject","inLanguage":"lv-LV","@id":"https:\/\/www.railbaltica.org\/jaunumi\/the-first-rail-baltica-construction-design-and-supervision-contract-signed-in-the-baltics\/#primaryimage","url":"https:\/\/www.railbaltica.org\/wp-content\/uploads\/2025\/07\/IMG_2610-scaled.jpg","contentUrl":"https:\/\/www.railbaltica.org\/wp-content\/uploads\/2025\/07\/IMG_2610-scaled.jpg","width":2560,"height":1719},{"@type":"BreadcrumbList","@id":"https:\/\/www.railbaltica.org\/jaunumi\/the-first-rail-baltica-construction-design-and-supervision-contract-signed-in-the-baltics\/#breadcrumb","itemListElement":[{"@type":"ListItem","position":1,"name":"Home","item":"https:\/\/www.railbaltica.org\/lv\/"},{"@type":"ListItem","position":2,"name":"Parakst\u012bts Baltij\u0101 pirmais Rail Baltica projekt\u0113\u0161anas un autoruzraudz\u012bbas l\u012bgums"}]},{"@type":"WebSite","@id":"https:\/\/www.railbaltica.org\/#website","url":"https:\/\/www.railbaltica.org\/","name":"RB","description":"","potentialAction":[{"@type":"SearchAction","target":{"@type":"EntryPoint","urlTemplate":"https:\/\/www.railbaltica.org\/?s={search_term_string}"},"query-input":{"@type":"PropertyValueSpecification","valueRequired":true,"valueName":"search_term_string"}}],"inLanguage":"lv-LV"}]}},"_links":{"self":[{"href":"https:\/\/www.railbaltica.org\/lv\/wp-json\/wp\/v2\/news\/11867","targetHints":{"allow":["GET"]}}],"collection":[{"href":"https:\/\/www.railbaltica.org\/lv\/wp-json\/wp\/v2\/news"}],"about":[{"href":"https:\/\/www.railbaltica.org\/lv\/wp-json\/wp\/v2\/types\/news"}],"wp:featuredmedia":[{"embeddable":true,"href":"https:\/\/www.railbaltica.org\/lv\/wp-json\/wp\/v2\/media\/11865"}],"wp:attachment":[{"href":"https:\/\/www.railbaltica.org\/lv\/wp-json\/wp\/v2\/media?parent=11867"}],"wp:term":[{"taxonomy":"news_category","embeddable":true,"href":"https:\/\/www.railbaltica.org\/lv\/wp-json\/wp\/v2\/news_category?post=11867"}],"curies":[{"name":"wp","href":"https:\/\/api.w.org\/{rel}","templated":true}]}}