{"id":11796,"date":"2018-02-02T11:31:07","date_gmt":"2018-02-02T11:31:07","guid":{"rendered":"https:\/\/www.railbaltica.org\/news\/baiba-rubesa-turpinas-izpildit-rb-rail-valdes-priekssedetajas-un-izpilddirektores-pienakums\/"},"modified":"2025-08-20T07:33:15","modified_gmt":"2025-08-20T07:33:15","slug":"baiba-rubesa-turpinas-izpildit-rb-rail-valdes-priekssedetajas-un-izpilddirektores-pienakums","status":"publish","type":"news","link":"https:\/\/www.railbaltica.org\/lv\/jaunumi\/baiba-rubesa-turpinas-izpildit-rb-rail-valdes-priekssedetajas-un-izpilddirektores-pienakums\/","title":{"rendered":"Baiba Rubesa turpin\u0101s izpild\u012bt RB Rail valdes priek\u0161s\u0113d\u0113t\u0101jas un izpilddirektores pien\u0101kums"},"content":{"rendered":"<section\n    class=\"align wp-block-hero-page-block relative flex overflow-hidden z-10 mt-20 md:mt-52\"\n>\n            <div\n            class=\"container md:!px-14\"\n        >\n            <div\n                class=\"bg-dark text-white rounded p-4 md:p-10\"\n            >\n                                <div\n    class=\"flex justify-between border-t pt-2.5 my-5 text-sm\"\n>\n    <span>Dalies ar jaunumiem\n<\/span>\n    <ul\n        class=\"flex items-center gap-5\"\n    >\n        <li>\n            <a\n                href=\"https:\/\/www.facebook.com\/sharer\/sharer.php?u=https%3A%2F%2Fwww.railbaltica.org%2Flv%2Fjaunumi%2Fbaiba-rubesa-turpinas-izpildit-rb-rail-valdes-priekssedetajas-un-izpilddirektores-pienakums%2F\"\n                target=\"_blank\"\n                rel=\"noopener noreferrer\"\n                aria-label=\"Share on Facebook\"\n                class=\"transition-opacity hover:opacity-75\"\n            >\n                <svg\n                    width=\"20\"\n                    height=\"20\"\n                    viewBox=\"0 0 20 20\"\n                    fill=\"none\"\n                    xmlns=\"http:\/\/www.w3.org\/2000\/svg\"\n                >\n                    <path\n                        d=\"M7.5 6.66667H5V10H7.5V20H11.6667V10H14.7017L15 6.66667H11.6667V5.2775C11.6667 4.48167 11.8267 4.16667 12.5958 4.16667H15V0H11.8267C8.83 0 7.5 1.31917 7.5 3.84583V6.66667Z\"\n                        fill=\"white\"\n                    \/>\n                <\/svg>\n            <\/a>\n        <\/li>\n        <li>\n            <a\n                href=\"https:\/\/twitter.com\/intent\/tweet?url=https%3A%2F%2Fwww.railbaltica.org%2Flv%2Fjaunumi%2Fbaiba-rubesa-turpinas-izpildit-rb-rail-valdes-priekssedetajas-un-izpilddirektores-pienakums%2F&amp;text=Baiba+Rubesa+turpin%C4%81s+izpild%C4%ABt+RB+Rail+valdes+priek%C5%A1s%C4%93d%C4%93t%C4%81jas+un+izpilddirektores+pien%C4%81kums\"\n                target=\"_blank\"\n                rel=\"noopener noreferrer\"\n                aria-label=\"Share on Twitter\"\n                class=\"transition-opacity hover:opacity-75\"\n            >\n                <svg\n                    width=\"20\"\n                    height=\"20\"\n                    viewBox=\"0 0 20 20\"\n                    fill=\"none\"\n                    xmlns=\"http:\/\/www.w3.org\/2000\/svg\"\n                >\n                    <path\n                        d=\"M14.7313 2.68748H17.238L11.763 8.88248L18.2038 17.3125H13.1597L9.20966 12.2L4.68966 17.3125H2.18299L8.03883 10.6866L1.86133 2.68665H7.03216L10.603 7.35998L14.7322 2.68665L14.7313 2.68748ZM13.8522 15.8275H15.2405L6.27716 4.09415H4.78716L13.8522 15.8275Z\"\n                        fill=\"white\"\n                    \/>\n                <\/svg>\n            <\/a>\n        <\/li>\n        <li>\n            <a\n                href=\"https:\/\/www.linkedin.com\/sharing\/share-offsite\/?url=https%3A%2F%2Fwww.railbaltica.org%2Flv%2Fjaunumi%2Fbaiba-rubesa-turpinas-izpildit-rb-rail-valdes-priekssedetajas-un-izpilddirektores-pienakums%2F\"\n                target=\"_blank\"\n                rel=\"noopener noreferrer\"\n                aria-label=\"Share on LinkedIn\"\n                class=\"transition-opacity hover:opacity-75\"\n            >\n                <svg\n                    width=\"20\"\n                    height=\"20\"\n                    viewBox=\"0 0 20 20\"\n                    fill=\"none\"\n                    xmlns=\"http:\/\/www.w3.org\/2000\/svg\"\n                >\n                    <path\n                        d=\"M18.4097 0.000139829H1.46998C1.27956 -0.00250476 1.09049 0.0323869 0.913553 0.102822C0.73662 0.173257 0.575295 0.277857 0.438791 0.410646C0.302287 0.543436 0.193279 0.701814 0.11799 0.876737C0.0427018 1.05166 0.00260836 1.2397 0 1.43012V18.5699C0.00260836 18.7603 0.0427018 18.9483 0.11799 19.1233C0.193279 19.2982 0.302287 19.4566 0.438791 19.5894C0.575295 19.7221 0.73662 19.8267 0.913553 19.8972C1.09049 19.9676 1.27956 20.0025 1.46998 19.9999H18.4097C18.6002 20.0025 18.7892 19.9676 18.9662 19.8972C19.1431 19.8267 19.3044 19.7221 19.4409 19.5894C19.5774 19.4566 19.6864 19.2982 19.7617 19.1233C19.837 18.9483 19.8771 18.7603 19.8797 18.5699V1.43012C19.8771 1.2397 19.837 1.05166 19.7617 0.876737C19.6864 0.701814 19.5774 0.543436 19.4409 0.410646C19.3044 0.277857 19.1431 0.173257 18.9662 0.102822C18.7892 0.0323869 18.6002 -0.00250476 18.4097 0.000139829ZM6.02992 16.7399H3.02996V7.74003H6.02992V16.7399ZM4.52994 6.48005C4.1162 6.48005 3.71942 6.31569 3.42687 6.02314C3.13431 5.73059 2.96996 5.3338 2.96996 4.92007C2.96996 4.50634 3.13431 4.10955 3.42687 3.817C3.71942 3.52445 4.1162 3.36009 4.52994 3.36009C4.74963 3.33518 4.97211 3.35695 5.1828 3.42398C5.3935 3.491 5.58766 3.60178 5.75258 3.74905C5.91749 3.89632 6.04944 4.07676 6.13979 4.27856C6.23013 4.48036 6.27683 4.69897 6.27683 4.92007C6.27683 5.14117 6.23013 5.35978 6.13979 5.56158C6.04944 5.76338 5.91749 5.94382 5.75258 6.09109C5.58766 6.23836 5.3935 6.34914 5.1828 6.41617C4.97211 6.48319 4.74963 6.50496 4.52994 6.48005ZM16.8498 16.7399H13.8498V11.91C13.8498 10.7 13.4198 9.91 12.3298 9.91C11.9925 9.91247 11.664 10.0183 11.3887 10.2132C11.1133 10.4081 10.9043 10.6827 10.7899 11C10.7116 11.235 10.6777 11.4826 10.6899 11.73V16.7299H7.68989V7.73003H10.6899V9.00001C10.9624 8.52713 11.3587 8.13755 11.8363 7.87323C12.3138 7.60892 12.8544 7.47989 13.3998 7.50003C15.3998 7.50003 16.8498 8.79002 16.8498 11.56V16.7399Z\"\n                        fill=\"white\"\n                    \/>\n                <\/svg>\n            <\/a>\n        <\/li>\n        <li>\n            <button\n                type=\"button\"\n                class=\"copy-url-btn relative my-auto flex transition-opacity hover:opacity-75\"\n                data-url=\"https:\/\/www.railbaltica.org\/lv\/jaunumi\/baiba-rubesa-turpinas-izpildit-rb-rail-valdes-priekssedetajas-un-izpilddirektores-pienakums\/\"\n            >\n                <svg\n                    width=\"21\"\n                    height=\"21\"\n                    viewBox=\"0 0 21 21\"\n                    fill=\"none\"\n                    xmlns=\"http:\/\/www.w3.org\/2000\/svg\"\n                >\n                    <path\n                        d=\"M10.5205 20C15.7661 20 20 15.7455 20 10.4795C20 5.23392 15.7661 1 10.5205 1M10.5205 20C5.25446 20 1 15.7455 1 10.4795C1 5.23392 5.25446 1 10.5205 1M10.5205 20V1M18.7429 5.75H2.26324M18.7958 15.1345H2.21035M1.05135 10.5H19.9486M10.5103 20C13.1333 20 15.25 15.7455 15.25 10.4795C15.25 5.23392 13.1333 1 10.5103 1C7.87697 1 5.75 5.23392 5.75 10.4795C5.75 15.7455 7.87697 20 10.5103 20Z\"\n                        stroke=\"white\"\n                        stroke-linecap=\"round\"\n                        stroke-linejoin=\"round\"\n                    \/>\n                <\/svg>\n                <span\n                    class=\"absolute hidden translate-x-[-10px] translate-y-[30px]\"\n                >Copied!<\/span>\n            <\/button>\n        <\/li>\n    <\/ul>\n<\/div>\n\n                                    <time\n                        datetime=\"\"\n                        class=\"mb-2.5 flex text-xl text-blue\"\n                    >\n                        02.02.2018\n                    <\/time>\n                \n                                    <h1 class='h1 max-w-198'>\n            Baiba Rubesa toliau vykdo RB Rail \u012fmon\u0117s generalin\u0117s direktor\u0117s ir valdybos pirminink\u0117s pareigas\n        <\/h1>\n                \n                            <\/div>\n        <\/div>\n    <\/section>\n<section\n    class=\"overflow-hidden py-5 md:pt-10 md:pb-5 align wp-block-excerpt-block\"\n>\n    <div\n        class=\"container relative flex flex-col items-start z-10 md:text-xl lg:!px-4\"\n    >\n                    <div\n                class=\"textual w-full text-dark text-xl lg:px-12 md:mx-auto md:max-w-222 md:text-xl\"\n            >\n                L\u016bdzu, skatiet zem\u0101k, Baibas Rubesas, RB Rail izpilddirektores un valdes priek\u0161s\u0113d\u0113tajas ofici\u0101lo pazi\u0146ojumu saist\u012bb\u0101 ar vakardienas padomes tik\u0161anos.\n            <\/div>\n            <\/div>\n<\/section>\n<section\n    class=\"py-5 md:py-10 align wp-block-textual-block\"\n>\n    <div\n        class=\"container\"\n    >\n        <div\n            class=\"textual w-full text-xl text-dark break-words [&#038;_span]:!text-dark [&#038;_a]:!text-dark\"\n        >\n                            <p><strong><\/strong><\/p>\n\n                    <\/div>\n    <\/div>\n<\/section>\n<section\n    class=\"overflow-hidden py-5 md:pt-10 md:pb-5 align wp-block-image-block !pt-[0] !pb-[0]\"\n>\n    <div\n        class=\"container relative flex flex-col items-start z-10\"\n    >\n        <div\n            class=\"w-full text-lg text-dark\"\n        >\n                            <img decoding=\"async\"\n        src=\"https:\/\/www.railbaltica.org\/wp-content\/uploads\/2025\/08\/20171002_Portreti_RBRail_web_25-683x1024-1.jpg\"\n        alt=\"20171002_Portreti_RBRail_web_25-683&amp;#215;1024\"\n         title=\"20171002_Portreti_RBRail_web_25-683&amp;#215;1024\"         class=\"block w-auto h-auto max-w-full max-h-[600px]\"\n        loading=\"lazy\"\n    \/>\n                                <\/div>\n    <\/div>\n<\/section>\n<section\n    class=\"py-5 md:py-10 align wp-block-textual-block\"\n>\n    <div\n        class=\"container\"\n    >\n        <div\n            class=\"textual w-full text-xl text-dark break-words [&#038;_span]:!text-dark [&#038;_a]:!text-dark\"\n        >\n                            <p>Pastarieji dveji metai vadovaujant Rail Baltica projektui man buvo garb\u0117, daugeliu atvej\u0173 malonumas ir, be abejo, stati mokymosi kreiv\u0117 valdymo sud\u0117tingumo prasme. Kaip \u201eRB Rail\u201c generalin\u0117 direktor\u0117 ir valdybos pirminink\u0117 iki paskutin\u0117s minut\u0117s jau\u010diau nuolatin\u012f kai kuri\u0173 globalaus Rail Baltica projekto Steb\u0117toj\u0173 tarybos nari\u0173 ir naudos gav\u0117j\u0173 Estijoje, Latvijoje ir Lietuvoje pasiprie\u0161inim\u0105 mano siekiams u\u017etikrinti skaidr\u0173 ir efektyv\u0173, nurodytomis korporacin\u0117mis vertyb\u0117mis pagr\u012fst\u0105 \u0161io projekto \u012fgyvendinim\u0105. Mano asmenin\u0117 vizija \u2013 kad \u0161is projektas, u\u017e kur\u012f moka Baltijos \u0161ali\u0173 ir ES mokes\u010di\u0173 mok\u0117tojai, atne\u0161t\u0173 teising\u0105 ir ap\u010diuopiam\u0105 socialin\u0119-ekonomin\u0119 vert\u0119 Estijos, Latvijos ir Lietuvos visuomen\u0117ms bei ekonomikai, u\u017etikrint\u0173 did\u017eiausi\u0105 galim\u0105 europieti\u0161k\u0105 prid\u0117tin\u0119 vert\u0119, b\u016bt\u0173 daugiau nei papras\u010diausiai gele\u017einkelio infrastrukt\u016bros statyba. Be to, \u0161is projektas turi b\u016bti valdomas pa\u010diu efektyviausiu b\u016bdu \u2013 \u0161iandien taip n\u0117ra.<\/p>\n<p>2018 m. mes visi \u0161v\u0119sime Lietuvos, Estijos ir Latvijos valstybi\u0173 \u0161imtme\u010dius. \u0160ie metai tur\u0117t\u0173 b\u016bti reik\u0161mingi ir Baltijos \u0161imtme\u010dio projektui, galutinai u\u017etikrinant efektyv\u0173 Rail Baltica \u012fgyvendinim\u0105.<\/p>\n<p>\u012egyvendinant Rail Baltica projekt\u0105 \u0161iais metais bus itin svarbu patvirtinti infrastrukt\u016bros projektavimo gaires, priimti sprendimus d\u0117l gele\u017einkelio ruo\u017eo Kaunas\u2013Lenkijos \/ Lietuvos siena modernizavimo galimybi\u0173 studijos, infrastrukt\u016bros valdymo studijos \u2013 tai dvi Lietuvai ypa\u010d svarbios studijos. Tai bus metai, kai bus vykdomi svarb\u016bs projekto vykdymo organizavimo poky\u010diai, \u012fvedat itin integruot\u0105 projekto \u012fgyvendinimo model\u012f.<\/p>\n<p>\u0160iame kontekste did\u017eiuojuosi, kad i\u0161likau stipri ir neatsid\u016briau jokiose interes\u0173 konflikt\u0173 situacijose, kaip kai kurie Steb\u0117toj\u0173 tarybos nariai, priimantys sprendimus tuo pa\u010diu metu s\u0117d\u0117dami ant dviej\u0173 k\u0117d\u017ei\u0173 \u2013 b\u016bdami akcininkais ir dirbdami \u012fgyvendinan\u010diosiose institucijose ar net potenciali\u0173 tiek\u0117j\u0173 \u012fmon\u0117se, siekdami tiesiogiai paveikti, pavyzd\u017eiui, pirkim\u0173 procesus, taip nuolat reikalaudami\u00a0paaukoti m\u016bs\u0173 tarptautiniu m\u0105stu \u012fdiegtas pirkim\u0173 praktikas, ki\u0161damiesi \u012f vadovaujan\u010di\u0173j\u0173 darbuotoj\u0173 samdymo procesus, \u012fskaitant ir Steb\u0117toj\u0173 tarybos sprendim\u0105 trimis vidaus Auditoriais paskirti nacionalini\u0173 interes\u0173 turin\u010dius asmenis, o ne pasirinkti juos atviro ir skaidraus \u012fdarbinimo proceso b\u016bdu.\u00a0<\/p>\n<p>Pastaruosius dvejus metus \u201eRB Rail\u201c valdybai buvo primetama atsakomyb\u0117 u\u017e pasekmes, kurias suk\u0117l\u0117 l\u0117ti sprendim\u0173 pri\u0117mimo procesai, paveik\u0119 galimybes grei\u010diau vykdyti projekt\u0105, ir laiku \u012fvykdyti kai kurias veiklas. I\u0161 tikr\u0173j\u0173, bendros \u012fmon\u0117s Steb\u0117toj\u0173 taryba nuolat ribojo galimybes sukurti efektyviai dirban\u010di\u0105 \u201eRB Rail\u201c organizacij\u0105, d\u0117l to projekto \u012fgyvendinimo procesas tapo tik dar labiau sud\u0117tingesnis.\u00a0<\/p>\n<p>\u017dinau, kad pasirinkusi vadovautis auk\u0161tomis \u012fmon\u0117s valdymo, skaidrumo, s\u0105\u017einingo projekto \u012fgyvendinimo trij\u0173 \u0161ali\u0173 visuomen\u0117s labui, vertyb\u0117mis bei \u017ei\u016br\u0117ti toliau, nei baigiasi esam\u0173 nacionalini\u0173 gele\u017einkeli\u0173 \u012fmoni\u0173 krovini\u0173 srautai, esu \u201enepatogi\u201c generalin\u0117 direktor\u0117, atsisakiusi tenkinti specialiuosius akcinink\u0173 ir netgi naudos gav\u0117j\u0173 interesus.<\/p>\n<p>Nors i\u0161 akcinink\u0173 negavau jokio oficialaus prane\u0161imo, i\u0161skyrus 10 minu\u010di\u0173 trukm\u0117s susitikim\u0105 su \u201eRB Rail\u201c steb\u0117toj\u0173 tarybos pirmininkue ir Estijos Rail Baltica generaline direktore, \u017einau, kad du akcininkai nepasitik\u0117jim\u0105 manimi i\u0161rei\u0161k\u0117 d\u0117l mano iniciatyvos u\u017etikrinti kuo efektyvesn\u012f projekto valdym\u0105 ir koordinavim\u0105 sukuriant itin integruot\u0105 projekto \u012fgyvendinimo organizacij\u0105 \u2013 to reikalavo ir EK mobilumo, ir transporto generalinis direktoratas. Rail Baltica naudos gav\u0117j\u0173 susitarimas d\u0117l tokios organizacijos yra b\u016btina naujausios CEF3 finansavimo sutarties pasira\u0161ymo s\u0105lyga. Tai rei\u0161kia, jog tur\u0117tume vien\u0105 projekt\u0105 \u012fgyvendinan\u010di\u0105 \u012fmon\u0119 trijose \u0161alyse (ko ir buvo siekta \u012fsteigiant bendr\u0105 \u012fmon\u0119) u\u017etikrinant ma\u017eesnes administracines i\u0161laidas, tr\u016bkstam\u0173 Baltijos \u0161ali\u0173 specialist\u0173 \u012ftraukim\u0105 \u012f viso projekto \u012fgyvendinim\u0105, greitesn\u012f derinim\u0173 ir sprendim\u0173 pri\u0117mimo proces\u0105, ai\u0161kias atsakomyb\u0117s ribas. Turi b\u016bti \u012fmanoma u\u017etikrinti vieningos vizijos, strategijos ir standart\u0173 \u012fgyvendinim\u0105 visame projekte.\u00a0<\/p>\n<p>Noriu i\u0161reik\u0161ti nuo\u0161ird\u017eiausi\u0105 pad\u0117k\u0105 lanks\u010diai \u201eRB Rail\u201c komandai, palaikiusiai mane ir u\u017etikrinusiai, jog nepaisant min\u0117t\u0173 kli\u016b\u010di\u0173, mes u\u017etikrinome, kad mes jud\u0117jome \u012f priek\u012f, didinome pasitik\u0117jim\u0105 Rail Baltica \u012fgyvendinimu ir \u012f\u017eeng\u0117me \u012f projektavimo etap\u0105. Taip pat esu d\u0117kinga Europos Transporto Komisijai u\u017e j\u0173 ilgalaik\u0119 param\u0105 projektui, man ir m\u016bs\u0173 ai\u0161kiai vizijai \u2013 sukurti nauj\u0105 ekonomin\u012f koridori\u0173 \u0160iaur\u0117s Ryt\u0173 Europoje.\u00a0<\/p>\n\n                    <\/div>\n    <\/div>\n<\/section>\n<section\n    class=\"overflow-hidden py-5 md:pt-5 md:pb-10 align wp-block-button-cta-block !pt-[0]\"\n>\n    <div\n        class=\"container w-full relative flex flex-col items-start z-10\"\n    >\n        <div\n            class=\"w-full border-t border-dark pt-5 mt-4 md:mt-5 md:pt-10\"\n        >\n        <\/div>\n\n                    <a\n        href=\"\/lt\/naujienos\/\"\n                class=\"btn-outline-dark mx-auto\"\n    >\n        \n        Gr\u012f\u017eti \u012f visas naujienas\n        \n        \n    <\/a>\n            <\/div>\n<\/section>\n","protected":false},"excerpt":{"rendered":"<p>L\u016bdzu, skatiet zem\u0101k, Baibas Rubesas, RB Rail izpilddirektores un valdes priek\u0161s\u0113d\u0113tajas ofici\u0101lo pazi\u0146ojumu saist\u012bb\u0101 ar vakardienas padomes tik\u0161anos.<\/p>\n","protected":false},"featured_media":11792,"template":"","news_category":[],"class_list":["post-11796","news","type-news","status-publish","has-post-thumbnail","hentry"],"acf":[],"yoast_head":"<!-- This site is optimized with the Yoast SEO plugin v27.5 - https:\/\/yoast.com\/product\/yoast-seo-wordpress\/ -->\n<title>Baiba Rubesa turpin\u0101s izpild\u012bt RB Rail valdes priek\u0161s\u0113d\u0113t\u0101jas un izpilddirektores pien\u0101kums - RB<\/title>\n<meta name=\"robots\" content=\"index, follow, max-snippet:-1, max-image-preview:large, max-video-preview:-1\" \/>\n<link rel=\"canonical\" href=\"https:\/\/www.railbaltica.org\/lv\/jaunumi\/baiba-rubesa-turpinas-izpildit-rb-rail-valdes-priekssedetajas-un-izpilddirektores-pienakums\/\" \/>\n<meta property=\"og:locale\" content=\"lv_LV\" \/>\n<meta property=\"og:type\" content=\"article\" \/>\n<meta property=\"og:title\" content=\"Baiba Rubesa turpin\u0101s izpild\u012bt RB Rail valdes priek\u0161s\u0113d\u0113t\u0101jas un izpilddirektores pien\u0101kums - RB\" \/>\n<meta property=\"og:description\" content=\"L\u016bdzu, skatiet zem\u0101k, Baibas Rubesas, RB Rail izpilddirektores un valdes priek\u0161s\u0113d\u0113tajas ofici\u0101lo pazi\u0146ojumu saist\u012bb\u0101 ar vakardienas padomes tik\u0161anos.\" \/>\n<meta property=\"og:url\" content=\"https:\/\/www.railbaltica.org\/lv\/jaunumi\/baiba-rubesa-turpinas-izpildit-rb-rail-valdes-priekssedetajas-un-izpilddirektores-pienakums\/\" \/>\n<meta property=\"og:site_name\" content=\"RB\" \/>\n<meta property=\"article:modified_time\" content=\"2025-08-20T07:33:15+00:00\" \/>\n<meta property=\"og:image\" content=\"https:\/\/www.railbaltica.org\/wp-content\/uploads\/2025\/07\/20171002_Portreti_RBRail_web_26.jpg\" \/>\n\t<meta property=\"og:image:width\" content=\"1800\" \/>\n\t<meta property=\"og:image:height\" content=\"1201\" \/>\n\t<meta property=\"og:image:type\" content=\"image\/jpeg\" \/>\n<meta name=\"twitter:card\" content=\"summary_large_image\" \/>\n<script type=\"application\/ld+json\" class=\"yoast-schema-graph\">{\"@context\":\"https:\\\/\\\/schema.org\",\"@graph\":[{\"@type\":\"WebPage\",\"@id\":\"https:\\\/\\\/www.railbaltica.org\\\/lv\\\/jaunumi\\\/baiba-rubesa-turpinas-izpildit-rb-rail-valdes-priekssedetajas-un-izpilddirektores-pienakums\\\/\",\"url\":\"https:\\\/\\\/www.railbaltica.org\\\/lv\\\/jaunumi\\\/baiba-rubesa-turpinas-izpildit-rb-rail-valdes-priekssedetajas-un-izpilddirektores-pienakums\\\/\",\"name\":\"Baiba Rubesa turpin\u0101s izpild\u012bt RB Rail valdes priek\u0161s\u0113d\u0113t\u0101jas un izpilddirektores pien\u0101kums - RB\",\"isPartOf\":{\"@id\":\"https:\\\/\\\/www.railbaltica.org\\\/#website\"},\"primaryImageOfPage\":{\"@id\":\"https:\\\/\\\/www.railbaltica.org\\\/lv\\\/jaunumi\\\/baiba-rubesa-turpinas-izpildit-rb-rail-valdes-priekssedetajas-un-izpilddirektores-pienakums\\\/#primaryimage\"},\"image\":{\"@id\":\"https:\\\/\\\/www.railbaltica.org\\\/lv\\\/jaunumi\\\/baiba-rubesa-turpinas-izpildit-rb-rail-valdes-priekssedetajas-un-izpilddirektores-pienakums\\\/#primaryimage\"},\"thumbnailUrl\":\"https:\\\/\\\/www.railbaltica.org\\\/wp-content\\\/uploads\\\/2025\\\/07\\\/20171002_Portreti_RBRail_web_26.jpg\",\"datePublished\":\"2018-02-02T11:31:07+00:00\",\"dateModified\":\"2025-08-20T07:33:15+00:00\",\"breadcrumb\":{\"@id\":\"https:\\\/\\\/www.railbaltica.org\\\/lv\\\/jaunumi\\\/baiba-rubesa-turpinas-izpildit-rb-rail-valdes-priekssedetajas-un-izpilddirektores-pienakums\\\/#breadcrumb\"},\"inLanguage\":\"lv-LV\",\"potentialAction\":[{\"@type\":\"ReadAction\",\"target\":[\"https:\\\/\\\/www.railbaltica.org\\\/lv\\\/jaunumi\\\/baiba-rubesa-turpinas-izpildit-rb-rail-valdes-priekssedetajas-un-izpilddirektores-pienakums\\\/\"]}]},{\"@type\":\"ImageObject\",\"inLanguage\":\"lv-LV\",\"@id\":\"https:\\\/\\\/www.railbaltica.org\\\/lv\\\/jaunumi\\\/baiba-rubesa-turpinas-izpildit-rb-rail-valdes-priekssedetajas-un-izpilddirektores-pienakums\\\/#primaryimage\",\"url\":\"https:\\\/\\\/www.railbaltica.org\\\/wp-content\\\/uploads\\\/2025\\\/07\\\/20171002_Portreti_RBRail_web_26.jpg\",\"contentUrl\":\"https:\\\/\\\/www.railbaltica.org\\\/wp-content\\\/uploads\\\/2025\\\/07\\\/20171002_Portreti_RBRail_web_26.jpg\",\"width\":1800,\"height\":1201},{\"@type\":\"BreadcrumbList\",\"@id\":\"https:\\\/\\\/www.railbaltica.org\\\/lv\\\/jaunumi\\\/baiba-rubesa-turpinas-izpildit-rb-rail-valdes-priekssedetajas-un-izpilddirektores-pienakums\\\/#breadcrumb\",\"itemListElement\":[{\"@type\":\"ListItem\",\"position\":1,\"name\":\"Home\",\"item\":\"https:\\\/\\\/www.railbaltica.org\\\/lv\\\/\"},{\"@type\":\"ListItem\",\"position\":2,\"name\":\"Baiba Rubesa turpin\u0101s izpild\u012bt RB Rail valdes priek\u0161s\u0113d\u0113t\u0101jas un izpilddirektores pien\u0101kums\"}]},{\"@type\":\"WebSite\",\"@id\":\"https:\\\/\\\/www.railbaltica.org\\\/#website\",\"url\":\"https:\\\/\\\/www.railbaltica.org\\\/\",\"name\":\"RB\",\"description\":\"\",\"potentialAction\":[{\"@type\":\"SearchAction\",\"target\":{\"@type\":\"EntryPoint\",\"urlTemplate\":\"https:\\\/\\\/www.railbaltica.org\\\/?s={search_term_string}\"},\"query-input\":{\"@type\":\"PropertyValueSpecification\",\"valueRequired\":true,\"valueName\":\"search_term_string\"}}],\"inLanguage\":\"lv-LV\"}]}<\/script>\n<!-- \/ Yoast SEO plugin. -->","yoast_head_json":{"title":"Baiba Rubesa turpin\u0101s izpild\u012bt RB Rail valdes priek\u0161s\u0113d\u0113t\u0101jas un izpilddirektores pien\u0101kums - RB","robots":{"index":"index","follow":"follow","max-snippet":"max-snippet:-1","max-image-preview":"max-image-preview:large","max-video-preview":"max-video-preview:-1"},"canonical":"https:\/\/www.railbaltica.org\/lv\/jaunumi\/baiba-rubesa-turpinas-izpildit-rb-rail-valdes-priekssedetajas-un-izpilddirektores-pienakums\/","og_locale":"lv_LV","og_type":"article","og_title":"Baiba Rubesa turpin\u0101s izpild\u012bt RB Rail valdes priek\u0161s\u0113d\u0113t\u0101jas un izpilddirektores pien\u0101kums - RB","og_description":"L\u016bdzu, skatiet zem\u0101k, Baibas Rubesas, RB Rail izpilddirektores un valdes priek\u0161s\u0113d\u0113tajas ofici\u0101lo pazi\u0146ojumu saist\u012bb\u0101 ar vakardienas padomes tik\u0161anos.","og_url":"https:\/\/www.railbaltica.org\/lv\/jaunumi\/baiba-rubesa-turpinas-izpildit-rb-rail-valdes-priekssedetajas-un-izpilddirektores-pienakums\/","og_site_name":"RB","article_modified_time":"2025-08-20T07:33:15+00:00","og_image":[{"width":1800,"height":1201,"url":"https:\/\/www.railbaltica.org\/wp-content\/uploads\/2025\/07\/20171002_Portreti_RBRail_web_26.jpg","type":"image\/jpeg"}],"twitter_card":"summary_large_image","schema":{"@context":"https:\/\/schema.org","@graph":[{"@type":"WebPage","@id":"https:\/\/www.railbaltica.org\/lv\/jaunumi\/baiba-rubesa-turpinas-izpildit-rb-rail-valdes-priekssedetajas-un-izpilddirektores-pienakums\/","url":"https:\/\/www.railbaltica.org\/lv\/jaunumi\/baiba-rubesa-turpinas-izpildit-rb-rail-valdes-priekssedetajas-un-izpilddirektores-pienakums\/","name":"Baiba Rubesa turpin\u0101s izpild\u012bt RB Rail valdes priek\u0161s\u0113d\u0113t\u0101jas un izpilddirektores pien\u0101kums - RB","isPartOf":{"@id":"https:\/\/www.railbaltica.org\/#website"},"primaryImageOfPage":{"@id":"https:\/\/www.railbaltica.org\/lv\/jaunumi\/baiba-rubesa-turpinas-izpildit-rb-rail-valdes-priekssedetajas-un-izpilddirektores-pienakums\/#primaryimage"},"image":{"@id":"https:\/\/www.railbaltica.org\/lv\/jaunumi\/baiba-rubesa-turpinas-izpildit-rb-rail-valdes-priekssedetajas-un-izpilddirektores-pienakums\/#primaryimage"},"thumbnailUrl":"https:\/\/www.railbaltica.org\/wp-content\/uploads\/2025\/07\/20171002_Portreti_RBRail_web_26.jpg","datePublished":"2018-02-02T11:31:07+00:00","dateModified":"2025-08-20T07:33:15+00:00","breadcrumb":{"@id":"https:\/\/www.railbaltica.org\/lv\/jaunumi\/baiba-rubesa-turpinas-izpildit-rb-rail-valdes-priekssedetajas-un-izpilddirektores-pienakums\/#breadcrumb"},"inLanguage":"lv-LV","potentialAction":[{"@type":"ReadAction","target":["https:\/\/www.railbaltica.org\/lv\/jaunumi\/baiba-rubesa-turpinas-izpildit-rb-rail-valdes-priekssedetajas-un-izpilddirektores-pienakums\/"]}]},{"@type":"ImageObject","inLanguage":"lv-LV","@id":"https:\/\/www.railbaltica.org\/lv\/jaunumi\/baiba-rubesa-turpinas-izpildit-rb-rail-valdes-priekssedetajas-un-izpilddirektores-pienakums\/#primaryimage","url":"https:\/\/www.railbaltica.org\/wp-content\/uploads\/2025\/07\/20171002_Portreti_RBRail_web_26.jpg","contentUrl":"https:\/\/www.railbaltica.org\/wp-content\/uploads\/2025\/07\/20171002_Portreti_RBRail_web_26.jpg","width":1800,"height":1201},{"@type":"BreadcrumbList","@id":"https:\/\/www.railbaltica.org\/lv\/jaunumi\/baiba-rubesa-turpinas-izpildit-rb-rail-valdes-priekssedetajas-un-izpilddirektores-pienakums\/#breadcrumb","itemListElement":[{"@type":"ListItem","position":1,"name":"Home","item":"https:\/\/www.railbaltica.org\/lv\/"},{"@type":"ListItem","position":2,"name":"Baiba Rubesa turpin\u0101s izpild\u012bt RB Rail valdes priek\u0161s\u0113d\u0113t\u0101jas un izpilddirektores pien\u0101kums"}]},{"@type":"WebSite","@id":"https:\/\/www.railbaltica.org\/#website","url":"https:\/\/www.railbaltica.org\/","name":"RB","description":"","potentialAction":[{"@type":"SearchAction","target":{"@type":"EntryPoint","urlTemplate":"https:\/\/www.railbaltica.org\/?s={search_term_string}"},"query-input":{"@type":"PropertyValueSpecification","valueRequired":true,"valueName":"search_term_string"}}],"inLanguage":"lv-LV"}]}},"_links":{"self":[{"href":"https:\/\/www.railbaltica.org\/lv\/wp-json\/wp\/v2\/news\/11796","targetHints":{"allow":["GET"]}}],"collection":[{"href":"https:\/\/www.railbaltica.org\/lv\/wp-json\/wp\/v2\/news"}],"about":[{"href":"https:\/\/www.railbaltica.org\/lv\/wp-json\/wp\/v2\/types\/news"}],"wp:featuredmedia":[{"embeddable":true,"href":"https:\/\/www.railbaltica.org\/lv\/wp-json\/wp\/v2\/media\/11792"}],"wp:attachment":[{"href":"https:\/\/www.railbaltica.org\/lv\/wp-json\/wp\/v2\/media?parent=11796"}],"wp:term":[{"taxonomy":"news_category","embeddable":true,"href":"https:\/\/www.railbaltica.org\/lv\/wp-json\/wp\/v2\/news_category?post=11796"}],"curies":[{"name":"wp","href":"https:\/\/api.w.org\/{rel}","templated":true}]}}