{"id":11650,"date":"2017-11-03T06:58:15","date_gmt":"2017-11-03T06:58:15","guid":{"rendered":"https:\/\/www.railbaltica.org\/news\/darbu-sakusi-rail-baltica-projekta-riga-parinstitucionalas-koordinacijas-padome\/"},"modified":"2025-08-20T07:26:44","modified_gmt":"2025-08-20T07:26:44","slug":"darbu-sakusi-rail-baltica-projekta-riga-parinstitucionalas-koordinacijas-padome","status":"publish","type":"news","link":"https:\/\/www.railbaltica.org\/lv\/jaunumi\/darbu-sakusi-rail-baltica-projekta-riga-parinstitucionalas-koordinacijas-padome\/","title":{"rendered":"Darbu s\u0101kusi Rail Baltica projekta R\u012bg\u0101 p\u0101rinstitucion\u0101l\u0101s koordin\u0101cijas padome"},"content":{"rendered":"<section\n    class=\"align wp-block-hero-page-block relative flex overflow-hidden z-10 mt-20 md:mt-52\"\n>\n            <div\n            class=\"container md:!px-14\"\n        >\n            <div\n                class=\"bg-dark text-white rounded p-4 md:p-10\"\n            >\n                                <div\n    class=\"flex justify-between border-t pt-2.5 my-5 text-sm\"\n>\n    <span>Dalies ar jaunumiem\n<\/span>\n    <ul\n        class=\"flex items-center gap-5\"\n    >\n        <li>\n            <a\n                href=\"https:\/\/www.facebook.com\/sharer\/sharer.php?u=https%3A%2F%2Fwww.railbaltica.org%2Flv%2Fjaunumi%2Fdarbu-sakusi-rail-baltica-projekta-riga-parinstitucionalas-koordinacijas-padome%2F\"\n                target=\"_blank\"\n                rel=\"noopener noreferrer\"\n                aria-label=\"Share on Facebook\"\n                class=\"transition-opacity hover:opacity-75\"\n            >\n                <svg\n                    width=\"20\"\n                    height=\"20\"\n                    viewBox=\"0 0 20 20\"\n                    fill=\"none\"\n                    xmlns=\"http:\/\/www.w3.org\/2000\/svg\"\n                >\n                    <path\n                        d=\"M7.5 6.66667H5V10H7.5V20H11.6667V10H14.7017L15 6.66667H11.6667V5.2775C11.6667 4.48167 11.8267 4.16667 12.5958 4.16667H15V0H11.8267C8.83 0 7.5 1.31917 7.5 3.84583V6.66667Z\"\n                        fill=\"white\"\n                    \/>\n                <\/svg>\n            <\/a>\n        <\/li>\n        <li>\n            <a\n                href=\"https:\/\/twitter.com\/intent\/tweet?url=https%3A%2F%2Fwww.railbaltica.org%2Flv%2Fjaunumi%2Fdarbu-sakusi-rail-baltica-projekta-riga-parinstitucionalas-koordinacijas-padome%2F&amp;text=Darbu+s%C4%81kusi+Rail+Baltica+projekta+R%C4%ABg%C4%81+p%C4%81rinstitucion%C4%81l%C4%81s+koordin%C4%81cijas+padome\"\n                target=\"_blank\"\n                rel=\"noopener noreferrer\"\n                aria-label=\"Share on Twitter\"\n                class=\"transition-opacity hover:opacity-75\"\n            >\n                <svg\n                    width=\"20\"\n                    height=\"20\"\n                    viewBox=\"0 0 20 20\"\n                    fill=\"none\"\n                    xmlns=\"http:\/\/www.w3.org\/2000\/svg\"\n                >\n                    <path\n                        d=\"M14.7313 2.68748H17.238L11.763 8.88248L18.2038 17.3125H13.1597L9.20966 12.2L4.68966 17.3125H2.18299L8.03883 10.6866L1.86133 2.68665H7.03216L10.603 7.35998L14.7322 2.68665L14.7313 2.68748ZM13.8522 15.8275H15.2405L6.27716 4.09415H4.78716L13.8522 15.8275Z\"\n                        fill=\"white\"\n                    \/>\n                <\/svg>\n            <\/a>\n        <\/li>\n        <li>\n            <a\n                href=\"https:\/\/www.linkedin.com\/sharing\/share-offsite\/?url=https%3A%2F%2Fwww.railbaltica.org%2Flv%2Fjaunumi%2Fdarbu-sakusi-rail-baltica-projekta-riga-parinstitucionalas-koordinacijas-padome%2F\"\n                target=\"_blank\"\n                rel=\"noopener noreferrer\"\n                aria-label=\"Share on LinkedIn\"\n                class=\"transition-opacity hover:opacity-75\"\n            >\n                <svg\n                    width=\"20\"\n                    height=\"20\"\n                    viewBox=\"0 0 20 20\"\n                    fill=\"none\"\n                    xmlns=\"http:\/\/www.w3.org\/2000\/svg\"\n                >\n                    <path\n                        d=\"M18.4097 0.000139829H1.46998C1.27956 -0.00250476 1.09049 0.0323869 0.913553 0.102822C0.73662 0.173257 0.575295 0.277857 0.438791 0.410646C0.302287 0.543436 0.193279 0.701814 0.11799 0.876737C0.0427018 1.05166 0.00260836 1.2397 0 1.43012V18.5699C0.00260836 18.7603 0.0427018 18.9483 0.11799 19.1233C0.193279 19.2982 0.302287 19.4566 0.438791 19.5894C0.575295 19.7221 0.73662 19.8267 0.913553 19.8972C1.09049 19.9676 1.27956 20.0025 1.46998 19.9999H18.4097C18.6002 20.0025 18.7892 19.9676 18.9662 19.8972C19.1431 19.8267 19.3044 19.7221 19.4409 19.5894C19.5774 19.4566 19.6864 19.2982 19.7617 19.1233C19.837 18.9483 19.8771 18.7603 19.8797 18.5699V1.43012C19.8771 1.2397 19.837 1.05166 19.7617 0.876737C19.6864 0.701814 19.5774 0.543436 19.4409 0.410646C19.3044 0.277857 19.1431 0.173257 18.9662 0.102822C18.7892 0.0323869 18.6002 -0.00250476 18.4097 0.000139829ZM6.02992 16.7399H3.02996V7.74003H6.02992V16.7399ZM4.52994 6.48005C4.1162 6.48005 3.71942 6.31569 3.42687 6.02314C3.13431 5.73059 2.96996 5.3338 2.96996 4.92007C2.96996 4.50634 3.13431 4.10955 3.42687 3.817C3.71942 3.52445 4.1162 3.36009 4.52994 3.36009C4.74963 3.33518 4.97211 3.35695 5.1828 3.42398C5.3935 3.491 5.58766 3.60178 5.75258 3.74905C5.91749 3.89632 6.04944 4.07676 6.13979 4.27856C6.23013 4.48036 6.27683 4.69897 6.27683 4.92007C6.27683 5.14117 6.23013 5.35978 6.13979 5.56158C6.04944 5.76338 5.91749 5.94382 5.75258 6.09109C5.58766 6.23836 5.3935 6.34914 5.1828 6.41617C4.97211 6.48319 4.74963 6.50496 4.52994 6.48005ZM16.8498 16.7399H13.8498V11.91C13.8498 10.7 13.4198 9.91 12.3298 9.91C11.9925 9.91247 11.664 10.0183 11.3887 10.2132C11.1133 10.4081 10.9043 10.6827 10.7899 11C10.7116 11.235 10.6777 11.4826 10.6899 11.73V16.7299H7.68989V7.73003H10.6899V9.00001C10.9624 8.52713 11.3587 8.13755 11.8363 7.87323C12.3138 7.60892 12.8544 7.47989 13.3998 7.50003C15.3998 7.50003 16.8498 8.79002 16.8498 11.56V16.7399Z\"\n                        fill=\"white\"\n                    \/>\n                <\/svg>\n            <\/a>\n        <\/li>\n        <li>\n            <button\n                type=\"button\"\n                class=\"copy-url-btn relative my-auto flex transition-opacity hover:opacity-75\"\n                data-url=\"https:\/\/www.railbaltica.org\/lv\/jaunumi\/darbu-sakusi-rail-baltica-projekta-riga-parinstitucionalas-koordinacijas-padome\/\"\n            >\n                <svg\n                    width=\"21\"\n                    height=\"21\"\n                    viewBox=\"0 0 21 21\"\n                    fill=\"none\"\n                    xmlns=\"http:\/\/www.w3.org\/2000\/svg\"\n                >\n                    <path\n                        d=\"M10.5205 20C15.7661 20 20 15.7455 20 10.4795C20 5.23392 15.7661 1 10.5205 1M10.5205 20C5.25446 20 1 15.7455 1 10.4795C1 5.23392 5.25446 1 10.5205 1M10.5205 20V1M18.7429 5.75H2.26324M18.7958 15.1345H2.21035M1.05135 10.5H19.9486M10.5103 20C13.1333 20 15.25 15.7455 15.25 10.4795C15.25 5.23392 13.1333 1 10.5103 1C7.87697 1 5.75 5.23392 5.75 10.4795C5.75 15.7455 7.87697 20 10.5103 20Z\"\n                        stroke=\"white\"\n                        stroke-linecap=\"round\"\n                        stroke-linejoin=\"round\"\n                    \/>\n                <\/svg>\n                <span\n                    class=\"absolute hidden translate-x-[-10px] translate-y-[30px]\"\n                >Copied!<\/span>\n            <\/button>\n        <\/li>\n    <\/ul>\n<\/div>\n\n                                    <time\n                        datetime=\"\"\n                        class=\"mb-2.5 flex text-xl text-blue\"\n                    >\n                        03.11.2017\n                    <\/time>\n                \n                                    <h1 class='h1 max-w-198'>\n            Darbu s\u0101kusi Rail Baltica projekta R\u012bg\u0101 p\u0101rinstitucion\u0101l\u0101s koordin\u0101cijas padome\n        <\/h1>\n                \n                            <\/div>\n        <\/div>\n    <\/section>\n\n<section\n    class=\"overflow-hidden py-5 md:pt-10 md:pb-5 align wp-block-excerpt-block\"\n>\n    <div\n        class=\"container relative flex flex-col items-start z-10 md:text-xl lg:!px-4\"\n    >\n                    <div\n                class=\"textual w-full text-dark text-xl lg:px-12 md:mx-auto md:max-w-222 md:text-xl\"\n            >\n                Tre\u0161dien, 1.novembr\u012b, notika\u00a0Rail Baltica\u00a0projekta R\u012bg\u0101 p\u0101rinstitucion\u0101las koordin\u0101cijas padomes pirm\u0101 s\u0113de, kur\u0101 tika defin\u0113ti jau konkr\u0113ti darba segmenti harmoniskai pils\u0113tvides att\u012bst\u012bbai:\u00a0Centr\u0101l\u0101 dzelzce\u013ca stacija un ar to saist\u012bt\u0101 infrastrukt\u016bra, Tor\u0146akalna multimod\u0101lais centrs un ar to saist\u012bt\u0101 infrastrukt\u016bra, k\u0101 ar\u012b citi\u00a0Rail Baltica\u00a0infrastrukt\u016bras \u0161\u0137\u0113rsojumi R\u012bgas teritorij\u0101.\n            <\/div>\n            <\/div>\n<\/section>\n<section\n    class=\"py-5 md:py-10 align wp-block-textual-block\"\n>\n    <div\n        class=\"container\"\n    >\n        <div\n            class=\"textual w-full text-xl text-dark break-words [&#038;_span]:!text-dark [&#038;_a]:!text-dark\"\n        >\n                            <p><strong>Tre\u0161dien, 1.novembr\u012b, notika\u00a0<em>Rail Baltica<\/em><\/strong><strong>Centr\u0101l\u0101 dzelzce\u013ca stacija un ar to saist\u012bt\u0101 infrastrukt\u016bra, Tor\u0146akalna multimod\u0101lais centrs un ar to saist\u012bt\u0101 infrastrukt\u016bra, k\u0101 ar\u012b citi\u00a0<em>Rail Baltica<\/em>\u00a0infrastrukt\u016bras \u0161\u0137\u0113rsojumi R\u012bgas teritorij\u0101.<\/strong><\/p>\n<p>S\u0113di atkl\u0101ja satiksmes ministrs Uldis Augulis, uzsverot kop\u012bg\u0101 darba noz\u012bmi, lai R\u012bgas pils\u0113ta un\u00a0<em>Rail Baltica<\/em>\u00a0projekts siner\u0123ij\u0101 sniegtu iesp\u0113jas un ieguvums gan R\u012bgas pils\u0113tai, gan Latvijas ekonomikai. Savuk\u0101rt R\u012bgas domes priek\u0161s\u0113d\u0113t\u0101js Nils U\u0161akovs nor\u0101d\u012bja, ka\u00a0<em>Rail Baltica<\/em>\u00a0projekts kardin\u0101li main\u012bs R\u012bgas centru, t\u0101p\u0113c ir kop\u0101 j\u0101str\u0101d\u0101, lai R\u012bga k\u013c\u016btu par skaist\u0101ku, dro\u0161\u0101ku un satiksmes l\u012bmen\u012b labi organiz\u0113tu pils\u0113tu.<\/p>\n<p>Projekta\u00a0<em>Rail Baltica<\/em>\u00a0att\u012bst\u012b\u0161an\u0101 jau ilg\u0101ku laiku kop\u0101 str\u0101d\u0101 darba grupas, kur\u0101s iesaist\u012bti gan R\u012bgas domes, gan Satiksmes ministrijas, gan\u00a0<em>Latvijas dzelzce\u013ca<\/em>\u00a0un\u00a0<em>Eiropas Dzelzce\u013ca l\u012bniju\u00a0<\/em>darbinieki, padomes darba fokus\u0101 b\u016bs saist\u012bto projektu loks, kas rodas ar jaun\u0101 dzelzce\u013ca ievie\u0161anu. San\u0101ksmes dal\u012bbnieki uzklaus\u012bja\u00a0<em>RB Rail<\/em>\u00a0un\u00a0<em>Eiropas Dzelzce\u013ca l\u012bnijas<\/em>\u00a0p\u0101rst\u0101vju zi\u0146ojumus par\u00a0<em>Rail Baltica<\/em>\u00a0projekta att\u012bst\u012bbu Latvij\u0101 un vis\u0101s trij\u0101s Baltijas valst\u012bs. Savuk\u0101rt R\u012bgas domes p\u0101rst\u0101vji iepaz\u012bstin\u0101ja san\u0101ksmes dal\u012bbniekus ar saist\u012btiem projektiem R\u012bg\u0101.<\/p>\n<p>San\u0101ksmes dal\u012bbnieki vienoj\u0101s, ka Padom\u0113 iesaist\u012bto iest\u0101\u017eu un organiz\u0101ciju sadarb\u012bba turpin\u0101si<\/p>\n\n                    <\/div>\n    <\/div>\n<\/section>\n\n\n<section\n    class=\"overflow-hidden py-5 md:pt-10 md:pb-5 align wp-block-image-block !pt-[0] !pb-[0]\"\n>\n    <div\n        class=\"container relative flex flex-col items-start z-10\"\n    >\n        <div\n            class=\"w-full text-lg text-dark\"\n        >\n                            <img decoding=\"async\"\n        src=\"https:\/\/www.railbaltica.org\/wp-content\/uploads\/2025\/08\/38086416371_f8e41a975c_z.jpg\"\n        alt=\"38086416371_f8e41a975c_z\"\n         title=\"38086416371_f8e41a975c_z\"         class=\"block w-auto h-auto max-w-full max-h-[600px]\"\n        loading=\"lazy\"\n    \/>\n                                <\/div>\n    <\/div>\n<\/section>\n\n\n<section\n    class=\"py-5 md:py-10 align wp-block-textual-block\"\n>\n    <div\n        class=\"container\"\n    >\n        <div\n            class=\"textual w-full text-xl text-dark break-words [&#038;_span]:!text-dark [&#038;_a]:!text-dark\"\n        >\n                            <p>es jau izveidoto darba grupu ietvaros, kas sav\u0101 darb\u0101 \u0146ems v\u0113r\u0101 Padomes vieno\u0161an\u0101s un rekomend\u0101cijas, k\u0101 ar\u012b, ka Padomes locek\u013ci var nomin\u0113t ekspertus darbam un par aktu\u0101lo darba k\u0101rt\u012bbu Padomes locek\u013ci vienojas regul\u0101r\u0101s san\u0101ksm\u0113s, kas sasaucamas atbilsto\u0161i nepiecie\u0161am\u012bbai.<\/p>\n<p>Padome izveidota, \u0146emot v\u0113r\u0101 ekspertu un kompetento instit\u016bciju rekomend\u0101cijas, k\u0101 ar\u012b, lai turpin\u0101tu vienota skat\u012bjuma uz apk\u0101rt\u0113jo pils\u0113tvidi veido\u0161anu, j\u0113gpilnu invest\u012bciju piesaisti un veicin\u0101tu R\u012bgas pils\u0113tas harmonisku att\u012bst\u012bbu. Padome \u012bstenos valsts un R\u012bgas pils\u0113tas pa\u0161vald\u012bbas\u00a0 sadarb\u012bbu, k\u0101 ar\u012b veicin\u0101s tre\u0161o pu\u0161u l\u012bdzdal\u012bbu un pl\u0101notu finan\u0161u piesaisti.<\/p>\n<p>Padom\u0113 iesaist\u012bti p\u0101rst\u0101vji no ministrij\u0101m, R\u012bgas Domes, valsts instit\u016bcij\u0101m, lai sniegtu priek\u0161likumus papildus iesp\u0113ju realiz\u0113\u0161anai R\u012bgas pils\u0113t\u0101, ko rada\u00a0<em>Rail Baltica<\/em>\u00a0projekta ievie\u0161ana. Padomes l\u012bdzpriek\u0161s\u0113d\u0113t\u0101ji ir satiksmes ministrs Uldis Augulis un R\u012bgas domes priek\u0161s\u0113d\u0113t\u0101js Nils U\u0161akovs.<\/p>\n<p>Padomes galvenais uzdevums b\u016bs izv\u0113rt\u0113t ar\u00a0<em>Rail Baltica<\/em>\u00a0projekta ievie\u0161anu saist\u012bto situ\u0101ciju R\u012bgas pils\u0113tas teritorij\u0101 un sniegt priek\u0161likumus papildus iesp\u0113ju realiz\u0113\u0161anai R\u012bgas pils\u0113t\u0101. T\u0101pat padome veicin\u0101s min\u0113to instit\u016bciju sadarb\u012bbu papildus iesp\u0113ju realiz\u0113\u0161anai R\u012bgas pils\u0113t\u0101, identific\u0113s probl\u0113mas, kas kav\u0113 R\u012bgas un\u00a0<em>Rail Baltica<\/em>\u00a0harmonisku att\u012bst\u012bbu un sniegs atbild\u012bgaj\u0101m instit\u016bcij\u0101m priek\u0161likumus \u0161o probl\u0113mu nov\u0113r\u0161anai. Vienlaikus padome sniegs priek\u0161likumus \u012bstermi\u0146a un ilgtermi\u0146a finans\u0113juma piesaistei.<\/p>\n<p><em>Avots: www.sam.gov.lv<\/em><\/p>\n\n                    <\/div>\n    <\/div>\n<\/section>\n\n\n\n<section\n    class=\"overflow-hidden py-5 md:pt-5 md:pb-10 align wp-block-button-cta-block !pt-[0]\"\n>\n    <div\n        class=\"container w-full relative flex flex-col items-start z-10\"\n    >\n        <div\n            class=\"w-full border-t border-dark pt-5 mt-4 md:mt-5 md:pt-10\"\n        >\n        <\/div>\n\n                    <a\n        href=\"\/lv\/zinas\/\"\n                class=\"btn-outline-dark mx-auto\"\n    >\n        \n        Atpaka\u013c zi\u0146\u0101m\n        \n        \n    <\/a>\n            <\/div>\n<\/section>\n","protected":false},"excerpt":{"rendered":"<p>Tre\u0161dien, 1.novembr\u012b, notika\u00a0Rail Baltica\u00a0projekta R\u012bg\u0101 p\u0101rinstitucion\u0101las koordin\u0101cijas padomes pirm\u0101 s\u0113de, kur\u0101 tika defin\u0113ti jau konkr\u0113ti darba segmenti harmoniskai pils\u0113tvides att\u012bst\u012bbai:\u00a0Centr\u0101l\u0101 dzelzce\u013ca stacija un ar to saist\u012bt\u0101 infrastrukt\u016bra, Tor\u0146akalna multimod\u0101lais centrs un ar to saist\u012bt\u0101 infrastrukt\u016bra, k\u0101 ar\u012b citi\u00a0Rail Baltica\u00a0infrastrukt\u016bras \u0161\u0137\u0113rsojumi R\u012bgas teritorij\u0101.<\/p>\n","protected":false},"featured_media":28841,"template":"","news_category":[],"class_list":["post-11650","news","type-news","status-publish","has-post-thumbnail","hentry"],"acf":[],"yoast_head":"<!-- This site is optimized with the Yoast SEO plugin v27.5 - https:\/\/yoast.com\/product\/yoast-seo-wordpress\/ -->\n<title>Darbu s\u0101kusi Rail Baltica projekta R\u012bg\u0101 p\u0101rinstitucion\u0101l\u0101s koordin\u0101cijas padome - RB<\/title>\n<meta name=\"robots\" content=\"index, follow, max-snippet:-1, max-image-preview:large, max-video-preview:-1\" \/>\n<link rel=\"canonical\" href=\"https:\/\/www.railbaltica.org\/lv\/jaunumi\/darbu-sakusi-rail-baltica-projekta-riga-parinstitucionalas-koordinacijas-padome\/\" \/>\n<meta property=\"og:locale\" content=\"lv_LV\" \/>\n<meta property=\"og:type\" content=\"article\" \/>\n<meta property=\"og:title\" content=\"Darbu s\u0101kusi Rail Baltica projekta R\u012bg\u0101 p\u0101rinstitucion\u0101l\u0101s koordin\u0101cijas padome - RB\" \/>\n<meta property=\"og:description\" content=\"Tre\u0161dien, 1.novembr\u012b, notika\u00a0Rail Baltica\u00a0projekta R\u012bg\u0101 p\u0101rinstitucion\u0101las koordin\u0101cijas padomes pirm\u0101 s\u0113de, kur\u0101 tika defin\u0113ti jau konkr\u0113ti darba segmenti harmoniskai pils\u0113tvides att\u012bst\u012bbai:\u00a0Centr\u0101l\u0101 dzelzce\u013ca stacija un ar to saist\u012bt\u0101 infrastrukt\u016bra, Tor\u0146akalna multimod\u0101lais centrs un ar to saist\u012bt\u0101 infrastrukt\u016bra, k\u0101 ar\u012b citi\u00a0Rail Baltica\u00a0infrastrukt\u016bras \u0161\u0137\u0113rsojumi R\u012bgas teritorij\u0101.\" \/>\n<meta property=\"og:url\" content=\"https:\/\/www.railbaltica.org\/lv\/jaunumi\/darbu-sakusi-rail-baltica-projekta-riga-parinstitucionalas-koordinacijas-padome\/\" \/>\n<meta property=\"og:site_name\" content=\"RB\" \/>\n<meta property=\"article:modified_time\" content=\"2025-08-20T07:26:44+00:00\" \/>\n<meta property=\"og:image\" content=\"https:\/\/www.railbaltica.org\/wp-content\/uploads\/2025\/08\/38086416371_f8e41a975c_z.jpg\" \/>\n\t<meta property=\"og:image:width\" content=\"640\" \/>\n\t<meta property=\"og:image:height\" content=\"427\" \/>\n\t<meta property=\"og:image:type\" content=\"image\/jpeg\" \/>\n<meta name=\"twitter:card\" content=\"summary_large_image\" \/>\n<script type=\"application\/ld+json\" class=\"yoast-schema-graph\">{\"@context\":\"https:\\\/\\\/schema.org\",\"@graph\":[{\"@type\":\"WebPage\",\"@id\":\"https:\\\/\\\/www.railbaltica.org\\\/lv\\\/jaunumi\\\/darbu-sakusi-rail-baltica-projekta-riga-parinstitucionalas-koordinacijas-padome\\\/\",\"url\":\"https:\\\/\\\/www.railbaltica.org\\\/lv\\\/jaunumi\\\/darbu-sakusi-rail-baltica-projekta-riga-parinstitucionalas-koordinacijas-padome\\\/\",\"name\":\"Darbu s\u0101kusi Rail Baltica projekta R\u012bg\u0101 p\u0101rinstitucion\u0101l\u0101s koordin\u0101cijas padome - RB\",\"isPartOf\":{\"@id\":\"https:\\\/\\\/www.railbaltica.org\\\/#website\"},\"primaryImageOfPage\":{\"@id\":\"https:\\\/\\\/www.railbaltica.org\\\/lv\\\/jaunumi\\\/darbu-sakusi-rail-baltica-projekta-riga-parinstitucionalas-koordinacijas-padome\\\/#primaryimage\"},\"image\":{\"@id\":\"https:\\\/\\\/www.railbaltica.org\\\/lv\\\/jaunumi\\\/darbu-sakusi-rail-baltica-projekta-riga-parinstitucionalas-koordinacijas-padome\\\/#primaryimage\"},\"thumbnailUrl\":\"https:\\\/\\\/www.railbaltica.org\\\/wp-content\\\/uploads\\\/2025\\\/08\\\/38086416371_f8e41a975c_z.jpg\",\"datePublished\":\"2017-11-03T06:58:15+00:00\",\"dateModified\":\"2025-08-20T07:26:44+00:00\",\"breadcrumb\":{\"@id\":\"https:\\\/\\\/www.railbaltica.org\\\/lv\\\/jaunumi\\\/darbu-sakusi-rail-baltica-projekta-riga-parinstitucionalas-koordinacijas-padome\\\/#breadcrumb\"},\"inLanguage\":\"lv-LV\",\"potentialAction\":[{\"@type\":\"ReadAction\",\"target\":[\"https:\\\/\\\/www.railbaltica.org\\\/lv\\\/jaunumi\\\/darbu-sakusi-rail-baltica-projekta-riga-parinstitucionalas-koordinacijas-padome\\\/\"]}]},{\"@type\":\"ImageObject\",\"inLanguage\":\"lv-LV\",\"@id\":\"https:\\\/\\\/www.railbaltica.org\\\/lv\\\/jaunumi\\\/darbu-sakusi-rail-baltica-projekta-riga-parinstitucionalas-koordinacijas-padome\\\/#primaryimage\",\"url\":\"https:\\\/\\\/www.railbaltica.org\\\/wp-content\\\/uploads\\\/2025\\\/08\\\/38086416371_f8e41a975c_z.jpg\",\"contentUrl\":\"https:\\\/\\\/www.railbaltica.org\\\/wp-content\\\/uploads\\\/2025\\\/08\\\/38086416371_f8e41a975c_z.jpg\",\"width\":640,\"height\":427},{\"@type\":\"BreadcrumbList\",\"@id\":\"https:\\\/\\\/www.railbaltica.org\\\/lv\\\/jaunumi\\\/darbu-sakusi-rail-baltica-projekta-riga-parinstitucionalas-koordinacijas-padome\\\/#breadcrumb\",\"itemListElement\":[{\"@type\":\"ListItem\",\"position\":1,\"name\":\"Home\",\"item\":\"https:\\\/\\\/www.railbaltica.org\\\/lv\\\/\"},{\"@type\":\"ListItem\",\"position\":2,\"name\":\"Darbu s\u0101kusi Rail Baltica projekta R\u012bg\u0101 p\u0101rinstitucion\u0101l\u0101s koordin\u0101cijas padome\"}]},{\"@type\":\"WebSite\",\"@id\":\"https:\\\/\\\/www.railbaltica.org\\\/#website\",\"url\":\"https:\\\/\\\/www.railbaltica.org\\\/\",\"name\":\"RB\",\"description\":\"\",\"potentialAction\":[{\"@type\":\"SearchAction\",\"target\":{\"@type\":\"EntryPoint\",\"urlTemplate\":\"https:\\\/\\\/www.railbaltica.org\\\/?s={search_term_string}\"},\"query-input\":{\"@type\":\"PropertyValueSpecification\",\"valueRequired\":true,\"valueName\":\"search_term_string\"}}],\"inLanguage\":\"lv-LV\"}]}<\/script>\n<!-- \/ Yoast SEO plugin. -->","yoast_head_json":{"title":"Darbu s\u0101kusi Rail Baltica projekta R\u012bg\u0101 p\u0101rinstitucion\u0101l\u0101s koordin\u0101cijas padome - RB","robots":{"index":"index","follow":"follow","max-snippet":"max-snippet:-1","max-image-preview":"max-image-preview:large","max-video-preview":"max-video-preview:-1"},"canonical":"https:\/\/www.railbaltica.org\/lv\/jaunumi\/darbu-sakusi-rail-baltica-projekta-riga-parinstitucionalas-koordinacijas-padome\/","og_locale":"lv_LV","og_type":"article","og_title":"Darbu s\u0101kusi Rail Baltica projekta R\u012bg\u0101 p\u0101rinstitucion\u0101l\u0101s koordin\u0101cijas padome - RB","og_description":"Tre\u0161dien, 1.novembr\u012b, notika\u00a0Rail Baltica\u00a0projekta R\u012bg\u0101 p\u0101rinstitucion\u0101las koordin\u0101cijas padomes pirm\u0101 s\u0113de, kur\u0101 tika defin\u0113ti jau konkr\u0113ti darba segmenti harmoniskai pils\u0113tvides att\u012bst\u012bbai:\u00a0Centr\u0101l\u0101 dzelzce\u013ca stacija un ar to saist\u012bt\u0101 infrastrukt\u016bra, Tor\u0146akalna multimod\u0101lais centrs un ar to saist\u012bt\u0101 infrastrukt\u016bra, k\u0101 ar\u012b citi\u00a0Rail Baltica\u00a0infrastrukt\u016bras \u0161\u0137\u0113rsojumi R\u012bgas teritorij\u0101.","og_url":"https:\/\/www.railbaltica.org\/lv\/jaunumi\/darbu-sakusi-rail-baltica-projekta-riga-parinstitucionalas-koordinacijas-padome\/","og_site_name":"RB","article_modified_time":"2025-08-20T07:26:44+00:00","og_image":[{"width":640,"height":427,"url":"https:\/\/www.railbaltica.org\/wp-content\/uploads\/2025\/08\/38086416371_f8e41a975c_z.jpg","type":"image\/jpeg"}],"twitter_card":"summary_large_image","schema":{"@context":"https:\/\/schema.org","@graph":[{"@type":"WebPage","@id":"https:\/\/www.railbaltica.org\/lv\/jaunumi\/darbu-sakusi-rail-baltica-projekta-riga-parinstitucionalas-koordinacijas-padome\/","url":"https:\/\/www.railbaltica.org\/lv\/jaunumi\/darbu-sakusi-rail-baltica-projekta-riga-parinstitucionalas-koordinacijas-padome\/","name":"Darbu s\u0101kusi Rail Baltica projekta R\u012bg\u0101 p\u0101rinstitucion\u0101l\u0101s koordin\u0101cijas padome - RB","isPartOf":{"@id":"https:\/\/www.railbaltica.org\/#website"},"primaryImageOfPage":{"@id":"https:\/\/www.railbaltica.org\/lv\/jaunumi\/darbu-sakusi-rail-baltica-projekta-riga-parinstitucionalas-koordinacijas-padome\/#primaryimage"},"image":{"@id":"https:\/\/www.railbaltica.org\/lv\/jaunumi\/darbu-sakusi-rail-baltica-projekta-riga-parinstitucionalas-koordinacijas-padome\/#primaryimage"},"thumbnailUrl":"https:\/\/www.railbaltica.org\/wp-content\/uploads\/2025\/08\/38086416371_f8e41a975c_z.jpg","datePublished":"2017-11-03T06:58:15+00:00","dateModified":"2025-08-20T07:26:44+00:00","breadcrumb":{"@id":"https:\/\/www.railbaltica.org\/lv\/jaunumi\/darbu-sakusi-rail-baltica-projekta-riga-parinstitucionalas-koordinacijas-padome\/#breadcrumb"},"inLanguage":"lv-LV","potentialAction":[{"@type":"ReadAction","target":["https:\/\/www.railbaltica.org\/lv\/jaunumi\/darbu-sakusi-rail-baltica-projekta-riga-parinstitucionalas-koordinacijas-padome\/"]}]},{"@type":"ImageObject","inLanguage":"lv-LV","@id":"https:\/\/www.railbaltica.org\/lv\/jaunumi\/darbu-sakusi-rail-baltica-projekta-riga-parinstitucionalas-koordinacijas-padome\/#primaryimage","url":"https:\/\/www.railbaltica.org\/wp-content\/uploads\/2025\/08\/38086416371_f8e41a975c_z.jpg","contentUrl":"https:\/\/www.railbaltica.org\/wp-content\/uploads\/2025\/08\/38086416371_f8e41a975c_z.jpg","width":640,"height":427},{"@type":"BreadcrumbList","@id":"https:\/\/www.railbaltica.org\/lv\/jaunumi\/darbu-sakusi-rail-baltica-projekta-riga-parinstitucionalas-koordinacijas-padome\/#breadcrumb","itemListElement":[{"@type":"ListItem","position":1,"name":"Home","item":"https:\/\/www.railbaltica.org\/lv\/"},{"@type":"ListItem","position":2,"name":"Darbu s\u0101kusi Rail Baltica projekta R\u012bg\u0101 p\u0101rinstitucion\u0101l\u0101s koordin\u0101cijas padome"}]},{"@type":"WebSite","@id":"https:\/\/www.railbaltica.org\/#website","url":"https:\/\/www.railbaltica.org\/","name":"RB","description":"","potentialAction":[{"@type":"SearchAction","target":{"@type":"EntryPoint","urlTemplate":"https:\/\/www.railbaltica.org\/?s={search_term_string}"},"query-input":{"@type":"PropertyValueSpecification","valueRequired":true,"valueName":"search_term_string"}}],"inLanguage":"lv-LV"}]}},"_links":{"self":[{"href":"https:\/\/www.railbaltica.org\/lv\/wp-json\/wp\/v2\/news\/11650","targetHints":{"allow":["GET"]}}],"collection":[{"href":"https:\/\/www.railbaltica.org\/lv\/wp-json\/wp\/v2\/news"}],"about":[{"href":"https:\/\/www.railbaltica.org\/lv\/wp-json\/wp\/v2\/types\/news"}],"wp:featuredmedia":[{"embeddable":true,"href":"https:\/\/www.railbaltica.org\/lv\/wp-json\/wp\/v2\/media\/28841"}],"wp:attachment":[{"href":"https:\/\/www.railbaltica.org\/lv\/wp-json\/wp\/v2\/media?parent=11650"}],"wp:term":[{"taxonomy":"news_category","embeddable":true,"href":"https:\/\/www.railbaltica.org\/lv\/wp-json\/wp\/v2\/news_category?post=11650"}],"curies":[{"name":"wp","href":"https:\/\/api.w.org\/{rel}","templated":true}]}}