{"id":11521,"date":"2017-06-22T06:48:53","date_gmt":"2017-06-22T06:48:53","guid":{"rendered":"https:\/\/www.railbaltica.org\/news\/prezente-rail-baltica-g7-valstu-satiksmes-ministru-sanaksme\/"},"modified":"2025-08-21T18:20:14","modified_gmt":"2025-08-21T18:20:14","slug":"prezente-rail-baltica-g7-valstu-satiksmes-ministru-sanaksme","status":"publish","type":"news","link":"https:\/\/www.railbaltica.org\/lv\/jaunumi\/prezente-rail-baltica-g7-valstu-satiksmes-ministru-sanaksme\/","title":{"rendered":"Prezent\u0113 Rail Baltica G7 valstu Satiksmes ministru san\u0101ksm\u0113"},"content":{"rendered":"<section\n    class=\"align wp-block-hero-page-block relative flex overflow-hidden z-10 mt-20 md:mt-52\"\n>\n            <div\n            class=\"container md:!px-14\"\n        >\n            <div\n                class=\"bg-dark text-white rounded p-4 md:p-10\"\n            >\n                                <div\n    class=\"flex justify-between border-t pt-2.5 my-5 text-sm\"\n>\n    <span>Dalies ar jaunumiem\n<\/span>\n    <ul\n        class=\"flex items-center gap-5\"\n    >\n        <li>\n            <a\n                href=\"https:\/\/www.facebook.com\/sharer\/sharer.php?u=https%3A%2F%2Fwww.railbaltica.org%2Flv%2Fjaunumi%2Fprezente-rail-baltica-g7-valstu-satiksmes-ministru-sanaksme%2F\"\n                target=\"_blank\"\n                rel=\"noopener noreferrer\"\n                aria-label=\"Share on Facebook\"\n                class=\"transition-opacity hover:opacity-75\"\n            >\n                <svg\n                    width=\"20\"\n                    height=\"20\"\n                    viewBox=\"0 0 20 20\"\n                    fill=\"none\"\n                    xmlns=\"http:\/\/www.w3.org\/2000\/svg\"\n                >\n                    <path\n                        d=\"M7.5 6.66667H5V10H7.5V20H11.6667V10H14.7017L15 6.66667H11.6667V5.2775C11.6667 4.48167 11.8267 4.16667 12.5958 4.16667H15V0H11.8267C8.83 0 7.5 1.31917 7.5 3.84583V6.66667Z\"\n                        fill=\"white\"\n                    \/>\n                <\/svg>\n            <\/a>\n        <\/li>\n        <li>\n            <a\n                href=\"https:\/\/twitter.com\/intent\/tweet?url=https%3A%2F%2Fwww.railbaltica.org%2Flv%2Fjaunumi%2Fprezente-rail-baltica-g7-valstu-satiksmes-ministru-sanaksme%2F&amp;text=Prezent%C4%93+Rail+Baltica+G7+valstu+Satiksmes+ministru+san%C4%81ksm%C4%93\"\n                target=\"_blank\"\n                rel=\"noopener noreferrer\"\n                aria-label=\"Share on Twitter\"\n                class=\"transition-opacity hover:opacity-75\"\n            >\n                <svg\n                    width=\"20\"\n                    height=\"20\"\n                    viewBox=\"0 0 20 20\"\n                    fill=\"none\"\n                    xmlns=\"http:\/\/www.w3.org\/2000\/svg\"\n                >\n                    <path\n                        d=\"M14.7313 2.68748H17.238L11.763 8.88248L18.2038 17.3125H13.1597L9.20966 12.2L4.68966 17.3125H2.18299L8.03883 10.6866L1.86133 2.68665H7.03216L10.603 7.35998L14.7322 2.68665L14.7313 2.68748ZM13.8522 15.8275H15.2405L6.27716 4.09415H4.78716L13.8522 15.8275Z\"\n                        fill=\"white\"\n                    \/>\n                <\/svg>\n            <\/a>\n        <\/li>\n        <li>\n            <a\n                href=\"https:\/\/www.linkedin.com\/sharing\/share-offsite\/?url=https%3A%2F%2Fwww.railbaltica.org%2Flv%2Fjaunumi%2Fprezente-rail-baltica-g7-valstu-satiksmes-ministru-sanaksme%2F\"\n                target=\"_blank\"\n                rel=\"noopener noreferrer\"\n                aria-label=\"Share on LinkedIn\"\n                class=\"transition-opacity hover:opacity-75\"\n            >\n                <svg\n                    width=\"20\"\n                    height=\"20\"\n                    viewBox=\"0 0 20 20\"\n                    fill=\"none\"\n                    xmlns=\"http:\/\/www.w3.org\/2000\/svg\"\n                >\n                    <path\n                        d=\"M18.4097 0.000139829H1.46998C1.27956 -0.00250476 1.09049 0.0323869 0.913553 0.102822C0.73662 0.173257 0.575295 0.277857 0.438791 0.410646C0.302287 0.543436 0.193279 0.701814 0.11799 0.876737C0.0427018 1.05166 0.00260836 1.2397 0 1.43012V18.5699C0.00260836 18.7603 0.0427018 18.9483 0.11799 19.1233C0.193279 19.2982 0.302287 19.4566 0.438791 19.5894C0.575295 19.7221 0.73662 19.8267 0.913553 19.8972C1.09049 19.9676 1.27956 20.0025 1.46998 19.9999H18.4097C18.6002 20.0025 18.7892 19.9676 18.9662 19.8972C19.1431 19.8267 19.3044 19.7221 19.4409 19.5894C19.5774 19.4566 19.6864 19.2982 19.7617 19.1233C19.837 18.9483 19.8771 18.7603 19.8797 18.5699V1.43012C19.8771 1.2397 19.837 1.05166 19.7617 0.876737C19.6864 0.701814 19.5774 0.543436 19.4409 0.410646C19.3044 0.277857 19.1431 0.173257 18.9662 0.102822C18.7892 0.0323869 18.6002 -0.00250476 18.4097 0.000139829ZM6.02992 16.7399H3.02996V7.74003H6.02992V16.7399ZM4.52994 6.48005C4.1162 6.48005 3.71942 6.31569 3.42687 6.02314C3.13431 5.73059 2.96996 5.3338 2.96996 4.92007C2.96996 4.50634 3.13431 4.10955 3.42687 3.817C3.71942 3.52445 4.1162 3.36009 4.52994 3.36009C4.74963 3.33518 4.97211 3.35695 5.1828 3.42398C5.3935 3.491 5.58766 3.60178 5.75258 3.74905C5.91749 3.89632 6.04944 4.07676 6.13979 4.27856C6.23013 4.48036 6.27683 4.69897 6.27683 4.92007C6.27683 5.14117 6.23013 5.35978 6.13979 5.56158C6.04944 5.76338 5.91749 5.94382 5.75258 6.09109C5.58766 6.23836 5.3935 6.34914 5.1828 6.41617C4.97211 6.48319 4.74963 6.50496 4.52994 6.48005ZM16.8498 16.7399H13.8498V11.91C13.8498 10.7 13.4198 9.91 12.3298 9.91C11.9925 9.91247 11.664 10.0183 11.3887 10.2132C11.1133 10.4081 10.9043 10.6827 10.7899 11C10.7116 11.235 10.6777 11.4826 10.6899 11.73V16.7299H7.68989V7.73003H10.6899V9.00001C10.9624 8.52713 11.3587 8.13755 11.8363 7.87323C12.3138 7.60892 12.8544 7.47989 13.3998 7.50003C15.3998 7.50003 16.8498 8.79002 16.8498 11.56V16.7399Z\"\n                        fill=\"white\"\n                    \/>\n                <\/svg>\n            <\/a>\n        <\/li>\n        <li>\n            <button\n                type=\"button\"\n                class=\"copy-url-btn relative my-auto flex transition-opacity hover:opacity-75\"\n                data-url=\"https:\/\/www.railbaltica.org\/lv\/jaunumi\/prezente-rail-baltica-g7-valstu-satiksmes-ministru-sanaksme\/\"\n            >\n                <svg\n                    width=\"21\"\n                    height=\"21\"\n                    viewBox=\"0 0 21 21\"\n                    fill=\"none\"\n                    xmlns=\"http:\/\/www.w3.org\/2000\/svg\"\n                >\n                    <path\n                        d=\"M10.5205 20C15.7661 20 20 15.7455 20 10.4795C20 5.23392 15.7661 1 10.5205 1M10.5205 20C5.25446 20 1 15.7455 1 10.4795C1 5.23392 5.25446 1 10.5205 1M10.5205 20V1M18.7429 5.75H2.26324M18.7958 15.1345H2.21035M1.05135 10.5H19.9486M10.5103 20C13.1333 20 15.25 15.7455 15.25 10.4795C15.25 5.23392 13.1333 1 10.5103 1C7.87697 1 5.75 5.23392 5.75 10.4795C5.75 15.7455 7.87697 20 10.5103 20Z\"\n                        stroke=\"white\"\n                        stroke-linecap=\"round\"\n                        stroke-linejoin=\"round\"\n                    \/>\n                <\/svg>\n                <span\n                    class=\"absolute hidden translate-x-[-10px] translate-y-[30px]\"\n                >Copied!<\/span>\n            <\/button>\n        <\/li>\n    <\/ul>\n<\/div>\n\n                                    <time\n                        datetime=\"\"\n                        class=\"mb-2.5 flex text-xl text-blue\"\n                    >\n                        22.06.2017\n                    <\/time>\n                \n                                    <h1 class='h1 max-w-198'>\n            Prezent\u0113 Rail Baltica G7 valstu Satiksmes ministru san\u0101ksm\u0113\n        <\/h1>\n                \n                            <\/div>\n        <\/div>\n    <\/section>\n\n<section\n    class=\"overflow-hidden py-5 md:pt-10 md:pb-5 align wp-block-excerpt-block\"\n>\n    <div\n        class=\"container relative flex flex-col items-start z-10 md:text-xl lg:!px-4\"\n    >\n                    <div\n                class=\"textual w-full text-dark text-xl lg:px-12 md:mx-auto md:max-w-222 md:text-xl\"\n            >\n                \u0160odien, 22. j\u016bnij\u0101, Baiba Rubesa, kopuz\u0146\u0113muma \u201cRB RAIL\u201d izpilddirektore un valdes priek\u0161s\u0113d\u0113t\u0101ja, prezent\u0113ja Rail Baltica projektu G7 valstu satiksmes ministru san\u0101ksm\u0113 Kalj\u0101ri, It\u0101lij\u0101. Eiropas transporta komis\u0101re Violeta Bulca uzaicin\u0101ja Rail Baltica projekta vad\u012bbu piedal\u012bties darba sesij\u0101 par transporta infrastrukt\u016bras projektu labas ievie\u0161anas praksi un ilgtsp\u0113j\u012bgiem infrastrukt\u016bras mode\u013ciem.\n            <\/div>\n            <\/div>\n<\/section>\n\n\n<section\n    class=\"py-5 md:py-10 align wp-block-textual-block\"\n>\n    <div\n        class=\"container\"\n    >\n        <div\n            class=\"textual w-full text-xl text-dark break-words [&#038;_span]:!text-dark [&#038;_a]:!text-dark\"\n        >\n                            <p>\u0160odien, 22. j\u016bnij\u0101, <strong><\/strong>. Eiropas transporta komis\u0101re Violeta Bulca uzaicin\u0101ja Rail Baltica projekta vad\u012bbu piedal\u012bties darba sesij\u0101 par transporta infrastrukt\u016bras projektu labas ievie\u0161anas praksi un ilgtsp\u0113j\u012bgiem infrastrukt\u016bras mode\u013ciem.<\/p>\n<p><strong>Sav\u0101 prezent\u0101cija Baiba Rubesa uzsv\u0113ra Rail Baltica projekta Eiropas pievienoto v\u0113rt\u012bbu, t\u0101 soci\u0101los ieguvumus un pla\u0161\u0101ku soci\u0101lekonomisko ietekmi uz Baltijas valst\u012bm. T\u0101pat vi\u0146a dal\u012bj\u0101s atzi\u0146\u0101s par p\u0101rrobe\u017eu projekta ievie\u0161anu<\/strong>. P\u0113c prezent\u0101cijas Rubesas kundze atz\u012bm\u0113ja, ka \u201c\u0146emot v\u0113r\u0101 Rail Baltica apm\u0113ru, t\u0101 unik\u0101lo p\u0101rrobe\u017eu sadarb\u012bbas pieredzi un soci\u0101lekonomisko ietekmi, \u0161is projekts \u00a0atbilst t\u0101dam\u00a0 p\u0101rrobe\u017eu infrastrukt\u016bras projektu veidam, k\u0101dus veicina Eiropas Komisija. Tas ir interesants piem\u0113rs, ar kuru dal\u012bties ar pasaul\u0113 att\u012bst\u012bt\u0101ko valstu satiksmes ministriem. <strong>Baltie\u0161i var lepoties, ka m\u0113s rad\u0101m unik\u0101lu kompetenci (know-how), ar kuru dal\u0101mies gan Eiropas Savien\u012bb\u0101, gan glob\u0101li.<\/strong><\/p>\n<p>G7 valstu satiksmes ministru san\u0101ksme bija velt\u012bta diviem jaut\u0101jumiem \u2013 infrastrukt\u016bras soci\u0101l\u0101 ietekme un autotransporta un ce\u013cu uzlabot\u0101s tehnolo\u0123ijas.<\/p>\n<p>Pas\u0101kum\u0101 piedal\u012bj\u0101s Kan\u0101das, Francijas, V\u0101cijas, It\u0101lijas, Lielbrit\u0101nijas, Jap\u0101nas un ASV satiksmes ministri, k\u0101 ar\u012b Eiropas transporta komis\u0101re Violeta Bulca.\u00a0<\/p>\n\n                    <\/div>\n    <\/div>\n<\/section>\n\n\n<section\n    class=\"overflow-hidden py-5 md:pt-5 md:pb-10 align wp-block-button-cta-block !pt-[0]\"\n>\n    <div\n        class=\"container w-full relative flex flex-col items-start z-10\"\n    >\n        <div\n            class=\"w-full border-t border-dark pt-5 mt-4 md:mt-5 md:pt-10\"\n        >\n        <\/div>\n\n                    <a\n        href=\"\/lv\/zinas\/\"\n                class=\"btn-outline-dark mx-auto\"\n    >\n        \n        Atpaka\u013c zi\u0146\u0101m\n        \n        \n    <\/a>\n            <\/div>\n<\/section>\n","protected":false},"excerpt":{"rendered":"<p>\u0160odien, 22. j\u016bnij\u0101, Baiba Rubesa, kopuz\u0146\u0113muma \u201cRB RAIL\u201d izpilddirektore un valdes priek\u0161s\u0113d\u0113t\u0101ja, prezent\u0113ja Rail Baltica projektu G7 valstu satiksmes ministru san\u0101ksm\u0113 Kalj\u0101ri, It\u0101lij\u0101. Eiropas transporta komis\u0101re Violeta Bulca uzaicin\u0101ja Rail Baltica projekta vad\u012bbu piedal\u012bties darba sesij\u0101 par transporta infrastrukt\u016bras projektu labas ievie\u0161anas praksi un ilgtsp\u0113j\u012bgiem infrastrukt\u016bras mode\u013ciem.<\/p>\n","protected":false},"featured_media":11362,"template":"","news_category":[],"class_list":["post-11521","news","type-news","status-publish","has-post-thumbnail","hentry"],"acf":[],"yoast_head":"<!-- This site is optimized with the Yoast SEO plugin v27.5 - https:\/\/yoast.com\/product\/yoast-seo-wordpress\/ -->\n<title>Prezent\u0113 Rail Baltica G7 valstu Satiksmes ministru san\u0101ksm\u0113 - RB<\/title>\n<meta name=\"robots\" content=\"index, follow, max-snippet:-1, max-image-preview:large, max-video-preview:-1\" \/>\n<link rel=\"canonical\" href=\"https:\/\/www.railbaltica.org\/jaunumi\/rail-baltica-presented-at-the-g7-transport-ministers-meeting\/\" \/>\n<meta property=\"og:locale\" content=\"lv_LV\" \/>\n<meta property=\"og:type\" content=\"article\" \/>\n<meta property=\"og:title\" content=\"Prezent\u0113 Rail Baltica G7 valstu Satiksmes ministru san\u0101ksm\u0113 - RB\" \/>\n<meta property=\"og:description\" content=\"\u0160odien, 22. j\u016bnij\u0101, Baiba Rubesa, kopuz\u0146\u0113muma \u201cRB RAIL\u201d izpilddirektore un valdes priek\u0161s\u0113d\u0113t\u0101ja, prezent\u0113ja Rail Baltica projektu G7 valstu satiksmes ministru san\u0101ksm\u0113 Kalj\u0101ri, It\u0101lij\u0101. Eiropas transporta komis\u0101re Violeta Bulca uzaicin\u0101ja Rail Baltica projekta vad\u012bbu piedal\u012bties darba sesij\u0101 par transporta infrastrukt\u016bras projektu labas ievie\u0161anas praksi un ilgtsp\u0113j\u012bgiem infrastrukt\u016bras mode\u013ciem.\" \/>\n<meta property=\"og:url\" content=\"https:\/\/www.railbaltica.org\/jaunumi\/rail-baltica-presented-at-the-g7-transport-ministers-meeting\/\" \/>\n<meta property=\"og:site_name\" content=\"RB\" \/>\n<meta property=\"article:modified_time\" content=\"2025-08-21T18:20:14+00:00\" \/>\n<meta property=\"og:image\" content=\"https:\/\/www.railbaltica.org\/wp-content\/uploads\/2025\/07\/baiba-rubesa-g7-rail-baltica.jpg\" \/>\n\t<meta property=\"og:image:width\" content=\"350\" \/>\n\t<meta property=\"og:image:height\" content=\"205\" \/>\n\t<meta property=\"og:image:type\" content=\"image\/jpeg\" \/>\n<meta name=\"twitter:card\" content=\"summary_large_image\" \/>\n<script type=\"application\/ld+json\" class=\"yoast-schema-graph\">{\"@context\":\"https:\\\/\\\/schema.org\",\"@graph\":[{\"@type\":\"WebPage\",\"@id\":\"https:\\\/\\\/www.railbaltica.org\\\/jaunumi\\\/rail-baltica-presented-at-the-g7-transport-ministers-meeting\\\/\",\"url\":\"https:\\\/\\\/www.railbaltica.org\\\/jaunumi\\\/rail-baltica-presented-at-the-g7-transport-ministers-meeting\\\/\",\"name\":\"Prezent\u0113 Rail Baltica G7 valstu Satiksmes ministru san\u0101ksm\u0113 - RB\",\"isPartOf\":{\"@id\":\"https:\\\/\\\/www.railbaltica.org\\\/#website\"},\"primaryImageOfPage\":{\"@id\":\"https:\\\/\\\/www.railbaltica.org\\\/jaunumi\\\/rail-baltica-presented-at-the-g7-transport-ministers-meeting\\\/#primaryimage\"},\"image\":{\"@id\":\"https:\\\/\\\/www.railbaltica.org\\\/jaunumi\\\/rail-baltica-presented-at-the-g7-transport-ministers-meeting\\\/#primaryimage\"},\"thumbnailUrl\":\"https:\\\/\\\/www.railbaltica.org\\\/wp-content\\\/uploads\\\/2025\\\/07\\\/baiba-rubesa-g7-rail-baltica.jpg\",\"datePublished\":\"2017-06-22T06:48:53+00:00\",\"dateModified\":\"2025-08-21T18:20:14+00:00\",\"breadcrumb\":{\"@id\":\"https:\\\/\\\/www.railbaltica.org\\\/jaunumi\\\/rail-baltica-presented-at-the-g7-transport-ministers-meeting\\\/#breadcrumb\"},\"inLanguage\":\"lv-LV\",\"potentialAction\":[{\"@type\":\"ReadAction\",\"target\":[\"https:\\\/\\\/www.railbaltica.org\\\/jaunumi\\\/rail-baltica-presented-at-the-g7-transport-ministers-meeting\\\/\"]}]},{\"@type\":\"ImageObject\",\"inLanguage\":\"lv-LV\",\"@id\":\"https:\\\/\\\/www.railbaltica.org\\\/jaunumi\\\/rail-baltica-presented-at-the-g7-transport-ministers-meeting\\\/#primaryimage\",\"url\":\"https:\\\/\\\/www.railbaltica.org\\\/wp-content\\\/uploads\\\/2025\\\/07\\\/baiba-rubesa-g7-rail-baltica.jpg\",\"contentUrl\":\"https:\\\/\\\/www.railbaltica.org\\\/wp-content\\\/uploads\\\/2025\\\/07\\\/baiba-rubesa-g7-rail-baltica.jpg\",\"width\":350,\"height\":205},{\"@type\":\"BreadcrumbList\",\"@id\":\"https:\\\/\\\/www.railbaltica.org\\\/jaunumi\\\/rail-baltica-presented-at-the-g7-transport-ministers-meeting\\\/#breadcrumb\",\"itemListElement\":[{\"@type\":\"ListItem\",\"position\":1,\"name\":\"Home\",\"item\":\"https:\\\/\\\/www.railbaltica.org\\\/lv\\\/\"},{\"@type\":\"ListItem\",\"position\":2,\"name\":\"Prezent\u0113 Rail Baltica G7 valstu Satiksmes ministru san\u0101ksm\u0113\"}]},{\"@type\":\"WebSite\",\"@id\":\"https:\\\/\\\/www.railbaltica.org\\\/#website\",\"url\":\"https:\\\/\\\/www.railbaltica.org\\\/\",\"name\":\"RB\",\"description\":\"\",\"potentialAction\":[{\"@type\":\"SearchAction\",\"target\":{\"@type\":\"EntryPoint\",\"urlTemplate\":\"https:\\\/\\\/www.railbaltica.org\\\/?s={search_term_string}\"},\"query-input\":{\"@type\":\"PropertyValueSpecification\",\"valueRequired\":true,\"valueName\":\"search_term_string\"}}],\"inLanguage\":\"lv-LV\"}]}<\/script>\n<!-- \/ Yoast SEO plugin. -->","yoast_head_json":{"title":"Prezent\u0113 Rail Baltica G7 valstu Satiksmes ministru san\u0101ksm\u0113 - RB","robots":{"index":"index","follow":"follow","max-snippet":"max-snippet:-1","max-image-preview":"max-image-preview:large","max-video-preview":"max-video-preview:-1"},"canonical":"https:\/\/www.railbaltica.org\/jaunumi\/rail-baltica-presented-at-the-g7-transport-ministers-meeting\/","og_locale":"lv_LV","og_type":"article","og_title":"Prezent\u0113 Rail Baltica G7 valstu Satiksmes ministru san\u0101ksm\u0113 - RB","og_description":"\u0160odien, 22. j\u016bnij\u0101, Baiba Rubesa, kopuz\u0146\u0113muma \u201cRB RAIL\u201d izpilddirektore un valdes priek\u0161s\u0113d\u0113t\u0101ja, prezent\u0113ja Rail Baltica projektu G7 valstu satiksmes ministru san\u0101ksm\u0113 Kalj\u0101ri, It\u0101lij\u0101. Eiropas transporta komis\u0101re Violeta Bulca uzaicin\u0101ja Rail Baltica projekta vad\u012bbu piedal\u012bties darba sesij\u0101 par transporta infrastrukt\u016bras projektu labas ievie\u0161anas praksi un ilgtsp\u0113j\u012bgiem infrastrukt\u016bras mode\u013ciem.","og_url":"https:\/\/www.railbaltica.org\/jaunumi\/rail-baltica-presented-at-the-g7-transport-ministers-meeting\/","og_site_name":"RB","article_modified_time":"2025-08-21T18:20:14+00:00","og_image":[{"width":350,"height":205,"url":"https:\/\/www.railbaltica.org\/wp-content\/uploads\/2025\/07\/baiba-rubesa-g7-rail-baltica.jpg","type":"image\/jpeg"}],"twitter_card":"summary_large_image","schema":{"@context":"https:\/\/schema.org","@graph":[{"@type":"WebPage","@id":"https:\/\/www.railbaltica.org\/jaunumi\/rail-baltica-presented-at-the-g7-transport-ministers-meeting\/","url":"https:\/\/www.railbaltica.org\/jaunumi\/rail-baltica-presented-at-the-g7-transport-ministers-meeting\/","name":"Prezent\u0113 Rail Baltica G7 valstu Satiksmes ministru san\u0101ksm\u0113 - RB","isPartOf":{"@id":"https:\/\/www.railbaltica.org\/#website"},"primaryImageOfPage":{"@id":"https:\/\/www.railbaltica.org\/jaunumi\/rail-baltica-presented-at-the-g7-transport-ministers-meeting\/#primaryimage"},"image":{"@id":"https:\/\/www.railbaltica.org\/jaunumi\/rail-baltica-presented-at-the-g7-transport-ministers-meeting\/#primaryimage"},"thumbnailUrl":"https:\/\/www.railbaltica.org\/wp-content\/uploads\/2025\/07\/baiba-rubesa-g7-rail-baltica.jpg","datePublished":"2017-06-22T06:48:53+00:00","dateModified":"2025-08-21T18:20:14+00:00","breadcrumb":{"@id":"https:\/\/www.railbaltica.org\/jaunumi\/rail-baltica-presented-at-the-g7-transport-ministers-meeting\/#breadcrumb"},"inLanguage":"lv-LV","potentialAction":[{"@type":"ReadAction","target":["https:\/\/www.railbaltica.org\/jaunumi\/rail-baltica-presented-at-the-g7-transport-ministers-meeting\/"]}]},{"@type":"ImageObject","inLanguage":"lv-LV","@id":"https:\/\/www.railbaltica.org\/jaunumi\/rail-baltica-presented-at-the-g7-transport-ministers-meeting\/#primaryimage","url":"https:\/\/www.railbaltica.org\/wp-content\/uploads\/2025\/07\/baiba-rubesa-g7-rail-baltica.jpg","contentUrl":"https:\/\/www.railbaltica.org\/wp-content\/uploads\/2025\/07\/baiba-rubesa-g7-rail-baltica.jpg","width":350,"height":205},{"@type":"BreadcrumbList","@id":"https:\/\/www.railbaltica.org\/jaunumi\/rail-baltica-presented-at-the-g7-transport-ministers-meeting\/#breadcrumb","itemListElement":[{"@type":"ListItem","position":1,"name":"Home","item":"https:\/\/www.railbaltica.org\/lv\/"},{"@type":"ListItem","position":2,"name":"Prezent\u0113 Rail Baltica G7 valstu Satiksmes ministru san\u0101ksm\u0113"}]},{"@type":"WebSite","@id":"https:\/\/www.railbaltica.org\/#website","url":"https:\/\/www.railbaltica.org\/","name":"RB","description":"","potentialAction":[{"@type":"SearchAction","target":{"@type":"EntryPoint","urlTemplate":"https:\/\/www.railbaltica.org\/?s={search_term_string}"},"query-input":{"@type":"PropertyValueSpecification","valueRequired":true,"valueName":"search_term_string"}}],"inLanguage":"lv-LV"}]}},"_links":{"self":[{"href":"https:\/\/www.railbaltica.org\/lv\/wp-json\/wp\/v2\/news\/11521","targetHints":{"allow":["GET"]}}],"collection":[{"href":"https:\/\/www.railbaltica.org\/lv\/wp-json\/wp\/v2\/news"}],"about":[{"href":"https:\/\/www.railbaltica.org\/lv\/wp-json\/wp\/v2\/types\/news"}],"wp:featuredmedia":[{"embeddable":true,"href":"https:\/\/www.railbaltica.org\/lv\/wp-json\/wp\/v2\/media\/11362"}],"wp:attachment":[{"href":"https:\/\/www.railbaltica.org\/lv\/wp-json\/wp\/v2\/media?parent=11521"}],"wp:term":[{"taxonomy":"news_category","embeddable":true,"href":"https:\/\/www.railbaltica.org\/lv\/wp-json\/wp\/v2\/news_category?post=11521"}],"curies":[{"name":"wp","href":"https:\/\/api.w.org\/{rel}","templated":true}]}}