{"id":11439,"date":"2017-03-20T09:33:28","date_gmt":"2017-03-20T09:33:28","guid":{"rendered":"https:\/\/www.railbaltica.org\/news\/rb-rail-as-izzino-rail-baltica-projekta-centralo-si-gada-pasakumu-rail-baltica-global-forum-2017\/"},"modified":"2025-08-21T18:20:23","modified_gmt":"2025-08-21T18:20:23","slug":"rb-rail-as-izzino-rail-baltica-projekta-centralo-si-gada-pasakumu-rail-baltica-global-forum-2017","status":"publish","type":"news","link":"https:\/\/www.railbaltica.org\/lv\/jaunumi\/rb-rail-as-izzino-rail-baltica-projekta-centralo-si-gada-pasakumu-rail-baltica-global-forum-2017\/","title":{"rendered":"\u201cRB Rail AS\u201d izzi\u0146o Rail Baltica projekta centr\u0101lo \u0161\u012b gada pas\u0101kumu \u2013  Rail Baltica Global Forum 2017"},"content":{"rendered":"<section\n    class=\"align wp-block-hero-page-block relative flex overflow-hidden z-10 mt-20 md:mt-52\"\n>\n            <div\n            class=\"container md:!px-14\"\n        >\n            <div\n                class=\"bg-dark text-white rounded p-4 md:p-10\"\n            >\n                                <div\n    class=\"flex justify-between border-t pt-2.5 my-5 text-sm\"\n>\n    <span>Dalies ar jaunumiem\n<\/span>\n    <ul\n        class=\"flex items-center gap-5\"\n    >\n        <li>\n            <a\n                href=\"https:\/\/www.facebook.com\/sharer\/sharer.php?u=https%3A%2F%2Fwww.railbaltica.org%2Flv%2Fjaunumi%2Frb-rail-as-izzino-rail-baltica-projekta-centralo-si-gada-pasakumu-rail-baltica-global-forum-2017%2F\"\n                target=\"_blank\"\n                rel=\"noopener noreferrer\"\n                aria-label=\"Share on Facebook\"\n                class=\"transition-opacity hover:opacity-75\"\n            >\n                <svg\n                    width=\"20\"\n                    height=\"20\"\n                    viewBox=\"0 0 20 20\"\n                    fill=\"none\"\n                    xmlns=\"http:\/\/www.w3.org\/2000\/svg\"\n                >\n                    <path\n                        d=\"M7.5 6.66667H5V10H7.5V20H11.6667V10H14.7017L15 6.66667H11.6667V5.2775C11.6667 4.48167 11.8267 4.16667 12.5958 4.16667H15V0H11.8267C8.83 0 7.5 1.31917 7.5 3.84583V6.66667Z\"\n                        fill=\"white\"\n                    \/>\n                <\/svg>\n            <\/a>\n        <\/li>\n        <li>\n            <a\n                href=\"https:\/\/twitter.com\/intent\/tweet?url=https%3A%2F%2Fwww.railbaltica.org%2Flv%2Fjaunumi%2Frb-rail-as-izzino-rail-baltica-projekta-centralo-si-gada-pasakumu-rail-baltica-global-forum-2017%2F&amp;text=%E2%80%9CRB+Rail+AS%E2%80%9D+izzi%C5%86o+Rail+Baltica+projekta+centr%C4%81lo+%C5%A1%C4%AB+gada+pas%C4%81kumu+%E2%80%93++Rail+Baltica+Global+Forum+2017\"\n                target=\"_blank\"\n                rel=\"noopener noreferrer\"\n                aria-label=\"Share on Twitter\"\n                class=\"transition-opacity hover:opacity-75\"\n            >\n                <svg\n                    width=\"20\"\n                    height=\"20\"\n                    viewBox=\"0 0 20 20\"\n                    fill=\"none\"\n                    xmlns=\"http:\/\/www.w3.org\/2000\/svg\"\n                >\n                    <path\n                        d=\"M14.7313 2.68748H17.238L11.763 8.88248L18.2038 17.3125H13.1597L9.20966 12.2L4.68966 17.3125H2.18299L8.03883 10.6866L1.86133 2.68665H7.03216L10.603 7.35998L14.7322 2.68665L14.7313 2.68748ZM13.8522 15.8275H15.2405L6.27716 4.09415H4.78716L13.8522 15.8275Z\"\n                        fill=\"white\"\n                    \/>\n                <\/svg>\n            <\/a>\n        <\/li>\n        <li>\n            <a\n                href=\"https:\/\/www.linkedin.com\/sharing\/share-offsite\/?url=https%3A%2F%2Fwww.railbaltica.org%2Flv%2Fjaunumi%2Frb-rail-as-izzino-rail-baltica-projekta-centralo-si-gada-pasakumu-rail-baltica-global-forum-2017%2F\"\n                target=\"_blank\"\n                rel=\"noopener noreferrer\"\n                aria-label=\"Share on LinkedIn\"\n                class=\"transition-opacity hover:opacity-75\"\n            >\n                <svg\n                    width=\"20\"\n                    height=\"20\"\n                    viewBox=\"0 0 20 20\"\n                    fill=\"none\"\n                    xmlns=\"http:\/\/www.w3.org\/2000\/svg\"\n                >\n                    <path\n                        d=\"M18.4097 0.000139829H1.46998C1.27956 -0.00250476 1.09049 0.0323869 0.913553 0.102822C0.73662 0.173257 0.575295 0.277857 0.438791 0.410646C0.302287 0.543436 0.193279 0.701814 0.11799 0.876737C0.0427018 1.05166 0.00260836 1.2397 0 1.43012V18.5699C0.00260836 18.7603 0.0427018 18.9483 0.11799 19.1233C0.193279 19.2982 0.302287 19.4566 0.438791 19.5894C0.575295 19.7221 0.73662 19.8267 0.913553 19.8972C1.09049 19.9676 1.27956 20.0025 1.46998 19.9999H18.4097C18.6002 20.0025 18.7892 19.9676 18.9662 19.8972C19.1431 19.8267 19.3044 19.7221 19.4409 19.5894C19.5774 19.4566 19.6864 19.2982 19.7617 19.1233C19.837 18.9483 19.8771 18.7603 19.8797 18.5699V1.43012C19.8771 1.2397 19.837 1.05166 19.7617 0.876737C19.6864 0.701814 19.5774 0.543436 19.4409 0.410646C19.3044 0.277857 19.1431 0.173257 18.9662 0.102822C18.7892 0.0323869 18.6002 -0.00250476 18.4097 0.000139829ZM6.02992 16.7399H3.02996V7.74003H6.02992V16.7399ZM4.52994 6.48005C4.1162 6.48005 3.71942 6.31569 3.42687 6.02314C3.13431 5.73059 2.96996 5.3338 2.96996 4.92007C2.96996 4.50634 3.13431 4.10955 3.42687 3.817C3.71942 3.52445 4.1162 3.36009 4.52994 3.36009C4.74963 3.33518 4.97211 3.35695 5.1828 3.42398C5.3935 3.491 5.58766 3.60178 5.75258 3.74905C5.91749 3.89632 6.04944 4.07676 6.13979 4.27856C6.23013 4.48036 6.27683 4.69897 6.27683 4.92007C6.27683 5.14117 6.23013 5.35978 6.13979 5.56158C6.04944 5.76338 5.91749 5.94382 5.75258 6.09109C5.58766 6.23836 5.3935 6.34914 5.1828 6.41617C4.97211 6.48319 4.74963 6.50496 4.52994 6.48005ZM16.8498 16.7399H13.8498V11.91C13.8498 10.7 13.4198 9.91 12.3298 9.91C11.9925 9.91247 11.664 10.0183 11.3887 10.2132C11.1133 10.4081 10.9043 10.6827 10.7899 11C10.7116 11.235 10.6777 11.4826 10.6899 11.73V16.7299H7.68989V7.73003H10.6899V9.00001C10.9624 8.52713 11.3587 8.13755 11.8363 7.87323C12.3138 7.60892 12.8544 7.47989 13.3998 7.50003C15.3998 7.50003 16.8498 8.79002 16.8498 11.56V16.7399Z\"\n                        fill=\"white\"\n                    \/>\n                <\/svg>\n            <\/a>\n        <\/li>\n        <li>\n            <button\n                type=\"button\"\n                class=\"copy-url-btn relative my-auto flex transition-opacity hover:opacity-75\"\n                data-url=\"https:\/\/www.railbaltica.org\/lv\/jaunumi\/rb-rail-as-izzino-rail-baltica-projekta-centralo-si-gada-pasakumu-rail-baltica-global-forum-2017\/\"\n            >\n                <svg\n                    width=\"21\"\n                    height=\"21\"\n                    viewBox=\"0 0 21 21\"\n                    fill=\"none\"\n                    xmlns=\"http:\/\/www.w3.org\/2000\/svg\"\n                >\n                    <path\n                        d=\"M10.5205 20C15.7661 20 20 15.7455 20 10.4795C20 5.23392 15.7661 1 10.5205 1M10.5205 20C5.25446 20 1 15.7455 1 10.4795C1 5.23392 5.25446 1 10.5205 1M10.5205 20V1M18.7429 5.75H2.26324M18.7958 15.1345H2.21035M1.05135 10.5H19.9486M10.5103 20C13.1333 20 15.25 15.7455 15.25 10.4795C15.25 5.23392 13.1333 1 10.5103 1C7.87697 1 5.75 5.23392 5.75 10.4795C5.75 15.7455 7.87697 20 10.5103 20Z\"\n                        stroke=\"white\"\n                        stroke-linecap=\"round\"\n                        stroke-linejoin=\"round\"\n                    \/>\n                <\/svg>\n                <span\n                    class=\"absolute hidden translate-x-[-10px] translate-y-[30px]\"\n                >Copied!<\/span>\n            <\/button>\n        <\/li>\n    <\/ul>\n<\/div>\n\n                                    <time\n                        datetime=\"\"\n                        class=\"mb-2.5 flex text-xl text-blue\"\n                    >\n                        20.03.2017\n                    <\/time>\n                \n                                    <h1 class='h1 max-w-198'>\n            \u201cRB Rail AS\u201d izzi\u0146o Rail Baltica projekta centr\u0101lo \u0161\u012b gada pas\u0101kumu \u2013  Rail Baltica Global Forum 2017\n        <\/h1>\n                \n                            <\/div>\n        <\/div>\n    <\/section>\n\n\n<section\n    class=\"py-5 md:py-10 align wp-block-textual-block\"\n>\n    <div\n        class=\"container\"\n    >\n        <div\n            class=\"textual w-full text-xl text-dark break-words [&#038;_span]:!text-dark [&#038;_a]:!text-dark\"\n        >\n                            <p>\u201cRB Rail AS\u201d, tr\u012bs Baltijas valstu kopuz\u0146\u0113mums, ar tr\u012bs projekta nacion\u0101lo ievies\u0113jorganiz\u0101ciju \u2013 Rail Baltic Estonia, Eiropas Dzelzce\u013ca l\u012bnijas un Rail Baltica statyba \u2013 atbalstu izzi\u0146o galveno \u0161\u012b gada Rail Baltica projekta starptautisko divu dienu pas\u0101kumu \u2013 Rail Baltica Global Forum 2017 \u201cRail Baltica \u2013 Building A New Economic Corridor\u201d (Rail Baltica \u2013 jauna ekonomisk\u0101 koridora veido\u0161ana), kas norisin\u0101sies 24. un 25. apr\u012bl\u012b R\u012bg\u0101, Latvij\u0101.<\/p>\n<p>Rail Baltica Global Forum 2017 ir galvenais starptautiskais Rail Baltica pas\u0101kums \u0161aj\u0101 gad\u0101, kura laik\u0101 tiks skat\u012bts Rail Baltica ekonomiskais potenci\u0101ls, iepirkumu politika un organiz\u0101cija. Pas\u0101kums sekm\u0113s ar\u012b projekta potenci\u0101lo pieg\u0101d\u0101t\u0101ju t\u012bklo\u0161an\u0101s iesp\u0113jas. T\u0101 laik\u0101 tiks apskat\u012bti strat\u0113\u0123iski un taktiski jaut\u0101jumi no nacion\u0101l\u0101s, re\u0123ion\u0101l\u0101s un Eiropas Savien\u012bbas (ES) perspekt\u012bvas, sekm\u0113jot \u201cgadsimta projekta\u201d ievie\u0161anu. Tas vienkopus pulc\u0113s augsta l\u012bme\u0146a vad\u012bt\u0101jus un l\u0113muma pie\u0146\u0113m\u0113jus, dzelzce\u013ca, lo\u0123istikas un ekonomikas profesion\u0101\u013cus, ietekm\u012bgus politi\u0137us un organiz\u0101cijas, k\u0101 ar\u012b potenci\u0101los projekta pieg\u0101d\u0101t\u0101jus no Eiropas.<\/p>\n<p>\u201cRail Baltica projekts sniedz iesp\u0113jas, kuras j\u0101prot saskat\u012bt jau \u0161odien, lai t\u0101s sp\u0113tu izmantot r\u012bt. \u0160is ir unik\u0101ls, sare\u017e\u0123\u012bts, liela m\u0113roga p\u0101rrobe\u017eu infrastrukt\u016bras projekts, kas veidos jaunu ekonomisko koridoru un cie\u0161i savienos Eiropas Zieme\u013caustrumus ar p\u0101r\u0113jo Eiropas Savien\u012bbu. M\u0113s varam apvienot lab\u0101k\u0101s idejas, praksi un risin\u0101jumus, lai vienotu tautas, cilv\u0113kus un vietas,\u201d skaidro Baiba Rubesa, \u201cRB Rail AS\u201d valdes priek\u0161s\u0113d\u0113t\u0101ja un izpilddirektore.<\/p>\n<p>Pirm\u0101 pas\u0101kuma diena velt\u012bta diskusij\u0101m par Rail Baltica infrastrukt\u016bras potenci\u0101lo iesp\u0113ju k\u013c\u016bt par katalizatoru jauna ekonomisk\u0101 koridora izveid\u0113. Pas\u0101kuma laik\u0101 pirmo reizi tiks prezent\u0113ta Rail Baltica Glob\u0101l\u0101 projekta izmaksu un ieguvumu anal\u012bze. Turkl\u0101t pas\u0101kum\u0101 tiks run\u0101ts par biznesa un pasa\u017eieru interesi ne tikai par Rail Baltica projektu, bet ar\u012b par citiem l\u012bdz\u012bgiem \u0161\u0101da l\u012bme\u0146a projektiem Eirop\u0101. Pas\u0101kum\u0101 piedal\u012bsies augsta l\u012bme\u0146a amatpersonas un viedok\u013cu l\u012bderi no Igaunijas, Latvijas, Lietuvas, Polijas, Somijas, ES Komisijas un Parlamenta. Dal\u012bba pas\u0101kuma pirmaj\u0101 dien\u0101 tikai ar iel\u016bgumiem.<\/p>\n<p>Otra pas\u0101kuma diena iecer\u0113ta k\u0101 Projekta pieg\u0101d\u0101t\u0101ju diena (Industry Suppliers\u2019 Day), kuras m\u0113r\u0137is ir apvienot vienuviet potenci\u0101los projekta pieg\u0101d\u0101t\u0101jus ne tikai no Baltijas, bet ar\u012b no cit\u0101m valst\u012bm, iepaz\u012bstin\u0101t ar projekta iepirkumu proced\u016br\u0101m, k\u0101 ar\u012b sekm\u0113t viet\u0113jo un \u0101rvalstu komp\u0101niju sadarb\u012bbas veido\u0161anu. Ieinteres\u0113tajiem pakalpojumu un pre\u010du pieg\u0101d\u0101t\u0101jiem dal\u012bba otr\u0101s dienas pas\u0101kum\u0101 iesp\u0113jama, re\u0123istr\u0113joties pas\u0101kuma m\u0101jaslap\u0101 www.railbaltica.org\/forum.<\/p>\n<p>Divu dienu pas\u0101kums notiks Radisson Blu Hotel Latvija, Elizabetes iel\u0101 55, un dal\u012bba taj\u0101 ir bezmaksas. Pas\u0101kuma darba valoda \u2013 ang\u013cu valoda.<\/p>\n<p>Mediju p\u0101rst\u0101vji laipni aicin\u0101ti akredit\u0113ties dal\u012bbai pas\u0101kum\u0101, aizpildot pieteikuma anketu pas\u0101kuma m\u0101jaslap\u0101 www.railbaltica.org\/forum. P\u0113c apstiprin\u0101juma e-pasta sa\u0146em\u0161anas, tiks izs\u016bt\u012bta praktiska inform\u0101cija par iesp\u0113j\u0101m pas\u0101kum\u0101.<\/p>\n\n                    <\/div>\n    <\/div>\n<\/section>\n\n\n<section\n    class=\"overflow-hidden py-5 md:pt-5 md:pb-10 align wp-block-button-cta-block !pt-[0]\"\n>\n    <div\n        class=\"container w-full relative flex flex-col items-start z-10\"\n    >\n        <div\n            class=\"w-full border-t border-dark pt-5 mt-4 md:mt-5 md:pt-10\"\n        >\n        <\/div>\n\n                    <a\n        href=\"\/lv\/zinas\/\"\n                class=\"btn-outline-dark mx-auto\"\n    >\n        \n        Atpaka\u013c zi\u0146\u0101m\n        \n        \n    <\/a>\n            <\/div>\n<\/section>\n","protected":false},"excerpt":{"rendered":"","protected":false},"featured_media":11332,"template":"","news_category":[],"class_list":["post-11439","news","type-news","status-publish","has-post-thumbnail","hentry"],"acf":[],"yoast_head":"<!-- This site is optimized with the Yoast SEO plugin v27.5 - https:\/\/yoast.com\/product\/yoast-seo-wordpress\/ -->\n<title>\u201cRB Rail AS\u201d izzi\u0146o Rail Baltica projekta centr\u0101lo \u0161\u012b gada pas\u0101kumu \u2013 Rail Baltica Global Forum 2017 - RB<\/title>\n<meta name=\"robots\" content=\"index, follow, max-snippet:-1, max-image-preview:large, max-video-preview:-1\" \/>\n<link rel=\"canonical\" href=\"https:\/\/www.railbaltica.org\/jaunumi\/rb-rail-as-announces-the-rail-baltica-projects-major-event-of-this-year-the-rail-baltica-global-forum-2017\/\" \/>\n<meta property=\"og:locale\" content=\"lv_LV\" \/>\n<meta property=\"og:type\" content=\"article\" \/>\n<meta property=\"og:title\" content=\"\u201cRB Rail AS\u201d izzi\u0146o Rail Baltica projekta centr\u0101lo \u0161\u012b gada pas\u0101kumu \u2013 Rail Baltica Global Forum 2017 - RB\" \/>\n<meta property=\"og:url\" content=\"https:\/\/www.railbaltica.org\/jaunumi\/rb-rail-as-announces-the-rail-baltica-projects-major-event-of-this-year-the-rail-baltica-global-forum-2017\/\" \/>\n<meta property=\"og:site_name\" content=\"RB\" \/>\n<meta property=\"article:modified_time\" content=\"2025-08-21T18:20:23+00:00\" \/>\n<meta property=\"og:image\" content=\"https:\/\/www.railbaltica.org\/wp-content\/uploads\/2025\/07\/RB_soctikli_FB-profile-2.png\" \/>\n\t<meta property=\"og:image:width\" content=\"800\" \/>\n\t<meta property=\"og:image:height\" content=\"800\" \/>\n\t<meta property=\"og:image:type\" content=\"image\/png\" \/>\n<meta name=\"twitter:card\" content=\"summary_large_image\" \/>\n<script type=\"application\/ld+json\" class=\"yoast-schema-graph\">{\"@context\":\"https:\\\/\\\/schema.org\",\"@graph\":[{\"@type\":\"WebPage\",\"@id\":\"https:\\\/\\\/www.railbaltica.org\\\/jaunumi\\\/rb-rail-as-announces-the-rail-baltica-projects-major-event-of-this-year-the-rail-baltica-global-forum-2017\\\/\",\"url\":\"https:\\\/\\\/www.railbaltica.org\\\/jaunumi\\\/rb-rail-as-announces-the-rail-baltica-projects-major-event-of-this-year-the-rail-baltica-global-forum-2017\\\/\",\"name\":\"\u201cRB Rail AS\u201d izzi\u0146o Rail Baltica projekta centr\u0101lo \u0161\u012b gada pas\u0101kumu \u2013 Rail Baltica Global Forum 2017 - RB\",\"isPartOf\":{\"@id\":\"https:\\\/\\\/www.railbaltica.org\\\/#website\"},\"primaryImageOfPage\":{\"@id\":\"https:\\\/\\\/www.railbaltica.org\\\/jaunumi\\\/rb-rail-as-announces-the-rail-baltica-projects-major-event-of-this-year-the-rail-baltica-global-forum-2017\\\/#primaryimage\"},\"image\":{\"@id\":\"https:\\\/\\\/www.railbaltica.org\\\/jaunumi\\\/rb-rail-as-announces-the-rail-baltica-projects-major-event-of-this-year-the-rail-baltica-global-forum-2017\\\/#primaryimage\"},\"thumbnailUrl\":\"https:\\\/\\\/www.railbaltica.org\\\/wp-content\\\/uploads\\\/2025\\\/07\\\/RB_soctikli_FB-profile-2.png\",\"datePublished\":\"2017-03-20T09:33:28+00:00\",\"dateModified\":\"2025-08-21T18:20:23+00:00\",\"breadcrumb\":{\"@id\":\"https:\\\/\\\/www.railbaltica.org\\\/jaunumi\\\/rb-rail-as-announces-the-rail-baltica-projects-major-event-of-this-year-the-rail-baltica-global-forum-2017\\\/#breadcrumb\"},\"inLanguage\":\"lv-LV\",\"potentialAction\":[{\"@type\":\"ReadAction\",\"target\":[\"https:\\\/\\\/www.railbaltica.org\\\/jaunumi\\\/rb-rail-as-announces-the-rail-baltica-projects-major-event-of-this-year-the-rail-baltica-global-forum-2017\\\/\"]}]},{\"@type\":\"ImageObject\",\"inLanguage\":\"lv-LV\",\"@id\":\"https:\\\/\\\/www.railbaltica.org\\\/jaunumi\\\/rb-rail-as-announces-the-rail-baltica-projects-major-event-of-this-year-the-rail-baltica-global-forum-2017\\\/#primaryimage\",\"url\":\"https:\\\/\\\/www.railbaltica.org\\\/wp-content\\\/uploads\\\/2025\\\/07\\\/RB_soctikli_FB-profile-2.png\",\"contentUrl\":\"https:\\\/\\\/www.railbaltica.org\\\/wp-content\\\/uploads\\\/2025\\\/07\\\/RB_soctikli_FB-profile-2.png\",\"width\":800,\"height\":800},{\"@type\":\"BreadcrumbList\",\"@id\":\"https:\\\/\\\/www.railbaltica.org\\\/jaunumi\\\/rb-rail-as-announces-the-rail-baltica-projects-major-event-of-this-year-the-rail-baltica-global-forum-2017\\\/#breadcrumb\",\"itemListElement\":[{\"@type\":\"ListItem\",\"position\":1,\"name\":\"Home\",\"item\":\"https:\\\/\\\/www.railbaltica.org\\\/lv\\\/\"},{\"@type\":\"ListItem\",\"position\":2,\"name\":\"\u201cRB Rail AS\u201d izzi\u0146o Rail Baltica projekta centr\u0101lo \u0161\u012b gada pas\u0101kumu \u2013 Rail Baltica Global Forum 2017\"}]},{\"@type\":\"WebSite\",\"@id\":\"https:\\\/\\\/www.railbaltica.org\\\/#website\",\"url\":\"https:\\\/\\\/www.railbaltica.org\\\/\",\"name\":\"RB\",\"description\":\"\",\"potentialAction\":[{\"@type\":\"SearchAction\",\"target\":{\"@type\":\"EntryPoint\",\"urlTemplate\":\"https:\\\/\\\/www.railbaltica.org\\\/?s={search_term_string}\"},\"query-input\":{\"@type\":\"PropertyValueSpecification\",\"valueRequired\":true,\"valueName\":\"search_term_string\"}}],\"inLanguage\":\"lv-LV\"}]}<\/script>\n<!-- \/ Yoast SEO plugin. -->","yoast_head_json":{"title":"\u201cRB Rail AS\u201d izzi\u0146o Rail Baltica projekta centr\u0101lo \u0161\u012b gada pas\u0101kumu \u2013 Rail Baltica Global Forum 2017 - RB","robots":{"index":"index","follow":"follow","max-snippet":"max-snippet:-1","max-image-preview":"max-image-preview:large","max-video-preview":"max-video-preview:-1"},"canonical":"https:\/\/www.railbaltica.org\/jaunumi\/rb-rail-as-announces-the-rail-baltica-projects-major-event-of-this-year-the-rail-baltica-global-forum-2017\/","og_locale":"lv_LV","og_type":"article","og_title":"\u201cRB Rail AS\u201d izzi\u0146o Rail Baltica projekta centr\u0101lo \u0161\u012b gada pas\u0101kumu \u2013 Rail Baltica Global Forum 2017 - RB","og_url":"https:\/\/www.railbaltica.org\/jaunumi\/rb-rail-as-announces-the-rail-baltica-projects-major-event-of-this-year-the-rail-baltica-global-forum-2017\/","og_site_name":"RB","article_modified_time":"2025-08-21T18:20:23+00:00","og_image":[{"width":800,"height":800,"url":"https:\/\/www.railbaltica.org\/wp-content\/uploads\/2025\/07\/RB_soctikli_FB-profile-2.png","type":"image\/png"}],"twitter_card":"summary_large_image","schema":{"@context":"https:\/\/schema.org","@graph":[{"@type":"WebPage","@id":"https:\/\/www.railbaltica.org\/jaunumi\/rb-rail-as-announces-the-rail-baltica-projects-major-event-of-this-year-the-rail-baltica-global-forum-2017\/","url":"https:\/\/www.railbaltica.org\/jaunumi\/rb-rail-as-announces-the-rail-baltica-projects-major-event-of-this-year-the-rail-baltica-global-forum-2017\/","name":"\u201cRB Rail AS\u201d izzi\u0146o Rail Baltica projekta centr\u0101lo \u0161\u012b gada pas\u0101kumu \u2013 Rail Baltica Global Forum 2017 - RB","isPartOf":{"@id":"https:\/\/www.railbaltica.org\/#website"},"primaryImageOfPage":{"@id":"https:\/\/www.railbaltica.org\/jaunumi\/rb-rail-as-announces-the-rail-baltica-projects-major-event-of-this-year-the-rail-baltica-global-forum-2017\/#primaryimage"},"image":{"@id":"https:\/\/www.railbaltica.org\/jaunumi\/rb-rail-as-announces-the-rail-baltica-projects-major-event-of-this-year-the-rail-baltica-global-forum-2017\/#primaryimage"},"thumbnailUrl":"https:\/\/www.railbaltica.org\/wp-content\/uploads\/2025\/07\/RB_soctikli_FB-profile-2.png","datePublished":"2017-03-20T09:33:28+00:00","dateModified":"2025-08-21T18:20:23+00:00","breadcrumb":{"@id":"https:\/\/www.railbaltica.org\/jaunumi\/rb-rail-as-announces-the-rail-baltica-projects-major-event-of-this-year-the-rail-baltica-global-forum-2017\/#breadcrumb"},"inLanguage":"lv-LV","potentialAction":[{"@type":"ReadAction","target":["https:\/\/www.railbaltica.org\/jaunumi\/rb-rail-as-announces-the-rail-baltica-projects-major-event-of-this-year-the-rail-baltica-global-forum-2017\/"]}]},{"@type":"ImageObject","inLanguage":"lv-LV","@id":"https:\/\/www.railbaltica.org\/jaunumi\/rb-rail-as-announces-the-rail-baltica-projects-major-event-of-this-year-the-rail-baltica-global-forum-2017\/#primaryimage","url":"https:\/\/www.railbaltica.org\/wp-content\/uploads\/2025\/07\/RB_soctikli_FB-profile-2.png","contentUrl":"https:\/\/www.railbaltica.org\/wp-content\/uploads\/2025\/07\/RB_soctikli_FB-profile-2.png","width":800,"height":800},{"@type":"BreadcrumbList","@id":"https:\/\/www.railbaltica.org\/jaunumi\/rb-rail-as-announces-the-rail-baltica-projects-major-event-of-this-year-the-rail-baltica-global-forum-2017\/#breadcrumb","itemListElement":[{"@type":"ListItem","position":1,"name":"Home","item":"https:\/\/www.railbaltica.org\/lv\/"},{"@type":"ListItem","position":2,"name":"\u201cRB Rail AS\u201d izzi\u0146o Rail Baltica projekta centr\u0101lo \u0161\u012b gada pas\u0101kumu \u2013 Rail Baltica Global Forum 2017"}]},{"@type":"WebSite","@id":"https:\/\/www.railbaltica.org\/#website","url":"https:\/\/www.railbaltica.org\/","name":"RB","description":"","potentialAction":[{"@type":"SearchAction","target":{"@type":"EntryPoint","urlTemplate":"https:\/\/www.railbaltica.org\/?s={search_term_string}"},"query-input":{"@type":"PropertyValueSpecification","valueRequired":true,"valueName":"search_term_string"}}],"inLanguage":"lv-LV"}]}},"_links":{"self":[{"href":"https:\/\/www.railbaltica.org\/lv\/wp-json\/wp\/v2\/news\/11439","targetHints":{"allow":["GET"]}}],"collection":[{"href":"https:\/\/www.railbaltica.org\/lv\/wp-json\/wp\/v2\/news"}],"about":[{"href":"https:\/\/www.railbaltica.org\/lv\/wp-json\/wp\/v2\/types\/news"}],"wp:featuredmedia":[{"embeddable":true,"href":"https:\/\/www.railbaltica.org\/lv\/wp-json\/wp\/v2\/media\/11332"}],"wp:attachment":[{"href":"https:\/\/www.railbaltica.org\/lv\/wp-json\/wp\/v2\/media?parent=11439"}],"wp:term":[{"taxonomy":"news_category","embeddable":true,"href":"https:\/\/www.railbaltica.org\/lv\/wp-json\/wp\/v2\/news_category?post=11439"}],"curies":[{"name":"wp","href":"https:\/\/api.w.org\/{rel}","templated":true}]}}