{"id":14525,"date":"2023-12-07T10:22:55","date_gmt":"2023-12-07T10:22:55","guid":{"rendered":"https:\/\/www.railbaltica.org\/news\/rail-baltica-at-cop28-when-constructing-infrastructure-that-will-serve-the-next-100-years-the-impact-of-climate-change-becomes-especially-important-2\/"},"modified":"2025-08-20T07:29:06","modified_gmt":"2025-08-20T07:29:06","slug":"rail-baltica-at-cop28-when-constructing-infrastructure-that-will-serve-the-next-100-years-the-impact-of-climate-change-becomes-especially-important","status":"publish","type":"news","link":"https:\/\/www.railbaltica.org\/lt\/naujienos\/rail-baltica-at-cop28-when-constructing-infrastructure-that-will-serve-the-next-100-years-the-impact-of-climate-change-becomes-especially-important\/","title":{"rendered":"\u201eRail Baltica\u201c: kuriant infrastrukt\u016br\u0105, kuri tarnaus ateinan\u010dius 100 met\u0173, klimato kaitos poveikis ypa\u010d svarbus"},"content":{"rendered":"<section\n    class=\"align wp-block-hero-page-block relative flex overflow-hidden z-10 mt-20 md:mt-52\"\n>\n            <div\n            class=\"container md:!px-14\"\n        >\n            <div\n                class=\"bg-dark text-white rounded p-4 md:p-10\"\n            >\n                                <div\n    class=\"flex justify-between border-t pt-2.5 my-5 text-sm\"\n>\n    <span>Pasidalinkite naujienomis<\/span>\n    <ul\n        class=\"flex items-center gap-5\"\n    >\n        <li>\n            <a\n                href=\"https:\/\/www.facebook.com\/sharer\/sharer.php?u=https%3A%2F%2Fwww.railbaltica.org%2Flt%2Fnaujienos%2Frail-baltica-at-cop28-when-constructing-infrastructure-that-will-serve-the-next-100-years-the-impact-of-climate-change-becomes-especially-important%2F\"\n                target=\"_blank\"\n                rel=\"noopener noreferrer\"\n                aria-label=\"Share on Facebook\"\n                class=\"transition-opacity hover:opacity-75\"\n            >\n                <svg\n                    width=\"20\"\n                    height=\"20\"\n                    viewBox=\"0 0 20 20\"\n                    fill=\"none\"\n                    xmlns=\"http:\/\/www.w3.org\/2000\/svg\"\n                >\n                    <path\n                        d=\"M7.5 6.66667H5V10H7.5V20H11.6667V10H14.7017L15 6.66667H11.6667V5.2775C11.6667 4.48167 11.8267 4.16667 12.5958 4.16667H15V0H11.8267C8.83 0 7.5 1.31917 7.5 3.84583V6.66667Z\"\n                        fill=\"white\"\n                    \/>\n                <\/svg>\n            <\/a>\n        <\/li>\n        <li>\n            <a\n                href=\"https:\/\/twitter.com\/intent\/tweet?url=https%3A%2F%2Fwww.railbaltica.org%2Flt%2Fnaujienos%2Frail-baltica-at-cop28-when-constructing-infrastructure-that-will-serve-the-next-100-years-the-impact-of-climate-change-becomes-especially-important%2F&amp;text=%E2%80%9ERail+Baltica%E2%80%9C%3A+kuriant+infrastrukt%C5%ABr%C4%85%2C+kuri+tarnaus+ateinan%C4%8Dius+100+met%C5%B3%2C+klimato+kaitos+poveikis+ypa%C4%8D+svarbus\"\n                target=\"_blank\"\n                rel=\"noopener noreferrer\"\n                aria-label=\"Share on Twitter\"\n                class=\"transition-opacity hover:opacity-75\"\n            >\n                <svg\n                    width=\"20\"\n                    height=\"20\"\n                    viewBox=\"0 0 20 20\"\n                    fill=\"none\"\n                    xmlns=\"http:\/\/www.w3.org\/2000\/svg\"\n                >\n                    <path\n                        d=\"M14.7313 2.68748H17.238L11.763 8.88248L18.2038 17.3125H13.1597L9.20966 12.2L4.68966 17.3125H2.18299L8.03883 10.6866L1.86133 2.68665H7.03216L10.603 7.35998L14.7322 2.68665L14.7313 2.68748ZM13.8522 15.8275H15.2405L6.27716 4.09415H4.78716L13.8522 15.8275Z\"\n                        fill=\"white\"\n                    \/>\n                <\/svg>\n            <\/a>\n        <\/li>\n        <li>\n            <a\n                href=\"https:\/\/www.linkedin.com\/sharing\/share-offsite\/?url=https%3A%2F%2Fwww.railbaltica.org%2Flt%2Fnaujienos%2Frail-baltica-at-cop28-when-constructing-infrastructure-that-will-serve-the-next-100-years-the-impact-of-climate-change-becomes-especially-important%2F\"\n                target=\"_blank\"\n                rel=\"noopener noreferrer\"\n                aria-label=\"Share on LinkedIn\"\n                class=\"transition-opacity hover:opacity-75\"\n            >\n                <svg\n                    width=\"20\"\n                    height=\"20\"\n                    viewBox=\"0 0 20 20\"\n                    fill=\"none\"\n                    xmlns=\"http:\/\/www.w3.org\/2000\/svg\"\n                >\n                    <path\n                        d=\"M18.4097 0.000139829H1.46998C1.27956 -0.00250476 1.09049 0.0323869 0.913553 0.102822C0.73662 0.173257 0.575295 0.277857 0.438791 0.410646C0.302287 0.543436 0.193279 0.701814 0.11799 0.876737C0.0427018 1.05166 0.00260836 1.2397 0 1.43012V18.5699C0.00260836 18.7603 0.0427018 18.9483 0.11799 19.1233C0.193279 19.2982 0.302287 19.4566 0.438791 19.5894C0.575295 19.7221 0.73662 19.8267 0.913553 19.8972C1.09049 19.9676 1.27956 20.0025 1.46998 19.9999H18.4097C18.6002 20.0025 18.7892 19.9676 18.9662 19.8972C19.1431 19.8267 19.3044 19.7221 19.4409 19.5894C19.5774 19.4566 19.6864 19.2982 19.7617 19.1233C19.837 18.9483 19.8771 18.7603 19.8797 18.5699V1.43012C19.8771 1.2397 19.837 1.05166 19.7617 0.876737C19.6864 0.701814 19.5774 0.543436 19.4409 0.410646C19.3044 0.277857 19.1431 0.173257 18.9662 0.102822C18.7892 0.0323869 18.6002 -0.00250476 18.4097 0.000139829ZM6.02992 16.7399H3.02996V7.74003H6.02992V16.7399ZM4.52994 6.48005C4.1162 6.48005 3.71942 6.31569 3.42687 6.02314C3.13431 5.73059 2.96996 5.3338 2.96996 4.92007C2.96996 4.50634 3.13431 4.10955 3.42687 3.817C3.71942 3.52445 4.1162 3.36009 4.52994 3.36009C4.74963 3.33518 4.97211 3.35695 5.1828 3.42398C5.3935 3.491 5.58766 3.60178 5.75258 3.74905C5.91749 3.89632 6.04944 4.07676 6.13979 4.27856C6.23013 4.48036 6.27683 4.69897 6.27683 4.92007C6.27683 5.14117 6.23013 5.35978 6.13979 5.56158C6.04944 5.76338 5.91749 5.94382 5.75258 6.09109C5.58766 6.23836 5.3935 6.34914 5.1828 6.41617C4.97211 6.48319 4.74963 6.50496 4.52994 6.48005ZM16.8498 16.7399H13.8498V11.91C13.8498 10.7 13.4198 9.91 12.3298 9.91C11.9925 9.91247 11.664 10.0183 11.3887 10.2132C11.1133 10.4081 10.9043 10.6827 10.7899 11C10.7116 11.235 10.6777 11.4826 10.6899 11.73V16.7299H7.68989V7.73003H10.6899V9.00001C10.9624 8.52713 11.3587 8.13755 11.8363 7.87323C12.3138 7.60892 12.8544 7.47989 13.3998 7.50003C15.3998 7.50003 16.8498 8.79002 16.8498 11.56V16.7399Z\"\n                        fill=\"white\"\n                    \/>\n                <\/svg>\n            <\/a>\n        <\/li>\n        <li>\n            <button\n                type=\"button\"\n                class=\"copy-url-btn relative my-auto flex transition-opacity hover:opacity-75\"\n                data-url=\"https:\/\/www.railbaltica.org\/lt\/naujienos\/rail-baltica-at-cop28-when-constructing-infrastructure-that-will-serve-the-next-100-years-the-impact-of-climate-change-becomes-especially-important\/\"\n            >\n                <svg\n                    width=\"21\"\n                    height=\"21\"\n                    viewBox=\"0 0 21 21\"\n                    fill=\"none\"\n                    xmlns=\"http:\/\/www.w3.org\/2000\/svg\"\n                >\n                    <path\n                        d=\"M10.5205 20C15.7661 20 20 15.7455 20 10.4795C20 5.23392 15.7661 1 10.5205 1M10.5205 20C5.25446 20 1 15.7455 1 10.4795C1 5.23392 5.25446 1 10.5205 1M10.5205 20V1M18.7429 5.75H2.26324M18.7958 15.1345H2.21035M1.05135 10.5H19.9486M10.5103 20C13.1333 20 15.25 15.7455 15.25 10.4795C15.25 5.23392 13.1333 1 10.5103 1C7.87697 1 5.75 5.23392 5.75 10.4795C5.75 15.7455 7.87697 20 10.5103 20Z\"\n                        stroke=\"white\"\n                        stroke-linecap=\"round\"\n                        stroke-linejoin=\"round\"\n                    \/>\n                <\/svg>\n                <span\n                    class=\"absolute hidden translate-x-[-10px] translate-y-[30px]\"\n                >Copied!<\/span>\n            <\/button>\n        <\/li>\n    <\/ul>\n<\/div>\n\n                                    <time\n                        datetime=\"\"\n                        class=\"mb-2.5 flex text-xl text-blue\"\n                    >\n                        07.12.2023\n                    <\/time>\n                \n                                    <h1 class='h1 max-w-198'>\n            \u201eRail Baltica\u201c: kuriant infrastrukt\u016br\u0105, kuri tarnaus ateinan\u010dius 100 met\u0173, klimato kaitos poveikis ypa\u010d svarbus\n        <\/h1>\n                \n                            <\/div>\n        <\/div>\n    <\/section>\n\n<section\n    class=\"overflow-hidden py-5 md:pt-10 md:pb-5 align wp-block-excerpt-block\"\n>\n    <div\n        class=\"container relative flex flex-col items-start z-10 md:text-xl lg:!px-4\"\n    >\n                    <div\n                class=\"textual w-full text-dark text-xl lg:px-12 md:mx-auto md:max-w-222 md:text-xl\"\n            >\n                Jungtini\u0173 Taut\u0173 klimato kaitos konferencijoje COP28 diskutuota apie projekto \u201eRail Baltica\u201c vaidmen\u012f, u\u017etikrinant tvar\u0173 gele\u017einkeli\u0173 transport\u0105 Baltijos regione.\n            <\/div>\n            <\/div>\n<\/section>\n<section\n    class=\"py-5 md:py-10 align wp-block-textual-block\"\n>\n    <div\n        class=\"container\"\n    >\n        <div\n            class=\"textual w-full text-xl text-dark break-words [&#038;_span]:!text-dark [&#038;_a]:!text-dark\"\n        >\n                            <p><strong><\/strong><\/p>\n<p>Gruod\u017eio 6 d., tre\u010diadien\u012f, vyko diskusija \u201eRail Baltica\u201c projektas \u2013 tvaraus transporto ateities katalizatorius\u201c, kurioje dalyvavo u\u017e projekto \u201eRail Baltica\u201c \u012fgyvendinim\u0105 atsakingi Baltijos \u0161ali\u0173 ministerij\u0173 vadovai: Latvijos transporto ministras Kaspars Bri\u0161kens, Lietuvos susisiekimo ministras Marius Skuodis ir Estijos klimato ministerijos valstyb\u0117s sekretorius Keitas Kasemetsas. Diskusij\u0105 moderavo Mobilumo ir transporto generalinio direktorato (DG MOVE) Investicij\u0173, novatori\u0161ko ir tvaraus transporto departamento direktorius Heraldas Ruijtersas. Diskusijoje daugiausia d\u0117mesio skirta projekto \u201eRail Baltica\u201c vaidmeniui ir poveikiui klimato kaitos kontekste. Rengin\u012f organizavo \u201eRail Baltic Estonia\u201c, nacionalin\u0117 \u201eRail Baltica\u201c \u012fgyvendinimo institucija Estijoje.<\/p>\n\n                    <\/div>\n    <\/div>\n<\/section>\n\n\n<section\n    class=\"overflow-hidden py-5 align wp-block-image-grid-block !pt-[0] !pb-[0]\"\n>\n    <div\n        class=\"container relative flex flex-col items-start z-10\"\n    >\n        <div\n            class=\"grid w-full gap-3 md:grid-cols-2 md:gap-5 md:grid-cols-3 lg:px-12\"\n        >\n                                                <div\n                        class=\"relative z-10 flex h-full w-full flex-col text-center\"\n                    >\n                        <img decoding=\"async\"\n        src=\"https:\/\/www.railbaltica.org\/wp-content\/uploads\/2025\/08\/COP28_6.jpeg\"\n        alt=\"COP28_6\"\n         title=\"COP28_6\"         class=\"block z-20 !relative h-80 object-cover\"\n        loading=\"lazy\"\n    \/>\n                                            <\/div>\n                                                                <div\n                        class=\"relative z-10 flex h-full w-full flex-col text-center\"\n                    >\n                        <img decoding=\"async\"\n        src=\"https:\/\/www.railbaltica.org\/wp-content\/uploads\/2025\/08\/COP28_2.jpg\"\n        alt=\"COP28_2\"\n         title=\"COP28_2\"         class=\"block z-20 !relative h-80 object-cover\"\n        loading=\"lazy\"\n    \/>\n                                            <\/div>\n                                                                <div\n                        class=\"relative z-10 flex h-full w-full flex-col text-center\"\n                    >\n                        <img decoding=\"async\"\n        src=\"https:\/\/www.railbaltica.org\/wp-content\/uploads\/2025\/08\/COP28_4.jpg\"\n        alt=\"COP28_4\"\n         title=\"COP28_4\"         class=\"block z-20 !relative h-80 object-cover\"\n        loading=\"lazy\"\n    \/>\n                                            <\/div>\n                                                                <div\n                        class=\"relative z-10 flex h-full w-full flex-col text-center\"\n                    >\n                        <img decoding=\"async\"\n        src=\"https:\/\/www.railbaltica.org\/wp-content\/uploads\/2025\/08\/COP28_5.jpg\"\n        alt=\"COP28_5\"\n         title=\"COP28_5\"         class=\"block z-20 !relative h-80 object-cover\"\n        loading=\"lazy\"\n    \/>\n                                            <\/div>\n                                                                <div\n                        class=\"relative z-10 flex h-full w-full flex-col text-center\"\n                    >\n                        <img decoding=\"async\"\n        src=\"https:\/\/www.railbaltica.org\/wp-content\/uploads\/2025\/07\/COP28_1-1.jpg\"\n        alt=\"COP28_1\"\n         title=\"COP28_1\"         class=\"block z-20 !relative h-80 object-cover\"\n        loading=\"lazy\"\n    \/>\n                                            <\/div>\n                                                                <div\n                        class=\"relative z-10 flex h-full w-full flex-col text-center\"\n                    >\n                        <img decoding=\"async\"\n        src=\"https:\/\/www.railbaltica.org\/wp-content\/uploads\/2025\/08\/COP28_3.jpg\"\n        alt=\"COP28_3\"\n         title=\"COP28_3\"         class=\"block z-20 !relative h-80 object-cover\"\n        loading=\"lazy\"\n    \/>\n                                            <\/div>\n                                    <\/div>\n    <\/div>\n<\/section>\n\n\n<section\n    class=\"py-5 md:py-10 align wp-block-textual-block\"\n>\n    <div\n        class=\"container\"\n    >\n        <div\n            class=\"textual w-full text-xl text-dark break-words [&#038;_span]:!text-dark [&#038;_a]:!text-dark\"\n        >\n                            <p>Diskusij\u0105 prad\u0117jo bendrosios \u012fmon\u0117s \u201eRB Rail\u201c, AS technikos direktorius ir valdybos narys <strong>Emilienas Dangas (<em>Emilien Dang<\/em>)<\/strong>, kuris pristat\u0117 \u201eRail Baltica\u201c techninius parametrus ir aplinkos tvarumo sprendimus.<\/p>\n<p>\u201eProjektuojant ir statant visi\u0161kai nauj\u0105 infrastrukt\u016br\u0105, kuri tarnaus visuomen\u0117s poreikiams ma\u017eiausiai 100 met\u0173, prisitaikymas prie klimato kaitos yra labai svarbus aspektas. Taip ne tik u\u017etikrinamas atsparumas, bet ir apsaugomos investicijos, didinama visuomen\u0117s sauga, u\u017etikrinama atitiktis teis\u0117s aktams ir prisidedama prie bendro aplinkos tvarumo. \u201eRail Baltica\u201c \u012f projekto gyvavimo cikl\u0105 nuo pat pirm\u0173j\u0173 planavimo ir projektavimo etap\u0173 \u012ftrauk\u0117 su klimatu susijusius aspektus\u201c, \u2013 pa\u017eym\u0117jo<strong> E. Dangas<\/strong>.<\/p>\n<p>Kaip pavyzd\u012f jis pamin\u0117jo \u201eRB Rail\u201c u\u017esakymu atlikt\u0105 i\u0161sami\u0105 klimato kaitos poveikio studij\u0105, kurioje \u012fvertinta, kaip klimato kaita veiks \u201eRail Baltica\u201c gele\u017einkeli\u0173 infrastrukt\u016bros eksploatavim\u0105 ir technin\u0119 prie\u017ei\u016br\u0105 per vis\u0105 jos gyvavimo cikl\u0105. Atlikus tyrim\u0105 nustatytos pa\u017eeid\u017eiamiausios gele\u017einkelio infrastrukt\u016bros dalys ir pasi\u016blytos atitinkamos prisitaikymo ir poveikio ma\u017einimo priemon\u0117s, kurios bus \u012ftrauktos \u012f gele\u017einkelio linijos projekt\u0105 ir toliau \u012fgyvendinamos statybos etapu.<\/p>\n<p>E. Dangas taip pat pabr\u0117\u017e\u0117 projekto \u201eRail Baltica\u201c ind\u0117l\u012f siekiant ES energetin\u0117s nepriklausomyb\u0117s ir didinant regiono energetin\u012f saugum\u0105. \u012egyvendinant \u0161\u012f bendr\u0105 projekt\u0105, siekiama naudoti 100 proc. atsinaujinan\u010diosios energijos, numatant, kad 2030 m. i\u0161metamo CO2 kiekis suma\u017e\u0117s daugiau kaip 150 000t CO2e per metus, o iki 2050 m. \u2013 daugiau kaip 400 000 t CO2e per metus. Tikimasi, kad skatinant visuomen\u0119 pereiti prie gele\u017einkeli\u0173 transporto, grynosios \u0161iltnamio efekt\u0105 sukelian\u010di\u0173 duj\u0173 i\u0161metimo s\u0105naudos suma\u017e\u0117s nuo 2,3 iki 3,1 mlrd. eur\u0173. Apskai\u010diuota, kad i\u0161kastinio kuro suvartojimas gal\u0117t\u0173 suma\u017e\u0117ti nuo 1,5proc. iki 3,3 proc., palyginti su vidutiniu suvartojimu 2010\u20132021 m. laikotarpiu.<\/p>\n<p>COP28 yra svarbiausias pasaulinis forumas klimato kaitos srityje, kuriame aptariama \u0161ali\u0173 pa\u017eanga vykdant Pary\u017eiaus susitarime nustatytus \u012fsipareigojimus ap\u010diuopiamai apriboti visuotin\u012f \u0161ilim\u0105. COP28 formatu vyksta keli \u0161imtai tarpvyriausybini\u0173 deryb\u0173, taip pat daugyb\u0117 lygiagre\u010diai organizuojam\u0173 konferencij\u0173, seminar\u0173, diskusij\u0173 ir kit\u0173 rengini\u0173.<\/p>\n<p><strong>Apie \u201eRail Baltica\u201c<\/strong><\/p>\n<p>\u201eRail Baltica\u201c \u2013 tai vienas did\u017eiausi\u0173 Europos greit\u0173j\u0173 gele\u017einkeli\u0173 infrastrukt\u016bros projekt\u0173, kuriuo siekiama sukurti moderni\u0105 ir tvari\u0105 gele\u017einkelio jungt\u012f, siejan\u010di\u0105 Baltijos \u0161alis Estij\u0105, Latvij\u0105 ir Lietuv\u0105 su Europos gele\u017einkeli\u0173 tinklu. Jis taip pat yra transeuropinio transporto koridoriaus dalis.<\/p>\n<p>\u201eRail Baltica\u201c bus visi\u0161kai elektrifikuotas dvikelis gele\u017einkelis su standartine 1435 mm v\u0117\u017ee, jame bus \u012frengta ERTMS (Europos gele\u017einkeli\u0173 eismo valdymo sistema) ir jis bus suprojektuotas taip, kad atitikt\u0173 Europos standartus. \u201eRail Baltica\u201c, kurios projektinis greitis \u2013 249 km\/h, gerokai sutrumpins kelioni\u0173 tarp Baltijos \u0161ali\u0173 ir did\u017ei\u0173j\u0173 Europos miest\u0173 laik\u0105. Tai bus moderni keleivi\u0173, krovini\u0173 ir karinio judumo infrastrukt\u016bra, skatinanti prieinamum\u0105 ir sudaranti palankesnes s\u0105lygas verslui, turizmui ir kult\u016briniams mainams.<\/p>\n<p>Be to, projektas sustiprins Baltijos regiono, kaip svarbaus tranzito centro, pozicijas, pad\u0117s pl\u0117toti prekybos ry\u0161ius ir skatins regionin\u012f bendradarbiavim\u0105.<\/p>\n\n                    <\/div>\n    <\/div>\n<\/section>\n\n\n\n<section\n    class=\"overflow-hidden py-5 md:pt-5 md:pb-10 align wp-block-button-cta-block !pt-[0]\"\n>\n    <div\n        class=\"container w-full relative flex flex-col items-start z-10\"\n    >\n        <div\n            class=\"w-full border-t border-dark pt-5 mt-4 md:mt-5 md:pt-10\"\n        >\n        <\/div>\n\n                    <a\n        href=\"\/lt\/naujienos\/\"\n                class=\"btn-outline-dark mx-auto\"\n    >\n        \n        Gr\u012f\u017eti \u012f visas naujienas\n        \n        \n    <\/a>\n            <\/div>\n<\/section>\n","protected":false},"excerpt":{"rendered":"<p>Jungtini\u0173 Taut\u0173 klimato kaitos konferencijoje COP28 diskutuota apie projekto \u201eRail Baltica\u201c vaidmen\u012f, u\u017etikrinant tvar\u0173 gele\u017einkeli\u0173 transport\u0105 Baltijos regione.<\/p>\n","protected":false},"featured_media":14517,"template":"","news_category":[623,624,625,626],"class_list":["post-14525","news","type-news","status-publish","has-post-thumbnail","hentry","news_category-climate-change-lt","news_category-cop28-lt","news_category-sustainability-lt","news_category-sustainable-transport-lt"],"acf":[],"yoast_head":"<!-- This site is optimized with the Yoast SEO plugin v27.5 - https:\/\/yoast.com\/product\/yoast-seo-wordpress\/ -->\n<title>\u201eRail Baltica\u201c: kuriant infrastrukt\u016br\u0105, kuri tarnaus ateinan\u010dius 100 met\u0173, klimato kaitos poveikis ypa\u010d svarbus - RB<\/title>\n<meta name=\"robots\" content=\"index, follow, max-snippet:-1, max-image-preview:large, max-video-preview:-1\" \/>\n<link rel=\"canonical\" href=\"https:\/\/www.railbaltica.org\/naujienos\/rail-baltica-at-cop28-when-constructing-infrastructure-that-will-serve-the-next-100-years-the-impact-of-climate-change-becomes-especially-important\/\" \/>\n<meta property=\"og:locale\" content=\"lt_LT\" \/>\n<meta property=\"og:type\" content=\"article\" \/>\n<meta property=\"og:title\" content=\"\u201eRail Baltica\u201c: kuriant infrastrukt\u016br\u0105, kuri tarnaus ateinan\u010dius 100 met\u0173, klimato kaitos poveikis ypa\u010d svarbus - RB\" \/>\n<meta property=\"og:description\" content=\"Jungtini\u0173 Taut\u0173 klimato kaitos konferencijoje COP28 diskutuota apie projekto \u201eRail Baltica\u201c vaidmen\u012f, u\u017etikrinant tvar\u0173 gele\u017einkeli\u0173 transport\u0105 Baltijos regione.\" \/>\n<meta property=\"og:url\" content=\"https:\/\/www.railbaltica.org\/naujienos\/rail-baltica-at-cop28-when-constructing-infrastructure-that-will-serve-the-next-100-years-the-impact-of-climate-change-becomes-especially-important\/\" \/>\n<meta property=\"og:site_name\" content=\"RB\" \/>\n<meta property=\"article:modified_time\" content=\"2025-08-20T07:29:06+00:00\" \/>\n<meta property=\"og:image\" content=\"https:\/\/www.railbaltica.org\/wp-content\/uploads\/2025\/07\/COP28_1-1.jpg\" \/>\n\t<meta property=\"og:image:width\" content=\"1200\" \/>\n\t<meta property=\"og:image:height\" content=\"801\" \/>\n\t<meta property=\"og:image:type\" content=\"image\/jpeg\" \/>\n<meta name=\"twitter:card\" content=\"summary_large_image\" \/>\n<script type=\"application\/ld+json\" class=\"yoast-schema-graph\">{\"@context\":\"https:\\\/\\\/schema.org\",\"@graph\":[{\"@type\":\"WebPage\",\"@id\":\"https:\\\/\\\/www.railbaltica.org\\\/naujienos\\\/rail-baltica-at-cop28-when-constructing-infrastructure-that-will-serve-the-next-100-years-the-impact-of-climate-change-becomes-especially-important\\\/\",\"url\":\"https:\\\/\\\/www.railbaltica.org\\\/naujienos\\\/rail-baltica-at-cop28-when-constructing-infrastructure-that-will-serve-the-next-100-years-the-impact-of-climate-change-becomes-especially-important\\\/\",\"name\":\"\u201eRail Baltica\u201c: kuriant infrastrukt\u016br\u0105, kuri tarnaus ateinan\u010dius 100 met\u0173, klimato kaitos poveikis ypa\u010d svarbus - RB\",\"isPartOf\":{\"@id\":\"https:\\\/\\\/www.railbaltica.org\\\/#website\"},\"primaryImageOfPage\":{\"@id\":\"https:\\\/\\\/www.railbaltica.org\\\/naujienos\\\/rail-baltica-at-cop28-when-constructing-infrastructure-that-will-serve-the-next-100-years-the-impact-of-climate-change-becomes-especially-important\\\/#primaryimage\"},\"image\":{\"@id\":\"https:\\\/\\\/www.railbaltica.org\\\/naujienos\\\/rail-baltica-at-cop28-when-constructing-infrastructure-that-will-serve-the-next-100-years-the-impact-of-climate-change-becomes-especially-important\\\/#primaryimage\"},\"thumbnailUrl\":\"https:\\\/\\\/www.railbaltica.org\\\/wp-content\\\/uploads\\\/2025\\\/07\\\/COP28_1-1.jpg\",\"datePublished\":\"2023-12-07T10:22:55+00:00\",\"dateModified\":\"2025-08-20T07:29:06+00:00\",\"breadcrumb\":{\"@id\":\"https:\\\/\\\/www.railbaltica.org\\\/naujienos\\\/rail-baltica-at-cop28-when-constructing-infrastructure-that-will-serve-the-next-100-years-the-impact-of-climate-change-becomes-especially-important\\\/#breadcrumb\"},\"inLanguage\":\"lt-LT\",\"potentialAction\":[{\"@type\":\"ReadAction\",\"target\":[\"https:\\\/\\\/www.railbaltica.org\\\/naujienos\\\/rail-baltica-at-cop28-when-constructing-infrastructure-that-will-serve-the-next-100-years-the-impact-of-climate-change-becomes-especially-important\\\/\"]}]},{\"@type\":\"ImageObject\",\"inLanguage\":\"lt-LT\",\"@id\":\"https:\\\/\\\/www.railbaltica.org\\\/naujienos\\\/rail-baltica-at-cop28-when-constructing-infrastructure-that-will-serve-the-next-100-years-the-impact-of-climate-change-becomes-especially-important\\\/#primaryimage\",\"url\":\"https:\\\/\\\/www.railbaltica.org\\\/wp-content\\\/uploads\\\/2025\\\/07\\\/COP28_1-1.jpg\",\"contentUrl\":\"https:\\\/\\\/www.railbaltica.org\\\/wp-content\\\/uploads\\\/2025\\\/07\\\/COP28_1-1.jpg\",\"width\":1200,\"height\":801},{\"@type\":\"BreadcrumbList\",\"@id\":\"https:\\\/\\\/www.railbaltica.org\\\/naujienos\\\/rail-baltica-at-cop28-when-constructing-infrastructure-that-will-serve-the-next-100-years-the-impact-of-climate-change-becomes-especially-important\\\/#breadcrumb\",\"itemListElement\":[{\"@type\":\"ListItem\",\"position\":1,\"name\":\"Home\",\"item\":\"https:\\\/\\\/www.railbaltica.org\\\/lt\\\/\"},{\"@type\":\"ListItem\",\"position\":2,\"name\":\"\u201eRail Baltica\u201c: kuriant infrastrukt\u016br\u0105, kuri tarnaus ateinan\u010dius 100 met\u0173, klimato kaitos poveikis ypa\u010d svarbus\"}]},{\"@type\":\"WebSite\",\"@id\":\"https:\\\/\\\/www.railbaltica.org\\\/#website\",\"url\":\"https:\\\/\\\/www.railbaltica.org\\\/\",\"name\":\"RB\",\"description\":\"\",\"potentialAction\":[{\"@type\":\"SearchAction\",\"target\":{\"@type\":\"EntryPoint\",\"urlTemplate\":\"https:\\\/\\\/www.railbaltica.org\\\/?s={search_term_string}\"},\"query-input\":{\"@type\":\"PropertyValueSpecification\",\"valueRequired\":true,\"valueName\":\"search_term_string\"}}],\"inLanguage\":\"lt-LT\"}]}<\/script>\n<!-- \/ Yoast SEO plugin. -->","yoast_head_json":{"title":"\u201eRail Baltica\u201c: kuriant infrastrukt\u016br\u0105, kuri tarnaus ateinan\u010dius 100 met\u0173, klimato kaitos poveikis ypa\u010d svarbus - RB","robots":{"index":"index","follow":"follow","max-snippet":"max-snippet:-1","max-image-preview":"max-image-preview:large","max-video-preview":"max-video-preview:-1"},"canonical":"https:\/\/www.railbaltica.org\/naujienos\/rail-baltica-at-cop28-when-constructing-infrastructure-that-will-serve-the-next-100-years-the-impact-of-climate-change-becomes-especially-important\/","og_locale":"lt_LT","og_type":"article","og_title":"\u201eRail Baltica\u201c: kuriant infrastrukt\u016br\u0105, kuri tarnaus ateinan\u010dius 100 met\u0173, klimato kaitos poveikis ypa\u010d svarbus - RB","og_description":"Jungtini\u0173 Taut\u0173 klimato kaitos konferencijoje COP28 diskutuota apie projekto \u201eRail Baltica\u201c vaidmen\u012f, u\u017etikrinant tvar\u0173 gele\u017einkeli\u0173 transport\u0105 Baltijos regione.","og_url":"https:\/\/www.railbaltica.org\/naujienos\/rail-baltica-at-cop28-when-constructing-infrastructure-that-will-serve-the-next-100-years-the-impact-of-climate-change-becomes-especially-important\/","og_site_name":"RB","article_modified_time":"2025-08-20T07:29:06+00:00","og_image":[{"width":1200,"height":801,"url":"https:\/\/www.railbaltica.org\/wp-content\/uploads\/2025\/07\/COP28_1-1.jpg","type":"image\/jpeg"}],"twitter_card":"summary_large_image","schema":{"@context":"https:\/\/schema.org","@graph":[{"@type":"WebPage","@id":"https:\/\/www.railbaltica.org\/naujienos\/rail-baltica-at-cop28-when-constructing-infrastructure-that-will-serve-the-next-100-years-the-impact-of-climate-change-becomes-especially-important\/","url":"https:\/\/www.railbaltica.org\/naujienos\/rail-baltica-at-cop28-when-constructing-infrastructure-that-will-serve-the-next-100-years-the-impact-of-climate-change-becomes-especially-important\/","name":"\u201eRail Baltica\u201c: kuriant infrastrukt\u016br\u0105, kuri tarnaus ateinan\u010dius 100 met\u0173, klimato kaitos poveikis ypa\u010d svarbus - RB","isPartOf":{"@id":"https:\/\/www.railbaltica.org\/#website"},"primaryImageOfPage":{"@id":"https:\/\/www.railbaltica.org\/naujienos\/rail-baltica-at-cop28-when-constructing-infrastructure-that-will-serve-the-next-100-years-the-impact-of-climate-change-becomes-especially-important\/#primaryimage"},"image":{"@id":"https:\/\/www.railbaltica.org\/naujienos\/rail-baltica-at-cop28-when-constructing-infrastructure-that-will-serve-the-next-100-years-the-impact-of-climate-change-becomes-especially-important\/#primaryimage"},"thumbnailUrl":"https:\/\/www.railbaltica.org\/wp-content\/uploads\/2025\/07\/COP28_1-1.jpg","datePublished":"2023-12-07T10:22:55+00:00","dateModified":"2025-08-20T07:29:06+00:00","breadcrumb":{"@id":"https:\/\/www.railbaltica.org\/naujienos\/rail-baltica-at-cop28-when-constructing-infrastructure-that-will-serve-the-next-100-years-the-impact-of-climate-change-becomes-especially-important\/#breadcrumb"},"inLanguage":"lt-LT","potentialAction":[{"@type":"ReadAction","target":["https:\/\/www.railbaltica.org\/naujienos\/rail-baltica-at-cop28-when-constructing-infrastructure-that-will-serve-the-next-100-years-the-impact-of-climate-change-becomes-especially-important\/"]}]},{"@type":"ImageObject","inLanguage":"lt-LT","@id":"https:\/\/www.railbaltica.org\/naujienos\/rail-baltica-at-cop28-when-constructing-infrastructure-that-will-serve-the-next-100-years-the-impact-of-climate-change-becomes-especially-important\/#primaryimage","url":"https:\/\/www.railbaltica.org\/wp-content\/uploads\/2025\/07\/COP28_1-1.jpg","contentUrl":"https:\/\/www.railbaltica.org\/wp-content\/uploads\/2025\/07\/COP28_1-1.jpg","width":1200,"height":801},{"@type":"BreadcrumbList","@id":"https:\/\/www.railbaltica.org\/naujienos\/rail-baltica-at-cop28-when-constructing-infrastructure-that-will-serve-the-next-100-years-the-impact-of-climate-change-becomes-especially-important\/#breadcrumb","itemListElement":[{"@type":"ListItem","position":1,"name":"Home","item":"https:\/\/www.railbaltica.org\/lt\/"},{"@type":"ListItem","position":2,"name":"\u201eRail Baltica\u201c: kuriant infrastrukt\u016br\u0105, kuri tarnaus ateinan\u010dius 100 met\u0173, klimato kaitos poveikis ypa\u010d svarbus"}]},{"@type":"WebSite","@id":"https:\/\/www.railbaltica.org\/#website","url":"https:\/\/www.railbaltica.org\/","name":"RB","description":"","potentialAction":[{"@type":"SearchAction","target":{"@type":"EntryPoint","urlTemplate":"https:\/\/www.railbaltica.org\/?s={search_term_string}"},"query-input":{"@type":"PropertyValueSpecification","valueRequired":true,"valueName":"search_term_string"}}],"inLanguage":"lt-LT"}]}},"_links":{"self":[{"href":"https:\/\/www.railbaltica.org\/lt\/wp-json\/wp\/v2\/news\/14525","targetHints":{"allow":["GET"]}}],"collection":[{"href":"https:\/\/www.railbaltica.org\/lt\/wp-json\/wp\/v2\/news"}],"about":[{"href":"https:\/\/www.railbaltica.org\/lt\/wp-json\/wp\/v2\/types\/news"}],"wp:featuredmedia":[{"embeddable":true,"href":"https:\/\/www.railbaltica.org\/lt\/wp-json\/wp\/v2\/media\/14517"}],"wp:attachment":[{"href":"https:\/\/www.railbaltica.org\/lt\/wp-json\/wp\/v2\/media?parent=14525"}],"wp:term":[{"taxonomy":"news_category","embeddable":true,"href":"https:\/\/www.railbaltica.org\/lt\/wp-json\/wp\/v2\/news_category?post=14525"}],"curies":[{"name":"wp","href":"https:\/\/api.w.org\/{rel}","templated":true}]}}