{"id":13256,"date":"2021-11-01T11:24:53","date_gmt":"2021-11-01T11:24:53","guid":{"rendered":"https:\/\/www.railbaltica.org\/news\/rail-baltica-industrijos-diena-vyks-lapkricio-25-d\/"},"modified":"2025-08-20T07:30:16","modified_gmt":"2025-08-20T07:30:16","slug":"rail-baltica-industrijos-diena-vyks-lapkricio-25-d","status":"publish","type":"news","link":"https:\/\/www.railbaltica.org\/lt\/naujienos\/rail-baltica-industrijos-diena-vyks-lapkricio-25-d\/","title":{"rendered":"\u201eRail Baltica\u201c industrijos diena\u201c vyks lapkri\u010dio 25 d."},"content":{"rendered":"<section\n    class=\"align wp-block-hero-page-block relative flex overflow-hidden z-10 mt-20 md:mt-52\"\n>\n            <div\n            class=\"container md:!px-14\"\n        >\n            <div\n                class=\"bg-dark text-white rounded p-4 md:p-10\"\n            >\n                                <div\n    class=\"flex justify-between border-t pt-2.5 my-5 text-sm\"\n>\n    <span>Pasidalinkite naujienomis<\/span>\n    <ul\n        class=\"flex items-center gap-5\"\n    >\n        <li>\n            <a\n                href=\"https:\/\/www.facebook.com\/sharer\/sharer.php?u=https%3A%2F%2Fwww.railbaltica.org%2Flt%2Fnaujienos%2Frail-baltica-industrijos-diena-vyks-lapkricio-25-d%2F\"\n                target=\"_blank\"\n                rel=\"noopener noreferrer\"\n                aria-label=\"Share on Facebook\"\n                class=\"transition-opacity hover:opacity-75\"\n            >\n                <svg\n                    width=\"20\"\n                    height=\"20\"\n                    viewBox=\"0 0 20 20\"\n                    fill=\"none\"\n                    xmlns=\"http:\/\/www.w3.org\/2000\/svg\"\n                >\n                    <path\n                        d=\"M7.5 6.66667H5V10H7.5V20H11.6667V10H14.7017L15 6.66667H11.6667V5.2775C11.6667 4.48167 11.8267 4.16667 12.5958 4.16667H15V0H11.8267C8.83 0 7.5 1.31917 7.5 3.84583V6.66667Z\"\n                        fill=\"white\"\n                    \/>\n                <\/svg>\n            <\/a>\n        <\/li>\n        <li>\n            <a\n                href=\"https:\/\/twitter.com\/intent\/tweet?url=https%3A%2F%2Fwww.railbaltica.org%2Flt%2Fnaujienos%2Frail-baltica-industrijos-diena-vyks-lapkricio-25-d%2F&amp;text=%E2%80%9ERail+Baltica%E2%80%9C+industrijos+diena%E2%80%9C+vyks+lapkri%C4%8Dio+25+d.\"\n                target=\"_blank\"\n                rel=\"noopener noreferrer\"\n                aria-label=\"Share on Twitter\"\n                class=\"transition-opacity hover:opacity-75\"\n            >\n                <svg\n                    width=\"20\"\n                    height=\"20\"\n                    viewBox=\"0 0 20 20\"\n                    fill=\"none\"\n                    xmlns=\"http:\/\/www.w3.org\/2000\/svg\"\n                >\n                    <path\n                        d=\"M14.7313 2.68748H17.238L11.763 8.88248L18.2038 17.3125H13.1597L9.20966 12.2L4.68966 17.3125H2.18299L8.03883 10.6866L1.86133 2.68665H7.03216L10.603 7.35998L14.7322 2.68665L14.7313 2.68748ZM13.8522 15.8275H15.2405L6.27716 4.09415H4.78716L13.8522 15.8275Z\"\n                        fill=\"white\"\n                    \/>\n                <\/svg>\n            <\/a>\n        <\/li>\n        <li>\n            <a\n                href=\"https:\/\/www.linkedin.com\/sharing\/share-offsite\/?url=https%3A%2F%2Fwww.railbaltica.org%2Flt%2Fnaujienos%2Frail-baltica-industrijos-diena-vyks-lapkricio-25-d%2F\"\n                target=\"_blank\"\n                rel=\"noopener noreferrer\"\n                aria-label=\"Share on LinkedIn\"\n                class=\"transition-opacity hover:opacity-75\"\n            >\n                <svg\n                    width=\"20\"\n                    height=\"20\"\n                    viewBox=\"0 0 20 20\"\n                    fill=\"none\"\n                    xmlns=\"http:\/\/www.w3.org\/2000\/svg\"\n                >\n                    <path\n                        d=\"M18.4097 0.000139829H1.46998C1.27956 -0.00250476 1.09049 0.0323869 0.913553 0.102822C0.73662 0.173257 0.575295 0.277857 0.438791 0.410646C0.302287 0.543436 0.193279 0.701814 0.11799 0.876737C0.0427018 1.05166 0.00260836 1.2397 0 1.43012V18.5699C0.00260836 18.7603 0.0427018 18.9483 0.11799 19.1233C0.193279 19.2982 0.302287 19.4566 0.438791 19.5894C0.575295 19.7221 0.73662 19.8267 0.913553 19.8972C1.09049 19.9676 1.27956 20.0025 1.46998 19.9999H18.4097C18.6002 20.0025 18.7892 19.9676 18.9662 19.8972C19.1431 19.8267 19.3044 19.7221 19.4409 19.5894C19.5774 19.4566 19.6864 19.2982 19.7617 19.1233C19.837 18.9483 19.8771 18.7603 19.8797 18.5699V1.43012C19.8771 1.2397 19.837 1.05166 19.7617 0.876737C19.6864 0.701814 19.5774 0.543436 19.4409 0.410646C19.3044 0.277857 19.1431 0.173257 18.9662 0.102822C18.7892 0.0323869 18.6002 -0.00250476 18.4097 0.000139829ZM6.02992 16.7399H3.02996V7.74003H6.02992V16.7399ZM4.52994 6.48005C4.1162 6.48005 3.71942 6.31569 3.42687 6.02314C3.13431 5.73059 2.96996 5.3338 2.96996 4.92007C2.96996 4.50634 3.13431 4.10955 3.42687 3.817C3.71942 3.52445 4.1162 3.36009 4.52994 3.36009C4.74963 3.33518 4.97211 3.35695 5.1828 3.42398C5.3935 3.491 5.58766 3.60178 5.75258 3.74905C5.91749 3.89632 6.04944 4.07676 6.13979 4.27856C6.23013 4.48036 6.27683 4.69897 6.27683 4.92007C6.27683 5.14117 6.23013 5.35978 6.13979 5.56158C6.04944 5.76338 5.91749 5.94382 5.75258 6.09109C5.58766 6.23836 5.3935 6.34914 5.1828 6.41617C4.97211 6.48319 4.74963 6.50496 4.52994 6.48005ZM16.8498 16.7399H13.8498V11.91C13.8498 10.7 13.4198 9.91 12.3298 9.91C11.9925 9.91247 11.664 10.0183 11.3887 10.2132C11.1133 10.4081 10.9043 10.6827 10.7899 11C10.7116 11.235 10.6777 11.4826 10.6899 11.73V16.7299H7.68989V7.73003H10.6899V9.00001C10.9624 8.52713 11.3587 8.13755 11.8363 7.87323C12.3138 7.60892 12.8544 7.47989 13.3998 7.50003C15.3998 7.50003 16.8498 8.79002 16.8498 11.56V16.7399Z\"\n                        fill=\"white\"\n                    \/>\n                <\/svg>\n            <\/a>\n        <\/li>\n        <li>\n            <button\n                type=\"button\"\n                class=\"copy-url-btn relative my-auto flex transition-opacity hover:opacity-75\"\n                data-url=\"https:\/\/www.railbaltica.org\/lt\/naujienos\/rail-baltica-industrijos-diena-vyks-lapkricio-25-d\/\"\n            >\n                <svg\n                    width=\"21\"\n                    height=\"21\"\n                    viewBox=\"0 0 21 21\"\n                    fill=\"none\"\n                    xmlns=\"http:\/\/www.w3.org\/2000\/svg\"\n                >\n                    <path\n                        d=\"M10.5205 20C15.7661 20 20 15.7455 20 10.4795C20 5.23392 15.7661 1 10.5205 1M10.5205 20C5.25446 20 1 15.7455 1 10.4795C1 5.23392 5.25446 1 10.5205 1M10.5205 20V1M18.7429 5.75H2.26324M18.7958 15.1345H2.21035M1.05135 10.5H19.9486M10.5103 20C13.1333 20 15.25 15.7455 15.25 10.4795C15.25 5.23392 13.1333 1 10.5103 1C7.87697 1 5.75 5.23392 5.75 10.4795C5.75 15.7455 7.87697 20 10.5103 20Z\"\n                        stroke=\"white\"\n                        stroke-linecap=\"round\"\n                        stroke-linejoin=\"round\"\n                    \/>\n                <\/svg>\n                <span\n                    class=\"absolute hidden translate-x-[-10px] translate-y-[30px]\"\n                >Copied!<\/span>\n            <\/button>\n        <\/li>\n    <\/ul>\n<\/div>\n\n                                    <time\n                        datetime=\"\"\n                        class=\"mb-2.5 flex text-xl text-blue\"\n                    >\n                        01.11.2021\n                    <\/time>\n                \n                                    <h1 class='h1 max-w-198'>\n            \u201eRail Baltica\u201c industrijos diena\u201c vyks lapkri\u010dio 25 d.\n        <\/h1>\n                \n                            <\/div>\n        <\/div>\n    <\/section>\n\n<section\n    class=\"overflow-hidden py-5 md:pt-10 md:pb-5 align wp-block-excerpt-block\"\n>\n    <div\n        class=\"container relative flex flex-col items-start z-10 md:text-xl lg:!px-4\"\n    >\n                    <div\n                class=\"textual w-full text-dark text-xl lg:px-12 md:mx-auto md:max-w-222 md:text-xl\"\n            >\n                Siekiant i\u0161samiai ap\u017evelgti globalaus projekto \u201eRail Baltica\u201c eig\u0105 ir planus, lapkri\u010dio 25 d. vyks virtuali konferencija \u201eRail Baltica\u201c industrijos diena\u201c (\u201eRail Baltica Industry Day 2021\u201c). Vis\u0105 program\u0105 ir registracij\u0105 rasite renginio svetain\u0117je forum.railbaltica.org\/2021.\u00a0\n            <\/div>\n            <\/div>\n<\/section>\n<section\n    class=\"overflow-hidden py-5 md:pt-10 md:pb-5 align wp-block-image-block !pt-[0] !pb-[0]\"\n>\n    <div\n        class=\"container relative flex flex-col items-start z-10\"\n    >\n        <div\n            class=\"w-full text-lg text-dark\"\n        >\n                            <img decoding=\"async\"\n        src=\"https:\/\/www.railbaltica.org\/wp-content\/uploads\/2025\/08\/Railbaltica_Industry_Day_Linkedin_cover_1584x396.jpg\"\n        alt=\"Railbaltica_Industry_Day_Linkedin_cover_1584x396\"\n         title=\"Railbaltica_Industry_Day_Linkedin_cover_1584x396\"         class=\"block w-auto h-auto max-w-full max-h-[600px]\"\n        loading=\"lazy\"\n    \/>\n                                <\/div>\n    <\/div>\n<\/section>\n\n\n<section\n    class=\"py-5 md:py-10 align wp-block-textual-block\"\n>\n    <div\n        class=\"container\"\n    >\n        <div\n            class=\"textual w-full text-xl text-dark break-words [&#038;_span]:!text-dark [&#038;_a]:!text-dark\"\n        >\n                            <p><strong><\/strong><strong>\u201eRail Baltic<\/strong><strong>a<\/strong><strong>\u201c <\/strong><strong>i<\/strong><strong>ndustrijos diena<\/strong><strong>\u201c<\/strong> (<strong>\u201eRail Baltica Industry Day 2021\u201c). Vis\u0105 program\u0105 ir registracij\u0105 rasite renginio svetain\u0117je <a href=\"http:\/\/forum.railbaltica.org\/2021\">forum.railbaltica.org\/2021<\/a>.\u00a0<\/strong><\/p>\n<p>Renginio metu \u201eRail Baltica\u201c projekto \u012fgyvendintojai, atstovai bei pagrindiniai tarptautiniai ir vietos partneriai pasidalins savo \u012f\u017evalgomis apie strategines tolesnes \u201eRail Baltica\u201c pl\u0117tros kryptis, praktine informacija apie b\u016bsimus vie\u0161uosius pirkimus, projekto reglamentavimo aplink\u0105 ir taikomus standartus. Bus pateikta naujausia informacija apie konsoliduot\u0105 med\u017eiag\u0173 pirkimo sistem\u0105 ir gele\u017einkeli\u0173 elektrifikavimo bei kontrol\u0117s ir valdymo signalizacijos posistemio pl\u0117tr\u0105. Be to, bus diskutuojama d\u0117l naujos, gerai veikian\u010dios ir ekonomik\u0105 skatinan\u010dios infrastrukt\u016bros, kitaip dar vadinamo ekonominio koridoriaus, pl\u0117tros.<\/p>\n<p>\u201eNepaisant \u012fvairi\u0173 i\u0161\u0161\u016bki\u0173, COVID-19 sukeltos pandemijos, 2021 metais globalaus projekto \u201eRail Baltica\u201c \u012fgyvendinimas trijose Baltijos \u0161alyse smarkiai pa\u017eeng\u0117 \u012f priek\u012f. \u0160ie metai buvo sud\u0117tingi \u2013 galimyb\u0117s keliauti ir susitikti su \u012fvairiais partneriais vis dar buvo gana ribotos. Vis d\u0117lto svarbu u\u017etikrinti reguliar\u0173 ir visapusi\u0161k\u0105 informavim\u0105 apie tolesnius projekto planus ir vykdomas veiklas. Projekto partneri\u0173 vardu kvie\u010diu visas suinteresuotas \u0161alis ir b\u016bsimus \u201eRail Baltica\u201c partnerius prisijungti prie m\u016bs\u0173 virtualaus renginio\u201c, \u2013 sako <strong>Agnis Driksna<\/strong>, bendrosios Baltijos \u0161ali\u0173 \u012fmon\u0117s \u201eRB Rail AS\u201c vadovas ir valdybos pirmininkas.<\/p>\n<p>Konferencijos prad\u017eioje bus kalbama apie \u201eRail Baltica\u201c projekto \u012fgyvendinim\u0105 ir projekto eig\u0105, \u012fsipareigojimus ir ateities perspektyvas. \u012e\u017eangin\u012f \u017eod\u012f tars trys Baltijos \u0161ali\u0173 ministrai: Estijos ekonomikos ir susisiekimo ministras <strong>Taavi Aas<\/strong>, Latvijos susisiekimo ministras <strong>T\u0101lis Linkaits<\/strong> ir Lietuvos susisiekimo ministras <strong>Marius Skuodis.<\/strong> Taip pat kalb\u0117s \u201eRB Rail AS\u201c vadovas ir valdybos pirmininkas <strong>A. Driksna<\/strong>. V\u0117liau vyks diskusija, kuri\u0105 moderuos \u0160iaur\u0117s j\u016bros\u2013Baltijos j\u016bros TEN-T koridoriaus Europos koordinator\u0117 <strong>Catherine Trautman<\/strong> su \u201eRail Baltica\u201c projekt\u0105 \u012fgyvendinan\u010di\u0173 institucij\u0173 vadovais i\u0161 trij\u0173 Baltijos \u0161ali\u0173 <strong>T\u00f5nu Gr\u00fcnbergu<\/strong> (OU \u201eRail Baltic Estonia\u201c), <strong>Kasparu Vingriu<\/strong> (\u201eEiropas Dzelzce\u013ca l\u012bnijas\u201c) ir <strong>Karoliu Sankovski<\/strong> (\u201eLTG Infra\u201c).<\/p>\n<p>V\u0117liau renginio metu bus kalbama apie gele\u017einkeli\u0173 sistemos saugumo u\u017etikrinim\u0105 ir s\u0105veik\u0105, \u012fvairius tarpvalstybinio gele\u017einkeli\u0173 tiekimo aspektus \u201eRail Baltica\u201c projekte. \u0160iomis temomis \u012f\u017evalgas pristatys <strong>Marc-Philippe El Beze<\/strong>, \u201eRB Rail AS\u201c vyriausiasis technikos direktorius ir valdybos narys, bei <strong>Mark S. Loader<\/strong>, \u201eRB Rail AS\u201c program\u0173 direktorius ir valdybos narys. V\u0117liau \u201eRB Rail AS\u201c vie\u0161\u0173j\u0173 pirkim\u0173 ekspertai <strong>Kristjan Piirsalu<\/strong>, <strong>M\u0101rti\u0146\u0161 Blaus<\/strong> ir <strong>Aiga Benfelde<\/strong> pateiks praktini\u0173 patarim\u0173 d\u0117l pasi\u016blym\u0173 teikimo, pristatys planuojamus pirkimus ir ap\u017evelgs konsoliduot\u0173 med\u017eiag\u0173 pirkimus ir logistikos planus.<\/p>\n<p>Popietin\u0117je sesijoje pagrindinis d\u0117mesys bus skiriamas \u201eRail Baltica\u201c elektrifikacijai, valdymo bei signalizacijos posistemi\u0173 k\u016brimui. Apie tai kalb\u0117s <strong>Jean-Marc Bedmar<\/strong>, \u201eRB Rail AS\u201c sistem\u0173 ir operacij\u0173 direktorius, ir <strong>M.-Ph. El Beze<\/strong>.<\/p>\n<p>Baigiamojoje virtualios konferencijos dalyje bus surengtos dvi i\u0161samios diskusijos. Pirmoji i\u0161 j\u0173 bus skirta aptarti, ko reikia siekiant paskatinti konkurencingos ateities paslaug\u0173 rinkos pl\u0117tr\u0105 ir investicijas, kurios maksimaliai padidina sraut\u0105 ir platesn\u0119 socialin\u0119-ekonomin\u0119 naud\u0105. \u0160i\u0105 tem\u0105 pristatys <strong>Kaspars Bri\u0161kens<\/strong>, \u201eRB Rail AS\u201c Strategijos ir verslo pl\u0117tros departamento vadovas. Diskusijoje, kuri\u0105 moderuos <strong>C. Trautman,<\/strong> dalyvaus Europos infrastrukt\u016bros valdytoj\u0173 grup\u0117s atstov\u0117, teis\u0117s ir politikos pareig\u016bn\u0117 <strong>Bente Yedema<\/strong>, Europos gele\u017einkeli\u0173 ir infrastrukt\u016bros \u012fmoni\u0173 bendrijos CER patar\u0117ja infrastrukt\u016bros klausimais <strong>Marina Potapidou, <\/strong>FICEL Transporto ir infrastrukt\u016bros klausim\u0173 darbo grup\u0117s vadovas <strong>J\u0101nis Zv\u012bgulis<\/strong> ir kt.<\/p>\n<p>Prane\u0161\u0117j\u0173 diskusij\u0173 metu daugiausia d\u0117mesio bus skiriama aptarti, koki\u0105 socialin\u0119 ir ekonomin\u0119 naud\u0105 teiks b\u016bsimas \u201eRail Baltica\u201c projektas. Taip pat bus svarstomi galimi b\u016bdai, kaip paskatinti pramon\u0117s pl\u0117tr\u0105, skaitmenin\u012f ry\u0161\u012f ir darbo viet\u0173 k\u016brim\u0105. Be to, diskusijose bus keliami klausimai, kaip u\u017etikrinti visuotin\u012f \u201eRail Baltica\u201c pasiekiamum\u0105, paslaugas, keli\u0173, oro ir j\u016br\u0173 transporto paslaug\u0173 integracij\u0105, kaip siekti i\u0161sikelt\u0173 Europos \u017ealiojo kurso tiksl\u0173 ir kt. Pagrindin\u012f prane\u0161im\u0105 skaitys \u201eRamboll\u201c (\u012fmon\u0117, kuri \u0161iuo metu rengia kelias studijas \u201eRail Baltica\u201c projektui) vyresnysis transporto konsultantas <strong>Ramiro Alberto R\u00edos. <\/strong>Po prane\u0161imo vyks diskusija, kuri\u0105 ves \u201eRB Rail AS\u201c atstovas <strong>K. Bri\u0161kens<\/strong> ir \u201eRB Rail AS\u201c transporto ekonomistas <strong>dr. Stefano Manzo<\/strong>. Privataus ir vie\u0161ojo sektoriaus \u012fmon\u0117ms ir organizacijoms atstovaus renginio dalyviai: <strong>M\u0101rti\u0146\u0161 Sta\u0137is<\/strong>, Rygos miesto meras, <strong>Eero P\u00e4rgm\u00e4e<\/strong>, Talino oro uosto komercijos vadovas, <strong>Heiki Lahtinen<\/strong>, \u201eLimowa Oy\u201c valdybos narys, <strong>Normunds Kr\u016bmi\u0146\u0161<\/strong>, Latvijos logistikos asociacijos valdybos pirmininkas, <strong>Veiko Haavapuu<\/strong>, \u201eRB Rail AS\u201c finans\u0173 direktorius.<\/p>\n<p>\u00a0Viso renginio metu bus organizuojamos interaktyvios diskusijos, klausim\u0173 bei atsakym\u0173 sesijos, kuriose bus galima bendrauti su \u201eRail Baltica\u201c projekto vykdytojais ir suinteresuotomis \u0161alimis. Vis\u0105 konferencijos program\u0105 rasite oficialioje renginio svetain\u0117je: https:\/\/forum.railbaltica.org\/2021.<\/p>\n<p>Konferencija bus transliuojama interneto svetain\u0117je ir oficialiame \u201eRail Baltica\u201c \u201eFacebook\u201c puslapyje. Vis\u0173, norin\u010di\u0173 dalyvauti, maloniai pra\u0161ome registruotis \u010dia: <a href=\"https:\/\/forum.railbaltica.org\/2021\">https:\/\/forum.railbaltica.org\/2021<\/a>.<\/p>\n\n                    <\/div>\n    <\/div>\n<\/section>\n\n\n\n<section\n    class=\"overflow-hidden py-5 md:pt-5 md:pb-10 align wp-block-button-cta-block !pt-[0]\"\n>\n    <div\n        class=\"container w-full relative flex flex-col items-start z-10\"\n    >\n        <div\n            class=\"w-full border-t border-dark pt-5 mt-4 md:mt-5 md:pt-10\"\n        >\n        <\/div>\n\n                    <a\n        href=\"\/lt\/naujienos\/\"\n                class=\"btn-outline-dark mx-auto\"\n    >\n        \n        Gr\u012f\u017eti \u012f visas naujienas\n        \n        \n    <\/a>\n            <\/div>\n<\/section>\n","protected":false},"excerpt":{"rendered":"<p>Siekiant i\u0161samiai ap\u017evelgti globalaus projekto \u201eRail Baltica\u201c eig\u0105 ir planus, lapkri\u010dio 25 d. vyks virtuali konferencija \u201eRail Baltica\u201c industrijos diena\u201c (\u201eRail Baltica Industry Day 2021\u201c). Vis\u0105 program\u0105 ir registracij\u0105 rasite renginio svetain\u0117je forum.railbaltica.org\/2021.\u00a0<\/p>\n","protected":false},"featured_media":13255,"template":"","news_category":[422,445,426],"class_list":["post-13256","news","type-news","status-publish","has-post-thumbnail","hentry","news_category-ceftransport-lt","news_category-industryday-lt","news_category-railbaltica-lt"],"acf":[],"yoast_head":"<!-- This site is optimized with the Yoast SEO plugin v27.5 - https:\/\/yoast.com\/product\/yoast-seo-wordpress\/ -->\n<title>\u201eRail Baltica\u201c industrijos diena\u201c vyks lapkri\u010dio 25 d. - RB<\/title>\n<meta name=\"robots\" content=\"index, follow, max-snippet:-1, max-image-preview:large, max-video-preview:-1\" \/>\n<link rel=\"canonical\" href=\"https:\/\/www.railbaltica.org\/naujienos\/rail-baltica-industry-day-will-be-held-on-25-november\/\" \/>\n<meta property=\"og:locale\" content=\"lt_LT\" \/>\n<meta property=\"og:type\" content=\"article\" \/>\n<meta property=\"og:title\" content=\"\u201eRail Baltica\u201c industrijos diena\u201c vyks lapkri\u010dio 25 d. - RB\" \/>\n<meta property=\"og:description\" content=\"Siekiant i\u0161samiai ap\u017evelgti globalaus projekto \u201eRail Baltica\u201c eig\u0105 ir planus, lapkri\u010dio 25 d. vyks virtuali konferencija \u201eRail Baltica\u201c industrijos diena\u201c (\u201eRail Baltica Industry Day 2021\u201c). Vis\u0105 program\u0105 ir registracij\u0105 rasite renginio svetain\u0117je forum.railbaltica.org\/2021.\u00a0\" \/>\n<meta property=\"og:url\" content=\"https:\/\/www.railbaltica.org\/naujienos\/rail-baltica-industry-day-will-be-held-on-25-november\/\" \/>\n<meta property=\"og:site_name\" content=\"RB\" \/>\n<meta property=\"article:modified_time\" content=\"2025-08-20T07:30:16+00:00\" \/>\n<meta property=\"og:image\" content=\"https:\/\/www.railbaltica.org\/wp-content\/uploads\/2025\/07\/RailBaltica-Riga_Central_Station_Arial-view-south-night-2-scaled.jpg\" \/>\n\t<meta property=\"og:image:width\" content=\"2560\" \/>\n\t<meta property=\"og:image:height\" content=\"1184\" \/>\n\t<meta property=\"og:image:type\" content=\"image\/jpeg\" \/>\n<meta name=\"twitter:card\" content=\"summary_large_image\" \/>\n<script type=\"application\/ld+json\" class=\"yoast-schema-graph\">{\"@context\":\"https:\\\/\\\/schema.org\",\"@graph\":[{\"@type\":\"WebPage\",\"@id\":\"https:\\\/\\\/www.railbaltica.org\\\/naujienos\\\/rail-baltica-industry-day-will-be-held-on-25-november\\\/\",\"url\":\"https:\\\/\\\/www.railbaltica.org\\\/naujienos\\\/rail-baltica-industry-day-will-be-held-on-25-november\\\/\",\"name\":\"\u201eRail Baltica\u201c industrijos diena\u201c vyks lapkri\u010dio 25 d. - RB\",\"isPartOf\":{\"@id\":\"https:\\\/\\\/www.railbaltica.org\\\/#website\"},\"primaryImageOfPage\":{\"@id\":\"https:\\\/\\\/www.railbaltica.org\\\/naujienos\\\/rail-baltica-industry-day-will-be-held-on-25-november\\\/#primaryimage\"},\"image\":{\"@id\":\"https:\\\/\\\/www.railbaltica.org\\\/naujienos\\\/rail-baltica-industry-day-will-be-held-on-25-november\\\/#primaryimage\"},\"thumbnailUrl\":\"https:\\\/\\\/www.railbaltica.org\\\/wp-content\\\/uploads\\\/2025\\\/07\\\/RailBaltica-Riga_Central_Station_Arial-view-south-night-2-scaled.jpg\",\"datePublished\":\"2021-11-01T11:24:53+00:00\",\"dateModified\":\"2025-08-20T07:30:16+00:00\",\"breadcrumb\":{\"@id\":\"https:\\\/\\\/www.railbaltica.org\\\/naujienos\\\/rail-baltica-industry-day-will-be-held-on-25-november\\\/#breadcrumb\"},\"inLanguage\":\"lt-LT\",\"potentialAction\":[{\"@type\":\"ReadAction\",\"target\":[\"https:\\\/\\\/www.railbaltica.org\\\/naujienos\\\/rail-baltica-industry-day-will-be-held-on-25-november\\\/\"]}]},{\"@type\":\"ImageObject\",\"inLanguage\":\"lt-LT\",\"@id\":\"https:\\\/\\\/www.railbaltica.org\\\/naujienos\\\/rail-baltica-industry-day-will-be-held-on-25-november\\\/#primaryimage\",\"url\":\"https:\\\/\\\/www.railbaltica.org\\\/wp-content\\\/uploads\\\/2025\\\/07\\\/RailBaltica-Riga_Central_Station_Arial-view-south-night-2-scaled.jpg\",\"contentUrl\":\"https:\\\/\\\/www.railbaltica.org\\\/wp-content\\\/uploads\\\/2025\\\/07\\\/RailBaltica-Riga_Central_Station_Arial-view-south-night-2-scaled.jpg\",\"width\":2560,\"height\":1184},{\"@type\":\"BreadcrumbList\",\"@id\":\"https:\\\/\\\/www.railbaltica.org\\\/naujienos\\\/rail-baltica-industry-day-will-be-held-on-25-november\\\/#breadcrumb\",\"itemListElement\":[{\"@type\":\"ListItem\",\"position\":1,\"name\":\"Home\",\"item\":\"https:\\\/\\\/www.railbaltica.org\\\/lt\\\/\"},{\"@type\":\"ListItem\",\"position\":2,\"name\":\"\u201eRail Baltica\u201c industrijos diena\u201c vyks lapkri\u010dio 25 d.\"}]},{\"@type\":\"WebSite\",\"@id\":\"https:\\\/\\\/www.railbaltica.org\\\/#website\",\"url\":\"https:\\\/\\\/www.railbaltica.org\\\/\",\"name\":\"RB\",\"description\":\"\",\"potentialAction\":[{\"@type\":\"SearchAction\",\"target\":{\"@type\":\"EntryPoint\",\"urlTemplate\":\"https:\\\/\\\/www.railbaltica.org\\\/?s={search_term_string}\"},\"query-input\":{\"@type\":\"PropertyValueSpecification\",\"valueRequired\":true,\"valueName\":\"search_term_string\"}}],\"inLanguage\":\"lt-LT\"}]}<\/script>\n<!-- \/ Yoast SEO plugin. -->","yoast_head_json":{"title":"\u201eRail Baltica\u201c industrijos diena\u201c vyks lapkri\u010dio 25 d. - RB","robots":{"index":"index","follow":"follow","max-snippet":"max-snippet:-1","max-image-preview":"max-image-preview:large","max-video-preview":"max-video-preview:-1"},"canonical":"https:\/\/www.railbaltica.org\/naujienos\/rail-baltica-industry-day-will-be-held-on-25-november\/","og_locale":"lt_LT","og_type":"article","og_title":"\u201eRail Baltica\u201c industrijos diena\u201c vyks lapkri\u010dio 25 d. - RB","og_description":"Siekiant i\u0161samiai ap\u017evelgti globalaus projekto \u201eRail Baltica\u201c eig\u0105 ir planus, lapkri\u010dio 25 d. vyks virtuali konferencija \u201eRail Baltica\u201c industrijos diena\u201c (\u201eRail Baltica Industry Day 2021\u201c). Vis\u0105 program\u0105 ir registracij\u0105 rasite renginio svetain\u0117je forum.railbaltica.org\/2021.\u00a0","og_url":"https:\/\/www.railbaltica.org\/naujienos\/rail-baltica-industry-day-will-be-held-on-25-november\/","og_site_name":"RB","article_modified_time":"2025-08-20T07:30:16+00:00","og_image":[{"width":2560,"height":1184,"url":"https:\/\/www.railbaltica.org\/wp-content\/uploads\/2025\/07\/RailBaltica-Riga_Central_Station_Arial-view-south-night-2-scaled.jpg","type":"image\/jpeg"}],"twitter_card":"summary_large_image","schema":{"@context":"https:\/\/schema.org","@graph":[{"@type":"WebPage","@id":"https:\/\/www.railbaltica.org\/naujienos\/rail-baltica-industry-day-will-be-held-on-25-november\/","url":"https:\/\/www.railbaltica.org\/naujienos\/rail-baltica-industry-day-will-be-held-on-25-november\/","name":"\u201eRail Baltica\u201c industrijos diena\u201c vyks lapkri\u010dio 25 d. - RB","isPartOf":{"@id":"https:\/\/www.railbaltica.org\/#website"},"primaryImageOfPage":{"@id":"https:\/\/www.railbaltica.org\/naujienos\/rail-baltica-industry-day-will-be-held-on-25-november\/#primaryimage"},"image":{"@id":"https:\/\/www.railbaltica.org\/naujienos\/rail-baltica-industry-day-will-be-held-on-25-november\/#primaryimage"},"thumbnailUrl":"https:\/\/www.railbaltica.org\/wp-content\/uploads\/2025\/07\/RailBaltica-Riga_Central_Station_Arial-view-south-night-2-scaled.jpg","datePublished":"2021-11-01T11:24:53+00:00","dateModified":"2025-08-20T07:30:16+00:00","breadcrumb":{"@id":"https:\/\/www.railbaltica.org\/naujienos\/rail-baltica-industry-day-will-be-held-on-25-november\/#breadcrumb"},"inLanguage":"lt-LT","potentialAction":[{"@type":"ReadAction","target":["https:\/\/www.railbaltica.org\/naujienos\/rail-baltica-industry-day-will-be-held-on-25-november\/"]}]},{"@type":"ImageObject","inLanguage":"lt-LT","@id":"https:\/\/www.railbaltica.org\/naujienos\/rail-baltica-industry-day-will-be-held-on-25-november\/#primaryimage","url":"https:\/\/www.railbaltica.org\/wp-content\/uploads\/2025\/07\/RailBaltica-Riga_Central_Station_Arial-view-south-night-2-scaled.jpg","contentUrl":"https:\/\/www.railbaltica.org\/wp-content\/uploads\/2025\/07\/RailBaltica-Riga_Central_Station_Arial-view-south-night-2-scaled.jpg","width":2560,"height":1184},{"@type":"BreadcrumbList","@id":"https:\/\/www.railbaltica.org\/naujienos\/rail-baltica-industry-day-will-be-held-on-25-november\/#breadcrumb","itemListElement":[{"@type":"ListItem","position":1,"name":"Home","item":"https:\/\/www.railbaltica.org\/lt\/"},{"@type":"ListItem","position":2,"name":"\u201eRail Baltica\u201c industrijos diena\u201c vyks lapkri\u010dio 25 d."}]},{"@type":"WebSite","@id":"https:\/\/www.railbaltica.org\/#website","url":"https:\/\/www.railbaltica.org\/","name":"RB","description":"","potentialAction":[{"@type":"SearchAction","target":{"@type":"EntryPoint","urlTemplate":"https:\/\/www.railbaltica.org\/?s={search_term_string}"},"query-input":{"@type":"PropertyValueSpecification","valueRequired":true,"valueName":"search_term_string"}}],"inLanguage":"lt-LT"}]}},"_links":{"self":[{"href":"https:\/\/www.railbaltica.org\/lt\/wp-json\/wp\/v2\/news\/13256","targetHints":{"allow":["GET"]}}],"collection":[{"href":"https:\/\/www.railbaltica.org\/lt\/wp-json\/wp\/v2\/news"}],"about":[{"href":"https:\/\/www.railbaltica.org\/lt\/wp-json\/wp\/v2\/types\/news"}],"wp:featuredmedia":[{"embeddable":true,"href":"https:\/\/www.railbaltica.org\/lt\/wp-json\/wp\/v2\/media\/13255"}],"wp:attachment":[{"href":"https:\/\/www.railbaltica.org\/lt\/wp-json\/wp\/v2\/media?parent=13256"}],"wp:term":[{"taxonomy":"news_category","embeddable":true,"href":"https:\/\/www.railbaltica.org\/lt\/wp-json\/wp\/v2\/news_category?post=13256"}],"curies":[{"name":"wp","href":"https:\/\/api.w.org\/{rel}","templated":true}]}}