{"id":12965,"date":"2021-04-22T11:57:06","date_gmt":"2021-04-22T11:57:06","guid":{"rendered":"https:\/\/www.railbaltica.org\/news\/photo-rb-rail-provides-the-preliminary-overview-of-the-first-fully-virtual-concept-train-2\/"},"modified":"2025-08-21T07:49:12","modified_gmt":"2025-08-21T07:49:12","slug":"photo-rb-rail-provides-the-preliminary-overview-of-the-first-fully-virtual-concept-train","status":"publish","type":"news","link":"https:\/\/www.railbaltica.org\/lt\/naujienos\/photo-rb-rail-provides-the-preliminary-overview-of-the-first-fully-virtual-concept-train\/","title":{"rendered":"\u201eRB Rail AS\u201c pristato pirmojo virtualaus koncepcinio traukinio i\u0161ankstin\u0119 ap\u017evalg\u0105"},"content":{"rendered":"<section\n    class=\"align wp-block-hero-page-block relative flex overflow-hidden z-10 mt-20 md:mt-52\"\n>\n            <div\n            class=\"container md:!px-14\"\n        >\n            <div\n                class=\"bg-dark text-white rounded p-4 md:p-10\"\n            >\n                                <div\n    class=\"flex justify-between border-t pt-2.5 my-5 text-sm\"\n>\n    <span>Pasidalinkite naujienomis<\/span>\n    <ul\n        class=\"flex items-center gap-5\"\n    >\n        <li>\n            <a\n                href=\"https:\/\/www.facebook.com\/sharer\/sharer.php?u=https%3A%2F%2Fwww.railbaltica.org%2Flt%2Fnaujienos%2Fphoto-rb-rail-provides-the-preliminary-overview-of-the-first-fully-virtual-concept-train%2F\"\n                target=\"_blank\"\n                rel=\"noopener noreferrer\"\n                aria-label=\"Share on Facebook\"\n                class=\"transition-opacity hover:opacity-75\"\n            >\n                <svg\n                    width=\"20\"\n                    height=\"20\"\n                    viewBox=\"0 0 20 20\"\n                    fill=\"none\"\n                    xmlns=\"http:\/\/www.w3.org\/2000\/svg\"\n                >\n                    <path\n                        d=\"M7.5 6.66667H5V10H7.5V20H11.6667V10H14.7017L15 6.66667H11.6667V5.2775C11.6667 4.48167 11.8267 4.16667 12.5958 4.16667H15V0H11.8267C8.83 0 7.5 1.31917 7.5 3.84583V6.66667Z\"\n                        fill=\"white\"\n                    \/>\n                <\/svg>\n            <\/a>\n        <\/li>\n        <li>\n            <a\n                href=\"https:\/\/twitter.com\/intent\/tweet?url=https%3A%2F%2Fwww.railbaltica.org%2Flt%2Fnaujienos%2Fphoto-rb-rail-provides-the-preliminary-overview-of-the-first-fully-virtual-concept-train%2F&amp;text=%E2%80%9ERB+Rail+AS%E2%80%9C+pristato+pirmojo+virtualaus+koncepcinio+traukinio+i%C5%A1ankstin%C4%99+ap%C5%BEvalg%C4%85\"\n                target=\"_blank\"\n                rel=\"noopener noreferrer\"\n                aria-label=\"Share on Twitter\"\n                class=\"transition-opacity hover:opacity-75\"\n            >\n                <svg\n                    width=\"20\"\n                    height=\"20\"\n                    viewBox=\"0 0 20 20\"\n                    fill=\"none\"\n                    xmlns=\"http:\/\/www.w3.org\/2000\/svg\"\n                >\n                    <path\n                        d=\"M14.7313 2.68748H17.238L11.763 8.88248L18.2038 17.3125H13.1597L9.20966 12.2L4.68966 17.3125H2.18299L8.03883 10.6866L1.86133 2.68665H7.03216L10.603 7.35998L14.7322 2.68665L14.7313 2.68748ZM13.8522 15.8275H15.2405L6.27716 4.09415H4.78716L13.8522 15.8275Z\"\n                        fill=\"white\"\n                    \/>\n                <\/svg>\n            <\/a>\n        <\/li>\n        <li>\n            <a\n                href=\"https:\/\/www.linkedin.com\/sharing\/share-offsite\/?url=https%3A%2F%2Fwww.railbaltica.org%2Flt%2Fnaujienos%2Fphoto-rb-rail-provides-the-preliminary-overview-of-the-first-fully-virtual-concept-train%2F\"\n                target=\"_blank\"\n                rel=\"noopener noreferrer\"\n                aria-label=\"Share on LinkedIn\"\n                class=\"transition-opacity hover:opacity-75\"\n            >\n                <svg\n                    width=\"20\"\n                    height=\"20\"\n                    viewBox=\"0 0 20 20\"\n                    fill=\"none\"\n                    xmlns=\"http:\/\/www.w3.org\/2000\/svg\"\n                >\n                    <path\n                        d=\"M18.4097 0.000139829H1.46998C1.27956 -0.00250476 1.09049 0.0323869 0.913553 0.102822C0.73662 0.173257 0.575295 0.277857 0.438791 0.410646C0.302287 0.543436 0.193279 0.701814 0.11799 0.876737C0.0427018 1.05166 0.00260836 1.2397 0 1.43012V18.5699C0.00260836 18.7603 0.0427018 18.9483 0.11799 19.1233C0.193279 19.2982 0.302287 19.4566 0.438791 19.5894C0.575295 19.7221 0.73662 19.8267 0.913553 19.8972C1.09049 19.9676 1.27956 20.0025 1.46998 19.9999H18.4097C18.6002 20.0025 18.7892 19.9676 18.9662 19.8972C19.1431 19.8267 19.3044 19.7221 19.4409 19.5894C19.5774 19.4566 19.6864 19.2982 19.7617 19.1233C19.837 18.9483 19.8771 18.7603 19.8797 18.5699V1.43012C19.8771 1.2397 19.837 1.05166 19.7617 0.876737C19.6864 0.701814 19.5774 0.543436 19.4409 0.410646C19.3044 0.277857 19.1431 0.173257 18.9662 0.102822C18.7892 0.0323869 18.6002 -0.00250476 18.4097 0.000139829ZM6.02992 16.7399H3.02996V7.74003H6.02992V16.7399ZM4.52994 6.48005C4.1162 6.48005 3.71942 6.31569 3.42687 6.02314C3.13431 5.73059 2.96996 5.3338 2.96996 4.92007C2.96996 4.50634 3.13431 4.10955 3.42687 3.817C3.71942 3.52445 4.1162 3.36009 4.52994 3.36009C4.74963 3.33518 4.97211 3.35695 5.1828 3.42398C5.3935 3.491 5.58766 3.60178 5.75258 3.74905C5.91749 3.89632 6.04944 4.07676 6.13979 4.27856C6.23013 4.48036 6.27683 4.69897 6.27683 4.92007C6.27683 5.14117 6.23013 5.35978 6.13979 5.56158C6.04944 5.76338 5.91749 5.94382 5.75258 6.09109C5.58766 6.23836 5.3935 6.34914 5.1828 6.41617C4.97211 6.48319 4.74963 6.50496 4.52994 6.48005ZM16.8498 16.7399H13.8498V11.91C13.8498 10.7 13.4198 9.91 12.3298 9.91C11.9925 9.91247 11.664 10.0183 11.3887 10.2132C11.1133 10.4081 10.9043 10.6827 10.7899 11C10.7116 11.235 10.6777 11.4826 10.6899 11.73V16.7299H7.68989V7.73003H10.6899V9.00001C10.9624 8.52713 11.3587 8.13755 11.8363 7.87323C12.3138 7.60892 12.8544 7.47989 13.3998 7.50003C15.3998 7.50003 16.8498 8.79002 16.8498 11.56V16.7399Z\"\n                        fill=\"white\"\n                    \/>\n                <\/svg>\n            <\/a>\n        <\/li>\n        <li>\n            <button\n                type=\"button\"\n                class=\"copy-url-btn relative my-auto flex transition-opacity hover:opacity-75\"\n                data-url=\"https:\/\/www.railbaltica.org\/lt\/naujienos\/photo-rb-rail-provides-the-preliminary-overview-of-the-first-fully-virtual-concept-train\/\"\n            >\n                <svg\n                    width=\"21\"\n                    height=\"21\"\n                    viewBox=\"0 0 21 21\"\n                    fill=\"none\"\n                    xmlns=\"http:\/\/www.w3.org\/2000\/svg\"\n                >\n                    <path\n                        d=\"M10.5205 20C15.7661 20 20 15.7455 20 10.4795C20 5.23392 15.7661 1 10.5205 1M10.5205 20C5.25446 20 1 15.7455 1 10.4795C1 5.23392 5.25446 1 10.5205 1M10.5205 20V1M18.7429 5.75H2.26324M18.7958 15.1345H2.21035M1.05135 10.5H19.9486M10.5103 20C13.1333 20 15.25 15.7455 15.25 10.4795C15.25 5.23392 13.1333 1 10.5103 1C7.87697 1 5.75 5.23392 5.75 10.4795C5.75 15.7455 7.87697 20 10.5103 20Z\"\n                        stroke=\"white\"\n                        stroke-linecap=\"round\"\n                        stroke-linejoin=\"round\"\n                    \/>\n                <\/svg>\n                <span\n                    class=\"absolute hidden translate-x-[-10px] translate-y-[30px]\"\n                >Copied!<\/span>\n            <\/button>\n        <\/li>\n    <\/ul>\n<\/div>\n\n                                    <time\n                        datetime=\"\"\n                        class=\"mb-2.5 flex text-xl text-blue\"\n                    >\n                        22.04.2021\n                    <\/time>\n                \n                                    <h1 class='h1 max-w-198'>\n            \u201eRB Rail AS\u201c pristato pirmojo virtualaus koncepcinio traukinio i\u0161ankstin\u0119 ap\u017evalg\u0105\n        <\/h1>\n                \n                            <\/div>\n        <\/div>\n    <\/section>\n\n\n<section\n    class=\"overflow-hidden py-5 md:pt-10 md:pb-5 align wp-block-excerpt-block\"\n>\n    <div\n        class=\"container relative flex flex-col items-start z-10 md:text-xl lg:!px-4\"\n    >\n                    <div\n                class=\"textual w-full text-dark text-xl lg:px-12 md:mx-auto md:max-w-222 md:text-xl\"\n            >\n                \u201eEstijoje ir Latvijoje tik 37 proc., o Lietuvoje \u2013 27 proc. \u017emoni\u0173 yra keliavusi\u0173 greitaisiais traukiniais. Tai rodo apklausa, atlikta Baltijos \u0161alyse 2020 m. pab., \u2013 teigia Agnis Driksna, \u201eRB Rail AS\u201c vadovas ir valdybos pirmininkas. \u2013 Tod\u0117l mums reikia dar aktyviau informuoti ir \u0161viesti visuomen\u0119 apie asmenin\u0119, aplinkosaugin\u0119 ir ekonomin\u0119 naud\u0105, kuri\u0105 greitasis traukinys suteikt\u0173 m\u016bs\u0173 regiono \u017emon\u0117ms. \u012eskaitant ir bendr\u0105 teigiam\u0105 jo poveik\u012f ir patirt\u012f, keliaujant greituoju traukiniu.\n            <\/div>\n            <\/div>\n<\/section>\n\n\n<section\n    class=\"py-5 md:py-10 align wp-block-textual-block\"\n>\n    <div\n        class=\"container\"\n    >\n        <div\n            class=\"textual w-full text-xl text-dark break-words [&#038;_span]:!text-dark [&#038;_a]:!text-dark\"\n        >\n                            <p>Bendra Baltijos \u0161ali\u0173 \u012fmon\u0117 \u201eRB Rail AS\u201c suk\u016br\u0117 pirm\u0105j\u012f virtual\u0173 koncepcin\u012f greit\u0105j\u012f traukin\u012f, kuris sujungt\u0173 Baltijos valstybes su Vakar\u0173 Europa. \u201eRB Rail AS\u201c ekspert\u0173 pateiktas virtualus koncepcinis traukinys parodo greitojo traukinio privalumus. Vizualizacijos sukurtos remiantis bendru traukinio modeliu, leid\u017eian\u010diu \u012fsivaizduoti, koks jis gal\u0117t\u0173 b\u016bti ateityje. Koncepcinis greitasis \u201eRail Baltica\u201c traukinys \u2013 pilnai elektrifikuotas.<\/p>\n<p>2021-ieji yra Europos gele\u017einkeli\u0173 metai. \u0160iuo metu \u0161is sektorius yra d\u0117mesio centre d\u0117l \u00a0reik\u0161mingo ind\u0117lio \u012f saugesn\u012f, \u017ealesn\u012f ir patogesn\u012f \u017emoni\u0173 ir preki\u0173 perve\u017eim\u0105. \u201eRB Rail AS\u201c pristato bendr\u0105 virtualaus dizaino traukinio koncepcij\u0105 ir jo funkcijas.<\/p>\n<p><strong>Agnis Driksna<\/strong>, \u201eRB Rail AS\u201c vadovas ir valdybos pirmininkas. \u2013 Tod\u0117l mums reikia dar aktyviau informuoti ir \u0161viesti visuomen\u0119 apie asmenin\u0119, aplinkosaugin\u0119 ir ekonomin\u0119 naud\u0105, kuri\u0105 greitasis traukinys suteikt\u0173 m\u016bs\u0173 regiono \u017emon\u0117ms. \u012eskaitant ir bendr\u0105 teigiam\u0105 jo poveik\u012f ir patirt\u012f, keliaujant greituoju traukiniu.<\/p>\n\n                    <\/div>\n    <\/div>\n<\/section>\n\n\n<section\n    class=\"overflow-hidden py-5 md:pt-10 md:pb-5 align wp-block-image-block !pt-[0] !pb-[0]\"\n>\n    <div\n        class=\"container relative flex flex-col items-start z-10\"\n    >\n        <div\n            class=\"w-full text-lg text-dark\"\n        >\n                            <img decoding=\"async\"\n        src=\"https:\/\/www.railbaltica.org\/wp-content\/uploads\/2025\/08\/Rail_Baltica_Train_Concept_V2_5_9_ext_station_dark_green-2400-1024x528-1.png\"\n        alt=\"Rail_Baltica_Train_Concept_V2_5_9_ext_station_dark_green-2400-1024&amp;#215;528\"\n         title=\"Rail_Baltica_Train_Concept_V2_5_9_ext_station_dark_green-2400-1024&amp;#215;528\"         class=\"block w-auto h-auto max-w-full max-h-[600px]\"\n        loading=\"lazy\"\n    \/>\n                                <\/div>\n    <\/div>\n<\/section>\n\n\n<section\n    class=\"py-5 md:py-10 align wp-block-textual-block\"\n>\n    <div\n        class=\"container\"\n    >\n        <div\n            class=\"textual w-full text-xl text-dark break-words [&#038;_span]:!text-dark [&#038;_a]:!text-dark\"\n        >\n                            <p><strong>Dizaino elementas koncepcijoje \u2013 Baltijos j\u016bra, jungianti Baltijos \u0161alis <\/strong><\/p>\n<p>\u012ekv\u0117pimo traukinio dizainui pasisemta i\u0161\u00a0Baltijos j\u016bros \u2013 vieno elemento, jungian\u010dio\u00a0 visas tris Baltijos \u0161alis. Traukinio maketui parinktos saul\u0117s, j\u016bros ir sm\u0117lio spalvos. \u0160is virtualus modelis yra \u012fsivaizduojamas traukinys, o \u012fkv\u0117pimas at\u0117jo i\u0161 moderniausi\u0173 Europoje ir visame pasaulyje eksploatuojam\u0173 greit\u0173j\u0173 traukini\u0173.<\/p>\n<p><strong>Pirmiausia \u2013 greitojo traukinio patogumai <\/strong><\/p>\n<p>Planuojama, kad standartin\u0117je klas\u0117je kiekvien\u0105 \u012fsivaizduojam\u0105 traukin\u012f sudarys 8 vagonai su ma\u017edaug 70 s\u0117dim\u0173 viet\u0173 kiekviename j\u0173. Taip pat USB lizdai, WiFi tinklas, krovimo punktai ir ekranai, kuriuose bus galima matyti atnaujint\u0105 informacij\u0105 apie kelion\u0117s mar\u0161rut\u0105. Keliaujantieji pirm\u0105ja klase, kaip ir l\u0117ktuvais, gali tik\u0117tis didesni\u0173 patogum\u0173. Pavyzd\u017eiui, daugiau asmenin\u0117s erdv\u0117s su ma\u017eiau aplinkini\u0173 vagonuose ir daugiau vietos kojoms. Verslo kelioni\u0173 metu bus prieinama telekonferencij\u0173 paslauga, pavyzd\u017eiui, bus galimyb\u0117 naudotis susitikim\u0173 kambariu ar ekranu pristatymams.<\/p>\n<p>Kavin\u0117 bus \u012frengta tarp standartin\u0117s ir pirmosios klasi\u0173. \u010cia visi keleiviai gal\u0117s \u012fsigyti kar\u0161t\u0173 g\u0117rim\u0173 ir u\u017ekand\u017ei\u0173.<\/p>\n\n                    <\/div>\n    <\/div>\n<\/section>\n\n\n<section\n    class=\"overflow-hidden py-5 md:pt-10 md:pb-5 align wp-block-image-block !pt-[0] !pb-[0]\"\n>\n    <div\n        class=\"container relative flex flex-col items-start z-10\"\n    >\n        <div\n            class=\"w-full text-lg text-dark\"\n        >\n                            <img decoding=\"async\"\n        src=\"https:\/\/www.railbaltica.org\/wp-content\/uploads\/2025\/08\/Rail_Baltica_Train_Concept_V2_5_6_economy-300x198-1.jpg\"\n        alt=\"Rail_Baltica_Train_Concept_V2_5_6_economy-300&amp;#215;198\"\n         title=\"Rail_Baltica_Train_Concept_V2_5_6_economy-300&amp;#215;198\"         class=\"block w-auto h-auto max-w-full max-h-[600px]\"\n        loading=\"lazy\"\n    \/>\n                                <\/div>\n    <\/div>\n<\/section>\n\n\n<section\n    class=\"overflow-hidden py-5 md:pt-10 md:pb-5 align wp-block-image-block !pt-[0] !pb-[0]\"\n>\n    <div\n        class=\"container relative flex flex-col items-start z-10\"\n    >\n        <div\n            class=\"w-full text-lg text-dark\"\n        >\n                            <img decoding=\"async\"\n        src=\"https:\/\/www.railbaltica.org\/wp-content\/uploads\/2025\/08\/Rail_Baltica_Train_Concept_V2_5_6_21_1-300x198-1.jpg\"\n        alt=\"Rail_Baltica_Train_Concept_V2_5_6_21_1-300&amp;#215;198\"\n         title=\"Rail_Baltica_Train_Concept_V2_5_6_21_1-300&amp;#215;198\"         class=\"block w-auto h-auto max-w-full max-h-[600px]\"\n        loading=\"lazy\"\n    \/>\n                                <\/div>\n    <\/div>\n<\/section>\n\n\n<section\n    class=\"py-5 md:py-10 align wp-block-textual-block\"\n>\n    <div\n        class=\"container\"\n    >\n        <div\n            class=\"textual w-full text-xl text-dark break-words [&#038;_span]:!text-dark [&#038;_a]:!text-dark\"\n        >\n                            <p><strong>Traukinys prieinamas visiems<\/strong><\/p>\n<p>Specialiosios erdves, leid\u017eian\u010dios ne\u012fgaliesiems keliauti ve\u017eim\u0117liuose, o vyresnio am\u017eiaus keleiviams \u2013 prioritetin\u0117s vietos.\u00a0 Kiekviename tualete \u2013 vystymo stalas. Taip pat \u201eRail Baltica\u201c keleiviams numatoma speciali vieta augintiniams \u2013 jie su \u0161eimininkais kartu gal\u0117s b\u016bti visos kelion\u0117s metu.<\/p>\n<p>Tikimasi suteikti patogumus visiems keleiviams, nesvarbu kokiu tikslu jie bekeliaut\u0173. Numatoma \u012frengti speciali\u0105 saugojimo zon\u0105 baga\u017eui ir dvira\u010diams. O kad kelion\u0117 b\u016bt\u0173 dar patogesn\u0117 verslo ir laisvalaikio kelion\u0117ms taip pat planuojama keleiviams suteikti galimyb\u0119 \u012fregistruoti savo baga\u017e\u0105 jungtims tarp oro uost\u0173.<\/p>\n<p><strong>Saugumas \u2013 prioritetas <\/strong><\/p>\n<p>Traukiniai laikomi ne tik vieni saugiausi\u0173 keliavimo priemoni\u0173, ta\u010diau ir vieni i\u0161 ekologi\u0161kiausi\u0173, i\u0161metan\u010di\u0173 \u017eymiai ma\u017eiau CO2 emisij\u0173 nei keliaujant keliais ar oru.<\/p>\n<p>\u201eRail Baltica\u201c bus pirmoji greit\u0173j\u0173 traukini\u0173 linija Baltijos \u0161alyse, tod\u0117l saugumo priemon\u0117s yra ypa\u010d svarbios. \u201eTraukinyje bus \u012frengta prie\u0161gaisrin\u0117s saugos sistema, \u012fskaitant d\u016bm\u0173 detektorius, gaisro gesinimo, vaizdo steb\u0117jimo ir ma\u0161inisto budrumo steb\u0117senos sistemas. Taip pat bus avarinis mygtukas, kuris prireikus leis susisiekti su konduktoriumi. Mes suk\u016br\u0117me traukinio dizain\u0105 pagal naujausius ergonomikos ir patogumo standartus\u201c, \u2013 apibendrina <strong>Jean-Marc Bedmar<\/strong>, \u201eRB Rail AS\u201c Sistem\u0173 ir eksploatavimo departamento vadovas.<\/p>\n<p>2021 m. \u201eRail Baltica\u201c d\u0117mes\u012f skiria didelio masto statybos darb\u0173 pasirengimui. Iki 2026 m. visos \u201eRail Baltica\u201c investicijos Baltijos \u0161alyse sudarys 5,8 mlrd. Eur., o iki 85 proc. \u0161ios sumos bendrai finansuos Europos S\u0105junga. \u0160iuo metu yra pasira\u0161ytos sutartys u\u017e 675 mln. Eur.<\/p>\n<p>\u201eRail Baltica\u201c projekto tikslas \u2013 i\u0161vystyti infrastrukt\u016br\u0105, kuria gal\u0117t\u0173 naudotis kuo daugiau operatori\u0173 ir traukini\u0173. \u201eRail Baltica\u201c linijos infrastrukt\u016bros valdytojai kuria vieno langelio princip\u0105, siekiant padidinti konkurencij\u0105 ir u\u017etikrinti geresn\u0119 paslaug\u0173 kokyb\u0119 \u201eRail Baltica\u201c keleiviams.<\/p>\n<p>Daugiau informacijos: <a href=\"https:\/\/info.railbaltica.org\/en\/high-speed-train\">https:\/\/info.railbaltica.org\/en\/high-speed-train<\/a><br \/>\nAtsisi\u0173sti vizualizacijas galite \u010dia: <a href=\"https:\/\/www.railbaltica.org\/photos-virtual-concept-train\/\">https:\/\/www.railbaltica.org\/photos-virtual-concept-train\/<\/a><\/p>\n<p><em>*Paveiksl\u0117liai yra iliustracinio pob\u016bd\u017eio ir neturi \u012ftakos sprendimui d\u0117l riedmen\u0173, kurie ateityje bus naudojami \u201eRail Baltica\u201c infrastrukt\u016broje. <\/em><\/p>\n\n                    <\/div>\n    <\/div>\n<\/section>\n\n\n<section\n    class=\"overflow-hidden py-5 md:pt-5 md:pb-10 align wp-block-button-cta-block !pt-[0]\"\n>\n    <div\n        class=\"container w-full relative flex flex-col items-start z-10\"\n    >\n        <div\n            class=\"w-full border-t border-dark pt-5 mt-4 md:mt-5 md:pt-10\"\n        >\n        <\/div>\n\n                    <a\n        href=\"\/lt\/naujienos\/\"\n                class=\"btn-outline-dark mx-auto\"\n    >\n        \n        Gr\u012f\u017eti \u012f visas naujienas\n        \n        \n    <\/a>\n            <\/div>\n<\/section>\n","protected":false},"excerpt":{"rendered":"<p>\u201eEstijoje ir Latvijoje tik 37 proc., o Lietuvoje \u2013 27 proc. \u017emoni\u0173 yra keliavusi\u0173 greitaisiais traukiniais. Tai rodo apklausa, atlikta Baltijos \u0161alyse 2020 m. pab., \u2013 teigia Agnis Driksna, \u201eRB Rail AS\u201c vadovas ir valdybos pirmininkas. \u2013 Tod\u0117l mums reikia dar aktyviau informuoti ir \u0161viesti visuomen\u0119 apie asmenin\u0119, aplinkosaugin\u0119 ir ekonomin\u0119 naud\u0105, kuri\u0105 greitasis traukinys suteikt\u0173 m\u016bs\u0173 regiono \u017emon\u0117ms. \u012eskaitant ir bendr\u0105 teigiam\u0105 jo poveik\u012f ir patirt\u012f, keliaujant greituoju traukiniu.<\/p>\n","protected":false},"featured_media":12963,"template":"","news_category":[],"class_list":["post-12965","news","type-news","status-publish","has-post-thumbnail","hentry"],"acf":[],"yoast_head":"<!-- This site is optimized with the Yoast SEO plugin v27.5 - https:\/\/yoast.com\/product\/yoast-seo-wordpress\/ -->\n<title>\u201eRB Rail AS\u201c pristato pirmojo virtualaus koncepcinio traukinio i\u0161ankstin\u0119 ap\u017evalg\u0105 - RB<\/title>\n<meta name=\"robots\" content=\"index, follow, max-snippet:-1, max-image-preview:large, max-video-preview:-1\" \/>\n<link rel=\"canonical\" href=\"https:\/\/www.railbaltica.org\/naujienos\/photo-rb-rail-provides-the-preliminary-overview-of-the-first-fully-virtual-concept-train\/\" \/>\n<meta property=\"og:locale\" content=\"lt_LT\" \/>\n<meta property=\"og:type\" content=\"article\" \/>\n<meta property=\"og:title\" content=\"\u201eRB Rail AS\u201c pristato pirmojo virtualaus koncepcinio traukinio i\u0161ankstin\u0119 ap\u017evalg\u0105 - RB\" \/>\n<meta property=\"og:description\" content=\"\u201eEstijoje ir Latvijoje tik 37 proc., o Lietuvoje \u2013 27 proc. \u017emoni\u0173 yra keliavusi\u0173 greitaisiais traukiniais. Tai rodo apklausa, atlikta Baltijos \u0161alyse 2020 m. pab., \u2013 teigia Agnis Driksna, \u201eRB Rail AS\u201c vadovas ir valdybos pirmininkas. \u2013 Tod\u0117l mums reikia dar aktyviau informuoti ir \u0161viesti visuomen\u0119 apie asmenin\u0119, aplinkosaugin\u0119 ir ekonomin\u0119 naud\u0105, kuri\u0105 greitasis traukinys suteikt\u0173 m\u016bs\u0173 regiono \u017emon\u0117ms. \u012eskaitant ir bendr\u0105 teigiam\u0105 jo poveik\u012f ir patirt\u012f, keliaujant greituoju traukiniu.\" \/>\n<meta property=\"og:url\" content=\"https:\/\/www.railbaltica.org\/naujienos\/photo-rb-rail-provides-the-preliminary-overview-of-the-first-fully-virtual-concept-train\/\" \/>\n<meta property=\"og:site_name\" content=\"RB\" \/>\n<meta property=\"article:modified_time\" content=\"2025-08-21T07:49:12+00:00\" \/>\n<meta property=\"og:image\" content=\"https:\/\/www.railbaltica.org\/wp-content\/uploads\/2025\/07\/Rail_Baltica_Train_Concept_2400-2-1024x528.png\" \/>\n\t<meta property=\"og:image:width\" content=\"1024\" \/>\n\t<meta property=\"og:image:height\" content=\"528\" \/>\n\t<meta property=\"og:image:type\" content=\"image\/png\" \/>\n<meta name=\"twitter:card\" content=\"summary_large_image\" \/>\n<script type=\"application\/ld+json\" class=\"yoast-schema-graph\">{\"@context\":\"https:\\\/\\\/schema.org\",\"@graph\":[{\"@type\":\"WebPage\",\"@id\":\"https:\\\/\\\/www.railbaltica.org\\\/naujienos\\\/photo-rb-rail-provides-the-preliminary-overview-of-the-first-fully-virtual-concept-train\\\/\",\"url\":\"https:\\\/\\\/www.railbaltica.org\\\/naujienos\\\/photo-rb-rail-provides-the-preliminary-overview-of-the-first-fully-virtual-concept-train\\\/\",\"name\":\"\u201eRB Rail AS\u201c pristato pirmojo virtualaus koncepcinio traukinio i\u0161ankstin\u0119 ap\u017evalg\u0105 - RB\",\"isPartOf\":{\"@id\":\"https:\\\/\\\/www.railbaltica.org\\\/#website\"},\"primaryImageOfPage\":{\"@id\":\"https:\\\/\\\/www.railbaltica.org\\\/naujienos\\\/photo-rb-rail-provides-the-preliminary-overview-of-the-first-fully-virtual-concept-train\\\/#primaryimage\"},\"image\":{\"@id\":\"https:\\\/\\\/www.railbaltica.org\\\/naujienos\\\/photo-rb-rail-provides-the-preliminary-overview-of-the-first-fully-virtual-concept-train\\\/#primaryimage\"},\"thumbnailUrl\":\"https:\\\/\\\/www.railbaltica.org\\\/wp-content\\\/uploads\\\/2025\\\/07\\\/Rail_Baltica_Train_Concept_2400-2.png\",\"datePublished\":\"2021-04-22T11:57:06+00:00\",\"dateModified\":\"2025-08-21T07:49:12+00:00\",\"breadcrumb\":{\"@id\":\"https:\\\/\\\/www.railbaltica.org\\\/naujienos\\\/photo-rb-rail-provides-the-preliminary-overview-of-the-first-fully-virtual-concept-train\\\/#breadcrumb\"},\"inLanguage\":\"lt-LT\",\"potentialAction\":[{\"@type\":\"ReadAction\",\"target\":[\"https:\\\/\\\/www.railbaltica.org\\\/naujienos\\\/photo-rb-rail-provides-the-preliminary-overview-of-the-first-fully-virtual-concept-train\\\/\"]}]},{\"@type\":\"ImageObject\",\"inLanguage\":\"lt-LT\",\"@id\":\"https:\\\/\\\/www.railbaltica.org\\\/naujienos\\\/photo-rb-rail-provides-the-preliminary-overview-of-the-first-fully-virtual-concept-train\\\/#primaryimage\",\"url\":\"https:\\\/\\\/www.railbaltica.org\\\/wp-content\\\/uploads\\\/2025\\\/07\\\/Rail_Baltica_Train_Concept_2400-2.png\",\"contentUrl\":\"https:\\\/\\\/www.railbaltica.org\\\/wp-content\\\/uploads\\\/2025\\\/07\\\/Rail_Baltica_Train_Concept_2400-2.png\",\"width\":2400,\"height\":1238},{\"@type\":\"BreadcrumbList\",\"@id\":\"https:\\\/\\\/www.railbaltica.org\\\/naujienos\\\/photo-rb-rail-provides-the-preliminary-overview-of-the-first-fully-virtual-concept-train\\\/#breadcrumb\",\"itemListElement\":[{\"@type\":\"ListItem\",\"position\":1,\"name\":\"Home\",\"item\":\"https:\\\/\\\/www.railbaltica.org\\\/lt\\\/\"},{\"@type\":\"ListItem\",\"position\":2,\"name\":\"\u201eRB Rail AS\u201c pristato pirmojo virtualaus koncepcinio traukinio i\u0161ankstin\u0119 ap\u017evalg\u0105\"}]},{\"@type\":\"WebSite\",\"@id\":\"https:\\\/\\\/www.railbaltica.org\\\/#website\",\"url\":\"https:\\\/\\\/www.railbaltica.org\\\/\",\"name\":\"RB\",\"description\":\"\",\"potentialAction\":[{\"@type\":\"SearchAction\",\"target\":{\"@type\":\"EntryPoint\",\"urlTemplate\":\"https:\\\/\\\/www.railbaltica.org\\\/?s={search_term_string}\"},\"query-input\":{\"@type\":\"PropertyValueSpecification\",\"valueRequired\":true,\"valueName\":\"search_term_string\"}}],\"inLanguage\":\"lt-LT\"}]}<\/script>\n<!-- \/ Yoast SEO plugin. -->","yoast_head_json":{"title":"\u201eRB Rail AS\u201c pristato pirmojo virtualaus koncepcinio traukinio i\u0161ankstin\u0119 ap\u017evalg\u0105 - RB","robots":{"index":"index","follow":"follow","max-snippet":"max-snippet:-1","max-image-preview":"max-image-preview:large","max-video-preview":"max-video-preview:-1"},"canonical":"https:\/\/www.railbaltica.org\/naujienos\/photo-rb-rail-provides-the-preliminary-overview-of-the-first-fully-virtual-concept-train\/","og_locale":"lt_LT","og_type":"article","og_title":"\u201eRB Rail AS\u201c pristato pirmojo virtualaus koncepcinio traukinio i\u0161ankstin\u0119 ap\u017evalg\u0105 - RB","og_description":"\u201eEstijoje ir Latvijoje tik 37 proc., o Lietuvoje \u2013 27 proc. \u017emoni\u0173 yra keliavusi\u0173 greitaisiais traukiniais. Tai rodo apklausa, atlikta Baltijos \u0161alyse 2020 m. pab., \u2013 teigia Agnis Driksna, \u201eRB Rail AS\u201c vadovas ir valdybos pirmininkas. \u2013 Tod\u0117l mums reikia dar aktyviau informuoti ir \u0161viesti visuomen\u0119 apie asmenin\u0119, aplinkosaugin\u0119 ir ekonomin\u0119 naud\u0105, kuri\u0105 greitasis traukinys suteikt\u0173 m\u016bs\u0173 regiono \u017emon\u0117ms. \u012eskaitant ir bendr\u0105 teigiam\u0105 jo poveik\u012f ir patirt\u012f, keliaujant greituoju traukiniu.","og_url":"https:\/\/www.railbaltica.org\/naujienos\/photo-rb-rail-provides-the-preliminary-overview-of-the-first-fully-virtual-concept-train\/","og_site_name":"RB","article_modified_time":"2025-08-21T07:49:12+00:00","og_image":[{"width":1024,"height":528,"url":"https:\/\/www.railbaltica.org\/wp-content\/uploads\/2025\/07\/Rail_Baltica_Train_Concept_2400-2-1024x528.png","type":"image\/png"}],"twitter_card":"summary_large_image","schema":{"@context":"https:\/\/schema.org","@graph":[{"@type":"WebPage","@id":"https:\/\/www.railbaltica.org\/naujienos\/photo-rb-rail-provides-the-preliminary-overview-of-the-first-fully-virtual-concept-train\/","url":"https:\/\/www.railbaltica.org\/naujienos\/photo-rb-rail-provides-the-preliminary-overview-of-the-first-fully-virtual-concept-train\/","name":"\u201eRB Rail AS\u201c pristato pirmojo virtualaus koncepcinio traukinio i\u0161ankstin\u0119 ap\u017evalg\u0105 - RB","isPartOf":{"@id":"https:\/\/www.railbaltica.org\/#website"},"primaryImageOfPage":{"@id":"https:\/\/www.railbaltica.org\/naujienos\/photo-rb-rail-provides-the-preliminary-overview-of-the-first-fully-virtual-concept-train\/#primaryimage"},"image":{"@id":"https:\/\/www.railbaltica.org\/naujienos\/photo-rb-rail-provides-the-preliminary-overview-of-the-first-fully-virtual-concept-train\/#primaryimage"},"thumbnailUrl":"https:\/\/www.railbaltica.org\/wp-content\/uploads\/2025\/07\/Rail_Baltica_Train_Concept_2400-2.png","datePublished":"2021-04-22T11:57:06+00:00","dateModified":"2025-08-21T07:49:12+00:00","breadcrumb":{"@id":"https:\/\/www.railbaltica.org\/naujienos\/photo-rb-rail-provides-the-preliminary-overview-of-the-first-fully-virtual-concept-train\/#breadcrumb"},"inLanguage":"lt-LT","potentialAction":[{"@type":"ReadAction","target":["https:\/\/www.railbaltica.org\/naujienos\/photo-rb-rail-provides-the-preliminary-overview-of-the-first-fully-virtual-concept-train\/"]}]},{"@type":"ImageObject","inLanguage":"lt-LT","@id":"https:\/\/www.railbaltica.org\/naujienos\/photo-rb-rail-provides-the-preliminary-overview-of-the-first-fully-virtual-concept-train\/#primaryimage","url":"https:\/\/www.railbaltica.org\/wp-content\/uploads\/2025\/07\/Rail_Baltica_Train_Concept_2400-2.png","contentUrl":"https:\/\/www.railbaltica.org\/wp-content\/uploads\/2025\/07\/Rail_Baltica_Train_Concept_2400-2.png","width":2400,"height":1238},{"@type":"BreadcrumbList","@id":"https:\/\/www.railbaltica.org\/naujienos\/photo-rb-rail-provides-the-preliminary-overview-of-the-first-fully-virtual-concept-train\/#breadcrumb","itemListElement":[{"@type":"ListItem","position":1,"name":"Home","item":"https:\/\/www.railbaltica.org\/lt\/"},{"@type":"ListItem","position":2,"name":"\u201eRB Rail AS\u201c pristato pirmojo virtualaus koncepcinio traukinio i\u0161ankstin\u0119 ap\u017evalg\u0105"}]},{"@type":"WebSite","@id":"https:\/\/www.railbaltica.org\/#website","url":"https:\/\/www.railbaltica.org\/","name":"RB","description":"","potentialAction":[{"@type":"SearchAction","target":{"@type":"EntryPoint","urlTemplate":"https:\/\/www.railbaltica.org\/?s={search_term_string}"},"query-input":{"@type":"PropertyValueSpecification","valueRequired":true,"valueName":"search_term_string"}}],"inLanguage":"lt-LT"}]}},"_links":{"self":[{"href":"https:\/\/www.railbaltica.org\/lt\/wp-json\/wp\/v2\/news\/12965","targetHints":{"allow":["GET"]}}],"collection":[{"href":"https:\/\/www.railbaltica.org\/lt\/wp-json\/wp\/v2\/news"}],"about":[{"href":"https:\/\/www.railbaltica.org\/lt\/wp-json\/wp\/v2\/types\/news"}],"wp:featuredmedia":[{"embeddable":true,"href":"https:\/\/www.railbaltica.org\/lt\/wp-json\/wp\/v2\/media\/12963"}],"wp:attachment":[{"href":"https:\/\/www.railbaltica.org\/lt\/wp-json\/wp\/v2\/media?parent=12965"}],"wp:term":[{"taxonomy":"news_category","embeddable":true,"href":"https:\/\/www.railbaltica.org\/lt\/wp-json\/wp\/v2\/news_category?post=12965"}],"curies":[{"name":"wp","href":"https:\/\/api.w.org\/{rel}","templated":true}]}}