{"id":12818,"date":"2020-11-27T08:58:47","date_gmt":"2020-11-27T08:58:47","guid":{"rendered":"https:\/\/www.railbaltica.org\/news\/rail-baltica-projektas-i-lietuva-sugrazina-aukstos-kvalifikacijos-specialistus\/"},"modified":"2025-08-20T07:32:02","modified_gmt":"2025-08-20T07:32:02","slug":"rail-baltica-projektas-i-lietuva-sugrazina-aukstos-kvalifikacijos-specialistus","status":"publish","type":"news","link":"https:\/\/www.railbaltica.org\/lt\/naujienos\/rail-baltica-projektas-i-lietuva-sugrazina-aukstos-kvalifikacijos-specialistus\/","title":{"rendered":"\u201eRail Baltica\u201c projektas \u012f Lietuv\u0105 sugr\u0105\u017eina auk\u0161tos kvalifikacijos specialistus"},"content":{"rendered":"<section\n    class=\"align wp-block-hero-page-block relative flex overflow-hidden z-10 mt-20 md:mt-52\"\n>\n            <div\n            class=\"container md:!px-14\"\n        >\n            <div\n                class=\"bg-dark text-white rounded p-4 md:p-10\"\n            >\n                                <div\n    class=\"flex justify-between border-t pt-2.5 my-5 text-sm\"\n>\n    <span>Pasidalinkite naujienomis<\/span>\n    <ul\n        class=\"flex items-center gap-5\"\n    >\n        <li>\n            <a\n                href=\"https:\/\/www.facebook.com\/sharer\/sharer.php?u=https%3A%2F%2Fwww.railbaltica.org%2Flt%2Fnaujienos%2Frail-baltica-projektas-i-lietuva-sugrazina-aukstos-kvalifikacijos-specialistus%2F\"\n                target=\"_blank\"\n                rel=\"noopener noreferrer\"\n                aria-label=\"Share on Facebook\"\n                class=\"transition-opacity hover:opacity-75\"\n            >\n                <svg\n                    width=\"20\"\n                    height=\"20\"\n                    viewBox=\"0 0 20 20\"\n                    fill=\"none\"\n                    xmlns=\"http:\/\/www.w3.org\/2000\/svg\"\n                >\n                    <path\n                        d=\"M7.5 6.66667H5V10H7.5V20H11.6667V10H14.7017L15 6.66667H11.6667V5.2775C11.6667 4.48167 11.8267 4.16667 12.5958 4.16667H15V0H11.8267C8.83 0 7.5 1.31917 7.5 3.84583V6.66667Z\"\n                        fill=\"white\"\n                    \/>\n                <\/svg>\n            <\/a>\n        <\/li>\n        <li>\n            <a\n                href=\"https:\/\/twitter.com\/intent\/tweet?url=https%3A%2F%2Fwww.railbaltica.org%2Flt%2Fnaujienos%2Frail-baltica-projektas-i-lietuva-sugrazina-aukstos-kvalifikacijos-specialistus%2F&amp;text=%E2%80%9ERail+Baltica%E2%80%9C+projektas+%C4%AF+Lietuv%C4%85+sugr%C4%85%C5%BEina+auk%C5%A1tos+kvalifikacijos+specialistus\"\n                target=\"_blank\"\n                rel=\"noopener noreferrer\"\n                aria-label=\"Share on Twitter\"\n                class=\"transition-opacity hover:opacity-75\"\n            >\n                <svg\n                    width=\"20\"\n                    height=\"20\"\n                    viewBox=\"0 0 20 20\"\n                    fill=\"none\"\n                    xmlns=\"http:\/\/www.w3.org\/2000\/svg\"\n                >\n                    <path\n                        d=\"M14.7313 2.68748H17.238L11.763 8.88248L18.2038 17.3125H13.1597L9.20966 12.2L4.68966 17.3125H2.18299L8.03883 10.6866L1.86133 2.68665H7.03216L10.603 7.35998L14.7322 2.68665L14.7313 2.68748ZM13.8522 15.8275H15.2405L6.27716 4.09415H4.78716L13.8522 15.8275Z\"\n                        fill=\"white\"\n                    \/>\n                <\/svg>\n            <\/a>\n        <\/li>\n        <li>\n            <a\n                href=\"https:\/\/www.linkedin.com\/sharing\/share-offsite\/?url=https%3A%2F%2Fwww.railbaltica.org%2Flt%2Fnaujienos%2Frail-baltica-projektas-i-lietuva-sugrazina-aukstos-kvalifikacijos-specialistus%2F\"\n                target=\"_blank\"\n                rel=\"noopener noreferrer\"\n                aria-label=\"Share on LinkedIn\"\n                class=\"transition-opacity hover:opacity-75\"\n            >\n                <svg\n                    width=\"20\"\n                    height=\"20\"\n                    viewBox=\"0 0 20 20\"\n                    fill=\"none\"\n                    xmlns=\"http:\/\/www.w3.org\/2000\/svg\"\n                >\n                    <path\n                        d=\"M18.4097 0.000139829H1.46998C1.27956 -0.00250476 1.09049 0.0323869 0.913553 0.102822C0.73662 0.173257 0.575295 0.277857 0.438791 0.410646C0.302287 0.543436 0.193279 0.701814 0.11799 0.876737C0.0427018 1.05166 0.00260836 1.2397 0 1.43012V18.5699C0.00260836 18.7603 0.0427018 18.9483 0.11799 19.1233C0.193279 19.2982 0.302287 19.4566 0.438791 19.5894C0.575295 19.7221 0.73662 19.8267 0.913553 19.8972C1.09049 19.9676 1.27956 20.0025 1.46998 19.9999H18.4097C18.6002 20.0025 18.7892 19.9676 18.9662 19.8972C19.1431 19.8267 19.3044 19.7221 19.4409 19.5894C19.5774 19.4566 19.6864 19.2982 19.7617 19.1233C19.837 18.9483 19.8771 18.7603 19.8797 18.5699V1.43012C19.8771 1.2397 19.837 1.05166 19.7617 0.876737C19.6864 0.701814 19.5774 0.543436 19.4409 0.410646C19.3044 0.277857 19.1431 0.173257 18.9662 0.102822C18.7892 0.0323869 18.6002 -0.00250476 18.4097 0.000139829ZM6.02992 16.7399H3.02996V7.74003H6.02992V16.7399ZM4.52994 6.48005C4.1162 6.48005 3.71942 6.31569 3.42687 6.02314C3.13431 5.73059 2.96996 5.3338 2.96996 4.92007C2.96996 4.50634 3.13431 4.10955 3.42687 3.817C3.71942 3.52445 4.1162 3.36009 4.52994 3.36009C4.74963 3.33518 4.97211 3.35695 5.1828 3.42398C5.3935 3.491 5.58766 3.60178 5.75258 3.74905C5.91749 3.89632 6.04944 4.07676 6.13979 4.27856C6.23013 4.48036 6.27683 4.69897 6.27683 4.92007C6.27683 5.14117 6.23013 5.35978 6.13979 5.56158C6.04944 5.76338 5.91749 5.94382 5.75258 6.09109C5.58766 6.23836 5.3935 6.34914 5.1828 6.41617C4.97211 6.48319 4.74963 6.50496 4.52994 6.48005ZM16.8498 16.7399H13.8498V11.91C13.8498 10.7 13.4198 9.91 12.3298 9.91C11.9925 9.91247 11.664 10.0183 11.3887 10.2132C11.1133 10.4081 10.9043 10.6827 10.7899 11C10.7116 11.235 10.6777 11.4826 10.6899 11.73V16.7299H7.68989V7.73003H10.6899V9.00001C10.9624 8.52713 11.3587 8.13755 11.8363 7.87323C12.3138 7.60892 12.8544 7.47989 13.3998 7.50003C15.3998 7.50003 16.8498 8.79002 16.8498 11.56V16.7399Z\"\n                        fill=\"white\"\n                    \/>\n                <\/svg>\n            <\/a>\n        <\/li>\n        <li>\n            <button\n                type=\"button\"\n                class=\"copy-url-btn relative my-auto flex transition-opacity hover:opacity-75\"\n                data-url=\"https:\/\/www.railbaltica.org\/lt\/naujienos\/rail-baltica-projektas-i-lietuva-sugrazina-aukstos-kvalifikacijos-specialistus\/\"\n            >\n                <svg\n                    width=\"21\"\n                    height=\"21\"\n                    viewBox=\"0 0 21 21\"\n                    fill=\"none\"\n                    xmlns=\"http:\/\/www.w3.org\/2000\/svg\"\n                >\n                    <path\n                        d=\"M10.5205 20C15.7661 20 20 15.7455 20 10.4795C20 5.23392 15.7661 1 10.5205 1M10.5205 20C5.25446 20 1 15.7455 1 10.4795C1 5.23392 5.25446 1 10.5205 1M10.5205 20V1M18.7429 5.75H2.26324M18.7958 15.1345H2.21035M1.05135 10.5H19.9486M10.5103 20C13.1333 20 15.25 15.7455 15.25 10.4795C15.25 5.23392 13.1333 1 10.5103 1C7.87697 1 5.75 5.23392 5.75 10.4795C5.75 15.7455 7.87697 20 10.5103 20Z\"\n                        stroke=\"white\"\n                        stroke-linecap=\"round\"\n                        stroke-linejoin=\"round\"\n                    \/>\n                <\/svg>\n                <span\n                    class=\"absolute hidden translate-x-[-10px] translate-y-[30px]\"\n                >Copied!<\/span>\n            <\/button>\n        <\/li>\n    <\/ul>\n<\/div>\n\n                                    <time\n                        datetime=\"\"\n                        class=\"mb-2.5 flex text-xl text-blue\"\n                    >\n                        27.11.2020\n                    <\/time>\n                \n                                    <h1 class='h1 max-w-198'>\n            \u201eRail Baltica\u201c projektas \u012f Lietuv\u0105 sugr\u0105\u017eina auk\u0161tos kvalifikacijos specialistus\n        <\/h1>\n                \n                            <\/div>\n        <\/div>\n    <\/section>\n\n<section\n    class=\"overflow-hidden py-5 md:pt-10 md:pb-5 align wp-block-excerpt-block\"\n>\n    <div\n        class=\"container relative flex flex-col items-start z-10 md:text-xl lg:!px-4\"\n    >\n                    <div\n                class=\"textual w-full text-dark text-xl lg:px-12 md:mx-auto md:max-w-222 md:text-xl\"\n            >\n                Did\u017eiausias infrastrukt\u016bros projektas Baltijos \u0161ali\u0173 istorijoje \u201eRail Baltica\u201c sulaukia po vis\u0105 pasaul\u012f pasklidusi\u0173 profesional\u0173 i\u0161 Lietuvos d\u0117mesio. Personalo atrank\u0173 konsultant\u0117s Vilijos Vitk\u0117s teigimu, mil\u017eini\u0161kas istorin\u0117s svarbos projektas privert\u0117 susim\u0105styti apie galimyb\u0119 gr\u012f\u017eti \u012f t\u0117vyn\u0119 b\u016br\u012f itin auk\u0161tos kvalifikacijos specialist\u0173, svetur jau pasiekusi\u0173 karjeros auk\u0161tum\u0173.\n            <\/div>\n            <\/div>\n<\/section>\n<section\n    class=\"py-5 md:py-10 align wp-block-textual-block\"\n>\n    <div\n        class=\"container\"\n    >\n        <div\n            class=\"textual w-full text-xl text-dark break-words [&#038;_span]:!text-dark [&#038;_a]:!text-dark\"\n        >\n                            <p><strong><\/p>\n\n                    <\/div>\n    <\/div>\n<\/section>\n\n\n<section\n    class=\"overflow-hidden py-5 md:pt-10 md:pb-5 align wp-block-image-block !pt-[0] !pb-[0]\"\n>\n    <div\n        class=\"container relative flex flex-col items-start z-10\"\n    >\n        <div\n            class=\"w-full text-lg text-dark\"\n        >\n                            <img decoding=\"async\"\n        src=\"https:\/\/www.railbaltica.org\/wp-content\/uploads\/2025\/08\/Vilija-VitkC497-300x200-1.jpg\"\n        alt=\"Vilija-VitkC497-300&amp;#215;200\"\n         title=\"Vilija-VitkC497-300&amp;#215;200\"         class=\"block w-auto h-auto max-w-full max-h-[600px]\"\n        loading=\"lazy\"\n    \/>\n                                <\/div>\n    <\/div>\n<\/section>\n\n\n<section\n    class=\"py-5 md:py-10 align wp-block-textual-block\"\n>\n    <div\n        class=\"container\"\n    >\n        <div\n            class=\"textual w-full text-xl text-dark break-words [&#038;_span]:!text-dark [&#038;_a]:!text-dark\"\n        >\n                            <p>Personalo samdos \u012fmon\u0117ms auk\u0161tus atrankos kriterijus atitinkan\u010di\u0173 profesional\u0173 teko dairytis ne tik Lietuvoje \u2013 paie\u0161kas aktyviai vykdo ir u\u017esienyje. \u201eDaug bendravome su lietuviais Jungtin\u0117je Karalyst\u0117je \u2013 \u0161alyje, kurios gele\u017einkeli\u0173 transporto tradicijos yra labai senos, o infrastrukt\u016bra \u2013 nuolat ple\u010diama, modernizuojama, kur taikomi naujausi in\u017einerini\u0173 technologij\u0173, vadybos ir projekt\u0173 valdymo sprendimai. Kalb\u0117jom\u0117s su u\u017esienyje dirban\u010diais specialistais, kuri\u0173 pasiekimais Lietuva gali did\u017eiuotis. Tereik\u0117jo i\u0161spr\u0119sti u\u017edavin\u012f \u2013 kaip sugr\u0105\u017einti juos \u012f Lietuv\u0105\u201c, \u2013 teigia personalo atrankas vykdan\u010dios bendrov\u0117s \u201ePeople&amp;more\u201c vadov\u0117 Vilija Vitk\u0117. Anot pa\u0161nekov\u0117s, prad\u0117jusi ie\u0161koti darbuotoj\u0173 projekto komandai, ji greitai suprato, kad \u201eRail Baltica\u201c buria i\u0161skirtines asmenybes \u2013 savoti\u0161k\u0105 gele\u017einkelio infrastrukt\u016bros specialist\u0173 rinktin\u0119.<\/p>\n<p>Lietuvos personalo atrank\u0173 \u012fmonei kartu su partneriais Latvijoje ir Estijoje buvo patik\u0117ta pasir\u016bpinti specialist\u0173 samda \u201eRail Baltica\u201c projektui.<\/p>\n<p>\u201ePateikta i\u0161sami informacija, ai\u0161kiai apibr\u0117\u017eti kriterijai ir klausimynai, skirti kiekvienai pozicijai, leido suprasti, kad turime surinkti stipri\u0105, tarptautin\u0119 auk\u0161tos kvalifikacijos specialist\u0173 komand\u0105. Kandidat\u0173 paie\u0161ka ir pokalbiai su savo srities profesionalais mane pa\u010di\u0105 labai praturtino\u201c, \u2013 pripa\u017e\u012fsta V. Vitk\u0117. Pasak jos, klientas samdos procesui buvo puikiai pasireng\u0119s, tur\u0117jo ai\u0161kius prioritetus, tiksl\u0105 ir vizij\u0105, kokie \u017emon\u0117s tur\u0117t\u0173 planuoti ir \u012fgyvendinti didel\u0117s apimties tarptautin\u012f infrastrukt\u016bros projekt\u0105. \u201eRail Baltica\u201c gele\u017einkelio statybos, kuri\u0173 numatoma vert\u0117 siekia apie 5,8 mlrd. eur\u0173, yra did\u017eiausia investicija, skirta pagerinti mobilum\u0105 ir kelioni\u0173 galimybes, pl\u0117toti versl\u0105, turizm\u0105 ir preki\u0173 mainus regione.<\/p>\n<p>Kandidat\u0173 atrankos prad\u017eioje \u201ePeople&amp;more\u201c vadov\u0117 i\u0161kart suprato, kad Lietuvoje rasti kandidat\u0173, kurie atitikt\u0173 visus keliamus reikalavimus, bus labai sud\u0117tinga arba ne\u012fmanoma. \u201eVien patirties reikalavimai \u2013 darbas su itin stambiais, milijon\u0173 ar milijard\u0173 eur\u0173 vert\u0117s, infrastrukt\u016bros projektais \u2013 suk\u016br\u0117 auk\u0161t\u0105 barjer\u0105. Kiek toki\u0173 mil\u017eini\u0161k\u0173 projekt\u0173 buvo per nepriklausomos Lietuvos istorij\u0105? Nat\u016bralu, kad m\u016bs\u0173 \u017evilgsnis nukrypo \u012f i\u0161eivij\u0105, kuri \u012frodo, kad Lietuva nesibaigia ties valstyb\u0117s siena\u201c, \u2013 teigia V. Vitk\u0117. \u00a0<\/p>\n<p>\u201eRail Baltica\u201c projektas pasirod\u0117 \u012fdomus ir patrauklus daugeliui u\u017esienyje kalbint\u0173 lietuvi\u0173 specialist\u0173. Dalis j\u0173 pripa\u017eino, kad b\u016bt\u0173 \u012fdomu pamatyti, kaip per 10-15 met\u0173 pasikeit\u0117 j\u0173 miestas ir \u0161alis \u2013 darbo pasi\u016blymas \u017eadino t\u0117vyn\u0117s ilges\u012f.<\/p>\n<p>Beveik visi kandidatai atkreip\u0117 d\u0117mes\u012f, kad elektrifikuota europin\u0117s v\u0117\u017e\u0117s gele\u017einkelio linija, eisianti nuo Lenkijos per Kaun\u0105 ir Ryg\u0105 iki Talino smarkiai prisid\u0117s prie \u017ealesn\u0117s viso regiono ateities, nes prisid\u0117s prie transporto i\u0161metam\u0173 ter\u0161al\u0173 suma\u017einimo. Be to, projekto \u012fgyvendinimu pa\u010diu auk\u0161\u010diausiu lygiu yra suinteresuotos visos jame dalyvaujan\u010dios valstyb\u0117s \u2013 b\u016bsimiems darbuotojams tai rei\u0161kia tvirtas ilgalaikes garantijas. \u201eKiekvienas specialistas nori tobul\u0117ti. O \u201eRail Baltica\u201c si\u016blo aplink\u0105, kurioje dirbantys specialistai augina vieni kitus \u2013 dalijasi individualia patirtimi, priima bendrus sprendimus, puosel\u0117ja auk\u0161to lygio darbo kult\u016br\u0105\u201c, \u2013 teigia V. Vitk\u0117. Geriau susipa\u017ein\u0119 su darbo pasi\u016blymais kandidatai pasteb\u0117jo, kad organizacija Lietuvoje, Latvijoje ir Estijoje naudoja naujausias technologijas, platformas ir sprendimus, kuriuos \u0161iuo metu taiko pa\u017eangiausios Jungtin\u0117s Karalyst\u0117s ir kit\u0173 Europos \u0161ali\u0173 infrastrukt\u016bros sektoriaus kompanijos. \u00a0<\/p>\n<p>Bendrov\u0117s \u201ePeople&amp;more\u201c vadov\u0117 teigia, kad pavyko surasti kandidatus visoms pozicijoms, kurios jai buvo patik\u0117tos. V. Vitk\u0117 prisipa\u017e\u012fsta, kad dirbdama su neeiline u\u017eduotimi ji kasdien pl\u0117t\u0117 akirat\u012f ir augino savo kompetencijas, nes iki tol nebuvo dirbusi su tokio i\u0161skirtinio masto projektais. Ji neabejoja, kad i\u0161 auk\u0161\u010diausio lygio specialist\u0173 suformuota komanda \u012frodys savo vert\u0119, \u012fveikdama vien\u0105 projekto etap\u0105 po kito ir kartu augindama vis\u0105 infrastrukt\u016bros sektoriaus profesional\u0173 bendruomen\u0119.<\/p>\n\n                    <\/div>\n    <\/div>\n<\/section>\n\n\n\n<section\n    class=\"overflow-hidden py-5 md:pt-5 md:pb-10 align wp-block-button-cta-block !pt-[0]\"\n>\n    <div\n        class=\"container w-full relative flex flex-col items-start z-10\"\n    >\n        <div\n            class=\"w-full border-t border-dark pt-5 mt-4 md:mt-5 md:pt-10\"\n        >\n        <\/div>\n\n                    <a\n        href=\"\/lt\/naujienos\/\"\n                class=\"btn-outline-dark mx-auto\"\n    >\n        \n        Gr\u012f\u017eti \u012f visas naujienas\n        \n        \n    <\/a>\n            <\/div>\n<\/section>\n","protected":false},"excerpt":{"rendered":"<p>Did\u017eiausias infrastrukt\u016bros projektas Baltijos \u0161ali\u0173 istorijoje \u201eRail Baltica\u201c sulaukia po vis\u0105 pasaul\u012f pasklidusi\u0173 profesional\u0173 i\u0161 Lietuvos d\u0117mesio. Personalo atrank\u0173 konsultant\u0117s Vilijos Vitk\u0117s teigimu, mil\u017eini\u0161kas istorin\u0117s svarbos projektas privert\u0117 susim\u0105styti apie galimyb\u0119 gr\u012f\u017eti \u012f t\u0117vyn\u0119 b\u016br\u012f itin auk\u0161tos kvalifikacijos specialist\u0173, svetur jau pasiekusi\u0173 karjeros auk\u0161tum\u0173.<\/p>\n","protected":false},"featured_media":12817,"template":"","news_category":[],"class_list":["post-12818","news","type-news","status-publish","has-post-thumbnail","hentry"],"acf":[],"yoast_head":"<!-- This site is optimized with the Yoast SEO plugin v27.5 - https:\/\/yoast.com\/product\/yoast-seo-wordpress\/ -->\n<title>\u201eRail Baltica\u201c projektas \u012f Lietuv\u0105 sugr\u0105\u017eina auk\u0161tos kvalifikacijos specialistus - RB<\/title>\n<meta name=\"robots\" content=\"index, follow, max-snippet:-1, max-image-preview:large, max-video-preview:-1\" \/>\n<link rel=\"canonical\" href=\"https:\/\/www.railbaltica.org\/naujienos\/rail-baltica-helps-bring-back-professionals-to-lithuania\/\" \/>\n<meta property=\"og:locale\" content=\"lt_LT\" \/>\n<meta property=\"og:type\" content=\"article\" \/>\n<meta property=\"og:title\" content=\"\u201eRail Baltica\u201c projektas \u012f Lietuv\u0105 sugr\u0105\u017eina auk\u0161tos kvalifikacijos specialistus - RB\" \/>\n<meta property=\"og:description\" content=\"Did\u017eiausias infrastrukt\u016bros projektas Baltijos \u0161ali\u0173 istorijoje \u201eRail Baltica\u201c sulaukia po vis\u0105 pasaul\u012f pasklidusi\u0173 profesional\u0173 i\u0161 Lietuvos d\u0117mesio. Personalo atrank\u0173 konsultant\u0117s Vilijos Vitk\u0117s teigimu, mil\u017eini\u0161kas istorin\u0117s svarbos projektas privert\u0117 susim\u0105styti apie galimyb\u0119 gr\u012f\u017eti \u012f t\u0117vyn\u0119 b\u016br\u012f itin auk\u0161tos kvalifikacijos specialist\u0173, svetur jau pasiekusi\u0173 karjeros auk\u0161tum\u0173.\" \/>\n<meta property=\"og:url\" content=\"https:\/\/www.railbaltica.org\/naujienos\/rail-baltica-helps-bring-back-professionals-to-lithuania\/\" \/>\n<meta property=\"og:site_name\" content=\"RB\" \/>\n<meta property=\"article:modified_time\" content=\"2025-08-20T07:32:02+00:00\" \/>\n<meta property=\"og:image\" content=\"https:\/\/www.railbaltica.org\/wp-content\/uploads\/2025\/07\/Vilija-Vitke-scaled.jpg\" \/>\n\t<meta property=\"og:image:width\" content=\"2560\" \/>\n\t<meta property=\"og:image:height\" content=\"1707\" \/>\n\t<meta property=\"og:image:type\" content=\"image\/jpeg\" \/>\n<meta name=\"twitter:card\" content=\"summary_large_image\" \/>\n<script type=\"application\/ld+json\" class=\"yoast-schema-graph\">{\"@context\":\"https:\\\/\\\/schema.org\",\"@graph\":[{\"@type\":\"WebPage\",\"@id\":\"https:\\\/\\\/www.railbaltica.org\\\/naujienos\\\/rail-baltica-helps-bring-back-professionals-to-lithuania\\\/\",\"url\":\"https:\\\/\\\/www.railbaltica.org\\\/naujienos\\\/rail-baltica-helps-bring-back-professionals-to-lithuania\\\/\",\"name\":\"\u201eRail Baltica\u201c projektas \u012f Lietuv\u0105 sugr\u0105\u017eina auk\u0161tos kvalifikacijos specialistus - RB\",\"isPartOf\":{\"@id\":\"https:\\\/\\\/www.railbaltica.org\\\/#website\"},\"primaryImageOfPage\":{\"@id\":\"https:\\\/\\\/www.railbaltica.org\\\/naujienos\\\/rail-baltica-helps-bring-back-professionals-to-lithuania\\\/#primaryimage\"},\"image\":{\"@id\":\"https:\\\/\\\/www.railbaltica.org\\\/naujienos\\\/rail-baltica-helps-bring-back-professionals-to-lithuania\\\/#primaryimage\"},\"thumbnailUrl\":\"https:\\\/\\\/www.railbaltica.org\\\/wp-content\\\/uploads\\\/2025\\\/07\\\/Vilija-Vitke-scaled.jpg\",\"datePublished\":\"2020-11-27T08:58:47+00:00\",\"dateModified\":\"2025-08-20T07:32:02+00:00\",\"breadcrumb\":{\"@id\":\"https:\\\/\\\/www.railbaltica.org\\\/naujienos\\\/rail-baltica-helps-bring-back-professionals-to-lithuania\\\/#breadcrumb\"},\"inLanguage\":\"lt-LT\",\"potentialAction\":[{\"@type\":\"ReadAction\",\"target\":[\"https:\\\/\\\/www.railbaltica.org\\\/naujienos\\\/rail-baltica-helps-bring-back-professionals-to-lithuania\\\/\"]}]},{\"@type\":\"ImageObject\",\"inLanguage\":\"lt-LT\",\"@id\":\"https:\\\/\\\/www.railbaltica.org\\\/naujienos\\\/rail-baltica-helps-bring-back-professionals-to-lithuania\\\/#primaryimage\",\"url\":\"https:\\\/\\\/www.railbaltica.org\\\/wp-content\\\/uploads\\\/2025\\\/07\\\/Vilija-Vitke-scaled.jpg\",\"contentUrl\":\"https:\\\/\\\/www.railbaltica.org\\\/wp-content\\\/uploads\\\/2025\\\/07\\\/Vilija-Vitke-scaled.jpg\",\"width\":2560,\"height\":1707},{\"@type\":\"BreadcrumbList\",\"@id\":\"https:\\\/\\\/www.railbaltica.org\\\/naujienos\\\/rail-baltica-helps-bring-back-professionals-to-lithuania\\\/#breadcrumb\",\"itemListElement\":[{\"@type\":\"ListItem\",\"position\":1,\"name\":\"Home\",\"item\":\"https:\\\/\\\/www.railbaltica.org\\\/lt\\\/\"},{\"@type\":\"ListItem\",\"position\":2,\"name\":\"\u201eRail Baltica\u201c projektas \u012f Lietuv\u0105 sugr\u0105\u017eina auk\u0161tos kvalifikacijos specialistus\"}]},{\"@type\":\"WebSite\",\"@id\":\"https:\\\/\\\/www.railbaltica.org\\\/#website\",\"url\":\"https:\\\/\\\/www.railbaltica.org\\\/\",\"name\":\"RB\",\"description\":\"\",\"potentialAction\":[{\"@type\":\"SearchAction\",\"target\":{\"@type\":\"EntryPoint\",\"urlTemplate\":\"https:\\\/\\\/www.railbaltica.org\\\/?s={search_term_string}\"},\"query-input\":{\"@type\":\"PropertyValueSpecification\",\"valueRequired\":true,\"valueName\":\"search_term_string\"}}],\"inLanguage\":\"lt-LT\"}]}<\/script>\n<!-- \/ Yoast SEO plugin. -->","yoast_head_json":{"title":"\u201eRail Baltica\u201c projektas \u012f Lietuv\u0105 sugr\u0105\u017eina auk\u0161tos kvalifikacijos specialistus - RB","robots":{"index":"index","follow":"follow","max-snippet":"max-snippet:-1","max-image-preview":"max-image-preview:large","max-video-preview":"max-video-preview:-1"},"canonical":"https:\/\/www.railbaltica.org\/naujienos\/rail-baltica-helps-bring-back-professionals-to-lithuania\/","og_locale":"lt_LT","og_type":"article","og_title":"\u201eRail Baltica\u201c projektas \u012f Lietuv\u0105 sugr\u0105\u017eina auk\u0161tos kvalifikacijos specialistus - RB","og_description":"Did\u017eiausias infrastrukt\u016bros projektas Baltijos \u0161ali\u0173 istorijoje \u201eRail Baltica\u201c sulaukia po vis\u0105 pasaul\u012f pasklidusi\u0173 profesional\u0173 i\u0161 Lietuvos d\u0117mesio. Personalo atrank\u0173 konsultant\u0117s Vilijos Vitk\u0117s teigimu, mil\u017eini\u0161kas istorin\u0117s svarbos projektas privert\u0117 susim\u0105styti apie galimyb\u0119 gr\u012f\u017eti \u012f t\u0117vyn\u0119 b\u016br\u012f itin auk\u0161tos kvalifikacijos specialist\u0173, svetur jau pasiekusi\u0173 karjeros auk\u0161tum\u0173.","og_url":"https:\/\/www.railbaltica.org\/naujienos\/rail-baltica-helps-bring-back-professionals-to-lithuania\/","og_site_name":"RB","article_modified_time":"2025-08-20T07:32:02+00:00","og_image":[{"width":2560,"height":1707,"url":"https:\/\/www.railbaltica.org\/wp-content\/uploads\/2025\/07\/Vilija-Vitke-scaled.jpg","type":"image\/jpeg"}],"twitter_card":"summary_large_image","schema":{"@context":"https:\/\/schema.org","@graph":[{"@type":"WebPage","@id":"https:\/\/www.railbaltica.org\/naujienos\/rail-baltica-helps-bring-back-professionals-to-lithuania\/","url":"https:\/\/www.railbaltica.org\/naujienos\/rail-baltica-helps-bring-back-professionals-to-lithuania\/","name":"\u201eRail Baltica\u201c projektas \u012f Lietuv\u0105 sugr\u0105\u017eina auk\u0161tos kvalifikacijos specialistus - RB","isPartOf":{"@id":"https:\/\/www.railbaltica.org\/#website"},"primaryImageOfPage":{"@id":"https:\/\/www.railbaltica.org\/naujienos\/rail-baltica-helps-bring-back-professionals-to-lithuania\/#primaryimage"},"image":{"@id":"https:\/\/www.railbaltica.org\/naujienos\/rail-baltica-helps-bring-back-professionals-to-lithuania\/#primaryimage"},"thumbnailUrl":"https:\/\/www.railbaltica.org\/wp-content\/uploads\/2025\/07\/Vilija-Vitke-scaled.jpg","datePublished":"2020-11-27T08:58:47+00:00","dateModified":"2025-08-20T07:32:02+00:00","breadcrumb":{"@id":"https:\/\/www.railbaltica.org\/naujienos\/rail-baltica-helps-bring-back-professionals-to-lithuania\/#breadcrumb"},"inLanguage":"lt-LT","potentialAction":[{"@type":"ReadAction","target":["https:\/\/www.railbaltica.org\/naujienos\/rail-baltica-helps-bring-back-professionals-to-lithuania\/"]}]},{"@type":"ImageObject","inLanguage":"lt-LT","@id":"https:\/\/www.railbaltica.org\/naujienos\/rail-baltica-helps-bring-back-professionals-to-lithuania\/#primaryimage","url":"https:\/\/www.railbaltica.org\/wp-content\/uploads\/2025\/07\/Vilija-Vitke-scaled.jpg","contentUrl":"https:\/\/www.railbaltica.org\/wp-content\/uploads\/2025\/07\/Vilija-Vitke-scaled.jpg","width":2560,"height":1707},{"@type":"BreadcrumbList","@id":"https:\/\/www.railbaltica.org\/naujienos\/rail-baltica-helps-bring-back-professionals-to-lithuania\/#breadcrumb","itemListElement":[{"@type":"ListItem","position":1,"name":"Home","item":"https:\/\/www.railbaltica.org\/lt\/"},{"@type":"ListItem","position":2,"name":"\u201eRail Baltica\u201c projektas \u012f Lietuv\u0105 sugr\u0105\u017eina auk\u0161tos kvalifikacijos specialistus"}]},{"@type":"WebSite","@id":"https:\/\/www.railbaltica.org\/#website","url":"https:\/\/www.railbaltica.org\/","name":"RB","description":"","potentialAction":[{"@type":"SearchAction","target":{"@type":"EntryPoint","urlTemplate":"https:\/\/www.railbaltica.org\/?s={search_term_string}"},"query-input":{"@type":"PropertyValueSpecification","valueRequired":true,"valueName":"search_term_string"}}],"inLanguage":"lt-LT"}]}},"_links":{"self":[{"href":"https:\/\/www.railbaltica.org\/lt\/wp-json\/wp\/v2\/news\/12818","targetHints":{"allow":["GET"]}}],"collection":[{"href":"https:\/\/www.railbaltica.org\/lt\/wp-json\/wp\/v2\/news"}],"about":[{"href":"https:\/\/www.railbaltica.org\/lt\/wp-json\/wp\/v2\/types\/news"}],"wp:featuredmedia":[{"embeddable":true,"href":"https:\/\/www.railbaltica.org\/lt\/wp-json\/wp\/v2\/media\/12817"}],"wp:attachment":[{"href":"https:\/\/www.railbaltica.org\/lt\/wp-json\/wp\/v2\/media?parent=12818"}],"wp:term":[{"taxonomy":"news_category","embeddable":true,"href":"https:\/\/www.railbaltica.org\/lt\/wp-json\/wp\/v2\/news_category?post=12818"}],"curies":[{"name":"wp","href":"https:\/\/api.w.org\/{rel}","templated":true}]}}