{"id":12449,"date":"2020-01-07T06:13:05","date_gmt":"2020-01-07T06:13:05","guid":{"rendered":"https:\/\/www.railbaltica.org\/news\/rb-rail-as-komentaras-apie-rail-baltica-projekto-bendro-audito-isvadas\/"},"modified":"2025-08-20T07:32:26","modified_gmt":"2025-08-20T07:32:26","slug":"rb-rail-as-komentaras-apie-rail-baltica-projekto-bendro-audito-isvadas","status":"publish","type":"news","link":"https:\/\/www.railbaltica.org\/lt\/naujienos\/rb-rail-as-komentaras-apie-rail-baltica-projekto-bendro-audito-isvadas\/","title":{"rendered":"\u201eRB Rail AS\u201c komentaras apie \u201eRail Baltica\u201c projekto bendro audito i\u0161vadas"},"content":{"rendered":"<section\n    class=\"align wp-block-hero-page-block relative flex overflow-hidden z-10 mt-20 md:mt-52\"\n>\n            <div\n            class=\"container md:!px-14\"\n        >\n            <div\n                class=\"bg-dark text-white rounded p-4 md:p-10\"\n            >\n                                <div\n    class=\"flex justify-between border-t pt-2.5 my-5 text-sm\"\n>\n    <span>Pasidalinkite naujienomis<\/span>\n    <ul\n        class=\"flex items-center gap-5\"\n    >\n        <li>\n            <a\n                href=\"https:\/\/www.facebook.com\/sharer\/sharer.php?u=https%3A%2F%2Fwww.railbaltica.org%2Flt%2Fnaujienos%2Frb-rail-as-komentaras-apie-rail-baltica-projekto-bendro-audito-isvadas%2F\"\n                target=\"_blank\"\n                rel=\"noopener noreferrer\"\n                aria-label=\"Share on Facebook\"\n                class=\"transition-opacity hover:opacity-75\"\n            >\n                <svg\n                    width=\"20\"\n                    height=\"20\"\n                    viewBox=\"0 0 20 20\"\n                    fill=\"none\"\n                    xmlns=\"http:\/\/www.w3.org\/2000\/svg\"\n                >\n                    <path\n                        d=\"M7.5 6.66667H5V10H7.5V20H11.6667V10H14.7017L15 6.66667H11.6667V5.2775C11.6667 4.48167 11.8267 4.16667 12.5958 4.16667H15V0H11.8267C8.83 0 7.5 1.31917 7.5 3.84583V6.66667Z\"\n                        fill=\"white\"\n                    \/>\n                <\/svg>\n            <\/a>\n        <\/li>\n        <li>\n            <a\n                href=\"https:\/\/twitter.com\/intent\/tweet?url=https%3A%2F%2Fwww.railbaltica.org%2Flt%2Fnaujienos%2Frb-rail-as-komentaras-apie-rail-baltica-projekto-bendro-audito-isvadas%2F&amp;text=%E2%80%9ERB+Rail+AS%E2%80%9C+komentaras+apie+%E2%80%9ERail+Baltica%E2%80%9C+projekto+bendro+audito+i%C5%A1vadas\"\n                target=\"_blank\"\n                rel=\"noopener noreferrer\"\n                aria-label=\"Share on Twitter\"\n                class=\"transition-opacity hover:opacity-75\"\n            >\n                <svg\n                    width=\"20\"\n                    height=\"20\"\n                    viewBox=\"0 0 20 20\"\n                    fill=\"none\"\n                    xmlns=\"http:\/\/www.w3.org\/2000\/svg\"\n                >\n                    <path\n                        d=\"M14.7313 2.68748H17.238L11.763 8.88248L18.2038 17.3125H13.1597L9.20966 12.2L4.68966 17.3125H2.18299L8.03883 10.6866L1.86133 2.68665H7.03216L10.603 7.35998L14.7322 2.68665L14.7313 2.68748ZM13.8522 15.8275H15.2405L6.27716 4.09415H4.78716L13.8522 15.8275Z\"\n                        fill=\"white\"\n                    \/>\n                <\/svg>\n            <\/a>\n        <\/li>\n        <li>\n            <a\n                href=\"https:\/\/www.linkedin.com\/sharing\/share-offsite\/?url=https%3A%2F%2Fwww.railbaltica.org%2Flt%2Fnaujienos%2Frb-rail-as-komentaras-apie-rail-baltica-projekto-bendro-audito-isvadas%2F\"\n                target=\"_blank\"\n                rel=\"noopener noreferrer\"\n                aria-label=\"Share on LinkedIn\"\n                class=\"transition-opacity hover:opacity-75\"\n            >\n                <svg\n                    width=\"20\"\n                    height=\"20\"\n                    viewBox=\"0 0 20 20\"\n                    fill=\"none\"\n                    xmlns=\"http:\/\/www.w3.org\/2000\/svg\"\n                >\n                    <path\n                        d=\"M18.4097 0.000139829H1.46998C1.27956 -0.00250476 1.09049 0.0323869 0.913553 0.102822C0.73662 0.173257 0.575295 0.277857 0.438791 0.410646C0.302287 0.543436 0.193279 0.701814 0.11799 0.876737C0.0427018 1.05166 0.00260836 1.2397 0 1.43012V18.5699C0.00260836 18.7603 0.0427018 18.9483 0.11799 19.1233C0.193279 19.2982 0.302287 19.4566 0.438791 19.5894C0.575295 19.7221 0.73662 19.8267 0.913553 19.8972C1.09049 19.9676 1.27956 20.0025 1.46998 19.9999H18.4097C18.6002 20.0025 18.7892 19.9676 18.9662 19.8972C19.1431 19.8267 19.3044 19.7221 19.4409 19.5894C19.5774 19.4566 19.6864 19.2982 19.7617 19.1233C19.837 18.9483 19.8771 18.7603 19.8797 18.5699V1.43012C19.8771 1.2397 19.837 1.05166 19.7617 0.876737C19.6864 0.701814 19.5774 0.543436 19.4409 0.410646C19.3044 0.277857 19.1431 0.173257 18.9662 0.102822C18.7892 0.0323869 18.6002 -0.00250476 18.4097 0.000139829ZM6.02992 16.7399H3.02996V7.74003H6.02992V16.7399ZM4.52994 6.48005C4.1162 6.48005 3.71942 6.31569 3.42687 6.02314C3.13431 5.73059 2.96996 5.3338 2.96996 4.92007C2.96996 4.50634 3.13431 4.10955 3.42687 3.817C3.71942 3.52445 4.1162 3.36009 4.52994 3.36009C4.74963 3.33518 4.97211 3.35695 5.1828 3.42398C5.3935 3.491 5.58766 3.60178 5.75258 3.74905C5.91749 3.89632 6.04944 4.07676 6.13979 4.27856C6.23013 4.48036 6.27683 4.69897 6.27683 4.92007C6.27683 5.14117 6.23013 5.35978 6.13979 5.56158C6.04944 5.76338 5.91749 5.94382 5.75258 6.09109C5.58766 6.23836 5.3935 6.34914 5.1828 6.41617C4.97211 6.48319 4.74963 6.50496 4.52994 6.48005ZM16.8498 16.7399H13.8498V11.91C13.8498 10.7 13.4198 9.91 12.3298 9.91C11.9925 9.91247 11.664 10.0183 11.3887 10.2132C11.1133 10.4081 10.9043 10.6827 10.7899 11C10.7116 11.235 10.6777 11.4826 10.6899 11.73V16.7299H7.68989V7.73003H10.6899V9.00001C10.9624 8.52713 11.3587 8.13755 11.8363 7.87323C12.3138 7.60892 12.8544 7.47989 13.3998 7.50003C15.3998 7.50003 16.8498 8.79002 16.8498 11.56V16.7399Z\"\n                        fill=\"white\"\n                    \/>\n                <\/svg>\n            <\/a>\n        <\/li>\n        <li>\n            <button\n                type=\"button\"\n                class=\"copy-url-btn relative my-auto flex transition-opacity hover:opacity-75\"\n                data-url=\"https:\/\/www.railbaltica.org\/lt\/naujienos\/rb-rail-as-komentaras-apie-rail-baltica-projekto-bendro-audito-isvadas\/\"\n            >\n                <svg\n                    width=\"21\"\n                    height=\"21\"\n                    viewBox=\"0 0 21 21\"\n                    fill=\"none\"\n                    xmlns=\"http:\/\/www.w3.org\/2000\/svg\"\n                >\n                    <path\n                        d=\"M10.5205 20C15.7661 20 20 15.7455 20 10.4795C20 5.23392 15.7661 1 10.5205 1M10.5205 20C5.25446 20 1 15.7455 1 10.4795C1 5.23392 5.25446 1 10.5205 1M10.5205 20V1M18.7429 5.75H2.26324M18.7958 15.1345H2.21035M1.05135 10.5H19.9486M10.5103 20C13.1333 20 15.25 15.7455 15.25 10.4795C15.25 5.23392 13.1333 1 10.5103 1C7.87697 1 5.75 5.23392 5.75 10.4795C5.75 15.7455 7.87697 20 10.5103 20Z\"\n                        stroke=\"white\"\n                        stroke-linecap=\"round\"\n                        stroke-linejoin=\"round\"\n                    \/>\n                <\/svg>\n                <span\n                    class=\"absolute hidden translate-x-[-10px] translate-y-[30px]\"\n                >Copied!<\/span>\n            <\/button>\n        <\/li>\n    <\/ul>\n<\/div>\n\n                                    <time\n                        datetime=\"\"\n                        class=\"mb-2.5 flex text-xl text-blue\"\n                    >\n                        07.01.2020\n                    <\/time>\n                \n                                    <h1 class='h1 max-w-198'>\n            \u201eRB Rail AS\u201c komentaras apie \u201eRail Baltica\u201c projekto bendro audito i\u0161vadas\n        <\/h1>\n                \n                            <\/div>\n        <\/div>\n    <\/section>\n\n<section\n    class=\"overflow-hidden py-5 md:pt-10 md:pb-5 align wp-block-excerpt-block\"\n>\n    <div\n        class=\"container relative flex flex-col items-start z-10 md:text-xl lg:!px-4\"\n    >\n                    <div\n                class=\"textual w-full text-dark text-xl lg:px-12 md:mx-auto md:max-w-222 md:text-xl\"\n            >\n                U\u017e \u201eRail Baltica\u201c \u012fgyvendinim\u0105 atsakinga bendra Baltijos \u0161ali\u0173 \u012fmon\u0117 \u201eRB Rail AS\u201c i\u0161samiai \u012fvertino bendro audito, kur\u012f pernai atliko Baltijos \u0161ali\u0173 auk\u0161\u010diausios valstybinio audito institucijos, i\u0161vadas.\n            <\/div>\n            <\/div>\n<\/section>\n<section\n    class=\"py-5 md:py-10 align wp-block-textual-block\"\n>\n    <div\n        class=\"container\"\n    >\n        <div\n            class=\"textual w-full text-xl text-dark break-words [&#038;_span]:!text-dark [&#038;_a]:!text-dark\"\n        >\n                            <p><strong><\/strong><\/p>\n\n                    <\/div>\n    <\/div>\n<\/section>\n\n\n<section\n    class=\"overflow-hidden py-5 md:pt-10 md:pb-5 align wp-block-image-block !pt-[0] !pb-[0]\"\n>\n    <div\n        class=\"container relative flex flex-col items-start z-10\"\n    >\n        <div\n            class=\"w-full text-lg text-dark\"\n        >\n                            <img decoding=\"async\"\n        src=\"https:\/\/www.railbaltica.org\/wp-content\/uploads\/2025\/07\/shutterstock_495789754_web-scaled.jpg\"\n        alt=\"shutterstock_495789754_web\"\n         title=\"shutterstock_495789754_web\"         class=\"block w-auto h-auto max-w-full max-h-[600px]\"\n        loading=\"lazy\"\n    \/>\n                                <\/div>\n    <\/div>\n<\/section>\n\n\n<section\n    class=\"py-5 md:py-10 align wp-block-textual-block\"\n>\n    <div\n        class=\"container\"\n    >\n        <div\n            class=\"textual w-full text-xl text-dark break-words [&#038;_span]:!text-dark [&#038;_a]:!text-dark\"\n        >\n                            <p>\u201ePasitikime ir gerbiame bendro audito, kur\u012f atliko nepriklausomos Estijos, Latvijos ir Lietuvos audito institucijos, i\u0161vadas. Esame pasiry\u017e\u0119 veikti ir jau \u0117m\u0117m\u0117s priemoni\u0173 skirt\u0173 pasiekti ap\u010diuopiam\u0173 poky\u010di\u0173 srityse, kurias \u012fvardijo auditoriai\u201c,- teigia Agnis Driksna, laikinai einantis \u201eRB Rail AS\u201c vadovo ir valdybos pirmininko pareigas.<\/p>\n<p>\u201eAudite pabr\u0117\u017eiamos grafiko ir biud\u017eeto rizikos, ta\u010diau m\u016bs\u0173 tikslas \u2013 u\u017ebaigti projekt\u0105 2026-aisiais. Esame \u012fvardin\u0119 tam b\u016btinas s\u0105lygas, \u012fskaitant ir geresn\u012f sprendim\u0173 pri\u0117mimo proces\u0105 projektavimo ir statybos metu bei laiku skiriam\u0105 finansavim\u0105. Jei \u0161ios s\u0105lygos bus \u012fgyvendintos efektyviai, \u201eRail Baltica\u201c projektas bus u\u017ebaigtas laiku\u201c,- sako A. Driksna.<\/p>\n<p>Vertindamas \u201eRail Baltica\u201c ka\u0161t\u0173 augim\u0105, \u201eRB Rail AS\u201c vyriausiasis finansininkas Ignas Degutis teigia: \u201eKuo ilgiau vyksta \u201eRail Baltica\u201c projektavimas, tuo daugiau technin\u0117s informacijos tampa prieinama planuotojams ir tuo ai\u0161kesni tampa suinteresuot\u0173j\u0173 \u0161ali\u0173 poreikiai. \u201eRail Baltica\u201c kaina visose \u0161alyse bus perskai\u010diuota 2021-aisiais u\u017ebaigus detal\u0173j\u012f technin\u012f projektavim\u0105 ir atlikus papildomas keleivi\u0173 ir krovini\u0173 sraut\u0173 studijas. Ta\u010diau yra ir daug galimybi\u0173 konsoliduoti projekto ka\u0161tus pasitelkiant bendrus pirkimus ir i\u0161manius in\u017einerinius sprendimus.\u201c<\/p>\n<p>Kalb\u0117damas apie biud\u017eeto augim\u0105 pagal pirm\u0105j\u012f dotacijos susitarim\u0105, kuris \u012fvardintas audito ataskaitoje, Ignas Degutis pabr\u0117\u017eia, kad 2019-\u0173j\u0173 gruod\u017eio 17 d. bendra \u012fmon\u0117 ir Europos Komisija pakeit\u0117 pirm\u0105j\u0105 dotacijos sutart\u012f ir atnaujino finansuojam\u0173 darb\u0173 s\u0105ra\u0161\u0105 bei apimti. Tai rei\u0161kia, kad visos planuojamos veiklos atitinka pirmuoju susitarimu skirto finansavimo s\u0105lygas ir nustatyt\u0105 kalendori\u0173.<\/p>\n<p><strong>Pagrindin\u0117s audito rekomendacijos ir \u201eRB Rail AS\u201c veiksm\u0173 planas<\/strong><\/p>\n<p>Auditas patvirtino, kad \u201eRB Rail AS\u201c pareng\u0117 tinkam\u0105 pirkim\u0173 ir sutar\u010di\u0173 valdymo tvark\u0105. Auditas taip pat patvirtino, kad \u0161ios tvarkos laikomasi tinkamai. Tai labai svarbus \u012fvertinimas, kuris rei\u0161kia, kad vie\u0161ieji \u201eRB Rail AS\u201c pirkimai vykdomi teisingai. Ta\u010diau auditas \u012fvardino ir vietas, kur, patobulinus reglamentavim\u0105 ir \u012fgyvendinim\u0105, \u201eRB Rail AS\u201c gal\u0117t\u0173 pasiekti dar auk\u0161tesn\u0119 pirkim\u0173 ir sutar\u010di\u0173 valdymo kokyb\u0119. Reaguodama \u012f tai, \u201eRB Rail AS\u201c iki 2020-\u0173j\u0173 kovo parengs naujas pirkim\u0173 komisijos nari\u0173 ir i\u0161orini\u0173 ekspert\u0173 atrankos bei preliminari\u0173 rinkos apklaus\u0173 vidines proced\u016bras.<\/p>\n<p>Auditas taip pat pabr\u0117\u017e\u0117 nuoseklios rizikos valdymo sistemos, kuri\u0105 turi taikyti visos \u012f projekt\u0105 \u012fsitraukusios \u0161alys, svarb\u0105. Audito i\u0161vadose \u012fvardijama, kad \u201eRB Rail AS\u201c nustat\u0117, \u012fvertino ir prioretizavo globalaus projekto \u012fgyvendinimui kylan\u010dias rizikas. Ta\u010diau audite pelnytai \u012fvardijamas bendros, \u012f kasdien\u0119 veikl\u0105 integruotos, rizik\u0173 valdymo sistemos poreikis. Tam, kad rizikos b\u016bt\u0173 valdomos bendrai, \u201eRB Rail AS\u201c \u012fsigijo planavimo, grafik\u0173, ataskait\u0173 ir rizik\u0173 valdymo programin\u0119 \u012frang\u0105. Ji bus naudojama u\u017etikrinti, kad grafikas ir biud\u017eetas b\u016bt\u0173 ai\u0161kiai apibr\u0117\u017eti bei stebimi viso projekto gyvavimo ciklo metu, taip pat pad\u0117s greitai nustatyti reikalingus poky\u010dius, galimas problemas ir rizikas, jas suprasti ir proaktyviai valdyti. Tikimasi, kad \u0161i sistema prad\u0117s veikti 2020-\u0173j\u0173 liep\u0105.\u00a0<\/p>\n<p>Centrinis projekto koordinatorius \u201eRB Rail AS\u201c yra pasiruo\u0161\u0119s pad\u0117ti projekto savininkams \u2013 Baltijos \u0161ali\u0173 susisiekimo ministerijoms \u2013 atlikti reikalingus sprendim\u0173 pri\u0117mimo, poky\u010di\u0173 valdymo ir ilgalaikio finansinio planavimo poky\u010dius. \u0160ias sritis auditas \u012fvardijo kaip nedelsiant reikalaujan\u010dias projekto savinink\u0173 d\u0117mesio.<\/p>\n<p><strong>\u201eRail Baltica\u201c rezultatai 2019-aisiais<\/strong><\/p>\n<p>Nors auditas reikalauja ry\u017eting\u0173 \u201eRail Baltica\u201c \u012fgyvendinimo poky\u010di\u0173, 2019-aisiais rezultatai buvo svarb\u016bs ir ap\u010diuopiami. Bendras \u201eRail Baltica\u201c komandos \u2013 nacionalini\u0173 \u012fgyvendinan\u010di\u0173 institucij\u0173, naudos gav\u0117j\u0173, Europos Komisijos, bendros \u012fmon\u0117s ir tiek\u0117j\u0173 i\u0161 visos Europos \u2013 darbas leido:<\/p>\n<ul>\n<li>Prad\u0117ti 411 km ilgio pagrindin\u0117s linijos projektavimo darbus.<\/li>\n<li>Pasira\u0161yti \u0161e\u0161ias, 58 mln. EUR vert\u0117s, detaliojo techninio projektavimo sutartis su patyrusiomis tarptautin\u0117mis in\u017einerin\u0117mis kompanijomis.<\/li>\n<li>Prad\u0117ti projektuoti keleivi\u0173 terminalus Pernu ir Taline, projektuoti ir statyti Rygos centrin\u0119 stot\u012f.<\/li>\n<li>Prad\u0117ti \u201eRail Baltica\u201c terminalo Rygos tarptautiniame oro uoste statybos darb\u0173 pirkim\u0105.<\/li>\n<li>Prad\u0117ti keli\u0173 ir gele\u017einkeli\u0173 infrastrukt\u016bros statybos darbus Lietuvoje ir Estijoje.<\/li>\n<li>Pasist\u016bm\u0117ti vykdant erdvin\u012f planavim\u0105, \u012fskaitant ir \u017eem\u0117s pa\u0117mim\u0105, Lietuvoje: proced\u016bros u\u017ebaigtos ruo\u017ee Kaunas \u2013 Lietuvos-Latvijos v.s. ir prad\u0117tos ruo\u017ee Vilnius-Kaunas.<\/li>\n<li>Parengti \u201eRail Baltica\u201c traukini\u0173 eismo plan\u0105, kuris leis u\u017etikrinti greitojo gele\u017einkelio jungt\u012f tarp Baltijos \u0161ali\u0173 sostini\u0173 kas dvi valandas.<\/li>\n<li>Projektuoti \u201eRail Baltica\u201c skaitmeniniu b\u016bdu, pasitelkiant i\u0161manias technologijas.<\/li>\n<li>U\u017etikrinti 800 mln. eur\u0173 finansavim\u0105 ir prad\u0117ti rengti kitas CEF parai\u0161kas, kurios turi b\u016bti pateiktos iki 2020-\u0173j\u0173 vasario.<\/li>\n<li>2019-aisiais \u012f pagrindin\u0117s linijos projektavimo darbus \u012ftraukti a\u0161tuonias Baltijos \u0161ali\u0173 \u012fmones.<\/li>\n<li>2019-aisiais \u201eRB Rail AS\u201c \u012fvykdyti 66 pirkimus, kuri\u0173 bendra vert\u0117 yra 64,2 mln. eur\u0173. Anot \u201eRB Rail AS\u201c vykdytos tiek\u0117j\u0173 apklausos, beveik 70% teigia, kad pirkim\u0173 kokyb\u0117 yra auk\u0161ta arba labai auk\u0161ta.<\/li>\n<\/ul>\n\n                    <\/div>\n    <\/div>\n<\/section>\n\n\n\n<section\n    class=\"overflow-hidden py-5 md:pt-5 md:pb-10 align wp-block-button-cta-block !pt-[0]\"\n>\n    <div\n        class=\"container w-full relative flex flex-col items-start z-10\"\n    >\n        <div\n            class=\"w-full border-t border-dark pt-5 mt-4 md:mt-5 md:pt-10\"\n        >\n        <\/div>\n\n                    <a\n        href=\"\/lt\/naujienos\/\"\n                class=\"btn-outline-dark mx-auto\"\n    >\n        \n        Gr\u012f\u017eti \u012f visas naujienas\n        \n        \n    <\/a>\n            <\/div>\n<\/section>\n","protected":false},"excerpt":{"rendered":"<p>U\u017e \u201eRail Baltica\u201c \u012fgyvendinim\u0105 atsakinga bendra Baltijos \u0161ali\u0173 \u012fmon\u0117 \u201eRB Rail AS\u201c i\u0161samiai \u012fvertino bendro audito, kur\u012f pernai atliko Baltijos \u0161ali\u0173 auk\u0161\u010diausios valstybinio audito institucijos, i\u0161vadas.<\/p>\n","protected":false},"featured_media":12448,"template":"","news_category":[],"class_list":["post-12449","news","type-news","status-publish","has-post-thumbnail","hentry"],"acf":[],"yoast_head":"<!-- This site is optimized with the Yoast SEO plugin v27.5 - https:\/\/yoast.com\/product\/yoast-seo-wordpress\/ -->\n<title>\u201eRB Rail AS\u201c komentaras apie \u201eRail Baltica\u201c projekto bendro audito i\u0161vadas - RB<\/title>\n<meta name=\"robots\" content=\"index, follow, max-snippet:-1, max-image-preview:large, max-video-preview:-1\" \/>\n<link rel=\"canonical\" href=\"https:\/\/www.railbaltica.org\/naujienos\/statement-by-rb-rail-as-on-the-joint-audit-findings-about-implementation-of-the-rail-baltica-project\/\" \/>\n<meta property=\"og:locale\" content=\"lt_LT\" \/>\n<meta property=\"og:type\" content=\"article\" \/>\n<meta property=\"og:title\" content=\"\u201eRB Rail AS\u201c komentaras apie \u201eRail Baltica\u201c projekto bendro audito i\u0161vadas - RB\" \/>\n<meta property=\"og:description\" content=\"U\u017e \u201eRail Baltica\u201c \u012fgyvendinim\u0105 atsakinga bendra Baltijos \u0161ali\u0173 \u012fmon\u0117 \u201eRB Rail AS\u201c i\u0161samiai \u012fvertino bendro audito, kur\u012f pernai atliko Baltijos \u0161ali\u0173 auk\u0161\u010diausios valstybinio audito institucijos, i\u0161vadas.\" \/>\n<meta property=\"og:url\" content=\"https:\/\/www.railbaltica.org\/naujienos\/statement-by-rb-rail-as-on-the-joint-audit-findings-about-implementation-of-the-rail-baltica-project\/\" \/>\n<meta property=\"og:site_name\" content=\"RB\" \/>\n<meta property=\"article:modified_time\" content=\"2025-08-20T07:32:26+00:00\" \/>\n<meta property=\"og:image\" content=\"https:\/\/www.railbaltica.org\/wp-content\/uploads\/2025\/07\/shutterstock_495789754_web-scaled.jpg\" \/>\n\t<meta property=\"og:image:width\" content=\"2560\" \/>\n\t<meta property=\"og:image:height\" content=\"1439\" \/>\n\t<meta property=\"og:image:type\" content=\"image\/jpeg\" \/>\n<meta name=\"twitter:card\" content=\"summary_large_image\" \/>\n<script type=\"application\/ld+json\" class=\"yoast-schema-graph\">{\"@context\":\"https:\\\/\\\/schema.org\",\"@graph\":[{\"@type\":\"WebPage\",\"@id\":\"https:\\\/\\\/www.railbaltica.org\\\/naujienos\\\/statement-by-rb-rail-as-on-the-joint-audit-findings-about-implementation-of-the-rail-baltica-project\\\/\",\"url\":\"https:\\\/\\\/www.railbaltica.org\\\/naujienos\\\/statement-by-rb-rail-as-on-the-joint-audit-findings-about-implementation-of-the-rail-baltica-project\\\/\",\"name\":\"\u201eRB Rail AS\u201c komentaras apie \u201eRail Baltica\u201c projekto bendro audito i\u0161vadas - RB\",\"isPartOf\":{\"@id\":\"https:\\\/\\\/www.railbaltica.org\\\/#website\"},\"primaryImageOfPage\":{\"@id\":\"https:\\\/\\\/www.railbaltica.org\\\/naujienos\\\/statement-by-rb-rail-as-on-the-joint-audit-findings-about-implementation-of-the-rail-baltica-project\\\/#primaryimage\"},\"image\":{\"@id\":\"https:\\\/\\\/www.railbaltica.org\\\/naujienos\\\/statement-by-rb-rail-as-on-the-joint-audit-findings-about-implementation-of-the-rail-baltica-project\\\/#primaryimage\"},\"thumbnailUrl\":\"https:\\\/\\\/www.railbaltica.org\\\/wp-content\\\/uploads\\\/2025\\\/07\\\/shutterstock_495789754_web-scaled.jpg\",\"datePublished\":\"2020-01-07T06:13:05+00:00\",\"dateModified\":\"2025-08-20T07:32:26+00:00\",\"breadcrumb\":{\"@id\":\"https:\\\/\\\/www.railbaltica.org\\\/naujienos\\\/statement-by-rb-rail-as-on-the-joint-audit-findings-about-implementation-of-the-rail-baltica-project\\\/#breadcrumb\"},\"inLanguage\":\"lt-LT\",\"potentialAction\":[{\"@type\":\"ReadAction\",\"target\":[\"https:\\\/\\\/www.railbaltica.org\\\/naujienos\\\/statement-by-rb-rail-as-on-the-joint-audit-findings-about-implementation-of-the-rail-baltica-project\\\/\"]}]},{\"@type\":\"ImageObject\",\"inLanguage\":\"lt-LT\",\"@id\":\"https:\\\/\\\/www.railbaltica.org\\\/naujienos\\\/statement-by-rb-rail-as-on-the-joint-audit-findings-about-implementation-of-the-rail-baltica-project\\\/#primaryimage\",\"url\":\"https:\\\/\\\/www.railbaltica.org\\\/wp-content\\\/uploads\\\/2025\\\/07\\\/shutterstock_495789754_web-scaled.jpg\",\"contentUrl\":\"https:\\\/\\\/www.railbaltica.org\\\/wp-content\\\/uploads\\\/2025\\\/07\\\/shutterstock_495789754_web-scaled.jpg\",\"width\":2560,\"height\":1439},{\"@type\":\"BreadcrumbList\",\"@id\":\"https:\\\/\\\/www.railbaltica.org\\\/naujienos\\\/statement-by-rb-rail-as-on-the-joint-audit-findings-about-implementation-of-the-rail-baltica-project\\\/#breadcrumb\",\"itemListElement\":[{\"@type\":\"ListItem\",\"position\":1,\"name\":\"Home\",\"item\":\"https:\\\/\\\/www.railbaltica.org\\\/lt\\\/\"},{\"@type\":\"ListItem\",\"position\":2,\"name\":\"\u201eRB Rail AS\u201c komentaras apie \u201eRail Baltica\u201c projekto bendro audito i\u0161vadas\"}]},{\"@type\":\"WebSite\",\"@id\":\"https:\\\/\\\/www.railbaltica.org\\\/#website\",\"url\":\"https:\\\/\\\/www.railbaltica.org\\\/\",\"name\":\"RB\",\"description\":\"\",\"potentialAction\":[{\"@type\":\"SearchAction\",\"target\":{\"@type\":\"EntryPoint\",\"urlTemplate\":\"https:\\\/\\\/www.railbaltica.org\\\/?s={search_term_string}\"},\"query-input\":{\"@type\":\"PropertyValueSpecification\",\"valueRequired\":true,\"valueName\":\"search_term_string\"}}],\"inLanguage\":\"lt-LT\"}]}<\/script>\n<!-- \/ Yoast SEO plugin. -->","yoast_head_json":{"title":"\u201eRB Rail AS\u201c komentaras apie \u201eRail Baltica\u201c projekto bendro audito i\u0161vadas - RB","robots":{"index":"index","follow":"follow","max-snippet":"max-snippet:-1","max-image-preview":"max-image-preview:large","max-video-preview":"max-video-preview:-1"},"canonical":"https:\/\/www.railbaltica.org\/naujienos\/statement-by-rb-rail-as-on-the-joint-audit-findings-about-implementation-of-the-rail-baltica-project\/","og_locale":"lt_LT","og_type":"article","og_title":"\u201eRB Rail AS\u201c komentaras apie \u201eRail Baltica\u201c projekto bendro audito i\u0161vadas - RB","og_description":"U\u017e \u201eRail Baltica\u201c \u012fgyvendinim\u0105 atsakinga bendra Baltijos \u0161ali\u0173 \u012fmon\u0117 \u201eRB Rail AS\u201c i\u0161samiai \u012fvertino bendro audito, kur\u012f pernai atliko Baltijos \u0161ali\u0173 auk\u0161\u010diausios valstybinio audito institucijos, i\u0161vadas.","og_url":"https:\/\/www.railbaltica.org\/naujienos\/statement-by-rb-rail-as-on-the-joint-audit-findings-about-implementation-of-the-rail-baltica-project\/","og_site_name":"RB","article_modified_time":"2025-08-20T07:32:26+00:00","og_image":[{"width":2560,"height":1439,"url":"https:\/\/www.railbaltica.org\/wp-content\/uploads\/2025\/07\/shutterstock_495789754_web-scaled.jpg","type":"image\/jpeg"}],"twitter_card":"summary_large_image","schema":{"@context":"https:\/\/schema.org","@graph":[{"@type":"WebPage","@id":"https:\/\/www.railbaltica.org\/naujienos\/statement-by-rb-rail-as-on-the-joint-audit-findings-about-implementation-of-the-rail-baltica-project\/","url":"https:\/\/www.railbaltica.org\/naujienos\/statement-by-rb-rail-as-on-the-joint-audit-findings-about-implementation-of-the-rail-baltica-project\/","name":"\u201eRB Rail AS\u201c komentaras apie \u201eRail Baltica\u201c projekto bendro audito i\u0161vadas - RB","isPartOf":{"@id":"https:\/\/www.railbaltica.org\/#website"},"primaryImageOfPage":{"@id":"https:\/\/www.railbaltica.org\/naujienos\/statement-by-rb-rail-as-on-the-joint-audit-findings-about-implementation-of-the-rail-baltica-project\/#primaryimage"},"image":{"@id":"https:\/\/www.railbaltica.org\/naujienos\/statement-by-rb-rail-as-on-the-joint-audit-findings-about-implementation-of-the-rail-baltica-project\/#primaryimage"},"thumbnailUrl":"https:\/\/www.railbaltica.org\/wp-content\/uploads\/2025\/07\/shutterstock_495789754_web-scaled.jpg","datePublished":"2020-01-07T06:13:05+00:00","dateModified":"2025-08-20T07:32:26+00:00","breadcrumb":{"@id":"https:\/\/www.railbaltica.org\/naujienos\/statement-by-rb-rail-as-on-the-joint-audit-findings-about-implementation-of-the-rail-baltica-project\/#breadcrumb"},"inLanguage":"lt-LT","potentialAction":[{"@type":"ReadAction","target":["https:\/\/www.railbaltica.org\/naujienos\/statement-by-rb-rail-as-on-the-joint-audit-findings-about-implementation-of-the-rail-baltica-project\/"]}]},{"@type":"ImageObject","inLanguage":"lt-LT","@id":"https:\/\/www.railbaltica.org\/naujienos\/statement-by-rb-rail-as-on-the-joint-audit-findings-about-implementation-of-the-rail-baltica-project\/#primaryimage","url":"https:\/\/www.railbaltica.org\/wp-content\/uploads\/2025\/07\/shutterstock_495789754_web-scaled.jpg","contentUrl":"https:\/\/www.railbaltica.org\/wp-content\/uploads\/2025\/07\/shutterstock_495789754_web-scaled.jpg","width":2560,"height":1439},{"@type":"BreadcrumbList","@id":"https:\/\/www.railbaltica.org\/naujienos\/statement-by-rb-rail-as-on-the-joint-audit-findings-about-implementation-of-the-rail-baltica-project\/#breadcrumb","itemListElement":[{"@type":"ListItem","position":1,"name":"Home","item":"https:\/\/www.railbaltica.org\/lt\/"},{"@type":"ListItem","position":2,"name":"\u201eRB Rail AS\u201c komentaras apie \u201eRail Baltica\u201c projekto bendro audito i\u0161vadas"}]},{"@type":"WebSite","@id":"https:\/\/www.railbaltica.org\/#website","url":"https:\/\/www.railbaltica.org\/","name":"RB","description":"","potentialAction":[{"@type":"SearchAction","target":{"@type":"EntryPoint","urlTemplate":"https:\/\/www.railbaltica.org\/?s={search_term_string}"},"query-input":{"@type":"PropertyValueSpecification","valueRequired":true,"valueName":"search_term_string"}}],"inLanguage":"lt-LT"}]}},"_links":{"self":[{"href":"https:\/\/www.railbaltica.org\/lt\/wp-json\/wp\/v2\/news\/12449","targetHints":{"allow":["GET"]}}],"collection":[{"href":"https:\/\/www.railbaltica.org\/lt\/wp-json\/wp\/v2\/news"}],"about":[{"href":"https:\/\/www.railbaltica.org\/lt\/wp-json\/wp\/v2\/types\/news"}],"wp:featuredmedia":[{"embeddable":true,"href":"https:\/\/www.railbaltica.org\/lt\/wp-json\/wp\/v2\/media\/12448"}],"wp:attachment":[{"href":"https:\/\/www.railbaltica.org\/lt\/wp-json\/wp\/v2\/media?parent=12449"}],"wp:term":[{"taxonomy":"news_category","embeddable":true,"href":"https:\/\/www.railbaltica.org\/lt\/wp-json\/wp\/v2\/news_category?post=12449"}],"curies":[{"name":"wp","href":"https:\/\/api.w.org\/{rel}","templated":true}]}}