{"id":11893,"date":"2018-04-10T06:02:50","date_gmt":"2018-04-10T06:02:50","guid":{"rendered":"https:\/\/www.railbaltica.org\/news\/regiono-politiniai-lyderiai-ir-tarptautiniai-ekspertai-kasmetiniame-rail-baltica-global-forum-aptaria-rail-baltica-ambicijas\/"},"modified":"2025-08-20T07:33:06","modified_gmt":"2025-08-20T07:33:06","slug":"regiono-politiniai-lyderiai-ir-tarptautiniai-ekspertai-kasmetiniame-rail-baltica-global-forum-aptaria-rail-baltica-ambicijas","status":"publish","type":"news","link":"https:\/\/www.railbaltica.org\/lt\/naujienos\/regiono-politiniai-lyderiai-ir-tarptautiniai-ekspertai-kasmetiniame-rail-baltica-global-forum-aptaria-rail-baltica-ambicijas\/","title":{"rendered":"Regiono politiniai lyderiai ir tarptautiniai ekspertai kasmetiniame \u201eRail Baltica Global Forum\u201c aptaria \u201eRail Baltica\u201c ambicijas"},"content":{"rendered":"<section\n    class=\"align wp-block-hero-page-block relative flex overflow-hidden z-10 mt-20 md:mt-52\"\n>\n            <div\n            class=\"container md:!px-14\"\n        >\n            <div\n                class=\"bg-dark text-white rounded p-4 md:p-10\"\n            >\n                                <div\n    class=\"flex justify-between border-t pt-2.5 my-5 text-sm\"\n>\n    <span>Pasidalinkite naujienomis<\/span>\n    <ul\n        class=\"flex items-center gap-5\"\n    >\n        <li>\n            <a\n                href=\"https:\/\/www.facebook.com\/sharer\/sharer.php?u=https%3A%2F%2Fwww.railbaltica.org%2Flt%2Fnaujienos%2Fregiono-politiniai-lyderiai-ir-tarptautiniai-ekspertai-kasmetiniame-rail-baltica-global-forum-aptaria-rail-baltica-ambicijas%2F\"\n                target=\"_blank\"\n                rel=\"noopener noreferrer\"\n                aria-label=\"Share on Facebook\"\n                class=\"transition-opacity hover:opacity-75\"\n            >\n                <svg\n                    width=\"20\"\n                    height=\"20\"\n                    viewBox=\"0 0 20 20\"\n                    fill=\"none\"\n                    xmlns=\"http:\/\/www.w3.org\/2000\/svg\"\n                >\n                    <path\n                        d=\"M7.5 6.66667H5V10H7.5V20H11.6667V10H14.7017L15 6.66667H11.6667V5.2775C11.6667 4.48167 11.8267 4.16667 12.5958 4.16667H15V0H11.8267C8.83 0 7.5 1.31917 7.5 3.84583V6.66667Z\"\n                        fill=\"white\"\n                    \/>\n                <\/svg>\n            <\/a>\n        <\/li>\n        <li>\n            <a\n                href=\"https:\/\/twitter.com\/intent\/tweet?url=https%3A%2F%2Fwww.railbaltica.org%2Flt%2Fnaujienos%2Fregiono-politiniai-lyderiai-ir-tarptautiniai-ekspertai-kasmetiniame-rail-baltica-global-forum-aptaria-rail-baltica-ambicijas%2F&amp;text=Regiono+politiniai+lyderiai+ir+tarptautiniai+ekspertai+kasmetiniame+%E2%80%9ERail+Baltica+Global+Forum%E2%80%9C+aptaria+%E2%80%9ERail+Baltica%E2%80%9C+ambicijas\"\n                target=\"_blank\"\n                rel=\"noopener noreferrer\"\n                aria-label=\"Share on Twitter\"\n                class=\"transition-opacity hover:opacity-75\"\n            >\n                <svg\n                    width=\"20\"\n                    height=\"20\"\n                    viewBox=\"0 0 20 20\"\n                    fill=\"none\"\n                    xmlns=\"http:\/\/www.w3.org\/2000\/svg\"\n                >\n                    <path\n                        d=\"M14.7313 2.68748H17.238L11.763 8.88248L18.2038 17.3125H13.1597L9.20966 12.2L4.68966 17.3125H2.18299L8.03883 10.6866L1.86133 2.68665H7.03216L10.603 7.35998L14.7322 2.68665L14.7313 2.68748ZM13.8522 15.8275H15.2405L6.27716 4.09415H4.78716L13.8522 15.8275Z\"\n                        fill=\"white\"\n                    \/>\n                <\/svg>\n            <\/a>\n        <\/li>\n        <li>\n            <a\n                href=\"https:\/\/www.linkedin.com\/sharing\/share-offsite\/?url=https%3A%2F%2Fwww.railbaltica.org%2Flt%2Fnaujienos%2Fregiono-politiniai-lyderiai-ir-tarptautiniai-ekspertai-kasmetiniame-rail-baltica-global-forum-aptaria-rail-baltica-ambicijas%2F\"\n                target=\"_blank\"\n                rel=\"noopener noreferrer\"\n                aria-label=\"Share on LinkedIn\"\n                class=\"transition-opacity hover:opacity-75\"\n            >\n                <svg\n                    width=\"20\"\n                    height=\"20\"\n                    viewBox=\"0 0 20 20\"\n                    fill=\"none\"\n                    xmlns=\"http:\/\/www.w3.org\/2000\/svg\"\n                >\n                    <path\n                        d=\"M18.4097 0.000139829H1.46998C1.27956 -0.00250476 1.09049 0.0323869 0.913553 0.102822C0.73662 0.173257 0.575295 0.277857 0.438791 0.410646C0.302287 0.543436 0.193279 0.701814 0.11799 0.876737C0.0427018 1.05166 0.00260836 1.2397 0 1.43012V18.5699C0.00260836 18.7603 0.0427018 18.9483 0.11799 19.1233C0.193279 19.2982 0.302287 19.4566 0.438791 19.5894C0.575295 19.7221 0.73662 19.8267 0.913553 19.8972C1.09049 19.9676 1.27956 20.0025 1.46998 19.9999H18.4097C18.6002 20.0025 18.7892 19.9676 18.9662 19.8972C19.1431 19.8267 19.3044 19.7221 19.4409 19.5894C19.5774 19.4566 19.6864 19.2982 19.7617 19.1233C19.837 18.9483 19.8771 18.7603 19.8797 18.5699V1.43012C19.8771 1.2397 19.837 1.05166 19.7617 0.876737C19.6864 0.701814 19.5774 0.543436 19.4409 0.410646C19.3044 0.277857 19.1431 0.173257 18.9662 0.102822C18.7892 0.0323869 18.6002 -0.00250476 18.4097 0.000139829ZM6.02992 16.7399H3.02996V7.74003H6.02992V16.7399ZM4.52994 6.48005C4.1162 6.48005 3.71942 6.31569 3.42687 6.02314C3.13431 5.73059 2.96996 5.3338 2.96996 4.92007C2.96996 4.50634 3.13431 4.10955 3.42687 3.817C3.71942 3.52445 4.1162 3.36009 4.52994 3.36009C4.74963 3.33518 4.97211 3.35695 5.1828 3.42398C5.3935 3.491 5.58766 3.60178 5.75258 3.74905C5.91749 3.89632 6.04944 4.07676 6.13979 4.27856C6.23013 4.48036 6.27683 4.69897 6.27683 4.92007C6.27683 5.14117 6.23013 5.35978 6.13979 5.56158C6.04944 5.76338 5.91749 5.94382 5.75258 6.09109C5.58766 6.23836 5.3935 6.34914 5.1828 6.41617C4.97211 6.48319 4.74963 6.50496 4.52994 6.48005ZM16.8498 16.7399H13.8498V11.91C13.8498 10.7 13.4198 9.91 12.3298 9.91C11.9925 9.91247 11.664 10.0183 11.3887 10.2132C11.1133 10.4081 10.9043 10.6827 10.7899 11C10.7116 11.235 10.6777 11.4826 10.6899 11.73V16.7299H7.68989V7.73003H10.6899V9.00001C10.9624 8.52713 11.3587 8.13755 11.8363 7.87323C12.3138 7.60892 12.8544 7.47989 13.3998 7.50003C15.3998 7.50003 16.8498 8.79002 16.8498 11.56V16.7399Z\"\n                        fill=\"white\"\n                    \/>\n                <\/svg>\n            <\/a>\n        <\/li>\n        <li>\n            <button\n                type=\"button\"\n                class=\"copy-url-btn relative my-auto flex transition-opacity hover:opacity-75\"\n                data-url=\"https:\/\/www.railbaltica.org\/lt\/naujienos\/regiono-politiniai-lyderiai-ir-tarptautiniai-ekspertai-kasmetiniame-rail-baltica-global-forum-aptaria-rail-baltica-ambicijas\/\"\n            >\n                <svg\n                    width=\"21\"\n                    height=\"21\"\n                    viewBox=\"0 0 21 21\"\n                    fill=\"none\"\n                    xmlns=\"http:\/\/www.w3.org\/2000\/svg\"\n                >\n                    <path\n                        d=\"M10.5205 20C15.7661 20 20 15.7455 20 10.4795C20 5.23392 15.7661 1 10.5205 1M10.5205 20C5.25446 20 1 15.7455 1 10.4795C1 5.23392 5.25446 1 10.5205 1M10.5205 20V1M18.7429 5.75H2.26324M18.7958 15.1345H2.21035M1.05135 10.5H19.9486M10.5103 20C13.1333 20 15.25 15.7455 15.25 10.4795C15.25 5.23392 13.1333 1 10.5103 1C7.87697 1 5.75 5.23392 5.75 10.4795C5.75 15.7455 7.87697 20 10.5103 20Z\"\n                        stroke=\"white\"\n                        stroke-linecap=\"round\"\n                        stroke-linejoin=\"round\"\n                    \/>\n                <\/svg>\n                <span\n                    class=\"absolute hidden translate-x-[-10px] translate-y-[30px]\"\n                >Copied!<\/span>\n            <\/button>\n        <\/li>\n    <\/ul>\n<\/div>\n\n                                    <time\n                        datetime=\"\"\n                        class=\"mb-2.5 flex text-xl text-blue\"\n                    >\n                        10.04.2018\n                    <\/time>\n                \n                                    <h1 class='h1 max-w-198'>\n            Regiono politiniai lyderiai ir tarptautiniai ekspertai kasmetiniame \u201eRail Baltica Global Forum\u201c aptaria \u201eRail Baltica\u201c ambicijas\n        <\/h1>\n                \n                            <\/div>\n        <\/div>\n    <\/section>\n\n<section\n    class=\"overflow-hidden py-5 md:pt-10 md:pb-5 align wp-block-excerpt-block\"\n>\n    <div\n        class=\"container relative flex flex-col items-start z-10 md:text-xl lg:!px-4\"\n    >\n                    <div\n                class=\"textual w-full text-dark text-xl lg:px-12 md:mx-auto md:max-w-222 md:text-xl\"\n            >\n                \u0160iandien, baland\u017eio 10-\u0105j\u0105, prasid\u0117jo dvi dienas truksiantis \u201eRail Baltica Global Forum 2018\u201c renginys, organizuojamas bendros trij\u0173 Baltijos valstybi\u0173 bendrov\u0117s RB RAIL AS ir remiamas projekto \u012fgyvendinimo institucij\u0173 \u2013 \u201eRail Baltic Estonia\u201c, \u201eEiropas Dzelzce\u013ca l\u012bnijas\u201c Ir \u201eRail Baltica statyba\u201c. Tiesiogin\u0119 vaizdo transliacij\u0105 galima steb\u0117ti svetain\u0117je www.railbaltica.org\/forum.\n            <\/div>\n            <\/div>\n<\/section>\n<section\n    class=\"py-5 md:py-10 align wp-block-textual-block\"\n>\n    <div\n        class=\"container\"\n    >\n        <div\n            class=\"textual w-full text-xl text-dark break-words [&#038;_span]:!text-dark [&#038;_a]:!text-dark\"\n        >\n                            <p><strong><\/strong><strong>Tiesiogin\u0119 vaizdo transliacij\u0105 galima steb\u0117ti svetain\u0117je www.railbaltica.org\/forum.<\/strong><\/p>\n<p><strong><\/strong><\/p>\n\n                    <\/div>\n    <\/div>\n<\/section>\n\n\n<section\n    class=\"overflow-hidden py-5 md:pt-10 md:pb-5 align wp-block-image-block !pt-[0] !pb-[0]\"\n>\n    <div\n        class=\"container relative flex flex-col items-start z-10\"\n    >\n        <div\n            class=\"w-full text-lg text-dark\"\n        >\n                            <img decoding=\"async\"\n        src=\"https:\/\/www.railbaltica.org\/wp-content\/uploads\/2025\/07\/20180410_071303-scaled.jpg\"\n        alt=\"20180410_071303\"\n         title=\"20180410_071303\"         class=\"block w-auto h-auto max-w-full max-h-[600px]\"\n        loading=\"lazy\"\n    \/>\n                                <\/div>\n    <\/div>\n<\/section>\n\n\n<section\n    class=\"py-5 md:py-10 align wp-block-textual-block\"\n>\n    <div\n        class=\"container\"\n    >\n        <div\n            class=\"textual w-full text-xl text-dark break-words [&#038;_span]:!text-dark [&#038;_a]:!text-dark\"\n        >\n                            <p><\/strong><\/p>\n<p>\u201eThe Rail Baltica Global Forum 2018\u201c yra pagrindinis metuose tarptautinis \u201eRail Baltica\u201c projekto renginys, kurio metu bus aptariamas Rail Baltica vaidmuo \u0160iaur\u0117s j\u016bros\u2013Baltijos \u201eTEN-T\u201c pagrindinio tinklo koridoriuje, projekto pirkimai ir finansavimas bei strateginiai ir taktiniai projekto \u012fgyvendinimo klausimai i\u0161 nacionalin\u0117s, regionin\u0117s ir ES perspektyvos. Renginio metu taip pat bus siekiama pagerinti tiek\u0117j\u0173 tinkl\u0105.\u00a0<\/p>\n<p>Pirmoji Forumo diena bus skirta \u201eRail Baltica\u201c projekto eigos ir galimybi\u0173 aptarimui koncentruojantis ties transeuropinio transporto tinklo koridoriais. Dienos metu bus aptariamas galimas ES transporto projekt\u0173 finansavimas po 2020 m. ir jo poveikis \u201eRail Baltica\u201c, taip pat \u012fvairi\u0173 kit\u0173 tarpvalstybini\u0173 projekt\u0173 metu \u012fgyta patirtis ir \u201eRail Baltica\u201c svarba Suomijai. Pirmoji renginio diena suburs eil\u0119 auk\u0161to lygio valstyb\u0117s pareig\u016bn\u0173 ir nuomoni\u0173 lyderi\u0173, taip pat pramon\u0117s atstovus i\u0161 Baltijos \u0161ali\u0173, Lenkijos, Suomijos, ES Komisijos ir Parlamento. \u0160i\u0105 dien\u0105 Forume dalyvauja tik kviestiniai asmenys.<\/p>\n<p>Pirm\u0105j\u0105 Forumo dien\u0105 geriausiomis id\u0117jomis, patirtimi ir sprendimais tolesniam projekto \u201eRail Baltica Global\u201c \u012fgyvendinimui dalinsis daugiau nei 15 prane\u0161\u0117j\u0173 i\u0161 visos Europos.<\/p>\n<p>Savo dalyvavim\u0105 pirm\u0105j\u0105 \u201eRail Baltica Global Forum 2018\u201c dien\u0105 patvirtino Estijos Respublikos Ministras pirmininkas <strong>J\u00fcri Ratas, <\/strong>Latvijos Respublikos Transporto ministras <strong>Uldis Augulis<\/strong>, Lietuvos Respublikos Susisiekimo ministras <strong>Rokas Masiulis<\/strong>, Lenkijos Respublikos Infrastrukt\u016bros ir statybos ministerijos valstyb\u0117s sekretorius <strong>Andrzej Bittel<\/strong> ir \u0160vedijos Karalyst\u0117s Verslo ir inovacij\u0173 ministerijos valstyb\u0117s sekretorius <strong>Mattias Landgren<\/strong>.<\/p>\n<p>RB RAIL AS generalin\u0117 direktor\u0117 ir valdybos pirminink\u0117 <strong>Baiba Rubesa<\/strong> prane\u0161 apie \u201eRail Baltica Global Project\u201c \u012fgyvendinimo pa\u017eang\u0105, pristatys Baltijos \u0161ali\u0173 mobilumo modelius bei \u201eRail Baltica\u201c vaidmens ateityje vizij\u0105. \u00a0<\/p>\n<p>Atsi\u017evelgiant \u012f pasaulin\u012f projekto mast\u0105, taip pat Europos S\u0105jungos l\u0117\u0161\u0173 svarb\u0105 programos \u012fgyvendinimui, Europos Parlamento biud\u017eeto komiteto pirmininko pavaduotojas <strong>Petri Sarvamaa<\/strong> aptars kitos ES daugiamet\u0117s finansin\u0117s programos l\u016bkes\u010dius. ES Komisijos DB MOVE direktorius investicijoms, inovatyviam ir tvariam transportui <strong>Herald Ruijters<\/strong> kalb\u0117s apie priemones finansuoti CEF transport\u0105. Tuo tarpu DG REGIO Pa\u017eangiojo ir tvaraus augimo skyriaus vadovas <strong>Peter Berkovitz<\/strong> pasidalins \u012f\u017evalgomis apie sanglaudos fond\u0173 panaudojim\u0105 transporto projektams.<\/p>\n<p>Dar vienas \u201eRail Baltica\u201c projekto aspektas yra krovini\u0173 gabenimo galimyb\u0117s. Suomijos Transporto ir ry\u0161i\u0173 tinkl\u0173 ministerijos departamento direktor\u0117 <strong>Sabrina Lindstr\u00f6m <\/strong>atsakys \u012f klausim\u0105, kod\u0117l \u201eRail Baltica\u201c yra svarbus projektas Suomijai. \u201eCivitta International\u201c ir \u201eCivita Estonia\u201c partneris <strong>Meelis Niinepuu<\/strong> ir \u201eFinEst Link Project\u201c projekto direktorius <strong>Kari Ruohonen<\/strong> aptars \u201eMuuga Terminal\u201c tyrimo rezultatus ir \u201eFinEst Link\u201c projekto poveik\u012f \u201eRail Baltica\u201c. Tuo tarpu \u0160anchajaus tarptautini\u0173 studij\u0173 instituto (SIIS) vyresnysis partneris <strong>Baozhi Cheng<\/strong> pasidalins tarptautine projekto \u201ePolar Silk Road\u201c perspektyva ir pristatys krovini\u0173 pramonei si\u016blomas galimybes.<\/p>\n<p>Diskusijoje apie tarpvalstybinio transporto megaprojekt\u0173 \u012fgyvendinim\u0105 ir valdym\u0105 dalyvaus Lidso universiteto Civilin\u0117s in\u017einerijos mokyklos partneris <strong>Tistano Sainati<\/strong> (Did\u017eioji Britanija), GYSEV Zrt. vyresnysis patar\u0117jas tarptautini\u0173 projekt\u0173 klausimais <strong>Gerhard Troche<\/strong> (Vengrija) ir ATKINS strategijos ir tarptautin\u0117s pl\u0117tros direktorius <strong>Chris Docker<\/strong> (Did\u017eioji Britanija), kurie taip pat aptars svarbiausias projekto \u201eRail Baltica\u201c pamokas.<\/p>\n<p>Antroji Forumo diena \u2013 Pramon\u0117s tiek\u0117j\u0173 diena \u2013 baland\u017eio 11-\u0105j\u0105 bus skirta vie\u0161\u0173j\u0173 pirkim\u0173 temoms, kurias nagrin\u0117s dalyviai i\u0161 daugiau nei 300 \u012fvairi\u0173 bendrovi\u0173, atstovaujan\u010di\u0173 24 pasaulio valstyb\u0117ms. \u0160i\u0105 dien\u0105 bus pristatytos \u201eRail Baltica\u201c dizaino gair\u0117s, pagrindiniai projektavimo konkursai 2018 m., taip pat pateiktas i\u0161samus 2018 m. projekto vie\u0161\u0173j\u0173 pirkim\u0173 planas.<\/p>\n\n                    <\/div>\n    <\/div>\n<\/section>\n\n\n\n<section\n    class=\"overflow-hidden py-5 md:pt-5 md:pb-10 align wp-block-button-cta-block !pt-[0]\"\n>\n    <div\n        class=\"container w-full relative flex flex-col items-start z-10\"\n    >\n        <div\n            class=\"w-full border-t border-dark pt-5 mt-4 md:mt-5 md:pt-10\"\n        >\n        <\/div>\n\n                    <a\n        href=\"\/lt\/naujienos\/\"\n                class=\"btn-outline-dark mx-auto\"\n    >\n        \n        Gr\u012f\u017eti \u012f visas naujienas\n        \n        \n    <\/a>\n            <\/div>\n<\/section>\n","protected":false},"excerpt":{"rendered":"<p>\u0160iandien, baland\u017eio 10-\u0105j\u0105, prasid\u0117jo dvi dienas truksiantis \u201eRail Baltica Global Forum 2018\u201c renginys, organizuojamas bendros trij\u0173 Baltijos valstybi\u0173 bendrov\u0117s RB RAIL AS ir remiamas projekto \u012fgyvendinimo institucij\u0173 \u2013 \u201eRail Baltic Estonia\u201c, \u201eEiropas Dzelzce\u013ca l\u012bnijas\u201c Ir \u201eRail Baltica statyba\u201c. Tiesiogin\u0119 vaizdo transliacij\u0105 galima steb\u0117ti svetain\u0117je www.railbaltica.org\/forum.<\/p>\n","protected":false},"featured_media":11890,"template":"","news_category":[],"class_list":["post-11893","news","type-news","status-publish","has-post-thumbnail","hentry"],"acf":[],"yoast_head":"<!-- This site is optimized with the Yoast SEO plugin v27.5 - https:\/\/yoast.com\/product\/yoast-seo-wordpress\/ -->\n<title>Regiono politiniai lyderiai ir tarptautiniai ekspertai kasmetiniame \u201eRail Baltica Global Forum\u201c aptaria \u201eRail Baltica\u201c ambicijas - RB<\/title>\n<meta name=\"robots\" content=\"index, follow, max-snippet:-1, max-image-preview:large, max-video-preview:-1\" \/>\n<link rel=\"canonical\" href=\"https:\/\/www.railbaltica.org\/naujienos\/regional-political-leaders-and-international-experts-discuss-the-rail-baltica-ambitions-at-the-annual-rail-baltica-global-forum\/\" \/>\n<meta property=\"og:locale\" content=\"lt_LT\" \/>\n<meta property=\"og:type\" content=\"article\" \/>\n<meta property=\"og:title\" content=\"Regiono politiniai lyderiai ir tarptautiniai ekspertai kasmetiniame \u201eRail Baltica Global Forum\u201c aptaria \u201eRail Baltica\u201c ambicijas - RB\" \/>\n<meta property=\"og:description\" content=\"\u0160iandien, baland\u017eio 10-\u0105j\u0105, prasid\u0117jo dvi dienas truksiantis \u201eRail Baltica Global Forum 2018\u201c renginys, organizuojamas bendros trij\u0173 Baltijos valstybi\u0173 bendrov\u0117s RB RAIL AS ir remiamas projekto \u012fgyvendinimo institucij\u0173 \u2013 \u201eRail Baltic Estonia\u201c, \u201eEiropas Dzelzce\u013ca l\u012bnijas\u201c Ir \u201eRail Baltica statyba\u201c. Tiesiogin\u0119 vaizdo transliacij\u0105 galima steb\u0117ti svetain\u0117je www.railbaltica.org\/forum.\" \/>\n<meta property=\"og:url\" content=\"https:\/\/www.railbaltica.org\/naujienos\/regional-political-leaders-and-international-experts-discuss-the-rail-baltica-ambitions-at-the-annual-rail-baltica-global-forum\/\" \/>\n<meta property=\"og:site_name\" content=\"RB\" \/>\n<meta property=\"article:modified_time\" content=\"2025-08-20T07:33:06+00:00\" \/>\n<meta property=\"og:image\" content=\"https:\/\/www.railbaltica.org\/wp-content\/uploads\/2025\/07\/20180410_071303-scaled.jpg\" \/>\n\t<meta property=\"og:image:width\" content=\"2560\" \/>\n\t<meta property=\"og:image:height\" content=\"1920\" \/>\n\t<meta property=\"og:image:type\" content=\"image\/jpeg\" \/>\n<meta name=\"twitter:card\" content=\"summary_large_image\" \/>\n<script type=\"application\/ld+json\" class=\"yoast-schema-graph\">{\"@context\":\"https:\\\/\\\/schema.org\",\"@graph\":[{\"@type\":\"WebPage\",\"@id\":\"https:\\\/\\\/www.railbaltica.org\\\/naujienos\\\/regional-political-leaders-and-international-experts-discuss-the-rail-baltica-ambitions-at-the-annual-rail-baltica-global-forum\\\/\",\"url\":\"https:\\\/\\\/www.railbaltica.org\\\/naujienos\\\/regional-political-leaders-and-international-experts-discuss-the-rail-baltica-ambitions-at-the-annual-rail-baltica-global-forum\\\/\",\"name\":\"Regiono politiniai lyderiai ir tarptautiniai ekspertai kasmetiniame \u201eRail Baltica Global Forum\u201c aptaria \u201eRail Baltica\u201c ambicijas - RB\",\"isPartOf\":{\"@id\":\"https:\\\/\\\/www.railbaltica.org\\\/#website\"},\"primaryImageOfPage\":{\"@id\":\"https:\\\/\\\/www.railbaltica.org\\\/naujienos\\\/regional-political-leaders-and-international-experts-discuss-the-rail-baltica-ambitions-at-the-annual-rail-baltica-global-forum\\\/#primaryimage\"},\"image\":{\"@id\":\"https:\\\/\\\/www.railbaltica.org\\\/naujienos\\\/regional-political-leaders-and-international-experts-discuss-the-rail-baltica-ambitions-at-the-annual-rail-baltica-global-forum\\\/#primaryimage\"},\"thumbnailUrl\":\"https:\\\/\\\/www.railbaltica.org\\\/wp-content\\\/uploads\\\/2025\\\/07\\\/20180410_071303-scaled.jpg\",\"datePublished\":\"2018-04-10T06:02:50+00:00\",\"dateModified\":\"2025-08-20T07:33:06+00:00\",\"breadcrumb\":{\"@id\":\"https:\\\/\\\/www.railbaltica.org\\\/naujienos\\\/regional-political-leaders-and-international-experts-discuss-the-rail-baltica-ambitions-at-the-annual-rail-baltica-global-forum\\\/#breadcrumb\"},\"inLanguage\":\"lt-LT\",\"potentialAction\":[{\"@type\":\"ReadAction\",\"target\":[\"https:\\\/\\\/www.railbaltica.org\\\/naujienos\\\/regional-political-leaders-and-international-experts-discuss-the-rail-baltica-ambitions-at-the-annual-rail-baltica-global-forum\\\/\"]}]},{\"@type\":\"ImageObject\",\"inLanguage\":\"lt-LT\",\"@id\":\"https:\\\/\\\/www.railbaltica.org\\\/naujienos\\\/regional-political-leaders-and-international-experts-discuss-the-rail-baltica-ambitions-at-the-annual-rail-baltica-global-forum\\\/#primaryimage\",\"url\":\"https:\\\/\\\/www.railbaltica.org\\\/wp-content\\\/uploads\\\/2025\\\/07\\\/20180410_071303-scaled.jpg\",\"contentUrl\":\"https:\\\/\\\/www.railbaltica.org\\\/wp-content\\\/uploads\\\/2025\\\/07\\\/20180410_071303-scaled.jpg\",\"width\":2560,\"height\":1920},{\"@type\":\"BreadcrumbList\",\"@id\":\"https:\\\/\\\/www.railbaltica.org\\\/naujienos\\\/regional-political-leaders-and-international-experts-discuss-the-rail-baltica-ambitions-at-the-annual-rail-baltica-global-forum\\\/#breadcrumb\",\"itemListElement\":[{\"@type\":\"ListItem\",\"position\":1,\"name\":\"Home\",\"item\":\"https:\\\/\\\/www.railbaltica.org\\\/lt\\\/\"},{\"@type\":\"ListItem\",\"position\":2,\"name\":\"Regiono politiniai lyderiai ir tarptautiniai ekspertai kasmetiniame \u201eRail Baltica Global Forum\u201c aptaria \u201eRail Baltica\u201c ambicijas\"}]},{\"@type\":\"WebSite\",\"@id\":\"https:\\\/\\\/www.railbaltica.org\\\/#website\",\"url\":\"https:\\\/\\\/www.railbaltica.org\\\/\",\"name\":\"RB\",\"description\":\"\",\"potentialAction\":[{\"@type\":\"SearchAction\",\"target\":{\"@type\":\"EntryPoint\",\"urlTemplate\":\"https:\\\/\\\/www.railbaltica.org\\\/?s={search_term_string}\"},\"query-input\":{\"@type\":\"PropertyValueSpecification\",\"valueRequired\":true,\"valueName\":\"search_term_string\"}}],\"inLanguage\":\"lt-LT\"}]}<\/script>\n<!-- \/ Yoast SEO plugin. -->","yoast_head_json":{"title":"Regiono politiniai lyderiai ir tarptautiniai ekspertai kasmetiniame \u201eRail Baltica Global Forum\u201c aptaria \u201eRail Baltica\u201c ambicijas - RB","robots":{"index":"index","follow":"follow","max-snippet":"max-snippet:-1","max-image-preview":"max-image-preview:large","max-video-preview":"max-video-preview:-1"},"canonical":"https:\/\/www.railbaltica.org\/naujienos\/regional-political-leaders-and-international-experts-discuss-the-rail-baltica-ambitions-at-the-annual-rail-baltica-global-forum\/","og_locale":"lt_LT","og_type":"article","og_title":"Regiono politiniai lyderiai ir tarptautiniai ekspertai kasmetiniame \u201eRail Baltica Global Forum\u201c aptaria \u201eRail Baltica\u201c ambicijas - RB","og_description":"\u0160iandien, baland\u017eio 10-\u0105j\u0105, prasid\u0117jo dvi dienas truksiantis \u201eRail Baltica Global Forum 2018\u201c renginys, organizuojamas bendros trij\u0173 Baltijos valstybi\u0173 bendrov\u0117s RB RAIL AS ir remiamas projekto \u012fgyvendinimo institucij\u0173 \u2013 \u201eRail Baltic Estonia\u201c, \u201eEiropas Dzelzce\u013ca l\u012bnijas\u201c Ir \u201eRail Baltica statyba\u201c. Tiesiogin\u0119 vaizdo transliacij\u0105 galima steb\u0117ti svetain\u0117je www.railbaltica.org\/forum.","og_url":"https:\/\/www.railbaltica.org\/naujienos\/regional-political-leaders-and-international-experts-discuss-the-rail-baltica-ambitions-at-the-annual-rail-baltica-global-forum\/","og_site_name":"RB","article_modified_time":"2025-08-20T07:33:06+00:00","og_image":[{"width":2560,"height":1920,"url":"https:\/\/www.railbaltica.org\/wp-content\/uploads\/2025\/07\/20180410_071303-scaled.jpg","type":"image\/jpeg"}],"twitter_card":"summary_large_image","schema":{"@context":"https:\/\/schema.org","@graph":[{"@type":"WebPage","@id":"https:\/\/www.railbaltica.org\/naujienos\/regional-political-leaders-and-international-experts-discuss-the-rail-baltica-ambitions-at-the-annual-rail-baltica-global-forum\/","url":"https:\/\/www.railbaltica.org\/naujienos\/regional-political-leaders-and-international-experts-discuss-the-rail-baltica-ambitions-at-the-annual-rail-baltica-global-forum\/","name":"Regiono politiniai lyderiai ir tarptautiniai ekspertai kasmetiniame \u201eRail Baltica Global Forum\u201c aptaria \u201eRail Baltica\u201c ambicijas - RB","isPartOf":{"@id":"https:\/\/www.railbaltica.org\/#website"},"primaryImageOfPage":{"@id":"https:\/\/www.railbaltica.org\/naujienos\/regional-political-leaders-and-international-experts-discuss-the-rail-baltica-ambitions-at-the-annual-rail-baltica-global-forum\/#primaryimage"},"image":{"@id":"https:\/\/www.railbaltica.org\/naujienos\/regional-political-leaders-and-international-experts-discuss-the-rail-baltica-ambitions-at-the-annual-rail-baltica-global-forum\/#primaryimage"},"thumbnailUrl":"https:\/\/www.railbaltica.org\/wp-content\/uploads\/2025\/07\/20180410_071303-scaled.jpg","datePublished":"2018-04-10T06:02:50+00:00","dateModified":"2025-08-20T07:33:06+00:00","breadcrumb":{"@id":"https:\/\/www.railbaltica.org\/naujienos\/regional-political-leaders-and-international-experts-discuss-the-rail-baltica-ambitions-at-the-annual-rail-baltica-global-forum\/#breadcrumb"},"inLanguage":"lt-LT","potentialAction":[{"@type":"ReadAction","target":["https:\/\/www.railbaltica.org\/naujienos\/regional-political-leaders-and-international-experts-discuss-the-rail-baltica-ambitions-at-the-annual-rail-baltica-global-forum\/"]}]},{"@type":"ImageObject","inLanguage":"lt-LT","@id":"https:\/\/www.railbaltica.org\/naujienos\/regional-political-leaders-and-international-experts-discuss-the-rail-baltica-ambitions-at-the-annual-rail-baltica-global-forum\/#primaryimage","url":"https:\/\/www.railbaltica.org\/wp-content\/uploads\/2025\/07\/20180410_071303-scaled.jpg","contentUrl":"https:\/\/www.railbaltica.org\/wp-content\/uploads\/2025\/07\/20180410_071303-scaled.jpg","width":2560,"height":1920},{"@type":"BreadcrumbList","@id":"https:\/\/www.railbaltica.org\/naujienos\/regional-political-leaders-and-international-experts-discuss-the-rail-baltica-ambitions-at-the-annual-rail-baltica-global-forum\/#breadcrumb","itemListElement":[{"@type":"ListItem","position":1,"name":"Home","item":"https:\/\/www.railbaltica.org\/lt\/"},{"@type":"ListItem","position":2,"name":"Regiono politiniai lyderiai ir tarptautiniai ekspertai kasmetiniame \u201eRail Baltica Global Forum\u201c aptaria \u201eRail Baltica\u201c ambicijas"}]},{"@type":"WebSite","@id":"https:\/\/www.railbaltica.org\/#website","url":"https:\/\/www.railbaltica.org\/","name":"RB","description":"","potentialAction":[{"@type":"SearchAction","target":{"@type":"EntryPoint","urlTemplate":"https:\/\/www.railbaltica.org\/?s={search_term_string}"},"query-input":{"@type":"PropertyValueSpecification","valueRequired":true,"valueName":"search_term_string"}}],"inLanguage":"lt-LT"}]}},"_links":{"self":[{"href":"https:\/\/www.railbaltica.org\/lt\/wp-json\/wp\/v2\/news\/11893","targetHints":{"allow":["GET"]}}],"collection":[{"href":"https:\/\/www.railbaltica.org\/lt\/wp-json\/wp\/v2\/news"}],"about":[{"href":"https:\/\/www.railbaltica.org\/lt\/wp-json\/wp\/v2\/types\/news"}],"wp:featuredmedia":[{"embeddable":true,"href":"https:\/\/www.railbaltica.org\/lt\/wp-json\/wp\/v2\/media\/11890"}],"wp:attachment":[{"href":"https:\/\/www.railbaltica.org\/lt\/wp-json\/wp\/v2\/media?parent=11893"}],"wp:term":[{"taxonomy":"news_category","embeddable":true,"href":"https:\/\/www.railbaltica.org\/lt\/wp-json\/wp\/v2\/news_category?post=11893"}],"curies":[{"name":"wp","href":"https:\/\/api.w.org\/{rel}","templated":true}]}}