{"id":11884,"date":"2018-04-10T07:40:27","date_gmt":"2018-04-10T07:40:27","guid":{"rendered":"https:\/\/www.railbaltica.org\/news\/komisares-violetos-bulc-vaizdo-pranesimas-rail-baltica-globaliam-forumui\/"},"modified":"2025-08-20T07:33:05","modified_gmt":"2025-08-20T07:33:05","slug":"komisares-violetos-bulc-vaizdo-pranesimas-rail-baltica-globaliam-forumui","status":"publish","type":"news","link":"https:\/\/www.railbaltica.org\/lt\/naujienos\/komisares-violetos-bulc-vaizdo-pranesimas-rail-baltica-globaliam-forumui\/","title":{"rendered":"Komisar\u0117s Violetos Bulc vaizdo prane\u0161imas Rail Baltica Globaliam forumui"},"content":{"rendered":"<section\n    class=\"align wp-block-hero-page-block relative flex overflow-hidden z-10 mt-20 md:mt-52\"\n>\n            <div\n            class=\"container md:!px-14\"\n        >\n            <div\n                class=\"bg-dark text-white rounded p-4 md:p-10\"\n            >\n                                <div\n    class=\"flex justify-between border-t pt-2.5 my-5 text-sm\"\n>\n    <span>Pasidalinkite naujienomis<\/span>\n    <ul\n        class=\"flex items-center gap-5\"\n    >\n        <li>\n            <a\n                href=\"https:\/\/www.facebook.com\/sharer\/sharer.php?u=https%3A%2F%2Fwww.railbaltica.org%2Flt%2Fnaujienos%2Fkomisares-violetos-bulc-vaizdo-pranesimas-rail-baltica-globaliam-forumui%2F\"\n                target=\"_blank\"\n                rel=\"noopener noreferrer\"\n                aria-label=\"Share on Facebook\"\n                class=\"transition-opacity hover:opacity-75\"\n            >\n                <svg\n                    width=\"20\"\n                    height=\"20\"\n                    viewBox=\"0 0 20 20\"\n                    fill=\"none\"\n                    xmlns=\"http:\/\/www.w3.org\/2000\/svg\"\n                >\n                    <path\n                        d=\"M7.5 6.66667H5V10H7.5V20H11.6667V10H14.7017L15 6.66667H11.6667V5.2775C11.6667 4.48167 11.8267 4.16667 12.5958 4.16667H15V0H11.8267C8.83 0 7.5 1.31917 7.5 3.84583V6.66667Z\"\n                        fill=\"white\"\n                    \/>\n                <\/svg>\n            <\/a>\n        <\/li>\n        <li>\n            <a\n                href=\"https:\/\/twitter.com\/intent\/tweet?url=https%3A%2F%2Fwww.railbaltica.org%2Flt%2Fnaujienos%2Fkomisares-violetos-bulc-vaizdo-pranesimas-rail-baltica-globaliam-forumui%2F&amp;text=Komisar%C4%97s+Violetos+Bulc+vaizdo+prane%C5%A1imas+Rail+Baltica+Globaliam+forumui\"\n                target=\"_blank\"\n                rel=\"noopener noreferrer\"\n                aria-label=\"Share on Twitter\"\n                class=\"transition-opacity hover:opacity-75\"\n            >\n                <svg\n                    width=\"20\"\n                    height=\"20\"\n                    viewBox=\"0 0 20 20\"\n                    fill=\"none\"\n                    xmlns=\"http:\/\/www.w3.org\/2000\/svg\"\n                >\n                    <path\n                        d=\"M14.7313 2.68748H17.238L11.763 8.88248L18.2038 17.3125H13.1597L9.20966 12.2L4.68966 17.3125H2.18299L8.03883 10.6866L1.86133 2.68665H7.03216L10.603 7.35998L14.7322 2.68665L14.7313 2.68748ZM13.8522 15.8275H15.2405L6.27716 4.09415H4.78716L13.8522 15.8275Z\"\n                        fill=\"white\"\n                    \/>\n                <\/svg>\n            <\/a>\n        <\/li>\n        <li>\n            <a\n                href=\"https:\/\/www.linkedin.com\/sharing\/share-offsite\/?url=https%3A%2F%2Fwww.railbaltica.org%2Flt%2Fnaujienos%2Fkomisares-violetos-bulc-vaizdo-pranesimas-rail-baltica-globaliam-forumui%2F\"\n                target=\"_blank\"\n                rel=\"noopener noreferrer\"\n                aria-label=\"Share on LinkedIn\"\n                class=\"transition-opacity hover:opacity-75\"\n            >\n                <svg\n                    width=\"20\"\n                    height=\"20\"\n                    viewBox=\"0 0 20 20\"\n                    fill=\"none\"\n                    xmlns=\"http:\/\/www.w3.org\/2000\/svg\"\n                >\n                    <path\n                        d=\"M18.4097 0.000139829H1.46998C1.27956 -0.00250476 1.09049 0.0323869 0.913553 0.102822C0.73662 0.173257 0.575295 0.277857 0.438791 0.410646C0.302287 0.543436 0.193279 0.701814 0.11799 0.876737C0.0427018 1.05166 0.00260836 1.2397 0 1.43012V18.5699C0.00260836 18.7603 0.0427018 18.9483 0.11799 19.1233C0.193279 19.2982 0.302287 19.4566 0.438791 19.5894C0.575295 19.7221 0.73662 19.8267 0.913553 19.8972C1.09049 19.9676 1.27956 20.0025 1.46998 19.9999H18.4097C18.6002 20.0025 18.7892 19.9676 18.9662 19.8972C19.1431 19.8267 19.3044 19.7221 19.4409 19.5894C19.5774 19.4566 19.6864 19.2982 19.7617 19.1233C19.837 18.9483 19.8771 18.7603 19.8797 18.5699V1.43012C19.8771 1.2397 19.837 1.05166 19.7617 0.876737C19.6864 0.701814 19.5774 0.543436 19.4409 0.410646C19.3044 0.277857 19.1431 0.173257 18.9662 0.102822C18.7892 0.0323869 18.6002 -0.00250476 18.4097 0.000139829ZM6.02992 16.7399H3.02996V7.74003H6.02992V16.7399ZM4.52994 6.48005C4.1162 6.48005 3.71942 6.31569 3.42687 6.02314C3.13431 5.73059 2.96996 5.3338 2.96996 4.92007C2.96996 4.50634 3.13431 4.10955 3.42687 3.817C3.71942 3.52445 4.1162 3.36009 4.52994 3.36009C4.74963 3.33518 4.97211 3.35695 5.1828 3.42398C5.3935 3.491 5.58766 3.60178 5.75258 3.74905C5.91749 3.89632 6.04944 4.07676 6.13979 4.27856C6.23013 4.48036 6.27683 4.69897 6.27683 4.92007C6.27683 5.14117 6.23013 5.35978 6.13979 5.56158C6.04944 5.76338 5.91749 5.94382 5.75258 6.09109C5.58766 6.23836 5.3935 6.34914 5.1828 6.41617C4.97211 6.48319 4.74963 6.50496 4.52994 6.48005ZM16.8498 16.7399H13.8498V11.91C13.8498 10.7 13.4198 9.91 12.3298 9.91C11.9925 9.91247 11.664 10.0183 11.3887 10.2132C11.1133 10.4081 10.9043 10.6827 10.7899 11C10.7116 11.235 10.6777 11.4826 10.6899 11.73V16.7299H7.68989V7.73003H10.6899V9.00001C10.9624 8.52713 11.3587 8.13755 11.8363 7.87323C12.3138 7.60892 12.8544 7.47989 13.3998 7.50003C15.3998 7.50003 16.8498 8.79002 16.8498 11.56V16.7399Z\"\n                        fill=\"white\"\n                    \/>\n                <\/svg>\n            <\/a>\n        <\/li>\n        <li>\n            <button\n                type=\"button\"\n                class=\"copy-url-btn relative my-auto flex transition-opacity hover:opacity-75\"\n                data-url=\"https:\/\/www.railbaltica.org\/lt\/naujienos\/komisares-violetos-bulc-vaizdo-pranesimas-rail-baltica-globaliam-forumui\/\"\n            >\n                <svg\n                    width=\"21\"\n                    height=\"21\"\n                    viewBox=\"0 0 21 21\"\n                    fill=\"none\"\n                    xmlns=\"http:\/\/www.w3.org\/2000\/svg\"\n                >\n                    <path\n                        d=\"M10.5205 20C15.7661 20 20 15.7455 20 10.4795C20 5.23392 15.7661 1 10.5205 1M10.5205 20C5.25446 20 1 15.7455 1 10.4795C1 5.23392 5.25446 1 10.5205 1M10.5205 20V1M18.7429 5.75H2.26324M18.7958 15.1345H2.21035M1.05135 10.5H19.9486M10.5103 20C13.1333 20 15.25 15.7455 15.25 10.4795C15.25 5.23392 13.1333 1 10.5103 1C7.87697 1 5.75 5.23392 5.75 10.4795C5.75 15.7455 7.87697 20 10.5103 20Z\"\n                        stroke=\"white\"\n                        stroke-linecap=\"round\"\n                        stroke-linejoin=\"round\"\n                    \/>\n                <\/svg>\n                <span\n                    class=\"absolute hidden translate-x-[-10px] translate-y-[30px]\"\n                >Copied!<\/span>\n            <\/button>\n        <\/li>\n    <\/ul>\n<\/div>\n\n                                    <time\n                        datetime=\"\"\n                        class=\"mb-2.5 flex text-xl text-blue\"\n                    >\n                        10.04.2018\n                    <\/time>\n                \n                                    <h1 class='h1 max-w-198'>\n            Komisar\u0117s Violetos Bulc vaizdo prane\u0161imas Rail Baltica Globaliam forumui\n        <\/h1>\n                \n                            <\/div>\n        <\/div>\n    <\/section>\n\n<section\n    class=\"overflow-hidden py-5 md:pt-10 md:pb-5 align wp-block-excerpt-block\"\n>\n    <div\n        class=\"container relative flex flex-col items-start z-10 md:text-xl lg:!px-4\"\n    >\n                    <div\n                class=\"textual w-full text-dark text-xl lg:px-12 md:mx-auto md:max-w-222 md:text-xl\"\n            >\n                Rail Baltica u\u017epildo tr\u016bkstam\u0105 Europos gele\u017einkeli\u0173 koridoriaus dal\u012f, jungian\u010dio Beniliukso \u0161alis, Vokietij\u0105 ir Centrin\u0119 Europ\u0105. \u0160is projektas sukurs galimybes tiek viso Baltijos j\u016bros regiono pilie\u010diams, tiek ir verslui, bei sustiprins Europos S\u0105jungos efektyvum\u0105 ir susisiekimo galimybes.\n            <\/div>\n            <\/div>\n<\/section>\n<section\n    class=\"py-5 md:py-10 align wp-block-textual-block\"\n>\n    <div\n        class=\"container\"\n    >\n        <div\n            class=\"textual w-full text-xl text-dark break-words [&#038;_span]:!text-dark [&#038;_a]:!text-dark\"\n        >\n                            <p>Noriu pasveikinti projekto \u012fgyvendintojus bei Baltijos \u0161ali\u0173 vald\u017eios institucijas prad\u0117jus Rail Baltica projekto projektavimo etap\u0105. Tam pasiekti prireik\u0117 daugelio, \u00a0\u0161ios Europos S\u0105jungai strategi\u0161kai svarbios didelio grei\u010dio gele\u017einkelio linijos, intensyvaus planavimo met\u0173.<\/p>\n\n                    <\/div>\n    <\/div>\n<\/section>\n\n\n<section\n    class=\"overflow-hidden py-5 md:pt-10 md:pb-5 align wp-block-image-block !pt-[0] !pb-[0]\"\n>\n    <div\n        class=\"container relative flex flex-col items-start z-10\"\n    >\n        <div\n            class=\"w-full text-lg text-dark\"\n        >\n                            <img decoding=\"async\"\n        src=\"https:\/\/www.railbaltica.org\/wp-content\/uploads\/2025\/08\/Violeta_Bulc-1024x682-1.jpg\"\n        alt=\"Violeta_Bulc-1024&amp;#215;682\"\n         title=\"Violeta_Bulc-1024&amp;#215;682\"         class=\"block w-auto h-auto max-w-full max-h-[600px]\"\n        loading=\"lazy\"\n    \/>\n                                <\/div>\n    <\/div>\n<\/section>\n\n\n<section\n    class=\"py-5 md:py-10 align wp-block-textual-block\"\n>\n    <div\n        class=\"container\"\n    >\n        <div\n            class=\"textual w-full text-xl text-dark break-words [&#038;_span]:!text-dark [&#038;_a]:!text-dark\"\n        >\n                            <p>Tai yra itin reik\u0161minga 2021\u20132027 m. daugiamet\u0117s finansin\u0117s programos fone, kadangi norint u\u017etikrinti toki\u0173 ilgame\u010di\u0173 projekt\u0173 kaip Rail Baltica naud\u0173 pasiekim\u0105, b\u016btinas savalaikis projekto \u012fgyvendinimas ir nenutr\u016bkstamas jo ilgalaikis finansavimas.<\/p>\n<p>Rail Baltica yra puikus pagrindini\u0173 ES transporto politikos prioritet\u0173 pavyzdys:<\/p>\n<ul>\n<li>Jis prisideda prie m\u016bs\u0173 pastang\u0173 <strong>ma\u017einti anglies dvideginio emisijas <\/strong>transporto srityje skatinant greit\u0105j\u012f gele\u017einkel\u012f kaip tvari\u0105 keleivi\u0173 mobilumo alternatyv\u0105 bei pasi\u016blo naujas krovini\u0173 ve\u017eimo gele\u017einkeliais alternatyvas visam Baltijos regionui.<\/li>\n<li>Kadangi tai \u201eplyno lauko\u201c projektas, jame puikiai galima i\u0161bandyti <strong>skaitmenizavimo<\/strong><\/li>\n<li>Jis u\u017etikrina <strong>multimodalum\u0105 <\/strong>ir skatina ilgalaikes<\/li>\n<li>Kartu tai bus svarbi ES <strong>gynybos <\/strong>transporto infrastrukt\u016bros dalis.<\/li>\n<\/ul>\n<p><strong>efektyvum\u0105 ir susisiekimo galimybes<\/strong>.<\/p>\n<p>Akivaizdu, kad toks projektas apima sud\u0117ting\u0105 suinteresuot\u0173j\u0173 \u0161ali\u0173 strukt\u016br\u0105, tiek \u0161ali\u0173 viduje tiek ir u\u017e j\u0173 rib\u0173. Taigi, Rail Baltica bendros \u012fmon\u0117s vaidmuo yra itin reik\u0161mingas viso projekto s\u0117kmei. Nepaisant vis\u0173 i\u0161\u0161\u016bki\u0173, su kuriais susiduria projektas, jo pa\u017eanga yra vis\u0173 dalyvaujan\u010di\u0173 \u0161ali\u0173 sunkaus darbo rezultatas.<\/p>\n<p>Siekiant u\u017etikrinti <strong>ilgalaik\u012f finansavim\u0105 <\/strong>ir s\u0117kmingai \u012fvykdyti projekt\u0105, b\u016btina \u012fgalinta <strong>projekto rezultat\u0173 pasiekim\u0173 u\u017etikrinimo strukt\u016bra <\/strong>su ai\u0161kiai suplanuotais \u012fgyvendinimo rezultatais.<\/p>\n<p>Galiu patvirtinti, kad Rail Baltica i\u0161liks vienu i\u0161 svarbiausi\u0173 ES prioritet\u0173.<\/p>\n<p>Tod\u0117l kvie\u010diu jus visus, visas Baltijos \u0161alis, pademonstruoti europieti\u0161kas vertybes. Suteikite savo pilie\u010diams ir verslui prog\u0105 pasinaudoti bendros rinkos privalumais, modernia tarpvalstybine infrastrukt\u016bra, ir visapusi\u0161kai \u012fsitraukti \u012f did\u017eiausi\u0105 pasaulio ekonomik\u0105 su visomis jos galimyb\u0117mis.<\/p>\n<p>\u0160iemet Baltijos valstyb\u0117s \u0161ven\u010dia savo 100 met\u0173 sukakt\u012f. Rail Baltica yra istorin\u0117s svarbos projektas \u2013 ir n\u0117ra geresnio laiko kad tai tapt\u0173 realyb\u0119 ! Esu su jumis!<\/p>\n<p><iframe loading=\"lazy\" width=\"640\" height=\"360\" src=\"https:\/\/www.youtube.com\/embed\/YYY5h-x2f9I?feature=oembed\" frameborder=\"0\" allow=\"autoplay; encrypted-media\" allowfullscreen><\/iframe><\/p>\n\n                    <\/div>\n    <\/div>\n<\/section>\n\n\n\n<section\n    class=\"overflow-hidden py-5 md:pt-5 md:pb-10 align wp-block-button-cta-block !pt-[0]\"\n>\n    <div\n        class=\"container w-full relative flex flex-col items-start z-10\"\n    >\n        <div\n            class=\"w-full border-t border-dark pt-5 mt-4 md:mt-5 md:pt-10\"\n        >\n        <\/div>\n\n                    <a\n        href=\"\/lt\/naujienos\/\"\n                class=\"btn-outline-dark mx-auto\"\n    >\n        \n        Gr\u012f\u017eti \u012f visas naujienas\n        \n        \n    <\/a>\n            <\/div>\n<\/section>\n","protected":false},"excerpt":{"rendered":"<p>Rail Baltica u\u017epildo tr\u016bkstam\u0105 Europos gele\u017einkeli\u0173 koridoriaus dal\u012f, jungian\u010dio Beniliukso \u0161alis, Vokietij\u0105 ir Centrin\u0119 Europ\u0105. \u0160is projektas sukurs galimybes tiek viso Baltijos j\u016bros regiono pilie\u010diams, tiek ir verslui, bei sustiprins Europos S\u0105jungos efektyvum\u0105 ir susisiekimo galimybes.<\/p>\n","protected":false},"featured_media":11882,"template":"","news_category":[],"class_list":["post-11884","news","type-news","status-publish","has-post-thumbnail","hentry"],"acf":[],"yoast_head":"<!-- This site is optimized with the Yoast SEO plugin v27.5 - https:\/\/yoast.com\/product\/yoast-seo-wordpress\/ -->\n<title>Komisar\u0117s Violetos Bulc vaizdo prane\u0161imas Rail Baltica Globaliam forumui - RB<\/title>\n<meta name=\"robots\" content=\"index, follow, max-snippet:-1, max-image-preview:large, max-video-preview:-1\" \/>\n<link rel=\"canonical\" href=\"https:\/\/www.railbaltica.org\/naujienos\/commissioner-violeta-bulc-video-message-to-the-rail-baltica-global-forum\/\" \/>\n<meta property=\"og:locale\" content=\"lt_LT\" \/>\n<meta property=\"og:type\" content=\"article\" \/>\n<meta property=\"og:title\" content=\"Komisar\u0117s Violetos Bulc vaizdo prane\u0161imas Rail Baltica Globaliam forumui - RB\" \/>\n<meta property=\"og:description\" content=\"Rail Baltica u\u017epildo tr\u016bkstam\u0105 Europos gele\u017einkeli\u0173 koridoriaus dal\u012f, jungian\u010dio Beniliukso \u0161alis, Vokietij\u0105 ir Centrin\u0119 Europ\u0105. \u0160is projektas sukurs galimybes tiek viso Baltijos j\u016bros regiono pilie\u010diams, tiek ir verslui, bei sustiprins Europos S\u0105jungos efektyvum\u0105 ir susisiekimo galimybes.\" \/>\n<meta property=\"og:url\" content=\"https:\/\/www.railbaltica.org\/naujienos\/commissioner-violeta-bulc-video-message-to-the-rail-baltica-global-forum\/\" \/>\n<meta property=\"og:site_name\" content=\"RB\" \/>\n<meta property=\"article:modified_time\" content=\"2025-08-20T07:33:05+00:00\" \/>\n<meta property=\"og:image\" content=\"https:\/\/www.railbaltica.org\/wp-content\/uploads\/2025\/07\/Violeta_Bulc.png\" \/>\n\t<meta property=\"og:image:width\" content=\"350\" \/>\n\t<meta property=\"og:image:height\" content=\"205\" \/>\n\t<meta property=\"og:image:type\" content=\"image\/png\" \/>\n<meta name=\"twitter:card\" content=\"summary_large_image\" \/>\n<script type=\"application\/ld+json\" class=\"yoast-schema-graph\">{\"@context\":\"https:\\\/\\\/schema.org\",\"@graph\":[{\"@type\":\"WebPage\",\"@id\":\"https:\\\/\\\/www.railbaltica.org\\\/naujienos\\\/commissioner-violeta-bulc-video-message-to-the-rail-baltica-global-forum\\\/\",\"url\":\"https:\\\/\\\/www.railbaltica.org\\\/naujienos\\\/commissioner-violeta-bulc-video-message-to-the-rail-baltica-global-forum\\\/\",\"name\":\"Komisar\u0117s Violetos Bulc vaizdo prane\u0161imas Rail Baltica Globaliam forumui - RB\",\"isPartOf\":{\"@id\":\"https:\\\/\\\/www.railbaltica.org\\\/#website\"},\"primaryImageOfPage\":{\"@id\":\"https:\\\/\\\/www.railbaltica.org\\\/naujienos\\\/commissioner-violeta-bulc-video-message-to-the-rail-baltica-global-forum\\\/#primaryimage\"},\"image\":{\"@id\":\"https:\\\/\\\/www.railbaltica.org\\\/naujienos\\\/commissioner-violeta-bulc-video-message-to-the-rail-baltica-global-forum\\\/#primaryimage\"},\"thumbnailUrl\":\"https:\\\/\\\/www.railbaltica.org\\\/wp-content\\\/uploads\\\/2025\\\/07\\\/Violeta_Bulc.png\",\"datePublished\":\"2018-04-10T07:40:27+00:00\",\"dateModified\":\"2025-08-20T07:33:05+00:00\",\"breadcrumb\":{\"@id\":\"https:\\\/\\\/www.railbaltica.org\\\/naujienos\\\/commissioner-violeta-bulc-video-message-to-the-rail-baltica-global-forum\\\/#breadcrumb\"},\"inLanguage\":\"lt-LT\",\"potentialAction\":[{\"@type\":\"ReadAction\",\"target\":[\"https:\\\/\\\/www.railbaltica.org\\\/naujienos\\\/commissioner-violeta-bulc-video-message-to-the-rail-baltica-global-forum\\\/\"]}]},{\"@type\":\"ImageObject\",\"inLanguage\":\"lt-LT\",\"@id\":\"https:\\\/\\\/www.railbaltica.org\\\/naujienos\\\/commissioner-violeta-bulc-video-message-to-the-rail-baltica-global-forum\\\/#primaryimage\",\"url\":\"https:\\\/\\\/www.railbaltica.org\\\/wp-content\\\/uploads\\\/2025\\\/07\\\/Violeta_Bulc.png\",\"contentUrl\":\"https:\\\/\\\/www.railbaltica.org\\\/wp-content\\\/uploads\\\/2025\\\/07\\\/Violeta_Bulc.png\",\"width\":350,\"height\":205},{\"@type\":\"BreadcrumbList\",\"@id\":\"https:\\\/\\\/www.railbaltica.org\\\/naujienos\\\/commissioner-violeta-bulc-video-message-to-the-rail-baltica-global-forum\\\/#breadcrumb\",\"itemListElement\":[{\"@type\":\"ListItem\",\"position\":1,\"name\":\"Home\",\"item\":\"https:\\\/\\\/www.railbaltica.org\\\/lt\\\/\"},{\"@type\":\"ListItem\",\"position\":2,\"name\":\"Komisar\u0117s Violetos Bulc vaizdo prane\u0161imas Rail Baltica Globaliam forumui\"}]},{\"@type\":\"WebSite\",\"@id\":\"https:\\\/\\\/www.railbaltica.org\\\/#website\",\"url\":\"https:\\\/\\\/www.railbaltica.org\\\/\",\"name\":\"RB\",\"description\":\"\",\"potentialAction\":[{\"@type\":\"SearchAction\",\"target\":{\"@type\":\"EntryPoint\",\"urlTemplate\":\"https:\\\/\\\/www.railbaltica.org\\\/?s={search_term_string}\"},\"query-input\":{\"@type\":\"PropertyValueSpecification\",\"valueRequired\":true,\"valueName\":\"search_term_string\"}}],\"inLanguage\":\"lt-LT\"}]}<\/script>\n<!-- \/ Yoast SEO plugin. -->","yoast_head_json":{"title":"Komisar\u0117s Violetos Bulc vaizdo prane\u0161imas Rail Baltica Globaliam forumui - RB","robots":{"index":"index","follow":"follow","max-snippet":"max-snippet:-1","max-image-preview":"max-image-preview:large","max-video-preview":"max-video-preview:-1"},"canonical":"https:\/\/www.railbaltica.org\/naujienos\/commissioner-violeta-bulc-video-message-to-the-rail-baltica-global-forum\/","og_locale":"lt_LT","og_type":"article","og_title":"Komisar\u0117s Violetos Bulc vaizdo prane\u0161imas Rail Baltica Globaliam forumui - RB","og_description":"Rail Baltica u\u017epildo tr\u016bkstam\u0105 Europos gele\u017einkeli\u0173 koridoriaus dal\u012f, jungian\u010dio Beniliukso \u0161alis, Vokietij\u0105 ir Centrin\u0119 Europ\u0105. \u0160is projektas sukurs galimybes tiek viso Baltijos j\u016bros regiono pilie\u010diams, tiek ir verslui, bei sustiprins Europos S\u0105jungos efektyvum\u0105 ir susisiekimo galimybes.","og_url":"https:\/\/www.railbaltica.org\/naujienos\/commissioner-violeta-bulc-video-message-to-the-rail-baltica-global-forum\/","og_site_name":"RB","article_modified_time":"2025-08-20T07:33:05+00:00","og_image":[{"width":350,"height":205,"url":"https:\/\/www.railbaltica.org\/wp-content\/uploads\/2025\/07\/Violeta_Bulc.png","type":"image\/png"}],"twitter_card":"summary_large_image","schema":{"@context":"https:\/\/schema.org","@graph":[{"@type":"WebPage","@id":"https:\/\/www.railbaltica.org\/naujienos\/commissioner-violeta-bulc-video-message-to-the-rail-baltica-global-forum\/","url":"https:\/\/www.railbaltica.org\/naujienos\/commissioner-violeta-bulc-video-message-to-the-rail-baltica-global-forum\/","name":"Komisar\u0117s Violetos Bulc vaizdo prane\u0161imas Rail Baltica Globaliam forumui - RB","isPartOf":{"@id":"https:\/\/www.railbaltica.org\/#website"},"primaryImageOfPage":{"@id":"https:\/\/www.railbaltica.org\/naujienos\/commissioner-violeta-bulc-video-message-to-the-rail-baltica-global-forum\/#primaryimage"},"image":{"@id":"https:\/\/www.railbaltica.org\/naujienos\/commissioner-violeta-bulc-video-message-to-the-rail-baltica-global-forum\/#primaryimage"},"thumbnailUrl":"https:\/\/www.railbaltica.org\/wp-content\/uploads\/2025\/07\/Violeta_Bulc.png","datePublished":"2018-04-10T07:40:27+00:00","dateModified":"2025-08-20T07:33:05+00:00","breadcrumb":{"@id":"https:\/\/www.railbaltica.org\/naujienos\/commissioner-violeta-bulc-video-message-to-the-rail-baltica-global-forum\/#breadcrumb"},"inLanguage":"lt-LT","potentialAction":[{"@type":"ReadAction","target":["https:\/\/www.railbaltica.org\/naujienos\/commissioner-violeta-bulc-video-message-to-the-rail-baltica-global-forum\/"]}]},{"@type":"ImageObject","inLanguage":"lt-LT","@id":"https:\/\/www.railbaltica.org\/naujienos\/commissioner-violeta-bulc-video-message-to-the-rail-baltica-global-forum\/#primaryimage","url":"https:\/\/www.railbaltica.org\/wp-content\/uploads\/2025\/07\/Violeta_Bulc.png","contentUrl":"https:\/\/www.railbaltica.org\/wp-content\/uploads\/2025\/07\/Violeta_Bulc.png","width":350,"height":205},{"@type":"BreadcrumbList","@id":"https:\/\/www.railbaltica.org\/naujienos\/commissioner-violeta-bulc-video-message-to-the-rail-baltica-global-forum\/#breadcrumb","itemListElement":[{"@type":"ListItem","position":1,"name":"Home","item":"https:\/\/www.railbaltica.org\/lt\/"},{"@type":"ListItem","position":2,"name":"Komisar\u0117s Violetos Bulc vaizdo prane\u0161imas Rail Baltica Globaliam forumui"}]},{"@type":"WebSite","@id":"https:\/\/www.railbaltica.org\/#website","url":"https:\/\/www.railbaltica.org\/","name":"RB","description":"","potentialAction":[{"@type":"SearchAction","target":{"@type":"EntryPoint","urlTemplate":"https:\/\/www.railbaltica.org\/?s={search_term_string}"},"query-input":{"@type":"PropertyValueSpecification","valueRequired":true,"valueName":"search_term_string"}}],"inLanguage":"lt-LT"}]}},"_links":{"self":[{"href":"https:\/\/www.railbaltica.org\/lt\/wp-json\/wp\/v2\/news\/11884","targetHints":{"allow":["GET"]}}],"collection":[{"href":"https:\/\/www.railbaltica.org\/lt\/wp-json\/wp\/v2\/news"}],"about":[{"href":"https:\/\/www.railbaltica.org\/lt\/wp-json\/wp\/v2\/types\/news"}],"wp:featuredmedia":[{"embeddable":true,"href":"https:\/\/www.railbaltica.org\/lt\/wp-json\/wp\/v2\/media\/11882"}],"wp:attachment":[{"href":"https:\/\/www.railbaltica.org\/lt\/wp-json\/wp\/v2\/media?parent=11884"}],"wp:term":[{"taxonomy":"news_category","embeddable":true,"href":"https:\/\/www.railbaltica.org\/lt\/wp-json\/wp\/v2\/news_category?post=11884"}],"curies":[{"name":"wp","href":"https:\/\/api.w.org\/{rel}","templated":true}]}}