{"id":11837,"date":"2018-02-08T12:16:11","date_gmt":"2018-02-08T12:16:11","guid":{"rendered":"https:\/\/www.railbaltica.org\/news\/rail-baltica-global-forum-2018-2\/"},"modified":"2025-08-21T18:24:25","modified_gmt":"2025-08-21T18:24:25","slug":"rail-baltica-global-forum-2018","status":"publish","type":"news","link":"https:\/\/www.railbaltica.org\/lt\/naujienos\/rail-baltica-global-forum-2018\/","title":{"rendered":"Rail Baltica Global Forum 2018"},"content":{"rendered":"<section\n    class=\"align wp-block-hero-page-block relative flex overflow-hidden z-10 mt-20 md:mt-52\"\n>\n            <div\n            class=\"container md:!px-14\"\n        >\n            <div\n                class=\"bg-dark text-white rounded p-4 md:p-10\"\n            >\n                                <div\n    class=\"flex justify-between border-t pt-2.5 my-5 text-sm\"\n>\n    <span>Pasidalinkite naujienomis<\/span>\n    <ul\n        class=\"flex items-center gap-5\"\n    >\n        <li>\n            <a\n                href=\"https:\/\/www.facebook.com\/sharer\/sharer.php?u=https%3A%2F%2Fwww.railbaltica.org%2Flt%2Fnaujienos%2Frail-baltica-global-forum-2018%2F\"\n                target=\"_blank\"\n                rel=\"noopener noreferrer\"\n                aria-label=\"Share on Facebook\"\n                class=\"transition-opacity hover:opacity-75\"\n            >\n                <svg\n                    width=\"20\"\n                    height=\"20\"\n                    viewBox=\"0 0 20 20\"\n                    fill=\"none\"\n                    xmlns=\"http:\/\/www.w3.org\/2000\/svg\"\n                >\n                    <path\n                        d=\"M7.5 6.66667H5V10H7.5V20H11.6667V10H14.7017L15 6.66667H11.6667V5.2775C11.6667 4.48167 11.8267 4.16667 12.5958 4.16667H15V0H11.8267C8.83 0 7.5 1.31917 7.5 3.84583V6.66667Z\"\n                        fill=\"white\"\n                    \/>\n                <\/svg>\n            <\/a>\n        <\/li>\n        <li>\n            <a\n                href=\"https:\/\/twitter.com\/intent\/tweet?url=https%3A%2F%2Fwww.railbaltica.org%2Flt%2Fnaujienos%2Frail-baltica-global-forum-2018%2F&amp;text=Rail+Baltica+Global+Forum+2018\"\n                target=\"_blank\"\n                rel=\"noopener noreferrer\"\n                aria-label=\"Share on Twitter\"\n                class=\"transition-opacity hover:opacity-75\"\n            >\n                <svg\n                    width=\"20\"\n                    height=\"20\"\n                    viewBox=\"0 0 20 20\"\n                    fill=\"none\"\n                    xmlns=\"http:\/\/www.w3.org\/2000\/svg\"\n                >\n                    <path\n                        d=\"M14.7313 2.68748H17.238L11.763 8.88248L18.2038 17.3125H13.1597L9.20966 12.2L4.68966 17.3125H2.18299L8.03883 10.6866L1.86133 2.68665H7.03216L10.603 7.35998L14.7322 2.68665L14.7313 2.68748ZM13.8522 15.8275H15.2405L6.27716 4.09415H4.78716L13.8522 15.8275Z\"\n                        fill=\"white\"\n                    \/>\n                <\/svg>\n            <\/a>\n        <\/li>\n        <li>\n            <a\n                href=\"https:\/\/www.linkedin.com\/sharing\/share-offsite\/?url=https%3A%2F%2Fwww.railbaltica.org%2Flt%2Fnaujienos%2Frail-baltica-global-forum-2018%2F\"\n                target=\"_blank\"\n                rel=\"noopener noreferrer\"\n                aria-label=\"Share on LinkedIn\"\n                class=\"transition-opacity hover:opacity-75\"\n            >\n                <svg\n                    width=\"20\"\n                    height=\"20\"\n                    viewBox=\"0 0 20 20\"\n                    fill=\"none\"\n                    xmlns=\"http:\/\/www.w3.org\/2000\/svg\"\n                >\n                    <path\n                        d=\"M18.4097 0.000139829H1.46998C1.27956 -0.00250476 1.09049 0.0323869 0.913553 0.102822C0.73662 0.173257 0.575295 0.277857 0.438791 0.410646C0.302287 0.543436 0.193279 0.701814 0.11799 0.876737C0.0427018 1.05166 0.00260836 1.2397 0 1.43012V18.5699C0.00260836 18.7603 0.0427018 18.9483 0.11799 19.1233C0.193279 19.2982 0.302287 19.4566 0.438791 19.5894C0.575295 19.7221 0.73662 19.8267 0.913553 19.8972C1.09049 19.9676 1.27956 20.0025 1.46998 19.9999H18.4097C18.6002 20.0025 18.7892 19.9676 18.9662 19.8972C19.1431 19.8267 19.3044 19.7221 19.4409 19.5894C19.5774 19.4566 19.6864 19.2982 19.7617 19.1233C19.837 18.9483 19.8771 18.7603 19.8797 18.5699V1.43012C19.8771 1.2397 19.837 1.05166 19.7617 0.876737C19.6864 0.701814 19.5774 0.543436 19.4409 0.410646C19.3044 0.277857 19.1431 0.173257 18.9662 0.102822C18.7892 0.0323869 18.6002 -0.00250476 18.4097 0.000139829ZM6.02992 16.7399H3.02996V7.74003H6.02992V16.7399ZM4.52994 6.48005C4.1162 6.48005 3.71942 6.31569 3.42687 6.02314C3.13431 5.73059 2.96996 5.3338 2.96996 4.92007C2.96996 4.50634 3.13431 4.10955 3.42687 3.817C3.71942 3.52445 4.1162 3.36009 4.52994 3.36009C4.74963 3.33518 4.97211 3.35695 5.1828 3.42398C5.3935 3.491 5.58766 3.60178 5.75258 3.74905C5.91749 3.89632 6.04944 4.07676 6.13979 4.27856C6.23013 4.48036 6.27683 4.69897 6.27683 4.92007C6.27683 5.14117 6.23013 5.35978 6.13979 5.56158C6.04944 5.76338 5.91749 5.94382 5.75258 6.09109C5.58766 6.23836 5.3935 6.34914 5.1828 6.41617C4.97211 6.48319 4.74963 6.50496 4.52994 6.48005ZM16.8498 16.7399H13.8498V11.91C13.8498 10.7 13.4198 9.91 12.3298 9.91C11.9925 9.91247 11.664 10.0183 11.3887 10.2132C11.1133 10.4081 10.9043 10.6827 10.7899 11C10.7116 11.235 10.6777 11.4826 10.6899 11.73V16.7299H7.68989V7.73003H10.6899V9.00001C10.9624 8.52713 11.3587 8.13755 11.8363 7.87323C12.3138 7.60892 12.8544 7.47989 13.3998 7.50003C15.3998 7.50003 16.8498 8.79002 16.8498 11.56V16.7399Z\"\n                        fill=\"white\"\n                    \/>\n                <\/svg>\n            <\/a>\n        <\/li>\n        <li>\n            <button\n                type=\"button\"\n                class=\"copy-url-btn relative my-auto flex transition-opacity hover:opacity-75\"\n                data-url=\"https:\/\/www.railbaltica.org\/lt\/naujienos\/rail-baltica-global-forum-2018\/\"\n            >\n                <svg\n                    width=\"21\"\n                    height=\"21\"\n                    viewBox=\"0 0 21 21\"\n                    fill=\"none\"\n                    xmlns=\"http:\/\/www.w3.org\/2000\/svg\"\n                >\n                    <path\n                        d=\"M10.5205 20C15.7661 20 20 15.7455 20 10.4795C20 5.23392 15.7661 1 10.5205 1M10.5205 20C5.25446 20 1 15.7455 1 10.4795C1 5.23392 5.25446 1 10.5205 1M10.5205 20V1M18.7429 5.75H2.26324M18.7958 15.1345H2.21035M1.05135 10.5H19.9486M10.5103 20C13.1333 20 15.25 15.7455 15.25 10.4795C15.25 5.23392 13.1333 1 10.5103 1C7.87697 1 5.75 5.23392 5.75 10.4795C5.75 15.7455 7.87697 20 10.5103 20Z\"\n                        stroke=\"white\"\n                        stroke-linecap=\"round\"\n                        stroke-linejoin=\"round\"\n                    \/>\n                <\/svg>\n                <span\n                    class=\"absolute hidden translate-x-[-10px] translate-y-[30px]\"\n                >Copied!<\/span>\n            <\/button>\n        <\/li>\n    <\/ul>\n<\/div>\n\n                                    <time\n                        datetime=\"\"\n                        class=\"mb-2.5 flex text-xl text-blue\"\n                    >\n                        08.02.2018\n                    <\/time>\n                \n                                    <h1 class='h1 max-w-198'>\n            Rail Baltica Global Forum 2018\n        <\/h1>\n                \n                            <\/div>\n        <\/div>\n    <\/section>\n\n<section\n    class=\"overflow-hidden py-5 md:pt-10 md:pb-5 align wp-block-excerpt-block\"\n>\n    <div\n        class=\"container relative flex flex-col items-start z-10 md:text-xl lg:!px-4\"\n    >\n                    <div\n                class=\"textual w-full text-dark text-xl lg:px-12 md:mx-auto md:max-w-222 md:text-xl\"\n            >\n                Rail Baltica on track (presentation)\nMs. Baiba Rubesa,\nCEO and Chairperson of the Management Board, RB Rail AS\n            <\/div>\n            <\/div>\n<\/section>\n\n\n<section\n    class=\"py-5 md:py-10 align wp-block-textual-block\"\n>\n    <div\n        class=\"container\"\n    >\n        <div\n            class=\"textual w-full text-xl text-dark break-words [&#038;_span]:!text-dark [&#038;_a]:!text-dark\"\n        >\n                            <p><a href=\"https:\/\/www.railbaltica.org\/lt\/news\/participants-at-military-mobility-forum-operational-mobility-is-key-to-collective-defence\/forum\/\">Rail Baltica Globalus Forumas 2018<\/a> yra svarbus metinis tarptautinis Rail Baltica renginys, kuriame bus aptariamas Rail Baltica vaidmuo \u0160iaur\u0117s j\u016bros\u2013Baltijos TEN-T Europos S\u0105jungos transeuropinio transporto tinklo koridoriuje, aptariami projekto metu vykdomi vie\u0161ieji pirkimai ir finansavimas, gerinamas bendradarbiavimas su tiek\u0117jais. Jame bus aptariami strateginiai ir taktiniai \u201eDid\u017eiausio per pastaruosius 100 met\u0173 projekto\u201c \u012fgyvendinimo klausimai i\u0161 nacionalin\u0117s, regionin\u0117s ir ES perspektyvos, dalyvaujant svarbiausiems vadovams ir sprendim\u0173 pri\u0117m\u0117jams, gele\u017einkeli\u0173, logistikos ir ekonomikos profesionalams, \u012ftakingiems politikams ir institucijoms, potencialiems projekto tiek\u0117jams i\u0161 visos Europos.<\/p>\n<div style=\"line-height: 1em;\">\n<p><span style=\"font-size: 24px;\"><strong>DAY 1<\/strong><\/span><\/p>\n<p>April 10<\/p>\n<\/p><\/div>\n<div>\u00a0<\/div>\n<div>\n<table style=\"width: 1130px;\">\n<tbody>\n<tr>\n<td style=\"width: 98px;\">10:00\u201310:40<\/td>\n<td class=\"fr-selected-cell\" style=\"width: 1018px;\"><em><strong>Opening Session<\/strong><\/em>\u00a0<a href=\"https:\/\/youtu.be\/ZvOHdkbg3JM\" target=\"_blank\" rel=\"noopener\"><span style=\"color: #003787; font-size: inherit;\"><strong style=\"font-family: inherit;\">Opening speech<\/strong><\/span><\/a><strong><br \/> <\/strong><strong>H.E. J\u00fcri Ratas,<\/strong><br \/> Prime Minister of the Republic of Estonia<a href=\"https:\/\/youtu.be\/YYY5h-x2f9I\" target=\"_blank\" rel=\"noopener\"><span style=\"color: #003787;\"><strong>Video speech<\/strong><\/span><\/a><strong><br \/> <\/strong><strong>Ms. Violeta Bulc,<\/strong><br \/> European Commissioner for Mobility and Transport <\/p>\n<p><a href=\"https:\/\/youtu.be\/4-yX14-gbLg\" target=\"_blank\" rel=\"noopener\"><span style=\"font-size: inherit;\"><strong style=\"font-family: inherit;\"><strong><span style=\"color: #003787;\">Rail Baltica on track<\/span> <\/strong><\/strong><\/span><\/a><span style=\"color: #003787; font-size: inherit;\">(<a href=\"https:\/\/www.railbaltica.org\/wp-content\/uploads\/2025\/08\/Baiba_Rubesa_RBGF2018_Day1.pdf\" target=\"_blank\">presentation<\/a target=\"_blank\"><\/a>)<\/span><br \/> <strong>Ms. Baiba Rubesa,<\/strong><br \/> CEO and Chairperson of the Management Board, RB Rail AS<\/p>\n<\/td>\n<\/tr>\n<tr>\n<td style=\"width: 98px;\">10:40\u201311:45<\/td>\n<td style=\"width: 1018px;\"><a href=\"https:\/\/youtu.be\/BUnqKOdaIUw\" target=\"_blank\" rel=\"noopener\"><span style=\"color: #003787;\"><strong>Ministerial Panel Discussion<\/strong><\/span><\/a><br \/> <em>\u201c\u201cNorth Sea-\u00a0Baltic TEN-T Corridor \u2013 its Role and Impact on the North Eastern European Transport Sector\u201d<\/em>\u00a0\u00a0\u00a0 <\/p>\n<p><strong>Ms. Kadri Simson,<\/strong><br \/> Minister of Economic Affairs and Infrastructure, Republic of Estonia<br \/> <strong>Mr. Uldis Augulis,<\/strong><br \/> Minister of Transport, Republic of Latvia<br \/> <strong>Mr. Rokas Masiulis,<\/strong><br \/> Minister of Transport and Communications, Republic of Lithuania<br \/> <strong>Mr. Andrzej Bittel,<\/strong><br \/> UUndersecretary of State of Ministry of Infrastructure, Republic of Poland<br \/> <strong>Mr. Mattias Landgren,<\/strong><br \/> State Secretary of Ministry of Enterprise and Innovation, Kingdom of Sweden<\/p>\n<p>Moderated by\u00a0<strong>Ms. Catherine Trautmann,<\/strong><br \/> European Coordinator North-Sea Baltic TEN-T Core Network Corridor<\/p>\n<\/td>\n<\/tr>\n<tr>\n<td style=\"width: 98px;\">12:15\u201313:05<\/td>\n<td style=\"width: 1018px;\"><em><strong>Working Session I<\/strong><\/em><br \/> <em>\u201cPost-2020 Financing of the EU Transport Projects, including Rail Baltica\u201d<\/em>\u00a0\u00a0\u00a0 <\/p>\n<p><a style=\"font-family: inherit; font-size: inherit;\" href=\"https:\/\/youtu.be\/zJryUqxcLjQ\"><strong><span style=\"color: #003787;\">European Parliament\u2019s Vision and Expectations from the MFF Post-2020. Prospect for Rail Baltica<\/span> <\/strong><\/a><br \/> <strong>Mr. Petri Sarvamaa,<\/strong><br \/> Vice-Chair of Budget Committee, European Parliament<\/p>\n<p><span style=\"color: #003787;\"><strong><span style=\"color: #003787;\"><a style=\"color: #003787;\" href=\"https:\/\/youtu.be\/-O9SdYJTbrQ\">Usage of Cohesion Funds for Transport Projects Now and in Future<\/a><\/span><\/strong><\/span><br \/> <strong>Mr. Peter Berkowitz,<\/strong><br \/> Head of the Smart and Sustainable Growth Unit, DG REGIO<\/p>\n<p><a href=\"https:\/\/youtu.be\/XieAhBcJSCM\"><span style=\"color: #003787;\"><strong>CEF Transport Financing Instrument and its Impact on Rail Baltica<\/strong><\/span><\/a><br \/> <strong>Mr. Herald Ruijter,<\/strong><br \/> Director for Investment, Innovative and Sustainable Transport, DG MOVE, EU Commission<\/p>\n<\/td>\n<\/tr>\n<tr>\n<td style=\"width: 98px;\">\n<div>14:00\u201315:30<\/div>\n<\/td>\n<td style=\"width: 1018px;\">\n<div><span style=\"color: #003787;\"><a style=\"color: #003787;\" href=\"https:\/\/youtu.be\/RV8fZE1sgsE\"><em><strong>Working Session II<\/strong><\/em><\/a><\/span><\/div>\n<div><em style=\"font-family: inherit; font-size: inherit;\">\u201eRail Baltica and Finland\u201c<\/em><\/div>\n<div>\n<p><span style=\"color: #003787;\"><a style=\"color: #003787;\" href=\"https:\/\/youtu.be\/hiL-izustqQ\"><strong>Why Rail Baltica is Important to Finland<\/strong><\/a>\u00a0(<a href=\"https:\/\/www.railbaltica.org\/wp-content\/uploads\/2025\/08\/Sabina_Lindstrom_RBGF2018_Day1.pdf\" target=\"_blank\">presentation<\/a target=\"_blank\"><\/a>)<\/span><strong><br \/> <\/strong><strong>Ms. Sabina Lindstr\u00f6m,<\/strong><br \/> Director from Networks Department, Ministry of Transport and Communications of Finland<\/p>\n<\/p><\/div>\n<p><a href=\"https:\/\/youtu.be\/TC5KN6nVTFk\"><span style=\"color: #003787;\"><strong>The Results of Muuga Terminal Study\u00a0<\/strong><\/span><\/a>(<a href=\"https:\/\/www.railbaltica.org\/wp-content\/uploads\/2025\/08\/Meelis_Niinepuu_RBGF2018_Day1.pdf\" target=\"_blank\">presentation<\/a target=\"_blank\"><\/a>)<strong><br \/> <\/strong><strong>Mr. Meelis Niinepuu,\u00a0<\/strong><br \/> Partner, Civitta International and Civitta Estonia<\/p>\n<p><a href=\"https:\/\/youtu.be\/3xuq3q6bDNo\"><span style=\"color: #003787;\"><strong>Study Results of FinEst link project \u2013 Impact on Rail Baltica\u00a0<\/strong><\/span><\/a>(<a href=\"https:\/\/www.railbaltica.org\/wp-content\/uploads\/2025\/08\/Kari_Ruohonen_RBGF2018_Day1.pdf\" target=\"_blank\">presentation<\/a target=\"_blank\"><\/a>)<strong><br \/> <\/strong><strong>Mr. Kari Ruohonen,\u00a0<\/strong><br \/> Project Director, FinEst Link Project<\/p>\n<p><a href=\"https:\/\/youtu.be\/zCAyeDllOGc\"><span style=\"color: #003787;\"><strong>Polar Silk Road \u2013 New Freight Opportunities\u00a0<\/strong><\/span><\/a>(<a href=\"https:\/\/www.railbaltica.org\/wp-content\/uploads\/2025\/08\/Baozhi_Cheng_RBGF2018_Day1.pdf\" target=\"_blank\">presentation<\/a target=\"_blank\"><\/a>)<strong><br \/> <\/strong><strong>Dr. Baozhi Cheng,\u00a0 <\/strong><br \/> Senior Fellow, Shanghai Institutes for International Studies (SIIS), China<\/p>\n<p><strong><span style=\"color: #003787;\">Q&amp;A Session<\/span><\/strong><\/p>\n<\/td>\n<\/tr>\n<tr>\n<td style=\"width: 98px;\">\n<div>16:00\u201317:10<\/div>\n<\/td>\n<td style=\"width: 1018px;\">\n<div><span style=\"color: #003787;\"><a style=\"color: #003787;\" href=\"https:\/\/youtu.be\/Zz2NMn2pi0A\"><em><strong>Panel Discussion<\/strong><\/em><\/a><\/span><\/div>\n<div><em>\u201eCross-boarder Transport Infrastructure Megaproject Implementation and Management. Lessons Learned for Rail Baltica\u201c<\/em><\/div>\n<div>\u00a0<\/div>\n<p><span style=\"color: #003787;\"><strong><a style=\"color: #003787;\" href=\"https:\/\/youtu.be\/9U4s3apAA1w\">Mr. Tristano Sainati<\/a>, <\/strong>(<\/span><a style=\"color: #003787;\" href=\"https:\/\/www.railbaltica.org\/wp-content\/uploads\/2025\/08\/Tristano_Sainati_RBGF2018_Day1.pdf\" target=\"_blank\">presentation<\/a target=\"_blank\"><\/a><span style=\"color: #003787;\">)<\/span><br \/> Research Fellow,School of Civil Engineering, University of Leeds, UK<br \/> <strong><span style=\"color: #003787;\"><a style=\"color: #003787;\" href=\"https:\/\/youtu.be\/WZRMQEl5Qxk\">Mr. Gergard Troche<\/a><\/span>,\u00a0<\/strong><span style=\"color: #003787;\">(<a style=\"color: #003787;\" href=\"https:\/\/www.railbaltica.org\/wp-content\/uploads\/2025\/08\/Gerhard_Troche_RBGF2018_Day1.pdf\" target=\"_blank\">presentation<\/a target=\"_blank\"><\/a>)<\/span><br \/> Senior Advisor International Projects<strong>,\u00a0<\/strong>GYSEV Zrt., Hungary<br \/> <strong><span style=\"color: #003787;\"><a style=\"color: #003787;\" href=\"https:\/\/youtu.be\/PzH1ceQPGdM\">Mr. Chris Docker<\/a><\/span>,\u00a0<\/strong><span style=\"color: #003787;\">(<a style=\"color: #003787;\" href=\"https:\/\/www.railbaltica.org\/wp-content\/uploads\/2025\/08\/Chris_Docker_RBGF2018_Day1-1.pdf\" target=\"_blank\">presentation<\/a target=\"_blank\"><\/a>)<\/span><br \/> Director, Strategy &amp; International Development, ATKINS, UK<\/p>\n<\/td>\n<\/tr>\n<tr>\n<td style=\"width: 98px;\">\n<div>17.10\u201317:15<\/div>\n<\/td>\n<td style=\"width: 1018px;\">\n<div><span style=\"color: #003787;\"><a style=\"color: #003787;\" href=\"https:\/\/youtu.be\/3xMJ_ewUrSY\"><strong>Closing Remarks<\/strong><\/a><\/span><\/div>\n<\/td>\n<\/tr>\n<\/tbody>\n<\/table><\/div>\n<hr>\n<p><span style=\"font-size: 24px;\"><strong>DAY 2<\/strong><\/span><\/p>\n<p>April 11<\/p>\n<table style=\"width: 1132px;\">\n<tbody>\n<tr>\n<td style=\"width: 97px;\">8:15\u20139:30<\/td>\n<td class=\"fr-selected-cell\" style=\"width: 1023px;\">\n<div><span style=\"color: #003787;\"><a style=\"color: #003787;\" href=\"https:\/\/youtu.be\/M7QtmZJWkqY\"><em><strong>Panel Discussion<\/strong><\/em><\/a><\/span><\/div>\n<div><em>\u201eRail Baltica \u2013 professional workforce needs\u201c organised in cooperation with the Rail Baltica Business Network<\/em><\/div>\n<p><a href=\"https:\/\/youtu.be\/Zz2NMn2pi0A\"><span style=\"color: #003787; font-size: inherit;\"><strong style=\"font-family: inherit;\">Preface: Study on the business case of the Rail Baltica Project. The summary of main expectations of the business sector to Rail Baltica.\u00a0<\/strong><\/span><\/a><span style=\"color: #003787; font-size: inherit;\"><span style=\"color: #000000;\">(<a href=\"https:\/\/www.railbaltica.org\/wp-content\/uploads\/2025\/08\/Ervinas_Skikunas_RBGF2018_Day2_v2.pdf\" target=\"_blank\">presentation<\/a target=\"_blank\"><\/a>)<\/span><\/span><strong><br \/> <\/strong><strong>Mr. Ervinas \u015akikunas,\u00a0<\/strong><br \/> CIVITTA Lithuania<strong>\u00a0\u00a0<\/strong><\/p>\n<p><strong>Mr. Andres Trink,\u00a0<\/strong><br \/> Chairman of the Management Board, Merko Ehitus AS<br \/> <strong>Mr. Toomas Tamsar,<\/strong>\u00a0<br \/> Chairman of the Management Board, Estonian Employers` Confederation<br \/> <strong>Mr. Kaspars Rokens,\u00a0<\/strong><br \/> COO and Member of Management Board, RB Rail AS<br \/> <strong>Ms. Baiba Fromane,\u00a0<\/strong><br \/> Head of the Partnership, Latvian Construction Entrepreneur<br \/> <strong>Mr. Ervinas \u015akikunas,\u00a0<\/strong><br \/> CIVITTA Lithuania<strong>\u00a0\u00a0<\/strong><\/p>\n<p>Moderated by <strong>Mr. Andreas Kaju<\/strong>,<br \/> Partner at Meta Advisory Group, Estonia<\/p>\n<\/td>\n<\/tr>\n<tr>\n<td style=\"width: 97px;\">10:00\u201311:15<\/td>\n<td style=\"width: 1023px;\"><em><strong>Opening Session<\/strong><\/em>\u00a0<span style=\"color: #003787; font-size: inherit;\"><span style=\"color: #000000;\"><a style=\"color: #000000;\" href=\"https:\/\/www.youtube.com\/watch?v=wMTlZolAdE8&amp;feature=youtu.be\"><strong style=\"font-family: inherit;\"><span style=\"color: #003787;\">Welcoming speech<\/span> <\/strong><\/a>(<a href=\"https:\/\/www.railbaltica.org\/welcoming-speech-by-riia-sillave\/\">transcript<\/a>)<\/span><\/span><strong><br \/> <\/strong><strong>Ms. Riia Silave,<\/strong><br \/> Chairperson of the Supervisory Board, RB Rail AS<span style=\"color: #003787; font-size: inherit;\"><span style=\"color: #000000;\"><a style=\"color: #000000;\" href=\"https:\/\/youtu.be\/O1KEB9uVeXY\"><strong style=\"font-family: inherit;\"><span style=\"color: #003787;\">Rail Baltica Project in 2017. Ambitions for 2018.<\/span>\u00a0<\/strong><\/a>(<a href=\"https:\/\/www.railbaltica.org\/wp-content\/uploads\/2025\/08\/Baiba_Rubesa_RBGF2018_Day2.pdf\" target=\"_blank\">presentation<\/a target=\"_blank\"><\/a>)<\/span><\/span><strong><br \/> <\/strong><strong>Ms. Baiba Rubesa,<\/strong><br \/> CEO and Chairperson of the Management Board, RB Rail AS <\/p>\n<p><span style=\"color: #003787;\"><strong><a href=\"https:\/\/youtu.be\/uRNoDETrAjc\"><span style=\"color: #003787;\">Rail Baltica Studies \u2013 Role in the Project Implementation<\/span><\/a><a href=\"https:\/\/youtu.be\/v07EfYrNOkI\">\u00a0<\/a><\/strong><span style=\"color: #000000;\">(<a href=\"https:\/\/www.railbaltica.org\/wp-content\/uploads\/2025\/08\/Kaspars_Rokens_Studies_RBGF2018_Day2.pdf\" target=\"_blank\">presentation<\/a target=\"_blank\"><\/a>)<\/span><\/span><br \/> <strong>Mr. Kaspars Rokens,<\/strong><br \/> COO and Member of the Management Board, RB Rail AS<\/p>\n<p><span style=\"color: #003787; font-size: inherit;\"><a href=\"https:\/\/youtu.be\/l_MWZoUBz0M\"><strong style=\"font-family: inherit;\"><span style=\"color: #003787;\">Rail Baltica Procurement in 2018<\/span>\u00a0<\/strong><\/a>(<a href=\"https:\/\/www.railbaltica.org\/wp-content\/uploads\/2025\/08\/Kaspars_Rokens_Procurements_RBGF2018_Day2.pdf\" target=\"_blank\">presentation<\/a target=\"_blank\"><\/a>)<\/span><br \/> <strong>Mr. Kaspars Rokens,<\/strong><br \/> COO and Member of the Management Board, RB Rail AS<\/p>\n<p><span style=\"color: #003787; font-size: inherit;\"><a href=\"https:\/\/youtu.be\/2arXG80V0gA\"><strong style=\"font-family: inherit;\"><span style=\"color: #003787;\">Main Procurement Challenges, Lessons Learnt and Supplier Survey Results<\/span>\u00a0<\/strong><\/a>(<a href=\"https:\/\/www.railbaltica.org\/wp-content\/uploads\/2025\/08\/Kristjan_Piirsalu_RBGF2018_Day2.pdf\" target=\"_blank\">presentation<\/a target=\"_blank\"><\/a>)<\/span><br \/> <strong>Mr. Kristjan Piirsalu,<\/strong><br \/> Head of Procurement, RB Rail AS<\/p>\n<p><a href=\"https:\/\/youtu.be\/zeLh5UbISmc\"><span style=\"color: #003787;\"><strong>Q&amp;A Session<\/strong><\/span><\/a><\/p>\n<\/td>\n<\/tr>\n<tr>\n<td style=\"width: 97px;\">11:45\u201313:10<\/td>\n<td style=\"width: 1023px;\">\n<div>\n<div><span style=\"color: #003787;\"><a style=\"color: #003787;\" href=\"https:\/\/youtu.be\/_QyD4DWmoqE\"><em><strong>Working Session I<\/strong><\/em><\/a><\/span><\/div>\n<div><em>\u201eDesign phase of the Rail Baltica project\u201c<\/em><\/div>\n<\/p><\/div>\n<p><span style=\"color: #003787;\"><a style=\"color: #003787;\" href=\"https:\/\/www.youtube.com\/watch?v=Sk0fVFCooio\"><strong>Design phase of Rail Baltica\u00a0<\/strong><\/a>(<a href=\"https:\/\/www.railbaltica.org\/wp-content\/uploads\/2025\/08\/Kaido_ZimmermanJean-Marc_Bedmar_RBGF2018_Day2.pdf\" target=\"_blank\">presentation<\/a target=\"_blank\"><\/a>)<\/span><br \/> <strong>Mr. Kaido Zimmermann,<\/strong><br \/> Head of Planning and Design Department, RB Rail AS<br \/> <strong>Mr. Jean-Marc Bedmar,<\/strong><br \/> Head of Systems and Operation Department, RB Rail AS<\/p>\n<p><span style=\"color: #003787;\"><a style=\"color: #003787;\" href=\"https:\/\/youtu.be\/5qEIXQWhNZQ\"><strong>Rail Baltica Global Project Design Guidelines\u00a0<\/strong><\/a>(<a href=\"https:\/\/www.railbaltica.org\/wp-content\/uploads\/2025\/08\/Kaido_Zimmerman_RBGF2018_Day2-1.pdf\" target=\"_blank\">presentation<\/a target=\"_blank\"><\/a>)<\/span><br \/> <strong>Ms. Elodie Faivre,<\/strong><br \/> Project Manager for Rail Baltica Design Guidelines preparation, SYSTRA S.A<\/p>\n<p><span style=\"color: #003787;\"><a style=\"color: #003787;\" href=\"https:\/\/youtu.be\/N47Q5mvG6Cc\"><strong>Rail Baltica \u2013 Railway line design tenders in 2018\/2019\u00a0<\/strong><\/a>(<a href=\"https:\/\/www.railbaltica.org\/wp-content\/uploads\/2025\/08\/Kaido_Zimmerman_RBGF2018_Day2-1.pdf\" target=\"_blank\">presentation<\/a target=\"_blank\"><\/a>)<\/span><br \/> <strong>Mr. Kaido Zimmermann,<\/strong><br \/> Head of Planning and Design Department, RB Rail AS<\/p>\n<p><span style=\"color: #003787;\"><a style=\"color: #003787;\" href=\"https:\/\/youtu.be\/-3UVHmla6y4\"><strong>Design Tenders and Local Facilities in Latvia in 2018\u00a0<\/strong><\/a>(<a href=\"https:\/\/www.railbaltica.org\/wp-content\/uploads\/2025\/08\/Agnis_Driksna_RBGF2018_Day2.pdf\" target=\"_blank\">presentation<\/a target=\"_blank\"><\/a>)<\/span><br \/> <strong>Mr. Agnis Driksna,<\/strong><br \/> Director, Development and Communication Department at Eiropas Dzelzce\u013ca l\u012bnijas SIA<\/p>\n<p><span style=\"color: #003787;\"><a style=\"color: #003787;\" href=\"https:\/\/youtu.be\/iUz0ooZJJ3c\"><strong>Design Tenders and Local Facilities in Estonia in 2018\u00a0<\/strong><\/a>(<a href=\"https:\/\/www.railbaltica.org\/wp-content\/uploads\/2025\/08\/Anvar_Salomets_RBGF2018_Day2.pdf\" target=\"_blank\">presentation<\/a target=\"_blank\"><\/a>)<\/span><br \/> <strong>Mr. Anvar Salomets,<\/strong><br \/> Chief Technical Officer, Rail Baltic Estonia<\/p>\n<p><span style=\"color: #003787;\"><strong>Q&amp;A Session<\/strong><\/span><\/p>\n<\/td>\n<\/tr>\n<tr>\n<td style=\"width: 97px;\">14:00\u201315:00<\/td>\n<td style=\"width: 1023px;\">\n<div><span style=\"color: #003787;\"><a style=\"color: #003787;\" href=\"https:\/\/youtu.be\/IkEW_ngfj7U\"><em><strong>Working Session II<\/strong><\/em><\/a><\/span><\/div>\n<div><em>\u201eRail Baltica \u2013 Digitalisation and Innovation opportunities\u201c<\/em><\/div>\n<p><span style=\"color: #003787;\"><strong><a style=\"color: #003787;\" href=\"https:\/\/youtu.be\/9SubQOIJ41A\">Why digitalisation and innovation should be on agenda of any new transportation infrastructure project?<\/a> <\/strong><\/span>(<a href=\"https:\/\/www.railbaltica.org\/wp-content\/uploads\/2025\/08\/Carlo_Borghini_RBGF2018_Day2.pdf\" target=\"_blank\">presentation<\/a target=\"_blank\"><\/a>)<br \/> <strong>Mr. Carlo Borghini,<\/strong><br \/> Executive Director, Shift2Rail<\/p>\n<p><strong><span style=\"color: #003787;\"><a style=\"color: #003787;\" href=\"https:\/\/youtu.be\/LYAYa1d49-I\">Rail Baltica \u2013 a platform for digitalization and innovation<\/a><\/span>\u00a0<\/strong>(<a href=\"https:\/\/www.railbaltica.org\/wp-content\/uploads\/2025\/08\/Kaspars_Briskens_RBGF2018_Day2.pdf\" target=\"_blank\">presentation<\/a target=\"_blank\"><\/a>)<br \/> <strong>Mr. Kaspars Bri\u0161kens,<\/strong><br \/> Business Development Manager, RB Rail AS<\/p>\n<p><strong><a href=\"https:\/\/youtu.be\/K4j0S-dIXDk\"><span style=\"color: #003787;\">ADIF digitalisation and Innovation experience<\/span><\/a>\u00a0<\/strong>(<a href=\"https:\/\/www.railbaltica.org\/wp-content\/uploads\/2025\/08\/Javier_IbC3A1C3B1e_de_Yrigoyen_RBGF2018_Day2.pdf\" target=\"_blank\">presentation<\/a target=\"_blank\"><\/a>)<br \/> <strong>Mr. Javier Ib\u00e1\u00f1ez de Yrigoyen,<\/strong>\u00a0<br \/> International Projects Directorate \/ Innovation Projects, ADIF<\/p>\n<p><strong><span style=\"color: #003787;\"><a style=\"color: #003787;\" href=\"https:\/\/youtu.be\/NhbZ6y-zPd4\">What are the driverless train opportunities for Rail Baltica?<\/a><\/span>\u00a0<\/strong>(<a href=\"https:\/\/www.railbaltica.org\/wp-content\/uploads\/2025\/08\/Paulius_Valiulis_RBGF2018_Day2-1.pdf\" target=\"_blank\">presentation<\/a target=\"_blank\"><\/a>)<br \/> <strong>Mr. Paulius Valiulis,\u00a0<\/strong><br \/> Head of Innovation Laboratory, Lithuanian railways AB<\/p>\n<p><span style=\"color: #003787;\"><strong>Q&amp;A Session<\/strong><\/span><\/p>\n<\/td>\n<\/tr>\n<tr>\n<td style=\"width: 97px;\">15:30\u201316:15<\/td>\n<td style=\"width: 1023px;\">\n<div><span style=\"color: #003787;\"><a style=\"color: #003787;\" href=\"https:\/\/youtu.be\/55p485qSUY4\"><em><strong>Working Session III<\/strong><\/em><\/a><\/span><\/div>\n<div><em>\u201eThe role of the VIM in the construction of transport infrastructure\u201c<\/em><\/div>\n<div>\u00a0<\/div>\n<div>\u00a0<\/div>\n<div><span style=\"color: #003787;\"><strong><a style=\"color: #003787;\" href=\"https:\/\/youtu.be\/L5VUash97WA\">Rail Baltica BIM Implementation Vision<\/a>\u00a0<\/strong><\/span>(<a href=\"https:\/\/www.railbaltica.org\/wp-content\/uploads\/2025\/07\/Raitis_Busmanis_RBGF2018_Day2.pdf\" target=\"_blank\">presentation<\/a target=\"_blank\"><\/a><\/a>)<\/div>\n<div><strong>Mr. Raitis Bu\u0161manis,<\/strong><br \/> BIM Manager, RB Rail AS<\/div>\n<div>\u00a0<\/div>\n<div><strong><a href=\"https:\/\/youtu.be\/QBkxP8wCxNg\"><span style=\"color: #003787;\">Rail Baltica \u2013 a part of Digital Building Initiative in Estonia<\/span><\/a>\u00a0<\/strong>(<a href=\"https:\/\/www.railbaltica.org\/wp-content\/uploads\/2025\/08\/Risto_Vahenurm_RBGF2018_Day2.pdf\" target=\"_blank\">presentation<\/a target=\"_blank\"><\/a>)<\/div>\n<div><strong>Mr. Risto Vahenurm,\u00a0<\/strong><br \/> Managing Director, Estonian Digital Construction alliance<\/div>\n<div>\u00a0<\/div>\n<div><strong><a href=\"https:\/\/youtu.be\/aAa5-zIxrsw\"><span style=\"color: #003787;\">BIM \u2013 The challenges and opportunities for Rail<\/span><\/a>\u00a0<\/strong>(<a href=\"https:\/\/www.railbaltica.org\/wp-content\/uploads\/2025\/08\/Simon_Wray_RBGF2018_Day2-1.pdf\" target=\"_blank\">presentation<\/a target=\"_blank\"><\/a>)<\/div>\n<div><strong>Mr. Simon Wray,\u00a0<\/strong><br \/> Infrastructure Lead, The BIMstitute, UK<\/div>\n<p><span style=\"color: #003787;\"><strong>Q&amp;A Session<\/strong><\/span><\/p>\n<\/td>\n<\/tr>\n<tr>\n<td style=\"width: 97px;\">16:15\u201316:30<\/td>\n<td style=\"width: 1023px;\"><span style=\"color: #003787;\"><a style=\"color: #003787;\" href=\"https:\/\/youtu.be\/3yw5KNif0dg\"><strong>Closing Remarks<\/strong><\/a><\/span><\/td>\n<\/tr>\n<\/tbody>\n<\/table>\n\n                    <\/div>\n    <\/div>\n<\/section>\n\n\n<section\n    class=\"overflow-hidden py-5 md:pt-5 md:pb-10 align wp-block-button-cta-block !pt-[0]\"\n>\n    <div\n        class=\"container w-full relative flex flex-col items-start z-10\"\n    >\n        <div\n            class=\"w-full border-t border-dark pt-5 mt-4 md:mt-5 md:pt-10\"\n        >\n        <\/div>\n\n                    <a\n        href=\"\/lt\/naujienos\/\"\n                class=\"btn-outline-dark mx-auto\"\n    >\n        \n        Gr\u012f\u017eti \u012f visas naujienas\n        \n        \n    <\/a>\n            <\/div>\n<\/section>\n","protected":false},"excerpt":{"rendered":"<p>Rail Baltica on track (presentation)<br \/>\nMs. Baiba Rubesa,<br \/>\nCEO and Chairperson of the Management Board, RB Rail AS<\/p>\n","protected":false},"featured_media":11834,"template":"","news_category":[],"class_list":["post-11837","news","type-news","status-publish","has-post-thumbnail","hentry"],"acf":[],"yoast_head":"<!-- This site is optimized with the Yoast SEO plugin v27.5 - https:\/\/yoast.com\/product\/yoast-seo-wordpress\/ -->\n<title>Rail Baltica Global Forum 2018 - RB<\/title>\n<meta name=\"robots\" content=\"index, follow, max-snippet:-1, max-image-preview:large, max-video-preview:-1\" \/>\n<link rel=\"canonical\" href=\"https:\/\/www.railbaltica.org\/naujienos\/rail-baltica-global-forum-2018\/\" \/>\n<meta property=\"og:locale\" content=\"lt_LT\" \/>\n<meta property=\"og:type\" content=\"article\" \/>\n<meta property=\"og:title\" content=\"Rail Baltica Global Forum 2018 - RB\" \/>\n<meta property=\"og:description\" content=\"Rail Baltica on track (presentation) Ms. Baiba Rubesa, CEO and Chairperson of the Management Board, RB Rail AS\" \/>\n<meta property=\"og:url\" content=\"https:\/\/www.railbaltica.org\/naujienos\/rail-baltica-global-forum-2018\/\" \/>\n<meta property=\"og:site_name\" content=\"RB\" \/>\n<meta property=\"article:modified_time\" content=\"2025-08-21T18:24:25+00:00\" \/>\n<meta property=\"og:image\" content=\"https:\/\/www.railbaltica.org\/wp-content\/uploads\/2025\/07\/Untitled_last.png\" \/>\n\t<meta property=\"og:image:width\" content=\"886\" \/>\n\t<meta property=\"og:image:height\" content=\"549\" \/>\n\t<meta property=\"og:image:type\" content=\"image\/png\" \/>\n<meta name=\"twitter:card\" content=\"summary_large_image\" \/>\n<script type=\"application\/ld+json\" class=\"yoast-schema-graph\">{\"@context\":\"https:\\\/\\\/schema.org\",\"@graph\":[{\"@type\":\"WebPage\",\"@id\":\"https:\\\/\\\/www.railbaltica.org\\\/naujienos\\\/rail-baltica-global-forum-2018\\\/\",\"url\":\"https:\\\/\\\/www.railbaltica.org\\\/naujienos\\\/rail-baltica-global-forum-2018\\\/\",\"name\":\"Rail Baltica Global Forum 2018 - RB\",\"isPartOf\":{\"@id\":\"https:\\\/\\\/www.railbaltica.org\\\/#website\"},\"primaryImageOfPage\":{\"@id\":\"https:\\\/\\\/www.railbaltica.org\\\/naujienos\\\/rail-baltica-global-forum-2018\\\/#primaryimage\"},\"image\":{\"@id\":\"https:\\\/\\\/www.railbaltica.org\\\/naujienos\\\/rail-baltica-global-forum-2018\\\/#primaryimage\"},\"thumbnailUrl\":\"https:\\\/\\\/www.railbaltica.org\\\/wp-content\\\/uploads\\\/2025\\\/07\\\/Untitled_last.png\",\"datePublished\":\"2018-02-08T12:16:11+00:00\",\"dateModified\":\"2025-08-21T18:24:25+00:00\",\"breadcrumb\":{\"@id\":\"https:\\\/\\\/www.railbaltica.org\\\/naujienos\\\/rail-baltica-global-forum-2018\\\/#breadcrumb\"},\"inLanguage\":\"lt-LT\",\"potentialAction\":[{\"@type\":\"ReadAction\",\"target\":[\"https:\\\/\\\/www.railbaltica.org\\\/naujienos\\\/rail-baltica-global-forum-2018\\\/\"]}]},{\"@type\":\"ImageObject\",\"inLanguage\":\"lt-LT\",\"@id\":\"https:\\\/\\\/www.railbaltica.org\\\/naujienos\\\/rail-baltica-global-forum-2018\\\/#primaryimage\",\"url\":\"https:\\\/\\\/www.railbaltica.org\\\/wp-content\\\/uploads\\\/2025\\\/07\\\/Untitled_last.png\",\"contentUrl\":\"https:\\\/\\\/www.railbaltica.org\\\/wp-content\\\/uploads\\\/2025\\\/07\\\/Untitled_last.png\",\"width\":886,\"height\":549},{\"@type\":\"BreadcrumbList\",\"@id\":\"https:\\\/\\\/www.railbaltica.org\\\/naujienos\\\/rail-baltica-global-forum-2018\\\/#breadcrumb\",\"itemListElement\":[{\"@type\":\"ListItem\",\"position\":1,\"name\":\"Home\",\"item\":\"https:\\\/\\\/www.railbaltica.org\\\/lt\\\/\"},{\"@type\":\"ListItem\",\"position\":2,\"name\":\"Rail Baltica Global Forum 2018\"}]},{\"@type\":\"WebSite\",\"@id\":\"https:\\\/\\\/www.railbaltica.org\\\/#website\",\"url\":\"https:\\\/\\\/www.railbaltica.org\\\/\",\"name\":\"RB\",\"description\":\"\",\"potentialAction\":[{\"@type\":\"SearchAction\",\"target\":{\"@type\":\"EntryPoint\",\"urlTemplate\":\"https:\\\/\\\/www.railbaltica.org\\\/?s={search_term_string}\"},\"query-input\":{\"@type\":\"PropertyValueSpecification\",\"valueRequired\":true,\"valueName\":\"search_term_string\"}}],\"inLanguage\":\"lt-LT\"}]}<\/script>\n<!-- \/ Yoast SEO plugin. -->","yoast_head_json":{"title":"Rail Baltica Global Forum 2018 - RB","robots":{"index":"index","follow":"follow","max-snippet":"max-snippet:-1","max-image-preview":"max-image-preview:large","max-video-preview":"max-video-preview:-1"},"canonical":"https:\/\/www.railbaltica.org\/naujienos\/rail-baltica-global-forum-2018\/","og_locale":"lt_LT","og_type":"article","og_title":"Rail Baltica Global Forum 2018 - RB","og_description":"Rail Baltica on track (presentation) Ms. Baiba Rubesa, CEO and Chairperson of the Management Board, RB Rail AS","og_url":"https:\/\/www.railbaltica.org\/naujienos\/rail-baltica-global-forum-2018\/","og_site_name":"RB","article_modified_time":"2025-08-21T18:24:25+00:00","og_image":[{"width":886,"height":549,"url":"https:\/\/www.railbaltica.org\/wp-content\/uploads\/2025\/07\/Untitled_last.png","type":"image\/png"}],"twitter_card":"summary_large_image","schema":{"@context":"https:\/\/schema.org","@graph":[{"@type":"WebPage","@id":"https:\/\/www.railbaltica.org\/naujienos\/rail-baltica-global-forum-2018\/","url":"https:\/\/www.railbaltica.org\/naujienos\/rail-baltica-global-forum-2018\/","name":"Rail Baltica Global Forum 2018 - RB","isPartOf":{"@id":"https:\/\/www.railbaltica.org\/#website"},"primaryImageOfPage":{"@id":"https:\/\/www.railbaltica.org\/naujienos\/rail-baltica-global-forum-2018\/#primaryimage"},"image":{"@id":"https:\/\/www.railbaltica.org\/naujienos\/rail-baltica-global-forum-2018\/#primaryimage"},"thumbnailUrl":"https:\/\/www.railbaltica.org\/wp-content\/uploads\/2025\/07\/Untitled_last.png","datePublished":"2018-02-08T12:16:11+00:00","dateModified":"2025-08-21T18:24:25+00:00","breadcrumb":{"@id":"https:\/\/www.railbaltica.org\/naujienos\/rail-baltica-global-forum-2018\/#breadcrumb"},"inLanguage":"lt-LT","potentialAction":[{"@type":"ReadAction","target":["https:\/\/www.railbaltica.org\/naujienos\/rail-baltica-global-forum-2018\/"]}]},{"@type":"ImageObject","inLanguage":"lt-LT","@id":"https:\/\/www.railbaltica.org\/naujienos\/rail-baltica-global-forum-2018\/#primaryimage","url":"https:\/\/www.railbaltica.org\/wp-content\/uploads\/2025\/07\/Untitled_last.png","contentUrl":"https:\/\/www.railbaltica.org\/wp-content\/uploads\/2025\/07\/Untitled_last.png","width":886,"height":549},{"@type":"BreadcrumbList","@id":"https:\/\/www.railbaltica.org\/naujienos\/rail-baltica-global-forum-2018\/#breadcrumb","itemListElement":[{"@type":"ListItem","position":1,"name":"Home","item":"https:\/\/www.railbaltica.org\/lt\/"},{"@type":"ListItem","position":2,"name":"Rail Baltica Global Forum 2018"}]},{"@type":"WebSite","@id":"https:\/\/www.railbaltica.org\/#website","url":"https:\/\/www.railbaltica.org\/","name":"RB","description":"","potentialAction":[{"@type":"SearchAction","target":{"@type":"EntryPoint","urlTemplate":"https:\/\/www.railbaltica.org\/?s={search_term_string}"},"query-input":{"@type":"PropertyValueSpecification","valueRequired":true,"valueName":"search_term_string"}}],"inLanguage":"lt-LT"}]}},"_links":{"self":[{"href":"https:\/\/www.railbaltica.org\/lt\/wp-json\/wp\/v2\/news\/11837","targetHints":{"allow":["GET"]}}],"collection":[{"href":"https:\/\/www.railbaltica.org\/lt\/wp-json\/wp\/v2\/news"}],"about":[{"href":"https:\/\/www.railbaltica.org\/lt\/wp-json\/wp\/v2\/types\/news"}],"wp:featuredmedia":[{"embeddable":true,"href":"https:\/\/www.railbaltica.org\/lt\/wp-json\/wp\/v2\/media\/11834"}],"wp:attachment":[{"href":"https:\/\/www.railbaltica.org\/lt\/wp-json\/wp\/v2\/media?parent=11837"}],"wp:term":[{"taxonomy":"news_category","embeddable":true,"href":"https:\/\/www.railbaltica.org\/lt\/wp-json\/wp\/v2\/news_category?post=11837"}],"curies":[{"name":"wp","href":"https:\/\/api.w.org\/{rel}","templated":true}]}}