{"id":11492,"date":"2017-05-23T07:44:55","date_gmt":"2017-05-23T07:44:55","guid":{"rendered":"https:\/\/www.railbaltica.org\/news\/galimi-tiekejai-dziaugiasi-del-rail-baltica\/"},"modified":"2025-08-21T18:24:36","modified_gmt":"2025-08-21T18:24:36","slug":"galimi-tiekejai-dziaugiasi-del-rail-baltica","status":"publish","type":"news","link":"https:\/\/www.railbaltica.org\/lt\/naujienos\/galimi-tiekejai-dziaugiasi-del-rail-baltica\/","title":{"rendered":"Galimi tiek\u0117jai d\u017eiaugiasi d\u0117l Rail Baltica"},"content":{"rendered":"<section\n    class=\"align wp-block-hero-page-block relative flex overflow-hidden z-10 mt-20 md:mt-52\"\n>\n            <div\n            class=\"container md:!px-14\"\n        >\n            <div\n                class=\"bg-dark text-white rounded p-4 md:p-10\"\n            >\n                                <div\n    class=\"flex justify-between border-t pt-2.5 my-5 text-sm\"\n>\n    <span>Pasidalinkite naujienomis<\/span>\n    <ul\n        class=\"flex items-center gap-5\"\n    >\n        <li>\n            <a\n                href=\"https:\/\/www.facebook.com\/sharer\/sharer.php?u=https%3A%2F%2Fwww.railbaltica.org%2Flt%2Fnaujienos%2Fgalimi-tiekejai-dziaugiasi-del-rail-baltica%2F\"\n                target=\"_blank\"\n                rel=\"noopener noreferrer\"\n                aria-label=\"Share on Facebook\"\n                class=\"transition-opacity hover:opacity-75\"\n            >\n                <svg\n                    width=\"20\"\n                    height=\"20\"\n                    viewBox=\"0 0 20 20\"\n                    fill=\"none\"\n                    xmlns=\"http:\/\/www.w3.org\/2000\/svg\"\n                >\n                    <path\n                        d=\"M7.5 6.66667H5V10H7.5V20H11.6667V10H14.7017L15 6.66667H11.6667V5.2775C11.6667 4.48167 11.8267 4.16667 12.5958 4.16667H15V0H11.8267C8.83 0 7.5 1.31917 7.5 3.84583V6.66667Z\"\n                        fill=\"white\"\n                    \/>\n                <\/svg>\n            <\/a>\n        <\/li>\n        <li>\n            <a\n                href=\"https:\/\/twitter.com\/intent\/tweet?url=https%3A%2F%2Fwww.railbaltica.org%2Flt%2Fnaujienos%2Fgalimi-tiekejai-dziaugiasi-del-rail-baltica%2F&amp;text=Galimi+tiek%C4%97jai+d%C5%BEiaugiasi+d%C4%97l+Rail+Baltica\"\n                target=\"_blank\"\n                rel=\"noopener noreferrer\"\n                aria-label=\"Share on Twitter\"\n                class=\"transition-opacity hover:opacity-75\"\n            >\n                <svg\n                    width=\"20\"\n                    height=\"20\"\n                    viewBox=\"0 0 20 20\"\n                    fill=\"none\"\n                    xmlns=\"http:\/\/www.w3.org\/2000\/svg\"\n                >\n                    <path\n                        d=\"M14.7313 2.68748H17.238L11.763 8.88248L18.2038 17.3125H13.1597L9.20966 12.2L4.68966 17.3125H2.18299L8.03883 10.6866L1.86133 2.68665H7.03216L10.603 7.35998L14.7322 2.68665L14.7313 2.68748ZM13.8522 15.8275H15.2405L6.27716 4.09415H4.78716L13.8522 15.8275Z\"\n                        fill=\"white\"\n                    \/>\n                <\/svg>\n            <\/a>\n        <\/li>\n        <li>\n            <a\n                href=\"https:\/\/www.linkedin.com\/sharing\/share-offsite\/?url=https%3A%2F%2Fwww.railbaltica.org%2Flt%2Fnaujienos%2Fgalimi-tiekejai-dziaugiasi-del-rail-baltica%2F\"\n                target=\"_blank\"\n                rel=\"noopener noreferrer\"\n                aria-label=\"Share on LinkedIn\"\n                class=\"transition-opacity hover:opacity-75\"\n            >\n                <svg\n                    width=\"20\"\n                    height=\"20\"\n                    viewBox=\"0 0 20 20\"\n                    fill=\"none\"\n                    xmlns=\"http:\/\/www.w3.org\/2000\/svg\"\n                >\n                    <path\n                        d=\"M18.4097 0.000139829H1.46998C1.27956 -0.00250476 1.09049 0.0323869 0.913553 0.102822C0.73662 0.173257 0.575295 0.277857 0.438791 0.410646C0.302287 0.543436 0.193279 0.701814 0.11799 0.876737C0.0427018 1.05166 0.00260836 1.2397 0 1.43012V18.5699C0.00260836 18.7603 0.0427018 18.9483 0.11799 19.1233C0.193279 19.2982 0.302287 19.4566 0.438791 19.5894C0.575295 19.7221 0.73662 19.8267 0.913553 19.8972C1.09049 19.9676 1.27956 20.0025 1.46998 19.9999H18.4097C18.6002 20.0025 18.7892 19.9676 18.9662 19.8972C19.1431 19.8267 19.3044 19.7221 19.4409 19.5894C19.5774 19.4566 19.6864 19.2982 19.7617 19.1233C19.837 18.9483 19.8771 18.7603 19.8797 18.5699V1.43012C19.8771 1.2397 19.837 1.05166 19.7617 0.876737C19.6864 0.701814 19.5774 0.543436 19.4409 0.410646C19.3044 0.277857 19.1431 0.173257 18.9662 0.102822C18.7892 0.0323869 18.6002 -0.00250476 18.4097 0.000139829ZM6.02992 16.7399H3.02996V7.74003H6.02992V16.7399ZM4.52994 6.48005C4.1162 6.48005 3.71942 6.31569 3.42687 6.02314C3.13431 5.73059 2.96996 5.3338 2.96996 4.92007C2.96996 4.50634 3.13431 4.10955 3.42687 3.817C3.71942 3.52445 4.1162 3.36009 4.52994 3.36009C4.74963 3.33518 4.97211 3.35695 5.1828 3.42398C5.3935 3.491 5.58766 3.60178 5.75258 3.74905C5.91749 3.89632 6.04944 4.07676 6.13979 4.27856C6.23013 4.48036 6.27683 4.69897 6.27683 4.92007C6.27683 5.14117 6.23013 5.35978 6.13979 5.56158C6.04944 5.76338 5.91749 5.94382 5.75258 6.09109C5.58766 6.23836 5.3935 6.34914 5.1828 6.41617C4.97211 6.48319 4.74963 6.50496 4.52994 6.48005ZM16.8498 16.7399H13.8498V11.91C13.8498 10.7 13.4198 9.91 12.3298 9.91C11.9925 9.91247 11.664 10.0183 11.3887 10.2132C11.1133 10.4081 10.9043 10.6827 10.7899 11C10.7116 11.235 10.6777 11.4826 10.6899 11.73V16.7299H7.68989V7.73003H10.6899V9.00001C10.9624 8.52713 11.3587 8.13755 11.8363 7.87323C12.3138 7.60892 12.8544 7.47989 13.3998 7.50003C15.3998 7.50003 16.8498 8.79002 16.8498 11.56V16.7399Z\"\n                        fill=\"white\"\n                    \/>\n                <\/svg>\n            <\/a>\n        <\/li>\n        <li>\n            <button\n                type=\"button\"\n                class=\"copy-url-btn relative my-auto flex transition-opacity hover:opacity-75\"\n                data-url=\"https:\/\/www.railbaltica.org\/lt\/naujienos\/galimi-tiekejai-dziaugiasi-del-rail-baltica\/\"\n            >\n                <svg\n                    width=\"21\"\n                    height=\"21\"\n                    viewBox=\"0 0 21 21\"\n                    fill=\"none\"\n                    xmlns=\"http:\/\/www.w3.org\/2000\/svg\"\n                >\n                    <path\n                        d=\"M10.5205 20C15.7661 20 20 15.7455 20 10.4795C20 5.23392 15.7661 1 10.5205 1M10.5205 20C5.25446 20 1 15.7455 1 10.4795C1 5.23392 5.25446 1 10.5205 1M10.5205 20V1M18.7429 5.75H2.26324M18.7958 15.1345H2.21035M1.05135 10.5H19.9486M10.5103 20C13.1333 20 15.25 15.7455 15.25 10.4795C15.25 5.23392 13.1333 1 10.5103 1C7.87697 1 5.75 5.23392 5.75 10.4795C5.75 15.7455 7.87697 20 10.5103 20Z\"\n                        stroke=\"white\"\n                        stroke-linecap=\"round\"\n                        stroke-linejoin=\"round\"\n                    \/>\n                <\/svg>\n                <span\n                    class=\"absolute hidden translate-x-[-10px] translate-y-[30px]\"\n                >Copied!<\/span>\n            <\/button>\n        <\/li>\n    <\/ul>\n<\/div>\n\n                                    <time\n                        datetime=\"\"\n                        class=\"mb-2.5 flex text-xl text-blue\"\n                    >\n                        23.05.2017\n                    <\/time>\n                \n                                    <h1 class='h1 max-w-198'>\n            Galimi tiek\u0117jai d\u017eiaugiasi d\u0117l Rail Baltica\n        <\/h1>\n                \n                            <\/div>\n        <\/div>\n    <\/section>\n\n<section\n    class=\"overflow-hidden py-5 md:pt-10 md:pb-5 align wp-block-excerpt-block\"\n>\n    <div\n        class=\"container relative flex flex-col items-start z-10 md:text-xl lg:!px-4\"\n    >\n                    <div\n                class=\"textual w-full text-dark text-xl lg:px-12 md:mx-auto md:max-w-222 md:text-xl\"\n            >\n                \u201eForumas dav\u0117 ai\u0161k\u0173 signal\u0105, kad \u0161iuo megaprojektu susidom\u0117jo daugyb\u0117 organizacij\u0173, tai i\u0161ties \u2013 vienas i\u0161 ambicingiausi\u0173 \u0161io am\u017eiaus projekt\u0173. Labai svarbu b\u016bti \u010dia ir jausti jo puls\u0105\u201c, \u2013 kalb\u0117jo Laura Geistarde-\u0160ube, FIMA, i\u0161mani\u0173j\u0173 in\u017einerijos sprendim\u0173 \u012fmon\u0117s, Latvijos filialo atstov\u0117. L.\u00a0Geistarde-\u0160ube taip pat sak\u0117 tikinti, kad visi forumo dalyviai yra did\u017eiuli\u0173 transporto sektoriaus poky\u010di\u0173 liudininkai: \u201eManau, kad tai did\u017eiulis \u0161uolis \u012f ateit\u012f ir Europ\u0105\u201c.\n            <\/div>\n            <\/div>\n<\/section>\n\n\n<section\n    class=\"py-5 md:py-10 align wp-block-textual-block\"\n>\n    <div\n        class=\"container\"\n    >\n        <div\n            class=\"textual w-full text-xl text-dark break-words [&#038;_span]:!text-dark [&#038;_a]:!text-dark\"\n        >\n                            <p>Rygoje, Latvijoje, iki \u0161iol reik\u0161mingiausiame renginyje, skirtame projekto Rail Baltica tiek\u0117jams \u2013 Pramon\u0117s tiek\u0117j\u0173 dienoje, kuri vyko 2017 m. baland\u017eio 25 d. per Rail Baltica globalaus projekto forum\u0105 2017, dalyvavo daugiau nei 200 \u012fmoni\u0173 atstov\u0173 i\u0161 19 \u0161ali\u0173. Kalbinti tiek\u0117jai pasidalijo su projektu susijusiais ateities planais, ketinimais kurti partneryst\u0119 su Baltijos ir kit\u0173 \u0161ali\u0173 \u012fmon\u0117mis ir dalyvauti b\u016bsimuose Rail Baltica konkursuose.<\/p>\n<p>Tarp dalyvi\u0173 buvo daug Rail Baltica projekto vystymu besidomin\u010di\u0173 pramon\u0117s \u0161ak\u0173 \u012fmoni\u0173 atstov\u0173, \u012f\u017evelgian\u010di\u0173 savo verslo augimo galimybes. Po renginio bendra nuomon\u0117 apie projekt\u0105 buvo teigiama, kalbinti tiek\u0117jai pripa\u017eino, kad juos labai sudomino galimyb\u0117 dalyvauti \u0161iame dideliame projekte.<\/p>\n<p><strong>Laura Geistarde-\u0160ube<\/strong>, FIMA, i\u0161mani\u0173j\u0173 in\u017einerijos sprendim\u0173 \u012fmon\u0117s, Latvijos filialo atstov\u0117. L.\u00a0Geistarde-\u0160ube taip pat sak\u0117 tikinti, kad visi forumo dalyviai yra did\u017eiuli\u0173 transporto sektoriaus poky\u010di\u0173 liudininkai: \u201eManau, kad tai did\u017eiulis \u0161uolis \u012f ateit\u012f ir Europ\u0105\u201c.<\/p>\n<p><strong>Mika R\u00e4is\u00e4nenas<\/strong>, Suomijos geologijos tarnybos, teikian\u010dios ekspertiz\u0117s paslaugas, atstovas, taip pat pabr\u0117\u017e\u0117 kontakt\u0173 paie\u0161kos b\u016btinyb\u0119 \u0161iame projekto etape. \u201eNors pasiruo\u0161imas projektui truko ilgai, dabar svarbu b\u016bti jo prad\u017eioje, susitikti su reikiamais \u017emon\u0117mis, u\u017emegzti ry\u0161ius ir i\u0161reik\u0161ti param\u0105 projektui\u201c, \u2013 sak\u0117 M.\u00a0R\u00e4is\u00e4nenas.<\/p>\n<p>Naudos i\u0161 projekto gaus ne tik statybos, in\u017einerijos, logistikos ir kitos sritys, glaud\u017eiai susijusios su projekto apimtimi. <strong>Aldis Riekstin\u0161<\/strong>, Latvijos nekilnojamojo turto agent\u016bros \u201eLatio\u201c atstovas, \u012fsitikin\u0119s, kad projektas tur\u0117s tiesiogin\u012f stipr\u0173 poveik\u012f nekilnojamojo turto rinkai, nes infrastrukt\u016bra sukuria galimybes pl\u0117toti versl\u0105 gretimose teritorijose. \u201eInvesticijos \u012f infrastrukt\u016br\u0105 tik skatina nekilnojamojo turto rink\u0105. Jei n\u0117ra infrastrukt\u016bros, n\u0117ra ir verslo. Ten, kur yra reikiama infrastrukt\u016bra, susikurs ir verslas\u201c, \u2013 pa\u017eym\u0117jo A.\u00a0Riekstin\u0161.<\/p>\n<p>Visi forume dalyvav\u0119 tiek\u0117jai d\u017eiaug\u0117si galimybe u\u017emegzti partneryst\u0119 \u2013 ypa\u010d u\u017esienio \u012fmon\u0117s, kurioms tr\u016bksta \u017eini\u0173 apie vietin\u0119 rink\u0105. <strong>Peteris Boje<\/strong>, Danijos gele\u017einkelio signalizacijos \u012fmon\u0117s \u201eRosenfelt &amp; West Engineering\u201c generalinis direktorius, teig\u0117: \u201eMums labai svarbu u\u017emegzti glaud\u017eius ry\u0161ius su vietin\u0117mis Estijos, Latvijos ir Lietuvos \u012fmon\u0117mis, galin\u010diomis pad\u0117ti mums dalyvauti konkursuose. Taip pat svarbu suprasti, kokie yra u\u017esakovo poreikiai, tad esame atviri partnerystei ir bendradarbiavimui su vietin\u0117mis \u012emon\u0117mis.\u201c P.\u00a0Boje pabr\u0117\u017e\u0117, kad jo bendrov\u0117 realiai \u012fvertino pad\u0117t\u012f ir nori dalyvauti keliuose nedideliuose konkursuose, nes ankstesn\u0117 patirtis rodo, kad \u0161is projektas bus itin stambus.<\/p>\n<p>Londone registruota \u012fmon\u0117 \u201eNichols Group\u201c, kurios specializacija \u2013 i\u0161manusis klient\u0173 ir program\u0173 valdymas, taip pat i\u0161rei\u0161k\u0117 susidom\u0117jim\u0105 projektu Rail Baltica. \u0160i \u012fmon\u0117 vertina Rail Baltica ne tik kaip svarb\u0173 ir sud\u0117ting\u0105 gele\u017einkelio projekt\u0105, bet ir kaip ekonomin\u0117s pl\u0117tros galimybes, kurias pripa\u017e\u012fsta ir projekto \u0161alys, ir ES. \u012emon\u0117s atstovas <strong>Simonas Webbas<\/strong> palygino Rail Baltica su kitais did\u017eiuliais gele\u017einkelio projektais, pvz., \u201eCrossrail\u201c \u2013 \u0161iuo metu statomu did\u017eiuliu gele\u017einkeliu Londone, ir H2S projektu, kuris Londone dabar tik pradedamas.<\/p>\n<p><strong>AS \u201eRB Rail\u201c<\/strong><\/p>\n<p>AS \u201eRB Rail\u201c yra bendra trij\u0173 Baltijos \u0161ali\u0173 \u012fmon\u0117, \u012fsteigta 2014\u00a0m. spalio m\u0117n. Trys AS \u201eRB Rail\u201c akcininkai \u2013 SIA \u201eEiropas dzelzce\u013ca l\u012bnijas\u201c Latvijoje, UAB \u201eRail Baltica statyba\u201c Lietuvoje ir OU \u201eRail Baltic Estonia\u201c Estijoje \u2013 turi po lygiai akcij\u0173. AS \u201eRB Rail\u201c yra centrinis projekto Rail Baltic \/ Rail Baltica koordinatorius. \u012egyvendinant projekt\u0105 numatyta nutiesti greitojo gele\u017einkelio linij\u0105 nuo Talino iki Lietuvos ir Lenkijos valstybin\u0117s sienos. Rail Baltic \/ Rail Baltica bus elektrifikuota vie\u0161a gele\u017einkelio linija \u2013 ekologi\u0161ka ir moderni transporto sistema.<\/p>\n<p><strong>I\u0161samesn\u0119 informacij\u0105 teikia<\/strong><\/p>\n<p><strong>Ligita Brodi\u0146a<br \/> <\/strong>Komunikacijos konsultant\u0117<br \/> +371 29416096<br \/> <a href=\"mailto:ligita.brodina@vilands.lv\">ligita.brodina@vilands.lv<\/a><\/p>\n\n                    <\/div>\n    <\/div>\n<\/section>\n\n\n<section\n    class=\"overflow-hidden py-5 md:pt-5 md:pb-10 align wp-block-button-cta-block !pt-[0]\"\n>\n    <div\n        class=\"container w-full relative flex flex-col items-start z-10\"\n    >\n        <div\n            class=\"w-full border-t border-dark pt-5 mt-4 md:mt-5 md:pt-10\"\n        >\n        <\/div>\n\n                    <a\n        href=\"\/lt\/naujienos\/\"\n                class=\"btn-outline-dark mx-auto\"\n    >\n        \n        Gr\u012f\u017eti \u012f visas naujienas\n        \n        \n    <\/a>\n            <\/div>\n<\/section>\n","protected":false},"excerpt":{"rendered":"<p>\u201eForumas dav\u0117 ai\u0161k\u0173 signal\u0105, kad \u0161iuo megaprojektu susidom\u0117jo daugyb\u0117 organizacij\u0173, tai i\u0161ties \u2013 vienas i\u0161 ambicingiausi\u0173 \u0161io am\u017eiaus projekt\u0173. Labai svarbu b\u016bti \u010dia ir jausti jo puls\u0105\u201c, \u2013 kalb\u0117jo Laura Geistarde-\u0160ube, FIMA, i\u0161mani\u0173j\u0173 in\u017einerijos sprendim\u0173 \u012fmon\u0117s, Latvijos filialo atstov\u0117. L.\u00a0Geistarde-\u0160ube taip pat sak\u0117 tikinti, kad visi forumo dalyviai yra did\u017eiuli\u0173 transporto sektoriaus poky\u010di\u0173 liudininkai: \u201eManau, kad tai did\u017eiulis \u0161uolis \u012f ateit\u012f ir Europ\u0105\u201c.<\/p>\n","protected":false},"featured_media":11480,"template":"","news_category":[],"class_list":["post-11492","news","type-news","status-publish","has-post-thumbnail","hentry"],"acf":[],"yoast_head":"<!-- This site is optimized with the Yoast SEO plugin v27.5 - https:\/\/yoast.com\/product\/yoast-seo-wordpress\/ -->\n<title>Galimi tiek\u0117jai d\u017eiaugiasi d\u0117l Rail Baltica - RB<\/title>\n<meta name=\"robots\" content=\"index, follow, max-snippet:-1, max-image-preview:large, max-video-preview:-1\" \/>\n<link rel=\"canonical\" href=\"https:\/\/www.railbaltica.org\/naujienos\/excitement-for-the-project-from-rail-baltica-potential-suppliers\/\" \/>\n<meta property=\"og:locale\" content=\"lt_LT\" \/>\n<meta property=\"og:type\" content=\"article\" \/>\n<meta property=\"og:title\" content=\"Galimi tiek\u0117jai d\u017eiaugiasi d\u0117l Rail Baltica - RB\" \/>\n<meta property=\"og:description\" content=\"\u201eForumas dav\u0117 ai\u0161k\u0173 signal\u0105, kad \u0161iuo megaprojektu susidom\u0117jo daugyb\u0117 organizacij\u0173, tai i\u0161ties \u2013 vienas i\u0161 ambicingiausi\u0173 \u0161io am\u017eiaus projekt\u0173. Labai svarbu b\u016bti \u010dia ir jausti jo puls\u0105\u201c, \u2013 kalb\u0117jo Laura Geistarde-\u0160ube, FIMA, i\u0161mani\u0173j\u0173 in\u017einerijos sprendim\u0173 \u012fmon\u0117s, Latvijos filialo atstov\u0117. L.\u00a0Geistarde-\u0160ube taip pat sak\u0117 tikinti, kad visi forumo dalyviai yra did\u017eiuli\u0173 transporto sektoriaus poky\u010di\u0173 liudininkai: \u201eManau, kad tai did\u017eiulis \u0161uolis \u012f ateit\u012f ir Europ\u0105\u201c.\" \/>\n<meta property=\"og:url\" content=\"https:\/\/www.railbaltica.org\/naujienos\/excitement-for-the-project-from-rail-baltica-potential-suppliers\/\" \/>\n<meta property=\"og:site_name\" content=\"RB\" \/>\n<meta property=\"article:modified_time\" content=\"2025-08-21T18:24:36+00:00\" \/>\n<meta property=\"og:image\" content=\"https:\/\/www.railbaltica.org\/wp-content\/uploads\/2025\/07\/IMG_4382.jpg\" \/>\n\t<meta property=\"og:image:width\" content=\"350\" \/>\n\t<meta property=\"og:image:height\" content=\"205\" \/>\n\t<meta property=\"og:image:type\" content=\"image\/jpeg\" \/>\n<meta name=\"twitter:card\" content=\"summary_large_image\" \/>\n<script type=\"application\/ld+json\" class=\"yoast-schema-graph\">{\"@context\":\"https:\\\/\\\/schema.org\",\"@graph\":[{\"@type\":\"WebPage\",\"@id\":\"https:\\\/\\\/www.railbaltica.org\\\/naujienos\\\/excitement-for-the-project-from-rail-baltica-potential-suppliers\\\/\",\"url\":\"https:\\\/\\\/www.railbaltica.org\\\/naujienos\\\/excitement-for-the-project-from-rail-baltica-potential-suppliers\\\/\",\"name\":\"Galimi tiek\u0117jai d\u017eiaugiasi d\u0117l Rail Baltica - RB\",\"isPartOf\":{\"@id\":\"https:\\\/\\\/www.railbaltica.org\\\/#website\"},\"primaryImageOfPage\":{\"@id\":\"https:\\\/\\\/www.railbaltica.org\\\/naujienos\\\/excitement-for-the-project-from-rail-baltica-potential-suppliers\\\/#primaryimage\"},\"image\":{\"@id\":\"https:\\\/\\\/www.railbaltica.org\\\/naujienos\\\/excitement-for-the-project-from-rail-baltica-potential-suppliers\\\/#primaryimage\"},\"thumbnailUrl\":\"https:\\\/\\\/www.railbaltica.org\\\/wp-content\\\/uploads\\\/2025\\\/07\\\/IMG_4382.jpg\",\"datePublished\":\"2017-05-23T07:44:55+00:00\",\"dateModified\":\"2025-08-21T18:24:36+00:00\",\"breadcrumb\":{\"@id\":\"https:\\\/\\\/www.railbaltica.org\\\/naujienos\\\/excitement-for-the-project-from-rail-baltica-potential-suppliers\\\/#breadcrumb\"},\"inLanguage\":\"lt-LT\",\"potentialAction\":[{\"@type\":\"ReadAction\",\"target\":[\"https:\\\/\\\/www.railbaltica.org\\\/naujienos\\\/excitement-for-the-project-from-rail-baltica-potential-suppliers\\\/\"]}]},{\"@type\":\"ImageObject\",\"inLanguage\":\"lt-LT\",\"@id\":\"https:\\\/\\\/www.railbaltica.org\\\/naujienos\\\/excitement-for-the-project-from-rail-baltica-potential-suppliers\\\/#primaryimage\",\"url\":\"https:\\\/\\\/www.railbaltica.org\\\/wp-content\\\/uploads\\\/2025\\\/07\\\/IMG_4382.jpg\",\"contentUrl\":\"https:\\\/\\\/www.railbaltica.org\\\/wp-content\\\/uploads\\\/2025\\\/07\\\/IMG_4382.jpg\",\"width\":350,\"height\":205},{\"@type\":\"BreadcrumbList\",\"@id\":\"https:\\\/\\\/www.railbaltica.org\\\/naujienos\\\/excitement-for-the-project-from-rail-baltica-potential-suppliers\\\/#breadcrumb\",\"itemListElement\":[{\"@type\":\"ListItem\",\"position\":1,\"name\":\"Home\",\"item\":\"https:\\\/\\\/www.railbaltica.org\\\/lt\\\/\"},{\"@type\":\"ListItem\",\"position\":2,\"name\":\"Galimi tiek\u0117jai d\u017eiaugiasi d\u0117l Rail Baltica\"}]},{\"@type\":\"WebSite\",\"@id\":\"https:\\\/\\\/www.railbaltica.org\\\/#website\",\"url\":\"https:\\\/\\\/www.railbaltica.org\\\/\",\"name\":\"RB\",\"description\":\"\",\"potentialAction\":[{\"@type\":\"SearchAction\",\"target\":{\"@type\":\"EntryPoint\",\"urlTemplate\":\"https:\\\/\\\/www.railbaltica.org\\\/?s={search_term_string}\"},\"query-input\":{\"@type\":\"PropertyValueSpecification\",\"valueRequired\":true,\"valueName\":\"search_term_string\"}}],\"inLanguage\":\"lt-LT\"}]}<\/script>\n<!-- \/ Yoast SEO plugin. -->","yoast_head_json":{"title":"Galimi tiek\u0117jai d\u017eiaugiasi d\u0117l Rail Baltica - RB","robots":{"index":"index","follow":"follow","max-snippet":"max-snippet:-1","max-image-preview":"max-image-preview:large","max-video-preview":"max-video-preview:-1"},"canonical":"https:\/\/www.railbaltica.org\/naujienos\/excitement-for-the-project-from-rail-baltica-potential-suppliers\/","og_locale":"lt_LT","og_type":"article","og_title":"Galimi tiek\u0117jai d\u017eiaugiasi d\u0117l Rail Baltica - RB","og_description":"\u201eForumas dav\u0117 ai\u0161k\u0173 signal\u0105, kad \u0161iuo megaprojektu susidom\u0117jo daugyb\u0117 organizacij\u0173, tai i\u0161ties \u2013 vienas i\u0161 ambicingiausi\u0173 \u0161io am\u017eiaus projekt\u0173. Labai svarbu b\u016bti \u010dia ir jausti jo puls\u0105\u201c, \u2013 kalb\u0117jo Laura Geistarde-\u0160ube, FIMA, i\u0161mani\u0173j\u0173 in\u017einerijos sprendim\u0173 \u012fmon\u0117s, Latvijos filialo atstov\u0117. L.\u00a0Geistarde-\u0160ube taip pat sak\u0117 tikinti, kad visi forumo dalyviai yra did\u017eiuli\u0173 transporto sektoriaus poky\u010di\u0173 liudininkai: \u201eManau, kad tai did\u017eiulis \u0161uolis \u012f ateit\u012f ir Europ\u0105\u201c.","og_url":"https:\/\/www.railbaltica.org\/naujienos\/excitement-for-the-project-from-rail-baltica-potential-suppliers\/","og_site_name":"RB","article_modified_time":"2025-08-21T18:24:36+00:00","og_image":[{"width":350,"height":205,"url":"https:\/\/www.railbaltica.org\/wp-content\/uploads\/2025\/07\/IMG_4382.jpg","type":"image\/jpeg"}],"twitter_card":"summary_large_image","schema":{"@context":"https:\/\/schema.org","@graph":[{"@type":"WebPage","@id":"https:\/\/www.railbaltica.org\/naujienos\/excitement-for-the-project-from-rail-baltica-potential-suppliers\/","url":"https:\/\/www.railbaltica.org\/naujienos\/excitement-for-the-project-from-rail-baltica-potential-suppliers\/","name":"Galimi tiek\u0117jai d\u017eiaugiasi d\u0117l Rail Baltica - RB","isPartOf":{"@id":"https:\/\/www.railbaltica.org\/#website"},"primaryImageOfPage":{"@id":"https:\/\/www.railbaltica.org\/naujienos\/excitement-for-the-project-from-rail-baltica-potential-suppliers\/#primaryimage"},"image":{"@id":"https:\/\/www.railbaltica.org\/naujienos\/excitement-for-the-project-from-rail-baltica-potential-suppliers\/#primaryimage"},"thumbnailUrl":"https:\/\/www.railbaltica.org\/wp-content\/uploads\/2025\/07\/IMG_4382.jpg","datePublished":"2017-05-23T07:44:55+00:00","dateModified":"2025-08-21T18:24:36+00:00","breadcrumb":{"@id":"https:\/\/www.railbaltica.org\/naujienos\/excitement-for-the-project-from-rail-baltica-potential-suppliers\/#breadcrumb"},"inLanguage":"lt-LT","potentialAction":[{"@type":"ReadAction","target":["https:\/\/www.railbaltica.org\/naujienos\/excitement-for-the-project-from-rail-baltica-potential-suppliers\/"]}]},{"@type":"ImageObject","inLanguage":"lt-LT","@id":"https:\/\/www.railbaltica.org\/naujienos\/excitement-for-the-project-from-rail-baltica-potential-suppliers\/#primaryimage","url":"https:\/\/www.railbaltica.org\/wp-content\/uploads\/2025\/07\/IMG_4382.jpg","contentUrl":"https:\/\/www.railbaltica.org\/wp-content\/uploads\/2025\/07\/IMG_4382.jpg","width":350,"height":205},{"@type":"BreadcrumbList","@id":"https:\/\/www.railbaltica.org\/naujienos\/excitement-for-the-project-from-rail-baltica-potential-suppliers\/#breadcrumb","itemListElement":[{"@type":"ListItem","position":1,"name":"Home","item":"https:\/\/www.railbaltica.org\/lt\/"},{"@type":"ListItem","position":2,"name":"Galimi tiek\u0117jai d\u017eiaugiasi d\u0117l Rail Baltica"}]},{"@type":"WebSite","@id":"https:\/\/www.railbaltica.org\/#website","url":"https:\/\/www.railbaltica.org\/","name":"RB","description":"","potentialAction":[{"@type":"SearchAction","target":{"@type":"EntryPoint","urlTemplate":"https:\/\/www.railbaltica.org\/?s={search_term_string}"},"query-input":{"@type":"PropertyValueSpecification","valueRequired":true,"valueName":"search_term_string"}}],"inLanguage":"lt-LT"}]}},"_links":{"self":[{"href":"https:\/\/www.railbaltica.org\/lt\/wp-json\/wp\/v2\/news\/11492","targetHints":{"allow":["GET"]}}],"collection":[{"href":"https:\/\/www.railbaltica.org\/lt\/wp-json\/wp\/v2\/news"}],"about":[{"href":"https:\/\/www.railbaltica.org\/lt\/wp-json\/wp\/v2\/types\/news"}],"wp:featuredmedia":[{"embeddable":true,"href":"https:\/\/www.railbaltica.org\/lt\/wp-json\/wp\/v2\/media\/11480"}],"wp:attachment":[{"href":"https:\/\/www.railbaltica.org\/lt\/wp-json\/wp\/v2\/media?parent=11492"}],"wp:term":[{"taxonomy":"news_category","embeddable":true,"href":"https:\/\/www.railbaltica.org\/lt\/wp-json\/wp\/v2\/news_category?post=11492"}],"curies":[{"name":"wp","href":"https:\/\/api.w.org\/{rel}","templated":true}]}}