{"id":12399,"date":"2019-11-25T09:51:11","date_gmt":"2019-11-25T09:51:11","guid":{"rendered":"https:\/\/www.railbaltica.org\/news\/aivar-jaeski-eesti-reaalne-samm-kliima-kaitseks-rongiga-tallinnast-berliini\/"},"modified":"2025-08-20T07:12:14","modified_gmt":"2025-08-20T07:12:14","slug":"aivar-jaeski-eesti-reaalne-samm-kliima-kaitseks-rongiga-tallinnast-berliini","status":"publish","type":"news","link":"https:\/\/www.railbaltica.org\/et\/uudised\/aivar-jaeski-eesti-reaalne-samm-kliima-kaitseks-rongiga-tallinnast-berliini\/","title":{"rendered":"Aivar Jaeski: Eesti reaalne samm kliima kaitseks &#8211; rongiga Tallinnast Berliini!"},"content":{"rendered":"<section\n    class=\"align wp-block-hero-page-block relative flex overflow-hidden z-10 mt-20 md:mt-52\"\n>\n            <div\n            class=\"container md:!px-14\"\n        >\n            <div\n                class=\"bg-dark text-white rounded p-4 md:p-10\"\n            >\n                                <div\n    class=\"flex justify-between border-t pt-2.5 my-5 text-sm\"\n>\n    <span>Uudised<\/span>\n    <ul\n        class=\"flex items-center gap-5\"\n    >\n        <li>\n            <a\n                href=\"https:\/\/www.facebook.com\/sharer\/sharer.php?u=https%3A%2F%2Fwww.railbaltica.org%2Fet%2Fuudised%2Faivar-jaeski-eesti-reaalne-samm-kliima-kaitseks-rongiga-tallinnast-berliini%2F\"\n                target=\"_blank\"\n                rel=\"noopener noreferrer\"\n                aria-label=\"Share on Facebook\"\n                class=\"transition-opacity hover:opacity-75\"\n            >\n                <svg\n                    width=\"20\"\n                    height=\"20\"\n                    viewBox=\"0 0 20 20\"\n                    fill=\"none\"\n                    xmlns=\"http:\/\/www.w3.org\/2000\/svg\"\n                >\n                    <path\n                        d=\"M7.5 6.66667H5V10H7.5V20H11.6667V10H14.7017L15 6.66667H11.6667V5.2775C11.6667 4.48167 11.8267 4.16667 12.5958 4.16667H15V0H11.8267C8.83 0 7.5 1.31917 7.5 3.84583V6.66667Z\"\n                        fill=\"white\"\n                    \/>\n                <\/svg>\n            <\/a>\n        <\/li>\n        <li>\n            <a\n                href=\"https:\/\/twitter.com\/intent\/tweet?url=https%3A%2F%2Fwww.railbaltica.org%2Fet%2Fuudised%2Faivar-jaeski-eesti-reaalne-samm-kliima-kaitseks-rongiga-tallinnast-berliini%2F&amp;text=Aivar+Jaeski%3A+Eesti+reaalne+samm+kliima+kaitseks+%26%238211%3B+rongiga+Tallinnast+Berliini%21\"\n                target=\"_blank\"\n                rel=\"noopener noreferrer\"\n                aria-label=\"Share on Twitter\"\n                class=\"transition-opacity hover:opacity-75\"\n            >\n                <svg\n                    width=\"20\"\n                    height=\"20\"\n                    viewBox=\"0 0 20 20\"\n                    fill=\"none\"\n                    xmlns=\"http:\/\/www.w3.org\/2000\/svg\"\n                >\n                    <path\n                        d=\"M14.7313 2.68748H17.238L11.763 8.88248L18.2038 17.3125H13.1597L9.20966 12.2L4.68966 17.3125H2.18299L8.03883 10.6866L1.86133 2.68665H7.03216L10.603 7.35998L14.7322 2.68665L14.7313 2.68748ZM13.8522 15.8275H15.2405L6.27716 4.09415H4.78716L13.8522 15.8275Z\"\n                        fill=\"white\"\n                    \/>\n                <\/svg>\n            <\/a>\n        <\/li>\n        <li>\n            <a\n                href=\"https:\/\/www.linkedin.com\/sharing\/share-offsite\/?url=https%3A%2F%2Fwww.railbaltica.org%2Fet%2Fuudised%2Faivar-jaeski-eesti-reaalne-samm-kliima-kaitseks-rongiga-tallinnast-berliini%2F\"\n                target=\"_blank\"\n                rel=\"noopener noreferrer\"\n                aria-label=\"Share on LinkedIn\"\n                class=\"transition-opacity hover:opacity-75\"\n            >\n                <svg\n                    width=\"20\"\n                    height=\"20\"\n                    viewBox=\"0 0 20 20\"\n                    fill=\"none\"\n                    xmlns=\"http:\/\/www.w3.org\/2000\/svg\"\n                >\n                    <path\n                        d=\"M18.4097 0.000139829H1.46998C1.27956 -0.00250476 1.09049 0.0323869 0.913553 0.102822C0.73662 0.173257 0.575295 0.277857 0.438791 0.410646C0.302287 0.543436 0.193279 0.701814 0.11799 0.876737C0.0427018 1.05166 0.00260836 1.2397 0 1.43012V18.5699C0.00260836 18.7603 0.0427018 18.9483 0.11799 19.1233C0.193279 19.2982 0.302287 19.4566 0.438791 19.5894C0.575295 19.7221 0.73662 19.8267 0.913553 19.8972C1.09049 19.9676 1.27956 20.0025 1.46998 19.9999H18.4097C18.6002 20.0025 18.7892 19.9676 18.9662 19.8972C19.1431 19.8267 19.3044 19.7221 19.4409 19.5894C19.5774 19.4566 19.6864 19.2982 19.7617 19.1233C19.837 18.9483 19.8771 18.7603 19.8797 18.5699V1.43012C19.8771 1.2397 19.837 1.05166 19.7617 0.876737C19.6864 0.701814 19.5774 0.543436 19.4409 0.410646C19.3044 0.277857 19.1431 0.173257 18.9662 0.102822C18.7892 0.0323869 18.6002 -0.00250476 18.4097 0.000139829ZM6.02992 16.7399H3.02996V7.74003H6.02992V16.7399ZM4.52994 6.48005C4.1162 6.48005 3.71942 6.31569 3.42687 6.02314C3.13431 5.73059 2.96996 5.3338 2.96996 4.92007C2.96996 4.50634 3.13431 4.10955 3.42687 3.817C3.71942 3.52445 4.1162 3.36009 4.52994 3.36009C4.74963 3.33518 4.97211 3.35695 5.1828 3.42398C5.3935 3.491 5.58766 3.60178 5.75258 3.74905C5.91749 3.89632 6.04944 4.07676 6.13979 4.27856C6.23013 4.48036 6.27683 4.69897 6.27683 4.92007C6.27683 5.14117 6.23013 5.35978 6.13979 5.56158C6.04944 5.76338 5.91749 5.94382 5.75258 6.09109C5.58766 6.23836 5.3935 6.34914 5.1828 6.41617C4.97211 6.48319 4.74963 6.50496 4.52994 6.48005ZM16.8498 16.7399H13.8498V11.91C13.8498 10.7 13.4198 9.91 12.3298 9.91C11.9925 9.91247 11.664 10.0183 11.3887 10.2132C11.1133 10.4081 10.9043 10.6827 10.7899 11C10.7116 11.235 10.6777 11.4826 10.6899 11.73V16.7299H7.68989V7.73003H10.6899V9.00001C10.9624 8.52713 11.3587 8.13755 11.8363 7.87323C12.3138 7.60892 12.8544 7.47989 13.3998 7.50003C15.3998 7.50003 16.8498 8.79002 16.8498 11.56V16.7399Z\"\n                        fill=\"white\"\n                    \/>\n                <\/svg>\n            <\/a>\n        <\/li>\n        <li>\n            <button\n                type=\"button\"\n                class=\"copy-url-btn relative my-auto flex transition-opacity hover:opacity-75\"\n                data-url=\"https:\/\/www.railbaltica.org\/et\/uudised\/aivar-jaeski-eesti-reaalne-samm-kliima-kaitseks-rongiga-tallinnast-berliini\/\"\n            >\n                <svg\n                    width=\"21\"\n                    height=\"21\"\n                    viewBox=\"0 0 21 21\"\n                    fill=\"none\"\n                    xmlns=\"http:\/\/www.w3.org\/2000\/svg\"\n                >\n                    <path\n                        d=\"M10.5205 20C15.7661 20 20 15.7455 20 10.4795C20 5.23392 15.7661 1 10.5205 1M10.5205 20C5.25446 20 1 15.7455 1 10.4795C1 5.23392 5.25446 1 10.5205 1M10.5205 20V1M18.7429 5.75H2.26324M18.7958 15.1345H2.21035M1.05135 10.5H19.9486M10.5103 20C13.1333 20 15.25 15.7455 15.25 10.4795C15.25 5.23392 13.1333 1 10.5103 1C7.87697 1 5.75 5.23392 5.75 10.4795C5.75 15.7455 7.87697 20 10.5103 20Z\"\n                        stroke=\"white\"\n                        stroke-linecap=\"round\"\n                        stroke-linejoin=\"round\"\n                    \/>\n                <\/svg>\n                <span\n                    class=\"absolute hidden translate-x-[-10px] translate-y-[30px]\"\n                >Copied!<\/span>\n            <\/button>\n        <\/li>\n    <\/ul>\n<\/div>\n\n                                    <time\n                        datetime=\"\"\n                        class=\"mb-2.5 flex text-xl text-blue\"\n                    >\n                        25.11.2019\n                    <\/time>\n                \n                                    <h1 class='h1 max-w-198'>\n            Aivar Jaeski: Eesti reaalne samm kliima kaitseks \u2013 rongiga Tallinnast Berliini!\n        <\/h1>\n                \n                            <\/div>\n        <\/div>\n    <\/section>\n\n<section\n    class=\"overflow-hidden py-5 md:pt-10 md:pb-5 align wp-block-excerpt-block\"\n>\n    <div\n        class=\"container relative flex flex-col items-start z-10 md:text-xl lg:!px-4\"\n    >\n                    <div\n                class=\"textual w-full text-dark text-xl lg:px-12 md:mx-auto md:max-w-222 md:text-xl\"\n            >\n                Meil on vedanud, et saame nautida nelja aastaaega. Lumised talved, p\u00e4ikeselised suved, kuldsed s\u00fcgised ja erksad kevaded on armsad k\u00f5igile.\n            <\/div>\n            <\/div>\n<\/section>\n<section\n    class=\"py-5 md:py-10 align wp-block-textual-block\"\n>\n    <div\n        class=\"container\"\n    >\n        <div\n            class=\"textual w-full text-xl text-dark break-words [&#038;_span]:!text-dark [&#038;_a]:!text-dark\"\n        >\n                            <header>\n<div class=\"intro richtext\">\n<p><b><\/b><\/p>\n<\/p><\/div>\n<\/header>\n<div class=\"content richtext\">\n\n                    <\/div>\n    <\/div>\n<\/section>\n\n\n<section\n    class=\"overflow-hidden py-5 md:pt-10 md:pb-5 align wp-block-image-block !pt-[0] !pb-[0]\"\n>\n    <div\n        class=\"container relative flex flex-col items-start z-10\"\n    >\n        <div\n            class=\"w-full text-lg text-dark\"\n        >\n                            <img decoding=\"async\"\n        src=\"https:\/\/www.railbaltica.org\/wp-content\/uploads\/2025\/08\/Aivar-Jaeski-Foto-1.jpg\"\n        alt=\"Aivar-Jaeski-Foto-1\"\n         title=\"Aivar-Jaeski-Foto-1\"         class=\"block w-auto h-auto max-w-full max-h-[600px]\"\n        loading=\"lazy\"\n    \/>\n                                <\/div>\n    <\/div>\n<\/section>\n\n\n<section\n    class=\"py-5 md:py-10 align wp-block-textual-block\"\n>\n    <div\n        class=\"container\"\n    >\n        <div\n            class=\"textual w-full text-xl text-dark break-words [&#038;_span]:!text-dark [&#038;_a]:!text-dark\"\n        >\n                            <p>Ehitame oma kodud ahjudega, et oleks soe. Meile meeldivad avarad aknad, et rohkem p\u00e4ikest saaks tubadesse paista. Meie kodude katused on tugevad, et kaitsta tormi ja vihma eest. Viimastel aastatel on nendele katustele tekkinud p\u00e4ikesepaneelid. Samuti ehitatakse majades \u00fcmber k\u00fcttes\u00fcsteemid, sest loodusrahvana on keskkond ning loodushoid meile olulised.<\/p>\n<p>Eesti keskkonnakorralduse ning ruumilise planeerimise konsultatsiooni ettev\u00f5te Hendrikson &amp; Ko koost\u00f6\u00f6s L\u00e4ti ettev\u00f5ttega SIA Vides Eksperti ja Leedu ettev\u00f5ttega DGE Baltic Soil and Environment viisid l\u00e4bi kliimamuutuste m\u00f5ju uuringu Rail Baltica raudteele. Selgus, et tulevikus ootavad meid soojemad temperatuurid nii talvel kui suvel. \u00dchtlasi toob kliimamuutus kaasa m\u00e4rjema lume, j\u00e4isema vihma, tugevamad sajud ja tormisemad suved.<\/p>\n<p>Need on muutused, mis m\u00f5jutavad moel v\u00f5i teisel meid k\u00f5iki. Erandiks pole ka taristuobjektid, sealhulgas Rail Baltica. Ehitame raudteed oma lastele, et see p\u00fcsiks j\u00e4rgmised sada aastat. Seega arvestame juba Rail Baltica projekteerimise faasis kliimamuutustega kaasnevate v\u00e4ljakutsetega ning rakendame meetmeid erinevate m\u00f5jude v\u00e4hendamiseks.<\/p>\n<p><b>V\u00e4hem s\u00fcsihappegaasi<\/b><\/p>\n<p>Seejuures on t\u00e4htis r\u00f5hutada, et Rail Baltica on ise oluline vahend kliimamuutuste m\u00f5ju leevendamiseks. Inimeste ja kaupade j\u00e4rjest vabam liikumine Euroopas toob kaasa reisijate- ja kaubamahu kasvu, mis t\u00e4hendab aina suuremat koormust transpordiv\u00f5rgule ning keskkonnale.<\/p>\n<p>Rail Baltica trassil hakkavad s\u00f5itma elektrirongid, mis eraldavad s\u00fcsihappegaasi v\u00f5rreldes t\u00e4naste fossiilk\u00fctust p\u00f5letavate rongidega m\u00e4rkimisv\u00e4\u00e4rselt v\u00e4hem. Kui kasutame Rail Baltica tarbeks rohelist energiat ehk tuulest, p\u00e4ikesest, merelainetest v\u00f5i biomassist toodetud elektrit, saame s\u00fcsihappegaasi emissiooni viia lausa nulli l\u00e4hedale. Samuti v\u00e4heneb s\u00fcsihappegaasi saaste mitmekordselt, kui osa kaubaveost liigub maanteelt keskkonnas\u00f5bralikule elektriraudteele. Efekt on suur ka \u00fcksikindiviidi tasandil. Eelistades autoga reisimise asemel elektrirongi, j\u00e4tame loodusesse k\u00fcmneid kordi v\u00e4iksema \u00f6koloogilise jalaj\u00e4lje.<\/p>\n<p><b>Uued kohtumised inimestega<\/b><\/p>\n<p>Modernne elektrifitseeritud kiirraudtee v\u00e4hendab oluliselt keskkonnareostust. Ometi m\u00f5jutab uue raudteeliini ehitamine loodust ja muudab kohalike elanike elukeskkonda. Selleks, et tagada minimaalne looduse kahjustumine ja maksimaalne kohalike kaasamine, oleme algatanud t\u00e4iendavad keskkonnam\u00f5jude hindamised, mille k\u00e4igus korraldame uuesti kohtumisi kohalike elanikega.<\/p>\n<p>Nendele kohtumistele eelnevad v\u00e4ljapanekud internetis iga hindamisele mineva l\u00f5igu kohta eraldi. Inimesed saavad kolme n\u00e4dala jooksul kommenteerida ja teha ettepanekuid trassi parendamiseks. Kohtumistel on v\u00f5imalus saada vastuseid k\u00fcsimustele ja infot selle kohta, mis nende kodukohas seoses Rail Baltica projekteerimisega toimuma hakkab. Seda ise\u00e4ranis keskkonnahoiu vaatevinklist. Esimesed v\u00e4ljapanekud ja kohtumised toimuvad l\u00e4hikuudel Raplamaal.<\/p>\n<p><b>Mineraalsed materjalid on Eestis olemas<\/b><\/p>\n<p>T\u00e4iendavalt on l\u00e4bi viidud uuring mineraalsete materjalide varude kohta kolmes Balti riigis. Uuringu keskne k\u00fcsimus oli, kas Rail Baltica ehitamise tarbeks maavarasid j\u00e4tkub. AS Teede Tehnokeskuse poolt 2017. aastal l\u00e4bi viidud uuring n\u00e4itas, et meil on piisavalt mineraalsete materjalide varusid, v\u00e4lja arvatud ballastkihti, mida tuleb importida Baltikumist v\u00e4ljaspoolt. Kohalikult saadaolevad mineraalsed materjalid on seejuures liiv, liivkruus, dolomiit ja lubjakivi. V\u00e4idetavalt pole meil P\u00f5hja-Eestis vaja Rail Baltica tarbeks avada t\u00e4iendavaid kaevandusi.<\/p>\n<p>Meile on loomup\u00e4rane olla umbusklik ja muretseda tuleviku p\u00e4rast. Enamasti on see t\u00e4iesti p\u00f5hjendatud ja v\u00f5imaldab oluliste k\u00fcsimustega tegeleda s\u00fcgavuti. Igasugune inimtegevus, olgu selleks m\u00f5ne uue tee, kraavi, elektriliini, gaasitrassi v\u00f5i kanalisatsiooni ehitus, kujundab \u00fcmber keskkonda, milles toimime. Siiski tagavad eelnevalt mainitud t\u00f6\u00f6d meile n\u00e4iteks elektri ning sooja vee ja toa. Teisis\u00f5nu mugavused.<\/p>\n<p><b>Eesti uus kuvand<\/b><\/p>\n<p>Rail Baltica ehitamine n\u00f5uab samuti ressursse. Ta muudab meie elukeskkonda ja harjumusi. Eestit tuntakse rahvusvaheliselt innovatiivse riigina, kus \u00e4ri saab ajada kiirelt ja ausalt, kus haridus on hinnatud ning euroopalik. Rail Baltica kiirraudtee ehitamine aitab edendada \u00e4ri ja rakendada tarkade inseneride innovaatilisi lahendusi. See on Eesti jaoks v\u00f5imalus enda kuvandit kinnistada.<\/p>\n<p>T\u00e4nased kliimamuutused on \u00f5igusega globaalselt \u00fcheks teravamaks teemaks. Peame hea seisma selle eest, et ka meie lastel, lastelastel ja nende j\u00e4rglastel oleks v\u00f5imalik nautida samasuguseid h\u00fcvesid nagu meie t\u00e4na. Rail Baltica on Balti regiooni sajandi taristuprojekt, millega saame anda suure panuse kliimamuutuste m\u00f5ju v\u00e4hendamiseks.<\/p>\n\n                    <\/div>\n    <\/div>\n<\/section>\n\n\n\n<section\n    class=\"overflow-hidden py-5 md:pt-5 md:pb-10 align wp-block-button-cta-block !pt-[0]\"\n>\n    <div\n        class=\"container w-full relative flex flex-col items-start z-10\"\n    >\n        <div\n            class=\"w-full border-t border-dark pt-5 mt-4 md:mt-5 md:pt-10\"\n        >\n        <\/div>\n\n                    <a\n        href=\"\/et\/uudised\/\"\n                class=\"btn-outline-dark mx-auto\"\n    >\n        \n        Tagasi k\u00f5igi uudiste juurde\n        \n        \n    <\/a>\n            <\/div>\n<\/section>\n","protected":false},"excerpt":{"rendered":"<p>Meil on vedanud, et saame nautida nelja aastaaega. Lumised talved, p\u00e4ikeselised suved, kuldsed s\u00fcgised ja erksad kevaded on armsad k\u00f5igile.<\/p>\n","protected":false},"featured_media":31719,"template":"","news_category":[],"class_list":["post-12399","news","type-news","status-publish","has-post-thumbnail","hentry"],"acf":[],"yoast_head":"<!-- This site is optimized with the Yoast SEO plugin v27.5 - https:\/\/yoast.com\/product\/yoast-seo-wordpress\/ -->\n<title>Aivar Jaeski: Eesti reaalne samm kliima kaitseks - rongiga Tallinnast Berliini! - RB<\/title>\n<meta name=\"robots\" content=\"index, follow, max-snippet:-1, max-image-preview:large, max-video-preview:-1\" \/>\n<link rel=\"canonical\" href=\"https:\/\/www.railbaltica.org\/et\/uudised\/aivar-jaeski-eesti-reaalne-samm-kliima-kaitseks-rongiga-tallinnast-berliini\/\" \/>\n<meta property=\"og:locale\" content=\"et_EE\" \/>\n<meta property=\"og:type\" content=\"article\" \/>\n<meta property=\"og:title\" content=\"Aivar Jaeski: Eesti reaalne samm kliima kaitseks - rongiga Tallinnast Berliini! - RB\" \/>\n<meta property=\"og:description\" content=\"Meil on vedanud, et saame nautida nelja aastaaega. Lumised talved, p\u00e4ikeselised suved, kuldsed s\u00fcgised ja erksad kevaded on armsad k\u00f5igile.\" \/>\n<meta property=\"og:url\" content=\"https:\/\/www.railbaltica.org\/et\/uudised\/aivar-jaeski-eesti-reaalne-samm-kliima-kaitseks-rongiga-tallinnast-berliini\/\" \/>\n<meta property=\"og:site_name\" content=\"RB\" \/>\n<meta property=\"article:modified_time\" content=\"2025-08-20T07:12:14+00:00\" \/>\n<meta property=\"og:image\" content=\"https:\/\/www.railbaltica.org\/wp-content\/uploads\/2025\/08\/Aivar-Jaeski-Foto-1.jpg\" \/>\n\t<meta property=\"og:image:width\" content=\"621\" \/>\n\t<meta property=\"og:image:height\" content=\"621\" \/>\n\t<meta property=\"og:image:type\" content=\"image\/jpeg\" \/>\n<meta name=\"twitter:card\" content=\"summary_large_image\" \/>\n<script type=\"application\/ld+json\" class=\"yoast-schema-graph\">{\"@context\":\"https:\\\/\\\/schema.org\",\"@graph\":[{\"@type\":\"WebPage\",\"@id\":\"https:\\\/\\\/www.railbaltica.org\\\/et\\\/uudised\\\/aivar-jaeski-eesti-reaalne-samm-kliima-kaitseks-rongiga-tallinnast-berliini\\\/\",\"url\":\"https:\\\/\\\/www.railbaltica.org\\\/et\\\/uudised\\\/aivar-jaeski-eesti-reaalne-samm-kliima-kaitseks-rongiga-tallinnast-berliini\\\/\",\"name\":\"Aivar Jaeski: Eesti reaalne samm kliima kaitseks - rongiga Tallinnast Berliini! - RB\",\"isPartOf\":{\"@id\":\"https:\\\/\\\/www.railbaltica.org\\\/#website\"},\"primaryImageOfPage\":{\"@id\":\"https:\\\/\\\/www.railbaltica.org\\\/et\\\/uudised\\\/aivar-jaeski-eesti-reaalne-samm-kliima-kaitseks-rongiga-tallinnast-berliini\\\/#primaryimage\"},\"image\":{\"@id\":\"https:\\\/\\\/www.railbaltica.org\\\/et\\\/uudised\\\/aivar-jaeski-eesti-reaalne-samm-kliima-kaitseks-rongiga-tallinnast-berliini\\\/#primaryimage\"},\"thumbnailUrl\":\"https:\\\/\\\/www.railbaltica.org\\\/wp-content\\\/uploads\\\/2025\\\/08\\\/Aivar-Jaeski-Foto-1.jpg\",\"datePublished\":\"2019-11-25T09:51:11+00:00\",\"dateModified\":\"2025-08-20T07:12:14+00:00\",\"breadcrumb\":{\"@id\":\"https:\\\/\\\/www.railbaltica.org\\\/et\\\/uudised\\\/aivar-jaeski-eesti-reaalne-samm-kliima-kaitseks-rongiga-tallinnast-berliini\\\/#breadcrumb\"},\"inLanguage\":\"et\",\"potentialAction\":[{\"@type\":\"ReadAction\",\"target\":[\"https:\\\/\\\/www.railbaltica.org\\\/et\\\/uudised\\\/aivar-jaeski-eesti-reaalne-samm-kliima-kaitseks-rongiga-tallinnast-berliini\\\/\"]}]},{\"@type\":\"ImageObject\",\"inLanguage\":\"et\",\"@id\":\"https:\\\/\\\/www.railbaltica.org\\\/et\\\/uudised\\\/aivar-jaeski-eesti-reaalne-samm-kliima-kaitseks-rongiga-tallinnast-berliini\\\/#primaryimage\",\"url\":\"https:\\\/\\\/www.railbaltica.org\\\/wp-content\\\/uploads\\\/2025\\\/08\\\/Aivar-Jaeski-Foto-1.jpg\",\"contentUrl\":\"https:\\\/\\\/www.railbaltica.org\\\/wp-content\\\/uploads\\\/2025\\\/08\\\/Aivar-Jaeski-Foto-1.jpg\",\"width\":621,\"height\":621},{\"@type\":\"BreadcrumbList\",\"@id\":\"https:\\\/\\\/www.railbaltica.org\\\/et\\\/uudised\\\/aivar-jaeski-eesti-reaalne-samm-kliima-kaitseks-rongiga-tallinnast-berliini\\\/#breadcrumb\",\"itemListElement\":[{\"@type\":\"ListItem\",\"position\":1,\"name\":\"Home\",\"item\":\"https:\\\/\\\/www.railbaltica.org\\\/et\\\/\"},{\"@type\":\"ListItem\",\"position\":2,\"name\":\"Aivar Jaeski: Eesti reaalne samm kliima kaitseks &#8211; rongiga Tallinnast Berliini!\"}]},{\"@type\":\"WebSite\",\"@id\":\"https:\\\/\\\/www.railbaltica.org\\\/#website\",\"url\":\"https:\\\/\\\/www.railbaltica.org\\\/\",\"name\":\"RB\",\"description\":\"\",\"potentialAction\":[{\"@type\":\"SearchAction\",\"target\":{\"@type\":\"EntryPoint\",\"urlTemplate\":\"https:\\\/\\\/www.railbaltica.org\\\/?s={search_term_string}\"},\"query-input\":{\"@type\":\"PropertyValueSpecification\",\"valueRequired\":true,\"valueName\":\"search_term_string\"}}],\"inLanguage\":\"et\"}]}<\/script>\n<!-- \/ Yoast SEO plugin. -->","yoast_head_json":{"title":"Aivar Jaeski: Eesti reaalne samm kliima kaitseks - rongiga Tallinnast Berliini! - RB","robots":{"index":"index","follow":"follow","max-snippet":"max-snippet:-1","max-image-preview":"max-image-preview:large","max-video-preview":"max-video-preview:-1"},"canonical":"https:\/\/www.railbaltica.org\/et\/uudised\/aivar-jaeski-eesti-reaalne-samm-kliima-kaitseks-rongiga-tallinnast-berliini\/","og_locale":"et_EE","og_type":"article","og_title":"Aivar Jaeski: Eesti reaalne samm kliima kaitseks - rongiga Tallinnast Berliini! - RB","og_description":"Meil on vedanud, et saame nautida nelja aastaaega. Lumised talved, p\u00e4ikeselised suved, kuldsed s\u00fcgised ja erksad kevaded on armsad k\u00f5igile.","og_url":"https:\/\/www.railbaltica.org\/et\/uudised\/aivar-jaeski-eesti-reaalne-samm-kliima-kaitseks-rongiga-tallinnast-berliini\/","og_site_name":"RB","article_modified_time":"2025-08-20T07:12:14+00:00","og_image":[{"width":621,"height":621,"url":"https:\/\/www.railbaltica.org\/wp-content\/uploads\/2025\/08\/Aivar-Jaeski-Foto-1.jpg","type":"image\/jpeg"}],"twitter_card":"summary_large_image","schema":{"@context":"https:\/\/schema.org","@graph":[{"@type":"WebPage","@id":"https:\/\/www.railbaltica.org\/et\/uudised\/aivar-jaeski-eesti-reaalne-samm-kliima-kaitseks-rongiga-tallinnast-berliini\/","url":"https:\/\/www.railbaltica.org\/et\/uudised\/aivar-jaeski-eesti-reaalne-samm-kliima-kaitseks-rongiga-tallinnast-berliini\/","name":"Aivar Jaeski: Eesti reaalne samm kliima kaitseks - rongiga Tallinnast Berliini! - RB","isPartOf":{"@id":"https:\/\/www.railbaltica.org\/#website"},"primaryImageOfPage":{"@id":"https:\/\/www.railbaltica.org\/et\/uudised\/aivar-jaeski-eesti-reaalne-samm-kliima-kaitseks-rongiga-tallinnast-berliini\/#primaryimage"},"image":{"@id":"https:\/\/www.railbaltica.org\/et\/uudised\/aivar-jaeski-eesti-reaalne-samm-kliima-kaitseks-rongiga-tallinnast-berliini\/#primaryimage"},"thumbnailUrl":"https:\/\/www.railbaltica.org\/wp-content\/uploads\/2025\/08\/Aivar-Jaeski-Foto-1.jpg","datePublished":"2019-11-25T09:51:11+00:00","dateModified":"2025-08-20T07:12:14+00:00","breadcrumb":{"@id":"https:\/\/www.railbaltica.org\/et\/uudised\/aivar-jaeski-eesti-reaalne-samm-kliima-kaitseks-rongiga-tallinnast-berliini\/#breadcrumb"},"inLanguage":"et","potentialAction":[{"@type":"ReadAction","target":["https:\/\/www.railbaltica.org\/et\/uudised\/aivar-jaeski-eesti-reaalne-samm-kliima-kaitseks-rongiga-tallinnast-berliini\/"]}]},{"@type":"ImageObject","inLanguage":"et","@id":"https:\/\/www.railbaltica.org\/et\/uudised\/aivar-jaeski-eesti-reaalne-samm-kliima-kaitseks-rongiga-tallinnast-berliini\/#primaryimage","url":"https:\/\/www.railbaltica.org\/wp-content\/uploads\/2025\/08\/Aivar-Jaeski-Foto-1.jpg","contentUrl":"https:\/\/www.railbaltica.org\/wp-content\/uploads\/2025\/08\/Aivar-Jaeski-Foto-1.jpg","width":621,"height":621},{"@type":"BreadcrumbList","@id":"https:\/\/www.railbaltica.org\/et\/uudised\/aivar-jaeski-eesti-reaalne-samm-kliima-kaitseks-rongiga-tallinnast-berliini\/#breadcrumb","itemListElement":[{"@type":"ListItem","position":1,"name":"Home","item":"https:\/\/www.railbaltica.org\/et\/"},{"@type":"ListItem","position":2,"name":"Aivar Jaeski: Eesti reaalne samm kliima kaitseks &#8211; rongiga Tallinnast Berliini!"}]},{"@type":"WebSite","@id":"https:\/\/www.railbaltica.org\/#website","url":"https:\/\/www.railbaltica.org\/","name":"RB","description":"","potentialAction":[{"@type":"SearchAction","target":{"@type":"EntryPoint","urlTemplate":"https:\/\/www.railbaltica.org\/?s={search_term_string}"},"query-input":{"@type":"PropertyValueSpecification","valueRequired":true,"valueName":"search_term_string"}}],"inLanguage":"et"}]}},"_links":{"self":[{"href":"https:\/\/www.railbaltica.org\/et\/wp-json\/wp\/v2\/news\/12399","targetHints":{"allow":["GET"]}}],"collection":[{"href":"https:\/\/www.railbaltica.org\/et\/wp-json\/wp\/v2\/news"}],"about":[{"href":"https:\/\/www.railbaltica.org\/et\/wp-json\/wp\/v2\/types\/news"}],"wp:featuredmedia":[{"embeddable":true,"href":"https:\/\/www.railbaltica.org\/et\/wp-json\/wp\/v2\/media\/31719"}],"wp:attachment":[{"href":"https:\/\/www.railbaltica.org\/et\/wp-json\/wp\/v2\/media?parent=12399"}],"wp:term":[{"taxonomy":"news_category","embeddable":true,"href":"https:\/\/www.railbaltica.org\/et\/wp-json\/wp\/v2\/news_category?post=12399"}],"curies":[{"name":"wp","href":"https:\/\/api.w.org\/{rel}","templated":true}]}}